{"id":156846,"date":"2021-07-22T11:37:05","date_gmt":"2021-07-22T09:37:05","guid":{"rendered":"https:\/\/acninternational.org\/?p=156846"},"modified":"2024-12-12T10:16:37","modified_gmt":"2024-12-12T09:16:37","slug":"que-te-sea-leve-la-mision-de-los-salesianos-en-estambul","status":"publish","type":"post","link":"https:\/\/acninternational.org\/es\/que-te-sea-leve-la-mision-de-los-salesianos-en-estambul\/","title":{"rendered":"\u00ab!Que te sea leve!\u00bb \u2013 La misi\u00f3n de los salesianos en Estambul"},"content":{"rendered":"<p>\u00abKolay gelsin\u00bb &#8211; \u00a1que te sea leve! \u2013 es un saludo t\u00edpico en las calles de Turqu\u00eda. Con esto, se desea a las personas que realizan trabajos pesados \u200b\u200bo duros un poco de alivio y facilidad para soportar las molestias. El padre Simon H\u00e4rting, salesiano alem\u00e1n, lo describe como un saludo muy cristiano y en realidad el resumen de su trabajo en Estambul, donde lleva activo desde hace tres a\u00f1os.<\/p>\n<p>Durante su visita a Ayuda a la Iglesia Necesitada (ACN), habla de Bomonti,\u00a0 barrio cristiano hist\u00f3ricamente tradicional que hoy se caracteriza por la inmigraci\u00f3n de un gran n\u00famero de familias de diferentes culturas. Los salesianos de don Bosco se involucran de diversas maneras en el vicariato apost\u00f3lico de Estambul, su principal campo de actividad es sin duda el trabajo pastoral y educativo con la pastoral de los emigrantes y refugiados en Bomonti.<\/p>\n<p>La mayor\u00eda ve a Turqu\u00eda como una escala para emigrar a Australia o Canad\u00e1, por ejemplo. \u201cSe habla mucho de los refugiados iraqu\u00edes o sirios, pero hay muchos m\u00e1s, por ejemplo, de Pakist\u00e1n, Nigeria, Burkina Faso, Mali o Costa de Marfil, por citar solo algunos, y se quedan durante a\u00f1os. A veces est\u00e1n seis o siete a\u00f1os esperando la visa\u201d, dice el padre Sim\u00f3n. Por eso, los salesianos se dedican a la educaci\u00f3n de los ni\u00f1os de estas familias y tienen una escuela para m\u00e1s de 400 ni\u00f1os y un peque\u00f1o centro juvenil para 40 j\u00f3venes en el campus de Evrim en Bomonti.<\/p>\n<figure id=\"attachment_156837\" aria-describedby=\"caption-attachment-156837\" style=\"width: 670px\" class=\"wp-caption aligncenter\"><img loading=\"lazy\" decoding=\"async\" class=\"wp-image-156837 size-full\" src=\"https:\/\/media.acninternational.org\/wp-content\/uploads\/2021\/07\/Father-Simon-Harting.jpg\" alt=\"El padre Simon H\u00e4rting.\" width=\"670\" height=\"400\" srcset=\"https:\/\/media.acninternational.org\/wp-content\/uploads\/2021\/07\/Father-Simon-Harting.jpg 670w, https:\/\/media.acninternational.org\/wp-content\/uploads\/2021\/07\/Father-Simon-Harting-300x179.jpg 300w\" sizes=\"auto, (max-width: 670px) 100vw, 670px\" \/><figcaption id=\"caption-attachment-156837\" class=\"wp-caption-text\">El padre Simon H\u00e4rting.<\/figcaption><\/figure>\n<p>Pero otra gran tarea pastoral es atender la pastoral de habla turca. Bomonti sol\u00eda estar en las afueras de la ciudad, pero hoy el coraz\u00f3n de Estambul late all\u00ed. La iglesia all\u00ed, Notre Dame de Lourdes, es la \u00fanica iglesia en Estambul que est\u00e1 dedicada exclusivamente a la comunidad cat\u00f3lica de habla turca. En otras parroquias, el turco va a la zaga del griego o el franc\u00e9s, ya que Estambul es una ciudad multicultural y multiling\u00fce.<\/p>\n<p>La ciudad se ha multiplicado por diez en los \u00faltimos 50 a\u00f1os y es una de las ciudades con m\u00e1s poblaci\u00f3n joven de Europa. En la parroquia de Notre Dame de Lourdes, los j\u00f3venes se preparan para su primera comuni\u00f3n, confirmaci\u00f3n o matrimonio. \u201cEn el vicariato de Estambul tenemos alrededor de 100 catec\u00famenos de muchos pa\u00edses, incluidos turcos e iran\u00edes. Convertirse no est\u00e1 prohibido aqu\u00ed. La aceptaci\u00f3n social var\u00eda seg\u00fan el caso. A veces son expulsados de sus familias y rechazados en su circulo de amigos, otras no experimentan ning\u00fan problema e incluso hay casos en los que toda la familia decide hacerse cristiana\u201d, dice el padre Sim\u00f3n.<\/p>\n<p>Sin embargo, se necesitan con urgencia locales adecuados para esta pastoral y, por tanto, los salesianos, con la ayuda de los bienhechores de la ACN, quieren construir una nueva parroquia y centro social en las instalaciones del Campus Evrim. El nuevo centro est\u00e1 destinado a beneficiar a todos, tanto locales como inmigrantes,\u00a0 tambi\u00e9n servir\u00e1 como intercambio intercultural para los j\u00f3venes del distrito.<\/p>\n<p>Muchos de los que acuden a buscar consuelo en los salesianos han tenido una experiencia muy traum\u00e1tica a sus espaldas o viven en estructuras sociales muy fr\u00e1giles. Pero el gran drama a menudo se produce cuando quieren salir de Turqu\u00eda porque ya no tienen la paciencia para esperar una visa. \u201cMe siento mal cuando vienen a verme despu\u00e9s de la misa dominical y me piden una bendici\u00f3n para viajar. S\u00e9 hacia d\u00f3nde va el viaje y que no siempre termina bien\u201d, dice el padre Sim\u00f3n.<\/p>\n<p>\u201cMuchos de los refugiados llevan una carga muy pesada con ellos y les resulta dif\u00edcil de soportar. El centro quiere ser como ese \u201cKolay gelsin\u201d, un alivio, una bendici\u00f3n para ellos\u201d, explica el padre Sim\u00f3n. Por eso, el salesiano se siente inspirado por ese saludo t\u00edpico en Turqu\u00eda: \u201cKolay gelsin \u2013 Quiera Dios que venga alivio &#8211; Esta es nuestra vocaci\u00f3n, aliviarnos unos a otros y llevar la salvaci\u00f3n al mundo para todos. Traer salvaci\u00f3n y sanaci\u00f3n, eso es lo que queremos conseguir con el nuevo centro en el Evrim Campus\u201d.<\/p>\n<p>&nbsp;<\/p>\n<p style=\"text-align: left;\">Por <strong>Maria Lozano<\/strong>.<\/p>\n","protected":false},"excerpt":{"rendered":"<p>Los salesianos en Bomonti, Turqu\u00eda, brindan educaci\u00f3n y apoyo pastoral a m\u00e1s de 400 ni\u00f1os y 40 j\u00f3venes inmigrantes y refugiados.<\/p>\n","protected":false},"author":4258341447,"featured_media":156843,"comment_status":"closed","ping_status":"closed","sticky":false,"template":"","format":"standard","meta":{"_acf_changed":false,"_acn_coauthor_ids":[],"footnotes":""},"categories":[721,1254,714],"tags":[],"country":[857],"class_list":["post-156846","post","type-post","status-publish","format-standard","has-post-thumbnail","hentry","category-construccion","category-news-es","category-proyecto","country-turquia"],"acn_coauthors":[],"acf":[],"yoast_head":"<!-- This site is optimized with the Yoast SEO Premium plugin v27.3 (Yoast SEO v27.3) - https:\/\/yoast.com\/product\/yoast-seo-premium-wordpress\/ -->\n<title>&quot;!Que te sea leve!&quot; \u2013 La misi\u00f3n de los salesianos en Estambul | ACN International<\/title>\n<meta name=\"description\" content=\"Los salesianos en Bomonti, Turqu\u00eda, brindan educaci\u00f3n y apoyo pastoral a m\u00e1s de 400 ni\u00f1os y 40 j\u00f3venes inmigrantes y refugiados.\" \/>\n<meta name=\"robots\" content=\"index, follow, max-snippet:-1, max-image-preview:large, max-video-preview:-1\" \/>\n<link rel=\"canonical\" href=\"https:\/\/acninternational.org\/es\/que-te-sea-leve-la-mision-de-los-salesianos-en-estambul\/\" \/>\n<meta property=\"og:locale\" content=\"es_ES\" \/>\n<meta property=\"og:type\" content=\"article\" \/>\n<meta property=\"og:title\" content=\"&quot;!Que te sea leve!&quot; \u2013 La misi\u00f3n de los salesianos en Estambul\" \/>\n<meta property=\"og:description\" content=\"Los salesianos en Bomonti, Turqu\u00eda, brindan educaci\u00f3n y apoyo pastoral a m\u00e1s de 400 ni\u00f1os y 40 j\u00f3venes inmigrantes y refugiados.\" \/>\n<meta property=\"og:url\" content=\"https:\/\/acninternational.org\/es\/que-te-sea-leve-la-mision-de-los-salesianos-en-estambul\/\" \/>\n<meta property=\"og:site_name\" content=\"ACN International\" \/>\n<meta property=\"article:publisher\" content=\"https:\/\/www.facebook.com\/acninternationalorg\" \/>\n<meta property=\"article:published_time\" content=\"2021-07-22T09:37:05+00:00\" \/>\n<meta property=\"article:modified_time\" content=\"2024-12-12T09:16:37+00:00\" \/>\n<meta property=\"og:image\" content=\"https:\/\/media.acninternational.org\/wp-content\/uploads\/2021\/07\/Turkey.jpg\" \/>\n\t<meta property=\"og:image:width\" content=\"1400\" \/>\n\t<meta property=\"og:image:height\" content=\"438\" \/>\n\t<meta property=\"og:image:type\" content=\"image\/jpeg\" \/>\n<meta name=\"author\" content=\"ACN Press Team\" \/>\n<meta name=\"twitter:card\" content=\"summary_large_image\" \/>\n<meta name=\"twitter:creator\" content=\"@acn_int\" \/>\n<meta name=\"twitter:site\" content=\"@acn_int\" \/>\n<meta name=\"twitter:label1\" content=\"Escrito por\" \/>\n\t<meta name=\"twitter:data1\" content=\"ACN Press Team\" \/>\n\t<meta name=\"twitter:label2\" content=\"Tiempo de lectura\" \/>\n\t<meta name=\"twitter:data2\" content=\"4 minutos\" \/>\n<script type=\"application\/ld+json\" class=\"yoast-schema-graph\">{\"@context\":\"https:\\\/\\\/schema.org\",\"@graph\":[{\"@type\":\"Article\",\"@id\":\"https:\\\/\\\/acninternational.org\\\/es\\\/que-te-sea-leve-la-mision-de-los-salesianos-en-estambul\\\/#article\",\"isPartOf\":{\"@id\":\"https:\\\/\\\/acninternational.org\\\/es\\\/que-te-sea-leve-la-mision-de-los-salesianos-en-estambul\\\/\"},\"author\":{\"name\":\"ACN Press Team\",\"@id\":\"https:\\\/\\\/acninternational.org\\\/es\\\/#\\\/schema\\\/person\\\/7f3dafb236b242fb2aa46be1411fd703\"},\"headline\":\"\u00ab!Que te sea leve!\u00bb \u2013 La misi\u00f3n de los salesianos en Estambul\",\"datePublished\":\"2021-07-22T09:37:05+00:00\",\"dateModified\":\"2024-12-12T09:16:37+00:00\",\"mainEntityOfPage\":{\"@id\":\"https:\\\/\\\/acninternational.org\\\/es\\\/que-te-sea-leve-la-mision-de-los-salesianos-en-estambul\\\/\"},\"wordCount\":750,\"publisher\":{\"@id\":\"https:\\\/\\\/acninternational.org\\\/es\\\/#organization\"},\"image\":{\"@id\":\"https:\\\/\\\/acninternational.org\\\/es\\\/que-te-sea-leve-la-mision-de-los-salesianos-en-estambul\\\/#primaryimage\"},\"thumbnailUrl\":\"https:\\\/\\\/media.acninternational.org\\\/wp-content\\\/uploads\\\/2021\\\/07\\\/Turkey.jpg\",\"articleSection\":[\"CONSTRUCCI\u00d3N\",\"NOTICIAS\",\"PROYECTO\"],\"inLanguage\":\"es\"},{\"@type\":\"WebPage\",\"@id\":\"https:\\\/\\\/acninternational.org\\\/es\\\/que-te-sea-leve-la-mision-de-los-salesianos-en-estambul\\\/\",\"url\":\"https:\\\/\\\/acninternational.org\\\/es\\\/que-te-sea-leve-la-mision-de-los-salesianos-en-estambul\\\/\",\"name\":\"\\\"!Que te sea leve!\\\" \u2013 La misi\u00f3n de los salesianos en Estambul | ACN International\",\"isPartOf\":{\"@id\":\"https:\\\/\\\/acninternational.org\\\/es\\\/#website\"},\"primaryImageOfPage\":{\"@id\":\"https:\\\/\\\/acninternational.org\\\/es\\\/que-te-sea-leve-la-mision-de-los-salesianos-en-estambul\\\/#primaryimage\"},\"image\":{\"@id\":\"https:\\\/\\\/acninternational.org\\\/es\\\/que-te-sea-leve-la-mision-de-los-salesianos-en-estambul\\\/#primaryimage\"},\"thumbnailUrl\":\"https:\\\/\\\/media.acninternational.org\\\/wp-content\\\/uploads\\\/2021\\\/07\\\/Turkey.jpg\",\"datePublished\":\"2021-07-22T09:37:05+00:00\",\"dateModified\":\"2024-12-12T09:16:37+00:00\",\"description\":\"Los salesianos en Bomonti, Turqu\u00eda, brindan educaci\u00f3n y apoyo pastoral a m\u00e1s de 400 ni\u00f1os y 40 j\u00f3venes inmigrantes y refugiados.\",\"breadcrumb\":{\"@id\":\"https:\\\/\\\/acninternational.org\\\/es\\\/que-te-sea-leve-la-mision-de-los-salesianos-en-estambul\\\/#breadcrumb\"},\"inLanguage\":\"es\",\"potentialAction\":[{\"@type\":\"ReadAction\",\"target\":[\"https:\\\/\\\/acninternational.org\\\/es\\\/que-te-sea-leve-la-mision-de-los-salesianos-en-estambul\\\/\"]}]},{\"@type\":\"ImageObject\",\"inLanguage\":\"es\",\"@id\":\"https:\\\/\\\/acninternational.org\\\/es\\\/que-te-sea-leve-la-mision-de-los-salesianos-en-estambul\\\/#primaryimage\",\"url\":\"https:\\\/\\\/media.acninternational.org\\\/wp-content\\\/uploads\\\/2021\\\/07\\\/Turkey.jpg\",\"contentUrl\":\"https:\\\/\\\/media.acninternational.org\\\/wp-content\\\/uploads\\\/2021\\\/07\\\/Turkey.jpg\",\"width\":1400,\"height\":438},{\"@type\":\"BreadcrumbList\",\"@id\":\"https:\\\/\\\/acninternational.org\\\/es\\\/que-te-sea-leve-la-mision-de-los-salesianos-en-estambul\\\/#breadcrumb\",\"itemListElement\":[{\"@type\":\"ListItem\",\"position\":1,\"name\":\"Home\",\"item\":\"https:\\\/\\\/acninternational.org\\\/es\\\/\"},{\"@type\":\"ListItem\",\"position\":2,\"name\":\"NOTICIAS\",\"item\":\"https:\\\/\\\/acninternational.org\\\/es\\\/category\\\/news-es\\\/\"},{\"@type\":\"ListItem\",\"position\":3,\"name\":\"\u00ab!Que te sea leve!\u00bb \u2013 La misi\u00f3n de los salesianos en Estambul\"}]},{\"@type\":\"WebSite\",\"@id\":\"https:\\\/\\\/acninternational.org\\\/es\\\/#website\",\"url\":\"https:\\\/\\\/acninternational.org\\\/es\\\/\",\"name\":\"ACN International\",\"description\":\"\",\"publisher\":{\"@id\":\"https:\\\/\\\/acninternational.org\\\/es\\\/#organization\"},\"potentialAction\":[{\"@type\":\"SearchAction\",\"target\":{\"@type\":\"EntryPoint\",\"urlTemplate\":\"https:\\\/\\\/acninternational.org\\\/es\\\/?s={search_term_string}\"},\"query-input\":{\"@type\":\"PropertyValueSpecification\",\"valueRequired\":true,\"valueName\":\"search_term_string\"}}],\"inLanguage\":\"es\"},{\"@type\":\"Organization\",\"@id\":\"https:\\\/\\\/acninternational.org\\\/es\\\/#organization\",\"name\":\"Aid to the Church in Need International\",\"url\":\"https:\\\/\\\/acninternational.org\\\/es\\\/\",\"logo\":{\"@type\":\"ImageObject\",\"inLanguage\":\"es\",\"@id\":\"https:\\\/\\\/acninternational.org\\\/es\\\/#\\\/schema\\\/logo\\\/image\\\/\",\"url\":\"https:\\\/\\\/media.acninternational.org\\\/wp-content\\\/uploads\\\/2019\\\/11\\\/acn_logo_blackvector.svg\",\"contentUrl\":\"https:\\\/\\\/media.acninternational.org\\\/wp-content\\\/uploads\\\/2019\\\/11\\\/acn_logo_blackvector.svg\",\"width\":232.6,\"height\":78,\"caption\":\"Aid to the Church in Need International\"},\"image\":{\"@id\":\"https:\\\/\\\/acninternational.org\\\/es\\\/#\\\/schema\\\/logo\\\/image\\\/\"},\"sameAs\":[\"https:\\\/\\\/www.facebook.com\\\/acninternationalorg\",\"https:\\\/\\\/x.com\\\/acn_int\",\"https:\\\/\\\/www.youtube.com\\\/channel\\\/UCQ-077gS0TnVzkhHmf1opZw\",\"https:\\\/\\\/www.instagram.com\\\/acn_international\\\/\"]},{\"@type\":\"Person\",\"@id\":\"https:\\\/\\\/acninternational.org\\\/es\\\/#\\\/schema\\\/person\\\/7f3dafb236b242fb2aa46be1411fd703\",\"name\":\"ACN Press Team\",\"description\":\"Lorem ipsum dolor sit amet, consectetur adipiscing elit, sed do eiusmod tempor incididunt ut labore et dolore magna aliqua. Ut enim ad minim veniam, quis nostrud exercitation ullamco laboris nisi ut aliquip ex ea commodo consequat.\",\"url\":\"https:\\\/\\\/acninternational.org\\\/es\\\/author\\\/acn-press-team\\\/\"}]}<\/script>\n<!-- \/ Yoast SEO Premium plugin. -->","yoast_head_json":{"title":"\"!Que te sea leve!\" \u2013 La misi\u00f3n de los salesianos en Estambul | ACN International","description":"Los salesianos en Bomonti, Turqu\u00eda, brindan educaci\u00f3n y apoyo pastoral a m\u00e1s de 400 ni\u00f1os y 40 j\u00f3venes inmigrantes y refugiados.","robots":{"index":"index","follow":"follow","max-snippet":"max-snippet:-1","max-image-preview":"max-image-preview:large","max-video-preview":"max-video-preview:-1"},"canonical":"https:\/\/acninternational.org\/es\/que-te-sea-leve-la-mision-de-los-salesianos-en-estambul\/","og_locale":"es_ES","og_type":"article","og_title":"\"!Que te sea leve!\" \u2013 La misi\u00f3n de los salesianos en Estambul","og_description":"Los salesianos en Bomonti, Turqu\u00eda, brindan educaci\u00f3n y apoyo pastoral a m\u00e1s de 400 ni\u00f1os y 40 j\u00f3venes inmigrantes y refugiados.","og_url":"https:\/\/acninternational.org\/es\/que-te-sea-leve-la-mision-de-los-salesianos-en-estambul\/","og_site_name":"ACN International","article_publisher":"https:\/\/www.facebook.com\/acninternationalorg","article_published_time":"2021-07-22T09:37:05+00:00","article_modified_time":"2024-12-12T09:16:37+00:00","og_image":[{"width":1400,"height":438,"url":"https:\/\/media.acninternational.org\/wp-content\/uploads\/2021\/07\/Turkey.jpg","type":"image\/jpeg"}],"author":"ACN Press Team","twitter_card":"summary_large_image","twitter_creator":"@acn_int","twitter_site":"@acn_int","twitter_misc":{"Escrito por":"ACN Press Team","Tiempo de lectura":"4 minutos"},"schema":{"@context":"https:\/\/schema.org","@graph":[{"@type":"Article","@id":"https:\/\/acninternational.org\/es\/que-te-sea-leve-la-mision-de-los-salesianos-en-estambul\/#article","isPartOf":{"@id":"https:\/\/acninternational.org\/es\/que-te-sea-leve-la-mision-de-los-salesianos-en-estambul\/"},"author":{"name":"ACN Press Team","@id":"https:\/\/acninternational.org\/es\/#\/schema\/person\/7f3dafb236b242fb2aa46be1411fd703"},"headline":"\u00ab!Que te sea leve!\u00bb \u2013 La misi\u00f3n de los salesianos en Estambul","datePublished":"2021-07-22T09:37:05+00:00","dateModified":"2024-12-12T09:16:37+00:00","mainEntityOfPage":{"@id":"https:\/\/acninternational.org\/es\/que-te-sea-leve-la-mision-de-los-salesianos-en-estambul\/"},"wordCount":750,"publisher":{"@id":"https:\/\/acninternational.org\/es\/#organization"},"image":{"@id":"https:\/\/acninternational.org\/es\/que-te-sea-leve-la-mision-de-los-salesianos-en-estambul\/#primaryimage"},"thumbnailUrl":"https:\/\/media.acninternational.org\/wp-content\/uploads\/2021\/07\/Turkey.jpg","articleSection":["CONSTRUCCI\u00d3N","NOTICIAS","PROYECTO"],"inLanguage":"es"},{"@type":"WebPage","@id":"https:\/\/acninternational.org\/es\/que-te-sea-leve-la-mision-de-los-salesianos-en-estambul\/","url":"https:\/\/acninternational.org\/es\/que-te-sea-leve-la-mision-de-los-salesianos-en-estambul\/","name":"\"!Que te sea leve!\" \u2013 La misi\u00f3n de los salesianos en Estambul | ACN International","isPartOf":{"@id":"https:\/\/acninternational.org\/es\/#website"},"primaryImageOfPage":{"@id":"https:\/\/acninternational.org\/es\/que-te-sea-leve-la-mision-de-los-salesianos-en-estambul\/#primaryimage"},"image":{"@id":"https:\/\/acninternational.org\/es\/que-te-sea-leve-la-mision-de-los-salesianos-en-estambul\/#primaryimage"},"thumbnailUrl":"https:\/\/media.acninternational.org\/wp-content\/uploads\/2021\/07\/Turkey.jpg","datePublished":"2021-07-22T09:37:05+00:00","dateModified":"2024-12-12T09:16:37+00:00","description":"Los salesianos en Bomonti, Turqu\u00eda, brindan educaci\u00f3n y apoyo pastoral a m\u00e1s de 400 ni\u00f1os y 40 j\u00f3venes inmigrantes y refugiados.","breadcrumb":{"@id":"https:\/\/acninternational.org\/es\/que-te-sea-leve-la-mision-de-los-salesianos-en-estambul\/#breadcrumb"},"inLanguage":"es","potentialAction":[{"@type":"ReadAction","target":["https:\/\/acninternational.org\/es\/que-te-sea-leve-la-mision-de-los-salesianos-en-estambul\/"]}]},{"@type":"ImageObject","inLanguage":"es","@id":"https:\/\/acninternational.org\/es\/que-te-sea-leve-la-mision-de-los-salesianos-en-estambul\/#primaryimage","url":"https:\/\/media.acninternational.org\/wp-content\/uploads\/2021\/07\/Turkey.jpg","contentUrl":"https:\/\/media.acninternational.org\/wp-content\/uploads\/2021\/07\/Turkey.jpg","width":1400,"height":438},{"@type":"BreadcrumbList","@id":"https:\/\/acninternational.org\/es\/que-te-sea-leve-la-mision-de-los-salesianos-en-estambul\/#breadcrumb","itemListElement":[{"@type":"ListItem","position":1,"name":"Home","item":"https:\/\/acninternational.org\/es\/"},{"@type":"ListItem","position":2,"name":"NOTICIAS","item":"https:\/\/acninternational.org\/es\/category\/news-es\/"},{"@type":"ListItem","position":3,"name":"\u00ab!Que te sea leve!\u00bb \u2013 La misi\u00f3n de los salesianos en Estambul"}]},{"@type":"WebSite","@id":"https:\/\/acninternational.org\/es\/#website","url":"https:\/\/acninternational.org\/es\/","name":"ACN International","description":"","publisher":{"@id":"https:\/\/acninternational.org\/es\/#organization"},"potentialAction":[{"@type":"SearchAction","target":{"@type":"EntryPoint","urlTemplate":"https:\/\/acninternational.org\/es\/?s={search_term_string}"},"query-input":{"@type":"PropertyValueSpecification","valueRequired":true,"valueName":"search_term_string"}}],"inLanguage":"es"},{"@type":"Organization","@id":"https:\/\/acninternational.org\/es\/#organization","name":"Aid to the Church in Need International","url":"https:\/\/acninternational.org\/es\/","logo":{"@type":"ImageObject","inLanguage":"es","@id":"https:\/\/acninternational.org\/es\/#\/schema\/logo\/image\/","url":"https:\/\/media.acninternational.org\/wp-content\/uploads\/2019\/11\/acn_logo_blackvector.svg","contentUrl":"https:\/\/media.acninternational.org\/wp-content\/uploads\/2019\/11\/acn_logo_blackvector.svg","width":232.6,"height":78,"caption":"Aid to the Church in Need International"},"image":{"@id":"https:\/\/acninternational.org\/es\/#\/schema\/logo\/image\/"},"sameAs":["https:\/\/www.facebook.com\/acninternationalorg","https:\/\/x.com\/acn_int","https:\/\/www.youtube.com\/channel\/UCQ-077gS0TnVzkhHmf1opZw","https:\/\/www.instagram.com\/acn_international\/"]},{"@type":"Person","@id":"https:\/\/acninternational.org\/es\/#\/schema\/person\/7f3dafb236b242fb2aa46be1411fd703","name":"ACN Press Team","description":"Lorem ipsum dolor sit amet, consectetur adipiscing elit, sed do eiusmod tempor incididunt ut labore et dolore magna aliqua. Ut enim ad minim veniam, quis nostrud exercitation ullamco laboris nisi ut aliquip ex ea commodo consequat.","url":"https:\/\/acninternational.org\/es\/author\/acn-press-team\/"}]}},"_links":{"self":[{"href":"https:\/\/acninternational.org\/es\/wp-json\/wp\/v2\/posts\/156846","targetHints":{"allow":["GET"]}}],"collection":[{"href":"https:\/\/acninternational.org\/es\/wp-json\/wp\/v2\/posts"}],"about":[{"href":"https:\/\/acninternational.org\/es\/wp-json\/wp\/v2\/types\/post"}],"author":[{"embeddable":true,"href":"https:\/\/acninternational.org\/es\/wp-json\/wp\/v2\/users\/4258341447"}],"replies":[{"embeddable":true,"href":"https:\/\/acninternational.org\/es\/wp-json\/wp\/v2\/comments?post=156846"}],"version-history":[{"count":0,"href":"https:\/\/acninternational.org\/es\/wp-json\/wp\/v2\/posts\/156846\/revisions"}],"wp:featuredmedia":[{"embeddable":true,"href":"https:\/\/acninternational.org\/es\/wp-json\/wp\/v2\/media\/156843"}],"wp:attachment":[{"href":"https:\/\/acninternational.org\/es\/wp-json\/wp\/v2\/media?parent=156846"}],"wp:term":[{"taxonomy":"category","embeddable":true,"href":"https:\/\/acninternational.org\/es\/wp-json\/wp\/v2\/categories?post=156846"},{"taxonomy":"post_tag","embeddable":true,"href":"https:\/\/acninternational.org\/es\/wp-json\/wp\/v2\/tags?post=156846"},{"taxonomy":"country","embeddable":true,"href":"https:\/\/acninternational.org\/es\/wp-json\/wp\/v2\/country?post=156846"}],"curies":[{"name":"wp","href":"https:\/\/api.w.org\/{rel}","templated":true}]}}