{"id":156340,"date":"2021-07-19T09:35:20","date_gmt":"2021-07-19T07:35:20","guid":{"rendered":"https:\/\/acninternational.org\/?p=156340"},"modified":"2021-07-19T09:37:43","modified_gmt":"2021-07-19T07:37:43","slug":"republica-democratica-del-congo-monja-secuestrada-liberada","status":"publish","type":"post","link":"https:\/\/acninternational.org\/es\/republica-democratica-del-congo-monja-secuestrada-liberada\/","title":{"rendered":"Rep\u00fablica Democr\u00e1tica del Congo: Monja secuestrada liberada"},"content":{"rendered":"<p>La hermana Francine, secuestrada el 8 de julio en Goma, al Este de la Rep\u00fablica Democr\u00e1tica del Congo, vuelve a estar libre. As\u00ed lo anunci\u00f3 su comunidad religiosa, las \u00abHijas de la Resurrecci\u00f3n\u00bb, a la fundaci\u00f3n pontificia internacional \u00abAid to the Church in Need\u00bb (ACN).<\/p>\n<p>La religiosa est\u00e1 f\u00edsicamente bien, pero traumatizada. La comunidad no revel\u00f3 ning\u00fan detalle sobre los antecedentes del secuestro y la r\u00e1pida liberaci\u00f3n. La hermana Francine fue raptada el jueves de la semana pasada mientras compraba en el mercado de Goma. Un poco m\u00e1s tarde, los secuestradores contactaron a la iglesia local. La provincia de Kivu ha sido devastada por milicias y bandas criminales durante a\u00f1os. Se mezclan conflictos \u00e9tnicos, el radicalismo isl\u00e1mico y la lucha por los recursos naturales.<\/p>\n<figure id=\"attachment_156338\" aria-describedby=\"caption-attachment-156338\" style=\"width: 670px\" class=\"wp-caption alignnone\"><img loading=\"lazy\" decoding=\"async\" class=\"wp-image-156338 size-full\" src=\"https:\/\/media.acninternational.org\/wp-content\/uploads\/2021\/07\/Sister-Francine_Democratic-republic-of-Congo.jpg\" alt=\"Regina Lynch, directora de proyectos de ACN, y Hermana Francine. \" width=\"670\" height=\"400\" srcset=\"https:\/\/media.acninternational.org\/wp-content\/uploads\/2021\/07\/Sister-Francine_Democratic-republic-of-Congo.jpg 670w, https:\/\/media.acninternational.org\/wp-content\/uploads\/2021\/07\/Sister-Francine_Democratic-republic-of-Congo-300x179.jpg 300w\" sizes=\"auto, (max-width: 670px) 100vw, 670px\" \/><figcaption id=\"caption-attachment-156338\" class=\"wp-caption-text\">Regina Lynch, directora de proyectos de ACN, y Hermana Francine.<\/figcaption><\/figure>\n<p><strong>Secuestro como arma de guerra<\/strong><\/p>\n<p>\u00abEstamos muy contentos de que la hermana Francine est\u00e9 sana y salva y haya vuelto con su comunidad nuevamente\u00bb, dijo Regina Lynch, directora de proyectos de Aid to the Church in Need (ACN) International.<\/p>\n<p>\u00abDesafortunadamente, vemos que los secuestros, especialmente de sacerdotes y religiosos, se han convertido en un arma y un medio de presi\u00f3n en numerosos pa\u00edses africanos\u00bb. En Mali, Nigeria o en la Rep\u00fablica Democr\u00e1tica del Congo por ejemplo, se est\u00e1n dando secuestros cada vez m\u00e1s a menudo, dice Lynch: \u201cMuchos sacerdotes y religiosos, como la religiosa Gloria Cecilia Narvaez en Mali, est\u00e1n secuestrados o desaparecidos durante a\u00f1os. Otros miembros de la Iglesia no han sobrevivieron a los secuestros. Los secuestradores logran su objetivo: aumentar el miedo y el terror en la poblaci\u00f3n. Este es un acontecimiento muy preocupante \u00ab.<\/p>\n<p><em>ACN apoya numerosos proyectos en el Este de la Rep\u00fablica Democr\u00e1tica del Congo, por ejemplo, con la construcci\u00f3n de centros parroquiales e iglesias o la formaci\u00f3n de sacerdotes. La orden religiosa de las \u201cHijas de la Resurrecci\u00f3n\u201d se ha visto afectada repetidamente por ataques violentos en los \u00faltimos diez a\u00f1os; algunas hermanas murieron y algunos conventos tuvieron que cerrar debido a la precaria situaci\u00f3n de seguridad en el pasado. A pesar de todo la Comunidad est\u00e1 activa en la Rep\u00fablica Democr\u00e1tica del Congo, Brasil, Camer\u00fan, Francia e Italia.<\/em><\/p>\n","protected":false},"excerpt":{"rendered":"<p>La hermana Francine, secuestrada el 8 de julio en Goma, al Este de la Rep\u00fablica Democr\u00e1tica del Congo, vuelve a<\/p>\n","protected":false},"author":4258341447,"featured_media":156332,"comment_status":"closed","ping_status":"closed","sticky":false,"template":"","format":"standard","meta":{"_acf_changed":false,"_acn_coauthor_ids":[],"footnotes":""},"categories":[1254,237],"tags":[],"country":[],"class_list":["post-156340","post","type-post","status-publish","format-standard","has-post-thumbnail","hentry","category-news-es","category-sin-categorizar"],"acn_coauthors":[],"acf":[],"yoast_head":"<!-- This site is optimized with the Yoast SEO Premium plugin v27.3 (Yoast SEO v27.3) - https:\/\/yoast.com\/product\/yoast-seo-premium-wordpress\/ -->\n<title>Rep\u00fablica Democr\u00e1tica del Congo: Monja secuestrada liberada | ACN International<\/title>\n<meta name=\"description\" content=\"La hermana Francine, secuestrada el 8 de julio en Goma, al Este de la Rep\u00fablica Democr\u00e1tica del Congo, vuelve a estar libre. As\u00ed lo anunci\u00f3 su comunidad religiosa, las &quot;Hijas de la Resurrecci\u00f3n&quot;, a la fundaci\u00f3n pontificia internacional ACN.\" \/>\n<meta name=\"robots\" content=\"index, follow, max-snippet:-1, max-image-preview:large, max-video-preview:-1\" \/>\n<link rel=\"canonical\" href=\"https:\/\/acninternational.org\/es\/republica-democratica-del-congo-monja-secuestrada-liberada\/\" \/>\n<meta property=\"og:locale\" content=\"es_ES\" \/>\n<meta property=\"og:type\" content=\"article\" \/>\n<meta property=\"og:title\" content=\"Rep\u00fablica Democr\u00e1tica del Congo: Monja secuestrada liberada\" \/>\n<meta property=\"og:description\" content=\"La hermana Francine, secuestrada el 8 de julio en Goma, al Este de la Rep\u00fablica Democr\u00e1tica del Congo, vuelve a estar libre. As\u00ed lo anunci\u00f3 su comunidad religiosa, las &quot;Hijas de la Resurrecci\u00f3n&quot;, a la fundaci\u00f3n pontificia internacional ACN.\" \/>\n<meta property=\"og:url\" content=\"https:\/\/acninternational.org\/es\/republica-democratica-del-congo-monja-secuestrada-liberada\/\" \/>\n<meta property=\"og:site_name\" content=\"ACN International\" \/>\n<meta property=\"article:publisher\" content=\"https:\/\/www.facebook.com\/acninternationalorg\" \/>\n<meta property=\"article:published_time\" content=\"2021-07-19T07:35:20+00:00\" \/>\n<meta property=\"article:modified_time\" content=\"2021-07-19T07:37:43+00:00\" \/>\n<meta property=\"og:image\" content=\"https:\/\/media.acninternational.org\/wp-content\/uploads\/2021\/07\/Democratic-Republic-of-Congo_sisters.jpg\" \/>\n\t<meta property=\"og:image:width\" content=\"1400\" \/>\n\t<meta property=\"og:image:height\" content=\"438\" \/>\n\t<meta property=\"og:image:type\" content=\"image\/jpeg\" \/>\n<meta name=\"author\" content=\"ACN Press Team\" \/>\n<meta name=\"twitter:card\" content=\"summary_large_image\" \/>\n<meta name=\"twitter:creator\" content=\"@acn_int\" \/>\n<meta name=\"twitter:site\" content=\"@acn_int\" \/>\n<meta name=\"twitter:label1\" content=\"Escrito por\" \/>\n\t<meta name=\"twitter:data1\" content=\"ACN Press Team\" \/>\n\t<meta name=\"twitter:label2\" content=\"Tiempo de lectura\" \/>\n\t<meta name=\"twitter:data2\" content=\"2 minutos\" \/>\n<script type=\"application\/ld+json\" class=\"yoast-schema-graph\">{\"@context\":\"https:\\\/\\\/schema.org\",\"@graph\":[{\"@type\":\"Article\",\"@id\":\"https:\\\/\\\/acninternational.org\\\/es\\\/republica-democratica-del-congo-monja-secuestrada-liberada\\\/#article\",\"isPartOf\":{\"@id\":\"https:\\\/\\\/acninternational.org\\\/es\\\/republica-democratica-del-congo-monja-secuestrada-liberada\\\/\"},\"author\":{\"name\":\"ACN Press Team\",\"@id\":\"https:\\\/\\\/acninternational.org\\\/es\\\/#\\\/schema\\\/person\\\/7f3dafb236b242fb2aa46be1411fd703\"},\"headline\":\"Rep\u00fablica Democr\u00e1tica del Congo: Monja secuestrada liberada\",\"datePublished\":\"2021-07-19T07:35:20+00:00\",\"dateModified\":\"2021-07-19T07:37:43+00:00\",\"mainEntityOfPage\":{\"@id\":\"https:\\\/\\\/acninternational.org\\\/es\\\/republica-democratica-del-congo-monja-secuestrada-liberada\\\/\"},\"wordCount\":403,\"publisher\":{\"@id\":\"https:\\\/\\\/acninternational.org\\\/es\\\/#organization\"},\"image\":{\"@id\":\"https:\\\/\\\/acninternational.org\\\/es\\\/republica-democratica-del-congo-monja-secuestrada-liberada\\\/#primaryimage\"},\"thumbnailUrl\":\"https:\\\/\\\/media.acninternational.org\\\/wp-content\\\/uploads\\\/2021\\\/07\\\/Democratic-Republic-of-Congo_sisters.jpg\",\"articleSection\":[\"NOTICIAS\",\"Sin categorizar\"],\"inLanguage\":\"es\"},{\"@type\":\"WebPage\",\"@id\":\"https:\\\/\\\/acninternational.org\\\/es\\\/republica-democratica-del-congo-monja-secuestrada-liberada\\\/\",\"url\":\"https:\\\/\\\/acninternational.org\\\/es\\\/republica-democratica-del-congo-monja-secuestrada-liberada\\\/\",\"name\":\"Rep\u00fablica Democr\u00e1tica del Congo: Monja secuestrada liberada | ACN International\",\"isPartOf\":{\"@id\":\"https:\\\/\\\/acninternational.org\\\/es\\\/#website\"},\"primaryImageOfPage\":{\"@id\":\"https:\\\/\\\/acninternational.org\\\/es\\\/republica-democratica-del-congo-monja-secuestrada-liberada\\\/#primaryimage\"},\"image\":{\"@id\":\"https:\\\/\\\/acninternational.org\\\/es\\\/republica-democratica-del-congo-monja-secuestrada-liberada\\\/#primaryimage\"},\"thumbnailUrl\":\"https:\\\/\\\/media.acninternational.org\\\/wp-content\\\/uploads\\\/2021\\\/07\\\/Democratic-Republic-of-Congo_sisters.jpg\",\"datePublished\":\"2021-07-19T07:35:20+00:00\",\"dateModified\":\"2021-07-19T07:37:43+00:00\",\"description\":\"La hermana Francine, secuestrada el 8 de julio en Goma, al Este de la Rep\u00fablica Democr\u00e1tica del Congo, vuelve a estar libre. As\u00ed lo anunci\u00f3 su comunidad religiosa, las \\\"Hijas de la Resurrecci\u00f3n\\\", a la fundaci\u00f3n pontificia internacional ACN.\",\"breadcrumb\":{\"@id\":\"https:\\\/\\\/acninternational.org\\\/es\\\/republica-democratica-del-congo-monja-secuestrada-liberada\\\/#breadcrumb\"},\"inLanguage\":\"es\",\"potentialAction\":[{\"@type\":\"ReadAction\",\"target\":[\"https:\\\/\\\/acninternational.org\\\/es\\\/republica-democratica-del-congo-monja-secuestrada-liberada\\\/\"]}]},{\"@type\":\"ImageObject\",\"inLanguage\":\"es\",\"@id\":\"https:\\\/\\\/acninternational.org\\\/es\\\/republica-democratica-del-congo-monja-secuestrada-liberada\\\/#primaryimage\",\"url\":\"https:\\\/\\\/media.acninternational.org\\\/wp-content\\\/uploads\\\/2021\\\/07\\\/Democratic-Republic-of-Congo_sisters.jpg\",\"contentUrl\":\"https:\\\/\\\/media.acninternational.org\\\/wp-content\\\/uploads\\\/2021\\\/07\\\/Democratic-Republic-of-Congo_sisters.jpg\",\"width\":1400,\"height\":438},{\"@type\":\"BreadcrumbList\",\"@id\":\"https:\\\/\\\/acninternational.org\\\/es\\\/republica-democratica-del-congo-monja-secuestrada-liberada\\\/#breadcrumb\",\"itemListElement\":[{\"@type\":\"ListItem\",\"position\":1,\"name\":\"Home\",\"item\":\"https:\\\/\\\/acninternational.org\\\/es\\\/\"},{\"@type\":\"ListItem\",\"position\":2,\"name\":\"NOTICIAS\",\"item\":\"https:\\\/\\\/acninternational.org\\\/es\\\/category\\\/news-es\\\/\"},{\"@type\":\"ListItem\",\"position\":3,\"name\":\"Rep\u00fablica Democr\u00e1tica del Congo: Monja secuestrada liberada\"}]},{\"@type\":\"WebSite\",\"@id\":\"https:\\\/\\\/acninternational.org\\\/es\\\/#website\",\"url\":\"https:\\\/\\\/acninternational.org\\\/es\\\/\",\"name\":\"ACN International\",\"description\":\"\",\"publisher\":{\"@id\":\"https:\\\/\\\/acninternational.org\\\/es\\\/#organization\"},\"potentialAction\":[{\"@type\":\"SearchAction\",\"target\":{\"@type\":\"EntryPoint\",\"urlTemplate\":\"https:\\\/\\\/acninternational.org\\\/es\\\/?s={search_term_string}\"},\"query-input\":{\"@type\":\"PropertyValueSpecification\",\"valueRequired\":true,\"valueName\":\"search_term_string\"}}],\"inLanguage\":\"es\"},{\"@type\":\"Organization\",\"@id\":\"https:\\\/\\\/acninternational.org\\\/es\\\/#organization\",\"name\":\"Aid to the Church in Need International\",\"url\":\"https:\\\/\\\/acninternational.org\\\/es\\\/\",\"logo\":{\"@type\":\"ImageObject\",\"inLanguage\":\"es\",\"@id\":\"https:\\\/\\\/acninternational.org\\\/es\\\/#\\\/schema\\\/logo\\\/image\\\/\",\"url\":\"https:\\\/\\\/media.acninternational.org\\\/wp-content\\\/uploads\\\/2019\\\/11\\\/acn_logo_blackvector.svg\",\"contentUrl\":\"https:\\\/\\\/media.acninternational.org\\\/wp-content\\\/uploads\\\/2019\\\/11\\\/acn_logo_blackvector.svg\",\"width\":232.6,\"height\":78,\"caption\":\"Aid to the Church in Need International\"},\"image\":{\"@id\":\"https:\\\/\\\/acninternational.org\\\/es\\\/#\\\/schema\\\/logo\\\/image\\\/\"},\"sameAs\":[\"https:\\\/\\\/www.facebook.com\\\/acninternationalorg\",\"https:\\\/\\\/x.com\\\/acn_int\",\"https:\\\/\\\/www.youtube.com\\\/channel\\\/UCQ-077gS0TnVzkhHmf1opZw\",\"https:\\\/\\\/www.instagram.com\\\/acn_international\\\/\"]},{\"@type\":\"Person\",\"@id\":\"https:\\\/\\\/acninternational.org\\\/es\\\/#\\\/schema\\\/person\\\/7f3dafb236b242fb2aa46be1411fd703\",\"name\":\"ACN Press Team\",\"description\":\"Lorem ipsum dolor sit amet, consectetur adipiscing elit, sed do eiusmod tempor incididunt ut labore et dolore magna aliqua. Ut enim ad minim veniam, quis nostrud exercitation ullamco laboris nisi ut aliquip ex ea commodo consequat.\",\"url\":\"https:\\\/\\\/acninternational.org\\\/es\\\/author\\\/acn-press-team\\\/\"}]}<\/script>\n<!-- \/ Yoast SEO Premium plugin. -->","yoast_head_json":{"title":"Rep\u00fablica Democr\u00e1tica del Congo: Monja secuestrada liberada | ACN International","description":"La hermana Francine, secuestrada el 8 de julio en Goma, al Este de la Rep\u00fablica Democr\u00e1tica del Congo, vuelve a estar libre. As\u00ed lo anunci\u00f3 su comunidad religiosa, las \"Hijas de la Resurrecci\u00f3n\", a la fundaci\u00f3n pontificia internacional ACN.","robots":{"index":"index","follow":"follow","max-snippet":"max-snippet:-1","max-image-preview":"max-image-preview:large","max-video-preview":"max-video-preview:-1"},"canonical":"https:\/\/acninternational.org\/es\/republica-democratica-del-congo-monja-secuestrada-liberada\/","og_locale":"es_ES","og_type":"article","og_title":"Rep\u00fablica Democr\u00e1tica del Congo: Monja secuestrada liberada","og_description":"La hermana Francine, secuestrada el 8 de julio en Goma, al Este de la Rep\u00fablica Democr\u00e1tica del Congo, vuelve a estar libre. As\u00ed lo anunci\u00f3 su comunidad religiosa, las \"Hijas de la Resurrecci\u00f3n\", a la fundaci\u00f3n pontificia internacional ACN.","og_url":"https:\/\/acninternational.org\/es\/republica-democratica-del-congo-monja-secuestrada-liberada\/","og_site_name":"ACN International","article_publisher":"https:\/\/www.facebook.com\/acninternationalorg","article_published_time":"2021-07-19T07:35:20+00:00","article_modified_time":"2021-07-19T07:37:43+00:00","og_image":[{"width":1400,"height":438,"url":"https:\/\/media.acninternational.org\/wp-content\/uploads\/2021\/07\/Democratic-Republic-of-Congo_sisters.jpg","type":"image\/jpeg"}],"author":"ACN Press Team","twitter_card":"summary_large_image","twitter_creator":"@acn_int","twitter_site":"@acn_int","twitter_misc":{"Escrito por":"ACN Press Team","Tiempo de lectura":"2 minutos"},"schema":{"@context":"https:\/\/schema.org","@graph":[{"@type":"Article","@id":"https:\/\/acninternational.org\/es\/republica-democratica-del-congo-monja-secuestrada-liberada\/#article","isPartOf":{"@id":"https:\/\/acninternational.org\/es\/republica-democratica-del-congo-monja-secuestrada-liberada\/"},"author":{"name":"ACN Press Team","@id":"https:\/\/acninternational.org\/es\/#\/schema\/person\/7f3dafb236b242fb2aa46be1411fd703"},"headline":"Rep\u00fablica Democr\u00e1tica del Congo: Monja secuestrada liberada","datePublished":"2021-07-19T07:35:20+00:00","dateModified":"2021-07-19T07:37:43+00:00","mainEntityOfPage":{"@id":"https:\/\/acninternational.org\/es\/republica-democratica-del-congo-monja-secuestrada-liberada\/"},"wordCount":403,"publisher":{"@id":"https:\/\/acninternational.org\/es\/#organization"},"image":{"@id":"https:\/\/acninternational.org\/es\/republica-democratica-del-congo-monja-secuestrada-liberada\/#primaryimage"},"thumbnailUrl":"https:\/\/media.acninternational.org\/wp-content\/uploads\/2021\/07\/Democratic-Republic-of-Congo_sisters.jpg","articleSection":["NOTICIAS","Sin categorizar"],"inLanguage":"es"},{"@type":"WebPage","@id":"https:\/\/acninternational.org\/es\/republica-democratica-del-congo-monja-secuestrada-liberada\/","url":"https:\/\/acninternational.org\/es\/republica-democratica-del-congo-monja-secuestrada-liberada\/","name":"Rep\u00fablica Democr\u00e1tica del Congo: Monja secuestrada liberada | ACN International","isPartOf":{"@id":"https:\/\/acninternational.org\/es\/#website"},"primaryImageOfPage":{"@id":"https:\/\/acninternational.org\/es\/republica-democratica-del-congo-monja-secuestrada-liberada\/#primaryimage"},"image":{"@id":"https:\/\/acninternational.org\/es\/republica-democratica-del-congo-monja-secuestrada-liberada\/#primaryimage"},"thumbnailUrl":"https:\/\/media.acninternational.org\/wp-content\/uploads\/2021\/07\/Democratic-Republic-of-Congo_sisters.jpg","datePublished":"2021-07-19T07:35:20+00:00","dateModified":"2021-07-19T07:37:43+00:00","description":"La hermana Francine, secuestrada el 8 de julio en Goma, al Este de la Rep\u00fablica Democr\u00e1tica del Congo, vuelve a estar libre. As\u00ed lo anunci\u00f3 su comunidad religiosa, las \"Hijas de la Resurrecci\u00f3n\", a la fundaci\u00f3n pontificia internacional ACN.","breadcrumb":{"@id":"https:\/\/acninternational.org\/es\/republica-democratica-del-congo-monja-secuestrada-liberada\/#breadcrumb"},"inLanguage":"es","potentialAction":[{"@type":"ReadAction","target":["https:\/\/acninternational.org\/es\/republica-democratica-del-congo-monja-secuestrada-liberada\/"]}]},{"@type":"ImageObject","inLanguage":"es","@id":"https:\/\/acninternational.org\/es\/republica-democratica-del-congo-monja-secuestrada-liberada\/#primaryimage","url":"https:\/\/media.acninternational.org\/wp-content\/uploads\/2021\/07\/Democratic-Republic-of-Congo_sisters.jpg","contentUrl":"https:\/\/media.acninternational.org\/wp-content\/uploads\/2021\/07\/Democratic-Republic-of-Congo_sisters.jpg","width":1400,"height":438},{"@type":"BreadcrumbList","@id":"https:\/\/acninternational.org\/es\/republica-democratica-del-congo-monja-secuestrada-liberada\/#breadcrumb","itemListElement":[{"@type":"ListItem","position":1,"name":"Home","item":"https:\/\/acninternational.org\/es\/"},{"@type":"ListItem","position":2,"name":"NOTICIAS","item":"https:\/\/acninternational.org\/es\/category\/news-es\/"},{"@type":"ListItem","position":3,"name":"Rep\u00fablica Democr\u00e1tica del Congo: Monja secuestrada liberada"}]},{"@type":"WebSite","@id":"https:\/\/acninternational.org\/es\/#website","url":"https:\/\/acninternational.org\/es\/","name":"ACN International","description":"","publisher":{"@id":"https:\/\/acninternational.org\/es\/#organization"},"potentialAction":[{"@type":"SearchAction","target":{"@type":"EntryPoint","urlTemplate":"https:\/\/acninternational.org\/es\/?s={search_term_string}"},"query-input":{"@type":"PropertyValueSpecification","valueRequired":true,"valueName":"search_term_string"}}],"inLanguage":"es"},{"@type":"Organization","@id":"https:\/\/acninternational.org\/es\/#organization","name":"Aid to the Church in Need International","url":"https:\/\/acninternational.org\/es\/","logo":{"@type":"ImageObject","inLanguage":"es","@id":"https:\/\/acninternational.org\/es\/#\/schema\/logo\/image\/","url":"https:\/\/media.acninternational.org\/wp-content\/uploads\/2019\/11\/acn_logo_blackvector.svg","contentUrl":"https:\/\/media.acninternational.org\/wp-content\/uploads\/2019\/11\/acn_logo_blackvector.svg","width":232.6,"height":78,"caption":"Aid to the Church in Need International"},"image":{"@id":"https:\/\/acninternational.org\/es\/#\/schema\/logo\/image\/"},"sameAs":["https:\/\/www.facebook.com\/acninternationalorg","https:\/\/x.com\/acn_int","https:\/\/www.youtube.com\/channel\/UCQ-077gS0TnVzkhHmf1opZw","https:\/\/www.instagram.com\/acn_international\/"]},{"@type":"Person","@id":"https:\/\/acninternational.org\/es\/#\/schema\/person\/7f3dafb236b242fb2aa46be1411fd703","name":"ACN Press Team","description":"Lorem ipsum dolor sit amet, consectetur adipiscing elit, sed do eiusmod tempor incididunt ut labore et dolore magna aliqua. Ut enim ad minim veniam, quis nostrud exercitation ullamco laboris nisi ut aliquip ex ea commodo consequat.","url":"https:\/\/acninternational.org\/es\/author\/acn-press-team\/"}]}},"_links":{"self":[{"href":"https:\/\/acninternational.org\/es\/wp-json\/wp\/v2\/posts\/156340","targetHints":{"allow":["GET"]}}],"collection":[{"href":"https:\/\/acninternational.org\/es\/wp-json\/wp\/v2\/posts"}],"about":[{"href":"https:\/\/acninternational.org\/es\/wp-json\/wp\/v2\/types\/post"}],"author":[{"embeddable":true,"href":"https:\/\/acninternational.org\/es\/wp-json\/wp\/v2\/users\/4258341447"}],"replies":[{"embeddable":true,"href":"https:\/\/acninternational.org\/es\/wp-json\/wp\/v2\/comments?post=156340"}],"version-history":[{"count":0,"href":"https:\/\/acninternational.org\/es\/wp-json\/wp\/v2\/posts\/156340\/revisions"}],"wp:featuredmedia":[{"embeddable":true,"href":"https:\/\/acninternational.org\/es\/wp-json\/wp\/v2\/media\/156332"}],"wp:attachment":[{"href":"https:\/\/acninternational.org\/es\/wp-json\/wp\/v2\/media?parent=156340"}],"wp:term":[{"taxonomy":"category","embeddable":true,"href":"https:\/\/acninternational.org\/es\/wp-json\/wp\/v2\/categories?post=156340"},{"taxonomy":"post_tag","embeddable":true,"href":"https:\/\/acninternational.org\/es\/wp-json\/wp\/v2\/tags?post=156340"},{"taxonomy":"country","embeddable":true,"href":"https:\/\/acninternational.org\/es\/wp-json\/wp\/v2\/country?post=156340"}],"curies":[{"name":"wp","href":"https:\/\/api.w.org\/{rel}","templated":true}]}}