{"id":155024,"date":"2021-07-02T09:42:28","date_gmt":"2021-07-02T07:42:28","guid":{"rendered":"https:\/\/acninternational.org\/?p=155024"},"modified":"2021-07-02T09:44:50","modified_gmt":"2021-07-02T07:44:50","slug":"documental-sobre-la-dificil-situacion-de-iglesia-de-nicaragua-premiado-en-un-certamen-cinematografico","status":"publish","type":"post","link":"https:\/\/acninternational.org\/es\/documental-sobre-la-dificil-situacion-de-iglesia-de-nicaragua-premiado-en-un-certamen-cinematografico\/","title":{"rendered":"Documental sobre la dif\u00edcil situaci\u00f3n de Iglesia de Nicaragua premiado en un certamen cinematogr\u00e1fico\u00a0"},"content":{"rendered":"<p>\u201cSe\u00f1or, danos la paz\u201d (\u201cLord, Grant Us Peace\u201d) , corto producido por la productora cat\u00f3lica Catholic Radio and TV Network (CRTN)\u00a0 y\u00a0 apoyado por la fundaci\u00f3n internacional Aid to the Church in Need (ACN), ha sido premiado\u00a0 por <em>The Best Shorts Film Competition (<\/em>Concurso de Mejor Cortometraje). El documental presenta la situaci\u00f3n en Nicaragua a trav\u00e9s de los ojos de l\u00edderes y j\u00f3venes cat\u00f3licos, la historia de la represi\u00f3n pol\u00edtica de los \u00faltimos a\u00f1os, los esfuerzos de la Iglesia para conseguir la paz, y el sufrimiento de los fieles.<\/p>\n<p>En una entrevista con Francisco Alday, director de cortometraje, cuenta su experiencia durante la grabaci\u00f3n del documental. Entrevista llevada a cabo por Cristina Moreno para ACN.<\/p>\n<p><strong>ACN: \u00bfPor qu\u00e9 Nicaragua? De entre todos los pa\u00edses en los que, por desgracia, hoy en d\u00eda la Iglesia y los cristianos son perseguidos, secuestrados, oprimidos, \u2026\u00a0 \u00bfqu\u00e9 fue lo que te hizo decidirte por Nicaragua?<br \/>\n<\/strong>Francisco Alday: Nicaragua est\u00e1 atravesando un momento dif\u00edcil de su historia, de tensi\u00f3n pol\u00edtica y social con graves conflictos y violentos enfrentamientos. La Iglesia adapto el papel de mediadora para la paz e intervino para buscar la reconciliaci\u00f3n y eso llev\u00f3 a que cat\u00f3licos se convirtieran en el blanco de los ataques. Particularmente, en 2018, fueron los j\u00f3venes quienes salieron a la calle a reclamar cambios. Muchos de ellos eran miembros de grupos de pastoral juvenil que no dudaron en expresar y sostener su fe, aun cuando eso los expon\u00eda a un gran peligro. En el equipo de producci\u00f3n de CRTN consideramos que ese era un valioso testimonio que deb\u00edamos sumar a los documentales de ACN, cuya misi\u00f3n es precisamente mostrar la realidad de aquellos lugares donde la Iglesia est\u00e1 en situaci\u00f3n de persecuci\u00f3n o necesidad.<\/p>\n<p>https:\/\/youtu.be\/WlJoZkG5vC0<\/p>\n<p><strong>\u00bfSi tuvieras que resumir el mensaje del video en una frase cual ser\u00eda?<br \/>\n<\/strong>Elegir\u00eda la frase que usamos para el t\u00edtulo del documental, porque todo el video est\u00e1 pensado como una gran plegaria para que llegue la paz a Nicaragua. La intenci\u00f3n ha sido mezclar las terribles im\u00e1genes de violencia que les ha tocado sufrir a nuestros hermanos, con otras escenas en que toda la Iglesia sale a la calle a rezar el rosario, a adorar al Sant\u00edsimo, a cantar y celebrar misa pidiendo por la paz. Esos j\u00f3venes son estigmatizados por la religi\u00f3n que profesan, los colores de ropa que usan o las canciones que cantan. A trav\u00e9s de este documental pedimos que puedan volver a expresar su fe libremente.<\/p>\n<p><strong>\u00bfC\u00f3mo ha sido su experiencia al trabajar en este proyecto?<br \/>\n<\/strong>Ha sido una de las experiencias m\u00e1s fuertes que me ha tocado narrar en un documental. A su vez, ha sido un privilegio poder encontrarme de forma directa con tantos j\u00f3venes comprometidos y con verdaderos pastores con olor a oveja que acompa\u00f1ando a su reba\u00f1o han sido capaces de ofrecerse como puente en situaciones donde todo marchaba hacia el abismo.<\/p>\n<p><strong>\u00bfHubo alg\u00fan momento que fuera especialmente emotivo o te marcara especialmente?<br \/>\n<\/strong>Hay una entrevista que me hubiera encantado incluir, pero finalmente decidimos no poner para preservar el bienestar del entrevistado y su familia. Un joven detenido por participar en las marchas de protesta nos narr\u00f3 como fueron las torturas y otras escenas de violencia que recibi\u00f3 mientras estuvo detenido en el penal y c\u00f3mo eso le hab\u00eda afectado psicol\u00f3gicamente. Eso me caus\u00f3 mucho dolor. Si bien no qued\u00f3 en el corte final de edici\u00f3n, ese testimonio me sirvi\u00f3 para valorar todav\u00eda m\u00e1s el esfuerzo de cada joven que eleg\u00eda la fidelidad al mensaje del Evangelio sin temor a las consecuencias.<\/p>\n<p><img loading=\"lazy\" decoding=\"async\" class=\"alignnone size-full wp-image-90937\" src=\"https:\/\/media.acninternational.org\/wp-content\/uploads\/2019\/11\/Nicaragua-A-Church-on-the-side-of-its-people-image-4.jpg\" alt=\"\" width=\"690\" height=\"460\" srcset=\"https:\/\/media.acninternational.org\/wp-content\/uploads\/2019\/11\/Nicaragua-A-Church-on-the-side-of-its-people-image-4.jpg 690w, https:\/\/media.acninternational.org\/wp-content\/uploads\/2019\/11\/Nicaragua-A-Church-on-the-side-of-its-people-image-4-300x200.jpg 300w\" sizes=\"auto, (max-width: 690px) 100vw, 690px\" \/><\/p>\n<p><strong>En la pel\u00edcula se pueden observar varios momentos de violencia. \u00bfHubo alg\u00fan momento durante el rodaje en el que el equipo de grabaci\u00f3n temiera que les pasara algo?<br \/>\n<\/strong>No ha sido una grabaci\u00f3n f\u00e1cil. La sensaci\u00f3n de estar vigilados era constante. En el aire se percib\u00eda cierta violencia contenida y percibimos situaciones de restricci\u00f3n y coerci\u00f3n. Al punto que mientras grab\u00e1bamos la entrevista a un joven en frente de un templo, fuimos se\u00f1alados por un grupo de paramilitares, y en breves instantes una patrulla policial detuvo al equipo completo y a los j\u00f3venes que estaban con nosotros y nos trasladaron a un centro de detenci\u00f3n. Con la confianza puesta en Dios y gracias a la intervenci\u00f3n del obispo local pudimos salir en unas pocas horas, pero fue una situaci\u00f3n desagradable en la que verdaderamente nos hicieron sentir la presi\u00f3n que se vive all\u00ed, en carne propia.<\/p>\n<p><strong>Despu\u00e9s de conocer la situaci\u00f3n en Nicaragua de primera mano, \u00bfDir\u00edas que hay esperanza de un futuro mejor para la comunidad cristiana?<br \/>\n<\/strong>La esperanza viene de nuestro Se\u00f1or que es m\u00e1s grande que todo mal, y eso es lo mismo que me han transmitido las personas que entrevist\u00e9 all\u00ed. No deseo a nadie los desaf\u00edos que les toca a vivir a estos j\u00f3venes en Nicaragua, pero creo que todos podemos aprender de la fortaleza y la confianza con la que ellos viven, anhelando, orando y trabajando por un tiempo mejor. Por otro lado, me da tambi\u00e9n esperanza el trabajo de la fundaci\u00f3n ACN, que colabora para que, por ejemplo, todos esos j\u00f3venes que sienten el llamado a consagrarse en la Iglesia tengan seminarios, casas de encuentro y centros de formaci\u00f3n donde puedan desarrollar su sue\u00f1o de servir al Se\u00f1or.<\/p>\n<p><strong>\u00bfTe sorprendi\u00f3 ver la cantidad de j\u00f3venes adolescentes que siguen yendo a misa y manifestando p\u00fablicamente su amor por <\/strong><strong>D<\/strong><strong>ios y hacia la <\/strong><strong>I<\/strong><strong>glesia a pesar de correr el riesgo de ser atacados o incluso asesinados por ello?<br \/>\n<\/strong>Realmente me impact\u00f3 y creo que esa es la imagen que me gustar\u00eda que les quede en la retina a los espectadores cuando vean el documental. Esa valent\u00eda aut\u00e9ntica de los j\u00f3venes por defender su fe. Uno de los j\u00f3venes comentaba que su familia corr\u00eda peligro si era visto en la iglesia as\u00ed que deb\u00eda participar del grupo en secreto. Otros j\u00f3venes decidieron irse del pa\u00eds y dejar su familia para no tener que ceder a la presi\u00f3n que los condicionaba en su fe.<\/p>\n","protected":false},"excerpt":{"rendered":"<p>\u201cSe\u00f1or, danos la paz\u201d (\u201cLord, Grant Us Peace\u201d) , corto producido por la productora cat\u00f3lica Catholic Radio and TV Network<\/p>\n","protected":false},"author":4258341447,"featured_media":121038,"comment_status":"closed","ping_status":"closed","sticky":false,"template":"","format":"standard","meta":{"_acf_changed":false,"_acn_coauthor_ids":[],"_acn_featured_article":false,"footnotes":""},"categories":[745,798],"tags":[],"country":[419],"class_list":["post-155024","post","type-post","status-publish","format-standard","has-post-thumbnail","hentry","category-entrevistas","category-interviews-es","country-nicaragua-es"],"acn_coauthors":[],"acf":[],"yoast_head":"<!-- This site is optimized with the Yoast SEO Premium plugin v27.5 (Yoast SEO v27.5) - https:\/\/yoast.com\/product\/yoast-seo-premium-wordpress\/ -->\n<title>Documental sobre la dif\u00edcil situaci\u00f3n de Iglesia de Nicaragua premiado en un certamen cinematogr\u00e1fico\u00a0 | ACN International<\/title>\n<meta name=\"description\" content=\"El cortometraje \u201eSe\u00f1or, danos la paz\u201d, producido por la productora cat\u00f3lica CRTN y apoyado por ACN, ha sido premiado por The Best Shorts Film Competition. El documental presenta la situaci\u00f3n actual de Nicaragua, los esfuerzos de la Iglesia para conseguir la paz y el sufrimiento de los fieles.\" \/>\n<meta name=\"robots\" content=\"index, follow, max-snippet:-1, max-image-preview:large, max-video-preview:-1\" \/>\n<link rel=\"canonical\" href=\"https:\/\/acninternational.org\/es\/documental-sobre-la-dificil-situacion-de-iglesia-de-nicaragua-premiado-en-un-certamen-cinematografico\/\" \/>\n<meta property=\"og:locale\" content=\"es_ES\" \/>\n<meta property=\"og:type\" content=\"article\" \/>\n<meta property=\"og:title\" content=\"Documental sobre la dif\u00edcil situaci\u00f3n de Iglesia de Nicaragua premiado en un certamen cinematogr\u00e1fico\u00a0\" \/>\n<meta property=\"og:description\" content=\"El cortometraje \u201eSe\u00f1or, danos la paz\u201d, producido por la productora cat\u00f3lica CRTN y apoyado por ACN, ha sido premiado por The Best Shorts Film Competition. El documental presenta la situaci\u00f3n actual de Nicaragua, los esfuerzos de la Iglesia para conseguir la paz y el sufrimiento de los fieles.\" \/>\n<meta property=\"og:url\" content=\"https:\/\/acninternational.org\/es\/documental-sobre-la-dificil-situacion-de-iglesia-de-nicaragua-premiado-en-un-certamen-cinematografico\/\" \/>\n<meta property=\"og:site_name\" content=\"ACN International\" \/>\n<meta property=\"article:publisher\" content=\"https:\/\/www.facebook.com\/acninternationalorg\" \/>\n<meta property=\"article:published_time\" content=\"2021-07-02T07:42:28+00:00\" \/>\n<meta property=\"article:modified_time\" content=\"2021-07-02T07:44:50+00:00\" \/>\n<meta property=\"og:image\" content=\"https:\/\/media.acninternational.org\/wp-content\/uploads\/2019\/11\/Nicaragua-una-Iglesia-al-lado-de-su-pueblo-image-1.jpg\" \/>\n\t<meta property=\"og:image:width\" content=\"1200\" \/>\n\t<meta property=\"og:image:height\" content=\"628\" \/>\n\t<meta property=\"og:image:type\" content=\"image\/jpeg\" \/>\n<meta name=\"author\" content=\"ACN Press Team\" \/>\n<meta name=\"twitter:card\" content=\"summary_large_image\" \/>\n<meta name=\"twitter:creator\" content=\"@acn_int\" \/>\n<meta name=\"twitter:site\" content=\"@acn_int\" \/>\n<meta name=\"twitter:label1\" content=\"Escrito por\" \/>\n\t<meta name=\"twitter:data1\" content=\"ACN Press Team\" \/>\n\t<meta name=\"twitter:label2\" content=\"Tiempo de lectura\" \/>\n\t<meta name=\"twitter:data2\" content=\"5 minutos\" \/>\n<script type=\"application\/ld+json\" class=\"yoast-schema-graph\">{\"@context\":\"https:\\\/\\\/schema.org\",\"@graph\":[{\"@type\":\"Article\",\"@id\":\"https:\\\/\\\/acninternational.org\\\/es\\\/documental-sobre-la-dificil-situacion-de-iglesia-de-nicaragua-premiado-en-un-certamen-cinematografico\\\/#article\",\"isPartOf\":{\"@id\":\"https:\\\/\\\/acninternational.org\\\/es\\\/documental-sobre-la-dificil-situacion-de-iglesia-de-nicaragua-premiado-en-un-certamen-cinematografico\\\/\"},\"author\":{\"name\":\"ACN Press Team\",\"@id\":\"https:\\\/\\\/acninternational.org\\\/es\\\/#\\\/schema\\\/person\\\/7f3dafb236b242fb2aa46be1411fd703\"},\"headline\":\"Documental sobre la dif\u00edcil situaci\u00f3n de Iglesia de Nicaragua premiado en un certamen cinematogr\u00e1fico\u00a0\",\"datePublished\":\"2021-07-02T07:42:28+00:00\",\"dateModified\":\"2021-07-02T07:44:50+00:00\",\"mainEntityOfPage\":{\"@id\":\"https:\\\/\\\/acninternational.org\\\/es\\\/documental-sobre-la-dificil-situacion-de-iglesia-de-nicaragua-premiado-en-un-certamen-cinematografico\\\/\"},\"wordCount\":1105,\"publisher\":{\"@id\":\"https:\\\/\\\/acninternational.org\\\/es\\\/#organization\"},\"image\":{\"@id\":\"https:\\\/\\\/acninternational.org\\\/es\\\/documental-sobre-la-dificil-situacion-de-iglesia-de-nicaragua-premiado-en-un-certamen-cinematografico\\\/#primaryimage\"},\"thumbnailUrl\":\"https:\\\/\\\/media.acninternational.org\\\/wp-content\\\/uploads\\\/2019\\\/11\\\/Nicaragua-una-Iglesia-al-lado-de-su-pueblo-image-1.jpg\",\"articleSection\":[\"ENTREVISTAS\",\"INTERVIEWS\"],\"inLanguage\":\"es\"},{\"@type\":\"WebPage\",\"@id\":\"https:\\\/\\\/acninternational.org\\\/es\\\/documental-sobre-la-dificil-situacion-de-iglesia-de-nicaragua-premiado-en-un-certamen-cinematografico\\\/\",\"url\":\"https:\\\/\\\/acninternational.org\\\/es\\\/documental-sobre-la-dificil-situacion-de-iglesia-de-nicaragua-premiado-en-un-certamen-cinematografico\\\/\",\"name\":\"Documental sobre la dif\u00edcil situaci\u00f3n de Iglesia de Nicaragua premiado en un certamen cinematogr\u00e1fico\u00a0 | ACN International\",\"isPartOf\":{\"@id\":\"https:\\\/\\\/acninternational.org\\\/es\\\/#website\"},\"primaryImageOfPage\":{\"@id\":\"https:\\\/\\\/acninternational.org\\\/es\\\/documental-sobre-la-dificil-situacion-de-iglesia-de-nicaragua-premiado-en-un-certamen-cinematografico\\\/#primaryimage\"},\"image\":{\"@id\":\"https:\\\/\\\/acninternational.org\\\/es\\\/documental-sobre-la-dificil-situacion-de-iglesia-de-nicaragua-premiado-en-un-certamen-cinematografico\\\/#primaryimage\"},\"thumbnailUrl\":\"https:\\\/\\\/media.acninternational.org\\\/wp-content\\\/uploads\\\/2019\\\/11\\\/Nicaragua-una-Iglesia-al-lado-de-su-pueblo-image-1.jpg\",\"datePublished\":\"2021-07-02T07:42:28+00:00\",\"dateModified\":\"2021-07-02T07:44:50+00:00\",\"description\":\"El cortometraje \u201eSe\u00f1or, danos la paz\u201d, producido por la productora cat\u00f3lica CRTN y apoyado por ACN, ha sido premiado por The Best Shorts Film Competition. El documental presenta la situaci\u00f3n actual de Nicaragua, los esfuerzos de la Iglesia para conseguir la paz y el sufrimiento de los fieles.\",\"breadcrumb\":{\"@id\":\"https:\\\/\\\/acninternational.org\\\/es\\\/documental-sobre-la-dificil-situacion-de-iglesia-de-nicaragua-premiado-en-un-certamen-cinematografico\\\/#breadcrumb\"},\"inLanguage\":\"es\",\"potentialAction\":[{\"@type\":\"ReadAction\",\"target\":[\"https:\\\/\\\/acninternational.org\\\/es\\\/documental-sobre-la-dificil-situacion-de-iglesia-de-nicaragua-premiado-en-un-certamen-cinematografico\\\/\"]}]},{\"@type\":\"ImageObject\",\"inLanguage\":\"es\",\"@id\":\"https:\\\/\\\/acninternational.org\\\/es\\\/documental-sobre-la-dificil-situacion-de-iglesia-de-nicaragua-premiado-en-un-certamen-cinematografico\\\/#primaryimage\",\"url\":\"https:\\\/\\\/media.acninternational.org\\\/wp-content\\\/uploads\\\/2019\\\/11\\\/Nicaragua-una-Iglesia-al-lado-de-su-pueblo-image-1.jpg\",\"contentUrl\":\"https:\\\/\\\/media.acninternational.org\\\/wp-content\\\/uploads\\\/2019\\\/11\\\/Nicaragua-una-Iglesia-al-lado-de-su-pueblo-image-1.jpg\",\"width\":1200,\"height\":628},{\"@type\":\"BreadcrumbList\",\"@id\":\"https:\\\/\\\/acninternational.org\\\/es\\\/documental-sobre-la-dificil-situacion-de-iglesia-de-nicaragua-premiado-en-un-certamen-cinematografico\\\/#breadcrumb\",\"itemListElement\":[{\"@type\":\"ListItem\",\"position\":1,\"name\":\"Home\",\"item\":\"https:\\\/\\\/acninternational.org\\\/es\\\/\"},{\"@type\":\"ListItem\",\"position\":2,\"name\":\"INTERVIEWS\",\"item\":\"https:\\\/\\\/acninternational.org\\\/es\\\/category\\\/interviews-es\\\/\"},{\"@type\":\"ListItem\",\"position\":3,\"name\":\"Documental sobre la dif\u00edcil situaci\u00f3n de Iglesia de Nicaragua premiado en un certamen cinematogr\u00e1fico\u00a0\"}]},{\"@type\":\"WebSite\",\"@id\":\"https:\\\/\\\/acninternational.org\\\/es\\\/#website\",\"url\":\"https:\\\/\\\/acninternational.org\\\/es\\\/\",\"name\":\"ACN International\",\"description\":\"\",\"publisher\":{\"@id\":\"https:\\\/\\\/acninternational.org\\\/es\\\/#organization\"},\"potentialAction\":[{\"@type\":\"SearchAction\",\"target\":{\"@type\":\"EntryPoint\",\"urlTemplate\":\"https:\\\/\\\/acninternational.org\\\/es\\\/?s={search_term_string}\"},\"query-input\":{\"@type\":\"PropertyValueSpecification\",\"valueRequired\":true,\"valueName\":\"search_term_string\"}}],\"inLanguage\":\"es\"},{\"@type\":\"Organization\",\"@id\":\"https:\\\/\\\/acninternational.org\\\/es\\\/#organization\",\"name\":\"Aid to the Church in Need International\",\"url\":\"https:\\\/\\\/acninternational.org\\\/es\\\/\",\"logo\":{\"@type\":\"ImageObject\",\"inLanguage\":\"es\",\"@id\":\"https:\\\/\\\/acninternational.org\\\/es\\\/#\\\/schema\\\/logo\\\/image\\\/\",\"url\":\"https:\\\/\\\/media.acninternational.org\\\/wp-content\\\/uploads\\\/2019\\\/11\\\/acn_logo_blackvector.svg\",\"contentUrl\":\"https:\\\/\\\/media.acninternational.org\\\/wp-content\\\/uploads\\\/2019\\\/11\\\/acn_logo_blackvector.svg\",\"width\":232.6,\"height\":78,\"caption\":\"Aid to the Church in Need International\"},\"image\":{\"@id\":\"https:\\\/\\\/acninternational.org\\\/es\\\/#\\\/schema\\\/logo\\\/image\\\/\"},\"sameAs\":[\"https:\\\/\\\/www.facebook.com\\\/acninternationalorg\",\"https:\\\/\\\/x.com\\\/acn_int\",\"https:\\\/\\\/www.youtube.com\\\/channel\\\/UCQ-077gS0TnVzkhHmf1opZw\",\"https:\\\/\\\/www.instagram.com\\\/acn_international\\\/\"]},{\"@type\":\"Person\",\"@id\":\"https:\\\/\\\/acninternational.org\\\/es\\\/#\\\/schema\\\/person\\\/7f3dafb236b242fb2aa46be1411fd703\",\"name\":\"ACN Press Team\",\"description\":\"Lorem ipsum dolor sit amet, consectetur adipiscing elit, sed do eiusmod tempor incididunt ut labore et dolore magna aliqua. Ut enim ad minim veniam, quis nostrud exercitation ullamco laboris nisi ut aliquip ex ea commodo consequat.\",\"url\":\"https:\\\/\\\/acninternational.org\\\/es\\\/author\\\/acn-press-team\\\/\"}]}<\/script>\n<!-- \/ Yoast SEO Premium plugin. -->","yoast_head_json":{"title":"Documental sobre la dif\u00edcil situaci\u00f3n de Iglesia de Nicaragua premiado en un certamen cinematogr\u00e1fico\u00a0 | ACN International","description":"El cortometraje \u201eSe\u00f1or, danos la paz\u201d, producido por la productora cat\u00f3lica CRTN y apoyado por ACN, ha sido premiado por The Best Shorts Film Competition. El documental presenta la situaci\u00f3n actual de Nicaragua, los esfuerzos de la Iglesia para conseguir la paz y el sufrimiento de los fieles.","robots":{"index":"index","follow":"follow","max-snippet":"max-snippet:-1","max-image-preview":"max-image-preview:large","max-video-preview":"max-video-preview:-1"},"canonical":"https:\/\/acninternational.org\/es\/documental-sobre-la-dificil-situacion-de-iglesia-de-nicaragua-premiado-en-un-certamen-cinematografico\/","og_locale":"es_ES","og_type":"article","og_title":"Documental sobre la dif\u00edcil situaci\u00f3n de Iglesia de Nicaragua premiado en un certamen cinematogr\u00e1fico\u00a0","og_description":"El cortometraje \u201eSe\u00f1or, danos la paz\u201d, producido por la productora cat\u00f3lica CRTN y apoyado por ACN, ha sido premiado por The Best Shorts Film Competition. El documental presenta la situaci\u00f3n actual de Nicaragua, los esfuerzos de la Iglesia para conseguir la paz y el sufrimiento de los fieles.","og_url":"https:\/\/acninternational.org\/es\/documental-sobre-la-dificil-situacion-de-iglesia-de-nicaragua-premiado-en-un-certamen-cinematografico\/","og_site_name":"ACN International","article_publisher":"https:\/\/www.facebook.com\/acninternationalorg","article_published_time":"2021-07-02T07:42:28+00:00","article_modified_time":"2021-07-02T07:44:50+00:00","og_image":[{"width":1200,"height":628,"url":"https:\/\/media.acninternational.org\/wp-content\/uploads\/2019\/11\/Nicaragua-una-Iglesia-al-lado-de-su-pueblo-image-1.jpg","type":"image\/jpeg"}],"author":"ACN Press Team","twitter_card":"summary_large_image","twitter_creator":"@acn_int","twitter_site":"@acn_int","twitter_misc":{"Escrito por":"ACN Press Team","Tiempo de lectura":"5 minutos"},"schema":{"@context":"https:\/\/schema.org","@graph":[{"@type":"Article","@id":"https:\/\/acninternational.org\/es\/documental-sobre-la-dificil-situacion-de-iglesia-de-nicaragua-premiado-en-un-certamen-cinematografico\/#article","isPartOf":{"@id":"https:\/\/acninternational.org\/es\/documental-sobre-la-dificil-situacion-de-iglesia-de-nicaragua-premiado-en-un-certamen-cinematografico\/"},"author":{"name":"ACN Press Team","@id":"https:\/\/acninternational.org\/es\/#\/schema\/person\/7f3dafb236b242fb2aa46be1411fd703"},"headline":"Documental sobre la dif\u00edcil situaci\u00f3n de Iglesia de Nicaragua premiado en un certamen cinematogr\u00e1fico\u00a0","datePublished":"2021-07-02T07:42:28+00:00","dateModified":"2021-07-02T07:44:50+00:00","mainEntityOfPage":{"@id":"https:\/\/acninternational.org\/es\/documental-sobre-la-dificil-situacion-de-iglesia-de-nicaragua-premiado-en-un-certamen-cinematografico\/"},"wordCount":1105,"publisher":{"@id":"https:\/\/acninternational.org\/es\/#organization"},"image":{"@id":"https:\/\/acninternational.org\/es\/documental-sobre-la-dificil-situacion-de-iglesia-de-nicaragua-premiado-en-un-certamen-cinematografico\/#primaryimage"},"thumbnailUrl":"https:\/\/media.acninternational.org\/wp-content\/uploads\/2019\/11\/Nicaragua-una-Iglesia-al-lado-de-su-pueblo-image-1.jpg","articleSection":["ENTREVISTAS","INTERVIEWS"],"inLanguage":"es"},{"@type":"WebPage","@id":"https:\/\/acninternational.org\/es\/documental-sobre-la-dificil-situacion-de-iglesia-de-nicaragua-premiado-en-un-certamen-cinematografico\/","url":"https:\/\/acninternational.org\/es\/documental-sobre-la-dificil-situacion-de-iglesia-de-nicaragua-premiado-en-un-certamen-cinematografico\/","name":"Documental sobre la dif\u00edcil situaci\u00f3n de Iglesia de Nicaragua premiado en un certamen cinematogr\u00e1fico\u00a0 | ACN International","isPartOf":{"@id":"https:\/\/acninternational.org\/es\/#website"},"primaryImageOfPage":{"@id":"https:\/\/acninternational.org\/es\/documental-sobre-la-dificil-situacion-de-iglesia-de-nicaragua-premiado-en-un-certamen-cinematografico\/#primaryimage"},"image":{"@id":"https:\/\/acninternational.org\/es\/documental-sobre-la-dificil-situacion-de-iglesia-de-nicaragua-premiado-en-un-certamen-cinematografico\/#primaryimage"},"thumbnailUrl":"https:\/\/media.acninternational.org\/wp-content\/uploads\/2019\/11\/Nicaragua-una-Iglesia-al-lado-de-su-pueblo-image-1.jpg","datePublished":"2021-07-02T07:42:28+00:00","dateModified":"2021-07-02T07:44:50+00:00","description":"El cortometraje \u201eSe\u00f1or, danos la paz\u201d, producido por la productora cat\u00f3lica CRTN y apoyado por ACN, ha sido premiado por The Best Shorts Film Competition. El documental presenta la situaci\u00f3n actual de Nicaragua, los esfuerzos de la Iglesia para conseguir la paz y el sufrimiento de los fieles.","breadcrumb":{"@id":"https:\/\/acninternational.org\/es\/documental-sobre-la-dificil-situacion-de-iglesia-de-nicaragua-premiado-en-un-certamen-cinematografico\/#breadcrumb"},"inLanguage":"es","potentialAction":[{"@type":"ReadAction","target":["https:\/\/acninternational.org\/es\/documental-sobre-la-dificil-situacion-de-iglesia-de-nicaragua-premiado-en-un-certamen-cinematografico\/"]}]},{"@type":"ImageObject","inLanguage":"es","@id":"https:\/\/acninternational.org\/es\/documental-sobre-la-dificil-situacion-de-iglesia-de-nicaragua-premiado-en-un-certamen-cinematografico\/#primaryimage","url":"https:\/\/media.acninternational.org\/wp-content\/uploads\/2019\/11\/Nicaragua-una-Iglesia-al-lado-de-su-pueblo-image-1.jpg","contentUrl":"https:\/\/media.acninternational.org\/wp-content\/uploads\/2019\/11\/Nicaragua-una-Iglesia-al-lado-de-su-pueblo-image-1.jpg","width":1200,"height":628},{"@type":"BreadcrumbList","@id":"https:\/\/acninternational.org\/es\/documental-sobre-la-dificil-situacion-de-iglesia-de-nicaragua-premiado-en-un-certamen-cinematografico\/#breadcrumb","itemListElement":[{"@type":"ListItem","position":1,"name":"Home","item":"https:\/\/acninternational.org\/es\/"},{"@type":"ListItem","position":2,"name":"INTERVIEWS","item":"https:\/\/acninternational.org\/es\/category\/interviews-es\/"},{"@type":"ListItem","position":3,"name":"Documental sobre la dif\u00edcil situaci\u00f3n de Iglesia de Nicaragua premiado en un certamen cinematogr\u00e1fico\u00a0"}]},{"@type":"WebSite","@id":"https:\/\/acninternational.org\/es\/#website","url":"https:\/\/acninternational.org\/es\/","name":"ACN International","description":"","publisher":{"@id":"https:\/\/acninternational.org\/es\/#organization"},"potentialAction":[{"@type":"SearchAction","target":{"@type":"EntryPoint","urlTemplate":"https:\/\/acninternational.org\/es\/?s={search_term_string}"},"query-input":{"@type":"PropertyValueSpecification","valueRequired":true,"valueName":"search_term_string"}}],"inLanguage":"es"},{"@type":"Organization","@id":"https:\/\/acninternational.org\/es\/#organization","name":"Aid to the Church in Need International","url":"https:\/\/acninternational.org\/es\/","logo":{"@type":"ImageObject","inLanguage":"es","@id":"https:\/\/acninternational.org\/es\/#\/schema\/logo\/image\/","url":"https:\/\/media.acninternational.org\/wp-content\/uploads\/2019\/11\/acn_logo_blackvector.svg","contentUrl":"https:\/\/media.acninternational.org\/wp-content\/uploads\/2019\/11\/acn_logo_blackvector.svg","width":232.6,"height":78,"caption":"Aid to the Church in Need International"},"image":{"@id":"https:\/\/acninternational.org\/es\/#\/schema\/logo\/image\/"},"sameAs":["https:\/\/www.facebook.com\/acninternationalorg","https:\/\/x.com\/acn_int","https:\/\/www.youtube.com\/channel\/UCQ-077gS0TnVzkhHmf1opZw","https:\/\/www.instagram.com\/acn_international\/"]},{"@type":"Person","@id":"https:\/\/acninternational.org\/es\/#\/schema\/person\/7f3dafb236b242fb2aa46be1411fd703","name":"ACN Press Team","description":"Lorem ipsum dolor sit amet, consectetur adipiscing elit, sed do eiusmod tempor incididunt ut labore et dolore magna aliqua. Ut enim ad minim veniam, quis nostrud exercitation ullamco laboris nisi ut aliquip ex ea commodo consequat.","url":"https:\/\/acninternational.org\/es\/author\/acn-press-team\/"}]}},"_links":{"self":[{"href":"https:\/\/acninternational.org\/es\/wp-json\/wp\/v2\/posts\/155024","targetHints":{"allow":["GET"]}}],"collection":[{"href":"https:\/\/acninternational.org\/es\/wp-json\/wp\/v2\/posts"}],"about":[{"href":"https:\/\/acninternational.org\/es\/wp-json\/wp\/v2\/types\/post"}],"author":[{"embeddable":true,"href":"https:\/\/acninternational.org\/es\/wp-json\/wp\/v2\/users\/4258341447"}],"replies":[{"embeddable":true,"href":"https:\/\/acninternational.org\/es\/wp-json\/wp\/v2\/comments?post=155024"}],"version-history":[{"count":0,"href":"https:\/\/acninternational.org\/es\/wp-json\/wp\/v2\/posts\/155024\/revisions"}],"wp:featuredmedia":[{"embeddable":true,"href":"https:\/\/acninternational.org\/es\/wp-json\/wp\/v2\/media\/121038"}],"wp:attachment":[{"href":"https:\/\/acninternational.org\/es\/wp-json\/wp\/v2\/media?parent=155024"}],"wp:term":[{"taxonomy":"category","embeddable":true,"href":"https:\/\/acninternational.org\/es\/wp-json\/wp\/v2\/categories?post=155024"},{"taxonomy":"post_tag","embeddable":true,"href":"https:\/\/acninternational.org\/es\/wp-json\/wp\/v2\/tags?post=155024"},{"taxonomy":"country","embeddable":true,"href":"https:\/\/acninternational.org\/es\/wp-json\/wp\/v2\/country?post=155024"}],"curies":[{"name":"wp","href":"https:\/\/api.w.org\/{rel}","templated":true}]}}