{"id":153755,"date":"2021-06-18T15:11:14","date_gmt":"2021-06-18T13:11:14","guid":{"rendered":"https:\/\/acninternational.org\/?p=153755"},"modified":"2021-06-18T15:17:30","modified_gmt":"2021-06-18T13:17:30","slug":"dia-mundial-del-refugiado-amenaza-de-hambruna-por-la-persecucion","status":"publish","type":"post","link":"https:\/\/acninternational.org\/es\/dia-mundial-del-refugiado-amenaza-de-hambruna-por-la-persecucion\/","title":{"rendered":"D\u00eda Mundial del Refugiado: Amenaza de hambruna por la persecuci\u00f3n"},"content":{"rendered":"<p><strong><em>Millones de personas en \u00c1frica Occidental necesitan ayuda <\/em><\/strong><\/p>\n<p><em>ACN estima que m\u00e1s de 15 millones de personas se encuentran actualmente desplazadas, la mayor\u00eda en los 12 pa\u00edses africanos identificados por el Informe sobre Libertad Religiosa en el Mundo como objeto de una persecuci\u00f3n religiosa de severa a extrema. Grandes zonas agr\u00edcolas se vac\u00edan porque su poblaci\u00f3n huye para salvar la vida. Huye de mercenarios con \u00e1nimo de lucro incitados por predicadores extremistas y armados por grupos terroristas transnacionales. <\/em><\/p>\n<p><em>Mark von Riedemann, presidente del Comit\u00e9 Editorial del Informe sobre libertad religiosa en el mundo publicado por la fundaci\u00f3n Aid to the Church in Need, ofrece m\u00e1s informaci\u00f3n sobre estas cuestiones apremiantes en una entrevista con Maria Lozano.<\/em><\/p>\n<p>&nbsp;<\/p>\n<p><strong>El 20 de junio es el D\u00eda Mundial del Refugiado designado por la ONU. Una de las principales preocupaciones es, tal y como identifica el reciente <em>Informe sobre libertad religiosa<\/em> de ACN, la relaci\u00f3n entre el extremismo islamista y los desplazados internos en \u00c1frica. \u00bfExiste una relaci\u00f3n clara entre ambos?<\/strong><\/p>\n<p>Seg\u00fan los \u00faltimos datos del <em>Informe sobre libertad religiosa en el mundo<\/em> de ACN, publicado en abril de 2021, grupos religiosos de 26 pa\u00edses del mundo sufren niveles de persecuci\u00f3n entre serios y extremos, y casi el 50% de ellos -12 pa\u00edses- pertenecen a \u00c1frica.<\/p>\n<p>Aunque son muchos los factores que intervienen, algo que preocupa mucho es el extraordinario crecimiento de los grupos yihadistas locales y transnacionales, que persiguen sistem\u00e1ticamente a todos aquellos -musulmanes y cristianos- que no aceptan su ideolog\u00eda islamista extrema. Seg\u00fan un informe de enero de 2021 del ACSS (Centro de Estudios Estrat\u00e9gicos de \u00c1frica), en 2020 se produjo un aumento del 43% en la violencia de grupos islamistas en \u00c1frica. Los casi 5.000 sucesos denunciados en relaci\u00f3n con estos grupos representan un nivel de violencia sin precedentes. El desplazamiento resultante de poblaciones que huyen de la violencia, ya sea como desplazados internos o como refugiados a los pa\u00edses vecinos, es muy preocupante.<\/p>\n<p>Por ejemplo, solo en la provincia mozambique\u00f1a de Cabo Delgado, los incidentes ocasionados por la violencia de los extremistas islamistas en 2020 aumentaron un 129%, y m\u00e1s de dos tercios de los ataques se dirigieron contra civiles. En la actualidad, seg\u00fan la Organizaci\u00f3n Internacional para las Migraciones, hay m\u00e1s de 730.000 desplazados internos en las provincias de Cabo Delgado, Niassa, Nampula, Zambezia y Sofala como consecuencia del conflicto. Y la inseguridad sigue aumentando en escala, alcance y complejidad.<\/p>\n<p><img loading=\"lazy\" decoding=\"async\" class=\"alignnone size-full wp-image-153756\" src=\"https:\/\/media.acninternational.org\/wp-content\/uploads\/2021\/06\/refugees_670x400-1.jpg\" alt=\"\" width=\"670\" height=\"400\" srcset=\"https:\/\/media.acninternational.org\/wp-content\/uploads\/2021\/06\/refugees_670x400-1.jpg 670w, https:\/\/media.acninternational.org\/wp-content\/uploads\/2021\/06\/refugees_670x400-1-300x179.jpg 300w\" sizes=\"auto, (max-width: 670px) 100vw, 670px\" \/><\/p>\n<p><strong>\u00bfQui\u00e9nes son esos grupos yihadistas?<\/strong><\/p>\n<p>En muchos casos son mercenarios que buscan lucrarse o combatientes locales que persiguen intereses locales. Sin embargo, estos \u00faltimos, incitados por predicadores extremistas y armados por grupos terroristas transnacionales, comienzan a atacar a las autoridades estatales, al ej\u00e9rcito y a la polic\u00eda, as\u00ed como a los civiles, incluidos los l\u00edderes de las aldeas, los maestros (que son amenazados por el plan de estudios laico) y los musulmanes moderados y cristianos.<\/p>\n<p>La violencia es a menudo inimaginable. En la provincia de Cabo Delgado del norte de Mozambique, a principios de noviembre de 2020, quince ni\u00f1os varones y cinco adultos fueron decapitados con machetes por militantes islamistas durante un rito de iniciaci\u00f3n para adolescentes. Estas masacres se produjeron despu\u00e9s de un ataque masivo anterior, en abril de 2020, en el que se calcula que murieron 52 hombres tras negarse a engrosar las filas de los yihadistas. Como puede imaginar, la ferocidad de la violencia y la inseguridad resultante ha obligado a huir a poblaciones enteras.<\/p>\n<p>&nbsp;<\/p>\n<p><strong>\u00bfCu\u00e1ntos desplazados internos hay y c\u00f3mo ha establecido ACN la relaci\u00f3n entre la persecuci\u00f3n religiosa y los desplazados internos? <\/strong><\/p>\n<p>Tras cruzar informaci\u00f3n del Centro de Supervisi\u00f3n de Desplazamientos Internos, su <em>Informe Global sobre Desplazamientos Internos<\/em> y la <em>Matriz de Seguimiento de Desplazamientos<\/em> de la Organizaci\u00f3n Internacional para las Migraciones, ACN estima que m\u00e1s de 15 millones de personas se encuentran actualmente desplazadas internamente, la mayor\u00eda en los 12 pa\u00edses africanos identificados por el <em>Informe<\/em> <em>sobre Libertad Religiosa en el Mundo<\/em> como objeto de una persecuci\u00f3n religiosa de severa a extrema.<\/p>\n<p>Las consecuencias sociales, econ\u00f3micas, pol\u00edticas y religiosas de este desplazamiento para \u00c1frica y para la comunidad internacional son considerables, y si no se toman medidas, lo peor est\u00e1 por llegar.<\/p>\n<p>&nbsp;<\/p>\n<p><strong>\u00bfCu\u00e1l cree que es el problema m\u00e1s grave resultante de esta persecuci\u00f3n y este terror? <\/strong><\/p>\n<p>Quiz\u00e1 la preocupaci\u00f3n m\u00e1s inmediata sea la hambruna. Seg\u00fan la ONU, el 30,5% de la econom\u00eda del \u00c1frica Occidental es agr\u00edcola, y constituye la mayor fuente de ingresos y medios de sustento para el 70-80% de la poblaci\u00f3n. La mayor\u00eda de los desplazados internos proceden de comunidades rurales; son campesinos expulsados de sus tierras por los ataques de militantes islamistas y grupos terroristas. El impacto de la violencia no se limita a la destrucci\u00f3n de infraestructuras, la p\u00e9rdida de ganado y el desplazamiento de los agricultores de sus tierras, sino que adem\u00e1s -debido a la inseguridad- les impide regresar para la cosecha. Esto, combinado con el aumento de los precios de los alimentos a causa de la pandemia del coronavirus, hace presagiar una futura hambruna provocada por el hombre en muchos de estos pa\u00edses. Seg\u00fan el Centro de Estudios Estrat\u00e9gicos de \u00c1frica, solo en Mal\u00ed y Burkina Faso la violencia extremista ya ha provocado una inseguridad alimentaria que afecta a m\u00e1s de tres millones de personas.<\/p>\n<p><img loading=\"lazy\" decoding=\"async\" class=\"alignnone size-full wp-image-153661\" src=\"https:\/\/media.acninternational.org\/wp-content\/uploads\/2021\/06\/refugees_670x400.png\" alt=\"\" width=\"670\" height=\"400\" srcset=\"https:\/\/media.acninternational.org\/wp-content\/uploads\/2021\/06\/refugees_670x400.png 670w, https:\/\/media.acninternational.org\/wp-content\/uploads\/2021\/06\/refugees_670x400-300x179.png 300w\" sizes=\"auto, (max-width: 670px) 100vw, 670px\" \/><\/p>\n<p><strong>\u00bfCu\u00e1les ser\u00e1n las consecuencias a largo plazo y qu\u00e9 consecuencias tendr\u00e1 para la libertad religiosa?<\/strong><\/p>\n<p>Si no se controla, el ciclo de violencia, desplazamiento y hambruna seguir\u00e1 degrad\u00e1ndose, provocando ulteriores consecuencias a largo plazo como declive econ\u00f3mico, inestabilidad pol\u00edtica, profundas fisuras entre las comunidades \u00e9tnicas y, finalmente, la destrucci\u00f3n del pluralismo religioso tradicional. Esta \u00faltima preocupaci\u00f3n es especialmente grave en \u00e1reas donde musulmanes y cristianos han convivido hasta ahora en paz. \u00a0Aunque musulmanes y cristianos sean igualmente v\u00edctimas de la violencia extremista, con la creciente radicalizaci\u00f3n islamista, los cristianos tienden a convertirse cada vez m\u00e1s en un objetivo espec\u00edfico de los terroristas, elimin\u00e1ndose as\u00ed el pluralismo caracter\u00edstico y religioso -y la armon\u00eda- de la regi\u00f3n. Frustrados por la pobreza absoluta, los j\u00f3venes, vulnerables al reclutamiento extremista, seguir\u00e1n sinti\u00e9ndose atra\u00eddos por el atractivo de la riqueza y el poder, prolong\u00e1ndose as\u00ed la crisis. Al final, la combinaci\u00f3n de estos factores forzar\u00e1 a la comunidad internacional a reaccionar, sobre todo por inter\u00e9s propio resultante de la creciente migraci\u00f3n dentro de \u00c1frica y tambi\u00e9n hacia fuera de \u00c1frica. Esperamos que, a esta altura, no sea demasiado tarde para que las poblaciones locales recuperen una paz duradera.<\/p>\n<p>&nbsp;<\/p>\n<p><strong>\u00bfCu\u00e1les son los pa\u00edses m\u00e1s afectados por ello?<\/strong><\/p>\n<p>Aunque una de las peores situaciones, seg\u00fan la Oficina de Coordinaci\u00f3n de Asuntos Humanitarios (OCHA), se da en la Rep\u00fablica Democr\u00e1tica del Congo, con casi 22 millones de personas en situaci\u00f3n de inseguridad alimentaria aguda -la cifra m\u00e1s alta del mundo-, otra zona muy preocupante es Burkina Faso debido a la ferocidad de la violencia y al r\u00e1pido aumento de los desplazados internos. Seg\u00fan la misma fuente, se trata de la crisis de desplazados de m\u00e1s r\u00e1pido crecimiento del mundo. As\u00ed, en solo dos a\u00f1os, m\u00e1s de un mill\u00f3n de personas se han visto obligadas a abandonar sus hogares y, entre enero de 2020 y enero de 2021, las personas que necesitan ayuda humanitaria han aumentado hasta los 3,5 millones, lo que supone un incremento del 60% en un a\u00f1o.<\/p>\n","protected":false},"excerpt":{"rendered":"<p>Millones de personas en \u00c1frica Occidental necesitan ayuda  ACN estima que m\u00e1s de 15 millones de personas se encuentran<\/p>\n","protected":false},"author":4258341447,"featured_media":153762,"comment_status":"closed","ping_status":"closed","sticky":false,"template":"","format":"standard","meta":{"_acf_changed":false,"_acn_coauthor_ids":[],"footnotes":""},"categories":[745],"tags":[],"country":[],"class_list":["post-153755","post","type-post","status-publish","format-standard","has-post-thumbnail","hentry","category-entrevistas"],"acn_coauthors":[],"acf":[],"yoast_head":"<!-- This site is optimized with the Yoast SEO Premium plugin v27.3 (Yoast SEO v27.3) - https:\/\/yoast.com\/product\/yoast-seo-premium-wordpress\/ -->\n<title>D\u00eda Mundial del Refugiado: Hambruna y persecuci\u00f3n | ACN International<\/title>\n<meta name=\"description\" content=\"El desplazamiento de personas que huyen de la violencia, como desplazados internos o refugiados a los pa\u00edses vecinos, es muy preocupante.\" \/>\n<meta name=\"robots\" content=\"index, follow, max-snippet:-1, max-image-preview:large, max-video-preview:-1\" \/>\n<link rel=\"canonical\" href=\"https:\/\/acninternational.org\/es\/dia-mundial-del-refugiado-amenaza-de-hambruna-por-la-persecucion\/\" \/>\n<meta property=\"og:locale\" content=\"es_ES\" \/>\n<meta property=\"og:type\" content=\"article\" \/>\n<meta property=\"og:title\" content=\"D\u00eda Mundial del Refugiado: Amenaza de hambruna por la persecuci\u00f3n\" \/>\n<meta property=\"og:description\" content=\"El desplazamiento de personas que huyen de la violencia, como desplazados internos o refugiados a los pa\u00edses vecinos, es muy preocupante.\" \/>\n<meta property=\"og:url\" content=\"https:\/\/acninternational.org\/es\/dia-mundial-del-refugiado-amenaza-de-hambruna-por-la-persecucion\/\" \/>\n<meta property=\"og:site_name\" content=\"ACN International\" \/>\n<meta property=\"article:publisher\" content=\"https:\/\/www.facebook.com\/acninternationalorg\" \/>\n<meta property=\"article:published_time\" content=\"2021-06-18T13:11:14+00:00\" \/>\n<meta property=\"article:modified_time\" content=\"2021-06-18T13:17:30+00:00\" \/>\n<meta property=\"og:image\" content=\"https:\/\/media.acninternational.org\/wp-content\/uploads\/2021\/06\/refugees_1400x438-1.jpg\" \/>\n\t<meta property=\"og:image:width\" content=\"1400\" \/>\n\t<meta property=\"og:image:height\" content=\"438\" \/>\n\t<meta property=\"og:image:type\" content=\"image\/jpeg\" \/>\n<meta name=\"author\" content=\"ACN Press Team\" \/>\n<meta name=\"twitter:card\" content=\"summary_large_image\" \/>\n<meta name=\"twitter:creator\" content=\"@acn_int\" \/>\n<meta name=\"twitter:site\" content=\"@acn_int\" \/>\n<meta name=\"twitter:label1\" content=\"Escrito por\" \/>\n\t<meta name=\"twitter:data1\" content=\"ACN Press Team\" \/>\n\t<meta name=\"twitter:label2\" content=\"Tiempo de lectura\" \/>\n\t<meta name=\"twitter:data2\" content=\"6 minutos\" \/>\n<script type=\"application\/ld+json\" class=\"yoast-schema-graph\">{\"@context\":\"https:\\\/\\\/schema.org\",\"@graph\":[{\"@type\":\"Article\",\"@id\":\"https:\\\/\\\/acninternational.org\\\/es\\\/dia-mundial-del-refugiado-amenaza-de-hambruna-por-la-persecucion\\\/#article\",\"isPartOf\":{\"@id\":\"https:\\\/\\\/acninternational.org\\\/es\\\/dia-mundial-del-refugiado-amenaza-de-hambruna-por-la-persecucion\\\/\"},\"author\":{\"name\":\"ACN Press Team\",\"@id\":\"https:\\\/\\\/acninternational.org\\\/es\\\/#\\\/schema\\\/person\\\/7f3dafb236b242fb2aa46be1411fd703\"},\"headline\":\"D\u00eda Mundial del Refugiado: Amenaza de hambruna por la persecuci\u00f3n\",\"datePublished\":\"2021-06-18T13:11:14+00:00\",\"dateModified\":\"2021-06-18T13:17:30+00:00\",\"mainEntityOfPage\":{\"@id\":\"https:\\\/\\\/acninternational.org\\\/es\\\/dia-mundial-del-refugiado-amenaza-de-hambruna-por-la-persecucion\\\/\"},\"wordCount\":1298,\"publisher\":{\"@id\":\"https:\\\/\\\/acninternational.org\\\/es\\\/#organization\"},\"image\":{\"@id\":\"https:\\\/\\\/acninternational.org\\\/es\\\/dia-mundial-del-refugiado-amenaza-de-hambruna-por-la-persecucion\\\/#primaryimage\"},\"thumbnailUrl\":\"https:\\\/\\\/media.acninternational.org\\\/wp-content\\\/uploads\\\/2021\\\/06\\\/refugees_1400x438-1.jpg\",\"articleSection\":[\"ENTREVISTAS\"],\"inLanguage\":\"es\"},{\"@type\":\"WebPage\",\"@id\":\"https:\\\/\\\/acninternational.org\\\/es\\\/dia-mundial-del-refugiado-amenaza-de-hambruna-por-la-persecucion\\\/\",\"url\":\"https:\\\/\\\/acninternational.org\\\/es\\\/dia-mundial-del-refugiado-amenaza-de-hambruna-por-la-persecucion\\\/\",\"name\":\"D\u00eda Mundial del Refugiado: Hambruna y persecuci\u00f3n | ACN International\",\"isPartOf\":{\"@id\":\"https:\\\/\\\/acninternational.org\\\/es\\\/#website\"},\"primaryImageOfPage\":{\"@id\":\"https:\\\/\\\/acninternational.org\\\/es\\\/dia-mundial-del-refugiado-amenaza-de-hambruna-por-la-persecucion\\\/#primaryimage\"},\"image\":{\"@id\":\"https:\\\/\\\/acninternational.org\\\/es\\\/dia-mundial-del-refugiado-amenaza-de-hambruna-por-la-persecucion\\\/#primaryimage\"},\"thumbnailUrl\":\"https:\\\/\\\/media.acninternational.org\\\/wp-content\\\/uploads\\\/2021\\\/06\\\/refugees_1400x438-1.jpg\",\"datePublished\":\"2021-06-18T13:11:14+00:00\",\"dateModified\":\"2021-06-18T13:17:30+00:00\",\"description\":\"El desplazamiento de personas que huyen de la violencia, como desplazados internos o refugiados a los pa\u00edses vecinos, es muy preocupante.\",\"breadcrumb\":{\"@id\":\"https:\\\/\\\/acninternational.org\\\/es\\\/dia-mundial-del-refugiado-amenaza-de-hambruna-por-la-persecucion\\\/#breadcrumb\"},\"inLanguage\":\"es\",\"potentialAction\":[{\"@type\":\"ReadAction\",\"target\":[\"https:\\\/\\\/acninternational.org\\\/es\\\/dia-mundial-del-refugiado-amenaza-de-hambruna-por-la-persecucion\\\/\"]}]},{\"@type\":\"ImageObject\",\"inLanguage\":\"es\",\"@id\":\"https:\\\/\\\/acninternational.org\\\/es\\\/dia-mundial-del-refugiado-amenaza-de-hambruna-por-la-persecucion\\\/#primaryimage\",\"url\":\"https:\\\/\\\/media.acninternational.org\\\/wp-content\\\/uploads\\\/2021\\\/06\\\/refugees_1400x438-1.jpg\",\"contentUrl\":\"https:\\\/\\\/media.acninternational.org\\\/wp-content\\\/uploads\\\/2021\\\/06\\\/refugees_1400x438-1.jpg\",\"width\":1400,\"height\":438},{\"@type\":\"BreadcrumbList\",\"@id\":\"https:\\\/\\\/acninternational.org\\\/es\\\/dia-mundial-del-refugiado-amenaza-de-hambruna-por-la-persecucion\\\/#breadcrumb\",\"itemListElement\":[{\"@type\":\"ListItem\",\"position\":1,\"name\":\"Home\",\"item\":\"https:\\\/\\\/acninternational.org\\\/es\\\/\"},{\"@type\":\"ListItem\",\"position\":2,\"name\":\"INTERVIEWS\",\"item\":\"https:\\\/\\\/acninternational.org\\\/es\\\/category\\\/interviews-es\\\/\"},{\"@type\":\"ListItem\",\"position\":3,\"name\":\"D\u00eda Mundial del Refugiado: Amenaza de hambruna por la persecuci\u00f3n\"}]},{\"@type\":\"WebSite\",\"@id\":\"https:\\\/\\\/acninternational.org\\\/es\\\/#website\",\"url\":\"https:\\\/\\\/acninternational.org\\\/es\\\/\",\"name\":\"ACN International\",\"description\":\"\",\"publisher\":{\"@id\":\"https:\\\/\\\/acninternational.org\\\/es\\\/#organization\"},\"potentialAction\":[{\"@type\":\"SearchAction\",\"target\":{\"@type\":\"EntryPoint\",\"urlTemplate\":\"https:\\\/\\\/acninternational.org\\\/es\\\/?s={search_term_string}\"},\"query-input\":{\"@type\":\"PropertyValueSpecification\",\"valueRequired\":true,\"valueName\":\"search_term_string\"}}],\"inLanguage\":\"es\"},{\"@type\":\"Organization\",\"@id\":\"https:\\\/\\\/acninternational.org\\\/es\\\/#organization\",\"name\":\"Aid to the Church in Need International\",\"url\":\"https:\\\/\\\/acninternational.org\\\/es\\\/\",\"logo\":{\"@type\":\"ImageObject\",\"inLanguage\":\"es\",\"@id\":\"https:\\\/\\\/acninternational.org\\\/es\\\/#\\\/schema\\\/logo\\\/image\\\/\",\"url\":\"https:\\\/\\\/media.acninternational.org\\\/wp-content\\\/uploads\\\/2019\\\/11\\\/acn_logo_blackvector.svg\",\"contentUrl\":\"https:\\\/\\\/media.acninternational.org\\\/wp-content\\\/uploads\\\/2019\\\/11\\\/acn_logo_blackvector.svg\",\"width\":232.6,\"height\":78,\"caption\":\"Aid to the Church in Need International\"},\"image\":{\"@id\":\"https:\\\/\\\/acninternational.org\\\/es\\\/#\\\/schema\\\/logo\\\/image\\\/\"},\"sameAs\":[\"https:\\\/\\\/www.facebook.com\\\/acninternationalorg\",\"https:\\\/\\\/x.com\\\/acn_int\",\"https:\\\/\\\/www.youtube.com\\\/channel\\\/UCQ-077gS0TnVzkhHmf1opZw\",\"https:\\\/\\\/www.instagram.com\\\/acn_international\\\/\"]},{\"@type\":\"Person\",\"@id\":\"https:\\\/\\\/acninternational.org\\\/es\\\/#\\\/schema\\\/person\\\/7f3dafb236b242fb2aa46be1411fd703\",\"name\":\"ACN Press Team\",\"description\":\"Lorem ipsum dolor sit amet, consectetur adipiscing elit, sed do eiusmod tempor incididunt ut labore et dolore magna aliqua. Ut enim ad minim veniam, quis nostrud exercitation ullamco laboris nisi ut aliquip ex ea commodo consequat.\",\"url\":\"https:\\\/\\\/acninternational.org\\\/es\\\/author\\\/acn-press-team\\\/\"}]}<\/script>\n<!-- \/ Yoast SEO Premium plugin. -->","yoast_head_json":{"title":"D\u00eda Mundial del Refugiado: Hambruna y persecuci\u00f3n | ACN International","description":"El desplazamiento de personas que huyen de la violencia, como desplazados internos o refugiados a los pa\u00edses vecinos, es muy preocupante.","robots":{"index":"index","follow":"follow","max-snippet":"max-snippet:-1","max-image-preview":"max-image-preview:large","max-video-preview":"max-video-preview:-1"},"canonical":"https:\/\/acninternational.org\/es\/dia-mundial-del-refugiado-amenaza-de-hambruna-por-la-persecucion\/","og_locale":"es_ES","og_type":"article","og_title":"D\u00eda Mundial del Refugiado: Amenaza de hambruna por la persecuci\u00f3n","og_description":"El desplazamiento de personas que huyen de la violencia, como desplazados internos o refugiados a los pa\u00edses vecinos, es muy preocupante.","og_url":"https:\/\/acninternational.org\/es\/dia-mundial-del-refugiado-amenaza-de-hambruna-por-la-persecucion\/","og_site_name":"ACN International","article_publisher":"https:\/\/www.facebook.com\/acninternationalorg","article_published_time":"2021-06-18T13:11:14+00:00","article_modified_time":"2021-06-18T13:17:30+00:00","og_image":[{"width":1400,"height":438,"url":"https:\/\/media.acninternational.org\/wp-content\/uploads\/2021\/06\/refugees_1400x438-1.jpg","type":"image\/jpeg"}],"author":"ACN Press Team","twitter_card":"summary_large_image","twitter_creator":"@acn_int","twitter_site":"@acn_int","twitter_misc":{"Escrito por":"ACN Press Team","Tiempo de lectura":"6 minutos"},"schema":{"@context":"https:\/\/schema.org","@graph":[{"@type":"Article","@id":"https:\/\/acninternational.org\/es\/dia-mundial-del-refugiado-amenaza-de-hambruna-por-la-persecucion\/#article","isPartOf":{"@id":"https:\/\/acninternational.org\/es\/dia-mundial-del-refugiado-amenaza-de-hambruna-por-la-persecucion\/"},"author":{"name":"ACN Press Team","@id":"https:\/\/acninternational.org\/es\/#\/schema\/person\/7f3dafb236b242fb2aa46be1411fd703"},"headline":"D\u00eda Mundial del Refugiado: Amenaza de hambruna por la persecuci\u00f3n","datePublished":"2021-06-18T13:11:14+00:00","dateModified":"2021-06-18T13:17:30+00:00","mainEntityOfPage":{"@id":"https:\/\/acninternational.org\/es\/dia-mundial-del-refugiado-amenaza-de-hambruna-por-la-persecucion\/"},"wordCount":1298,"publisher":{"@id":"https:\/\/acninternational.org\/es\/#organization"},"image":{"@id":"https:\/\/acninternational.org\/es\/dia-mundial-del-refugiado-amenaza-de-hambruna-por-la-persecucion\/#primaryimage"},"thumbnailUrl":"https:\/\/media.acninternational.org\/wp-content\/uploads\/2021\/06\/refugees_1400x438-1.jpg","articleSection":["ENTREVISTAS"],"inLanguage":"es"},{"@type":"WebPage","@id":"https:\/\/acninternational.org\/es\/dia-mundial-del-refugiado-amenaza-de-hambruna-por-la-persecucion\/","url":"https:\/\/acninternational.org\/es\/dia-mundial-del-refugiado-amenaza-de-hambruna-por-la-persecucion\/","name":"D\u00eda Mundial del Refugiado: Hambruna y persecuci\u00f3n | ACN International","isPartOf":{"@id":"https:\/\/acninternational.org\/es\/#website"},"primaryImageOfPage":{"@id":"https:\/\/acninternational.org\/es\/dia-mundial-del-refugiado-amenaza-de-hambruna-por-la-persecucion\/#primaryimage"},"image":{"@id":"https:\/\/acninternational.org\/es\/dia-mundial-del-refugiado-amenaza-de-hambruna-por-la-persecucion\/#primaryimage"},"thumbnailUrl":"https:\/\/media.acninternational.org\/wp-content\/uploads\/2021\/06\/refugees_1400x438-1.jpg","datePublished":"2021-06-18T13:11:14+00:00","dateModified":"2021-06-18T13:17:30+00:00","description":"El desplazamiento de personas que huyen de la violencia, como desplazados internos o refugiados a los pa\u00edses vecinos, es muy preocupante.","breadcrumb":{"@id":"https:\/\/acninternational.org\/es\/dia-mundial-del-refugiado-amenaza-de-hambruna-por-la-persecucion\/#breadcrumb"},"inLanguage":"es","potentialAction":[{"@type":"ReadAction","target":["https:\/\/acninternational.org\/es\/dia-mundial-del-refugiado-amenaza-de-hambruna-por-la-persecucion\/"]}]},{"@type":"ImageObject","inLanguage":"es","@id":"https:\/\/acninternational.org\/es\/dia-mundial-del-refugiado-amenaza-de-hambruna-por-la-persecucion\/#primaryimage","url":"https:\/\/media.acninternational.org\/wp-content\/uploads\/2021\/06\/refugees_1400x438-1.jpg","contentUrl":"https:\/\/media.acninternational.org\/wp-content\/uploads\/2021\/06\/refugees_1400x438-1.jpg","width":1400,"height":438},{"@type":"BreadcrumbList","@id":"https:\/\/acninternational.org\/es\/dia-mundial-del-refugiado-amenaza-de-hambruna-por-la-persecucion\/#breadcrumb","itemListElement":[{"@type":"ListItem","position":1,"name":"Home","item":"https:\/\/acninternational.org\/es\/"},{"@type":"ListItem","position":2,"name":"INTERVIEWS","item":"https:\/\/acninternational.org\/es\/category\/interviews-es\/"},{"@type":"ListItem","position":3,"name":"D\u00eda Mundial del Refugiado: Amenaza de hambruna por la persecuci\u00f3n"}]},{"@type":"WebSite","@id":"https:\/\/acninternational.org\/es\/#website","url":"https:\/\/acninternational.org\/es\/","name":"ACN International","description":"","publisher":{"@id":"https:\/\/acninternational.org\/es\/#organization"},"potentialAction":[{"@type":"SearchAction","target":{"@type":"EntryPoint","urlTemplate":"https:\/\/acninternational.org\/es\/?s={search_term_string}"},"query-input":{"@type":"PropertyValueSpecification","valueRequired":true,"valueName":"search_term_string"}}],"inLanguage":"es"},{"@type":"Organization","@id":"https:\/\/acninternational.org\/es\/#organization","name":"Aid to the Church in Need International","url":"https:\/\/acninternational.org\/es\/","logo":{"@type":"ImageObject","inLanguage":"es","@id":"https:\/\/acninternational.org\/es\/#\/schema\/logo\/image\/","url":"https:\/\/media.acninternational.org\/wp-content\/uploads\/2019\/11\/acn_logo_blackvector.svg","contentUrl":"https:\/\/media.acninternational.org\/wp-content\/uploads\/2019\/11\/acn_logo_blackvector.svg","width":232.6,"height":78,"caption":"Aid to the Church in Need International"},"image":{"@id":"https:\/\/acninternational.org\/es\/#\/schema\/logo\/image\/"},"sameAs":["https:\/\/www.facebook.com\/acninternationalorg","https:\/\/x.com\/acn_int","https:\/\/www.youtube.com\/channel\/UCQ-077gS0TnVzkhHmf1opZw","https:\/\/www.instagram.com\/acn_international\/"]},{"@type":"Person","@id":"https:\/\/acninternational.org\/es\/#\/schema\/person\/7f3dafb236b242fb2aa46be1411fd703","name":"ACN Press Team","description":"Lorem ipsum dolor sit amet, consectetur adipiscing elit, sed do eiusmod tempor incididunt ut labore et dolore magna aliqua. Ut enim ad minim veniam, quis nostrud exercitation ullamco laboris nisi ut aliquip ex ea commodo consequat.","url":"https:\/\/acninternational.org\/es\/author\/acn-press-team\/"}]}},"_links":{"self":[{"href":"https:\/\/acninternational.org\/es\/wp-json\/wp\/v2\/posts\/153755","targetHints":{"allow":["GET"]}}],"collection":[{"href":"https:\/\/acninternational.org\/es\/wp-json\/wp\/v2\/posts"}],"about":[{"href":"https:\/\/acninternational.org\/es\/wp-json\/wp\/v2\/types\/post"}],"author":[{"embeddable":true,"href":"https:\/\/acninternational.org\/es\/wp-json\/wp\/v2\/users\/4258341447"}],"replies":[{"embeddable":true,"href":"https:\/\/acninternational.org\/es\/wp-json\/wp\/v2\/comments?post=153755"}],"version-history":[{"count":0,"href":"https:\/\/acninternational.org\/es\/wp-json\/wp\/v2\/posts\/153755\/revisions"}],"wp:featuredmedia":[{"embeddable":true,"href":"https:\/\/acninternational.org\/es\/wp-json\/wp\/v2\/media\/153762"}],"wp:attachment":[{"href":"https:\/\/acninternational.org\/es\/wp-json\/wp\/v2\/media?parent=153755"}],"wp:term":[{"taxonomy":"category","embeddable":true,"href":"https:\/\/acninternational.org\/es\/wp-json\/wp\/v2\/categories?post=153755"},{"taxonomy":"post_tag","embeddable":true,"href":"https:\/\/acninternational.org\/es\/wp-json\/wp\/v2\/tags?post=153755"},{"taxonomy":"country","embeddable":true,"href":"https:\/\/acninternational.org\/es\/wp-json\/wp\/v2\/country?post=153755"}],"curies":[{"name":"wp","href":"https:\/\/api.w.org\/{rel}","templated":true}]}}