{"id":152614,"date":"2021-06-14T09:33:34","date_gmt":"2021-06-14T07:33:34","guid":{"rendered":"https:\/\/acninternational.org\/?p=152614"},"modified":"2021-06-14T09:44:24","modified_gmt":"2021-06-14T07:44:24","slug":"mozambique-un-sacerdote-denuncia-el-secuestro-por-yihadistas-de-centenares-de-ninos-para-futuros-ataques","status":"publish","type":"post","link":"https:\/\/acninternational.org\/es\/mozambique-un-sacerdote-denuncia-el-secuestro-por-yihadistas-de-centenares-de-ninos-para-futuros-ataques\/","title":{"rendered":"Mozambique: Un sacerdote denuncia el secuestro por yihadistas de \u201ccentenares\u201d de ni\u00f1os para futuros ataques"},"content":{"rendered":"<p>\u201cSon heridas dif\u00edciles de curar\u201d. Seg\u00fan se\u00f1ala el P. Kwiriwi Fonseca de la di\u00f3cesis de Pemba a la fundaci\u00f3n Aid to the Church in Need (ACN), adem\u00e1s de los m\u00e1s de 2.500 muertos y m\u00e1s de 750.000 desplazados provocados desde octubre de 2017 por los ataques terroristas en Cabo Delgado, hay un elevado n\u00famero de personas raptadas, fundamentalmente, ni\u00f1os y ni\u00f1as.<\/p>\n<p>No hay estad\u00edsticas oficiales al respecto, pero el P. Fonseca no duda en afirmar: \u201cPodemos hablar de cientos, si contamos todos los pueblos donde ha habido secuestros podemos se\u00f1alar ese n\u00famero\u201d. Seg\u00fan el sacerdote, los j\u00f3venes son secuestrados con objetivos muy concretos: \u201cLos terroristas utilizan a los ni\u00f1os para entrenarlos y adherirlos a sus filas, mientras que a las ni\u00f1as las violan y las convierten en sus esposas. A algunas, cuando ya no les interesan, las echan\u201d.<\/p>\n<p>Encargado de las comunicaciones en la di\u00f3cesis de Pemba, el P. Fonseca mantiene contacto con decenas de v\u00edctimas desplazadas por la violencia terrorista y est\u00e1 en constante contacto con otros sacerdotes y religiosas de la provincia de Cabo Delgado.<\/p>\n<p><strong>Religiosas entre los secuestrados<\/strong><\/p>\n<p>Una de las personas que lo alert\u00f3 acerca de esta realidad fue la religiosa Eliane da Costa. Esta brasile\u00f1a se encontraba en Moc\u00edmboa da Praia, en agosto del a\u00f1o pasado, cuando la ciudad costera cay\u00f3 en manos de los terroristas, despu\u00e9s de lo cual, decenas de personas fueron raptadas. La religiosa fue secuestrada junto con otra religiosa, la Hna. In\u00e9s Ramos, ambas de la congregaci\u00f3n de San Jos\u00e9 de Chamb\u00e9ry.<\/p>\n<p>\u201cLa Hna. Eliane pas\u00f3 24 d\u00edas entre los terroristas, en el monte, y me pidi\u00f3: \u2018Padre Fonseca, no se olvide de las personas raptadas, sobre todo de los ni\u00f1os y adolescentes que son entrenados para ser terroristas\u2019\u201d, recuerda el P. Kwiriwi Fonseca en una entrevista v\u00eda Zoom con la fundaci\u00f3n pontificia ACN.<\/p>\n<figure id=\"attachment_152606\" aria-describedby=\"caption-attachment-152606\" style=\"width: 670px\" class=\"wp-caption alignnone\"><img loading=\"lazy\" decoding=\"async\" class=\"wp-image-152606 size-full\" src=\"https:\/\/media.acninternational.org\/wp-content\/uploads\/2021\/06\/Mozambique_kids2.jpg\" alt=\"Seg\u00fan se\u00f1ala el P. Kwiriwi Fonseca de la di\u00f3cesis de Pemba hay un elevado n\u00famero de personas raptadas, fundamentalmente, ni\u00f1os y ni\u00f1as.\" width=\"670\" height=\"400\" srcset=\"https:\/\/media.acninternational.org\/wp-content\/uploads\/2021\/06\/Mozambique_kids2.jpg 670w, https:\/\/media.acninternational.org\/wp-content\/uploads\/2021\/06\/Mozambique_kids2-300x179.jpg 300w\" sizes=\"auto, (max-width: 670px) 100vw, 670px\" \/><figcaption id=\"caption-attachment-152606\" class=\"wp-caption-text\">Seg\u00fan se\u00f1ala el P. Kwiriwi Fonseca de la di\u00f3cesis de Pemba hay un elevado n\u00famero de personas raptadas, fundamentalmente, ni\u00f1os y ni\u00f1as.<\/figcaption><\/figure>\n<p><strong>Raptaron a sus hijos y degollaron a su marido<\/strong><\/p>\n<p>Otro escenario de ataques ha sido Mucojo, un puesto administrativo costero del distrito de Macomia. Ah\u00ed vive Mina, una mujer derrotada\u00a0 por sus propios recuerdos. Cada vez que recuerda lo que le pas\u00f3, lo que les pas\u00f3 a sus familiares -a su marido, a sus hijos y a su hermano-, es como si se abriera de nuevo una herida que se empe\u00f1a en no cicatrizar.<\/p>\n<p>El padre Fonseca fue a visitarla y escuch\u00f3 su dolor:\u00a0\u201cCinco hombres aparecieron all\u00ed por sorpresa y los lugare\u00f1os se dieron cuenta de que eran terroristas de Al-Shabaab. Los terroristas encontraron a Mina con su marido, su hermano y sus cuatro hijos\u2026 y les dijeron: \u2018Nos vamos a llevar a estos dos ni\u00f1os\u2019. Lo cierto es que se llevaron a tres, uno de 14, otro de 12 y otro de 10 a\u00f1os. Ataron al marido y al hermano e insistieron en que la mujer se fuera porque iban a matarlos. Ella se neg\u00f3. Entonces, presenci\u00f3 c\u00f3mo degollaban a su marido y a su hermano,\u00a0 tambi\u00e9n lo presenci\u00f3 su hija de dos o tres a\u00f1os. Hoy d\u00eda, esta ni\u00f1a contin\u00faa asustada e insiste en que vuelvan a la aldea para ver a su padre. Ella presenci\u00f3 toda la escena\u201d.<\/p>\n<p>https:\/\/www.youtube.com\/watch?v=ug7i0nnJ5MU<\/p>\n<p><strong>\u00bfQu\u00e9 futuro les espera a los j\u00f3venes raptados?<\/strong><\/p>\n<p>El P. Fonseca no alberga ninguna duda de que estos chicos est\u00e1n siendo sometidos a procesos de radicalizaci\u00f3n para ser incorporados a las filas terroristas. \u201cCreo que la radicalizaci\u00f3n es el objetivo. Estamos hablando de j\u00f3venes y ni\u00f1os que dejaron sus casas el a\u00f1o pasado o el\u00a0 anterior&#8230; es mucho tiempo en contacto con el mal y acabas asimilando el mal. La interacci\u00f3n puede convertirlos en los peores terroristas\u2026\u201d.<\/p>\n<p>Esta situaci\u00f3n plantea numerosos interrogantes, incluso desde una perspectiva militar. Estos ni\u00f1os y j\u00f3venes han sido apartados a la fuerza de sus familias, de sus aldeas y del entorno en el que siempre han vivido. \u201cSi se intensifica esta guerra y socios internacionales, otros Gobiernos y pa\u00edses pretenden ayudar a Mozambique a eliminar a los terroristas, \u00bfqu\u00e9 significar\u00e1 eso?\u00bb, se pregunta el P. Kwiriwi Fonseca. \u201cSignifica que tambi\u00e9n podr\u00edan morir muchos inocentes\u2026\u201d.<\/p>\n<p>&nbsp;<\/p>\n","protected":false},"excerpt":{"rendered":"<p>\u201cSon heridas dif\u00edciles de curar\u201d. Seg\u00fan se\u00f1ala el P. Kwiriwi Fonseca de la di\u00f3cesis de Pemba a la fundaci\u00f3n Aid<\/p>\n","protected":false},"author":4258341447,"featured_media":152612,"comment_status":"closed","ping_status":"closed","sticky":false,"template":"","format":"standard","meta":{"_acf_changed":false,"_acn_coauthor_ids":[],"footnotes":""},"categories":[746,1254],"tags":[],"country":[418],"class_list":["post-152614","post","type-post","status-publish","format-standard","has-post-thumbnail","hentry","category-noticias","category-news-es","country-mozambique-es"],"acn_coauthors":[],"acf":[],"yoast_head":"<!-- This site is optimized with the Yoast SEO Premium plugin v27.3 (Yoast SEO v27.3) - https:\/\/yoast.com\/product\/yoast-seo-premium-wordpress\/ -->\n<title>Mozambique: Un sacerdote denuncia el secuestro por yihadistas de \u201ccentenares\u201d de ni\u00f1os para futuros ataques | ACN International<\/title>\n<meta name=\"description\" content=\"\u201cSon heridas dif\u00edciles de curar\u201d. Seg\u00fan se\u00f1ala el P. Kwiriwi Fonseca de la di\u00f3cesis de Pemba (Mozambique).\" \/>\n<meta name=\"robots\" content=\"index, follow, max-snippet:-1, max-image-preview:large, max-video-preview:-1\" \/>\n<link rel=\"canonical\" href=\"https:\/\/acninternational.org\/es\/mozambique-un-sacerdote-denuncia-el-secuestro-por-yihadistas-de-centenares-de-ninos-para-futuros-ataques\/\" \/>\n<meta property=\"og:locale\" content=\"es_ES\" \/>\n<meta property=\"og:type\" content=\"article\" \/>\n<meta property=\"og:title\" content=\"Mozambique: Un sacerdote denuncia el secuestro por yihadistas de \u201ccentenares\u201d de ni\u00f1os para futuros ataques\" \/>\n<meta property=\"og:description\" content=\"\u201cSon heridas dif\u00edciles de curar\u201d. Seg\u00fan se\u00f1ala el P. Kwiriwi Fonseca de la di\u00f3cesis de Pemba (Mozambique).\" \/>\n<meta property=\"og:url\" content=\"https:\/\/acninternational.org\/es\/mozambique-un-sacerdote-denuncia-el-secuestro-por-yihadistas-de-centenares-de-ninos-para-futuros-ataques\/\" \/>\n<meta property=\"og:site_name\" content=\"ACN International\" \/>\n<meta property=\"article:publisher\" content=\"https:\/\/www.facebook.com\/acninternationalorg\" \/>\n<meta property=\"article:published_time\" content=\"2021-06-14T07:33:34+00:00\" \/>\n<meta property=\"article:modified_time\" content=\"2021-06-14T07:44:24+00:00\" \/>\n<meta property=\"og:image\" content=\"https:\/\/media.acninternational.org\/wp-content\/uploads\/2021\/06\/Mozambique_kids.jpg\" \/>\n\t<meta property=\"og:image:width\" content=\"1400\" \/>\n\t<meta property=\"og:image:height\" content=\"438\" \/>\n\t<meta property=\"og:image:type\" content=\"image\/jpeg\" \/>\n<meta name=\"author\" content=\"ACN Press Team\" \/>\n<meta name=\"twitter:card\" content=\"summary_large_image\" \/>\n<meta name=\"twitter:creator\" content=\"@acn_int\" \/>\n<meta name=\"twitter:site\" content=\"@acn_int\" \/>\n<meta name=\"twitter:label1\" content=\"Escrito por\" \/>\n\t<meta name=\"twitter:data1\" content=\"ACN Press Team\" \/>\n\t<meta name=\"twitter:label2\" content=\"Tiempo de lectura\" \/>\n\t<meta name=\"twitter:data2\" content=\"4 minutos\" \/>\n<script type=\"application\/ld+json\" class=\"yoast-schema-graph\">{\"@context\":\"https:\\\/\\\/schema.org\",\"@graph\":[{\"@type\":\"Article\",\"@id\":\"https:\\\/\\\/acninternational.org\\\/es\\\/mozambique-un-sacerdote-denuncia-el-secuestro-por-yihadistas-de-centenares-de-ninos-para-futuros-ataques\\\/#article\",\"isPartOf\":{\"@id\":\"https:\\\/\\\/acninternational.org\\\/es\\\/mozambique-un-sacerdote-denuncia-el-secuestro-por-yihadistas-de-centenares-de-ninos-para-futuros-ataques\\\/\"},\"author\":{\"name\":\"ACN Press Team\",\"@id\":\"https:\\\/\\\/acninternational.org\\\/es\\\/#\\\/schema\\\/person\\\/7f3dafb236b242fb2aa46be1411fd703\"},\"headline\":\"Mozambique: Un sacerdote denuncia el secuestro por yihadistas de \u201ccentenares\u201d de ni\u00f1os para futuros ataques\",\"datePublished\":\"2021-06-14T07:33:34+00:00\",\"dateModified\":\"2021-06-14T07:44:24+00:00\",\"mainEntityOfPage\":{\"@id\":\"https:\\\/\\\/acninternational.org\\\/es\\\/mozambique-un-sacerdote-denuncia-el-secuestro-por-yihadistas-de-centenares-de-ninos-para-futuros-ataques\\\/\"},\"wordCount\":774,\"publisher\":{\"@id\":\"https:\\\/\\\/acninternational.org\\\/es\\\/#organization\"},\"image\":{\"@id\":\"https:\\\/\\\/acninternational.org\\\/es\\\/mozambique-un-sacerdote-denuncia-el-secuestro-por-yihadistas-de-centenares-de-ninos-para-futuros-ataques\\\/#primaryimage\"},\"thumbnailUrl\":\"https:\\\/\\\/media.acninternational.org\\\/wp-content\\\/uploads\\\/2021\\\/06\\\/Mozambique_kids.jpg\",\"articleSection\":[\"NOTICIAS\",\"NOTICIAS\"],\"inLanguage\":\"es\"},{\"@type\":\"WebPage\",\"@id\":\"https:\\\/\\\/acninternational.org\\\/es\\\/mozambique-un-sacerdote-denuncia-el-secuestro-por-yihadistas-de-centenares-de-ninos-para-futuros-ataques\\\/\",\"url\":\"https:\\\/\\\/acninternational.org\\\/es\\\/mozambique-un-sacerdote-denuncia-el-secuestro-por-yihadistas-de-centenares-de-ninos-para-futuros-ataques\\\/\",\"name\":\"Mozambique: Un sacerdote denuncia el secuestro por yihadistas de \u201ccentenares\u201d de ni\u00f1os para futuros ataques | ACN International\",\"isPartOf\":{\"@id\":\"https:\\\/\\\/acninternational.org\\\/es\\\/#website\"},\"primaryImageOfPage\":{\"@id\":\"https:\\\/\\\/acninternational.org\\\/es\\\/mozambique-un-sacerdote-denuncia-el-secuestro-por-yihadistas-de-centenares-de-ninos-para-futuros-ataques\\\/#primaryimage\"},\"image\":{\"@id\":\"https:\\\/\\\/acninternational.org\\\/es\\\/mozambique-un-sacerdote-denuncia-el-secuestro-por-yihadistas-de-centenares-de-ninos-para-futuros-ataques\\\/#primaryimage\"},\"thumbnailUrl\":\"https:\\\/\\\/media.acninternational.org\\\/wp-content\\\/uploads\\\/2021\\\/06\\\/Mozambique_kids.jpg\",\"datePublished\":\"2021-06-14T07:33:34+00:00\",\"dateModified\":\"2021-06-14T07:44:24+00:00\",\"description\":\"\u201cSon heridas dif\u00edciles de curar\u201d. Seg\u00fan se\u00f1ala el P. Kwiriwi Fonseca de la di\u00f3cesis de Pemba (Mozambique).\",\"breadcrumb\":{\"@id\":\"https:\\\/\\\/acninternational.org\\\/es\\\/mozambique-un-sacerdote-denuncia-el-secuestro-por-yihadistas-de-centenares-de-ninos-para-futuros-ataques\\\/#breadcrumb\"},\"inLanguage\":\"es\",\"potentialAction\":[{\"@type\":\"ReadAction\",\"target\":[\"https:\\\/\\\/acninternational.org\\\/es\\\/mozambique-un-sacerdote-denuncia-el-secuestro-por-yihadistas-de-centenares-de-ninos-para-futuros-ataques\\\/\"]}]},{\"@type\":\"ImageObject\",\"inLanguage\":\"es\",\"@id\":\"https:\\\/\\\/acninternational.org\\\/es\\\/mozambique-un-sacerdote-denuncia-el-secuestro-por-yihadistas-de-centenares-de-ninos-para-futuros-ataques\\\/#primaryimage\",\"url\":\"https:\\\/\\\/media.acninternational.org\\\/wp-content\\\/uploads\\\/2021\\\/06\\\/Mozambique_kids.jpg\",\"contentUrl\":\"https:\\\/\\\/media.acninternational.org\\\/wp-content\\\/uploads\\\/2021\\\/06\\\/Mozambique_kids.jpg\",\"width\":1400,\"height\":438},{\"@type\":\"BreadcrumbList\",\"@id\":\"https:\\\/\\\/acninternational.org\\\/es\\\/mozambique-un-sacerdote-denuncia-el-secuestro-por-yihadistas-de-centenares-de-ninos-para-futuros-ataques\\\/#breadcrumb\",\"itemListElement\":[{\"@type\":\"ListItem\",\"position\":1,\"name\":\"Home\",\"item\":\"https:\\\/\\\/acninternational.org\\\/es\\\/\"},{\"@type\":\"ListItem\",\"position\":2,\"name\":\"NOTICIAS\",\"item\":\"https:\\\/\\\/acninternational.org\\\/es\\\/category\\\/news-es\\\/\"},{\"@type\":\"ListItem\",\"position\":3,\"name\":\"Mozambique: Un sacerdote denuncia el secuestro por yihadistas de \u201ccentenares\u201d de ni\u00f1os para futuros ataques\"}]},{\"@type\":\"WebSite\",\"@id\":\"https:\\\/\\\/acninternational.org\\\/es\\\/#website\",\"url\":\"https:\\\/\\\/acninternational.org\\\/es\\\/\",\"name\":\"ACN International\",\"description\":\"\",\"publisher\":{\"@id\":\"https:\\\/\\\/acninternational.org\\\/es\\\/#organization\"},\"potentialAction\":[{\"@type\":\"SearchAction\",\"target\":{\"@type\":\"EntryPoint\",\"urlTemplate\":\"https:\\\/\\\/acninternational.org\\\/es\\\/?s={search_term_string}\"},\"query-input\":{\"@type\":\"PropertyValueSpecification\",\"valueRequired\":true,\"valueName\":\"search_term_string\"}}],\"inLanguage\":\"es\"},{\"@type\":\"Organization\",\"@id\":\"https:\\\/\\\/acninternational.org\\\/es\\\/#organization\",\"name\":\"Aid to the Church in Need International\",\"url\":\"https:\\\/\\\/acninternational.org\\\/es\\\/\",\"logo\":{\"@type\":\"ImageObject\",\"inLanguage\":\"es\",\"@id\":\"https:\\\/\\\/acninternational.org\\\/es\\\/#\\\/schema\\\/logo\\\/image\\\/\",\"url\":\"https:\\\/\\\/media.acninternational.org\\\/wp-content\\\/uploads\\\/2019\\\/11\\\/acn_logo_blackvector.svg\",\"contentUrl\":\"https:\\\/\\\/media.acninternational.org\\\/wp-content\\\/uploads\\\/2019\\\/11\\\/acn_logo_blackvector.svg\",\"width\":232.6,\"height\":78,\"caption\":\"Aid to the Church in Need International\"},\"image\":{\"@id\":\"https:\\\/\\\/acninternational.org\\\/es\\\/#\\\/schema\\\/logo\\\/image\\\/\"},\"sameAs\":[\"https:\\\/\\\/www.facebook.com\\\/acninternationalorg\",\"https:\\\/\\\/x.com\\\/acn_int\",\"https:\\\/\\\/www.youtube.com\\\/channel\\\/UCQ-077gS0TnVzkhHmf1opZw\",\"https:\\\/\\\/www.instagram.com\\\/acn_international\\\/\"]},{\"@type\":\"Person\",\"@id\":\"https:\\\/\\\/acninternational.org\\\/es\\\/#\\\/schema\\\/person\\\/7f3dafb236b242fb2aa46be1411fd703\",\"name\":\"ACN Press Team\",\"description\":\"Lorem ipsum dolor sit amet, consectetur adipiscing elit, sed do eiusmod tempor incididunt ut labore et dolore magna aliqua. Ut enim ad minim veniam, quis nostrud exercitation ullamco laboris nisi ut aliquip ex ea commodo consequat.\",\"url\":\"https:\\\/\\\/acninternational.org\\\/es\\\/author\\\/acn-press-team\\\/\"}]}<\/script>\n<!-- \/ Yoast SEO Premium plugin. -->","yoast_head_json":{"title":"Mozambique: Un sacerdote denuncia el secuestro por yihadistas de \u201ccentenares\u201d de ni\u00f1os para futuros ataques | ACN International","description":"\u201cSon heridas dif\u00edciles de curar\u201d. Seg\u00fan se\u00f1ala el P. Kwiriwi Fonseca de la di\u00f3cesis de Pemba (Mozambique).","robots":{"index":"index","follow":"follow","max-snippet":"max-snippet:-1","max-image-preview":"max-image-preview:large","max-video-preview":"max-video-preview:-1"},"canonical":"https:\/\/acninternational.org\/es\/mozambique-un-sacerdote-denuncia-el-secuestro-por-yihadistas-de-centenares-de-ninos-para-futuros-ataques\/","og_locale":"es_ES","og_type":"article","og_title":"Mozambique: Un sacerdote denuncia el secuestro por yihadistas de \u201ccentenares\u201d de ni\u00f1os para futuros ataques","og_description":"\u201cSon heridas dif\u00edciles de curar\u201d. Seg\u00fan se\u00f1ala el P. Kwiriwi Fonseca de la di\u00f3cesis de Pemba (Mozambique).","og_url":"https:\/\/acninternational.org\/es\/mozambique-un-sacerdote-denuncia-el-secuestro-por-yihadistas-de-centenares-de-ninos-para-futuros-ataques\/","og_site_name":"ACN International","article_publisher":"https:\/\/www.facebook.com\/acninternationalorg","article_published_time":"2021-06-14T07:33:34+00:00","article_modified_time":"2021-06-14T07:44:24+00:00","og_image":[{"width":1400,"height":438,"url":"https:\/\/media.acninternational.org\/wp-content\/uploads\/2021\/06\/Mozambique_kids.jpg","type":"image\/jpeg"}],"author":"ACN Press Team","twitter_card":"summary_large_image","twitter_creator":"@acn_int","twitter_site":"@acn_int","twitter_misc":{"Escrito por":"ACN Press Team","Tiempo de lectura":"4 minutos"},"schema":{"@context":"https:\/\/schema.org","@graph":[{"@type":"Article","@id":"https:\/\/acninternational.org\/es\/mozambique-un-sacerdote-denuncia-el-secuestro-por-yihadistas-de-centenares-de-ninos-para-futuros-ataques\/#article","isPartOf":{"@id":"https:\/\/acninternational.org\/es\/mozambique-un-sacerdote-denuncia-el-secuestro-por-yihadistas-de-centenares-de-ninos-para-futuros-ataques\/"},"author":{"name":"ACN Press Team","@id":"https:\/\/acninternational.org\/es\/#\/schema\/person\/7f3dafb236b242fb2aa46be1411fd703"},"headline":"Mozambique: Un sacerdote denuncia el secuestro por yihadistas de \u201ccentenares\u201d de ni\u00f1os para futuros ataques","datePublished":"2021-06-14T07:33:34+00:00","dateModified":"2021-06-14T07:44:24+00:00","mainEntityOfPage":{"@id":"https:\/\/acninternational.org\/es\/mozambique-un-sacerdote-denuncia-el-secuestro-por-yihadistas-de-centenares-de-ninos-para-futuros-ataques\/"},"wordCount":774,"publisher":{"@id":"https:\/\/acninternational.org\/es\/#organization"},"image":{"@id":"https:\/\/acninternational.org\/es\/mozambique-un-sacerdote-denuncia-el-secuestro-por-yihadistas-de-centenares-de-ninos-para-futuros-ataques\/#primaryimage"},"thumbnailUrl":"https:\/\/media.acninternational.org\/wp-content\/uploads\/2021\/06\/Mozambique_kids.jpg","articleSection":["NOTICIAS","NOTICIAS"],"inLanguage":"es"},{"@type":"WebPage","@id":"https:\/\/acninternational.org\/es\/mozambique-un-sacerdote-denuncia-el-secuestro-por-yihadistas-de-centenares-de-ninos-para-futuros-ataques\/","url":"https:\/\/acninternational.org\/es\/mozambique-un-sacerdote-denuncia-el-secuestro-por-yihadistas-de-centenares-de-ninos-para-futuros-ataques\/","name":"Mozambique: Un sacerdote denuncia el secuestro por yihadistas de \u201ccentenares\u201d de ni\u00f1os para futuros ataques | ACN International","isPartOf":{"@id":"https:\/\/acninternational.org\/es\/#website"},"primaryImageOfPage":{"@id":"https:\/\/acninternational.org\/es\/mozambique-un-sacerdote-denuncia-el-secuestro-por-yihadistas-de-centenares-de-ninos-para-futuros-ataques\/#primaryimage"},"image":{"@id":"https:\/\/acninternational.org\/es\/mozambique-un-sacerdote-denuncia-el-secuestro-por-yihadistas-de-centenares-de-ninos-para-futuros-ataques\/#primaryimage"},"thumbnailUrl":"https:\/\/media.acninternational.org\/wp-content\/uploads\/2021\/06\/Mozambique_kids.jpg","datePublished":"2021-06-14T07:33:34+00:00","dateModified":"2021-06-14T07:44:24+00:00","description":"\u201cSon heridas dif\u00edciles de curar\u201d. Seg\u00fan se\u00f1ala el P. Kwiriwi Fonseca de la di\u00f3cesis de Pemba (Mozambique).","breadcrumb":{"@id":"https:\/\/acninternational.org\/es\/mozambique-un-sacerdote-denuncia-el-secuestro-por-yihadistas-de-centenares-de-ninos-para-futuros-ataques\/#breadcrumb"},"inLanguage":"es","potentialAction":[{"@type":"ReadAction","target":["https:\/\/acninternational.org\/es\/mozambique-un-sacerdote-denuncia-el-secuestro-por-yihadistas-de-centenares-de-ninos-para-futuros-ataques\/"]}]},{"@type":"ImageObject","inLanguage":"es","@id":"https:\/\/acninternational.org\/es\/mozambique-un-sacerdote-denuncia-el-secuestro-por-yihadistas-de-centenares-de-ninos-para-futuros-ataques\/#primaryimage","url":"https:\/\/media.acninternational.org\/wp-content\/uploads\/2021\/06\/Mozambique_kids.jpg","contentUrl":"https:\/\/media.acninternational.org\/wp-content\/uploads\/2021\/06\/Mozambique_kids.jpg","width":1400,"height":438},{"@type":"BreadcrumbList","@id":"https:\/\/acninternational.org\/es\/mozambique-un-sacerdote-denuncia-el-secuestro-por-yihadistas-de-centenares-de-ninos-para-futuros-ataques\/#breadcrumb","itemListElement":[{"@type":"ListItem","position":1,"name":"Home","item":"https:\/\/acninternational.org\/es\/"},{"@type":"ListItem","position":2,"name":"NOTICIAS","item":"https:\/\/acninternational.org\/es\/category\/news-es\/"},{"@type":"ListItem","position":3,"name":"Mozambique: Un sacerdote denuncia el secuestro por yihadistas de \u201ccentenares\u201d de ni\u00f1os para futuros ataques"}]},{"@type":"WebSite","@id":"https:\/\/acninternational.org\/es\/#website","url":"https:\/\/acninternational.org\/es\/","name":"ACN International","description":"","publisher":{"@id":"https:\/\/acninternational.org\/es\/#organization"},"potentialAction":[{"@type":"SearchAction","target":{"@type":"EntryPoint","urlTemplate":"https:\/\/acninternational.org\/es\/?s={search_term_string}"},"query-input":{"@type":"PropertyValueSpecification","valueRequired":true,"valueName":"search_term_string"}}],"inLanguage":"es"},{"@type":"Organization","@id":"https:\/\/acninternational.org\/es\/#organization","name":"Aid to the Church in Need International","url":"https:\/\/acninternational.org\/es\/","logo":{"@type":"ImageObject","inLanguage":"es","@id":"https:\/\/acninternational.org\/es\/#\/schema\/logo\/image\/","url":"https:\/\/media.acninternational.org\/wp-content\/uploads\/2019\/11\/acn_logo_blackvector.svg","contentUrl":"https:\/\/media.acninternational.org\/wp-content\/uploads\/2019\/11\/acn_logo_blackvector.svg","width":232.6,"height":78,"caption":"Aid to the Church in Need International"},"image":{"@id":"https:\/\/acninternational.org\/es\/#\/schema\/logo\/image\/"},"sameAs":["https:\/\/www.facebook.com\/acninternationalorg","https:\/\/x.com\/acn_int","https:\/\/www.youtube.com\/channel\/UCQ-077gS0TnVzkhHmf1opZw","https:\/\/www.instagram.com\/acn_international\/"]},{"@type":"Person","@id":"https:\/\/acninternational.org\/es\/#\/schema\/person\/7f3dafb236b242fb2aa46be1411fd703","name":"ACN Press Team","description":"Lorem ipsum dolor sit amet, consectetur adipiscing elit, sed do eiusmod tempor incididunt ut labore et dolore magna aliqua. Ut enim ad minim veniam, quis nostrud exercitation ullamco laboris nisi ut aliquip ex ea commodo consequat.","url":"https:\/\/acninternational.org\/es\/author\/acn-press-team\/"}]}},"_links":{"self":[{"href":"https:\/\/acninternational.org\/es\/wp-json\/wp\/v2\/posts\/152614","targetHints":{"allow":["GET"]}}],"collection":[{"href":"https:\/\/acninternational.org\/es\/wp-json\/wp\/v2\/posts"}],"about":[{"href":"https:\/\/acninternational.org\/es\/wp-json\/wp\/v2\/types\/post"}],"author":[{"embeddable":true,"href":"https:\/\/acninternational.org\/es\/wp-json\/wp\/v2\/users\/4258341447"}],"replies":[{"embeddable":true,"href":"https:\/\/acninternational.org\/es\/wp-json\/wp\/v2\/comments?post=152614"}],"version-history":[{"count":0,"href":"https:\/\/acninternational.org\/es\/wp-json\/wp\/v2\/posts\/152614\/revisions"}],"wp:featuredmedia":[{"embeddable":true,"href":"https:\/\/acninternational.org\/es\/wp-json\/wp\/v2\/media\/152612"}],"wp:attachment":[{"href":"https:\/\/acninternational.org\/es\/wp-json\/wp\/v2\/media?parent=152614"}],"wp:term":[{"taxonomy":"category","embeddable":true,"href":"https:\/\/acninternational.org\/es\/wp-json\/wp\/v2\/categories?post=152614"},{"taxonomy":"post_tag","embeddable":true,"href":"https:\/\/acninternational.org\/es\/wp-json\/wp\/v2\/tags?post=152614"},{"taxonomy":"country","embeddable":true,"href":"https:\/\/acninternational.org\/es\/wp-json\/wp\/v2\/country?post=152614"}],"curies":[{"name":"wp","href":"https:\/\/api.w.org\/{rel}","templated":true}]}}