{"id":151880,"date":"2021-06-01T09:58:47","date_gmt":"2021-06-01T07:58:47","guid":{"rendered":"https:\/\/acninternational.org\/?p=151880"},"modified":"2021-06-01T10:02:09","modified_gmt":"2021-06-01T08:02:09","slug":"republica-democratica-del-congo-tras-erupcion-volcanica-cabe-temer-una-crisis-humanitaria","status":"publish","type":"post","link":"https:\/\/acninternational.org\/es\/republica-democratica-del-congo-tras-erupcion-volcanica-cabe-temer-una-crisis-humanitaria\/","title":{"rendered":"Rep\u00fablica Democr\u00e1tica del Congo: Tras erupci\u00f3n volc\u00e1nica cabe temer una crisis humanitaria"},"content":{"rendered":"<p><strong>Religiosa cat\u00f3lica, preocupada por la situaci\u00f3n de abastecimiento tras el \u00e9xodo masivo de la ciudad de Goma<\/strong><\/p>\n<p>Tras una erupci\u00f3n volc\u00e1nica y numerosos sismos en el este de la Rep\u00fablica Democr\u00e1tica del Congo, se teme que la situaci\u00f3n humanitaria empeore. La religiosa cat\u00f3lica Floride Bugagara, priora de la congregaci\u00f3n de las Hijas de la Resurrecci\u00f3n, habl\u00f3 (el jueves) con la fundaci\u00f3n pontificia ACN International sobre la huida masiva de la ciudad de Goma, que cuenta con unos dos millones de habitantes: \u201cLa poblaci\u00f3n corre peligro y est\u00e1 necesitada. Nos tememos lo peor. Me temo que habr\u00e1 una crisis humanitaria. Muchas personas han huido de Goma a los alrededores. Muchos acampan a lo largo de las carreteras o en las colinas y monta\u00f1as. No tienen refugios ni ropa, y tambi\u00e9n faltan alimentos y agua. Adem\u00e1s, temo que debido a las precarias condiciones higi\u00e9nicas durante la huida puedan brotar enfermedades entre los desplazados\u201d.<\/p>\n<figure id=\"attachment_151866\" aria-describedby=\"caption-attachment-151866\" style=\"width: 670px\" class=\"wp-caption alignnone\"><img loading=\"lazy\" decoding=\"async\" class=\"wp-image-151866 size-full\" src=\"https:\/\/media.acninternational.org\/wp-content\/uploads\/2021\/06\/Democratic-Republic-of-Congo_volcano2.jpg\" alt=\"La erupci\u00f3n volc\u00e1nica en el este de la Rep\u00fablica Democr\u00e1tica del Congo.\" width=\"670\" height=\"400\" srcset=\"https:\/\/media.acninternational.org\/wp-content\/uploads\/2021\/06\/Democratic-Republic-of-Congo_volcano2.jpg 670w, https:\/\/media.acninternational.org\/wp-content\/uploads\/2021\/06\/Democratic-Republic-of-Congo_volcano2-300x179.jpg 300w\" sizes=\"auto, (max-width: 670px) 100vw, 670px\" \/><figcaption id=\"caption-attachment-151866\" class=\"wp-caption-text\">La erupci\u00f3n volc\u00e1nica en el este de la Rep\u00fablica Democr\u00e1tica del Congo.<\/figcaption><\/figure>\n<p>Por su parte, las autoridades estatales prev\u00e9n que, tras la erupci\u00f3n del s\u00e1bado, el volc\u00e1n Nyiragongo pueda volver a entrar en erupci\u00f3n, pues es considerado uno de los m\u00e1s activos del mundo. Madre Floride se\u00f1ala que, tras la orden de evacuaci\u00f3n parcial de la ciudad de Goma, situada a orillas del lago Kivu en la frontera con Ruanda, la situaci\u00f3n est\u00e1 dominada por una gran incertidumbre. La religiosa tiene la esperanza de que las autoridades estatales congole\u00f1as sigan ofreciendo informaci\u00f3n actualizada a la poblaci\u00f3n sobre la peligrosa situaci\u00f3n. \u201cEl gobernador ha hecho un llamamiento a la poblaci\u00f3n para que est\u00e9 atenta y abandone los barrios m\u00e1s amenazados. Sin embargo, la gente no sabe por d\u00f3nde saldr\u00e1 la lava, por lo que todos corren ca\u00f3ticamente de un lado para otro. La situaci\u00f3n es mala\u201d. Debido al caos, algunos padres ya no saben d\u00f3nde se encuentran sus hijos, dice madre Floride, a\u00f1adiendo: \u201cAlgunas de nuestras hermanas tambi\u00e9n han tenido que huir. Pero, como comunidad religiosa, nos preguntamos en primer lugar c\u00f3mo ayudar a la gente por eso algunas ellas est\u00e1n presentes en los campamentos. La gente realmente carece de todo\u201d.<\/p>\n<figure id=\"attachment_151872\" aria-describedby=\"caption-attachment-151872\" style=\"width: 670px\" class=\"wp-caption alignnone\"><img loading=\"lazy\" decoding=\"async\" class=\"wp-image-151872 size-full\" src=\"https:\/\/media.acninternational.org\/wp-content\/uploads\/2021\/06\/Democratic-Republic-of-Congo_volcano.jpg\" alt=\"El cr\u00e1ter del Monte Nyamuragira.\" width=\"670\" height=\"400\" srcset=\"https:\/\/media.acninternational.org\/wp-content\/uploads\/2021\/06\/Democratic-Republic-of-Congo_volcano.jpg 670w, https:\/\/media.acninternational.org\/wp-content\/uploads\/2021\/06\/Democratic-Republic-of-Congo_volcano-300x179.jpg 300w\" sizes=\"auto, (max-width: 670px) 100vw, 670px\" \/><figcaption id=\"caption-attachment-151872\" class=\"wp-caption-text\">El cr\u00e1ter del Monte Nyamuragira.<\/figcaption><\/figure>\n<p>Por otra parte, seg\u00fan ha sabido ACN por sus contactos locales, el seminario mayor Juan Pablo II con sus 29 seminaristas tambi\u00e9n se ha visto afectado por la evacuaci\u00f3n.<\/p>\n<p>Madre Floride pide a los benefactores de ACN International oraciones y apoyo: \u201cPedimos a los benefactores que sigan apoyando a ACN, que se ocupa de los necesitados y los desfavorecidos. Y rogamos al Se\u00f1or que tenga misericordia y siga protegiendo a Su pueblo. Que los benefactores de todo el mundo recen por nuestro pa\u00eds, especialmente, por el este. A todas las masacres en nuestra provincia de Kivu del Norte se suman ahora las cat\u00e1strofes naturales\u201d, dice la religiosa, refiri\u00e9ndose al terror sembrado por las milicias en el este del Congo desde hace a\u00f1os. Los cristianos del Congo conf\u00edan espiritual y materialmente en los benefactores de ACN, recalca la religiosa: \u201cPor favor, elevad vuestra voz al Se\u00f1or para que evite esta cat\u00e1strofe para Su mayor gloria\u201d.<\/p>\n<p>https:\/\/www.youtube.com\/watch?v=sXNhNmr6bHE<\/p>\n","protected":false},"excerpt":{"rendered":"<p>Religiosa cat\u00f3lica, preocupada por la situaci\u00f3n de abastecimiento tras el \u00e9xodo masivo de la ciudad de Goma Tras una erupci\u00f3n<\/p>\n","protected":false},"author":4258341447,"featured_media":151878,"comment_status":"closed","ping_status":"closed","sticky":false,"template":"","format":"standard","meta":{"_acf_changed":false,"_acn_coauthor_ids":[],"footnotes":""},"categories":[746,1254],"tags":[],"country":[424],"class_list":["post-151880","post","type-post","status-publish","format-standard","has-post-thumbnail","hentry","category-noticias","category-news-es","country-republica-democratica-del-congo"],"acn_coauthors":[],"acf":[],"yoast_head":"<!-- This site is optimized with the Yoast SEO Premium plugin v27.3 (Yoast SEO v27.3) - https:\/\/yoast.com\/product\/yoast-seo-premium-wordpress\/ -->\n<title>Rep\u00fablica Democr\u00e1tica del Congo: Tras erupci\u00f3n volc\u00e1nica cabe temer una crisis humanitaria | ACN International<\/title>\n<meta name=\"description\" content=\"&quot;La gente se encuentra en peligro y necesidad. Han huido de Goma a los alrededores. Temo que se convierta en una crisis humanitaria. Nos estamos preparando para lo peor&quot;, explica la Madre Florida Bugagara, de las Hijas de la Resurrecci\u00f3n.Su temor se debe a la reciente erupci\u00f3n del monte volc\u00e1nico Nyirangongo en la frontera oriental de la Rep\u00fablica Democr\u00e1tica del Congo.\" \/>\n<meta name=\"robots\" content=\"index, follow, max-snippet:-1, max-image-preview:large, max-video-preview:-1\" \/>\n<link rel=\"canonical\" href=\"https:\/\/acninternational.org\/es\/republica-democratica-del-congo-tras-erupcion-volcanica-cabe-temer-una-crisis-humanitaria\/\" \/>\n<meta property=\"og:locale\" content=\"es_ES\" \/>\n<meta property=\"og:type\" content=\"article\" \/>\n<meta property=\"og:title\" content=\"Rep\u00fablica Democr\u00e1tica del Congo: Tras erupci\u00f3n volc\u00e1nica cabe temer una crisis humanitaria\" \/>\n<meta property=\"og:description\" content=\"&quot;La gente se encuentra en peligro y necesidad. Han huido de Goma a los alrededores. Temo que se convierta en una crisis humanitaria. Nos estamos preparando para lo peor&quot;, explica la Madre Florida Bugagara, de las Hijas de la Resurrecci\u00f3n.Su temor se debe a la reciente erupci\u00f3n del monte volc\u00e1nico Nyirangongo en la frontera oriental de la Rep\u00fablica Democr\u00e1tica del Congo.\" \/>\n<meta property=\"og:url\" content=\"https:\/\/acninternational.org\/es\/republica-democratica-del-congo-tras-erupcion-volcanica-cabe-temer-una-crisis-humanitaria\/\" \/>\n<meta property=\"og:site_name\" content=\"ACN International\" \/>\n<meta property=\"article:publisher\" content=\"https:\/\/www.facebook.com\/acninternationalorg\" \/>\n<meta property=\"article:published_time\" content=\"2021-06-01T07:58:47+00:00\" \/>\n<meta property=\"article:modified_time\" content=\"2021-06-01T08:02:09+00:00\" \/>\n<meta property=\"og:image\" content=\"https:\/\/media.acninternational.org\/wp-content\/uploads\/2021\/06\/Democratic-Republic-of-Congo.jpg\" \/>\n\t<meta property=\"og:image:width\" content=\"1400\" \/>\n\t<meta property=\"og:image:height\" content=\"438\" \/>\n\t<meta property=\"og:image:type\" content=\"image\/jpeg\" \/>\n<meta name=\"author\" content=\"ACN Press Team\" \/>\n<meta name=\"twitter:card\" content=\"summary_large_image\" \/>\n<meta name=\"twitter:creator\" content=\"@acn_int\" \/>\n<meta name=\"twitter:site\" content=\"@acn_int\" \/>\n<meta name=\"twitter:label1\" content=\"Escrito por\" \/>\n\t<meta name=\"twitter:data1\" content=\"ACN Press Team\" \/>\n\t<meta name=\"twitter:label2\" content=\"Tiempo de lectura\" \/>\n\t<meta name=\"twitter:data2\" content=\"3 minutos\" \/>\n<script type=\"application\/ld+json\" class=\"yoast-schema-graph\">{\"@context\":\"https:\\\/\\\/schema.org\",\"@graph\":[{\"@type\":\"Article\",\"@id\":\"https:\\\/\\\/acninternational.org\\\/es\\\/republica-democratica-del-congo-tras-erupcion-volcanica-cabe-temer-una-crisis-humanitaria\\\/#article\",\"isPartOf\":{\"@id\":\"https:\\\/\\\/acninternational.org\\\/es\\\/republica-democratica-del-congo-tras-erupcion-volcanica-cabe-temer-una-crisis-humanitaria\\\/\"},\"author\":{\"name\":\"ACN Press Team\",\"@id\":\"https:\\\/\\\/acninternational.org\\\/es\\\/#\\\/schema\\\/person\\\/7f3dafb236b242fb2aa46be1411fd703\"},\"headline\":\"Rep\u00fablica Democr\u00e1tica del Congo: Tras erupci\u00f3n volc\u00e1nica cabe temer una crisis humanitaria\",\"datePublished\":\"2021-06-01T07:58:47+00:00\",\"dateModified\":\"2021-06-01T08:02:09+00:00\",\"mainEntityOfPage\":{\"@id\":\"https:\\\/\\\/acninternational.org\\\/es\\\/republica-democratica-del-congo-tras-erupcion-volcanica-cabe-temer-una-crisis-humanitaria\\\/\"},\"wordCount\":602,\"publisher\":{\"@id\":\"https:\\\/\\\/acninternational.org\\\/es\\\/#organization\"},\"image\":{\"@id\":\"https:\\\/\\\/acninternational.org\\\/es\\\/republica-democratica-del-congo-tras-erupcion-volcanica-cabe-temer-una-crisis-humanitaria\\\/#primaryimage\"},\"thumbnailUrl\":\"https:\\\/\\\/media.acninternational.org\\\/wp-content\\\/uploads\\\/2021\\\/06\\\/Democratic-Republic-of-Congo.jpg\",\"articleSection\":[\"NOTICIAS\",\"NOTICIAS\"],\"inLanguage\":\"es\"},{\"@type\":\"WebPage\",\"@id\":\"https:\\\/\\\/acninternational.org\\\/es\\\/republica-democratica-del-congo-tras-erupcion-volcanica-cabe-temer-una-crisis-humanitaria\\\/\",\"url\":\"https:\\\/\\\/acninternational.org\\\/es\\\/republica-democratica-del-congo-tras-erupcion-volcanica-cabe-temer-una-crisis-humanitaria\\\/\",\"name\":\"Rep\u00fablica Democr\u00e1tica del Congo: Tras erupci\u00f3n volc\u00e1nica cabe temer una crisis humanitaria | ACN International\",\"isPartOf\":{\"@id\":\"https:\\\/\\\/acninternational.org\\\/es\\\/#website\"},\"primaryImageOfPage\":{\"@id\":\"https:\\\/\\\/acninternational.org\\\/es\\\/republica-democratica-del-congo-tras-erupcion-volcanica-cabe-temer-una-crisis-humanitaria\\\/#primaryimage\"},\"image\":{\"@id\":\"https:\\\/\\\/acninternational.org\\\/es\\\/republica-democratica-del-congo-tras-erupcion-volcanica-cabe-temer-una-crisis-humanitaria\\\/#primaryimage\"},\"thumbnailUrl\":\"https:\\\/\\\/media.acninternational.org\\\/wp-content\\\/uploads\\\/2021\\\/06\\\/Democratic-Republic-of-Congo.jpg\",\"datePublished\":\"2021-06-01T07:58:47+00:00\",\"dateModified\":\"2021-06-01T08:02:09+00:00\",\"description\":\"\\\"La gente se encuentra en peligro y necesidad. Han huido de Goma a los alrededores. Temo que se convierta en una crisis humanitaria. Nos estamos preparando para lo peor\\\", explica la Madre Florida Bugagara, de las Hijas de la Resurrecci\u00f3n.Su temor se debe a la reciente erupci\u00f3n del monte volc\u00e1nico Nyirangongo en la frontera oriental de la Rep\u00fablica Democr\u00e1tica del Congo.\",\"breadcrumb\":{\"@id\":\"https:\\\/\\\/acninternational.org\\\/es\\\/republica-democratica-del-congo-tras-erupcion-volcanica-cabe-temer-una-crisis-humanitaria\\\/#breadcrumb\"},\"inLanguage\":\"es\",\"potentialAction\":[{\"@type\":\"ReadAction\",\"target\":[\"https:\\\/\\\/acninternational.org\\\/es\\\/republica-democratica-del-congo-tras-erupcion-volcanica-cabe-temer-una-crisis-humanitaria\\\/\"]}]},{\"@type\":\"ImageObject\",\"inLanguage\":\"es\",\"@id\":\"https:\\\/\\\/acninternational.org\\\/es\\\/republica-democratica-del-congo-tras-erupcion-volcanica-cabe-temer-una-crisis-humanitaria\\\/#primaryimage\",\"url\":\"https:\\\/\\\/media.acninternational.org\\\/wp-content\\\/uploads\\\/2021\\\/06\\\/Democratic-Republic-of-Congo.jpg\",\"contentUrl\":\"https:\\\/\\\/media.acninternational.org\\\/wp-content\\\/uploads\\\/2021\\\/06\\\/Democratic-Republic-of-Congo.jpg\",\"width\":1400,\"height\":438},{\"@type\":\"BreadcrumbList\",\"@id\":\"https:\\\/\\\/acninternational.org\\\/es\\\/republica-democratica-del-congo-tras-erupcion-volcanica-cabe-temer-una-crisis-humanitaria\\\/#breadcrumb\",\"itemListElement\":[{\"@type\":\"ListItem\",\"position\":1,\"name\":\"Home\",\"item\":\"https:\\\/\\\/acninternational.org\\\/es\\\/\"},{\"@type\":\"ListItem\",\"position\":2,\"name\":\"NOTICIAS\",\"item\":\"https:\\\/\\\/acninternational.org\\\/es\\\/category\\\/news-es\\\/\"},{\"@type\":\"ListItem\",\"position\":3,\"name\":\"Rep\u00fablica Democr\u00e1tica del Congo: Tras erupci\u00f3n volc\u00e1nica cabe temer una crisis humanitaria\"}]},{\"@type\":\"WebSite\",\"@id\":\"https:\\\/\\\/acninternational.org\\\/es\\\/#website\",\"url\":\"https:\\\/\\\/acninternational.org\\\/es\\\/\",\"name\":\"ACN International\",\"description\":\"\",\"publisher\":{\"@id\":\"https:\\\/\\\/acninternational.org\\\/es\\\/#organization\"},\"potentialAction\":[{\"@type\":\"SearchAction\",\"target\":{\"@type\":\"EntryPoint\",\"urlTemplate\":\"https:\\\/\\\/acninternational.org\\\/es\\\/?s={search_term_string}\"},\"query-input\":{\"@type\":\"PropertyValueSpecification\",\"valueRequired\":true,\"valueName\":\"search_term_string\"}}],\"inLanguage\":\"es\"},{\"@type\":\"Organization\",\"@id\":\"https:\\\/\\\/acninternational.org\\\/es\\\/#organization\",\"name\":\"Aid to the Church in Need International\",\"url\":\"https:\\\/\\\/acninternational.org\\\/es\\\/\",\"logo\":{\"@type\":\"ImageObject\",\"inLanguage\":\"es\",\"@id\":\"https:\\\/\\\/acninternational.org\\\/es\\\/#\\\/schema\\\/logo\\\/image\\\/\",\"url\":\"https:\\\/\\\/media.acninternational.org\\\/wp-content\\\/uploads\\\/2019\\\/11\\\/acn_logo_blackvector.svg\",\"contentUrl\":\"https:\\\/\\\/media.acninternational.org\\\/wp-content\\\/uploads\\\/2019\\\/11\\\/acn_logo_blackvector.svg\",\"width\":232.6,\"height\":78,\"caption\":\"Aid to the Church in Need International\"},\"image\":{\"@id\":\"https:\\\/\\\/acninternational.org\\\/es\\\/#\\\/schema\\\/logo\\\/image\\\/\"},\"sameAs\":[\"https:\\\/\\\/www.facebook.com\\\/acninternationalorg\",\"https:\\\/\\\/x.com\\\/acn_int\",\"https:\\\/\\\/www.youtube.com\\\/channel\\\/UCQ-077gS0TnVzkhHmf1opZw\",\"https:\\\/\\\/www.instagram.com\\\/acn_international\\\/\"]},{\"@type\":\"Person\",\"@id\":\"https:\\\/\\\/acninternational.org\\\/es\\\/#\\\/schema\\\/person\\\/7f3dafb236b242fb2aa46be1411fd703\",\"name\":\"ACN Press Team\",\"description\":\"Lorem ipsum dolor sit amet, consectetur adipiscing elit, sed do eiusmod tempor incididunt ut labore et dolore magna aliqua. Ut enim ad minim veniam, quis nostrud exercitation ullamco laboris nisi ut aliquip ex ea commodo consequat.\",\"url\":\"https:\\\/\\\/acninternational.org\\\/es\\\/author\\\/acn-press-team\\\/\"}]}<\/script>\n<!-- \/ Yoast SEO Premium plugin. -->","yoast_head_json":{"title":"Rep\u00fablica Democr\u00e1tica del Congo: Tras erupci\u00f3n volc\u00e1nica cabe temer una crisis humanitaria | ACN International","description":"\"La gente se encuentra en peligro y necesidad. Han huido de Goma a los alrededores. Temo que se convierta en una crisis humanitaria. Nos estamos preparando para lo peor\", explica la Madre Florida Bugagara, de las Hijas de la Resurrecci\u00f3n.Su temor se debe a la reciente erupci\u00f3n del monte volc\u00e1nico Nyirangongo en la frontera oriental de la Rep\u00fablica Democr\u00e1tica del Congo.","robots":{"index":"index","follow":"follow","max-snippet":"max-snippet:-1","max-image-preview":"max-image-preview:large","max-video-preview":"max-video-preview:-1"},"canonical":"https:\/\/acninternational.org\/es\/republica-democratica-del-congo-tras-erupcion-volcanica-cabe-temer-una-crisis-humanitaria\/","og_locale":"es_ES","og_type":"article","og_title":"Rep\u00fablica Democr\u00e1tica del Congo: Tras erupci\u00f3n volc\u00e1nica cabe temer una crisis humanitaria","og_description":"\"La gente se encuentra en peligro y necesidad. Han huido de Goma a los alrededores. Temo que se convierta en una crisis humanitaria. Nos estamos preparando para lo peor\", explica la Madre Florida Bugagara, de las Hijas de la Resurrecci\u00f3n.Su temor se debe a la reciente erupci\u00f3n del monte volc\u00e1nico Nyirangongo en la frontera oriental de la Rep\u00fablica Democr\u00e1tica del Congo.","og_url":"https:\/\/acninternational.org\/es\/republica-democratica-del-congo-tras-erupcion-volcanica-cabe-temer-una-crisis-humanitaria\/","og_site_name":"ACN International","article_publisher":"https:\/\/www.facebook.com\/acninternationalorg","article_published_time":"2021-06-01T07:58:47+00:00","article_modified_time":"2021-06-01T08:02:09+00:00","og_image":[{"width":1400,"height":438,"url":"https:\/\/media.acninternational.org\/wp-content\/uploads\/2021\/06\/Democratic-Republic-of-Congo.jpg","type":"image\/jpeg"}],"author":"ACN Press Team","twitter_card":"summary_large_image","twitter_creator":"@acn_int","twitter_site":"@acn_int","twitter_misc":{"Escrito por":"ACN Press Team","Tiempo de lectura":"3 minutos"},"schema":{"@context":"https:\/\/schema.org","@graph":[{"@type":"Article","@id":"https:\/\/acninternational.org\/es\/republica-democratica-del-congo-tras-erupcion-volcanica-cabe-temer-una-crisis-humanitaria\/#article","isPartOf":{"@id":"https:\/\/acninternational.org\/es\/republica-democratica-del-congo-tras-erupcion-volcanica-cabe-temer-una-crisis-humanitaria\/"},"author":{"name":"ACN Press Team","@id":"https:\/\/acninternational.org\/es\/#\/schema\/person\/7f3dafb236b242fb2aa46be1411fd703"},"headline":"Rep\u00fablica Democr\u00e1tica del Congo: Tras erupci\u00f3n volc\u00e1nica cabe temer una crisis humanitaria","datePublished":"2021-06-01T07:58:47+00:00","dateModified":"2021-06-01T08:02:09+00:00","mainEntityOfPage":{"@id":"https:\/\/acninternational.org\/es\/republica-democratica-del-congo-tras-erupcion-volcanica-cabe-temer-una-crisis-humanitaria\/"},"wordCount":602,"publisher":{"@id":"https:\/\/acninternational.org\/es\/#organization"},"image":{"@id":"https:\/\/acninternational.org\/es\/republica-democratica-del-congo-tras-erupcion-volcanica-cabe-temer-una-crisis-humanitaria\/#primaryimage"},"thumbnailUrl":"https:\/\/media.acninternational.org\/wp-content\/uploads\/2021\/06\/Democratic-Republic-of-Congo.jpg","articleSection":["NOTICIAS","NOTICIAS"],"inLanguage":"es"},{"@type":"WebPage","@id":"https:\/\/acninternational.org\/es\/republica-democratica-del-congo-tras-erupcion-volcanica-cabe-temer-una-crisis-humanitaria\/","url":"https:\/\/acninternational.org\/es\/republica-democratica-del-congo-tras-erupcion-volcanica-cabe-temer-una-crisis-humanitaria\/","name":"Rep\u00fablica Democr\u00e1tica del Congo: Tras erupci\u00f3n volc\u00e1nica cabe temer una crisis humanitaria | ACN International","isPartOf":{"@id":"https:\/\/acninternational.org\/es\/#website"},"primaryImageOfPage":{"@id":"https:\/\/acninternational.org\/es\/republica-democratica-del-congo-tras-erupcion-volcanica-cabe-temer-una-crisis-humanitaria\/#primaryimage"},"image":{"@id":"https:\/\/acninternational.org\/es\/republica-democratica-del-congo-tras-erupcion-volcanica-cabe-temer-una-crisis-humanitaria\/#primaryimage"},"thumbnailUrl":"https:\/\/media.acninternational.org\/wp-content\/uploads\/2021\/06\/Democratic-Republic-of-Congo.jpg","datePublished":"2021-06-01T07:58:47+00:00","dateModified":"2021-06-01T08:02:09+00:00","description":"\"La gente se encuentra en peligro y necesidad. Han huido de Goma a los alrededores. Temo que se convierta en una crisis humanitaria. Nos estamos preparando para lo peor\", explica la Madre Florida Bugagara, de las Hijas de la Resurrecci\u00f3n.Su temor se debe a la reciente erupci\u00f3n del monte volc\u00e1nico Nyirangongo en la frontera oriental de la Rep\u00fablica Democr\u00e1tica del Congo.","breadcrumb":{"@id":"https:\/\/acninternational.org\/es\/republica-democratica-del-congo-tras-erupcion-volcanica-cabe-temer-una-crisis-humanitaria\/#breadcrumb"},"inLanguage":"es","potentialAction":[{"@type":"ReadAction","target":["https:\/\/acninternational.org\/es\/republica-democratica-del-congo-tras-erupcion-volcanica-cabe-temer-una-crisis-humanitaria\/"]}]},{"@type":"ImageObject","inLanguage":"es","@id":"https:\/\/acninternational.org\/es\/republica-democratica-del-congo-tras-erupcion-volcanica-cabe-temer-una-crisis-humanitaria\/#primaryimage","url":"https:\/\/media.acninternational.org\/wp-content\/uploads\/2021\/06\/Democratic-Republic-of-Congo.jpg","contentUrl":"https:\/\/media.acninternational.org\/wp-content\/uploads\/2021\/06\/Democratic-Republic-of-Congo.jpg","width":1400,"height":438},{"@type":"BreadcrumbList","@id":"https:\/\/acninternational.org\/es\/republica-democratica-del-congo-tras-erupcion-volcanica-cabe-temer-una-crisis-humanitaria\/#breadcrumb","itemListElement":[{"@type":"ListItem","position":1,"name":"Home","item":"https:\/\/acninternational.org\/es\/"},{"@type":"ListItem","position":2,"name":"NOTICIAS","item":"https:\/\/acninternational.org\/es\/category\/news-es\/"},{"@type":"ListItem","position":3,"name":"Rep\u00fablica Democr\u00e1tica del Congo: Tras erupci\u00f3n volc\u00e1nica cabe temer una crisis humanitaria"}]},{"@type":"WebSite","@id":"https:\/\/acninternational.org\/es\/#website","url":"https:\/\/acninternational.org\/es\/","name":"ACN International","description":"","publisher":{"@id":"https:\/\/acninternational.org\/es\/#organization"},"potentialAction":[{"@type":"SearchAction","target":{"@type":"EntryPoint","urlTemplate":"https:\/\/acninternational.org\/es\/?s={search_term_string}"},"query-input":{"@type":"PropertyValueSpecification","valueRequired":true,"valueName":"search_term_string"}}],"inLanguage":"es"},{"@type":"Organization","@id":"https:\/\/acninternational.org\/es\/#organization","name":"Aid to the Church in Need International","url":"https:\/\/acninternational.org\/es\/","logo":{"@type":"ImageObject","inLanguage":"es","@id":"https:\/\/acninternational.org\/es\/#\/schema\/logo\/image\/","url":"https:\/\/media.acninternational.org\/wp-content\/uploads\/2019\/11\/acn_logo_blackvector.svg","contentUrl":"https:\/\/media.acninternational.org\/wp-content\/uploads\/2019\/11\/acn_logo_blackvector.svg","width":232.6,"height":78,"caption":"Aid to the Church in Need International"},"image":{"@id":"https:\/\/acninternational.org\/es\/#\/schema\/logo\/image\/"},"sameAs":["https:\/\/www.facebook.com\/acninternationalorg","https:\/\/x.com\/acn_int","https:\/\/www.youtube.com\/channel\/UCQ-077gS0TnVzkhHmf1opZw","https:\/\/www.instagram.com\/acn_international\/"]},{"@type":"Person","@id":"https:\/\/acninternational.org\/es\/#\/schema\/person\/7f3dafb236b242fb2aa46be1411fd703","name":"ACN Press Team","description":"Lorem ipsum dolor sit amet, consectetur adipiscing elit, sed do eiusmod tempor incididunt ut labore et dolore magna aliqua. Ut enim ad minim veniam, quis nostrud exercitation ullamco laboris nisi ut aliquip ex ea commodo consequat.","url":"https:\/\/acninternational.org\/es\/author\/acn-press-team\/"}]}},"_links":{"self":[{"href":"https:\/\/acninternational.org\/es\/wp-json\/wp\/v2\/posts\/151880","targetHints":{"allow":["GET"]}}],"collection":[{"href":"https:\/\/acninternational.org\/es\/wp-json\/wp\/v2\/posts"}],"about":[{"href":"https:\/\/acninternational.org\/es\/wp-json\/wp\/v2\/types\/post"}],"author":[{"embeddable":true,"href":"https:\/\/acninternational.org\/es\/wp-json\/wp\/v2\/users\/4258341447"}],"replies":[{"embeddable":true,"href":"https:\/\/acninternational.org\/es\/wp-json\/wp\/v2\/comments?post=151880"}],"version-history":[{"count":0,"href":"https:\/\/acninternational.org\/es\/wp-json\/wp\/v2\/posts\/151880\/revisions"}],"wp:featuredmedia":[{"embeddable":true,"href":"https:\/\/acninternational.org\/es\/wp-json\/wp\/v2\/media\/151878"}],"wp:attachment":[{"href":"https:\/\/acninternational.org\/es\/wp-json\/wp\/v2\/media?parent=151880"}],"wp:term":[{"taxonomy":"category","embeddable":true,"href":"https:\/\/acninternational.org\/es\/wp-json\/wp\/v2\/categories?post=151880"},{"taxonomy":"post_tag","embeddable":true,"href":"https:\/\/acninternational.org\/es\/wp-json\/wp\/v2\/tags?post=151880"},{"taxonomy":"country","embeddable":true,"href":"https:\/\/acninternational.org\/es\/wp-json\/wp\/v2\/country?post=151880"}],"curies":[{"name":"wp","href":"https:\/\/api.w.org\/{rel}","templated":true}]}}