{"id":149112,"date":"2021-03-04T12:01:35","date_gmt":"2021-03-04T11:01:35","guid":{"rendered":"https:\/\/acninternational.org\/?p=149112"},"modified":"2021-03-05T09:37:41","modified_gmt":"2021-03-05T08:37:41","slug":"la-directora-de-proyectos-de-acn-viajara-como-representante-de-roaco-a-iraq-en-el-avion-papal","status":"publish","type":"post","link":"https:\/\/acninternational.org\/es\/la-directora-de-proyectos-de-acn-viajara-como-representante-de-roaco-a-iraq-en-el-avion-papal\/","title":{"rendered":"La directora de proyectos de ACN viajar\u00e1 como representante de ROACO a Iraq en el avi\u00f3n papal"},"content":{"rendered":"<p>Regina Lynch, directora del departamento de proyectos de Aid to the Church in Need (ACN), representar\u00e1 a los delegados de ROACO (Reuni\u00f3n de las Obras de Ayuda a las Iglesias Orientales) durante la visita del Papa a Iraq del 5 al 8 de marzo. Nacida en Irlanda del Norte, Lynch lleva trabajando 40 a\u00f1os en favor de los cristianos que sufren persecuci\u00f3n, discriminaci\u00f3n o viven en una situaci\u00f3n de extrema necesidad. Desde 2008 es directora de proyectos de la fundaci\u00f3n ACN.<\/p>\n<p>\u201cIncluir a un representante de ROACO en el s\u00e9quito papal de la visita papal es una se\u00f1al tangible de cu\u00e1nto valora la Santa Sede el trabajo de las agencias en el Medio Oriente, Europa del Este Central, India, Eritrea y Etiopia,\u201d explica Lynch.<\/p>\n<p>El primer viaje de Lynch a Iraq, donde la fundaci\u00f3n ACN lleva ayudando desde 1972, fue en el 2008. Pero recuerda especialmente la visita a Iraq en otro momento historico para los cristianos de Iraq: el fatidico Agosto del 2014, s\u00f3lo cuatro dias despues de que el IS invadiera las poblaciones cristianas de la llanura del Ninive. Ha viajado a casi treinta paises para conocer de primera mano las dificultades de la Iglesia y ver como aliviar el sufrimiento, pero es la primera vez que viajara acompa\u00f1ando al Santo Padre.<\/p>\n<figure id=\"attachment_142753\" aria-describedby=\"caption-attachment-142753\" style=\"width: 670px\" class=\"wp-caption alignnone\"><img loading=\"lazy\" decoding=\"async\" class=\"wp-image-142753 size-full\" src=\"https:\/\/media.acninternational.org\/wp-content\/uploads\/2020\/09\/Regina-Lynch.jpg\" alt=\"Regina Lynch, directora del departamento de proyectos de Aid to the Church in Need (ACN).\" width=\"670\" height=\"400\" srcset=\"https:\/\/media.acninternational.org\/wp-content\/uploads\/2020\/09\/Regina-Lynch.jpg 670w, https:\/\/media.acninternational.org\/wp-content\/uploads\/2020\/09\/Regina-Lynch-300x179.jpg 300w\" sizes=\"auto, (max-width: 670px) 100vw, 670px\" \/><figcaption id=\"caption-attachment-142753\" class=\"wp-caption-text\">Regina Lynch, directora del departamento de proyectos de Aid to the Church in Need (ACN).<\/figcaption><\/figure>\n<p>Un viaje que para Lynch ser\u00e1 un hito hist\u00f3rico: \u201cEl viaje del Santo Padre a Irak es una se\u00f1al de aliento, un mensaje de esperanza para los cristianos iraqu\u00edes, cuya fe ha sido puesta a prueba a lo largo de los siglos. Cuando eres una minor\u00eda, te sientes solo y abandonado, y el hecho de que el Papa Francisco vaya ahora en un momento tan dif\u00edcil va a dar esperanza a los cristianos iraqu\u00edes.\u201d<\/p>\n<p>https:\/\/youtu.be\/zBuJFAnVfhc<\/p>\n<p>Para Lynch es un honor muy grande representar a ROACO durante este viaje hist\u00f3rico: \u201cEstamos muy agradecidos por la existencia de ROACO. No solo es una fuente de informaci\u00f3n y promotora de proyectos de las iglesias cat\u00f3licas orientales, sino tambi\u00e9n una plataforma de intercambio muy importantes entre agencias como ACN, que se comprometen a apoyar tanto espiritual como financieramente a estas antiguas iglesias con su patrimonio \u00fanico. Y al hacerlo ayudamos a la Iglesia a respirar con ambos pulmones, Oriente y Occidente.\u201d<\/p>\n<p><strong>Sepa m\u00e1s sobre el trabajo de ACN en <a href=\"https:\/\/acninternational.org\/es\/irak\/\">Irak.<\/a><\/strong><\/p>\n","protected":false},"excerpt":{"rendered":"<p>Regina Lynch, directora del departamento de proyectos de Aid to the Church in Need (ACN), representar\u00e1 a los delegados de<\/p>\n","protected":false},"author":4258341447,"featured_media":148498,"comment_status":"closed","ping_status":"closed","sticky":false,"template":"","format":"standard","meta":{"_acf_changed":false,"_acn_coauthor_ids":[],"footnotes":""},"categories":[746],"tags":[],"country":[386],"class_list":["post-149112","post","type-post","status-publish","format-standard","has-post-thumbnail","hentry","category-noticias","country-irak"],"acn_coauthors":[],"acf":[],"yoast_head":"<!-- This site is optimized with the Yoast SEO Premium plugin v27.3 (Yoast SEO v27.3) - https:\/\/yoast.com\/product\/yoast-seo-premium-wordpress\/ -->\n<title>La directora de proyectos de ACN viajar\u00e1 como representante de ROACO a Iraq en el avi\u00f3n papal<\/title>\n<meta name=\"description\" content=\"Regina Lynch, directora del departamento de proyectos de Aid to the Church in Need (ACN), representar\u00e1 a los delegados de ROACO (Reuni\u00f3n de las Obras de Ayuda a las Iglesias Orientales) durante la visita del Papa a Iraq.\" \/>\n<meta name=\"robots\" content=\"index, follow, max-snippet:-1, max-image-preview:large, max-video-preview:-1\" \/>\n<link rel=\"canonical\" href=\"https:\/\/acninternational.org\/es\/la-directora-de-proyectos-de-acn-viajara-como-representante-de-roaco-a-iraq-en-el-avion-papal\/\" \/>\n<meta property=\"og:locale\" content=\"es_ES\" \/>\n<meta property=\"og:type\" content=\"article\" \/>\n<meta property=\"og:title\" content=\"La directora de proyectos de ACN viajar\u00e1 como representante de ROACO a Iraq en el avi\u00f3n papal\" \/>\n<meta property=\"og:description\" content=\"Regina Lynch, directora del departamento de proyectos de Aid to the Church in Need (ACN), representar\u00e1 a los delegados de ROACO (Reuni\u00f3n de las Obras de Ayuda a las Iglesias Orientales) durante la visita del Papa a Iraq.\" \/>\n<meta property=\"og:url\" content=\"https:\/\/acninternational.org\/es\/la-directora-de-proyectos-de-acn-viajara-como-representante-de-roaco-a-iraq-en-el-avion-papal\/\" \/>\n<meta property=\"og:site_name\" content=\"ACN International\" \/>\n<meta property=\"article:publisher\" content=\"https:\/\/www.facebook.com\/acninternationalorg\" \/>\n<meta property=\"article:published_time\" content=\"2021-03-04T11:01:35+00:00\" \/>\n<meta property=\"article:modified_time\" content=\"2021-03-05T08:37:41+00:00\" \/>\n<meta property=\"og:image\" content=\"https:\/\/media.acninternational.org\/wp-content\/uploads\/2021\/02\/Iraq_Qaraqosh.jpg\" \/>\n\t<meta property=\"og:image:width\" content=\"1400\" \/>\n\t<meta property=\"og:image:height\" content=\"438\" \/>\n\t<meta property=\"og:image:type\" content=\"image\/jpeg\" \/>\n<meta name=\"author\" content=\"ACN Press Team\" \/>\n<meta name=\"twitter:card\" content=\"summary_large_image\" \/>\n<meta name=\"twitter:creator\" content=\"@acn_int\" \/>\n<meta name=\"twitter:site\" content=\"@acn_int\" \/>\n<meta name=\"twitter:label1\" content=\"Escrito por\" \/>\n\t<meta name=\"twitter:data1\" content=\"ACN Press Team\" \/>\n\t<meta name=\"twitter:label2\" content=\"Tiempo de lectura\" \/>\n\t<meta name=\"twitter:data2\" content=\"2 minutos\" \/>\n<script type=\"application\/ld+json\" class=\"yoast-schema-graph\">{\"@context\":\"https:\\\/\\\/schema.org\",\"@graph\":[{\"@type\":\"Article\",\"@id\":\"https:\\\/\\\/acninternational.org\\\/es\\\/la-directora-de-proyectos-de-acn-viajara-como-representante-de-roaco-a-iraq-en-el-avion-papal\\\/#article\",\"isPartOf\":{\"@id\":\"https:\\\/\\\/acninternational.org\\\/es\\\/la-directora-de-proyectos-de-acn-viajara-como-representante-de-roaco-a-iraq-en-el-avion-papal\\\/\"},\"author\":{\"name\":\"ACN Press Team\",\"@id\":\"https:\\\/\\\/acninternational.org\\\/es\\\/#\\\/schema\\\/person\\\/7f3dafb236b242fb2aa46be1411fd703\"},\"headline\":\"La directora de proyectos de ACN viajar\u00e1 como representante de ROACO a Iraq en el avi\u00f3n papal\",\"datePublished\":\"2021-03-04T11:01:35+00:00\",\"dateModified\":\"2021-03-05T08:37:41+00:00\",\"mainEntityOfPage\":{\"@id\":\"https:\\\/\\\/acninternational.org\\\/es\\\/la-directora-de-proyectos-de-acn-viajara-como-representante-de-roaco-a-iraq-en-el-avion-papal\\\/\"},\"wordCount\":439,\"publisher\":{\"@id\":\"https:\\\/\\\/acninternational.org\\\/es\\\/#organization\"},\"image\":{\"@id\":\"https:\\\/\\\/acninternational.org\\\/es\\\/la-directora-de-proyectos-de-acn-viajara-como-representante-de-roaco-a-iraq-en-el-avion-papal\\\/#primaryimage\"},\"thumbnailUrl\":\"https:\\\/\\\/media.acninternational.org\\\/wp-content\\\/uploads\\\/2021\\\/02\\\/Iraq_Qaraqosh.jpg\",\"articleSection\":[\"NOTICIAS\"],\"inLanguage\":\"es\"},{\"@type\":\"WebPage\",\"@id\":\"https:\\\/\\\/acninternational.org\\\/es\\\/la-directora-de-proyectos-de-acn-viajara-como-representante-de-roaco-a-iraq-en-el-avion-papal\\\/\",\"url\":\"https:\\\/\\\/acninternational.org\\\/es\\\/la-directora-de-proyectos-de-acn-viajara-como-representante-de-roaco-a-iraq-en-el-avion-papal\\\/\",\"name\":\"La directora de proyectos de ACN viajar\u00e1 como representante de ROACO a Iraq en el avi\u00f3n papal\",\"isPartOf\":{\"@id\":\"https:\\\/\\\/acninternational.org\\\/es\\\/#website\"},\"primaryImageOfPage\":{\"@id\":\"https:\\\/\\\/acninternational.org\\\/es\\\/la-directora-de-proyectos-de-acn-viajara-como-representante-de-roaco-a-iraq-en-el-avion-papal\\\/#primaryimage\"},\"image\":{\"@id\":\"https:\\\/\\\/acninternational.org\\\/es\\\/la-directora-de-proyectos-de-acn-viajara-como-representante-de-roaco-a-iraq-en-el-avion-papal\\\/#primaryimage\"},\"thumbnailUrl\":\"https:\\\/\\\/media.acninternational.org\\\/wp-content\\\/uploads\\\/2021\\\/02\\\/Iraq_Qaraqosh.jpg\",\"datePublished\":\"2021-03-04T11:01:35+00:00\",\"dateModified\":\"2021-03-05T08:37:41+00:00\",\"description\":\"Regina Lynch, directora del departamento de proyectos de Aid to the Church in Need (ACN), representar\u00e1 a los delegados de ROACO (Reuni\u00f3n de las Obras de Ayuda a las Iglesias Orientales) durante la visita del Papa a Iraq.\",\"breadcrumb\":{\"@id\":\"https:\\\/\\\/acninternational.org\\\/es\\\/la-directora-de-proyectos-de-acn-viajara-como-representante-de-roaco-a-iraq-en-el-avion-papal\\\/#breadcrumb\"},\"inLanguage\":\"es\",\"potentialAction\":[{\"@type\":\"ReadAction\",\"target\":[\"https:\\\/\\\/acninternational.org\\\/es\\\/la-directora-de-proyectos-de-acn-viajara-como-representante-de-roaco-a-iraq-en-el-avion-papal\\\/\"]}]},{\"@type\":\"ImageObject\",\"inLanguage\":\"es\",\"@id\":\"https:\\\/\\\/acninternational.org\\\/es\\\/la-directora-de-proyectos-de-acn-viajara-como-representante-de-roaco-a-iraq-en-el-avion-papal\\\/#primaryimage\",\"url\":\"https:\\\/\\\/media.acninternational.org\\\/wp-content\\\/uploads\\\/2021\\\/02\\\/Iraq_Qaraqosh.jpg\",\"contentUrl\":\"https:\\\/\\\/media.acninternational.org\\\/wp-content\\\/uploads\\\/2021\\\/02\\\/Iraq_Qaraqosh.jpg\",\"width\":1400,\"height\":438},{\"@type\":\"BreadcrumbList\",\"@id\":\"https:\\\/\\\/acninternational.org\\\/es\\\/la-directora-de-proyectos-de-acn-viajara-como-representante-de-roaco-a-iraq-en-el-avion-papal\\\/#breadcrumb\",\"itemListElement\":[{\"@type\":\"ListItem\",\"position\":1,\"name\":\"Home\",\"item\":\"https:\\\/\\\/acninternational.org\\\/es\\\/\"},{\"@type\":\"ListItem\",\"position\":2,\"name\":\"NOTICIAS\",\"item\":\"https:\\\/\\\/acninternational.org\\\/es\\\/category\\\/news-es\\\/\"},{\"@type\":\"ListItem\",\"position\":3,\"name\":\"La directora de proyectos de ACN viajar\u00e1 como representante de ROACO a Iraq en el avi\u00f3n papal\"}]},{\"@type\":\"WebSite\",\"@id\":\"https:\\\/\\\/acninternational.org\\\/es\\\/#website\",\"url\":\"https:\\\/\\\/acninternational.org\\\/es\\\/\",\"name\":\"ACN International\",\"description\":\"\",\"publisher\":{\"@id\":\"https:\\\/\\\/acninternational.org\\\/es\\\/#organization\"},\"potentialAction\":[{\"@type\":\"SearchAction\",\"target\":{\"@type\":\"EntryPoint\",\"urlTemplate\":\"https:\\\/\\\/acninternational.org\\\/es\\\/?s={search_term_string}\"},\"query-input\":{\"@type\":\"PropertyValueSpecification\",\"valueRequired\":true,\"valueName\":\"search_term_string\"}}],\"inLanguage\":\"es\"},{\"@type\":\"Organization\",\"@id\":\"https:\\\/\\\/acninternational.org\\\/es\\\/#organization\",\"name\":\"Aid to the Church in Need International\",\"url\":\"https:\\\/\\\/acninternational.org\\\/es\\\/\",\"logo\":{\"@type\":\"ImageObject\",\"inLanguage\":\"es\",\"@id\":\"https:\\\/\\\/acninternational.org\\\/es\\\/#\\\/schema\\\/logo\\\/image\\\/\",\"url\":\"https:\\\/\\\/media.acninternational.org\\\/wp-content\\\/uploads\\\/2019\\\/11\\\/acn_logo_blackvector.svg\",\"contentUrl\":\"https:\\\/\\\/media.acninternational.org\\\/wp-content\\\/uploads\\\/2019\\\/11\\\/acn_logo_blackvector.svg\",\"width\":232.6,\"height\":78,\"caption\":\"Aid to the Church in Need International\"},\"image\":{\"@id\":\"https:\\\/\\\/acninternational.org\\\/es\\\/#\\\/schema\\\/logo\\\/image\\\/\"},\"sameAs\":[\"https:\\\/\\\/www.facebook.com\\\/acninternationalorg\",\"https:\\\/\\\/x.com\\\/acn_int\",\"https:\\\/\\\/www.youtube.com\\\/channel\\\/UCQ-077gS0TnVzkhHmf1opZw\",\"https:\\\/\\\/www.instagram.com\\\/acn_international\\\/\"]},{\"@type\":\"Person\",\"@id\":\"https:\\\/\\\/acninternational.org\\\/es\\\/#\\\/schema\\\/person\\\/7f3dafb236b242fb2aa46be1411fd703\",\"name\":\"ACN Press Team\",\"description\":\"Lorem ipsum dolor sit amet, consectetur adipiscing elit, sed do eiusmod tempor incididunt ut labore et dolore magna aliqua. Ut enim ad minim veniam, quis nostrud exercitation ullamco laboris nisi ut aliquip ex ea commodo consequat.\",\"url\":\"https:\\\/\\\/acninternational.org\\\/es\\\/author\\\/acn-press-team\\\/\"}]}<\/script>\n<!-- \/ Yoast SEO Premium plugin. -->","yoast_head_json":{"title":"La directora de proyectos de ACN viajar\u00e1 como representante de ROACO a Iraq en el avi\u00f3n papal","description":"Regina Lynch, directora del departamento de proyectos de Aid to the Church in Need (ACN), representar\u00e1 a los delegados de ROACO (Reuni\u00f3n de las Obras de Ayuda a las Iglesias Orientales) durante la visita del Papa a Iraq.","robots":{"index":"index","follow":"follow","max-snippet":"max-snippet:-1","max-image-preview":"max-image-preview:large","max-video-preview":"max-video-preview:-1"},"canonical":"https:\/\/acninternational.org\/es\/la-directora-de-proyectos-de-acn-viajara-como-representante-de-roaco-a-iraq-en-el-avion-papal\/","og_locale":"es_ES","og_type":"article","og_title":"La directora de proyectos de ACN viajar\u00e1 como representante de ROACO a Iraq en el avi\u00f3n papal","og_description":"Regina Lynch, directora del departamento de proyectos de Aid to the Church in Need (ACN), representar\u00e1 a los delegados de ROACO (Reuni\u00f3n de las Obras de Ayuda a las Iglesias Orientales) durante la visita del Papa a Iraq.","og_url":"https:\/\/acninternational.org\/es\/la-directora-de-proyectos-de-acn-viajara-como-representante-de-roaco-a-iraq-en-el-avion-papal\/","og_site_name":"ACN International","article_publisher":"https:\/\/www.facebook.com\/acninternationalorg","article_published_time":"2021-03-04T11:01:35+00:00","article_modified_time":"2021-03-05T08:37:41+00:00","og_image":[{"width":1400,"height":438,"url":"https:\/\/media.acninternational.org\/wp-content\/uploads\/2021\/02\/Iraq_Qaraqosh.jpg","type":"image\/jpeg"}],"author":"ACN Press Team","twitter_card":"summary_large_image","twitter_creator":"@acn_int","twitter_site":"@acn_int","twitter_misc":{"Escrito por":"ACN Press Team","Tiempo de lectura":"2 minutos"},"schema":{"@context":"https:\/\/schema.org","@graph":[{"@type":"Article","@id":"https:\/\/acninternational.org\/es\/la-directora-de-proyectos-de-acn-viajara-como-representante-de-roaco-a-iraq-en-el-avion-papal\/#article","isPartOf":{"@id":"https:\/\/acninternational.org\/es\/la-directora-de-proyectos-de-acn-viajara-como-representante-de-roaco-a-iraq-en-el-avion-papal\/"},"author":{"name":"ACN Press Team","@id":"https:\/\/acninternational.org\/es\/#\/schema\/person\/7f3dafb236b242fb2aa46be1411fd703"},"headline":"La directora de proyectos de ACN viajar\u00e1 como representante de ROACO a Iraq en el avi\u00f3n papal","datePublished":"2021-03-04T11:01:35+00:00","dateModified":"2021-03-05T08:37:41+00:00","mainEntityOfPage":{"@id":"https:\/\/acninternational.org\/es\/la-directora-de-proyectos-de-acn-viajara-como-representante-de-roaco-a-iraq-en-el-avion-papal\/"},"wordCount":439,"publisher":{"@id":"https:\/\/acninternational.org\/es\/#organization"},"image":{"@id":"https:\/\/acninternational.org\/es\/la-directora-de-proyectos-de-acn-viajara-como-representante-de-roaco-a-iraq-en-el-avion-papal\/#primaryimage"},"thumbnailUrl":"https:\/\/media.acninternational.org\/wp-content\/uploads\/2021\/02\/Iraq_Qaraqosh.jpg","articleSection":["NOTICIAS"],"inLanguage":"es"},{"@type":"WebPage","@id":"https:\/\/acninternational.org\/es\/la-directora-de-proyectos-de-acn-viajara-como-representante-de-roaco-a-iraq-en-el-avion-papal\/","url":"https:\/\/acninternational.org\/es\/la-directora-de-proyectos-de-acn-viajara-como-representante-de-roaco-a-iraq-en-el-avion-papal\/","name":"La directora de proyectos de ACN viajar\u00e1 como representante de ROACO a Iraq en el avi\u00f3n papal","isPartOf":{"@id":"https:\/\/acninternational.org\/es\/#website"},"primaryImageOfPage":{"@id":"https:\/\/acninternational.org\/es\/la-directora-de-proyectos-de-acn-viajara-como-representante-de-roaco-a-iraq-en-el-avion-papal\/#primaryimage"},"image":{"@id":"https:\/\/acninternational.org\/es\/la-directora-de-proyectos-de-acn-viajara-como-representante-de-roaco-a-iraq-en-el-avion-papal\/#primaryimage"},"thumbnailUrl":"https:\/\/media.acninternational.org\/wp-content\/uploads\/2021\/02\/Iraq_Qaraqosh.jpg","datePublished":"2021-03-04T11:01:35+00:00","dateModified":"2021-03-05T08:37:41+00:00","description":"Regina Lynch, directora del departamento de proyectos de Aid to the Church in Need (ACN), representar\u00e1 a los delegados de ROACO (Reuni\u00f3n de las Obras de Ayuda a las Iglesias Orientales) durante la visita del Papa a Iraq.","breadcrumb":{"@id":"https:\/\/acninternational.org\/es\/la-directora-de-proyectos-de-acn-viajara-como-representante-de-roaco-a-iraq-en-el-avion-papal\/#breadcrumb"},"inLanguage":"es","potentialAction":[{"@type":"ReadAction","target":["https:\/\/acninternational.org\/es\/la-directora-de-proyectos-de-acn-viajara-como-representante-de-roaco-a-iraq-en-el-avion-papal\/"]}]},{"@type":"ImageObject","inLanguage":"es","@id":"https:\/\/acninternational.org\/es\/la-directora-de-proyectos-de-acn-viajara-como-representante-de-roaco-a-iraq-en-el-avion-papal\/#primaryimage","url":"https:\/\/media.acninternational.org\/wp-content\/uploads\/2021\/02\/Iraq_Qaraqosh.jpg","contentUrl":"https:\/\/media.acninternational.org\/wp-content\/uploads\/2021\/02\/Iraq_Qaraqosh.jpg","width":1400,"height":438},{"@type":"BreadcrumbList","@id":"https:\/\/acninternational.org\/es\/la-directora-de-proyectos-de-acn-viajara-como-representante-de-roaco-a-iraq-en-el-avion-papal\/#breadcrumb","itemListElement":[{"@type":"ListItem","position":1,"name":"Home","item":"https:\/\/acninternational.org\/es\/"},{"@type":"ListItem","position":2,"name":"NOTICIAS","item":"https:\/\/acninternational.org\/es\/category\/news-es\/"},{"@type":"ListItem","position":3,"name":"La directora de proyectos de ACN viajar\u00e1 como representante de ROACO a Iraq en el avi\u00f3n papal"}]},{"@type":"WebSite","@id":"https:\/\/acninternational.org\/es\/#website","url":"https:\/\/acninternational.org\/es\/","name":"ACN International","description":"","publisher":{"@id":"https:\/\/acninternational.org\/es\/#organization"},"potentialAction":[{"@type":"SearchAction","target":{"@type":"EntryPoint","urlTemplate":"https:\/\/acninternational.org\/es\/?s={search_term_string}"},"query-input":{"@type":"PropertyValueSpecification","valueRequired":true,"valueName":"search_term_string"}}],"inLanguage":"es"},{"@type":"Organization","@id":"https:\/\/acninternational.org\/es\/#organization","name":"Aid to the Church in Need International","url":"https:\/\/acninternational.org\/es\/","logo":{"@type":"ImageObject","inLanguage":"es","@id":"https:\/\/acninternational.org\/es\/#\/schema\/logo\/image\/","url":"https:\/\/media.acninternational.org\/wp-content\/uploads\/2019\/11\/acn_logo_blackvector.svg","contentUrl":"https:\/\/media.acninternational.org\/wp-content\/uploads\/2019\/11\/acn_logo_blackvector.svg","width":232.6,"height":78,"caption":"Aid to the Church in Need International"},"image":{"@id":"https:\/\/acninternational.org\/es\/#\/schema\/logo\/image\/"},"sameAs":["https:\/\/www.facebook.com\/acninternationalorg","https:\/\/x.com\/acn_int","https:\/\/www.youtube.com\/channel\/UCQ-077gS0TnVzkhHmf1opZw","https:\/\/www.instagram.com\/acn_international\/"]},{"@type":"Person","@id":"https:\/\/acninternational.org\/es\/#\/schema\/person\/7f3dafb236b242fb2aa46be1411fd703","name":"ACN Press Team","description":"Lorem ipsum dolor sit amet, consectetur adipiscing elit, sed do eiusmod tempor incididunt ut labore et dolore magna aliqua. Ut enim ad minim veniam, quis nostrud exercitation ullamco laboris nisi ut aliquip ex ea commodo consequat.","url":"https:\/\/acninternational.org\/es\/author\/acn-press-team\/"}]}},"_links":{"self":[{"href":"https:\/\/acninternational.org\/es\/wp-json\/wp\/v2\/posts\/149112","targetHints":{"allow":["GET"]}}],"collection":[{"href":"https:\/\/acninternational.org\/es\/wp-json\/wp\/v2\/posts"}],"about":[{"href":"https:\/\/acninternational.org\/es\/wp-json\/wp\/v2\/types\/post"}],"author":[{"embeddable":true,"href":"https:\/\/acninternational.org\/es\/wp-json\/wp\/v2\/users\/4258341447"}],"replies":[{"embeddable":true,"href":"https:\/\/acninternational.org\/es\/wp-json\/wp\/v2\/comments?post=149112"}],"version-history":[{"count":0,"href":"https:\/\/acninternational.org\/es\/wp-json\/wp\/v2\/posts\/149112\/revisions"}],"wp:featuredmedia":[{"embeddable":true,"href":"https:\/\/acninternational.org\/es\/wp-json\/wp\/v2\/media\/148498"}],"wp:attachment":[{"href":"https:\/\/acninternational.org\/es\/wp-json\/wp\/v2\/media?parent=149112"}],"wp:term":[{"taxonomy":"category","embeddable":true,"href":"https:\/\/acninternational.org\/es\/wp-json\/wp\/v2\/categories?post=149112"},{"taxonomy":"post_tag","embeddable":true,"href":"https:\/\/acninternational.org\/es\/wp-json\/wp\/v2\/tags?post=149112"},{"taxonomy":"country","embeddable":true,"href":"https:\/\/acninternational.org\/es\/wp-json\/wp\/v2\/country?post=149112"}],"curies":[{"name":"wp","href":"https:\/\/api.w.org\/{rel}","templated":true}]}}