{"id":148616,"date":"2021-02-24T10:52:39","date_gmt":"2021-02-24T09:52:39","guid":{"rendered":"https:\/\/acninternational.org\/?p=148616"},"modified":"2025-02-21T10:12:13","modified_gmt":"2025-02-21T09:12:13","slug":"burkina-faso-los-fieles-huyen-del-terrorismo-contra-el-que-no-tienen-medios-para-resistir-pero-mantienen-su-fe","status":"publish","type":"post","link":"https:\/\/acninternational.org\/es\/burkina-faso-los-fieles-huyen-del-terrorismo-contra-el-que-no-tienen-medios-para-resistir-pero-mantienen-su-fe\/","title":{"rendered":"Burkina Faso: \u201cLos fieles huyen del terrorismo, contra el que no tienen medios para resistir, pero mantienen su fe\u201d"},"content":{"rendered":"<p><em>La situaci\u00f3n en la regi\u00f3n de Sahel es preocupante. En la entrevista, realizada por Maria Lozano de la fundaci\u00f3n ACN, con Mons. Laurent B. DABIRE, obispo de Dori, en el norte de Burkina Faso, el prelado asegura que hay mejoras en la situaci\u00f3n de seguridad, pero el terrorismo est\u00e1 lejos de estar controlado y mucho menos derrotado. Sigue teniendo un fuerte impacto en la vida de la gente y de la Iglesia. Una situaci\u00f3n que se complica con la pandemia, que est\u00e1 demostrando ser persistente y cambiante. \u201cEstamos atrapados entre dos frentes\u201d explica Mons. Dabire. A pesar de ello, los fieles siguen fieles a su fe y acuden en gran n\u00famero a misa. \u201cLa esperanza no quedar\u00e1 defraudada\u201d (Rom 5,5) recuerda el obispo de Dori. <\/em><\/p>\n<h4><strong>\u00bfC\u00f3mo es la situaci\u00f3n general del pa\u00eds?<\/strong><\/h4>\n<p>La situaci\u00f3n general del pa\u00eds es sombr\u00eda debido a la crisis de seguridad y la pandemia del coronavirus, que han afectado gravemente a la poblaci\u00f3n. Estamos atrapados entre dos frentes. Afortunadamente, la incidencia del coronavirus todav\u00eda es reducida en \u00c1frica, pero el aumento de casos es preocupante. Consecuencia directa de las dos primeras es la crisis humanitaria tanto de los desplazados como de las poblaciones de acogida. A pesar del aguante de la poblaci\u00f3n, la situaci\u00f3n es muy dura para la gente humilde que vive al d\u00eda y que ha perdido sus medios de subsistencia.<\/p>\n<figure id=\"attachment_148597\" aria-describedby=\"caption-attachment-148597\" style=\"width: 670px\" class=\"wp-caption aligncenter\"><img loading=\"lazy\" decoding=\"async\" class=\"wp-image-148597 size-full\" src=\"https:\/\/media.acninternational.org\/wp-content\/uploads\/2021\/02\/Bishop-Laurent-B.-Dabire.jpg\" alt=\"Mons. Laurent B. DABIRE, obispo de Dori, en el norte de Burkina Faso.\" width=\"670\" height=\"400\" srcset=\"https:\/\/media.acninternational.org\/wp-content\/uploads\/2021\/02\/Bishop-Laurent-B.-Dabire.jpg 670w, https:\/\/media.acninternational.org\/wp-content\/uploads\/2021\/02\/Bishop-Laurent-B.-Dabire-300x179.jpg 300w\" sizes=\"auto, (max-width: 670px) 100vw, 670px\" \/><figcaption id=\"caption-attachment-148597\" class=\"wp-caption-text\">Mons. Laurent B. DABIRE, obispo de Dori, en el norte de Burkina Faso.<\/figcaption><\/figure>\n<h4><strong>\u00bfC\u00f3mo es la situaci\u00f3n en la di\u00f3cesis de Dori? \u00bfHa vuelto la calma? \u00bfSigue habiendo incursiones violentas&#8230;?<\/strong><\/h4>\n<p>Tras unos meses de tregua (abril-septiembre de 2020), el territorio diocesano que corresponde a la regi\u00f3n del Sahel burkin\u00e9s ha sufrido al menos diez episodios de atentados terroristas desde el 10 de septiembre de 2020 hasta nuestros d\u00edas. La poblaci\u00f3n sigue abandonando las aldeas debido a los ataques o siguiendo las \u00f3rdenes de abandonar la zona so pena de ser masacrados. No obstante, estos ataques se han reducido en n\u00famero y est\u00e1n provocando menos muertes.\u00a0 Se puede decir que ha mejorado el clima de seguridad, aunque todav\u00eda es imposible circular por ciertas zonas que siguen siendo peligrosas por la presencia o las operaciones de grupos terroristas.<\/p>\n<h4><strong>\u00bfPueden la Iglesia, los sacerdotes, los catequistas y las religiosas hacer su trabajo en la di\u00f3cesis?\u00a0<\/strong><\/h4>\n<p><strong>\u00a0<\/strong>Las \u00e1reas parroquiales de Aribinda y Gorgadji permanecen totalmente cerradas y all\u00ed no hay ninguna actividad pastoral. En estas dos parroquias, el centro parroquial se ha vaciado de cristianos y las aldeas que est\u00e1n bajo su atenci\u00f3n y donde todav\u00eda quedan algunos cristianos son inaccesibles por el peligro de las carreteras. La parroquia de Djibo funciona bajo m\u00ednimos gracias a la presencia de un catequista. En las dem\u00e1s parroquias que han permanecido abiertas &#8211; Dori, Sebba y Gorom-Gorom-, la actividad pastoral se limita al centro parroquial. All\u00ed, todas las actividades se llevan a cabo con regularidad, cambiando a veces los horarios y teniendo en cuenta las medidas de prevenci\u00f3n contra el coronavirus.<\/p>\n<p>Ya son cinco a\u00f1os de inseguridad, \u00bfc\u00f3mo se han adaptado las comunidades de creyentes a esta situaci\u00f3n?<\/p>\n<p>La di\u00f3cesis de Dori sigue funcionando y asegura la presencia cat\u00f3lica en el Sahel, aunque sea en un espacio reducido y con dificultad. Los sacerdotes organizan las misas, la catequesis, los sacramentos y los encuentros pastorales a diario. Las religiosas, a excepci\u00f3n de dos comunidades que han cerrado, dirigen las obras diocesanas: la escuela primaria de Dori, el colegio femenino de Dori, el Centro de Acogida Misionera del Buen Pastor de Dori y el Centro \u201cLas Dunas\u201d de Gorom-Gorom, que incluye: un orfanato, una maternidad, un dispensario, un almac\u00e9n farmac\u00e9utico y alojamientos. Adem\u00e1s, las religiosas participan en las actividades parroquiales de catequesis, liturgia, acompa\u00f1amiento de los Movimientos de Acci\u00f3n Cat\u00f3lica (MAC) y Grupos y Asociaciones Espirituales (GAS). Los catequistas est\u00e1n reagrupados en las principales ciudades de las parroquias funcionales, donde se dedican a la catequesis en las lenguas locales, a la liturgia y sobre todo a animar a las Comunidades Cristianas de Base (CCB) a las que pertenecen. La di\u00f3cesis tambi\u00e9n mantiene el contacto con las dem\u00e1s di\u00f3cesis del pa\u00eds participando en encuentros nacionales.<\/p>\n<h4><strong>\u00bfComo est\u00e1 el \u00e1nimo de los cat\u00f3licos en esta situaci\u00f3n tan dif\u00edcil? <\/strong><\/h4>\n<p>El esp\u00edritu de nuestros fieles es de perseverancia y resistencia: vivir la fe cueste lo que cueste. Desde 2015, nunca hemos tenido noticias de deserci\u00f3n, abandono o apostas\u00eda. Los fieles huyen del terrorismo, contra el que no tienen medios para resistir, pero mantienen su fe. Incluso cuando los terroristas han amenazado a la gente para que se convierta, no han tenido \u00e9xito. La gente se ha refugiado llev\u00e1ndose su fe con ella. En Gorom-Gorom y Sebba, se registra un enfriamiento entre algunos fieles que, por miedo a los ataques, ya no asisten a las asambleas dominicales. El compromiso tambi\u00e9n se resiente a nivel de otras actividades parroquiales. Los agentes pastorales deben encontrar estrategias para animar y apoyar a estos fieles debilitados. La esperanza no quedar\u00e1 defraudada (Rom 5,5<em>).<\/em><\/p>\n<h4><strong>\u00bfEn este contexto como pudieron celebrar la Navidad\u00a0y la Epifan\u00eda?\u00a0 <\/strong><\/h4>\n<p>En las tres parroquias en pleno funcionamiento e incluso en Djibo, las misas de Navidad se celebraron con alegr\u00eda y gran participaci\u00f3n de los fieles. El domingo del bautismo del Se\u00f1or -debido a que la Epifan\u00eda este a\u00f1o era demasiado temprana- se celebr\u00f3 la Navidad infantil en todas las parroquias con la habitual y numerosa participaci\u00f3n de ni\u00f1os musulmanes. En Djibo, donde se hab\u00eda suprimido a causa de las condiciones particulares que prevalecen en esa parroquia, los ni\u00f1os musulmanes la reclamaron y me vi obligado a reinstaurarla. Lo pasamos muy bien el pasado domingo 24 de enero. \u00a1Vivan los ni\u00f1os!<\/p>\n<h4><strong>La conferencia episcopal que usted preside desde 2019 tambi\u00e9n incluye el pa\u00eds vecino Burkina-Niger. \u00bfQu\u00e9 noticias les llega de N\u00edger?<\/strong><\/h4>\n<p>Tengo muy pocas noticias de all\u00ed. Solo s\u00e9 que all\u00ed tambi\u00e9n han continuado los atentados, a menudo con un n\u00famero muy elevado de muertos. La inseguridad unida a la pandemia tambi\u00e9n ha provocado all\u00ed una ralentizaci\u00f3n de las actividades pastorales. Por ello, los dos obispos de N\u00edger no han podido participar en las Asambleas Episcopales desde febrero de 2020.<\/p>\n","protected":false},"excerpt":{"rendered":"<p>Sigue impactando a la gente y a la Iglesia; la pandemia lo complica, mostrando ser persistente y cambiante.<\/p>\n","protected":false},"author":4258341447,"featured_media":148622,"comment_status":"closed","ping_status":"closed","sticky":false,"template":"","format":"standard","meta":{"_acf_changed":false,"_acn_coauthor_ids":[],"footnotes":""},"categories":[746],"tags":[],"country":[378],"class_list":["post-148616","post","type-post","status-publish","format-standard","has-post-thumbnail","hentry","category-noticias","country-burkina-faso-es"],"acn_coauthors":[],"acf":[],"yoast_head":"<!-- This site is optimized with the Yoast SEO Premium plugin v27.3 (Yoast SEO v27.3) - https:\/\/yoast.com\/product\/yoast-seo-premium-wordpress\/ -->\n<title>Burkina Faso: \u201cLos fieles huyen del terrorismo, contra el que no tienen medios para resistir, pero mantienen su fe\u201d<\/title>\n<meta name=\"description\" content=\"Sigue impactando a la gente y a la Iglesia; la pandemia lo complica, mostrando ser persistente y cambiante.\" \/>\n<meta name=\"robots\" content=\"index, follow, max-snippet:-1, max-image-preview:large, max-video-preview:-1\" \/>\n<link rel=\"canonical\" href=\"https:\/\/acninternational.org\/es\/burkina-faso-los-fieles-huyen-del-terrorismo-contra-el-que-no-tienen-medios-para-resistir-pero-mantienen-su-fe\/\" \/>\n<meta property=\"og:locale\" content=\"es_ES\" \/>\n<meta property=\"og:type\" content=\"article\" \/>\n<meta property=\"og:title\" content=\"Burkina Faso: \u201cLos fieles huyen del terrorismo, contra el que no tienen medios para resistir, pero mantienen su fe\u201d\" \/>\n<meta property=\"og:description\" content=\"Sigue impactando a la gente y a la Iglesia; la pandemia lo complica, mostrando ser persistente y cambiante.\" \/>\n<meta property=\"og:url\" content=\"https:\/\/acninternational.org\/es\/burkina-faso-los-fieles-huyen-del-terrorismo-contra-el-que-no-tienen-medios-para-resistir-pero-mantienen-su-fe\/\" \/>\n<meta property=\"og:site_name\" content=\"ACN International\" \/>\n<meta property=\"article:publisher\" content=\"https:\/\/www.facebook.com\/acninternationalorg\" \/>\n<meta property=\"article:published_time\" content=\"2021-02-24T09:52:39+00:00\" \/>\n<meta property=\"article:modified_time\" content=\"2025-02-21T09:12:13+00:00\" \/>\n<meta property=\"og:image\" content=\"https:\/\/media.acninternational.org\/wp-content\/uploads\/2021\/02\/Burkina-Faso2.jpg\" \/>\n\t<meta property=\"og:image:width\" content=\"1400\" \/>\n\t<meta property=\"og:image:height\" content=\"438\" \/>\n\t<meta property=\"og:image:type\" content=\"image\/jpeg\" \/>\n<meta name=\"author\" content=\"ACN Press Team\" \/>\n<meta name=\"twitter:card\" content=\"summary_large_image\" \/>\n<meta name=\"twitter:creator\" content=\"@acn_int\" \/>\n<meta name=\"twitter:site\" content=\"@acn_int\" \/>\n<meta name=\"twitter:label1\" content=\"Escrito por\" \/>\n\t<meta name=\"twitter:data1\" content=\"ACN Press Team\" \/>\n\t<meta name=\"twitter:label2\" content=\"Tiempo de lectura\" \/>\n\t<meta name=\"twitter:data2\" content=\"5 minutos\" \/>\n<script type=\"application\/ld+json\" class=\"yoast-schema-graph\">{\"@context\":\"https:\\\/\\\/schema.org\",\"@graph\":[{\"@type\":\"Article\",\"@id\":\"https:\\\/\\\/acninternational.org\\\/es\\\/burkina-faso-los-fieles-huyen-del-terrorismo-contra-el-que-no-tienen-medios-para-resistir-pero-mantienen-su-fe\\\/#article\",\"isPartOf\":{\"@id\":\"https:\\\/\\\/acninternational.org\\\/es\\\/burkina-faso-los-fieles-huyen-del-terrorismo-contra-el-que-no-tienen-medios-para-resistir-pero-mantienen-su-fe\\\/\"},\"author\":{\"name\":\"ACN Press Team\",\"@id\":\"https:\\\/\\\/acninternational.org\\\/es\\\/#\\\/schema\\\/person\\\/7f3dafb236b242fb2aa46be1411fd703\"},\"headline\":\"Burkina Faso: \u201cLos fieles huyen del terrorismo, contra el que no tienen medios para resistir, pero mantienen su fe\u201d\",\"datePublished\":\"2021-02-24T09:52:39+00:00\",\"dateModified\":\"2025-02-21T09:12:13+00:00\",\"mainEntityOfPage\":{\"@id\":\"https:\\\/\\\/acninternational.org\\\/es\\\/burkina-faso-los-fieles-huyen-del-terrorismo-contra-el-que-no-tienen-medios-para-resistir-pero-mantienen-su-fe\\\/\"},\"wordCount\":1108,\"publisher\":{\"@id\":\"https:\\\/\\\/acninternational.org\\\/es\\\/#organization\"},\"image\":{\"@id\":\"https:\\\/\\\/acninternational.org\\\/es\\\/burkina-faso-los-fieles-huyen-del-terrorismo-contra-el-que-no-tienen-medios-para-resistir-pero-mantienen-su-fe\\\/#primaryimage\"},\"thumbnailUrl\":\"https:\\\/\\\/media.acninternational.org\\\/wp-content\\\/uploads\\\/2021\\\/02\\\/Burkina-Faso2.jpg\",\"articleSection\":[\"NOTICIAS\"],\"inLanguage\":\"es\"},{\"@type\":\"WebPage\",\"@id\":\"https:\\\/\\\/acninternational.org\\\/es\\\/burkina-faso-los-fieles-huyen-del-terrorismo-contra-el-que-no-tienen-medios-para-resistir-pero-mantienen-su-fe\\\/\",\"url\":\"https:\\\/\\\/acninternational.org\\\/es\\\/burkina-faso-los-fieles-huyen-del-terrorismo-contra-el-que-no-tienen-medios-para-resistir-pero-mantienen-su-fe\\\/\",\"name\":\"Burkina Faso: \u201cLos fieles huyen del terrorismo, contra el que no tienen medios para resistir, pero mantienen su fe\u201d\",\"isPartOf\":{\"@id\":\"https:\\\/\\\/acninternational.org\\\/es\\\/#website\"},\"primaryImageOfPage\":{\"@id\":\"https:\\\/\\\/acninternational.org\\\/es\\\/burkina-faso-los-fieles-huyen-del-terrorismo-contra-el-que-no-tienen-medios-para-resistir-pero-mantienen-su-fe\\\/#primaryimage\"},\"image\":{\"@id\":\"https:\\\/\\\/acninternational.org\\\/es\\\/burkina-faso-los-fieles-huyen-del-terrorismo-contra-el-que-no-tienen-medios-para-resistir-pero-mantienen-su-fe\\\/#primaryimage\"},\"thumbnailUrl\":\"https:\\\/\\\/media.acninternational.org\\\/wp-content\\\/uploads\\\/2021\\\/02\\\/Burkina-Faso2.jpg\",\"datePublished\":\"2021-02-24T09:52:39+00:00\",\"dateModified\":\"2025-02-21T09:12:13+00:00\",\"description\":\"Sigue impactando a la gente y a la Iglesia; la pandemia lo complica, mostrando ser persistente y cambiante.\",\"breadcrumb\":{\"@id\":\"https:\\\/\\\/acninternational.org\\\/es\\\/burkina-faso-los-fieles-huyen-del-terrorismo-contra-el-que-no-tienen-medios-para-resistir-pero-mantienen-su-fe\\\/#breadcrumb\"},\"inLanguage\":\"es\",\"potentialAction\":[{\"@type\":\"ReadAction\",\"target\":[\"https:\\\/\\\/acninternational.org\\\/es\\\/burkina-faso-los-fieles-huyen-del-terrorismo-contra-el-que-no-tienen-medios-para-resistir-pero-mantienen-su-fe\\\/\"]}]},{\"@type\":\"ImageObject\",\"inLanguage\":\"es\",\"@id\":\"https:\\\/\\\/acninternational.org\\\/es\\\/burkina-faso-los-fieles-huyen-del-terrorismo-contra-el-que-no-tienen-medios-para-resistir-pero-mantienen-su-fe\\\/#primaryimage\",\"url\":\"https:\\\/\\\/media.acninternational.org\\\/wp-content\\\/uploads\\\/2021\\\/02\\\/Burkina-Faso2.jpg\",\"contentUrl\":\"https:\\\/\\\/media.acninternational.org\\\/wp-content\\\/uploads\\\/2021\\\/02\\\/Burkina-Faso2.jpg\",\"width\":1400,\"height\":438},{\"@type\":\"BreadcrumbList\",\"@id\":\"https:\\\/\\\/acninternational.org\\\/es\\\/burkina-faso-los-fieles-huyen-del-terrorismo-contra-el-que-no-tienen-medios-para-resistir-pero-mantienen-su-fe\\\/#breadcrumb\",\"itemListElement\":[{\"@type\":\"ListItem\",\"position\":1,\"name\":\"Home\",\"item\":\"https:\\\/\\\/acninternational.org\\\/es\\\/\"},{\"@type\":\"ListItem\",\"position\":2,\"name\":\"NOTICIAS\",\"item\":\"https:\\\/\\\/acninternational.org\\\/es\\\/category\\\/noticias\\\/\"},{\"@type\":\"ListItem\",\"position\":3,\"name\":\"Burkina Faso: \u201cLos fieles huyen del terrorismo, contra el que no tienen medios para resistir, pero mantienen su fe\u201d\"}]},{\"@type\":\"WebSite\",\"@id\":\"https:\\\/\\\/acninternational.org\\\/es\\\/#website\",\"url\":\"https:\\\/\\\/acninternational.org\\\/es\\\/\",\"name\":\"ACN International\",\"description\":\"\",\"publisher\":{\"@id\":\"https:\\\/\\\/acninternational.org\\\/es\\\/#organization\"},\"potentialAction\":[{\"@type\":\"SearchAction\",\"target\":{\"@type\":\"EntryPoint\",\"urlTemplate\":\"https:\\\/\\\/acninternational.org\\\/es\\\/?s={search_term_string}\"},\"query-input\":{\"@type\":\"PropertyValueSpecification\",\"valueRequired\":true,\"valueName\":\"search_term_string\"}}],\"inLanguage\":\"es\"},{\"@type\":\"Organization\",\"@id\":\"https:\\\/\\\/acninternational.org\\\/es\\\/#organization\",\"name\":\"Aid to the Church in Need International\",\"url\":\"https:\\\/\\\/acninternational.org\\\/es\\\/\",\"logo\":{\"@type\":\"ImageObject\",\"inLanguage\":\"es\",\"@id\":\"https:\\\/\\\/acninternational.org\\\/es\\\/#\\\/schema\\\/logo\\\/image\\\/\",\"url\":\"https:\\\/\\\/media.acninternational.org\\\/wp-content\\\/uploads\\\/2019\\\/11\\\/acn_logo_blackvector.svg\",\"contentUrl\":\"https:\\\/\\\/media.acninternational.org\\\/wp-content\\\/uploads\\\/2019\\\/11\\\/acn_logo_blackvector.svg\",\"width\":232.6,\"height\":78,\"caption\":\"Aid to the Church in Need International\"},\"image\":{\"@id\":\"https:\\\/\\\/acninternational.org\\\/es\\\/#\\\/schema\\\/logo\\\/image\\\/\"},\"sameAs\":[\"https:\\\/\\\/www.facebook.com\\\/acninternationalorg\",\"https:\\\/\\\/x.com\\\/acn_int\",\"https:\\\/\\\/www.youtube.com\\\/channel\\\/UCQ-077gS0TnVzkhHmf1opZw\",\"https:\\\/\\\/www.instagram.com\\\/acn_international\\\/\"]},{\"@type\":\"Person\",\"@id\":\"https:\\\/\\\/acninternational.org\\\/es\\\/#\\\/schema\\\/person\\\/7f3dafb236b242fb2aa46be1411fd703\",\"name\":\"ACN Press Team\",\"description\":\"Lorem ipsum dolor sit amet, consectetur adipiscing elit, sed do eiusmod tempor incididunt ut labore et dolore magna aliqua. Ut enim ad minim veniam, quis nostrud exercitation ullamco laboris nisi ut aliquip ex ea commodo consequat.\",\"url\":\"https:\\\/\\\/acninternational.org\\\/es\\\/author\\\/acn-press-team\\\/\"}]}<\/script>\n<!-- \/ Yoast SEO Premium plugin. -->","yoast_head_json":{"title":"Burkina Faso: \u201cLos fieles huyen del terrorismo, contra el que no tienen medios para resistir, pero mantienen su fe\u201d","description":"Sigue impactando a la gente y a la Iglesia; la pandemia lo complica, mostrando ser persistente y cambiante.","robots":{"index":"index","follow":"follow","max-snippet":"max-snippet:-1","max-image-preview":"max-image-preview:large","max-video-preview":"max-video-preview:-1"},"canonical":"https:\/\/acninternational.org\/es\/burkina-faso-los-fieles-huyen-del-terrorismo-contra-el-que-no-tienen-medios-para-resistir-pero-mantienen-su-fe\/","og_locale":"es_ES","og_type":"article","og_title":"Burkina Faso: \u201cLos fieles huyen del terrorismo, contra el que no tienen medios para resistir, pero mantienen su fe\u201d","og_description":"Sigue impactando a la gente y a la Iglesia; la pandemia lo complica, mostrando ser persistente y cambiante.","og_url":"https:\/\/acninternational.org\/es\/burkina-faso-los-fieles-huyen-del-terrorismo-contra-el-que-no-tienen-medios-para-resistir-pero-mantienen-su-fe\/","og_site_name":"ACN International","article_publisher":"https:\/\/www.facebook.com\/acninternationalorg","article_published_time":"2021-02-24T09:52:39+00:00","article_modified_time":"2025-02-21T09:12:13+00:00","og_image":[{"width":1400,"height":438,"url":"https:\/\/media.acninternational.org\/wp-content\/uploads\/2021\/02\/Burkina-Faso2.jpg","type":"image\/jpeg"}],"author":"ACN Press Team","twitter_card":"summary_large_image","twitter_creator":"@acn_int","twitter_site":"@acn_int","twitter_misc":{"Escrito por":"ACN Press Team","Tiempo de lectura":"5 minutos"},"schema":{"@context":"https:\/\/schema.org","@graph":[{"@type":"Article","@id":"https:\/\/acninternational.org\/es\/burkina-faso-los-fieles-huyen-del-terrorismo-contra-el-que-no-tienen-medios-para-resistir-pero-mantienen-su-fe\/#article","isPartOf":{"@id":"https:\/\/acninternational.org\/es\/burkina-faso-los-fieles-huyen-del-terrorismo-contra-el-que-no-tienen-medios-para-resistir-pero-mantienen-su-fe\/"},"author":{"name":"ACN Press Team","@id":"https:\/\/acninternational.org\/es\/#\/schema\/person\/7f3dafb236b242fb2aa46be1411fd703"},"headline":"Burkina Faso: \u201cLos fieles huyen del terrorismo, contra el que no tienen medios para resistir, pero mantienen su fe\u201d","datePublished":"2021-02-24T09:52:39+00:00","dateModified":"2025-02-21T09:12:13+00:00","mainEntityOfPage":{"@id":"https:\/\/acninternational.org\/es\/burkina-faso-los-fieles-huyen-del-terrorismo-contra-el-que-no-tienen-medios-para-resistir-pero-mantienen-su-fe\/"},"wordCount":1108,"publisher":{"@id":"https:\/\/acninternational.org\/es\/#organization"},"image":{"@id":"https:\/\/acninternational.org\/es\/burkina-faso-los-fieles-huyen-del-terrorismo-contra-el-que-no-tienen-medios-para-resistir-pero-mantienen-su-fe\/#primaryimage"},"thumbnailUrl":"https:\/\/media.acninternational.org\/wp-content\/uploads\/2021\/02\/Burkina-Faso2.jpg","articleSection":["NOTICIAS"],"inLanguage":"es"},{"@type":"WebPage","@id":"https:\/\/acninternational.org\/es\/burkina-faso-los-fieles-huyen-del-terrorismo-contra-el-que-no-tienen-medios-para-resistir-pero-mantienen-su-fe\/","url":"https:\/\/acninternational.org\/es\/burkina-faso-los-fieles-huyen-del-terrorismo-contra-el-que-no-tienen-medios-para-resistir-pero-mantienen-su-fe\/","name":"Burkina Faso: \u201cLos fieles huyen del terrorismo, contra el que no tienen medios para resistir, pero mantienen su fe\u201d","isPartOf":{"@id":"https:\/\/acninternational.org\/es\/#website"},"primaryImageOfPage":{"@id":"https:\/\/acninternational.org\/es\/burkina-faso-los-fieles-huyen-del-terrorismo-contra-el-que-no-tienen-medios-para-resistir-pero-mantienen-su-fe\/#primaryimage"},"image":{"@id":"https:\/\/acninternational.org\/es\/burkina-faso-los-fieles-huyen-del-terrorismo-contra-el-que-no-tienen-medios-para-resistir-pero-mantienen-su-fe\/#primaryimage"},"thumbnailUrl":"https:\/\/media.acninternational.org\/wp-content\/uploads\/2021\/02\/Burkina-Faso2.jpg","datePublished":"2021-02-24T09:52:39+00:00","dateModified":"2025-02-21T09:12:13+00:00","description":"Sigue impactando a la gente y a la Iglesia; la pandemia lo complica, mostrando ser persistente y cambiante.","breadcrumb":{"@id":"https:\/\/acninternational.org\/es\/burkina-faso-los-fieles-huyen-del-terrorismo-contra-el-que-no-tienen-medios-para-resistir-pero-mantienen-su-fe\/#breadcrumb"},"inLanguage":"es","potentialAction":[{"@type":"ReadAction","target":["https:\/\/acninternational.org\/es\/burkina-faso-los-fieles-huyen-del-terrorismo-contra-el-que-no-tienen-medios-para-resistir-pero-mantienen-su-fe\/"]}]},{"@type":"ImageObject","inLanguage":"es","@id":"https:\/\/acninternational.org\/es\/burkina-faso-los-fieles-huyen-del-terrorismo-contra-el-que-no-tienen-medios-para-resistir-pero-mantienen-su-fe\/#primaryimage","url":"https:\/\/media.acninternational.org\/wp-content\/uploads\/2021\/02\/Burkina-Faso2.jpg","contentUrl":"https:\/\/media.acninternational.org\/wp-content\/uploads\/2021\/02\/Burkina-Faso2.jpg","width":1400,"height":438},{"@type":"BreadcrumbList","@id":"https:\/\/acninternational.org\/es\/burkina-faso-los-fieles-huyen-del-terrorismo-contra-el-que-no-tienen-medios-para-resistir-pero-mantienen-su-fe\/#breadcrumb","itemListElement":[{"@type":"ListItem","position":1,"name":"Home","item":"https:\/\/acninternational.org\/es\/"},{"@type":"ListItem","position":2,"name":"NOTICIAS","item":"https:\/\/acninternational.org\/es\/category\/noticias\/"},{"@type":"ListItem","position":3,"name":"Burkina Faso: \u201cLos fieles huyen del terrorismo, contra el que no tienen medios para resistir, pero mantienen su fe\u201d"}]},{"@type":"WebSite","@id":"https:\/\/acninternational.org\/es\/#website","url":"https:\/\/acninternational.org\/es\/","name":"ACN International","description":"","publisher":{"@id":"https:\/\/acninternational.org\/es\/#organization"},"potentialAction":[{"@type":"SearchAction","target":{"@type":"EntryPoint","urlTemplate":"https:\/\/acninternational.org\/es\/?s={search_term_string}"},"query-input":{"@type":"PropertyValueSpecification","valueRequired":true,"valueName":"search_term_string"}}],"inLanguage":"es"},{"@type":"Organization","@id":"https:\/\/acninternational.org\/es\/#organization","name":"Aid to the Church in Need International","url":"https:\/\/acninternational.org\/es\/","logo":{"@type":"ImageObject","inLanguage":"es","@id":"https:\/\/acninternational.org\/es\/#\/schema\/logo\/image\/","url":"https:\/\/media.acninternational.org\/wp-content\/uploads\/2019\/11\/acn_logo_blackvector.svg","contentUrl":"https:\/\/media.acninternational.org\/wp-content\/uploads\/2019\/11\/acn_logo_blackvector.svg","width":232.6,"height":78,"caption":"Aid to the Church in Need International"},"image":{"@id":"https:\/\/acninternational.org\/es\/#\/schema\/logo\/image\/"},"sameAs":["https:\/\/www.facebook.com\/acninternationalorg","https:\/\/x.com\/acn_int","https:\/\/www.youtube.com\/channel\/UCQ-077gS0TnVzkhHmf1opZw","https:\/\/www.instagram.com\/acn_international\/"]},{"@type":"Person","@id":"https:\/\/acninternational.org\/es\/#\/schema\/person\/7f3dafb236b242fb2aa46be1411fd703","name":"ACN Press Team","description":"Lorem ipsum dolor sit amet, consectetur adipiscing elit, sed do eiusmod tempor incididunt ut labore et dolore magna aliqua. Ut enim ad minim veniam, quis nostrud exercitation ullamco laboris nisi ut aliquip ex ea commodo consequat.","url":"https:\/\/acninternational.org\/es\/author\/acn-press-team\/"}]}},"_links":{"self":[{"href":"https:\/\/acninternational.org\/es\/wp-json\/wp\/v2\/posts\/148616","targetHints":{"allow":["GET"]}}],"collection":[{"href":"https:\/\/acninternational.org\/es\/wp-json\/wp\/v2\/posts"}],"about":[{"href":"https:\/\/acninternational.org\/es\/wp-json\/wp\/v2\/types\/post"}],"author":[{"embeddable":true,"href":"https:\/\/acninternational.org\/es\/wp-json\/wp\/v2\/users\/4258341447"}],"replies":[{"embeddable":true,"href":"https:\/\/acninternational.org\/es\/wp-json\/wp\/v2\/comments?post=148616"}],"version-history":[{"count":0,"href":"https:\/\/acninternational.org\/es\/wp-json\/wp\/v2\/posts\/148616\/revisions"}],"wp:featuredmedia":[{"embeddable":true,"href":"https:\/\/acninternational.org\/es\/wp-json\/wp\/v2\/media\/148622"}],"wp:attachment":[{"href":"https:\/\/acninternational.org\/es\/wp-json\/wp\/v2\/media?parent=148616"}],"wp:term":[{"taxonomy":"category","embeddable":true,"href":"https:\/\/acninternational.org\/es\/wp-json\/wp\/v2\/categories?post=148616"},{"taxonomy":"post_tag","embeddable":true,"href":"https:\/\/acninternational.org\/es\/wp-json\/wp\/v2\/tags?post=148616"},{"taxonomy":"country","embeddable":true,"href":"https:\/\/acninternational.org\/es\/wp-json\/wp\/v2\/country?post=148616"}],"curies":[{"name":"wp","href":"https:\/\/api.w.org\/{rel}","templated":true}]}}