{"id":148487,"date":"2021-02-19T10:10:04","date_gmt":"2021-02-19T09:10:04","guid":{"rendered":"https:\/\/acninternational.org\/?p=148487"},"modified":"2024-08-08T10:40:13","modified_gmt":"2024-08-08T08:40:13","slug":"irak-padre-ammar-yako-es-parte-de-nuestra-historia","status":"publish","type":"post","link":"https:\/\/acninternational.org\/es\/irak-padre-ammar-yako-es-parte-de-nuestra-historia\/","title":{"rendered":"Irak: Padre Ammar Yako: \u201cEs parte de nuestra historia\u201d"},"content":{"rendered":"<p><strong>Iglesia de Al-Tahira en Iraq ser\u00e1 visitada por el papa Francisco el 7 de Marzo<\/strong><\/p>\n<p><strong><em>La iglesia de Al-Tahira en Qaraqosh (Baghdeda) fue destruida casi por completo durante el r\u00e9gimen de terror del ISIS (2014-2017). Gracias a la generosa ayuda de los benefactores de ACN, la iglesia ha sido reconstruida en el transcurso de los \u00faltimos a\u00f1os y ya est\u00e1 casi totalmente restaurada. El papa Francisco ha confirmado que visitar\u00e1 la bas\u00edlica mariana el domingo 7 de marzo durante su visita al pa\u00eds. La fundaci\u00f3n entrevist\u00f3 al P. Ammar Yako que supervisa la reconstrucci\u00f3n.<\/em><\/strong><\/p>\n<p><strong>\u00bfCu\u00e1l es la historia de la iglesia de Al-Tahira? <\/strong><\/p>\n<p>La construcci\u00f3n de la iglesia de Al-Tahira, en Qaraqosh, se inici\u00f3 en 1932. Toda la poblaci\u00f3n de Qaraqosh ayud\u00f3 en la obra y contribuy\u00f3 voluntariamente a su construcci\u00f3n, que concluy\u00f3 en 1948, cuando se inaugur\u00f3 la iglesia. . Fue una buena manera para la gente de mostrar su fe. Conocemos muchas historias sobre la \u00e9poca de la construcci\u00f3n de la iglesia de nuestros padres y abuelos. Gracias a su duro trabajo se erigi\u00f3 esta gran iglesia.<\/p>\n<p><strong>\u00bfC\u00f3mo qued\u00f3 el templo despu\u00e9s de la invasi\u00f3n y destrucci\u00f3n del ISIS? <\/strong><\/p>\n<p>Como saben, en 2014 el ISIS conquist\u00f3 la ciudad y nosotros huimos al Kurdist\u00e1n. Al cabo de tres a\u00f1os la ciudad fue liberada y regresamos. Recuerdo muy bien lo destrozada que estaba el templo. Estaba totalmente calcinado. Destruyeron todas las cruces, robaron lo que hab\u00eda dentro de la iglesia, las im\u00e1genes y todo lo dem\u00e1s. Los l\u00edderes del ISIS escribieron sus nombres en las columnas de la iglesia, y utilizaron el exterior de la misma como lugar de entrenamiento para nuevos combatientes del ISIS.<\/p>\n<p><strong>\u00bfQu\u00e9 sinti\u00f3 cuando regres\u00f3 por primera vez y vi\u00f3\u00a0 tanta destrucci\u00f3n?<\/strong><\/p>\n<p>Cuando vi la iglesia destruida y quemada, sent\u00ed primer una gran tristeza. Era tan triste ver el templo de Dios, as\u00ed, vac\u00edo y destruido. Pero al mismo tiempo sent\u00ed alegr\u00eda y felicidad por volver a la ciudad y volver a entrar en la iglesia. As\u00ed que hubo alegr\u00eda y dolor al mismo tiempo.<\/p>\n<p><strong>\u00bfQu\u00e9 significa para usted ser el responsable de la reconstrucci\u00f3n?<\/strong><\/p>\n<p>Cuando el obispo me pidi\u00f3 que dirigiera al equipo de reconstrucci\u00f3n, fue un momento muy feliz para m\u00ed porque me acord\u00e9 de toda esa gente que ayud\u00f3 en el pasado a construir la iglesia, nuestros padres y abuelos;me sent\u00ed unido a todos aquellos que compartieron su fe.<\/p>\n<figure id=\"attachment_147035\" aria-describedby=\"caption-attachment-147035\" style=\"width: 670px\" class=\"wp-caption alignnone\"><img loading=\"lazy\" decoding=\"async\" class=\"wp-image-147035 size-full\" src=\"https:\/\/media.acninternational.org\/wp-content\/uploads\/2021\/01\/Iraq_Fr.-Ammar-Yako-1.jpg\" alt=\"Padre Ammar Yako.\" width=\"670\" height=\"400\" srcset=\"https:\/\/media.acninternational.org\/wp-content\/uploads\/2021\/01\/Iraq_Fr.-Ammar-Yako-1.jpg 670w, https:\/\/media.acninternational.org\/wp-content\/uploads\/2021\/01\/Iraq_Fr.-Ammar-Yako-1-300x179.jpg 300w\" sizes=\"auto, (max-width: 670px) 100vw, 670px\" \/><figcaption id=\"caption-attachment-147035\" class=\"wp-caption-text\">Padre Ammar Yako.<\/figcaption><\/figure>\n<p><strong>\u00bfC\u00f3mo ha evolucionado la reconstrucci\u00f3n?<\/strong><\/p>\n<p>La reconstrucci\u00f3n comenz\u00f3 en 2019. La primera fase de la obra consisti\u00f3 en arreglar los pilares que dur\u00f3 hasta finales de 2019. En 2020 iniciamos la segunda y tercera fase, que era la reconstrucci\u00f3n de la iglesia por dentro y por fuera. Gracias a Dios, hemos llegado a la fase final de la reconstrucci\u00f3n, y esperamos terminar pronto todos los aspectos de la reconstrucci\u00f3n de la iglesia.<\/p>\n<p><strong>\u00bfCu\u00e1l fue la reacci\u00f3n de la comunidad de creyentes ante la reconstrucci\u00f3n de la iglesia?<\/strong><\/p>\n<p>La reconstrucci\u00f3n de la iglesia de Al-Tahira es muy importante para la comunidad de Qaraqosh. Toda la gente de aqu\u00ed siente que es su casa, parte de su historia. As\u00ed que es muy importante volver a abrir la iglesia. Evidentemente, en Qaraqosh empezamos por ayudar a la gente a reconstruir sus casas, tambi\u00e9n con la ayuda de la fundaci\u00f3n ACN. Cuando acabamos, mucha gente nos preguntaba cu\u00e1ndo \u00edbamos a empezar a reconstruir la iglesia. Gracias a Dios, ya casi hemos terminado. Percibo que la gente est\u00e1 deseando poder volver a venir aqu\u00ed y rezar de nuevo y mostrar a todo el mundo que su iglesia est\u00e1 abierta y que podemos rezar a Dios de nuevo en este templo.<\/p>\n<p><strong>\u00bfQu\u00e9 significa para usted la visita del Papa?<\/strong><\/p>\n<p>Es estupendo estar aqu\u00ed en este momento en Qaraqosh para dar la bienvenida a nuestro Papa. Cuando anunciaron que el Papa visitar\u00eda Iraq y Qaraqosh, me sent\u00ed muy feliz de poder recibir al Santo Padre aqu\u00ed, en esta iglesia, en esta ciudad, y compartir nuestra fe juntos. El Papa puede ayudarnos a vivir nuestra fe en estos tiempos, y podemos mostrarle c\u00f3mo es nuestra vida como cristianos aqu\u00ed, en Qaraqosh, en Iraq.<\/p>\n<p><strong>\u00bfA qu\u00e9 retos se enfrentan los creyentes aqu\u00ed en Iraq?<\/strong><\/p>\n<p>En Iraq, los cristianos afrontan numerosos desaf\u00edos. En primer lugar, forman parte de este pa\u00eds, que todav\u00eda es inestable. Por supuesto, por encima de todo, debemos servir a Dios para que nos ayude a continuar nuestra vida en Iraq. Como comunidad, tenemos muchos otros retos. Como minor\u00eda, no tenemos muchas posibilidades de trabajar, as\u00ed que tenemos que esforzarnos por encontrar empleo para nuestra gente. No obstante, el mayor problema es la emigraci\u00f3n. Muchas familias est\u00e1n ahora lejos de Qaraqosh y de Iraq, y si la situaci\u00f3n no mejora, muchas familias podr\u00edan no regresar.<\/p>\n<p><strong>\u00bfPodr\u00eda enviar un mensaje a los benefactores de ACN?<\/strong><\/p>\n<p>Me gustar\u00eda dar las gracias a ACN por todo lo que ha hecho por nosotros cuando est\u00e1bamos desplazados. Cuando huimos de todas las ciudades al Kurdist\u00e1n, ACN nos apoy\u00f3 durante tres a\u00f1os. Doy las gracias a todos los benefactores por su ayuda. Cuando regresamos a Qaraqosh, tambi\u00e9n nos ayudaron con la reconstrucci\u00f3n de las casas y las iglesias, y en muchas otras necesidades. Muchas gracias y que Dios los bendiga. Esperamos que juntos podamos mostrarle al mundo nuestra fe cristiana.<\/p>\n<p><strong>\u00bfPor qu\u00e9 no deben olvidarse los benefactores de ACN de la gente de Qaraqosh?<\/strong><\/p>\n<p>En la situaci\u00f3n actual seguimos necesitando la ayuda de las organizaciones, y especialmente de ACN, para las numerosas necesidades de las iglesias de Qaraqosh. Por favor, sigan ayud\u00e1ndonos e infundan as\u00ed en a nuestra comunidad la esperanza de poder seguir viviendo aqu\u00ed en Qaraqosh.<\/p>\n<p>&nbsp;<\/p>\n","protected":false},"excerpt":{"rendered":"<p>La iglesia de Al-Tahira, en Qaraqosh (Baghdeda), fue construida piedra a piedra por los lugare\u00f1os, que se ofrecieron como voluntarios para su construcci\u00f3n en 1932<\/p>\n","protected":false},"author":4258341447,"featured_media":148498,"comment_status":"closed","ping_status":"closed","sticky":false,"template":"","format":"standard","meta":{"_acf_changed":false,"_acn_coauthor_ids":[],"_acn_featured_article":false,"footnotes":""},"categories":[721,746,1254,935,714],"tags":[],"country":[386],"class_list":["post-148487","post","type-post","status-publish","format-standard","has-post-thumbnail","hentry","category-construccion","category-noticias","category-news-es","category-projects-es","category-proyecto","country-irak"],"acn_coauthors":[],"acf":[],"yoast_head":"<!-- This site is optimized with the Yoast SEO Premium plugin v27.5 (Yoast SEO v27.5) - https:\/\/yoast.com\/product\/yoast-seo-premium-wordpress\/ -->\n<title>Irak: Padre Ammar Yako: \u201cEs parte de nuestra historia\u201d<\/title>\n<meta name=\"description\" content=\"La iglesia de Al-Tahira, en Qaraqosh (Baghdeda), fue construida piedra a piedra por los lugare\u00f1os, que se ofrecieron como voluntarios para su construcci\u00f3n en 1932\" \/>\n<meta name=\"robots\" content=\"index, follow, max-snippet:-1, max-image-preview:large, max-video-preview:-1\" \/>\n<link rel=\"canonical\" href=\"https:\/\/acninternational.org\/es\/irak-padre-ammar-yako-es-parte-de-nuestra-historia\/\" \/>\n<meta property=\"og:locale\" content=\"es_ES\" \/>\n<meta property=\"og:type\" content=\"article\" \/>\n<meta property=\"og:title\" content=\"Irak: Padre Ammar Yako: \u201cEs parte de nuestra historia\u201d\" \/>\n<meta property=\"og:description\" content=\"La iglesia de Al-Tahira, en Qaraqosh (Baghdeda), fue construida piedra a piedra por los lugare\u00f1os, que se ofrecieron como voluntarios para su construcci\u00f3n en 1932\" \/>\n<meta property=\"og:url\" content=\"https:\/\/acninternational.org\/es\/irak-padre-ammar-yako-es-parte-de-nuestra-historia\/\" \/>\n<meta property=\"og:site_name\" content=\"ACN International\" \/>\n<meta property=\"article:publisher\" content=\"https:\/\/www.facebook.com\/acninternationalorg\" \/>\n<meta property=\"article:published_time\" content=\"2021-02-19T09:10:04+00:00\" \/>\n<meta property=\"article:modified_time\" content=\"2024-08-08T08:40:13+00:00\" \/>\n<meta property=\"og:image\" content=\"https:\/\/media.acninternational.org\/wp-content\/uploads\/2021\/02\/Iraq_Qaraqosh.jpg\" \/>\n\t<meta property=\"og:image:width\" content=\"1400\" \/>\n\t<meta property=\"og:image:height\" content=\"438\" \/>\n\t<meta property=\"og:image:type\" content=\"image\/jpeg\" \/>\n<meta name=\"author\" content=\"ACN Press Team\" \/>\n<meta name=\"twitter:card\" content=\"summary_large_image\" \/>\n<meta name=\"twitter:creator\" content=\"@acn_int\" \/>\n<meta name=\"twitter:site\" content=\"@acn_int\" \/>\n<meta name=\"twitter:label1\" content=\"Escrito por\" \/>\n\t<meta name=\"twitter:data1\" content=\"ACN Press Team\" \/>\n\t<meta name=\"twitter:label2\" content=\"Tiempo de lectura\" \/>\n\t<meta name=\"twitter:data2\" content=\"5 minutos\" \/>\n<script type=\"application\/ld+json\" class=\"yoast-schema-graph\">{\"@context\":\"https:\\\/\\\/schema.org\",\"@graph\":[{\"@type\":\"Article\",\"@id\":\"https:\\\/\\\/acninternational.org\\\/es\\\/irak-padre-ammar-yako-es-parte-de-nuestra-historia\\\/#article\",\"isPartOf\":{\"@id\":\"https:\\\/\\\/acninternational.org\\\/es\\\/irak-padre-ammar-yako-es-parte-de-nuestra-historia\\\/\"},\"author\":{\"name\":\"ACN Press Team\",\"@id\":\"https:\\\/\\\/acninternational.org\\\/es\\\/#\\\/schema\\\/person\\\/7f3dafb236b242fb2aa46be1411fd703\"},\"headline\":\"Irak: Padre Ammar Yako: \u201cEs parte de nuestra historia\u201d\",\"datePublished\":\"2021-02-19T09:10:04+00:00\",\"dateModified\":\"2024-08-08T08:40:13+00:00\",\"mainEntityOfPage\":{\"@id\":\"https:\\\/\\\/acninternational.org\\\/es\\\/irak-padre-ammar-yako-es-parte-de-nuestra-historia\\\/\"},\"wordCount\":1002,\"publisher\":{\"@id\":\"https:\\\/\\\/acninternational.org\\\/es\\\/#organization\"},\"image\":{\"@id\":\"https:\\\/\\\/acninternational.org\\\/es\\\/irak-padre-ammar-yako-es-parte-de-nuestra-historia\\\/#primaryimage\"},\"thumbnailUrl\":\"https:\\\/\\\/media.acninternational.org\\\/wp-content\\\/uploads\\\/2021\\\/02\\\/Iraq_Qaraqosh.jpg\",\"articleSection\":[\"CONSTRUCCI\u00d3N\",\"NOTICIAS\",\"NOTICIAS\",\"PROJECTS\",\"PROYECTO\"],\"inLanguage\":\"es\"},{\"@type\":\"WebPage\",\"@id\":\"https:\\\/\\\/acninternational.org\\\/es\\\/irak-padre-ammar-yako-es-parte-de-nuestra-historia\\\/\",\"url\":\"https:\\\/\\\/acninternational.org\\\/es\\\/irak-padre-ammar-yako-es-parte-de-nuestra-historia\\\/\",\"name\":\"Irak: Padre Ammar Yako: \u201cEs parte de nuestra historia\u201d\",\"isPartOf\":{\"@id\":\"https:\\\/\\\/acninternational.org\\\/es\\\/#website\"},\"primaryImageOfPage\":{\"@id\":\"https:\\\/\\\/acninternational.org\\\/es\\\/irak-padre-ammar-yako-es-parte-de-nuestra-historia\\\/#primaryimage\"},\"image\":{\"@id\":\"https:\\\/\\\/acninternational.org\\\/es\\\/irak-padre-ammar-yako-es-parte-de-nuestra-historia\\\/#primaryimage\"},\"thumbnailUrl\":\"https:\\\/\\\/media.acninternational.org\\\/wp-content\\\/uploads\\\/2021\\\/02\\\/Iraq_Qaraqosh.jpg\",\"datePublished\":\"2021-02-19T09:10:04+00:00\",\"dateModified\":\"2024-08-08T08:40:13+00:00\",\"description\":\"La iglesia de Al-Tahira, en Qaraqosh (Baghdeda), fue construida piedra a piedra por los lugare\u00f1os, que se ofrecieron como voluntarios para su construcci\u00f3n en 1932\",\"breadcrumb\":{\"@id\":\"https:\\\/\\\/acninternational.org\\\/es\\\/irak-padre-ammar-yako-es-parte-de-nuestra-historia\\\/#breadcrumb\"},\"inLanguage\":\"es\",\"potentialAction\":[{\"@type\":\"ReadAction\",\"target\":[\"https:\\\/\\\/acninternational.org\\\/es\\\/irak-padre-ammar-yako-es-parte-de-nuestra-historia\\\/\"]}]},{\"@type\":\"ImageObject\",\"inLanguage\":\"es\",\"@id\":\"https:\\\/\\\/acninternational.org\\\/es\\\/irak-padre-ammar-yako-es-parte-de-nuestra-historia\\\/#primaryimage\",\"url\":\"https:\\\/\\\/media.acninternational.org\\\/wp-content\\\/uploads\\\/2021\\\/02\\\/Iraq_Qaraqosh.jpg\",\"contentUrl\":\"https:\\\/\\\/media.acninternational.org\\\/wp-content\\\/uploads\\\/2021\\\/02\\\/Iraq_Qaraqosh.jpg\",\"width\":1400,\"height\":438},{\"@type\":\"BreadcrumbList\",\"@id\":\"https:\\\/\\\/acninternational.org\\\/es\\\/irak-padre-ammar-yako-es-parte-de-nuestra-historia\\\/#breadcrumb\",\"itemListElement\":[{\"@type\":\"ListItem\",\"position\":1,\"name\":\"Home\",\"item\":\"https:\\\/\\\/acninternational.org\\\/es\\\/\"},{\"@type\":\"ListItem\",\"position\":2,\"name\":\"NOTICIAS\",\"item\":\"https:\\\/\\\/acninternational.org\\\/es\\\/category\\\/news-es\\\/\"},{\"@type\":\"ListItem\",\"position\":3,\"name\":\"Irak: Padre Ammar Yako: \u201cEs parte de nuestra historia\u201d\"}]},{\"@type\":\"WebSite\",\"@id\":\"https:\\\/\\\/acninternational.org\\\/es\\\/#website\",\"url\":\"https:\\\/\\\/acninternational.org\\\/es\\\/\",\"name\":\"ACN International\",\"description\":\"\",\"publisher\":{\"@id\":\"https:\\\/\\\/acninternational.org\\\/es\\\/#organization\"},\"potentialAction\":[{\"@type\":\"SearchAction\",\"target\":{\"@type\":\"EntryPoint\",\"urlTemplate\":\"https:\\\/\\\/acninternational.org\\\/es\\\/?s={search_term_string}\"},\"query-input\":{\"@type\":\"PropertyValueSpecification\",\"valueRequired\":true,\"valueName\":\"search_term_string\"}}],\"inLanguage\":\"es\"},{\"@type\":\"Organization\",\"@id\":\"https:\\\/\\\/acninternational.org\\\/es\\\/#organization\",\"name\":\"Aid to the Church in Need International\",\"url\":\"https:\\\/\\\/acninternational.org\\\/es\\\/\",\"logo\":{\"@type\":\"ImageObject\",\"inLanguage\":\"es\",\"@id\":\"https:\\\/\\\/acninternational.org\\\/es\\\/#\\\/schema\\\/logo\\\/image\\\/\",\"url\":\"https:\\\/\\\/media.acninternational.org\\\/wp-content\\\/uploads\\\/2019\\\/11\\\/acn_logo_blackvector.svg\",\"contentUrl\":\"https:\\\/\\\/media.acninternational.org\\\/wp-content\\\/uploads\\\/2019\\\/11\\\/acn_logo_blackvector.svg\",\"width\":232.6,\"height\":78,\"caption\":\"Aid to the Church in Need International\"},\"image\":{\"@id\":\"https:\\\/\\\/acninternational.org\\\/es\\\/#\\\/schema\\\/logo\\\/image\\\/\"},\"sameAs\":[\"https:\\\/\\\/www.facebook.com\\\/acninternationalorg\",\"https:\\\/\\\/x.com\\\/acn_int\",\"https:\\\/\\\/www.youtube.com\\\/channel\\\/UCQ-077gS0TnVzkhHmf1opZw\",\"https:\\\/\\\/www.instagram.com\\\/acn_international\\\/\"]},{\"@type\":\"Person\",\"@id\":\"https:\\\/\\\/acninternational.org\\\/es\\\/#\\\/schema\\\/person\\\/7f3dafb236b242fb2aa46be1411fd703\",\"name\":\"ACN Press Team\",\"description\":\"Lorem ipsum dolor sit amet, consectetur adipiscing elit, sed do eiusmod tempor incididunt ut labore et dolore magna aliqua. Ut enim ad minim veniam, quis nostrud exercitation ullamco laboris nisi ut aliquip ex ea commodo consequat.\",\"url\":\"https:\\\/\\\/acninternational.org\\\/es\\\/author\\\/acn-press-team\\\/\"}]}<\/script>\n<!-- \/ Yoast SEO Premium plugin. -->","yoast_head_json":{"title":"Irak: Padre Ammar Yako: \u201cEs parte de nuestra historia\u201d","description":"La iglesia de Al-Tahira, en Qaraqosh (Baghdeda), fue construida piedra a piedra por los lugare\u00f1os, que se ofrecieron como voluntarios para su construcci\u00f3n en 1932","robots":{"index":"index","follow":"follow","max-snippet":"max-snippet:-1","max-image-preview":"max-image-preview:large","max-video-preview":"max-video-preview:-1"},"canonical":"https:\/\/acninternational.org\/es\/irak-padre-ammar-yako-es-parte-de-nuestra-historia\/","og_locale":"es_ES","og_type":"article","og_title":"Irak: Padre Ammar Yako: \u201cEs parte de nuestra historia\u201d","og_description":"La iglesia de Al-Tahira, en Qaraqosh (Baghdeda), fue construida piedra a piedra por los lugare\u00f1os, que se ofrecieron como voluntarios para su construcci\u00f3n en 1932","og_url":"https:\/\/acninternational.org\/es\/irak-padre-ammar-yako-es-parte-de-nuestra-historia\/","og_site_name":"ACN International","article_publisher":"https:\/\/www.facebook.com\/acninternationalorg","article_published_time":"2021-02-19T09:10:04+00:00","article_modified_time":"2024-08-08T08:40:13+00:00","og_image":[{"width":1400,"height":438,"url":"https:\/\/media.acninternational.org\/wp-content\/uploads\/2021\/02\/Iraq_Qaraqosh.jpg","type":"image\/jpeg"}],"author":"ACN Press Team","twitter_card":"summary_large_image","twitter_creator":"@acn_int","twitter_site":"@acn_int","twitter_misc":{"Escrito por":"ACN Press Team","Tiempo de lectura":"5 minutos"},"schema":{"@context":"https:\/\/schema.org","@graph":[{"@type":"Article","@id":"https:\/\/acninternational.org\/es\/irak-padre-ammar-yako-es-parte-de-nuestra-historia\/#article","isPartOf":{"@id":"https:\/\/acninternational.org\/es\/irak-padre-ammar-yako-es-parte-de-nuestra-historia\/"},"author":{"name":"ACN Press Team","@id":"https:\/\/acninternational.org\/es\/#\/schema\/person\/7f3dafb236b242fb2aa46be1411fd703"},"headline":"Irak: Padre Ammar Yako: \u201cEs parte de nuestra historia\u201d","datePublished":"2021-02-19T09:10:04+00:00","dateModified":"2024-08-08T08:40:13+00:00","mainEntityOfPage":{"@id":"https:\/\/acninternational.org\/es\/irak-padre-ammar-yako-es-parte-de-nuestra-historia\/"},"wordCount":1002,"publisher":{"@id":"https:\/\/acninternational.org\/es\/#organization"},"image":{"@id":"https:\/\/acninternational.org\/es\/irak-padre-ammar-yako-es-parte-de-nuestra-historia\/#primaryimage"},"thumbnailUrl":"https:\/\/media.acninternational.org\/wp-content\/uploads\/2021\/02\/Iraq_Qaraqosh.jpg","articleSection":["CONSTRUCCI\u00d3N","NOTICIAS","NOTICIAS","PROJECTS","PROYECTO"],"inLanguage":"es"},{"@type":"WebPage","@id":"https:\/\/acninternational.org\/es\/irak-padre-ammar-yako-es-parte-de-nuestra-historia\/","url":"https:\/\/acninternational.org\/es\/irak-padre-ammar-yako-es-parte-de-nuestra-historia\/","name":"Irak: Padre Ammar Yako: \u201cEs parte de nuestra historia\u201d","isPartOf":{"@id":"https:\/\/acninternational.org\/es\/#website"},"primaryImageOfPage":{"@id":"https:\/\/acninternational.org\/es\/irak-padre-ammar-yako-es-parte-de-nuestra-historia\/#primaryimage"},"image":{"@id":"https:\/\/acninternational.org\/es\/irak-padre-ammar-yako-es-parte-de-nuestra-historia\/#primaryimage"},"thumbnailUrl":"https:\/\/media.acninternational.org\/wp-content\/uploads\/2021\/02\/Iraq_Qaraqosh.jpg","datePublished":"2021-02-19T09:10:04+00:00","dateModified":"2024-08-08T08:40:13+00:00","description":"La iglesia de Al-Tahira, en Qaraqosh (Baghdeda), fue construida piedra a piedra por los lugare\u00f1os, que se ofrecieron como voluntarios para su construcci\u00f3n en 1932","breadcrumb":{"@id":"https:\/\/acninternational.org\/es\/irak-padre-ammar-yako-es-parte-de-nuestra-historia\/#breadcrumb"},"inLanguage":"es","potentialAction":[{"@type":"ReadAction","target":["https:\/\/acninternational.org\/es\/irak-padre-ammar-yako-es-parte-de-nuestra-historia\/"]}]},{"@type":"ImageObject","inLanguage":"es","@id":"https:\/\/acninternational.org\/es\/irak-padre-ammar-yako-es-parte-de-nuestra-historia\/#primaryimage","url":"https:\/\/media.acninternational.org\/wp-content\/uploads\/2021\/02\/Iraq_Qaraqosh.jpg","contentUrl":"https:\/\/media.acninternational.org\/wp-content\/uploads\/2021\/02\/Iraq_Qaraqosh.jpg","width":1400,"height":438},{"@type":"BreadcrumbList","@id":"https:\/\/acninternational.org\/es\/irak-padre-ammar-yako-es-parte-de-nuestra-historia\/#breadcrumb","itemListElement":[{"@type":"ListItem","position":1,"name":"Home","item":"https:\/\/acninternational.org\/es\/"},{"@type":"ListItem","position":2,"name":"NOTICIAS","item":"https:\/\/acninternational.org\/es\/category\/news-es\/"},{"@type":"ListItem","position":3,"name":"Irak: Padre Ammar Yako: \u201cEs parte de nuestra historia\u201d"}]},{"@type":"WebSite","@id":"https:\/\/acninternational.org\/es\/#website","url":"https:\/\/acninternational.org\/es\/","name":"ACN International","description":"","publisher":{"@id":"https:\/\/acninternational.org\/es\/#organization"},"potentialAction":[{"@type":"SearchAction","target":{"@type":"EntryPoint","urlTemplate":"https:\/\/acninternational.org\/es\/?s={search_term_string}"},"query-input":{"@type":"PropertyValueSpecification","valueRequired":true,"valueName":"search_term_string"}}],"inLanguage":"es"},{"@type":"Organization","@id":"https:\/\/acninternational.org\/es\/#organization","name":"Aid to the Church in Need International","url":"https:\/\/acninternational.org\/es\/","logo":{"@type":"ImageObject","inLanguage":"es","@id":"https:\/\/acninternational.org\/es\/#\/schema\/logo\/image\/","url":"https:\/\/media.acninternational.org\/wp-content\/uploads\/2019\/11\/acn_logo_blackvector.svg","contentUrl":"https:\/\/media.acninternational.org\/wp-content\/uploads\/2019\/11\/acn_logo_blackvector.svg","width":232.6,"height":78,"caption":"Aid to the Church in Need International"},"image":{"@id":"https:\/\/acninternational.org\/es\/#\/schema\/logo\/image\/"},"sameAs":["https:\/\/www.facebook.com\/acninternationalorg","https:\/\/x.com\/acn_int","https:\/\/www.youtube.com\/channel\/UCQ-077gS0TnVzkhHmf1opZw","https:\/\/www.instagram.com\/acn_international\/"]},{"@type":"Person","@id":"https:\/\/acninternational.org\/es\/#\/schema\/person\/7f3dafb236b242fb2aa46be1411fd703","name":"ACN Press Team","description":"Lorem ipsum dolor sit amet, consectetur adipiscing elit, sed do eiusmod tempor incididunt ut labore et dolore magna aliqua. Ut enim ad minim veniam, quis nostrud exercitation ullamco laboris nisi ut aliquip ex ea commodo consequat.","url":"https:\/\/acninternational.org\/es\/author\/acn-press-team\/"}]}},"_links":{"self":[{"href":"https:\/\/acninternational.org\/es\/wp-json\/wp\/v2\/posts\/148487","targetHints":{"allow":["GET"]}}],"collection":[{"href":"https:\/\/acninternational.org\/es\/wp-json\/wp\/v2\/posts"}],"about":[{"href":"https:\/\/acninternational.org\/es\/wp-json\/wp\/v2\/types\/post"}],"author":[{"embeddable":true,"href":"https:\/\/acninternational.org\/es\/wp-json\/wp\/v2\/users\/4258341447"}],"replies":[{"embeddable":true,"href":"https:\/\/acninternational.org\/es\/wp-json\/wp\/v2\/comments?post=148487"}],"version-history":[{"count":0,"href":"https:\/\/acninternational.org\/es\/wp-json\/wp\/v2\/posts\/148487\/revisions"}],"wp:featuredmedia":[{"embeddable":true,"href":"https:\/\/acninternational.org\/es\/wp-json\/wp\/v2\/media\/148498"}],"wp:attachment":[{"href":"https:\/\/acninternational.org\/es\/wp-json\/wp\/v2\/media?parent=148487"}],"wp:term":[{"taxonomy":"category","embeddable":true,"href":"https:\/\/acninternational.org\/es\/wp-json\/wp\/v2\/categories?post=148487"},{"taxonomy":"post_tag","embeddable":true,"href":"https:\/\/acninternational.org\/es\/wp-json\/wp\/v2\/tags?post=148487"},{"taxonomy":"country","embeddable":true,"href":"https:\/\/acninternational.org\/es\/wp-json\/wp\/v2\/country?post=148487"}],"curies":[{"name":"wp","href":"https:\/\/api.w.org\/{rel}","templated":true}]}}