{"id":148253,"date":"2021-02-10T14:00:20","date_gmt":"2021-02-10T13:00:20","guid":{"rendered":"https:\/\/acninternational.org\/?p=148253"},"modified":"2021-02-12T15:33:59","modified_gmt":"2021-02-12T14:33:59","slug":"preguntas-y-respuestas-sobre-christwelt","status":"publish","type":"post","link":"https:\/\/acninternational.org\/es\/preguntas-y-respuestas-sobre-christwelt\/","title":{"rendered":"Preguntas y respuestas sobre el art\u00edculo \u00abGut und B\u00f6se\u00bb en el suplemento \u00abChrist&#038;Welt\u00bb de ZEIT"},"content":{"rendered":"<ol>\n<li><strong>\u00bfC\u00f3mo lleg\u00f3 el peri\u00f3dico a la posesi\u00f3n de la carta?<\/strong><strong><br \/>\n<\/strong>No sabemos.\u00a0La carta es de 2010. Estaba dirigida al Vaticano y varias di\u00f3cesis alemanas.<\/li>\n<li><strong> \u00bfConoc\u00eda ACN la carta?<\/strong><br \/>\nLa carta estaba en los archivos de la organizaci\u00f3n.<\/li>\n<li><strong> \u00bfEn qu\u00e9 contexto se escribi\u00f3 la carta?<\/strong><br \/>\nDe 2009 a 20011, el obispo auxiliar Mandred Grothe realiz\u00f3 una visita de \u201eKirche in Not\u201c.\u00a0P.\u00a0Werenfried, que ya hab\u00eda fallecido en 2003, no fue objeto de la visita.\u00a0M\u00e1s bien, se centr\u00f3 \u00fanicamente en la modernizaci\u00f3n organizativa de la organizaci\u00f3n con una modernizaci\u00f3n de la caridad.\u00a0Esto se llev\u00f3 a cabo en nombre de la Congregaci\u00f3n para el Clero responsable de la caridad.\u00a0Durante este tiempo, varias personas intentaron iniciar un proceso de beatificaci\u00f3n del P.\u00a0van Straaten.\u00a0Fue en este contexto que el obispo auxiliar Grohe se enter\u00f3 de las graves acusaciones contra el P.\u00a0van Straaten.\u00a0Quer\u00eda con su carta poner fin de inmediato a cualquier posible proceso de beatificaci\u00f3n.<\/li>\n<li><strong> \u00bfCu\u00e1l es la opini\u00f3n de ACN sobre las acusaciones?<\/strong><\/li>\n<\/ol>\n<p>Aid to the Church in Need lamenta profundamente las graves acusaciones que se han hecho.\u00a0La organizaci\u00f3n condena totalmente el tipo de comportamiento del que se acusa al padre van Straaten en el art\u00edculo.\u00a0ACN est\u00e1 comprometida con una aclaraci\u00f3n sin reservas.\u00a0Hemos examinado las alegaciones de las fuentes actualmente disponibles y hemos tomado una posici\u00f3n sobre los siguientes puntos planteados<\/p>\n<ol start=\"5\">\n<li><strong> Werenfried ha sido acusado de agresi\u00f3n sexual: \u00bfes eso cierto?<\/strong><\/li>\n<\/ol>\n<p>La acusaci\u00f3n constituye un caso de extrema gravedad.\u00a0Se trata de una agresi\u00f3n sexual supuestamente grave que supuestamente tuvo lugar en 1973. Como el P.\u00a0van Straaten hab\u00eda muerto siete a\u00f1os antes de que se hiciera la acusaci\u00f3n, ya no era posible hacer un comentario sobre el presunto hecho que se supon\u00eda hab\u00eda ocurrido 37 a\u00f1os antes.\u00a0Seg\u00fan los documentos disponibles, no hay conocimiento de ninguna acusaci\u00f3n adicional contra el P.\u00a0van Straaten de naturaleza de abuso sexual.<\/p>\n<ol start=\"6\">\n<li><strong> \u00bfQu\u00e9 edad ten\u00eda la persona en cuesti\u00f3n en el momento del incidente?<\/strong><\/li>\n<\/ol>\n<p>La persona en cuesti\u00f3n ten\u00eda en ese momento 23 a\u00f1os.<\/p>\n<ol start=\"7\">\n<li><strong> \u00bfC\u00f3mo hizo el P.\u00a0Van Straaten conoce a la persona en cuesti\u00f3n?<\/strong><strong><br \/>\n<\/strong>En ese momento ella estaba trabajando para la caridad.<\/li>\n<li><strong> \u00bfCu\u00e1ndo se enter\u00f3 ACN del incidente?<\/strong><\/li>\n<\/ol>\n<p>La organizaci\u00f3n ben\u00e9fica se enter\u00f3 en 2010, siete a\u00f1os despu\u00e9s de la muerte del P.\u00a0van Straaten &#8211; cuando la persona en cuesti\u00f3n denunci\u00f3 el incidente.<\/p>\n<ol start=\"9\">\n<li><strong> \u00bfC\u00f3mo reaccion\u00f3 ACN ante la acusaci\u00f3n?<\/strong><br \/>\nLa direcci\u00f3n de la organizaci\u00f3n ben\u00e9fica se tom\u00f3 muy en serio la acusaci\u00f3n.\u00a0Inmediatamente busc\u00f3 a la persona interesada y en una reuni\u00f3n personal la escuch\u00f3.\u00a0Su descripci\u00f3n del incidente parec\u00eda muy plausible.\u00a0En consecuencia, la organizaci\u00f3n ben\u00e9fica manifest\u00f3 su disposici\u00f3n a realizar un pago solidario con el fin de subrayar su deseo de reconocer el sufrimiento del afectado y tratar de mitigar las consecuencias del incidente para esta persona.<\/li>\n<li><strong> \u00bfQu\u00e9 autoridades civiles y eclesiales fueron informadas?<\/strong><\/li>\n<\/ol>\n<p>Tan pronto como se conoci\u00f3 la acusaci\u00f3n, Aid to the Church in Need inform\u00f3 a la Congregaci\u00f3n para el Clero y al presidente de la Conferencia Episcopal Alemana sobre las acusaciones.\u00a0Tambi\u00e9n se inform\u00f3 de las acusaciones al obispo de la di\u00f3cesis del interesado y al responsable de la Orden Premonstratense.\u00a0El inicio del proceso penal no se llev\u00f3 a cabo debido a que el p.\u00a0van Straaten ya hab\u00eda muerto en 2003.<\/p>\n<ol start=\"11\">\n<li><strong> \u00bfACN pag\u00f3 una indemnizaci\u00f3n al interesado\u00a0?<\/strong><\/li>\n<\/ol>\n<p>La descripci\u00f3n del incidente por parte de la persona en cuesti\u00f3n parec\u00eda muy plausible para el liderazgo de la organizaci\u00f3n ben\u00e9fica.\u00a0No hubo otras indicaciones, documentos o declaraciones de testigos.\u00a0En ese momento, ACN pag\u00f3 a la persona afectada una indemnizaci\u00f3n por un total de 16.000 \u20ac: 10.000 \u20ac en un intento de reconocer el sufrimiento que hab\u00eda experimentado y 6.000 \u20ac para atender las reclamaciones de pensi\u00f3n derivadas del empleo anterior de la persona afectada en Ayuda a la Iglesia Necesitada.<\/p>\n<ol start=\"12\">\n<li><strong> Si ACN le pag\u00f3 dinero a la persona en cuesti\u00f3n, \u00bfno es eso un signo de aceptaci\u00f3n de culpa?\u00a0<\/strong>Las v\u00edctimas potenciales reciben asistencia financiera correctamente si los hechos del delito parecen cre\u00edbles despu\u00e9s de un examen, incluso si no hay m\u00e1s pruebas claras y el acusado ya no puede ser interrogado.\u00a0La mayor\u00eda de los delitos sexuales se cometen sin testigos, por lo que a menudo faltan las posibilidades de pruebas legales.<\/li>\n<li><strong> \u00bfNo se hab\u00eda realizado ya previamente un pago a la familia del interesado?<\/strong><\/li>\n<\/ol>\n<p>Seg\u00fan los archivos en los archivos, podemos suponer que en 1996\/1997 el P.\u00a0van Straaten entreg\u00f3 dinero al padre de la persona en cuesti\u00f3n.\u00a0El padre de esta persona neg\u00f3 por escrito en 2011 que este pago tuviera algo que ver con una agresi\u00f3n sexual a su hija.\u00a0M\u00e1s bien fue una compensaci\u00f3n por su trato injusto por parte del P.\u00a0van Straaten cuando dej\u00f3 su trabajo en ACN.<\/p>\n<ol start=\"14\">\n<li><strong> \u00bfPor qu\u00e9 ACN no se hizo p\u00fablica inmediatamente despu\u00e9s de enterarse de la acusaci\u00f3n de agresi\u00f3n sexual?<\/strong><br \/>\nEl interesado expres\u00f3 un claro deseo de que la acusaci\u00f3n se manejara de manera confidencial.\u00a0Tambi\u00e9n exist\u00eda la preocupaci\u00f3n por evitar da\u00f1os a la reputaci\u00f3n de la organizaci\u00f3n ben\u00e9fica y perjudicar el trabajo del proyecto.<\/li>\n<li><strong> \u00bfSe ocult\u00f3 la acusaci\u00f3n para proteger la imagen del P.\u00a0van Straaten?<\/strong><\/li>\n<\/ol>\n<p>La acusaci\u00f3n se realiz\u00f3 siete a\u00f1os despu\u00e9s de la muerte del P.\u00a0van Straaten.\u00a0Cuando ACN se enter\u00f3 del incidente en el oto\u00f1o de 2010, la organizaci\u00f3n ben\u00e9fica se puso en contacto de inmediato con la familia en cuesti\u00f3n para investigar la acusaci\u00f3n sin demora.\u00a0Un representante de la organizaci\u00f3n ben\u00e9fica y luego el obispo Grothe reaccionaron con total respeto por el dolor de la persona en cuesti\u00f3n despu\u00e9s de que ella describi\u00f3 los procedimientos de una manera plausible.\u00a0El reci\u00e9n nombrado presidente ejecutivo en ese momento visit\u00f3 a la familia en 2011 despu\u00e9s de ser informado de los hechos del incidente.\u00a0Decidi\u00f3 que deber\u00eda pagarse una suma de 16 000 EUR en reconocimiento del dolor de la persona en cuesti\u00f3n.\u00a0Al mismo tiempo, se decidi\u00f3 respetar el derecho a la personalidad de todas las personas interesadas. ACN est\u00e1 abierta a estudiar cualquier novedad que pudiera surgir en relaci\u00f3n con este caso.<\/p>\n<ol start=\"16\">\n<li><strong> \u00bfHay m\u00e1s acusaciones de conducta sexual inapropiada por parte del P.\u00a0van Straaten conocido?<\/strong><\/li>\n<\/ol>\n<p>Hasta ahora, ya sea de documentos disponibles o de otras fuentes, no hay indicios de m\u00e1s acusaciones de conducta sexual inapropiada por parte del P.\u00a0van Straaten.\u00a0En 2016, ACN inici\u00f3 una b\u00fasqueda exhaustiva de los archivos de la Congregaci\u00f3n para el Clero.\u00a0No se ha encontrado indicio alguno que haga sospechar que pudiera haber otros delitos sexuales o agresiones sexuales por parte del P.\u00a0van Straaten.<\/p>\n<ol start=\"17\">\n<li><strong> Fue el P.\u00a0van Straaten un partidario del fascismo?<\/strong><\/li>\n<\/ol>\n<p>En sus escritos durante los 55 a\u00f1os en los que dirigi\u00f3 la caridad (1947-2003) no hay indicios de inclinaciones de extrema derecha o fascistas.\u00a0Al contrario, el P.\u00a0van Straaten conden\u00f3 todas las dictaduras y adopt\u00f3 una postura firme contra ellas.<\/p>\n<ol start=\"18\">\n<li><strong> \u00bfQu\u00e9 se puede decir de la acusaci\u00f3n de excesos en su estilo de vida personal?<\/strong><strong><br \/>\n<\/strong>La acusaci\u00f3n de excesos en su estilo de vida personal se basa en informes individuales de exceso de alcohol o comida.\u00a0No podemos confirmar esta acusaci\u00f3n con la informaci\u00f3n disponible.<\/li>\n<li><strong> \u00bfEs cierto que el p.\u00a0van Straaten mostr\u00f3 deficiencias en el liderazgo de la caridad?\u00a0<\/strong>El padre van Straaten fund\u00f3 la organizaci\u00f3n ben\u00e9fica en 1947 y la dirigi\u00f3 durante 55 a\u00f1os hasta su muerte en 2003. Durante este per\u00edodo, hubo varios conflictos y disputas con los miembros del personal.\u00a0El estilo de gesti\u00f3n en ese momento ciertamente no se correspond\u00eda con la comprensi\u00f3n actual de la gesti\u00f3n de personal moderna.\u00a0La introducci\u00f3n de nuevos \u00f3rganos de gesti\u00f3n y control, as\u00ed como el \u00e9nfasis en una cultura de trabajo apreciativa, fue un avance importante despu\u00e9s de la finalizaci\u00f3n de la visita que tuvo lugar en 2011.<\/li>\n<li><strong> \u00bfPor qu\u00e9 tuvo lugar una visita papal en ACN entre 2009 y 2011?<\/strong><\/li>\n<\/ol>\n<p>La visita papal (2009-2011) recibi\u00f3 el mandato de iniciar la modernizaci\u00f3n organizativa de la organizaci\u00f3n con el fin de continuar llevando a cabo eficazmente su misi\u00f3n de apoyar a los cristianos que sufren y perseguidos.<\/p>\n<ol start=\"21\">\n<li><strong>Tuvo la visita algo que ver con la persona del P.\u00a0van Straaten?<\/strong><\/li>\n<\/ol>\n<p>La visita no estuvo relacionada de ninguna manera con la persona del padre van Straaten.\u00a0Ya hab\u00eda estado muerto durante seis a\u00f1os al comienzo de la visita.\u00a0La visita tuvo como objetivo exclusivo la modernizaci\u00f3n de la caridad.<\/p>\n<ol start=\"22\">\n<li><strong> \u00bfPor qu\u00e9 el Papa Benedicto XVI restableci\u00f3 ACN en 2011 como Fundaci\u00f3n Pontificia?<\/strong><\/li>\n<\/ol>\n<p>El resultado de la visita papal fue una reorganizaci\u00f3n y reestructuraci\u00f3n de la cooperaci\u00f3n entre las oficinas nacionales y la sede en K\u00f6nigstein, Alemania.\u00a0Numerosas consecuencias se derivaron del detallado informe final de la visita, sobre todo el restablecimiento legal como fundaci\u00f3n pontificia, la revisi\u00f3n de los estatutos, la introducci\u00f3n de nuevos \u00f3rganos de gesti\u00f3n y control, y desde 2019 el establecimiento de salvaguardias para la prevenci\u00f3n. del abuso sexual como una prioridad de la organizaci\u00f3n tanto a nivel interno como en el proceso de toma de decisiones para la financiaci\u00f3n de proyectos.<\/p>\n<ol start=\"23\">\n<li><strong> Despu\u00e9s de que salieron a la luz las acusaciones, \u00bfACN extrajo alguna consecuencia con respecto a la importancia del Padre van Straaten dentro de la organizaci\u00f3n ben\u00e9fica?<\/strong><\/li>\n<\/ol>\n<p>ACN ha revisado todas las \u00e1reas organizativas desde 2011. El padre van Straaten ahora tiene su lugar en la presentaci\u00f3n de la historia de la caridad como la persona del fundador.\u00a0El foco del trabajo de hoy es exclusivamente la situaci\u00f3n de los cristianos necesitados en todo el mundo y su apoyo a trav\u00e9s de la caridad.<\/p>\n<ol start=\"24\">\n<li><strong> \u00bfACN lamenta las supuestas incidencias?<\/strong><strong><br \/>\n<\/strong>ACN lamenta profundamente las graves acusaciones y condena cualquier tipo de conducta de la que se ha acusado al padre van Straaten en el art\u00edculo.\u00a0Desde 2011, se han establecido estructuras de control y toma de decisiones para evitar conductas indebidas, abusos y fomentar una cultura de trabajo colegiado.<\/li>\n<li><strong> \u00bfCu\u00e1l es la posici\u00f3n de Ayuda a la Iglesia Necesitada hoy con respecto a un posible proceso de beatificaci\u00f3n del p.\u00a0van Straaten?<\/strong><\/li>\n<\/ol>\n<p>La Ayuda a la Iglesia Necesitada, como Fundaci\u00f3n Pontificia, nunca se ha comprometido en un proceso de este tipo y no tiene ning\u00fan inter\u00e9s en seguir adelante con esto.<\/p>\n<ol start=\"26\">\n<li><strong> \u00bfQu\u00e9 est\u00e1 haciendo ACN hoy para asegurarse de que tal mala conducta no se repita?<\/strong><\/li>\n<\/ol>\n<p>La Visita Papal de 2009 a 2011 tuvo el mandato de iniciar la modernizaci\u00f3n organizativa de la caridad.\u00a0El resultado de la visita papal fue la revisi\u00f3n de todas las \u00e1reas de la organizaci\u00f3n, as\u00ed como el restablecimiento legal como fundaci\u00f3n pontificia, la revisi\u00f3n de los estatutos, la introducci\u00f3n de nuevos \u00f3rganos de direcci\u00f3n y control.\u00a0En particular, cabe destacar el establecimiento desde 2019 de los \u201cLineamientos de Salvaguarda\u201d para la prevenci\u00f3n del abuso sexual como una prioridad para la ACN, tanto a nivel interno como en la financiaci\u00f3n de proyectos.<\/p>\n<p>Dentro de este marco, se han desarrollado e introducido regulaciones y procesos para asegurar esto, ver:\u00a0\u00a0<a href=\"https:\/\/dlpisr44ijomy.cloudfront.net\/wp-content\/uploads\/2021\/02\/ACN-International-Safeguarding-Guidelines.pdf\">Directrices de protecci\u00f3n<\/a><\/p>\n<p>&nbsp;<\/p>\n","protected":false},"excerpt":{"rendered":"<p>1. \u00bfC\u00f3mo ha llegado la carta al peri\u00f3dico? No lo sabemos. La carta data de 2010 y estaba dirigida al<\/p>\n","protected":false},"author":4258341447,"featured_media":144070,"comment_status":"closed","ping_status":"closed","sticky":false,"template":"","format":"standard","meta":{"_acf_changed":false,"_acn_coauthor_ids":[],"_acn_featured_article":false,"footnotes":""},"categories":[237],"tags":[],"country":[393],"class_list":["post-148253","post","type-post","status-publish","format-standard","has-post-thumbnail","hentry","category-sin-categorizar","country-internacional"],"acn_coauthors":[],"acf":[],"yoast_head":"<!-- This site is optimized with the Yoast SEO Premium plugin v27.5 (Yoast SEO v27.5) - https:\/\/yoast.com\/product\/yoast-seo-premium-wordpress\/ -->\n<title>Preguntas y respuestas sobre el art\u00edculo &quot;Gut und B\u00f6se&quot; en el suplemento &quot;Christ&amp;Welt&quot; de ZEIT | ACN International<\/title>\n<meta name=\"robots\" content=\"index, follow, max-snippet:-1, max-image-preview:large, max-video-preview:-1\" \/>\n<link rel=\"canonical\" href=\"https:\/\/acninternational.org\/es\/preguntas-y-respuestas-sobre-christwelt\/\" \/>\n<meta property=\"og:locale\" content=\"es_ES\" \/>\n<meta property=\"og:type\" content=\"article\" \/>\n<meta property=\"og:title\" content=\"Preguntas y respuestas sobre el art\u00edculo &quot;Gut und B\u00f6se&quot; en el suplemento &quot;Christ&amp;Welt&quot; de ZEIT\" \/>\n<meta property=\"og:description\" content=\"1. \u00bfC\u00f3mo ha llegado la carta al peri\u00f3dico? No lo sabemos. La carta data de 2010 y estaba dirigida al\" \/>\n<meta property=\"og:url\" content=\"https:\/\/acninternational.org\/es\/preguntas-y-respuestas-sobre-christwelt\/\" \/>\n<meta property=\"og:site_name\" content=\"ACN International\" \/>\n<meta property=\"article:publisher\" content=\"https:\/\/www.facebook.com\/acninternationalorg\" \/>\n<meta property=\"article:published_time\" content=\"2021-02-10T13:00:20+00:00\" \/>\n<meta property=\"article:modified_time\" content=\"2021-02-12T14:33:59+00:00\" \/>\n<meta property=\"og:image\" content=\"https:\/\/media.acninternational.org\/wp-content\/uploads\/2020\/10\/k%C3%B6nigstein.jpg\" \/>\n\t<meta property=\"og:image:width\" content=\"670\" \/>\n\t<meta property=\"og:image:height\" content=\"400\" \/>\n\t<meta property=\"og:image:type\" content=\"image\/jpeg\" \/>\n<meta name=\"author\" content=\"ACN Press Team\" \/>\n<meta name=\"twitter:card\" content=\"summary_large_image\" \/>\n<meta name=\"twitter:creator\" content=\"@acn_int\" \/>\n<meta name=\"twitter:site\" content=\"@acn_int\" \/>\n<meta name=\"twitter:label1\" content=\"Escrito por\" \/>\n\t<meta name=\"twitter:data1\" content=\"ACN Press Team\" \/>\n\t<meta name=\"twitter:label2\" content=\"Tiempo de lectura\" \/>\n\t<meta name=\"twitter:data2\" content=\"8 minutos\" \/>\n<script type=\"application\/ld+json\" class=\"yoast-schema-graph\">{\"@context\":\"https:\\\/\\\/schema.org\",\"@graph\":[{\"@type\":\"Article\",\"@id\":\"https:\\\/\\\/acninternational.org\\\/es\\\/preguntas-y-respuestas-sobre-christwelt\\\/#article\",\"isPartOf\":{\"@id\":\"https:\\\/\\\/acninternational.org\\\/es\\\/preguntas-y-respuestas-sobre-christwelt\\\/\"},\"author\":{\"name\":\"ACN Press Team\",\"@id\":\"https:\\\/\\\/acninternational.org\\\/es\\\/#\\\/schema\\\/person\\\/7f3dafb236b242fb2aa46be1411fd703\"},\"headline\":\"Preguntas y respuestas sobre el art\u00edculo \u00abGut und B\u00f6se\u00bb en el suplemento \u00abChrist&#038;Welt\u00bb de ZEIT\",\"datePublished\":\"2021-02-10T13:00:20+00:00\",\"dateModified\":\"2021-02-12T14:33:59+00:00\",\"mainEntityOfPage\":{\"@id\":\"https:\\\/\\\/acninternational.org\\\/es\\\/preguntas-y-respuestas-sobre-christwelt\\\/\"},\"wordCount\":1967,\"publisher\":{\"@id\":\"https:\\\/\\\/acninternational.org\\\/es\\\/#organization\"},\"image\":{\"@id\":\"https:\\\/\\\/acninternational.org\\\/es\\\/preguntas-y-respuestas-sobre-christwelt\\\/#primaryimage\"},\"thumbnailUrl\":\"https:\\\/\\\/media.acninternational.org\\\/wp-content\\\/uploads\\\/2020\\\/10\\\/k%C3%B6nigstein.jpg\",\"articleSection\":[\"Sin categorizar\"],\"inLanguage\":\"es\"},{\"@type\":\"WebPage\",\"@id\":\"https:\\\/\\\/acninternational.org\\\/es\\\/preguntas-y-respuestas-sobre-christwelt\\\/\",\"url\":\"https:\\\/\\\/acninternational.org\\\/es\\\/preguntas-y-respuestas-sobre-christwelt\\\/\",\"name\":\"Preguntas y respuestas sobre el art\u00edculo \\\"Gut und B\u00f6se\\\" en el suplemento \\\"Christ&Welt\\\" de ZEIT | ACN International\",\"isPartOf\":{\"@id\":\"https:\\\/\\\/acninternational.org\\\/es\\\/#website\"},\"primaryImageOfPage\":{\"@id\":\"https:\\\/\\\/acninternational.org\\\/es\\\/preguntas-y-respuestas-sobre-christwelt\\\/#primaryimage\"},\"image\":{\"@id\":\"https:\\\/\\\/acninternational.org\\\/es\\\/preguntas-y-respuestas-sobre-christwelt\\\/#primaryimage\"},\"thumbnailUrl\":\"https:\\\/\\\/media.acninternational.org\\\/wp-content\\\/uploads\\\/2020\\\/10\\\/k%C3%B6nigstein.jpg\",\"datePublished\":\"2021-02-10T13:00:20+00:00\",\"dateModified\":\"2021-02-12T14:33:59+00:00\",\"breadcrumb\":{\"@id\":\"https:\\\/\\\/acninternational.org\\\/es\\\/preguntas-y-respuestas-sobre-christwelt\\\/#breadcrumb\"},\"inLanguage\":\"es\",\"potentialAction\":[{\"@type\":\"ReadAction\",\"target\":[\"https:\\\/\\\/acninternational.org\\\/es\\\/preguntas-y-respuestas-sobre-christwelt\\\/\"]}]},{\"@type\":\"ImageObject\",\"inLanguage\":\"es\",\"@id\":\"https:\\\/\\\/acninternational.org\\\/es\\\/preguntas-y-respuestas-sobre-christwelt\\\/#primaryimage\",\"url\":\"https:\\\/\\\/media.acninternational.org\\\/wp-content\\\/uploads\\\/2020\\\/10\\\/k%C3%B6nigstein.jpg\",\"contentUrl\":\"https:\\\/\\\/media.acninternational.org\\\/wp-content\\\/uploads\\\/2020\\\/10\\\/k%C3%B6nigstein.jpg\",\"width\":670,\"height\":400},{\"@type\":\"BreadcrumbList\",\"@id\":\"https:\\\/\\\/acninternational.org\\\/es\\\/preguntas-y-respuestas-sobre-christwelt\\\/#breadcrumb\",\"itemListElement\":[{\"@type\":\"ListItem\",\"position\":1,\"name\":\"Home\",\"item\":\"https:\\\/\\\/acninternational.org\\\/es\\\/\"},{\"@type\":\"ListItem\",\"position\":2,\"name\":\"Sin categorizar\",\"item\":\"https:\\\/\\\/acninternational.org\\\/es\\\/category\\\/sin-categorizar\\\/\"},{\"@type\":\"ListItem\",\"position\":3,\"name\":\"Preguntas y respuestas sobre el art\u00edculo \u00abGut und B\u00f6se\u00bb en el suplemento \u00abChrist&#038;Welt\u00bb de ZEIT\"}]},{\"@type\":\"WebSite\",\"@id\":\"https:\\\/\\\/acninternational.org\\\/es\\\/#website\",\"url\":\"https:\\\/\\\/acninternational.org\\\/es\\\/\",\"name\":\"ACN International\",\"description\":\"\",\"publisher\":{\"@id\":\"https:\\\/\\\/acninternational.org\\\/es\\\/#organization\"},\"potentialAction\":[{\"@type\":\"SearchAction\",\"target\":{\"@type\":\"EntryPoint\",\"urlTemplate\":\"https:\\\/\\\/acninternational.org\\\/es\\\/?s={search_term_string}\"},\"query-input\":{\"@type\":\"PropertyValueSpecification\",\"valueRequired\":true,\"valueName\":\"search_term_string\"}}],\"inLanguage\":\"es\"},{\"@type\":\"Organization\",\"@id\":\"https:\\\/\\\/acninternational.org\\\/es\\\/#organization\",\"name\":\"Aid to the Church in Need International\",\"url\":\"https:\\\/\\\/acninternational.org\\\/es\\\/\",\"logo\":{\"@type\":\"ImageObject\",\"inLanguage\":\"es\",\"@id\":\"https:\\\/\\\/acninternational.org\\\/es\\\/#\\\/schema\\\/logo\\\/image\\\/\",\"url\":\"https:\\\/\\\/media.acninternational.org\\\/wp-content\\\/uploads\\\/2019\\\/11\\\/acn_logo_blackvector.svg\",\"contentUrl\":\"https:\\\/\\\/media.acninternational.org\\\/wp-content\\\/uploads\\\/2019\\\/11\\\/acn_logo_blackvector.svg\",\"width\":232.6,\"height\":78,\"caption\":\"Aid to the Church in Need International\"},\"image\":{\"@id\":\"https:\\\/\\\/acninternational.org\\\/es\\\/#\\\/schema\\\/logo\\\/image\\\/\"},\"sameAs\":[\"https:\\\/\\\/www.facebook.com\\\/acninternationalorg\",\"https:\\\/\\\/x.com\\\/acn_int\",\"https:\\\/\\\/www.youtube.com\\\/channel\\\/UCQ-077gS0TnVzkhHmf1opZw\",\"https:\\\/\\\/www.instagram.com\\\/acn_international\\\/\"]},{\"@type\":\"Person\",\"@id\":\"https:\\\/\\\/acninternational.org\\\/es\\\/#\\\/schema\\\/person\\\/7f3dafb236b242fb2aa46be1411fd703\",\"name\":\"ACN Press Team\",\"description\":\"Lorem ipsum dolor sit amet, consectetur adipiscing elit, sed do eiusmod tempor incididunt ut labore et dolore magna aliqua. Ut enim ad minim veniam, quis nostrud exercitation ullamco laboris nisi ut aliquip ex ea commodo consequat.\",\"url\":\"https:\\\/\\\/acninternational.org\\\/es\\\/author\\\/acn-press-team\\\/\"}]}<\/script>\n<!-- \/ Yoast SEO Premium plugin. -->","yoast_head_json":{"title":"Preguntas y respuestas sobre el art\u00edculo \"Gut und B\u00f6se\" en el suplemento \"Christ&Welt\" de ZEIT | ACN International","robots":{"index":"index","follow":"follow","max-snippet":"max-snippet:-1","max-image-preview":"max-image-preview:large","max-video-preview":"max-video-preview:-1"},"canonical":"https:\/\/acninternational.org\/es\/preguntas-y-respuestas-sobre-christwelt\/","og_locale":"es_ES","og_type":"article","og_title":"Preguntas y respuestas sobre el art\u00edculo \"Gut und B\u00f6se\" en el suplemento \"Christ&Welt\" de ZEIT","og_description":"1. \u00bfC\u00f3mo ha llegado la carta al peri\u00f3dico? No lo sabemos. La carta data de 2010 y estaba dirigida al","og_url":"https:\/\/acninternational.org\/es\/preguntas-y-respuestas-sobre-christwelt\/","og_site_name":"ACN International","article_publisher":"https:\/\/www.facebook.com\/acninternationalorg","article_published_time":"2021-02-10T13:00:20+00:00","article_modified_time":"2021-02-12T14:33:59+00:00","og_image":[{"width":670,"height":400,"url":"https:\/\/media.acninternational.org\/wp-content\/uploads\/2020\/10\/k%C3%B6nigstein.jpg","type":"image\/jpeg"}],"author":"ACN Press Team","twitter_card":"summary_large_image","twitter_creator":"@acn_int","twitter_site":"@acn_int","twitter_misc":{"Escrito por":"ACN Press Team","Tiempo de lectura":"8 minutos"},"schema":{"@context":"https:\/\/schema.org","@graph":[{"@type":"Article","@id":"https:\/\/acninternational.org\/es\/preguntas-y-respuestas-sobre-christwelt\/#article","isPartOf":{"@id":"https:\/\/acninternational.org\/es\/preguntas-y-respuestas-sobre-christwelt\/"},"author":{"name":"ACN Press Team","@id":"https:\/\/acninternational.org\/es\/#\/schema\/person\/7f3dafb236b242fb2aa46be1411fd703"},"headline":"Preguntas y respuestas sobre el art\u00edculo \u00abGut und B\u00f6se\u00bb en el suplemento \u00abChrist&#038;Welt\u00bb de ZEIT","datePublished":"2021-02-10T13:00:20+00:00","dateModified":"2021-02-12T14:33:59+00:00","mainEntityOfPage":{"@id":"https:\/\/acninternational.org\/es\/preguntas-y-respuestas-sobre-christwelt\/"},"wordCount":1967,"publisher":{"@id":"https:\/\/acninternational.org\/es\/#organization"},"image":{"@id":"https:\/\/acninternational.org\/es\/preguntas-y-respuestas-sobre-christwelt\/#primaryimage"},"thumbnailUrl":"https:\/\/media.acninternational.org\/wp-content\/uploads\/2020\/10\/k%C3%B6nigstein.jpg","articleSection":["Sin categorizar"],"inLanguage":"es"},{"@type":"WebPage","@id":"https:\/\/acninternational.org\/es\/preguntas-y-respuestas-sobre-christwelt\/","url":"https:\/\/acninternational.org\/es\/preguntas-y-respuestas-sobre-christwelt\/","name":"Preguntas y respuestas sobre el art\u00edculo \"Gut und B\u00f6se\" en el suplemento \"Christ&Welt\" de ZEIT | ACN International","isPartOf":{"@id":"https:\/\/acninternational.org\/es\/#website"},"primaryImageOfPage":{"@id":"https:\/\/acninternational.org\/es\/preguntas-y-respuestas-sobre-christwelt\/#primaryimage"},"image":{"@id":"https:\/\/acninternational.org\/es\/preguntas-y-respuestas-sobre-christwelt\/#primaryimage"},"thumbnailUrl":"https:\/\/media.acninternational.org\/wp-content\/uploads\/2020\/10\/k%C3%B6nigstein.jpg","datePublished":"2021-02-10T13:00:20+00:00","dateModified":"2021-02-12T14:33:59+00:00","breadcrumb":{"@id":"https:\/\/acninternational.org\/es\/preguntas-y-respuestas-sobre-christwelt\/#breadcrumb"},"inLanguage":"es","potentialAction":[{"@type":"ReadAction","target":["https:\/\/acninternational.org\/es\/preguntas-y-respuestas-sobre-christwelt\/"]}]},{"@type":"ImageObject","inLanguage":"es","@id":"https:\/\/acninternational.org\/es\/preguntas-y-respuestas-sobre-christwelt\/#primaryimage","url":"https:\/\/media.acninternational.org\/wp-content\/uploads\/2020\/10\/k%C3%B6nigstein.jpg","contentUrl":"https:\/\/media.acninternational.org\/wp-content\/uploads\/2020\/10\/k%C3%B6nigstein.jpg","width":670,"height":400},{"@type":"BreadcrumbList","@id":"https:\/\/acninternational.org\/es\/preguntas-y-respuestas-sobre-christwelt\/#breadcrumb","itemListElement":[{"@type":"ListItem","position":1,"name":"Home","item":"https:\/\/acninternational.org\/es\/"},{"@type":"ListItem","position":2,"name":"Sin categorizar","item":"https:\/\/acninternational.org\/es\/category\/sin-categorizar\/"},{"@type":"ListItem","position":3,"name":"Preguntas y respuestas sobre el art\u00edculo \u00abGut und B\u00f6se\u00bb en el suplemento \u00abChrist&#038;Welt\u00bb de ZEIT"}]},{"@type":"WebSite","@id":"https:\/\/acninternational.org\/es\/#website","url":"https:\/\/acninternational.org\/es\/","name":"ACN International","description":"","publisher":{"@id":"https:\/\/acninternational.org\/es\/#organization"},"potentialAction":[{"@type":"SearchAction","target":{"@type":"EntryPoint","urlTemplate":"https:\/\/acninternational.org\/es\/?s={search_term_string}"},"query-input":{"@type":"PropertyValueSpecification","valueRequired":true,"valueName":"search_term_string"}}],"inLanguage":"es"},{"@type":"Organization","@id":"https:\/\/acninternational.org\/es\/#organization","name":"Aid to the Church in Need International","url":"https:\/\/acninternational.org\/es\/","logo":{"@type":"ImageObject","inLanguage":"es","@id":"https:\/\/acninternational.org\/es\/#\/schema\/logo\/image\/","url":"https:\/\/media.acninternational.org\/wp-content\/uploads\/2019\/11\/acn_logo_blackvector.svg","contentUrl":"https:\/\/media.acninternational.org\/wp-content\/uploads\/2019\/11\/acn_logo_blackvector.svg","width":232.6,"height":78,"caption":"Aid to the Church in Need International"},"image":{"@id":"https:\/\/acninternational.org\/es\/#\/schema\/logo\/image\/"},"sameAs":["https:\/\/www.facebook.com\/acninternationalorg","https:\/\/x.com\/acn_int","https:\/\/www.youtube.com\/channel\/UCQ-077gS0TnVzkhHmf1opZw","https:\/\/www.instagram.com\/acn_international\/"]},{"@type":"Person","@id":"https:\/\/acninternational.org\/es\/#\/schema\/person\/7f3dafb236b242fb2aa46be1411fd703","name":"ACN Press Team","description":"Lorem ipsum dolor sit amet, consectetur adipiscing elit, sed do eiusmod tempor incididunt ut labore et dolore magna aliqua. Ut enim ad minim veniam, quis nostrud exercitation ullamco laboris nisi ut aliquip ex ea commodo consequat.","url":"https:\/\/acninternational.org\/es\/author\/acn-press-team\/"}]}},"_links":{"self":[{"href":"https:\/\/acninternational.org\/es\/wp-json\/wp\/v2\/posts\/148253","targetHints":{"allow":["GET"]}}],"collection":[{"href":"https:\/\/acninternational.org\/es\/wp-json\/wp\/v2\/posts"}],"about":[{"href":"https:\/\/acninternational.org\/es\/wp-json\/wp\/v2\/types\/post"}],"author":[{"embeddable":true,"href":"https:\/\/acninternational.org\/es\/wp-json\/wp\/v2\/users\/4258341447"}],"replies":[{"embeddable":true,"href":"https:\/\/acninternational.org\/es\/wp-json\/wp\/v2\/comments?post=148253"}],"version-history":[{"count":0,"href":"https:\/\/acninternational.org\/es\/wp-json\/wp\/v2\/posts\/148253\/revisions"}],"wp:featuredmedia":[{"embeddable":true,"href":"https:\/\/acninternational.org\/es\/wp-json\/wp\/v2\/media\/144070"}],"wp:attachment":[{"href":"https:\/\/acninternational.org\/es\/wp-json\/wp\/v2\/media?parent=148253"}],"wp:term":[{"taxonomy":"category","embeddable":true,"href":"https:\/\/acninternational.org\/es\/wp-json\/wp\/v2\/categories?post=148253"},{"taxonomy":"post_tag","embeddable":true,"href":"https:\/\/acninternational.org\/es\/wp-json\/wp\/v2\/tags?post=148253"},{"taxonomy":"country","embeddable":true,"href":"https:\/\/acninternational.org\/es\/wp-json\/wp\/v2\/country?post=148253"}],"curies":[{"name":"wp","href":"https:\/\/api.w.org\/{rel}","templated":true}]}}