{"id":148169,"date":"2021-02-10T09:14:06","date_gmt":"2021-02-10T08:14:06","guid":{"rendered":"https:\/\/acninternational.org\/?p=148169"},"modified":"2021-02-10T09:17:32","modified_gmt":"2021-02-10T08:17:32","slug":"myanmar-ya-hemos-derramado-suficiente-sangre","status":"publish","type":"post","link":"https:\/\/acninternational.org\/es\/myanmar-ya-hemos-derramado-suficiente-sangre\/","title":{"rendered":"Myanmar: \u00abya hemos derramado suficiente sangre\u00bb"},"content":{"rendered":"<p><strong><em>La Conferencia Episcopal llama al di\u00e1logo tras el golpe militar<\/em><\/strong><\/p>\n<p><strong>\u00a0<\/strong>Tras el golpe militar en Myanmar, la Conferencia Episcopal del pa\u00eds ha hecho un llamamiento a las partes del conflicto y a la opini\u00f3n p\u00fablica mundial en pro de la paz. \u00abEstamos atravesando un per\u00edodo que supone el reto m\u00e1s dif\u00edcil de nuestra historia\u00bb, han dicho los obispos en una declaraci\u00f3n conjunta publicada el 4 de febrero, a la que ha tenido acceso la fundaci\u00f3n pontifica internacional \u00abAid to the Church in Need\u00bb. El manifiesto lleva las firmas del presidente de la Conferencia, el cardenal Charles Maung Bo, arzobispo de Yangon (Rang\u00fan), y del secretario general de la Conferencia Episcopal, el obispo auxiliar de Yangon, John Saw Yaw Han.<\/p>\n<p>Los obispos piden a los ciudadanos de Myanmar que mantengan la calma a pesar de \u00ablos inesperados y estremecedores acontecimientos\u00bb y que no recurran a la violencia: \u00abya hemos derramado suficiente sangre\u00bb. Insisten en que, tambi\u00e9n, hay formas no violentas de protesta. La conferencia dirige un llamamiento encarecido a los m\u00e9dicos y enfermeras que han dejado de trabajar en protesta por la actuaci\u00f3n de los militares: \u00abEstamos atravesando una \u00e9poca de pandemia. (&#8230;) \u00a1No abandonen a las personas necesitadas!\u00bb.<\/p>\n<p><strong>\u00abLos habitantes de Myanmar est\u00e1n cansados de recibir promesas vac\u00edas\u00bb<\/strong><\/p>\n<p>Dirigi\u00e9ndose a los militares, que en Myanmar se llaman <em>Tatmadaw<\/em>, los obispos se preguntan en su declaraci\u00f3n qu\u00e9 es lo que ha fallado en el proceso de democratizaci\u00f3n de los \u00faltimos a\u00f1os: \u00ab\u00bfhubo una falta de di\u00e1logo entre los representantes electos del gobierno y los <em>Tatmadaw<\/em>?\u201c. Las acusaciones de los militares, seg\u00fan las cuales en las elecciones parlamentarias de noviembre se produjo fraude electoral, podr\u00edan resolverse \u00abmediante el di\u00e1logo en presencia de observadores neutrales\u00bb.<\/p>\n<p>\u00abAhora prometen m\u00e1s democracia tras una investigaci\u00f3n y nuevas elecciones. Los habitantes de Myanmar est\u00e1n cansados de recibir promesas vac\u00edas\u00bb, se\u00f1ala la Conferencia Episcopal con escepticismo y se pregunta c\u00f3mo pretenden los militares ganarse la confianza del pueblo. Un paso importante en esta direcci\u00f3n ser\u00eda la liberaci\u00f3n de los miembros del partido gobernante hasta ahora, NLD (Liga Nacional para la Democracia), y de otros detenidos: \u00abUstedes prometieron la democracia. Empiecen por liberarlos. El mundo les entender\u00e1\u00bb.<\/p>\n<p>Los obispos dirigen unas palabras personales a la antigua presidenta del gobierno y Premio Nobel de la Paz Aung San Suu Kyi, que tambi\u00e9n fue detenida por los militares y que ahora podr\u00eda ser acusada de delitos econ\u00f3micos: \u00abSiempre ser\u00e1 la voz de nuestro pueblo. (&#8230;) Usted es la madre de la naci\u00f3n. La verdad prevalecer\u00e1\u00bb. Al mismo tiempo, la Conferencia Episcopal subraya que \u00ablos recientes acontecimientos se basan en la falta de di\u00e1logo y aceptaci\u00f3n mutua\u00bb. \u00abPor favor, escuchen a otros\u00bb.<\/p>\n<figure id=\"attachment_148070\" aria-describedby=\"caption-attachment-148070\" style=\"width: 670px\" class=\"wp-caption alignnone\"><img loading=\"lazy\" decoding=\"async\" class=\"wp-image-148070 size-full\" src=\"https:\/\/media.acninternational.org\/wp-content\/uploads\/2021\/02\/Charles-Bo.jpg\" alt=\"Cardenal Charles Bo, arzobispo of Yangon.\" width=\"670\" height=\"400\" srcset=\"https:\/\/media.acninternational.org\/wp-content\/uploads\/2021\/02\/Charles-Bo.jpg 670w, https:\/\/media.acninternational.org\/wp-content\/uploads\/2021\/02\/Charles-Bo-300x179.jpg 300w\" sizes=\"auto, (max-width: 670px) 100vw, 670px\" \/><figcaption id=\"caption-attachment-148070\" class=\"wp-caption-text\">Cardenal Charles Bo, arzobispo of Yangon.<\/figcaption><\/figure>\n<p><strong>Advertencia de sanciones del extranjero<\/strong><\/p>\n<p>Por \u00faltimo, los obispos se dirigen en su llamamiento a la comunidad internacional, a la que agradecen sus manifestaciones de simpat\u00eda ante los recientes acontecimientos. Pero tambi\u00e9n advierten de que haya reacciones precipitadas: \u00abLas sanciones y las condenas han dado pocos resultados. Cierran puertas y acaban con el di\u00e1logo\u00bb. Las sanciones econ\u00f3micas \u00abllevar\u00edan de nuevo a millones a la pobreza\u00bb. Los pa\u00edses extranjeros deben reconocer la situaci\u00f3n especial de Myanmar y su historia, a\u00f1adieron. \u00abLa \u00fanica manera es animar a los actores a reconciliarse\u00bb, \u00a0los obispos est\u00e1n convencidos de ello: \u00abLa paz es posible. La paz es el \u00fanico camino. La democracia es la \u00fanica luz en ese camino\u00bb.<\/p>\n<p>En la noche del 1 de febrero, los militares de la antigua Birmania dieron un golpe de Estado para tomar de nuevo el poder despu\u00e9s de las reformas democr\u00e1ticas introducidas hace diez a\u00f1os. Seg\u00fan los militares, el motivo del golpe fueron las denuncias de fraude electoral en las elecciones parlamentarias de noviembre, en las que Aung San Suu Kyi obtuvo la mayor\u00eda absoluta. Seg\u00fan observadores electorales, no hay pruebas que respalden las acusaciones de los militares. Las fuerzas armadas han impuesto el estado de emergencia durante un a\u00f1o en el pa\u00eds del sudeste asi\u00e1tico. Despu\u00e9s, habr\u00e1 previsiblemente elecciones, de lo cual sin embargo dudan los observadores. Estados Unidos y Europa han amenazado con imponer sanciones al pa\u00eds.<\/p>\n<p>Seg\u00fan los datos del informe sobre \u00abLibertad Religiosa en el Mundo\u00bb de \u00abAid to the Church in Need\u00bb, de los 54 millones de habitantes de Myanmar, alrededor del ocho por ciento pertenecen a una confesi\u00f3n cristiana, el n\u00famero de cat\u00f3licos se estima entre el uno y el dos por ciento. Los cristianos se \u00a0enfrentan repetidamente a la discriminaci\u00f3n por parte de budistas radicales, m\u00e1xime teniendo en cuenta que muchos cristianos pertenecen a minor\u00edas \u00e9tnicas.<\/p>\n","protected":false},"excerpt":{"rendered":"<p>La Conferencia Episcopal llama al di\u00e1logo tras el golpe militar \u00a0Tras el golpe militar en Myanmar, la Conferencia Episcopal del<\/p>\n","protected":false},"author":4258341447,"featured_media":141554,"comment_status":"closed","ping_status":"closed","sticky":false,"template":"","format":"standard","meta":{"_acf_changed":false,"_acn_coauthor_ids":[],"footnotes":""},"categories":[746],"tags":[],"country":[524],"class_list":["post-148169","post","type-post","status-publish","format-standard","has-post-thumbnail","hentry","category-noticias","country-myanmar"],"acn_coauthors":[],"acf":[],"yoast_head":"<!-- This site is optimized with the Yoast SEO Premium plugin v27.3 (Yoast SEO v27.3) - https:\/\/yoast.com\/product\/yoast-seo-premium-wordpress\/ -->\n<title>Myanmar: \u00abya hemos derramado suficiente sangre\u00bb<\/title>\n<meta name=\"description\" content=\"Tras el golpe militar en Myanmar, la Conferencia Episcopal del pa\u00eds ha hecho un llamamiento a las partes del conflicto y a la opini\u00f3n p\u00fablica mundial en pro de la paz. Piden a los ciudadanos que mantengan la calma a pesar de \u00ablos inesperados y estremecedores acontecimientos\u00bb y que no recurran a la violencia: \u00abya hemos derramado suficiente sangre\u00bb.\" \/>\n<meta name=\"robots\" content=\"index, follow, max-snippet:-1, max-image-preview:large, max-video-preview:-1\" \/>\n<link rel=\"canonical\" href=\"https:\/\/acninternational.org\/es\/myanmar-ya-hemos-derramado-suficiente-sangre\/\" \/>\n<meta property=\"og:locale\" content=\"es_ES\" \/>\n<meta property=\"og:type\" content=\"article\" \/>\n<meta property=\"og:title\" content=\"Myanmar: \u00abya hemos derramado suficiente sangre\u00bb\" \/>\n<meta property=\"og:description\" content=\"Tras el golpe militar en Myanmar, la Conferencia Episcopal del pa\u00eds ha hecho un llamamiento a las partes del conflicto y a la opini\u00f3n p\u00fablica mundial en pro de la paz. Piden a los ciudadanos que mantengan la calma a pesar de \u00ablos inesperados y estremecedores acontecimientos\u00bb y que no recurran a la violencia: \u00abya hemos derramado suficiente sangre\u00bb.\" \/>\n<meta property=\"og:url\" content=\"https:\/\/acninternational.org\/es\/myanmar-ya-hemos-derramado-suficiente-sangre\/\" \/>\n<meta property=\"og:site_name\" content=\"ACN International\" \/>\n<meta property=\"article:publisher\" content=\"https:\/\/www.facebook.com\/acninternationalorg\" \/>\n<meta property=\"article:published_time\" content=\"2021-02-10T08:14:06+00:00\" \/>\n<meta property=\"article:modified_time\" content=\"2021-02-10T08:17:32+00:00\" \/>\n<meta property=\"og:image\" content=\"https:\/\/media.acninternational.org\/wp-content\/uploads\/2020\/08\/acn_myanmar_building-peace-and-justice.jpg\" \/>\n\t<meta property=\"og:image:width\" content=\"2000\" \/>\n\t<meta property=\"og:image:height\" content=\"625\" \/>\n\t<meta property=\"og:image:type\" content=\"image\/jpeg\" \/>\n<meta name=\"author\" content=\"ACN Press Team\" \/>\n<meta name=\"twitter:card\" content=\"summary_large_image\" \/>\n<meta name=\"twitter:creator\" content=\"@acn_int\" \/>\n<meta name=\"twitter:site\" content=\"@acn_int\" \/>\n<meta name=\"twitter:label1\" content=\"Escrito por\" \/>\n\t<meta name=\"twitter:data1\" content=\"ACN Press Team\" \/>\n\t<meta name=\"twitter:label2\" content=\"Tiempo de lectura\" \/>\n\t<meta name=\"twitter:data2\" content=\"4 minutos\" \/>\n<script type=\"application\/ld+json\" class=\"yoast-schema-graph\">{\"@context\":\"https:\\\/\\\/schema.org\",\"@graph\":[{\"@type\":\"Article\",\"@id\":\"https:\\\/\\\/acninternational.org\\\/es\\\/myanmar-ya-hemos-derramado-suficiente-sangre\\\/#article\",\"isPartOf\":{\"@id\":\"https:\\\/\\\/acninternational.org\\\/es\\\/myanmar-ya-hemos-derramado-suficiente-sangre\\\/\"},\"author\":{\"name\":\"ACN Press Team\",\"@id\":\"https:\\\/\\\/acninternational.org\\\/es\\\/#\\\/schema\\\/person\\\/7f3dafb236b242fb2aa46be1411fd703\"},\"headline\":\"Myanmar: \u00abya hemos derramado suficiente sangre\u00bb\",\"datePublished\":\"2021-02-10T08:14:06+00:00\",\"dateModified\":\"2021-02-10T08:17:32+00:00\",\"mainEntityOfPage\":{\"@id\":\"https:\\\/\\\/acninternational.org\\\/es\\\/myanmar-ya-hemos-derramado-suficiente-sangre\\\/\"},\"wordCount\":824,\"publisher\":{\"@id\":\"https:\\\/\\\/acninternational.org\\\/es\\\/#organization\"},\"image\":{\"@id\":\"https:\\\/\\\/acninternational.org\\\/es\\\/myanmar-ya-hemos-derramado-suficiente-sangre\\\/#primaryimage\"},\"thumbnailUrl\":\"https:\\\/\\\/media.acninternational.org\\\/wp-content\\\/uploads\\\/2020\\\/08\\\/acn_myanmar_building-peace-and-justice.jpg\",\"articleSection\":[\"NOTICIAS\"],\"inLanguage\":\"es\"},{\"@type\":\"WebPage\",\"@id\":\"https:\\\/\\\/acninternational.org\\\/es\\\/myanmar-ya-hemos-derramado-suficiente-sangre\\\/\",\"url\":\"https:\\\/\\\/acninternational.org\\\/es\\\/myanmar-ya-hemos-derramado-suficiente-sangre\\\/\",\"name\":\"Myanmar: \u00abya hemos derramado suficiente sangre\u00bb\",\"isPartOf\":{\"@id\":\"https:\\\/\\\/acninternational.org\\\/es\\\/#website\"},\"primaryImageOfPage\":{\"@id\":\"https:\\\/\\\/acninternational.org\\\/es\\\/myanmar-ya-hemos-derramado-suficiente-sangre\\\/#primaryimage\"},\"image\":{\"@id\":\"https:\\\/\\\/acninternational.org\\\/es\\\/myanmar-ya-hemos-derramado-suficiente-sangre\\\/#primaryimage\"},\"thumbnailUrl\":\"https:\\\/\\\/media.acninternational.org\\\/wp-content\\\/uploads\\\/2020\\\/08\\\/acn_myanmar_building-peace-and-justice.jpg\",\"datePublished\":\"2021-02-10T08:14:06+00:00\",\"dateModified\":\"2021-02-10T08:17:32+00:00\",\"description\":\"Tras el golpe militar en Myanmar, la Conferencia Episcopal del pa\u00eds ha hecho un llamamiento a las partes del conflicto y a la opini\u00f3n p\u00fablica mundial en pro de la paz. Piden a los ciudadanos que mantengan la calma a pesar de \u00ablos inesperados y estremecedores acontecimientos\u00bb y que no recurran a la violencia: \u00abya hemos derramado suficiente sangre\u00bb.\",\"breadcrumb\":{\"@id\":\"https:\\\/\\\/acninternational.org\\\/es\\\/myanmar-ya-hemos-derramado-suficiente-sangre\\\/#breadcrumb\"},\"inLanguage\":\"es\",\"potentialAction\":[{\"@type\":\"ReadAction\",\"target\":[\"https:\\\/\\\/acninternational.org\\\/es\\\/myanmar-ya-hemos-derramado-suficiente-sangre\\\/\"]}]},{\"@type\":\"ImageObject\",\"inLanguage\":\"es\",\"@id\":\"https:\\\/\\\/acninternational.org\\\/es\\\/myanmar-ya-hemos-derramado-suficiente-sangre\\\/#primaryimage\",\"url\":\"https:\\\/\\\/media.acninternational.org\\\/wp-content\\\/uploads\\\/2020\\\/08\\\/acn_myanmar_building-peace-and-justice.jpg\",\"contentUrl\":\"https:\\\/\\\/media.acninternational.org\\\/wp-content\\\/uploads\\\/2020\\\/08\\\/acn_myanmar_building-peace-and-justice.jpg\",\"width\":2000,\"height\":625},{\"@type\":\"BreadcrumbList\",\"@id\":\"https:\\\/\\\/acninternational.org\\\/es\\\/myanmar-ya-hemos-derramado-suficiente-sangre\\\/#breadcrumb\",\"itemListElement\":[{\"@type\":\"ListItem\",\"position\":1,\"name\":\"Home\",\"item\":\"https:\\\/\\\/acninternational.org\\\/es\\\/\"},{\"@type\":\"ListItem\",\"position\":2,\"name\":\"NOTICIAS\",\"item\":\"https:\\\/\\\/acninternational.org\\\/es\\\/category\\\/news-es\\\/\"},{\"@type\":\"ListItem\",\"position\":3,\"name\":\"Myanmar: \u00abya hemos derramado suficiente sangre\u00bb\"}]},{\"@type\":\"WebSite\",\"@id\":\"https:\\\/\\\/acninternational.org\\\/es\\\/#website\",\"url\":\"https:\\\/\\\/acninternational.org\\\/es\\\/\",\"name\":\"ACN International\",\"description\":\"\",\"publisher\":{\"@id\":\"https:\\\/\\\/acninternational.org\\\/es\\\/#organization\"},\"potentialAction\":[{\"@type\":\"SearchAction\",\"target\":{\"@type\":\"EntryPoint\",\"urlTemplate\":\"https:\\\/\\\/acninternational.org\\\/es\\\/?s={search_term_string}\"},\"query-input\":{\"@type\":\"PropertyValueSpecification\",\"valueRequired\":true,\"valueName\":\"search_term_string\"}}],\"inLanguage\":\"es\"},{\"@type\":\"Organization\",\"@id\":\"https:\\\/\\\/acninternational.org\\\/es\\\/#organization\",\"name\":\"Aid to the Church in Need International\",\"url\":\"https:\\\/\\\/acninternational.org\\\/es\\\/\",\"logo\":{\"@type\":\"ImageObject\",\"inLanguage\":\"es\",\"@id\":\"https:\\\/\\\/acninternational.org\\\/es\\\/#\\\/schema\\\/logo\\\/image\\\/\",\"url\":\"https:\\\/\\\/media.acninternational.org\\\/wp-content\\\/uploads\\\/2019\\\/11\\\/acn_logo_blackvector.svg\",\"contentUrl\":\"https:\\\/\\\/media.acninternational.org\\\/wp-content\\\/uploads\\\/2019\\\/11\\\/acn_logo_blackvector.svg\",\"width\":232.6,\"height\":78,\"caption\":\"Aid to the Church in Need International\"},\"image\":{\"@id\":\"https:\\\/\\\/acninternational.org\\\/es\\\/#\\\/schema\\\/logo\\\/image\\\/\"},\"sameAs\":[\"https:\\\/\\\/www.facebook.com\\\/acninternationalorg\",\"https:\\\/\\\/x.com\\\/acn_int\",\"https:\\\/\\\/www.youtube.com\\\/channel\\\/UCQ-077gS0TnVzkhHmf1opZw\",\"https:\\\/\\\/www.instagram.com\\\/acn_international\\\/\"]},{\"@type\":\"Person\",\"@id\":\"https:\\\/\\\/acninternational.org\\\/es\\\/#\\\/schema\\\/person\\\/7f3dafb236b242fb2aa46be1411fd703\",\"name\":\"ACN Press Team\",\"description\":\"Lorem ipsum dolor sit amet, consectetur adipiscing elit, sed do eiusmod tempor incididunt ut labore et dolore magna aliqua. Ut enim ad minim veniam, quis nostrud exercitation ullamco laboris nisi ut aliquip ex ea commodo consequat.\",\"url\":\"https:\\\/\\\/acninternational.org\\\/es\\\/author\\\/acn-press-team\\\/\"}]}<\/script>\n<!-- \/ Yoast SEO Premium plugin. -->","yoast_head_json":{"title":"Myanmar: \u00abya hemos derramado suficiente sangre\u00bb","description":"Tras el golpe militar en Myanmar, la Conferencia Episcopal del pa\u00eds ha hecho un llamamiento a las partes del conflicto y a la opini\u00f3n p\u00fablica mundial en pro de la paz. Piden a los ciudadanos que mantengan la calma a pesar de \u00ablos inesperados y estremecedores acontecimientos\u00bb y que no recurran a la violencia: \u00abya hemos derramado suficiente sangre\u00bb.","robots":{"index":"index","follow":"follow","max-snippet":"max-snippet:-1","max-image-preview":"max-image-preview:large","max-video-preview":"max-video-preview:-1"},"canonical":"https:\/\/acninternational.org\/es\/myanmar-ya-hemos-derramado-suficiente-sangre\/","og_locale":"es_ES","og_type":"article","og_title":"Myanmar: \u00abya hemos derramado suficiente sangre\u00bb","og_description":"Tras el golpe militar en Myanmar, la Conferencia Episcopal del pa\u00eds ha hecho un llamamiento a las partes del conflicto y a la opini\u00f3n p\u00fablica mundial en pro de la paz. Piden a los ciudadanos que mantengan la calma a pesar de \u00ablos inesperados y estremecedores acontecimientos\u00bb y que no recurran a la violencia: \u00abya hemos derramado suficiente sangre\u00bb.","og_url":"https:\/\/acninternational.org\/es\/myanmar-ya-hemos-derramado-suficiente-sangre\/","og_site_name":"ACN International","article_publisher":"https:\/\/www.facebook.com\/acninternationalorg","article_published_time":"2021-02-10T08:14:06+00:00","article_modified_time":"2021-02-10T08:17:32+00:00","og_image":[{"width":2000,"height":625,"url":"https:\/\/media.acninternational.org\/wp-content\/uploads\/2020\/08\/acn_myanmar_building-peace-and-justice.jpg","type":"image\/jpeg"}],"author":"ACN Press Team","twitter_card":"summary_large_image","twitter_creator":"@acn_int","twitter_site":"@acn_int","twitter_misc":{"Escrito por":"ACN Press Team","Tiempo de lectura":"4 minutos"},"schema":{"@context":"https:\/\/schema.org","@graph":[{"@type":"Article","@id":"https:\/\/acninternational.org\/es\/myanmar-ya-hemos-derramado-suficiente-sangre\/#article","isPartOf":{"@id":"https:\/\/acninternational.org\/es\/myanmar-ya-hemos-derramado-suficiente-sangre\/"},"author":{"name":"ACN Press Team","@id":"https:\/\/acninternational.org\/es\/#\/schema\/person\/7f3dafb236b242fb2aa46be1411fd703"},"headline":"Myanmar: \u00abya hemos derramado suficiente sangre\u00bb","datePublished":"2021-02-10T08:14:06+00:00","dateModified":"2021-02-10T08:17:32+00:00","mainEntityOfPage":{"@id":"https:\/\/acninternational.org\/es\/myanmar-ya-hemos-derramado-suficiente-sangre\/"},"wordCount":824,"publisher":{"@id":"https:\/\/acninternational.org\/es\/#organization"},"image":{"@id":"https:\/\/acninternational.org\/es\/myanmar-ya-hemos-derramado-suficiente-sangre\/#primaryimage"},"thumbnailUrl":"https:\/\/media.acninternational.org\/wp-content\/uploads\/2020\/08\/acn_myanmar_building-peace-and-justice.jpg","articleSection":["NOTICIAS"],"inLanguage":"es"},{"@type":"WebPage","@id":"https:\/\/acninternational.org\/es\/myanmar-ya-hemos-derramado-suficiente-sangre\/","url":"https:\/\/acninternational.org\/es\/myanmar-ya-hemos-derramado-suficiente-sangre\/","name":"Myanmar: \u00abya hemos derramado suficiente sangre\u00bb","isPartOf":{"@id":"https:\/\/acninternational.org\/es\/#website"},"primaryImageOfPage":{"@id":"https:\/\/acninternational.org\/es\/myanmar-ya-hemos-derramado-suficiente-sangre\/#primaryimage"},"image":{"@id":"https:\/\/acninternational.org\/es\/myanmar-ya-hemos-derramado-suficiente-sangre\/#primaryimage"},"thumbnailUrl":"https:\/\/media.acninternational.org\/wp-content\/uploads\/2020\/08\/acn_myanmar_building-peace-and-justice.jpg","datePublished":"2021-02-10T08:14:06+00:00","dateModified":"2021-02-10T08:17:32+00:00","description":"Tras el golpe militar en Myanmar, la Conferencia Episcopal del pa\u00eds ha hecho un llamamiento a las partes del conflicto y a la opini\u00f3n p\u00fablica mundial en pro de la paz. Piden a los ciudadanos que mantengan la calma a pesar de \u00ablos inesperados y estremecedores acontecimientos\u00bb y que no recurran a la violencia: \u00abya hemos derramado suficiente sangre\u00bb.","breadcrumb":{"@id":"https:\/\/acninternational.org\/es\/myanmar-ya-hemos-derramado-suficiente-sangre\/#breadcrumb"},"inLanguage":"es","potentialAction":[{"@type":"ReadAction","target":["https:\/\/acninternational.org\/es\/myanmar-ya-hemos-derramado-suficiente-sangre\/"]}]},{"@type":"ImageObject","inLanguage":"es","@id":"https:\/\/acninternational.org\/es\/myanmar-ya-hemos-derramado-suficiente-sangre\/#primaryimage","url":"https:\/\/media.acninternational.org\/wp-content\/uploads\/2020\/08\/acn_myanmar_building-peace-and-justice.jpg","contentUrl":"https:\/\/media.acninternational.org\/wp-content\/uploads\/2020\/08\/acn_myanmar_building-peace-and-justice.jpg","width":2000,"height":625},{"@type":"BreadcrumbList","@id":"https:\/\/acninternational.org\/es\/myanmar-ya-hemos-derramado-suficiente-sangre\/#breadcrumb","itemListElement":[{"@type":"ListItem","position":1,"name":"Home","item":"https:\/\/acninternational.org\/es\/"},{"@type":"ListItem","position":2,"name":"NOTICIAS","item":"https:\/\/acninternational.org\/es\/category\/news-es\/"},{"@type":"ListItem","position":3,"name":"Myanmar: \u00abya hemos derramado suficiente sangre\u00bb"}]},{"@type":"WebSite","@id":"https:\/\/acninternational.org\/es\/#website","url":"https:\/\/acninternational.org\/es\/","name":"ACN International","description":"","publisher":{"@id":"https:\/\/acninternational.org\/es\/#organization"},"potentialAction":[{"@type":"SearchAction","target":{"@type":"EntryPoint","urlTemplate":"https:\/\/acninternational.org\/es\/?s={search_term_string}"},"query-input":{"@type":"PropertyValueSpecification","valueRequired":true,"valueName":"search_term_string"}}],"inLanguage":"es"},{"@type":"Organization","@id":"https:\/\/acninternational.org\/es\/#organization","name":"Aid to the Church in Need International","url":"https:\/\/acninternational.org\/es\/","logo":{"@type":"ImageObject","inLanguage":"es","@id":"https:\/\/acninternational.org\/es\/#\/schema\/logo\/image\/","url":"https:\/\/media.acninternational.org\/wp-content\/uploads\/2019\/11\/acn_logo_blackvector.svg","contentUrl":"https:\/\/media.acninternational.org\/wp-content\/uploads\/2019\/11\/acn_logo_blackvector.svg","width":232.6,"height":78,"caption":"Aid to the Church in Need International"},"image":{"@id":"https:\/\/acninternational.org\/es\/#\/schema\/logo\/image\/"},"sameAs":["https:\/\/www.facebook.com\/acninternationalorg","https:\/\/x.com\/acn_int","https:\/\/www.youtube.com\/channel\/UCQ-077gS0TnVzkhHmf1opZw","https:\/\/www.instagram.com\/acn_international\/"]},{"@type":"Person","@id":"https:\/\/acninternational.org\/es\/#\/schema\/person\/7f3dafb236b242fb2aa46be1411fd703","name":"ACN Press Team","description":"Lorem ipsum dolor sit amet, consectetur adipiscing elit, sed do eiusmod tempor incididunt ut labore et dolore magna aliqua. Ut enim ad minim veniam, quis nostrud exercitation ullamco laboris nisi ut aliquip ex ea commodo consequat.","url":"https:\/\/acninternational.org\/es\/author\/acn-press-team\/"}]}},"_links":{"self":[{"href":"https:\/\/acninternational.org\/es\/wp-json\/wp\/v2\/posts\/148169","targetHints":{"allow":["GET"]}}],"collection":[{"href":"https:\/\/acninternational.org\/es\/wp-json\/wp\/v2\/posts"}],"about":[{"href":"https:\/\/acninternational.org\/es\/wp-json\/wp\/v2\/types\/post"}],"author":[{"embeddable":true,"href":"https:\/\/acninternational.org\/es\/wp-json\/wp\/v2\/users\/4258341447"}],"replies":[{"embeddable":true,"href":"https:\/\/acninternational.org\/es\/wp-json\/wp\/v2\/comments?post=148169"}],"version-history":[{"count":0,"href":"https:\/\/acninternational.org\/es\/wp-json\/wp\/v2\/posts\/148169\/revisions"}],"wp:featuredmedia":[{"embeddable":true,"href":"https:\/\/acninternational.org\/es\/wp-json\/wp\/v2\/media\/141554"}],"wp:attachment":[{"href":"https:\/\/acninternational.org\/es\/wp-json\/wp\/v2\/media?parent=148169"}],"wp:term":[{"taxonomy":"category","embeddable":true,"href":"https:\/\/acninternational.org\/es\/wp-json\/wp\/v2\/categories?post=148169"},{"taxonomy":"post_tag","embeddable":true,"href":"https:\/\/acninternational.org\/es\/wp-json\/wp\/v2\/tags?post=148169"},{"taxonomy":"country","embeddable":true,"href":"https:\/\/acninternational.org\/es\/wp-json\/wp\/v2\/country?post=148169"}],"curies":[{"name":"wp","href":"https:\/\/api.w.org\/{rel}","templated":true}]}}