{"id":148038,"date":"2021-02-05T12:51:59","date_gmt":"2021-02-05T11:51:59","guid":{"rendered":"https:\/\/acninternational.org\/?p=148038"},"modified":"2021-02-05T12:53:57","modified_gmt":"2021-02-05T11:53:57","slug":"sri-lanka-cursos-de-formacion-continua-para-la-pastoral-en-situaciones-traumatizantes-para-sacerdotes-religiosas-y-laicos","status":"publish","type":"post","link":"https:\/\/acninternational.org\/es\/sri-lanka-cursos-de-formacion-continua-para-la-pastoral-en-situaciones-traumatizantes-para-sacerdotes-religiosas-y-laicos\/","title":{"rendered":"Sri Lanka: Cursos de formaci\u00f3n continua para la pastoral en situaciones traumatizantes para sacerdotes, religiosas y laicos\u00a0"},"content":{"rendered":"<p>La ma\u00f1ana de Pascua de 2019 ser\u00e1 para siempre un recuerdo terrible para el pueblo de Sri Lanka: ese d\u00eda, una serie de atentados suicidas en tres iglesias y tres hoteles se cobr\u00f3 la vida de unas 300 personas, y m\u00e1s de 500 resultaron heridas.<\/p>\n<p>La Archidi\u00f3cesis cat\u00f3lica de Colombo acudi\u00f3 inmediatamente al lado de los heridos y los familiares de los fallecidos para curar las heridas, enterrar a los muertos y aliviar la necesidad m\u00e1s acuciante. No obstante, los traumas psicol\u00f3gicos son profundos y, adem\u00e1s, la gente teme que ataques similares puedan volver a producirse en cualquier momento.<\/p>\n<p>Los sacerdotes permanecieron en primera l\u00ednea, enfrent\u00e1ndose a tragedias casi infinitas y a un sufrimiento inconmensurable. \u201cEn nuestro pa\u00eds, un sacerdote no es solo un consejero espiritual, sino tambi\u00e9n la persona de referencia para todos los asuntos sociales. Nuestro pueblo obedece a los l\u00edderes religiosos y los respeta m\u00e1s que a los l\u00edderes pol\u00edticos. Y para ello tenemos que formarlos\u201d, dice el P. Jude Chrysantha Fernando, responsable de Comunicaci\u00f3n Social de la Archidi\u00f3cesis de Colombo.<\/p>\n<figure id=\"attachment_148030\" aria-describedby=\"caption-attachment-148030\" style=\"width: 670px\" class=\"wp-caption alignnone\"><img loading=\"lazy\" decoding=\"async\" class=\"wp-image-148030 size-full\" src=\"https:\/\/media.acninternational.org\/wp-content\/uploads\/2021\/02\/Sri-Lanka2.jpg\" alt=\"Sri Lanka: Cursos de formaci\u00f3n continua para la pastoral en situaciones traumatizantes para sacerdotes, religiosas y laicos.\" width=\"670\" height=\"400\" srcset=\"https:\/\/media.acninternational.org\/wp-content\/uploads\/2021\/02\/Sri-Lanka2.jpg 670w, https:\/\/media.acninternational.org\/wp-content\/uploads\/2021\/02\/Sri-Lanka2-300x179.jpg 300w\" sizes=\"auto, (max-width: 670px) 100vw, 670px\" \/><figcaption id=\"caption-attachment-148030\" class=\"wp-caption-text\">Sri Lanka: Cursos de formaci\u00f3n continua para la pastoral en situaciones traumatizantes para sacerdotes, religiosas y laicos.<\/figcaption><\/figure>\n<p>Tambi\u00e9n algunos sacerdotes sufrieron traumas; estaban en estado de <em>shock<\/em> y desanimados, y sufr\u00edan con los afectados. Adem\u00e1s, estaban agotados por estar de servicio d\u00eda y noche durante semanas, sin descanso. Uno de los problemas fue la falta de laicos fuertes y bien formados que apoyaran a los sacerdotes. Por ello, la Archidi\u00f3cesis de Colombo ha puesto en marcha un programa de formaci\u00f3n para capacitar a sacerdotes, religiosas y laicos para prestar ayuda y reaccionar adecuadamente en situaciones dif\u00edciles.<\/p>\n<p>Gracias al apoyo de ACN, sacerdotes, religiosas y laicos han asistido a talleres dirigidos por psic\u00f3logos, sacerdotes experimentados y dem\u00e1s expertos. All\u00ed han aprendido a apoyar y reconfortar a personas en situaciones dif\u00edciles y a abordar conflictos. En dichos talleres han reforzado su confianza en s\u00ed mismos, de modo que ahora saben c\u00f3mo responder adecuadamente ante estas situaciones. Adem\u00e1s, a los participantes tambi\u00e9n se les ense\u00f1\u00f3 a prevenir sus propios traumas en situaciones similares. ACN ha apoyado este programa de formaci\u00f3n con 4.900 euros. \u00a1Muchas gracias a todos los que han contribuido a ello!<\/p>\n","protected":false},"excerpt":{"rendered":"<p>La ma\u00f1ana de Pascua de 2019 ser\u00e1 para siempre un recuerdo terrible para el pueblo de Sri Lanka: ese d\u00eda,<\/p>\n","protected":false},"author":4258341447,"featured_media":148036,"comment_status":"closed","ping_status":"closed","sticky":false,"template":"","format":"standard","meta":{"_acf_changed":false,"_acn_coauthor_ids":[],"_acn_featured_article":false,"footnotes":""},"categories":[717,746,714],"tags":[],"country":[131],"class_list":["post-148038","post","type-post","status-publish","format-standard","has-post-thumbnail","hentry","category-emergencia-humanitaria","category-noticias","category-proyecto","country-sri-lanka"],"acn_coauthors":[],"acf":[],"yoast_head":"<!-- This site is optimized with the Yoast SEO Premium plugin v27.5 (Yoast SEO v27.5) - https:\/\/yoast.com\/product\/yoast-seo-premium-wordpress\/ -->\n<title>Sri Lanka: Cursos de formaci\u00f3n continua para la pastoral en situaciones traumatizantes para sacerdotes, religiosas y laicos\u00a0<\/title>\n<meta name=\"description\" content=\"Las heridas psicol\u00f3gicas del trauma de quienes perdieron a sus familias en los atentados del Domingo de Resurrecci\u00f3n son profundas. Estamos apoyando a la archidi\u00f3cesis de Colombo (Sri Lanka) con cursos de curaci\u00f3n de traumas. Sacerdotes, religiosos y agente de pastoral laicos se han apuntado y han aprendido a ayudar a las personas que sufren experiencias traum\u00e1ticas. El programa ha sido posible gracias a la generosa contribuci\u00f3n de nuestros benefactores.\" \/>\n<meta name=\"robots\" content=\"index, follow, max-snippet:-1, max-image-preview:large, max-video-preview:-1\" \/>\n<link rel=\"canonical\" href=\"https:\/\/acninternational.org\/es\/sri-lanka-cursos-de-formacion-continua-para-la-pastoral-en-situaciones-traumatizantes-para-sacerdotes-religiosas-y-laicos\/\" \/>\n<meta property=\"og:locale\" content=\"es_ES\" \/>\n<meta property=\"og:type\" content=\"article\" \/>\n<meta property=\"og:title\" content=\"Sri Lanka: Cursos de formaci\u00f3n continua para la pastoral en situaciones traumatizantes para sacerdotes, religiosas y laicos\u00a0\" \/>\n<meta property=\"og:description\" content=\"Las heridas psicol\u00f3gicas del trauma de quienes perdieron a sus familias en los atentados del Domingo de Resurrecci\u00f3n son profundas. Estamos apoyando a la archidi\u00f3cesis de Colombo (Sri Lanka) con cursos de curaci\u00f3n de traumas. Sacerdotes, religiosos y agente de pastoral laicos se han apuntado y han aprendido a ayudar a las personas que sufren experiencias traum\u00e1ticas. El programa ha sido posible gracias a la generosa contribuci\u00f3n de nuestros benefactores.\" \/>\n<meta property=\"og:url\" content=\"https:\/\/acninternational.org\/es\/sri-lanka-cursos-de-formacion-continua-para-la-pastoral-en-situaciones-traumatizantes-para-sacerdotes-religiosas-y-laicos\/\" \/>\n<meta property=\"og:site_name\" content=\"ACN International\" \/>\n<meta property=\"article:publisher\" content=\"https:\/\/www.facebook.com\/acninternationalorg\" \/>\n<meta property=\"article:published_time\" content=\"2021-02-05T11:51:59+00:00\" \/>\n<meta property=\"article:modified_time\" content=\"2021-02-05T11:53:57+00:00\" \/>\n<meta property=\"og:image\" content=\"https:\/\/media.acninternational.org\/wp-content\/uploads\/2021\/02\/Sri-Lanka.jpg\" \/>\n\t<meta property=\"og:image:width\" content=\"1400\" \/>\n\t<meta property=\"og:image:height\" content=\"438\" \/>\n\t<meta property=\"og:image:type\" content=\"image\/jpeg\" \/>\n<meta name=\"author\" content=\"ACN Press Team\" \/>\n<meta name=\"twitter:card\" content=\"summary_large_image\" \/>\n<meta name=\"twitter:creator\" content=\"@acn_int\" \/>\n<meta name=\"twitter:site\" content=\"@acn_int\" \/>\n<meta name=\"twitter:label1\" content=\"Escrito por\" \/>\n\t<meta name=\"twitter:data1\" content=\"ACN Press Team\" \/>\n\t<meta name=\"twitter:label2\" content=\"Tiempo de lectura\" \/>\n\t<meta name=\"twitter:data2\" content=\"2 minutos\" \/>\n<script type=\"application\/ld+json\" class=\"yoast-schema-graph\">{\"@context\":\"https:\\\/\\\/schema.org\",\"@graph\":[{\"@type\":\"Article\",\"@id\":\"https:\\\/\\\/acninternational.org\\\/es\\\/sri-lanka-cursos-de-formacion-continua-para-la-pastoral-en-situaciones-traumatizantes-para-sacerdotes-religiosas-y-laicos\\\/#article\",\"isPartOf\":{\"@id\":\"https:\\\/\\\/acninternational.org\\\/es\\\/sri-lanka-cursos-de-formacion-continua-para-la-pastoral-en-situaciones-traumatizantes-para-sacerdotes-religiosas-y-laicos\\\/\"},\"author\":{\"name\":\"ACN Press Team\",\"@id\":\"https:\\\/\\\/acninternational.org\\\/es\\\/#\\\/schema\\\/person\\\/7f3dafb236b242fb2aa46be1411fd703\"},\"headline\":\"Sri Lanka: Cursos de formaci\u00f3n continua para la pastoral en situaciones traumatizantes para sacerdotes, religiosas y laicos\u00a0\",\"datePublished\":\"2021-02-05T11:51:59+00:00\",\"dateModified\":\"2021-02-05T11:53:57+00:00\",\"mainEntityOfPage\":{\"@id\":\"https:\\\/\\\/acninternational.org\\\/es\\\/sri-lanka-cursos-de-formacion-continua-para-la-pastoral-en-situaciones-traumatizantes-para-sacerdotes-religiosas-y-laicos\\\/\"},\"wordCount\":418,\"publisher\":{\"@id\":\"https:\\\/\\\/acninternational.org\\\/es\\\/#organization\"},\"image\":{\"@id\":\"https:\\\/\\\/acninternational.org\\\/es\\\/sri-lanka-cursos-de-formacion-continua-para-la-pastoral-en-situaciones-traumatizantes-para-sacerdotes-religiosas-y-laicos\\\/#primaryimage\"},\"thumbnailUrl\":\"https:\\\/\\\/media.acninternational.org\\\/wp-content\\\/uploads\\\/2021\\\/02\\\/Sri-Lanka.jpg\",\"articleSection\":[\"EMERGENCIA HUMANITARIA\",\"NOTICIAS\",\"PROYECTO\"],\"inLanguage\":\"es\"},{\"@type\":\"WebPage\",\"@id\":\"https:\\\/\\\/acninternational.org\\\/es\\\/sri-lanka-cursos-de-formacion-continua-para-la-pastoral-en-situaciones-traumatizantes-para-sacerdotes-religiosas-y-laicos\\\/\",\"url\":\"https:\\\/\\\/acninternational.org\\\/es\\\/sri-lanka-cursos-de-formacion-continua-para-la-pastoral-en-situaciones-traumatizantes-para-sacerdotes-religiosas-y-laicos\\\/\",\"name\":\"Sri Lanka: Cursos de formaci\u00f3n continua para la pastoral en situaciones traumatizantes para sacerdotes, religiosas y laicos\u00a0\",\"isPartOf\":{\"@id\":\"https:\\\/\\\/acninternational.org\\\/es\\\/#website\"},\"primaryImageOfPage\":{\"@id\":\"https:\\\/\\\/acninternational.org\\\/es\\\/sri-lanka-cursos-de-formacion-continua-para-la-pastoral-en-situaciones-traumatizantes-para-sacerdotes-religiosas-y-laicos\\\/#primaryimage\"},\"image\":{\"@id\":\"https:\\\/\\\/acninternational.org\\\/es\\\/sri-lanka-cursos-de-formacion-continua-para-la-pastoral-en-situaciones-traumatizantes-para-sacerdotes-religiosas-y-laicos\\\/#primaryimage\"},\"thumbnailUrl\":\"https:\\\/\\\/media.acninternational.org\\\/wp-content\\\/uploads\\\/2021\\\/02\\\/Sri-Lanka.jpg\",\"datePublished\":\"2021-02-05T11:51:59+00:00\",\"dateModified\":\"2021-02-05T11:53:57+00:00\",\"description\":\"Las heridas psicol\u00f3gicas del trauma de quienes perdieron a sus familias en los atentados del Domingo de Resurrecci\u00f3n son profundas. Estamos apoyando a la archidi\u00f3cesis de Colombo (Sri Lanka) con cursos de curaci\u00f3n de traumas. Sacerdotes, religiosos y agente de pastoral laicos se han apuntado y han aprendido a ayudar a las personas que sufren experiencias traum\u00e1ticas. El programa ha sido posible gracias a la generosa contribuci\u00f3n de nuestros benefactores.\",\"breadcrumb\":{\"@id\":\"https:\\\/\\\/acninternational.org\\\/es\\\/sri-lanka-cursos-de-formacion-continua-para-la-pastoral-en-situaciones-traumatizantes-para-sacerdotes-religiosas-y-laicos\\\/#breadcrumb\"},\"inLanguage\":\"es\",\"potentialAction\":[{\"@type\":\"ReadAction\",\"target\":[\"https:\\\/\\\/acninternational.org\\\/es\\\/sri-lanka-cursos-de-formacion-continua-para-la-pastoral-en-situaciones-traumatizantes-para-sacerdotes-religiosas-y-laicos\\\/\"]}]},{\"@type\":\"ImageObject\",\"inLanguage\":\"es\",\"@id\":\"https:\\\/\\\/acninternational.org\\\/es\\\/sri-lanka-cursos-de-formacion-continua-para-la-pastoral-en-situaciones-traumatizantes-para-sacerdotes-religiosas-y-laicos\\\/#primaryimage\",\"url\":\"https:\\\/\\\/media.acninternational.org\\\/wp-content\\\/uploads\\\/2021\\\/02\\\/Sri-Lanka.jpg\",\"contentUrl\":\"https:\\\/\\\/media.acninternational.org\\\/wp-content\\\/uploads\\\/2021\\\/02\\\/Sri-Lanka.jpg\",\"width\":1400,\"height\":438},{\"@type\":\"BreadcrumbList\",\"@id\":\"https:\\\/\\\/acninternational.org\\\/es\\\/sri-lanka-cursos-de-formacion-continua-para-la-pastoral-en-situaciones-traumatizantes-para-sacerdotes-religiosas-y-laicos\\\/#breadcrumb\",\"itemListElement\":[{\"@type\":\"ListItem\",\"position\":1,\"name\":\"Home\",\"item\":\"https:\\\/\\\/acninternational.org\\\/es\\\/\"},{\"@type\":\"ListItem\",\"position\":2,\"name\":\"NOTICIAS\",\"item\":\"https:\\\/\\\/acninternational.org\\\/es\\\/category\\\/news-es\\\/\"},{\"@type\":\"ListItem\",\"position\":3,\"name\":\"Sri Lanka: Cursos de formaci\u00f3n continua para la pastoral en situaciones traumatizantes para sacerdotes, religiosas y laicos\u00a0\"}]},{\"@type\":\"WebSite\",\"@id\":\"https:\\\/\\\/acninternational.org\\\/es\\\/#website\",\"url\":\"https:\\\/\\\/acninternational.org\\\/es\\\/\",\"name\":\"ACN International\",\"description\":\"\",\"publisher\":{\"@id\":\"https:\\\/\\\/acninternational.org\\\/es\\\/#organization\"},\"potentialAction\":[{\"@type\":\"SearchAction\",\"target\":{\"@type\":\"EntryPoint\",\"urlTemplate\":\"https:\\\/\\\/acninternational.org\\\/es\\\/?s={search_term_string}\"},\"query-input\":{\"@type\":\"PropertyValueSpecification\",\"valueRequired\":true,\"valueName\":\"search_term_string\"}}],\"inLanguage\":\"es\"},{\"@type\":\"Organization\",\"@id\":\"https:\\\/\\\/acninternational.org\\\/es\\\/#organization\",\"name\":\"Aid to the Church in Need International\",\"url\":\"https:\\\/\\\/acninternational.org\\\/es\\\/\",\"logo\":{\"@type\":\"ImageObject\",\"inLanguage\":\"es\",\"@id\":\"https:\\\/\\\/acninternational.org\\\/es\\\/#\\\/schema\\\/logo\\\/image\\\/\",\"url\":\"https:\\\/\\\/media.acninternational.org\\\/wp-content\\\/uploads\\\/2019\\\/11\\\/acn_logo_blackvector.svg\",\"contentUrl\":\"https:\\\/\\\/media.acninternational.org\\\/wp-content\\\/uploads\\\/2019\\\/11\\\/acn_logo_blackvector.svg\",\"width\":232.6,\"height\":78,\"caption\":\"Aid to the Church in Need International\"},\"image\":{\"@id\":\"https:\\\/\\\/acninternational.org\\\/es\\\/#\\\/schema\\\/logo\\\/image\\\/\"},\"sameAs\":[\"https:\\\/\\\/www.facebook.com\\\/acninternationalorg\",\"https:\\\/\\\/x.com\\\/acn_int\",\"https:\\\/\\\/www.youtube.com\\\/channel\\\/UCQ-077gS0TnVzkhHmf1opZw\",\"https:\\\/\\\/www.instagram.com\\\/acn_international\\\/\"]},{\"@type\":\"Person\",\"@id\":\"https:\\\/\\\/acninternational.org\\\/es\\\/#\\\/schema\\\/person\\\/7f3dafb236b242fb2aa46be1411fd703\",\"name\":\"ACN Press Team\",\"description\":\"Lorem ipsum dolor sit amet, consectetur adipiscing elit, sed do eiusmod tempor incididunt ut labore et dolore magna aliqua. Ut enim ad minim veniam, quis nostrud exercitation ullamco laboris nisi ut aliquip ex ea commodo consequat.\",\"url\":\"https:\\\/\\\/acninternational.org\\\/es\\\/author\\\/acn-press-team\\\/\"}]}<\/script>\n<!-- \/ Yoast SEO Premium plugin. -->","yoast_head_json":{"title":"Sri Lanka: Cursos de formaci\u00f3n continua para la pastoral en situaciones traumatizantes para sacerdotes, religiosas y laicos\u00a0","description":"Las heridas psicol\u00f3gicas del trauma de quienes perdieron a sus familias en los atentados del Domingo de Resurrecci\u00f3n son profundas. Estamos apoyando a la archidi\u00f3cesis de Colombo (Sri Lanka) con cursos de curaci\u00f3n de traumas. Sacerdotes, religiosos y agente de pastoral laicos se han apuntado y han aprendido a ayudar a las personas que sufren experiencias traum\u00e1ticas. El programa ha sido posible gracias a la generosa contribuci\u00f3n de nuestros benefactores.","robots":{"index":"index","follow":"follow","max-snippet":"max-snippet:-1","max-image-preview":"max-image-preview:large","max-video-preview":"max-video-preview:-1"},"canonical":"https:\/\/acninternational.org\/es\/sri-lanka-cursos-de-formacion-continua-para-la-pastoral-en-situaciones-traumatizantes-para-sacerdotes-religiosas-y-laicos\/","og_locale":"es_ES","og_type":"article","og_title":"Sri Lanka: Cursos de formaci\u00f3n continua para la pastoral en situaciones traumatizantes para sacerdotes, religiosas y laicos\u00a0","og_description":"Las heridas psicol\u00f3gicas del trauma de quienes perdieron a sus familias en los atentados del Domingo de Resurrecci\u00f3n son profundas. Estamos apoyando a la archidi\u00f3cesis de Colombo (Sri Lanka) con cursos de curaci\u00f3n de traumas. Sacerdotes, religiosos y agente de pastoral laicos se han apuntado y han aprendido a ayudar a las personas que sufren experiencias traum\u00e1ticas. El programa ha sido posible gracias a la generosa contribuci\u00f3n de nuestros benefactores.","og_url":"https:\/\/acninternational.org\/es\/sri-lanka-cursos-de-formacion-continua-para-la-pastoral-en-situaciones-traumatizantes-para-sacerdotes-religiosas-y-laicos\/","og_site_name":"ACN International","article_publisher":"https:\/\/www.facebook.com\/acninternationalorg","article_published_time":"2021-02-05T11:51:59+00:00","article_modified_time":"2021-02-05T11:53:57+00:00","og_image":[{"width":1400,"height":438,"url":"https:\/\/media.acninternational.org\/wp-content\/uploads\/2021\/02\/Sri-Lanka.jpg","type":"image\/jpeg"}],"author":"ACN Press Team","twitter_card":"summary_large_image","twitter_creator":"@acn_int","twitter_site":"@acn_int","twitter_misc":{"Escrito por":"ACN Press Team","Tiempo de lectura":"2 minutos"},"schema":{"@context":"https:\/\/schema.org","@graph":[{"@type":"Article","@id":"https:\/\/acninternational.org\/es\/sri-lanka-cursos-de-formacion-continua-para-la-pastoral-en-situaciones-traumatizantes-para-sacerdotes-religiosas-y-laicos\/#article","isPartOf":{"@id":"https:\/\/acninternational.org\/es\/sri-lanka-cursos-de-formacion-continua-para-la-pastoral-en-situaciones-traumatizantes-para-sacerdotes-religiosas-y-laicos\/"},"author":{"name":"ACN Press Team","@id":"https:\/\/acninternational.org\/es\/#\/schema\/person\/7f3dafb236b242fb2aa46be1411fd703"},"headline":"Sri Lanka: Cursos de formaci\u00f3n continua para la pastoral en situaciones traumatizantes para sacerdotes, religiosas y laicos\u00a0","datePublished":"2021-02-05T11:51:59+00:00","dateModified":"2021-02-05T11:53:57+00:00","mainEntityOfPage":{"@id":"https:\/\/acninternational.org\/es\/sri-lanka-cursos-de-formacion-continua-para-la-pastoral-en-situaciones-traumatizantes-para-sacerdotes-religiosas-y-laicos\/"},"wordCount":418,"publisher":{"@id":"https:\/\/acninternational.org\/es\/#organization"},"image":{"@id":"https:\/\/acninternational.org\/es\/sri-lanka-cursos-de-formacion-continua-para-la-pastoral-en-situaciones-traumatizantes-para-sacerdotes-religiosas-y-laicos\/#primaryimage"},"thumbnailUrl":"https:\/\/media.acninternational.org\/wp-content\/uploads\/2021\/02\/Sri-Lanka.jpg","articleSection":["EMERGENCIA HUMANITARIA","NOTICIAS","PROYECTO"],"inLanguage":"es"},{"@type":"WebPage","@id":"https:\/\/acninternational.org\/es\/sri-lanka-cursos-de-formacion-continua-para-la-pastoral-en-situaciones-traumatizantes-para-sacerdotes-religiosas-y-laicos\/","url":"https:\/\/acninternational.org\/es\/sri-lanka-cursos-de-formacion-continua-para-la-pastoral-en-situaciones-traumatizantes-para-sacerdotes-religiosas-y-laicos\/","name":"Sri Lanka: Cursos de formaci\u00f3n continua para la pastoral en situaciones traumatizantes para sacerdotes, religiosas y laicos\u00a0","isPartOf":{"@id":"https:\/\/acninternational.org\/es\/#website"},"primaryImageOfPage":{"@id":"https:\/\/acninternational.org\/es\/sri-lanka-cursos-de-formacion-continua-para-la-pastoral-en-situaciones-traumatizantes-para-sacerdotes-religiosas-y-laicos\/#primaryimage"},"image":{"@id":"https:\/\/acninternational.org\/es\/sri-lanka-cursos-de-formacion-continua-para-la-pastoral-en-situaciones-traumatizantes-para-sacerdotes-religiosas-y-laicos\/#primaryimage"},"thumbnailUrl":"https:\/\/media.acninternational.org\/wp-content\/uploads\/2021\/02\/Sri-Lanka.jpg","datePublished":"2021-02-05T11:51:59+00:00","dateModified":"2021-02-05T11:53:57+00:00","description":"Las heridas psicol\u00f3gicas del trauma de quienes perdieron a sus familias en los atentados del Domingo de Resurrecci\u00f3n son profundas. Estamos apoyando a la archidi\u00f3cesis de Colombo (Sri Lanka) con cursos de curaci\u00f3n de traumas. Sacerdotes, religiosos y agente de pastoral laicos se han apuntado y han aprendido a ayudar a las personas que sufren experiencias traum\u00e1ticas. El programa ha sido posible gracias a la generosa contribuci\u00f3n de nuestros benefactores.","breadcrumb":{"@id":"https:\/\/acninternational.org\/es\/sri-lanka-cursos-de-formacion-continua-para-la-pastoral-en-situaciones-traumatizantes-para-sacerdotes-religiosas-y-laicos\/#breadcrumb"},"inLanguage":"es","potentialAction":[{"@type":"ReadAction","target":["https:\/\/acninternational.org\/es\/sri-lanka-cursos-de-formacion-continua-para-la-pastoral-en-situaciones-traumatizantes-para-sacerdotes-religiosas-y-laicos\/"]}]},{"@type":"ImageObject","inLanguage":"es","@id":"https:\/\/acninternational.org\/es\/sri-lanka-cursos-de-formacion-continua-para-la-pastoral-en-situaciones-traumatizantes-para-sacerdotes-religiosas-y-laicos\/#primaryimage","url":"https:\/\/media.acninternational.org\/wp-content\/uploads\/2021\/02\/Sri-Lanka.jpg","contentUrl":"https:\/\/media.acninternational.org\/wp-content\/uploads\/2021\/02\/Sri-Lanka.jpg","width":1400,"height":438},{"@type":"BreadcrumbList","@id":"https:\/\/acninternational.org\/es\/sri-lanka-cursos-de-formacion-continua-para-la-pastoral-en-situaciones-traumatizantes-para-sacerdotes-religiosas-y-laicos\/#breadcrumb","itemListElement":[{"@type":"ListItem","position":1,"name":"Home","item":"https:\/\/acninternational.org\/es\/"},{"@type":"ListItem","position":2,"name":"NOTICIAS","item":"https:\/\/acninternational.org\/es\/category\/news-es\/"},{"@type":"ListItem","position":3,"name":"Sri Lanka: Cursos de formaci\u00f3n continua para la pastoral en situaciones traumatizantes para sacerdotes, religiosas y laicos\u00a0"}]},{"@type":"WebSite","@id":"https:\/\/acninternational.org\/es\/#website","url":"https:\/\/acninternational.org\/es\/","name":"ACN International","description":"","publisher":{"@id":"https:\/\/acninternational.org\/es\/#organization"},"potentialAction":[{"@type":"SearchAction","target":{"@type":"EntryPoint","urlTemplate":"https:\/\/acninternational.org\/es\/?s={search_term_string}"},"query-input":{"@type":"PropertyValueSpecification","valueRequired":true,"valueName":"search_term_string"}}],"inLanguage":"es"},{"@type":"Organization","@id":"https:\/\/acninternational.org\/es\/#organization","name":"Aid to the Church in Need International","url":"https:\/\/acninternational.org\/es\/","logo":{"@type":"ImageObject","inLanguage":"es","@id":"https:\/\/acninternational.org\/es\/#\/schema\/logo\/image\/","url":"https:\/\/media.acninternational.org\/wp-content\/uploads\/2019\/11\/acn_logo_blackvector.svg","contentUrl":"https:\/\/media.acninternational.org\/wp-content\/uploads\/2019\/11\/acn_logo_blackvector.svg","width":232.6,"height":78,"caption":"Aid to the Church in Need International"},"image":{"@id":"https:\/\/acninternational.org\/es\/#\/schema\/logo\/image\/"},"sameAs":["https:\/\/www.facebook.com\/acninternationalorg","https:\/\/x.com\/acn_int","https:\/\/www.youtube.com\/channel\/UCQ-077gS0TnVzkhHmf1opZw","https:\/\/www.instagram.com\/acn_international\/"]},{"@type":"Person","@id":"https:\/\/acninternational.org\/es\/#\/schema\/person\/7f3dafb236b242fb2aa46be1411fd703","name":"ACN Press Team","description":"Lorem ipsum dolor sit amet, consectetur adipiscing elit, sed do eiusmod tempor incididunt ut labore et dolore magna aliqua. Ut enim ad minim veniam, quis nostrud exercitation ullamco laboris nisi ut aliquip ex ea commodo consequat.","url":"https:\/\/acninternational.org\/es\/author\/acn-press-team\/"}]}},"_links":{"self":[{"href":"https:\/\/acninternational.org\/es\/wp-json\/wp\/v2\/posts\/148038","targetHints":{"allow":["GET"]}}],"collection":[{"href":"https:\/\/acninternational.org\/es\/wp-json\/wp\/v2\/posts"}],"about":[{"href":"https:\/\/acninternational.org\/es\/wp-json\/wp\/v2\/types\/post"}],"author":[{"embeddable":true,"href":"https:\/\/acninternational.org\/es\/wp-json\/wp\/v2\/users\/4258341447"}],"replies":[{"embeddable":true,"href":"https:\/\/acninternational.org\/es\/wp-json\/wp\/v2\/comments?post=148038"}],"version-history":[{"count":0,"href":"https:\/\/acninternational.org\/es\/wp-json\/wp\/v2\/posts\/148038\/revisions"}],"wp:featuredmedia":[{"embeddable":true,"href":"https:\/\/acninternational.org\/es\/wp-json\/wp\/v2\/media\/148036"}],"wp:attachment":[{"href":"https:\/\/acninternational.org\/es\/wp-json\/wp\/v2\/media?parent=148038"}],"wp:term":[{"taxonomy":"category","embeddable":true,"href":"https:\/\/acninternational.org\/es\/wp-json\/wp\/v2\/categories?post=148038"},{"taxonomy":"post_tag","embeddable":true,"href":"https:\/\/acninternational.org\/es\/wp-json\/wp\/v2\/tags?post=148038"},{"taxonomy":"country","embeddable":true,"href":"https:\/\/acninternational.org\/es\/wp-json\/wp\/v2\/country?post=148038"}],"curies":[{"name":"wp","href":"https:\/\/api.w.org\/{rel}","templated":true}]}}