{"id":147338,"date":"2021-01-26T14:46:44","date_gmt":"2021-01-26T13:46:44","guid":{"rendered":"https:\/\/acninternational.org\/?p=147338"},"modified":"2021-01-26T14:55:12","modified_gmt":"2021-01-26T13:55:12","slug":"la-republica-centroafricana-a-merced-de-saqueadores-y-mercenarios","status":"publish","type":"post","link":"https:\/\/acninternational.org\/es\/la-republica-centroafricana-a-merced-de-saqueadores-y-mercenarios\/","title":{"rendered":"La Rep\u00fablica Centroafricana a merced de saqueadores y mercenarios"},"content":{"rendered":"<p><em>La poblaci\u00f3n est\u00e1 cansada de las tramas pol\u00edticas, los conflictos y las divisiones.<\/em><\/p>\n<p><em>G\u00e9rard Ouambou es un periodista y productor de Bangui, capital de la Rep\u00fablica Centroafricana. Como parte de un proyecto de ACN International (Ayuda a la Iglesia Necesitada) viaj\u00f3 a Bangassou, a finales de diciembre, para hablar con sacerdotes y religiosas que acompa\u00f1an y reconfortan a las v\u00edctimas del terror y la violencia. Tambi\u00e9n, quer\u00eda informar sobre las iniciativas llevadas a cabo por la di\u00f3cesis de Bangassou en aras de la consolidaci\u00f3n de la paz, que estaba empezando a retornar a la di\u00f3cesis. Pero el viaje result\u00f3 bastante diferente. En una entrevista con ACN cuenta la situaci\u00f3n actual en el pa\u00eds y analiza los motivos del conflicto. <\/em><\/p>\n<p><em>Por Maria Lozano<\/em><\/p>\n<p><strong>Estuvo en Bangassou durante el per\u00edodo navide\u00f1o. \u00bfC\u00f3mo era la situaci\u00f3n durante esos d\u00edas?<\/strong><br \/>\nYa al llegar al aer\u00f3dromo de Bangassou vi c\u00f3mo muchos miembros de ONG humanitarias part\u00edan bajo el pretexto de irse de vacaciones de Navidad. Sobre el terreno circulaban rumores de un ataque a la ciudad de Bangassou. Como ya hab\u00eda trabajado en Bangassou en el pasado, durante la crisis de 2013, con el cardenal Nzapalainga, ech\u00e9 mano de mi libreta de direcciones para contactar a excombatientes que a\u00fan permanec\u00edan all\u00ed para conocer la situaci\u00f3n y para aconsejarles que no se unieran a la rebeli\u00f3n, en vista de la experiencia del pasado.<\/p>\n<p><strong>\u00bfC\u00f3mo reaccion\u00f3 el resto de la poblaci\u00f3n?<br \/>\n<\/strong>Dos d\u00edas despu\u00e9s de mi llegada, el d\u00eda de Navidad, despu\u00e9s de la misa, una parte de la poblaci\u00f3n empez\u00f3 a cruzar la frontera con la Rep\u00fablica Democr\u00e1tica del Congo hacia Ndou, localidad cercana a Bangassou. Otros buscaron refugio en la base de la MINUSCA (Misi\u00f3n Integrada de las Naciones Unidas para la Estabilizaci\u00f3n de la Rep\u00fablica Centroafricana), situada a 2-3 kil\u00f3metros de la ciudad, y los restantes eligieron el monte para salvarse del inminente ataque. Mientras tanto, los comerciantes del mercado central cerraron sus tiendas y pusieron a salvo sus mercanc\u00edas. Los vuelos a\u00e9reos se suspendieron.<\/p>\n<p><strong>\u00bfQu\u00e9 fue lo que m\u00e1s le impresion\u00f3?<\/strong><br \/>\nMe impresion\u00f3 mucho llegar a la base de la MINUSCA y encontrarme ah\u00ed atrincheradas, junto con todas las autoridades pol\u00edtico-administrativas de la ciudad, a las Fuerzas de Defensa y Seguridad (FDS) as\u00ed como a las Fuerzas Armadas Centroafricanas (FACA), que se supone deben proteger a la poblaci\u00f3n. A pesar de las alertas emitidas por la capital Bangui, las m\u00e1ximas autoridades\u00a0hicieron o\u00eddos sordos. Finalmente, unos d\u00edas despu\u00e9s de mi partida de Bangassou, los rebeldes tomaron la ciudad. Diez d\u00edas despu\u00e9s, los soldados ruandeses llegaron a la ciudad y volvieron a estallar los enfrentamientos.<\/p>\n<p><strong>\u00bfC\u00f3mo es la situaci\u00f3n\u00a0 general\u00a0 del pa\u00eds?<\/strong><\/p>\n<p>En este momento, la situaci\u00f3n sigue siendo tensa. Los rebeldes que forman lo que se llama la \u201cguerrilla\u201d est\u00e1n presentes en casi toda la Rep\u00fablica Centroafricana (RCA), incluso en \u00a0la capital, \u00a0Bangui. Vivo aqu\u00ed con mi familia. Hace unos d\u00edas, tambi\u00e9n cercaron mi ciudad y hubo luchas. Los agentes del servicio de inteligencia est\u00e1n por todas partes, en los barrios,\u00a0 como consecuencia hay muchos secuestros y ajustes de cuentas de los simpatizantes del expresidente Fran\u00e7ois Boziz\u00e9 y su partido pol\u00edtico KNK (<em>Kwa Na Kwa <\/em>= Trabajo, nada m\u00e1s que trabajo). En resumen, la situaci\u00f3n en la RCA es preocupante. Corremos el riesgo de un golpe de Estado si no se hace nada, ser\u00eda importante entablar un di\u00e1logo pero el gobierno no quiere escuchar.<\/p>\n<p><strong>Algunos medios escriben que dos tercios del pa\u00eds est\u00e1n en manos de los rebeldes. \u00bfEs eso correcto?<\/strong><br \/>\nNo s\u00e9 sobre qu\u00e9 base hacen ese c\u00e1lculo. Actualmente, yo dir\u00eda que el 95% de la RCA est\u00e1 invadida.<\/p>\n<p><strong>Parec\u00eda que despu\u00e9s de casi 7 a\u00f1os de violencia, entre 2013-2019, la calma hab\u00eda vuelto al pa\u00eds.\u00a0 \u00bfEs eso correcto?<\/strong><br \/>\nLa vida hab\u00eda retomado su curso, sobre todo en Bangui, pero no en toda la Rep\u00fablica Centroafricana. En el interior del pa\u00eds, el calvario se prolong\u00f3 durante mucho tiempo: los grupos armados segu\u00edan amenazando a la poblaci\u00f3n pac\u00edfica y se establecieron controles ilegales de carreteras en algunas ciudades. A partir de 2020, se observ\u00f3 una calma aparente.<\/p>\n<p><strong>\u00bfHay una dimensi\u00f3n religiosa en el conflicto o es solo una cuesti\u00f3n de riqueza y poder? <\/strong><\/p>\n<p>El conflicto de la RCA no es en absoluto religioso. Por un lado, es una cuesti\u00f3n de riqueza: las zonas ocupadas por los grupos armados son ricas en diamantes, oro, etc. Por otro lado, se trata de sed de poder, como en el caso actual: Fran\u00e7ois Boziz\u00e9, que gobern\u00f3 el pa\u00eds de 2003 a 2013, quer\u00eda postularse nuevamente a las elecciones presidenciales del 27 de diciembre. Dado que el Tribunal Constitucional, que es el \u00f3rgano supremo, rechaz\u00f3 su candidatura, prefiri\u00f3 unirse a los que lo echaron del sill\u00f3n presidencial en 2013 mediante un golpe de Estado. Con estos \u00faltimos, ha impulsado una nueva rebeli\u00f3n, la Coalici\u00f3n de Patriotas por el Cambio (CPC), para derrocar el poder en Bangui con el apoyo de mercenarios extranjeros.<\/p>\n<p>Pero hay otra raz\u00f3n m\u00e1s: la presencia de \u201cmilitares\u201d rusos perturba a Francia, que es nuestro colonizador. Para Francia, la Rep\u00fablica Centroafricana es su reserva de recursos minerales. Para proteger esos intereses, ha decidido desestabilizar por la fuerza el poder del presidente Touadera. As\u00ed que, a nivel geopol\u00edtico, en la lucha que se lleva a cabo los hijos del pa\u00eds son s\u00f3lo peones de ajedrez.<\/p>\n<figure id=\"attachment_147328\" aria-describedby=\"caption-attachment-147328\" style=\"width: 670px\" class=\"wp-caption alignnone\"><img loading=\"lazy\" decoding=\"async\" class=\"wp-image-147328 size-full\" src=\"https:\/\/media.acninternational.org\/wp-content\/uploads\/2021\/01\/Gerard-Ouambou.jpg\" alt=\"G\u00e9rard Ouambou es un periodista y productor de Bangui, capital de la Rep\u00fablica Centroafricana.\" width=\"670\" height=\"400\" srcset=\"https:\/\/media.acninternational.org\/wp-content\/uploads\/2021\/01\/Gerard-Ouambou.jpg 670w, https:\/\/media.acninternational.org\/wp-content\/uploads\/2021\/01\/Gerard-Ouambou-300x179.jpg 300w\" sizes=\"auto, (max-width: 670px) 100vw, 670px\" \/><figcaption id=\"caption-attachment-147328\" class=\"wp-caption-text\">G\u00e9rard Ouambou es un periodista y productor de Bangui, capital de la Rep\u00fablica Centroafricana.<\/figcaption><\/figure>\n<p><strong>Pero muchos creen que detr\u00e1s de estos grupos rebeldes, que vienen del extranjero y que son mercenarios, hay movimientos extremistas isl\u00e1micos que necesitan esos recursos y ese poder para continuar con su crecimiento expansivo. \u00bfQu\u00e9 opina usted al respecto?<\/strong><\/p>\n<p>La Rep\u00fablica Centroafricana es un pa\u00eds situado en el coraz\u00f3n del continente africano, con una superficie de 628.000 km2 y una poblaci\u00f3n de unos cinco millones de habitantes, mayoritariamente analfabetos y j\u00f3venes. El pa\u00eds tiene un rico subsuelo todav\u00eda por explotar, solo hubo miner\u00eda artesanal, y este potencial de riqueza es el que despierta la tentaci\u00f3n de invadir el pa\u00eds. Este es el caso de los <em>peuls o fulani<\/em>, el pueblo m\u00e1s rico y brutal del N\u00edger con una poblaci\u00f3n de unos 15 millones de habitantes. Esta poblaci\u00f3n llega, a trav\u00e9s del Chad, a la Rep\u00fablica Centroafricana en busca de pastos para su ganado, aqu\u00ed han encontrado el lugar ideal para su ganado y\u00a0 buscan asentarse. Para establecerse en el pa\u00eds y lograr su objetivo, tienen que imponerse por la fuerza y la rebeli\u00f3n.<\/p>\n<p><strong>\u00bfEst\u00e1n los grupos rebeldes y los guerrilleros abiertos a todas las religiones? \u00bfPueden los cristianos y animistas vivir su fe y sus creencias? <\/strong><\/p>\n<p>Por el momento s\u00ed. Los grupos rebeldes y la guerrilla est\u00e1n abiertos a todo tipo de religiones, pero solo para poder lograr su objetivo: controlar el poder en Bangui. Una vez logrado ese objetivo, se separar\u00e1n como ya hicieron en el pasado. Los selekas, en un principio, estaban formados por cristianos y musulmanes, pero una vez en el poder los selekas musulmanes mantuvieron a los selekas cristianos fuera de juego, ya sea mat\u00e1ndolos clandestinamente o nombrando a musulmanes para puestos de mayor responsabilidad que los cristianos. Se trata de poder y esta convivencia es solo temporal. No tiene futuro.<\/p>\n<p><strong>\u00a0<\/strong><strong>\u00bfCu\u00e1l es la labor de la Iglesia y qu\u00e9 papel juega en todos estos conflictos que atraviesa el pa\u00eds en este momento?<\/strong><br \/>\nLa Iglesia ha hecho mucho y contin\u00faa desempe\u00f1ando su papel prof\u00e9tico y mediador. Desde su posici\u00f3n en la Plataforma de Confesiones Religiosas de la Rep\u00fablica Centroafricana (PCRC), la Iglesia ha trabajado mucho por el retorno y la consolidaci\u00f3n de la paz en la RCA.<\/p>\n<p>Los obispos cat\u00f3licos de la Rep\u00fablica Centroafricana acaban de celebrar su asamblea plenaria anual, del 11 al 17 de enero de 2020. Al finalizar la reuni\u00f3n informaron, en un comunicado sobre la situaci\u00f3n actual, sobre la creciente divisi\u00f3n de la clase pol\u00edtica del pa\u00eds que se ha rendido a saqueadores y mercenarios de todo tipo. Destacan que la guerra que se nos ha impuesto tiene como objetivo socavar las profundas aspiraciones del pueblo centroafricano. Estamos cansados \u200b\u200by decepcionados con las tramas pol\u00edticas, los conflictos y las divisiones.<\/p>\n","protected":false},"excerpt":{"rendered":"<p>La poblaci\u00f3n est\u00e1 cansada de las tramas pol\u00edticas, los conflictos y las divisiones. G\u00e9rard Ouambou es un periodista y productor<\/p>\n","protected":false},"author":4258341447,"featured_media":147334,"comment_status":"closed","ping_status":"closed","sticky":false,"template":"","format":"standard","meta":{"_acf_changed":false,"_acn_coauthor_ids":[],"footnotes":""},"categories":[745],"tags":[],"country":[406],"class_list":["post-147338","post","type-post","status-publish","format-standard","has-post-thumbnail","hentry","category-entrevistas","country-republica-centroafricana"],"acn_coauthors":[],"acf":[],"yoast_head":"<!-- This site is optimized with the Yoast SEO Premium plugin v27.3 (Yoast SEO v27.3) - https:\/\/yoast.com\/product\/yoast-seo-premium-wordpress\/ -->\n<title>La Rep\u00fablica Centroafricana a merced de saqueadores y mercenarios<\/title>\n<meta name=\"description\" content=\"La situaci\u00f3n en la Rep\u00fablica Centroafricana sigue siendo tensa. Los rebeldes, \u201cparte de la \u2018guerrilla\u2019, tienen cerca de 95% del pa\u00eds bajo su control\u201d, seg\u00fan G\u00e9rard Ouambou, periodista local. \u201cVivo con mi familia en la capital, Bangui. Los rebeldes han sitiado la ciudad. Hay agentes secretos por todas partes. Muchas personas, partidarias del ex presidente y de su partido pol\u00edtico, fueron secuestradas. La situaci\u00f3n es muy preocupante\u201d, afirma.\" \/>\n<meta name=\"robots\" content=\"index, follow, max-snippet:-1, max-image-preview:large, max-video-preview:-1\" \/>\n<link rel=\"canonical\" href=\"https:\/\/acninternational.org\/es\/la-republica-centroafricana-a-merced-de-saqueadores-y-mercenarios\/\" \/>\n<meta property=\"og:locale\" content=\"es_ES\" \/>\n<meta property=\"og:type\" content=\"article\" \/>\n<meta property=\"og:title\" content=\"La Rep\u00fablica Centroafricana a merced de saqueadores y mercenarios\" \/>\n<meta property=\"og:description\" content=\"La situaci\u00f3n en la Rep\u00fablica Centroafricana sigue siendo tensa. Los rebeldes, \u201cparte de la \u2018guerrilla\u2019, tienen cerca de 95% del pa\u00eds bajo su control\u201d, seg\u00fan G\u00e9rard Ouambou, periodista local. \u201cVivo con mi familia en la capital, Bangui. Los rebeldes han sitiado la ciudad. Hay agentes secretos por todas partes. Muchas personas, partidarias del ex presidente y de su partido pol\u00edtico, fueron secuestradas. La situaci\u00f3n es muy preocupante\u201d, afirma.\" \/>\n<meta property=\"og:url\" content=\"https:\/\/acninternational.org\/es\/la-republica-centroafricana-a-merced-de-saqueadores-y-mercenarios\/\" \/>\n<meta property=\"og:site_name\" content=\"ACN International\" \/>\n<meta property=\"article:publisher\" content=\"https:\/\/www.facebook.com\/acninternationalorg\" \/>\n<meta property=\"article:published_time\" content=\"2021-01-26T13:46:44+00:00\" \/>\n<meta property=\"article:modified_time\" content=\"2021-01-26T13:55:12+00:00\" \/>\n<meta property=\"og:image\" content=\"https:\/\/media.acninternational.org\/wp-content\/uploads\/2021\/01\/Central-African-Republic-2.jpg\" \/>\n\t<meta property=\"og:image:width\" content=\"1400\" \/>\n\t<meta property=\"og:image:height\" content=\"438\" \/>\n\t<meta property=\"og:image:type\" content=\"image\/jpeg\" \/>\n<meta name=\"author\" content=\"ACN Press Team\" \/>\n<meta name=\"twitter:card\" content=\"summary_large_image\" \/>\n<meta name=\"twitter:creator\" content=\"@acn_int\" \/>\n<meta name=\"twitter:site\" content=\"@acn_int\" \/>\n<meta name=\"twitter:label1\" content=\"Escrito por\" \/>\n\t<meta name=\"twitter:data1\" content=\"ACN Press Team\" \/>\n\t<meta name=\"twitter:label2\" content=\"Tiempo de lectura\" \/>\n\t<meta name=\"twitter:data2\" content=\"7 minutos\" \/>\n<script type=\"application\/ld+json\" class=\"yoast-schema-graph\">{\"@context\":\"https:\\\/\\\/schema.org\",\"@graph\":[{\"@type\":\"Article\",\"@id\":\"https:\\\/\\\/acninternational.org\\\/es\\\/la-republica-centroafricana-a-merced-de-saqueadores-y-mercenarios\\\/#article\",\"isPartOf\":{\"@id\":\"https:\\\/\\\/acninternational.org\\\/es\\\/la-republica-centroafricana-a-merced-de-saqueadores-y-mercenarios\\\/\"},\"author\":{\"name\":\"ACN Press Team\",\"@id\":\"https:\\\/\\\/acninternational.org\\\/es\\\/#\\\/schema\\\/person\\\/7f3dafb236b242fb2aa46be1411fd703\"},\"headline\":\"La Rep\u00fablica Centroafricana a merced de saqueadores y mercenarios\",\"datePublished\":\"2021-01-26T13:46:44+00:00\",\"dateModified\":\"2021-01-26T13:55:12+00:00\",\"mainEntityOfPage\":{\"@id\":\"https:\\\/\\\/acninternational.org\\\/es\\\/la-republica-centroafricana-a-merced-de-saqueadores-y-mercenarios\\\/\"},\"wordCount\":1481,\"publisher\":{\"@id\":\"https:\\\/\\\/acninternational.org\\\/es\\\/#organization\"},\"image\":{\"@id\":\"https:\\\/\\\/acninternational.org\\\/es\\\/la-republica-centroafricana-a-merced-de-saqueadores-y-mercenarios\\\/#primaryimage\"},\"thumbnailUrl\":\"https:\\\/\\\/media.acninternational.org\\\/wp-content\\\/uploads\\\/2021\\\/01\\\/Central-African-Republic-2.jpg\",\"articleSection\":[\"ENTREVISTAS\"],\"inLanguage\":\"es\"},{\"@type\":\"WebPage\",\"@id\":\"https:\\\/\\\/acninternational.org\\\/es\\\/la-republica-centroafricana-a-merced-de-saqueadores-y-mercenarios\\\/\",\"url\":\"https:\\\/\\\/acninternational.org\\\/es\\\/la-republica-centroafricana-a-merced-de-saqueadores-y-mercenarios\\\/\",\"name\":\"La Rep\u00fablica Centroafricana a merced de saqueadores y mercenarios\",\"isPartOf\":{\"@id\":\"https:\\\/\\\/acninternational.org\\\/es\\\/#website\"},\"primaryImageOfPage\":{\"@id\":\"https:\\\/\\\/acninternational.org\\\/es\\\/la-republica-centroafricana-a-merced-de-saqueadores-y-mercenarios\\\/#primaryimage\"},\"image\":{\"@id\":\"https:\\\/\\\/acninternational.org\\\/es\\\/la-republica-centroafricana-a-merced-de-saqueadores-y-mercenarios\\\/#primaryimage\"},\"thumbnailUrl\":\"https:\\\/\\\/media.acninternational.org\\\/wp-content\\\/uploads\\\/2021\\\/01\\\/Central-African-Republic-2.jpg\",\"datePublished\":\"2021-01-26T13:46:44+00:00\",\"dateModified\":\"2021-01-26T13:55:12+00:00\",\"description\":\"La situaci\u00f3n en la Rep\u00fablica Centroafricana sigue siendo tensa. Los rebeldes, \u201cparte de la \u2018guerrilla\u2019, tienen cerca de 95% del pa\u00eds bajo su control\u201d, seg\u00fan G\u00e9rard Ouambou, periodista local. \u201cVivo con mi familia en la capital, Bangui. Los rebeldes han sitiado la ciudad. Hay agentes secretos por todas partes. Muchas personas, partidarias del ex presidente y de su partido pol\u00edtico, fueron secuestradas. La situaci\u00f3n es muy preocupante\u201d, afirma.\",\"breadcrumb\":{\"@id\":\"https:\\\/\\\/acninternational.org\\\/es\\\/la-republica-centroafricana-a-merced-de-saqueadores-y-mercenarios\\\/#breadcrumb\"},\"inLanguage\":\"es\",\"potentialAction\":[{\"@type\":\"ReadAction\",\"target\":[\"https:\\\/\\\/acninternational.org\\\/es\\\/la-republica-centroafricana-a-merced-de-saqueadores-y-mercenarios\\\/\"]}]},{\"@type\":\"ImageObject\",\"inLanguage\":\"es\",\"@id\":\"https:\\\/\\\/acninternational.org\\\/es\\\/la-republica-centroafricana-a-merced-de-saqueadores-y-mercenarios\\\/#primaryimage\",\"url\":\"https:\\\/\\\/media.acninternational.org\\\/wp-content\\\/uploads\\\/2021\\\/01\\\/Central-African-Republic-2.jpg\",\"contentUrl\":\"https:\\\/\\\/media.acninternational.org\\\/wp-content\\\/uploads\\\/2021\\\/01\\\/Central-African-Republic-2.jpg\",\"width\":1400,\"height\":438},{\"@type\":\"BreadcrumbList\",\"@id\":\"https:\\\/\\\/acninternational.org\\\/es\\\/la-republica-centroafricana-a-merced-de-saqueadores-y-mercenarios\\\/#breadcrumb\",\"itemListElement\":[{\"@type\":\"ListItem\",\"position\":1,\"name\":\"Home\",\"item\":\"https:\\\/\\\/acninternational.org\\\/es\\\/\"},{\"@type\":\"ListItem\",\"position\":2,\"name\":\"INTERVIEWS\",\"item\":\"https:\\\/\\\/acninternational.org\\\/es\\\/category\\\/interviews-es\\\/\"},{\"@type\":\"ListItem\",\"position\":3,\"name\":\"La Rep\u00fablica Centroafricana a merced de saqueadores y mercenarios\"}]},{\"@type\":\"WebSite\",\"@id\":\"https:\\\/\\\/acninternational.org\\\/es\\\/#website\",\"url\":\"https:\\\/\\\/acninternational.org\\\/es\\\/\",\"name\":\"ACN International\",\"description\":\"\",\"publisher\":{\"@id\":\"https:\\\/\\\/acninternational.org\\\/es\\\/#organization\"},\"potentialAction\":[{\"@type\":\"SearchAction\",\"target\":{\"@type\":\"EntryPoint\",\"urlTemplate\":\"https:\\\/\\\/acninternational.org\\\/es\\\/?s={search_term_string}\"},\"query-input\":{\"@type\":\"PropertyValueSpecification\",\"valueRequired\":true,\"valueName\":\"search_term_string\"}}],\"inLanguage\":\"es\"},{\"@type\":\"Organization\",\"@id\":\"https:\\\/\\\/acninternational.org\\\/es\\\/#organization\",\"name\":\"Aid to the Church in Need International\",\"url\":\"https:\\\/\\\/acninternational.org\\\/es\\\/\",\"logo\":{\"@type\":\"ImageObject\",\"inLanguage\":\"es\",\"@id\":\"https:\\\/\\\/acninternational.org\\\/es\\\/#\\\/schema\\\/logo\\\/image\\\/\",\"url\":\"https:\\\/\\\/media.acninternational.org\\\/wp-content\\\/uploads\\\/2019\\\/11\\\/acn_logo_blackvector.svg\",\"contentUrl\":\"https:\\\/\\\/media.acninternational.org\\\/wp-content\\\/uploads\\\/2019\\\/11\\\/acn_logo_blackvector.svg\",\"width\":232.6,\"height\":78,\"caption\":\"Aid to the Church in Need International\"},\"image\":{\"@id\":\"https:\\\/\\\/acninternational.org\\\/es\\\/#\\\/schema\\\/logo\\\/image\\\/\"},\"sameAs\":[\"https:\\\/\\\/www.facebook.com\\\/acninternationalorg\",\"https:\\\/\\\/x.com\\\/acn_int\",\"https:\\\/\\\/www.youtube.com\\\/channel\\\/UCQ-077gS0TnVzkhHmf1opZw\",\"https:\\\/\\\/www.instagram.com\\\/acn_international\\\/\"]},{\"@type\":\"Person\",\"@id\":\"https:\\\/\\\/acninternational.org\\\/es\\\/#\\\/schema\\\/person\\\/7f3dafb236b242fb2aa46be1411fd703\",\"name\":\"ACN Press Team\",\"description\":\"Lorem ipsum dolor sit amet, consectetur adipiscing elit, sed do eiusmod tempor incididunt ut labore et dolore magna aliqua. Ut enim ad minim veniam, quis nostrud exercitation ullamco laboris nisi ut aliquip ex ea commodo consequat.\",\"url\":\"https:\\\/\\\/acninternational.org\\\/es\\\/author\\\/acn-press-team\\\/\"}]}<\/script>\n<!-- \/ Yoast SEO Premium plugin. -->","yoast_head_json":{"title":"La Rep\u00fablica Centroafricana a merced de saqueadores y mercenarios","description":"La situaci\u00f3n en la Rep\u00fablica Centroafricana sigue siendo tensa. Los rebeldes, \u201cparte de la \u2018guerrilla\u2019, tienen cerca de 95% del pa\u00eds bajo su control\u201d, seg\u00fan G\u00e9rard Ouambou, periodista local. \u201cVivo con mi familia en la capital, Bangui. Los rebeldes han sitiado la ciudad. Hay agentes secretos por todas partes. Muchas personas, partidarias del ex presidente y de su partido pol\u00edtico, fueron secuestradas. La situaci\u00f3n es muy preocupante\u201d, afirma.","robots":{"index":"index","follow":"follow","max-snippet":"max-snippet:-1","max-image-preview":"max-image-preview:large","max-video-preview":"max-video-preview:-1"},"canonical":"https:\/\/acninternational.org\/es\/la-republica-centroafricana-a-merced-de-saqueadores-y-mercenarios\/","og_locale":"es_ES","og_type":"article","og_title":"La Rep\u00fablica Centroafricana a merced de saqueadores y mercenarios","og_description":"La situaci\u00f3n en la Rep\u00fablica Centroafricana sigue siendo tensa. Los rebeldes, \u201cparte de la \u2018guerrilla\u2019, tienen cerca de 95% del pa\u00eds bajo su control\u201d, seg\u00fan G\u00e9rard Ouambou, periodista local. \u201cVivo con mi familia en la capital, Bangui. Los rebeldes han sitiado la ciudad. Hay agentes secretos por todas partes. Muchas personas, partidarias del ex presidente y de su partido pol\u00edtico, fueron secuestradas. La situaci\u00f3n es muy preocupante\u201d, afirma.","og_url":"https:\/\/acninternational.org\/es\/la-republica-centroafricana-a-merced-de-saqueadores-y-mercenarios\/","og_site_name":"ACN International","article_publisher":"https:\/\/www.facebook.com\/acninternationalorg","article_published_time":"2021-01-26T13:46:44+00:00","article_modified_time":"2021-01-26T13:55:12+00:00","og_image":[{"width":1400,"height":438,"url":"https:\/\/media.acninternational.org\/wp-content\/uploads\/2021\/01\/Central-African-Republic-2.jpg","type":"image\/jpeg"}],"author":"ACN Press Team","twitter_card":"summary_large_image","twitter_creator":"@acn_int","twitter_site":"@acn_int","twitter_misc":{"Escrito por":"ACN Press Team","Tiempo de lectura":"7 minutos"},"schema":{"@context":"https:\/\/schema.org","@graph":[{"@type":"Article","@id":"https:\/\/acninternational.org\/es\/la-republica-centroafricana-a-merced-de-saqueadores-y-mercenarios\/#article","isPartOf":{"@id":"https:\/\/acninternational.org\/es\/la-republica-centroafricana-a-merced-de-saqueadores-y-mercenarios\/"},"author":{"name":"ACN Press Team","@id":"https:\/\/acninternational.org\/es\/#\/schema\/person\/7f3dafb236b242fb2aa46be1411fd703"},"headline":"La Rep\u00fablica Centroafricana a merced de saqueadores y mercenarios","datePublished":"2021-01-26T13:46:44+00:00","dateModified":"2021-01-26T13:55:12+00:00","mainEntityOfPage":{"@id":"https:\/\/acninternational.org\/es\/la-republica-centroafricana-a-merced-de-saqueadores-y-mercenarios\/"},"wordCount":1481,"publisher":{"@id":"https:\/\/acninternational.org\/es\/#organization"},"image":{"@id":"https:\/\/acninternational.org\/es\/la-republica-centroafricana-a-merced-de-saqueadores-y-mercenarios\/#primaryimage"},"thumbnailUrl":"https:\/\/media.acninternational.org\/wp-content\/uploads\/2021\/01\/Central-African-Republic-2.jpg","articleSection":["ENTREVISTAS"],"inLanguage":"es"},{"@type":"WebPage","@id":"https:\/\/acninternational.org\/es\/la-republica-centroafricana-a-merced-de-saqueadores-y-mercenarios\/","url":"https:\/\/acninternational.org\/es\/la-republica-centroafricana-a-merced-de-saqueadores-y-mercenarios\/","name":"La Rep\u00fablica Centroafricana a merced de saqueadores y mercenarios","isPartOf":{"@id":"https:\/\/acninternational.org\/es\/#website"},"primaryImageOfPage":{"@id":"https:\/\/acninternational.org\/es\/la-republica-centroafricana-a-merced-de-saqueadores-y-mercenarios\/#primaryimage"},"image":{"@id":"https:\/\/acninternational.org\/es\/la-republica-centroafricana-a-merced-de-saqueadores-y-mercenarios\/#primaryimage"},"thumbnailUrl":"https:\/\/media.acninternational.org\/wp-content\/uploads\/2021\/01\/Central-African-Republic-2.jpg","datePublished":"2021-01-26T13:46:44+00:00","dateModified":"2021-01-26T13:55:12+00:00","description":"La situaci\u00f3n en la Rep\u00fablica Centroafricana sigue siendo tensa. Los rebeldes, \u201cparte de la \u2018guerrilla\u2019, tienen cerca de 95% del pa\u00eds bajo su control\u201d, seg\u00fan G\u00e9rard Ouambou, periodista local. \u201cVivo con mi familia en la capital, Bangui. Los rebeldes han sitiado la ciudad. Hay agentes secretos por todas partes. Muchas personas, partidarias del ex presidente y de su partido pol\u00edtico, fueron secuestradas. La situaci\u00f3n es muy preocupante\u201d, afirma.","breadcrumb":{"@id":"https:\/\/acninternational.org\/es\/la-republica-centroafricana-a-merced-de-saqueadores-y-mercenarios\/#breadcrumb"},"inLanguage":"es","potentialAction":[{"@type":"ReadAction","target":["https:\/\/acninternational.org\/es\/la-republica-centroafricana-a-merced-de-saqueadores-y-mercenarios\/"]}]},{"@type":"ImageObject","inLanguage":"es","@id":"https:\/\/acninternational.org\/es\/la-republica-centroafricana-a-merced-de-saqueadores-y-mercenarios\/#primaryimage","url":"https:\/\/media.acninternational.org\/wp-content\/uploads\/2021\/01\/Central-African-Republic-2.jpg","contentUrl":"https:\/\/media.acninternational.org\/wp-content\/uploads\/2021\/01\/Central-African-Republic-2.jpg","width":1400,"height":438},{"@type":"BreadcrumbList","@id":"https:\/\/acninternational.org\/es\/la-republica-centroafricana-a-merced-de-saqueadores-y-mercenarios\/#breadcrumb","itemListElement":[{"@type":"ListItem","position":1,"name":"Home","item":"https:\/\/acninternational.org\/es\/"},{"@type":"ListItem","position":2,"name":"INTERVIEWS","item":"https:\/\/acninternational.org\/es\/category\/interviews-es\/"},{"@type":"ListItem","position":3,"name":"La Rep\u00fablica Centroafricana a merced de saqueadores y mercenarios"}]},{"@type":"WebSite","@id":"https:\/\/acninternational.org\/es\/#website","url":"https:\/\/acninternational.org\/es\/","name":"ACN International","description":"","publisher":{"@id":"https:\/\/acninternational.org\/es\/#organization"},"potentialAction":[{"@type":"SearchAction","target":{"@type":"EntryPoint","urlTemplate":"https:\/\/acninternational.org\/es\/?s={search_term_string}"},"query-input":{"@type":"PropertyValueSpecification","valueRequired":true,"valueName":"search_term_string"}}],"inLanguage":"es"},{"@type":"Organization","@id":"https:\/\/acninternational.org\/es\/#organization","name":"Aid to the Church in Need International","url":"https:\/\/acninternational.org\/es\/","logo":{"@type":"ImageObject","inLanguage":"es","@id":"https:\/\/acninternational.org\/es\/#\/schema\/logo\/image\/","url":"https:\/\/media.acninternational.org\/wp-content\/uploads\/2019\/11\/acn_logo_blackvector.svg","contentUrl":"https:\/\/media.acninternational.org\/wp-content\/uploads\/2019\/11\/acn_logo_blackvector.svg","width":232.6,"height":78,"caption":"Aid to the Church in Need International"},"image":{"@id":"https:\/\/acninternational.org\/es\/#\/schema\/logo\/image\/"},"sameAs":["https:\/\/www.facebook.com\/acninternationalorg","https:\/\/x.com\/acn_int","https:\/\/www.youtube.com\/channel\/UCQ-077gS0TnVzkhHmf1opZw","https:\/\/www.instagram.com\/acn_international\/"]},{"@type":"Person","@id":"https:\/\/acninternational.org\/es\/#\/schema\/person\/7f3dafb236b242fb2aa46be1411fd703","name":"ACN Press Team","description":"Lorem ipsum dolor sit amet, consectetur adipiscing elit, sed do eiusmod tempor incididunt ut labore et dolore magna aliqua. Ut enim ad minim veniam, quis nostrud exercitation ullamco laboris nisi ut aliquip ex ea commodo consequat.","url":"https:\/\/acninternational.org\/es\/author\/acn-press-team\/"}]}},"_links":{"self":[{"href":"https:\/\/acninternational.org\/es\/wp-json\/wp\/v2\/posts\/147338","targetHints":{"allow":["GET"]}}],"collection":[{"href":"https:\/\/acninternational.org\/es\/wp-json\/wp\/v2\/posts"}],"about":[{"href":"https:\/\/acninternational.org\/es\/wp-json\/wp\/v2\/types\/post"}],"author":[{"embeddable":true,"href":"https:\/\/acninternational.org\/es\/wp-json\/wp\/v2\/users\/4258341447"}],"replies":[{"embeddable":true,"href":"https:\/\/acninternational.org\/es\/wp-json\/wp\/v2\/comments?post=147338"}],"version-history":[{"count":0,"href":"https:\/\/acninternational.org\/es\/wp-json\/wp\/v2\/posts\/147338\/revisions"}],"wp:featuredmedia":[{"embeddable":true,"href":"https:\/\/acninternational.org\/es\/wp-json\/wp\/v2\/media\/147334"}],"wp:attachment":[{"href":"https:\/\/acninternational.org\/es\/wp-json\/wp\/v2\/media?parent=147338"}],"wp:term":[{"taxonomy":"category","embeddable":true,"href":"https:\/\/acninternational.org\/es\/wp-json\/wp\/v2\/categories?post=147338"},{"taxonomy":"post_tag","embeddable":true,"href":"https:\/\/acninternational.org\/es\/wp-json\/wp\/v2\/tags?post=147338"},{"taxonomy":"country","embeddable":true,"href":"https:\/\/acninternational.org\/es\/wp-json\/wp\/v2\/country?post=147338"}],"curies":[{"name":"wp","href":"https:\/\/api.w.org\/{rel}","templated":true}]}}