{"id":145768,"date":"2020-12-15T11:59:51","date_gmt":"2020-12-15T10:59:51","guid":{"rendered":"https:\/\/acninternational.org\/?p=145768"},"modified":"2020-12-15T12:02:07","modified_gmt":"2020-12-15T11:02:07","slug":"una-familia-catolica-pakistani-reza-por-la-canonizacion-de-su-hijo-martir","status":"publish","type":"post","link":"https:\/\/acninternational.org\/es\/una-familia-catolica-pakistani-reza-por-la-canonizacion-de-su-hijo-martir\/","title":{"rendered":"Una familia cat\u00f3lica pakistan\u00ed reza por la canonizaci\u00f3n de su hijo m\u00e1rtir"},"content":{"rendered":"<p><em>Naz Bano lleva rezando desde 2016 por el movimiento en pos del proceso de santificaci\u00f3n de su hijo de 20 a\u00f1os, Akash Bashir, muerto al evitar que un terrorista suicida entrara en la abarrotada iglesia cat\u00f3lica de San Juan. Al menos veinte personas murieron y ochenta resultaron heridas a ra\u00edz de las dos explosiones suicidas en las misas de dos iglesias el 15 de marzo de 2015 en Youhanabad. Youhanabad es el barrio cristiano de Lahore, \u00a0capital de la provincia pakistan\u00ed de Punjab. El P. Francis Gulzar, vicario general de la archidi\u00f3cesis de Lahore, anunci\u00f3 el inicio del proceso de beatificaci\u00f3n de Akash en el primer aniversario del ataque terrorista. La madre de Akash ha hablado con la fundaci\u00f3n pontificia \u2018Ayuda a la Iglesia Necesitada\u2019 (ACN) sobre su duelo.<\/em><\/p>\n<p>\u201cNos mudamos a Youhanabad en 2008. En noviembre de 2014, Akash se uni\u00f3 al grupo de voluntarios que velaban por la seguridad de nuestra iglesia. Todas las confesiones estaban reclutando a j\u00f3venes tras el atentado suicida de 2013 contra la iglesia de Todos los Santos de la ciudad de Peshawar, en la provincia septentrional de Khyber Pakhtunkhwa.<\/p>\n<p>Sol\u00edamos ver a los manifestantes que ped\u00edan justicia para las v\u00edctimas del atentado contra la iglesia de Peshawar, Akash sol\u00eda hablar de ello con sus amigos e insisti\u00f3 durante tres meses en que quer\u00eda ayudar a vigilar la iglesia. Estaba dispuesto a sacrificar su vida si Dios le daba la oportunidad de proteger a terceros.<\/p>\n<p>https:\/\/www.youtube.com\/watch?v=cGHAP3l8vRo<\/p>\n<p>Muri\u00f3 en la Cuaresma. Yo estaba lavando la ropa en casa cuando mi hijo se fue a la iglesia ese domingo, \u00a0iba vestido todo de blanco. Momentos despu\u00e9s, escuch\u00e9 disparos y \u00a0en nuestra calle retumbaron las explosiones. En ese momento, record\u00e9 que hab\u00eda o\u00eddo hablar a mujeres de las amenazas de muerte dirigidas contra la escuela de la Iglesia de Cristo [anglicana]. Los estudiantes sol\u00edan hablar de las cartas amenazantes que \u00a0encontraban en el buz\u00f3n.<\/p>\n<p>Las calles estaban llenas de gente. Al o\u00edr la segunda explosi\u00f3n, corr\u00ed con mi hijo menor hacia la iglesia cat\u00f3lica. Busqu\u00e9 a Akash entre los chicos que estaban cerca de la puerta de la iglesia, \u00a0entonces lo vi tirado en la tierra. Su brazo derecho estaba casi arrancado. No pod\u00eda creer lo que ve\u00eda.<\/p>\n<p>Los polic\u00edas de guardia hab\u00edan estado viendo un partido de <em>cricket<\/em> de la Copa Mundial. Se supon\u00eda que Akash iba a controlar a los visitantes en una barrera a cierta distancia de la iglesia, pero \u00e9l insisti\u00f3 en colocarse a la puerta de la iglesia. \u2018Morir\u00e9, pero no te dejar\u00e9 entrar en la iglesia\u2019: esas fueron sus \u00faltimas palabras, dirigidas al terrorista suicida. Esas palabras est\u00e1n ahora inscritas en las pancartas de la conmemoraci\u00f3n anual de su muerte. La quinta conmemoraci\u00f3n fue cancelada este a\u00f1o debido a la pandemia de coronavirus.<\/p>\n<p>La Iglesia cat\u00f3lica ofreci\u00f3 apoyo a las familias de los fallecidos y a los heridos, \u00a0otras Iglesias y entidades tambi\u00e9n ayudaron. As\u00ed, en abril, los Pakistan Rangers, \u00a0fuerza paramilitar del Gobierno federal responsable de la seguridad en zonas peligrosas, distribuy\u00f3 500 bolsas con alimentos de primera necesidad entre los cristianos necesitados y las familias de las v\u00edctimas de los atentados suicidas.<\/p>\n<p>Arsalan, mi hijo de 25 a\u00f1os, se ha unido al equipo de seguridad de la iglesia para reemplazar a su hermano. No se lo hemos impedido, pues no debemos evitar que nuestros hijos sirvan a la Iglesia, es su elecci\u00f3n. Nuestras iglesias est\u00e1n ahora a\u00fan m\u00e1s llenas los domingos y el n\u00famero de voluntarios para velar por la seguridad ha aumentado. La comunidad est\u00e1 ahora m\u00e1s unida y los cl\u00e9rigos a menudo visitan las iglesias de las dem\u00e1s confesiones como parte de programas interreligiosos. No queremos irnos de Youhanabad, pues nos encanta su ambiente cristiano, a pesar de la falta de un hospital p\u00fablico y la ausencia de escuelas estatales.<\/p>\n<p>Varias religiosas y nuestro p\u00e1rroco nos acompa\u00f1aron a la tumba de Akash en el D\u00eda de Difuntos, \u00a0rezamos por \u00e9l un grupo de veinte personas. Los familiares de otras v\u00edctimas de los atentados tambi\u00e9n trajeron flores. El movimiento en pos del proceso de beatificaci\u00f3n de Akash se ha retrasado debido a la pandemia, pero un sacerdote salesiano est\u00e1 escribiendo un libro sobre \u00e9l.<\/p>\n<p>Tengo sentimientos encontrados cuando paso por el monumento dedicado a Akash frente a la iglesia de San Juan. Era parte de mi coraz\u00f3n, pero, no obstante, nuestra felicidad es mayor que nuestra pena pues no muri\u00f3 de una adicci\u00f3n a las drogas o por un accidente. Era un simple muchacho que muri\u00f3 en el camino del Se\u00f1or y salv\u00f3 al sacerdote y a los feligreses. La gente lo ama. Akash ya es nuestro santo\u201d.<\/p>\n","protected":false},"excerpt":{"rendered":"<p>Naz Bano lleva rezando desde 2016 por el movimiento en pos del proceso de santificaci\u00f3n de su hijo de 20<\/p>\n","protected":false},"author":4258341447,"featured_media":145766,"comment_status":"closed","ping_status":"closed","sticky":false,"template":"","format":"standard","meta":{"_acf_changed":false,"_acn_coauthor_ids":[],"_acn_featured_article":false,"footnotes":""},"categories":[746,1254],"tags":[],"country":[407],"class_list":["post-145768","post","type-post","status-publish","format-standard","has-post-thumbnail","hentry","category-noticias","category-news-es","country-pakistan-es"],"acn_coauthors":[],"acf":[],"yoast_head":"<!-- This site is optimized with the Yoast SEO Premium plugin v27.5 (Yoast SEO v27.5) - https:\/\/yoast.com\/product\/yoast-seo-premium-wordpress\/ -->\n<title>Una familia cat\u00f3lica pakistan\u00ed reza por la canonizaci\u00f3n de su hijo m\u00e1rtir<\/title>\n<meta name=\"description\" content=\"Naz Bano lleva rezando desde 2016 por el movimiento en pos del proceso de santificaci\u00f3n de su hijo de 20 a\u00f1os, Akash Bashir, muerto al evitar que un terrorista suicida entrara en la abarrotada iglesia cat\u00f3lica de San Juan. Al menos veinte personas murieron y ochenta resultaron heridas a ra\u00edz de las dos explosiones suicidas en las misas de dos iglesias el 15 de marzo de 2015 en Youhanabad. Youhanabad es el barrio cristiano de Lahore, \u00a0capital de la provincia pakistan\u00ed de Punjab. El P. Francis Gulzar, vicario general de la archidi\u00f3cesis de Lahore, anunci\u00f3 el inicio del proceso de beatificaci\u00f3n de Akash en el primer aniversario del ataque terrorista. La madre de Akash ha hablado con la fundaci\u00f3n pontificia \u2018Ayuda a la Iglesia Necesitada\u2019 (ACN) sobre su duelo.\" \/>\n<meta name=\"robots\" content=\"index, follow, max-snippet:-1, max-image-preview:large, max-video-preview:-1\" \/>\n<link rel=\"canonical\" href=\"https:\/\/acninternational.org\/es\/una-familia-catolica-pakistani-reza-por-la-canonizacion-de-su-hijo-martir\/\" \/>\n<meta property=\"og:locale\" content=\"es_ES\" \/>\n<meta property=\"og:type\" content=\"article\" \/>\n<meta property=\"og:title\" content=\"Una familia cat\u00f3lica pakistan\u00ed reza por la canonizaci\u00f3n de su hijo m\u00e1rtir\" \/>\n<meta property=\"og:description\" content=\"Naz Bano lleva rezando desde 2016 por el movimiento en pos del proceso de santificaci\u00f3n de su hijo de 20 a\u00f1os, Akash Bashir, muerto al evitar que un terrorista suicida entrara en la abarrotada iglesia cat\u00f3lica de San Juan. Al menos veinte personas murieron y ochenta resultaron heridas a ra\u00edz de las dos explosiones suicidas en las misas de dos iglesias el 15 de marzo de 2015 en Youhanabad. Youhanabad es el barrio cristiano de Lahore, \u00a0capital de la provincia pakistan\u00ed de Punjab. El P. Francis Gulzar, vicario general de la archidi\u00f3cesis de Lahore, anunci\u00f3 el inicio del proceso de beatificaci\u00f3n de Akash en el primer aniversario del ataque terrorista. La madre de Akash ha hablado con la fundaci\u00f3n pontificia \u2018Ayuda a la Iglesia Necesitada\u2019 (ACN) sobre su duelo.\" \/>\n<meta property=\"og:url\" content=\"https:\/\/acninternational.org\/es\/una-familia-catolica-pakistani-reza-por-la-canonizacion-de-su-hijo-martir\/\" \/>\n<meta property=\"og:site_name\" content=\"ACN International\" \/>\n<meta property=\"article:publisher\" content=\"https:\/\/www.facebook.com\/acninternationalorg\" \/>\n<meta property=\"article:published_time\" content=\"2020-12-15T10:59:51+00:00\" \/>\n<meta property=\"article:modified_time\" content=\"2020-12-15T11:02:07+00:00\" \/>\n<meta property=\"og:image\" content=\"https:\/\/media.acninternational.org\/wp-content\/uploads\/2020\/12\/Akash-Bashir_Pakistan.jpg\" \/>\n\t<meta property=\"og:image:width\" content=\"1400\" \/>\n\t<meta property=\"og:image:height\" content=\"438\" \/>\n\t<meta property=\"og:image:type\" content=\"image\/jpeg\" \/>\n<meta name=\"author\" content=\"ACN Press Team\" \/>\n<meta name=\"twitter:card\" content=\"summary_large_image\" \/>\n<meta name=\"twitter:creator\" content=\"@acn_int\" \/>\n<meta name=\"twitter:site\" content=\"@acn_int\" \/>\n<meta name=\"twitter:label1\" content=\"Escrito por\" \/>\n\t<meta name=\"twitter:data1\" content=\"ACN Press Team\" \/>\n\t<meta name=\"twitter:label2\" content=\"Tiempo de lectura\" \/>\n\t<meta name=\"twitter:data2\" content=\"4 minutos\" \/>\n<script type=\"application\/ld+json\" class=\"yoast-schema-graph\">{\"@context\":\"https:\\\/\\\/schema.org\",\"@graph\":[{\"@type\":\"Article\",\"@id\":\"https:\\\/\\\/acninternational.org\\\/es\\\/una-familia-catolica-pakistani-reza-por-la-canonizacion-de-su-hijo-martir\\\/#article\",\"isPartOf\":{\"@id\":\"https:\\\/\\\/acninternational.org\\\/es\\\/una-familia-catolica-pakistani-reza-por-la-canonizacion-de-su-hijo-martir\\\/\"},\"author\":{\"name\":\"ACN Press Team\",\"@id\":\"https:\\\/\\\/acninternational.org\\\/es\\\/#\\\/schema\\\/person\\\/7f3dafb236b242fb2aa46be1411fd703\"},\"headline\":\"Una familia cat\u00f3lica pakistan\u00ed reza por la canonizaci\u00f3n de su hijo m\u00e1rtir\",\"datePublished\":\"2020-12-15T10:59:51+00:00\",\"dateModified\":\"2020-12-15T11:02:07+00:00\",\"mainEntityOfPage\":{\"@id\":\"https:\\\/\\\/acninternational.org\\\/es\\\/una-familia-catolica-pakistani-reza-por-la-canonizacion-de-su-hijo-martir\\\/\"},\"wordCount\":836,\"publisher\":{\"@id\":\"https:\\\/\\\/acninternational.org\\\/es\\\/#organization\"},\"image\":{\"@id\":\"https:\\\/\\\/acninternational.org\\\/es\\\/una-familia-catolica-pakistani-reza-por-la-canonizacion-de-su-hijo-martir\\\/#primaryimage\"},\"thumbnailUrl\":\"https:\\\/\\\/media.acninternational.org\\\/wp-content\\\/uploads\\\/2020\\\/12\\\/Akash-Bashir_Pakistan.jpg\",\"articleSection\":[\"NOTICIAS\",\"NOTICIAS\"],\"inLanguage\":\"es\"},{\"@type\":\"WebPage\",\"@id\":\"https:\\\/\\\/acninternational.org\\\/es\\\/una-familia-catolica-pakistani-reza-por-la-canonizacion-de-su-hijo-martir\\\/\",\"url\":\"https:\\\/\\\/acninternational.org\\\/es\\\/una-familia-catolica-pakistani-reza-por-la-canonizacion-de-su-hijo-martir\\\/\",\"name\":\"Una familia cat\u00f3lica pakistan\u00ed reza por la canonizaci\u00f3n de su hijo m\u00e1rtir\",\"isPartOf\":{\"@id\":\"https:\\\/\\\/acninternational.org\\\/es\\\/#website\"},\"primaryImageOfPage\":{\"@id\":\"https:\\\/\\\/acninternational.org\\\/es\\\/una-familia-catolica-pakistani-reza-por-la-canonizacion-de-su-hijo-martir\\\/#primaryimage\"},\"image\":{\"@id\":\"https:\\\/\\\/acninternational.org\\\/es\\\/una-familia-catolica-pakistani-reza-por-la-canonizacion-de-su-hijo-martir\\\/#primaryimage\"},\"thumbnailUrl\":\"https:\\\/\\\/media.acninternational.org\\\/wp-content\\\/uploads\\\/2020\\\/12\\\/Akash-Bashir_Pakistan.jpg\",\"datePublished\":\"2020-12-15T10:59:51+00:00\",\"dateModified\":\"2020-12-15T11:02:07+00:00\",\"description\":\"Naz Bano lleva rezando desde 2016 por el movimiento en pos del proceso de santificaci\u00f3n de su hijo de 20 a\u00f1os, Akash Bashir, muerto al evitar que un terrorista suicida entrara en la abarrotada iglesia cat\u00f3lica de San Juan. Al menos veinte personas murieron y ochenta resultaron heridas a ra\u00edz de las dos explosiones suicidas en las misas de dos iglesias el 15 de marzo de 2015 en Youhanabad. Youhanabad es el barrio cristiano de Lahore, \u00a0capital de la provincia pakistan\u00ed de Punjab. El P. Francis Gulzar, vicario general de la archidi\u00f3cesis de Lahore, anunci\u00f3 el inicio del proceso de beatificaci\u00f3n de Akash en el primer aniversario del ataque terrorista. La madre de Akash ha hablado con la fundaci\u00f3n pontificia \u2018Ayuda a la Iglesia Necesitada\u2019 (ACN) sobre su duelo.\",\"breadcrumb\":{\"@id\":\"https:\\\/\\\/acninternational.org\\\/es\\\/una-familia-catolica-pakistani-reza-por-la-canonizacion-de-su-hijo-martir\\\/#breadcrumb\"},\"inLanguage\":\"es\",\"potentialAction\":[{\"@type\":\"ReadAction\",\"target\":[\"https:\\\/\\\/acninternational.org\\\/es\\\/una-familia-catolica-pakistani-reza-por-la-canonizacion-de-su-hijo-martir\\\/\"]}]},{\"@type\":\"ImageObject\",\"inLanguage\":\"es\",\"@id\":\"https:\\\/\\\/acninternational.org\\\/es\\\/una-familia-catolica-pakistani-reza-por-la-canonizacion-de-su-hijo-martir\\\/#primaryimage\",\"url\":\"https:\\\/\\\/media.acninternational.org\\\/wp-content\\\/uploads\\\/2020\\\/12\\\/Akash-Bashir_Pakistan.jpg\",\"contentUrl\":\"https:\\\/\\\/media.acninternational.org\\\/wp-content\\\/uploads\\\/2020\\\/12\\\/Akash-Bashir_Pakistan.jpg\",\"width\":1400,\"height\":438},{\"@type\":\"BreadcrumbList\",\"@id\":\"https:\\\/\\\/acninternational.org\\\/es\\\/una-familia-catolica-pakistani-reza-por-la-canonizacion-de-su-hijo-martir\\\/#breadcrumb\",\"itemListElement\":[{\"@type\":\"ListItem\",\"position\":1,\"name\":\"Home\",\"item\":\"https:\\\/\\\/acninternational.org\\\/es\\\/\"},{\"@type\":\"ListItem\",\"position\":2,\"name\":\"NOTICIAS\",\"item\":\"https:\\\/\\\/acninternational.org\\\/es\\\/category\\\/news-es\\\/\"},{\"@type\":\"ListItem\",\"position\":3,\"name\":\"Una familia cat\u00f3lica pakistan\u00ed reza por la canonizaci\u00f3n de su hijo m\u00e1rtir\"}]},{\"@type\":\"WebSite\",\"@id\":\"https:\\\/\\\/acninternational.org\\\/es\\\/#website\",\"url\":\"https:\\\/\\\/acninternational.org\\\/es\\\/\",\"name\":\"ACN International\",\"description\":\"\",\"publisher\":{\"@id\":\"https:\\\/\\\/acninternational.org\\\/es\\\/#organization\"},\"potentialAction\":[{\"@type\":\"SearchAction\",\"target\":{\"@type\":\"EntryPoint\",\"urlTemplate\":\"https:\\\/\\\/acninternational.org\\\/es\\\/?s={search_term_string}\"},\"query-input\":{\"@type\":\"PropertyValueSpecification\",\"valueRequired\":true,\"valueName\":\"search_term_string\"}}],\"inLanguage\":\"es\"},{\"@type\":\"Organization\",\"@id\":\"https:\\\/\\\/acninternational.org\\\/es\\\/#organization\",\"name\":\"Aid to the Church in Need International\",\"url\":\"https:\\\/\\\/acninternational.org\\\/es\\\/\",\"logo\":{\"@type\":\"ImageObject\",\"inLanguage\":\"es\",\"@id\":\"https:\\\/\\\/acninternational.org\\\/es\\\/#\\\/schema\\\/logo\\\/image\\\/\",\"url\":\"https:\\\/\\\/media.acninternational.org\\\/wp-content\\\/uploads\\\/2019\\\/11\\\/acn_logo_blackvector.svg\",\"contentUrl\":\"https:\\\/\\\/media.acninternational.org\\\/wp-content\\\/uploads\\\/2019\\\/11\\\/acn_logo_blackvector.svg\",\"width\":232.6,\"height\":78,\"caption\":\"Aid to the Church in Need International\"},\"image\":{\"@id\":\"https:\\\/\\\/acninternational.org\\\/es\\\/#\\\/schema\\\/logo\\\/image\\\/\"},\"sameAs\":[\"https:\\\/\\\/www.facebook.com\\\/acninternationalorg\",\"https:\\\/\\\/x.com\\\/acn_int\",\"https:\\\/\\\/www.youtube.com\\\/channel\\\/UCQ-077gS0TnVzkhHmf1opZw\",\"https:\\\/\\\/www.instagram.com\\\/acn_international\\\/\"]},{\"@type\":\"Person\",\"@id\":\"https:\\\/\\\/acninternational.org\\\/es\\\/#\\\/schema\\\/person\\\/7f3dafb236b242fb2aa46be1411fd703\",\"name\":\"ACN Press Team\",\"description\":\"Lorem ipsum dolor sit amet, consectetur adipiscing elit, sed do eiusmod tempor incididunt ut labore et dolore magna aliqua. Ut enim ad minim veniam, quis nostrud exercitation ullamco laboris nisi ut aliquip ex ea commodo consequat.\",\"url\":\"https:\\\/\\\/acninternational.org\\\/es\\\/author\\\/acn-press-team\\\/\"}]}<\/script>\n<!-- \/ Yoast SEO Premium plugin. -->","yoast_head_json":{"title":"Una familia cat\u00f3lica pakistan\u00ed reza por la canonizaci\u00f3n de su hijo m\u00e1rtir","description":"Naz Bano lleva rezando desde 2016 por el movimiento en pos del proceso de santificaci\u00f3n de su hijo de 20 a\u00f1os, Akash Bashir, muerto al evitar que un terrorista suicida entrara en la abarrotada iglesia cat\u00f3lica de San Juan. Al menos veinte personas murieron y ochenta resultaron heridas a ra\u00edz de las dos explosiones suicidas en las misas de dos iglesias el 15 de marzo de 2015 en Youhanabad. Youhanabad es el barrio cristiano de Lahore, \u00a0capital de la provincia pakistan\u00ed de Punjab. El P. Francis Gulzar, vicario general de la archidi\u00f3cesis de Lahore, anunci\u00f3 el inicio del proceso de beatificaci\u00f3n de Akash en el primer aniversario del ataque terrorista. La madre de Akash ha hablado con la fundaci\u00f3n pontificia \u2018Ayuda a la Iglesia Necesitada\u2019 (ACN) sobre su duelo.","robots":{"index":"index","follow":"follow","max-snippet":"max-snippet:-1","max-image-preview":"max-image-preview:large","max-video-preview":"max-video-preview:-1"},"canonical":"https:\/\/acninternational.org\/es\/una-familia-catolica-pakistani-reza-por-la-canonizacion-de-su-hijo-martir\/","og_locale":"es_ES","og_type":"article","og_title":"Una familia cat\u00f3lica pakistan\u00ed reza por la canonizaci\u00f3n de su hijo m\u00e1rtir","og_description":"Naz Bano lleva rezando desde 2016 por el movimiento en pos del proceso de santificaci\u00f3n de su hijo de 20 a\u00f1os, Akash Bashir, muerto al evitar que un terrorista suicida entrara en la abarrotada iglesia cat\u00f3lica de San Juan. Al menos veinte personas murieron y ochenta resultaron heridas a ra\u00edz de las dos explosiones suicidas en las misas de dos iglesias el 15 de marzo de 2015 en Youhanabad. Youhanabad es el barrio cristiano de Lahore, \u00a0capital de la provincia pakistan\u00ed de Punjab. El P. Francis Gulzar, vicario general de la archidi\u00f3cesis de Lahore, anunci\u00f3 el inicio del proceso de beatificaci\u00f3n de Akash en el primer aniversario del ataque terrorista. La madre de Akash ha hablado con la fundaci\u00f3n pontificia \u2018Ayuda a la Iglesia Necesitada\u2019 (ACN) sobre su duelo.","og_url":"https:\/\/acninternational.org\/es\/una-familia-catolica-pakistani-reza-por-la-canonizacion-de-su-hijo-martir\/","og_site_name":"ACN International","article_publisher":"https:\/\/www.facebook.com\/acninternationalorg","article_published_time":"2020-12-15T10:59:51+00:00","article_modified_time":"2020-12-15T11:02:07+00:00","og_image":[{"width":1400,"height":438,"url":"https:\/\/media.acninternational.org\/wp-content\/uploads\/2020\/12\/Akash-Bashir_Pakistan.jpg","type":"image\/jpeg"}],"author":"ACN Press Team","twitter_card":"summary_large_image","twitter_creator":"@acn_int","twitter_site":"@acn_int","twitter_misc":{"Escrito por":"ACN Press Team","Tiempo de lectura":"4 minutos"},"schema":{"@context":"https:\/\/schema.org","@graph":[{"@type":"Article","@id":"https:\/\/acninternational.org\/es\/una-familia-catolica-pakistani-reza-por-la-canonizacion-de-su-hijo-martir\/#article","isPartOf":{"@id":"https:\/\/acninternational.org\/es\/una-familia-catolica-pakistani-reza-por-la-canonizacion-de-su-hijo-martir\/"},"author":{"name":"ACN Press Team","@id":"https:\/\/acninternational.org\/es\/#\/schema\/person\/7f3dafb236b242fb2aa46be1411fd703"},"headline":"Una familia cat\u00f3lica pakistan\u00ed reza por la canonizaci\u00f3n de su hijo m\u00e1rtir","datePublished":"2020-12-15T10:59:51+00:00","dateModified":"2020-12-15T11:02:07+00:00","mainEntityOfPage":{"@id":"https:\/\/acninternational.org\/es\/una-familia-catolica-pakistani-reza-por-la-canonizacion-de-su-hijo-martir\/"},"wordCount":836,"publisher":{"@id":"https:\/\/acninternational.org\/es\/#organization"},"image":{"@id":"https:\/\/acninternational.org\/es\/una-familia-catolica-pakistani-reza-por-la-canonizacion-de-su-hijo-martir\/#primaryimage"},"thumbnailUrl":"https:\/\/media.acninternational.org\/wp-content\/uploads\/2020\/12\/Akash-Bashir_Pakistan.jpg","articleSection":["NOTICIAS","NOTICIAS"],"inLanguage":"es"},{"@type":"WebPage","@id":"https:\/\/acninternational.org\/es\/una-familia-catolica-pakistani-reza-por-la-canonizacion-de-su-hijo-martir\/","url":"https:\/\/acninternational.org\/es\/una-familia-catolica-pakistani-reza-por-la-canonizacion-de-su-hijo-martir\/","name":"Una familia cat\u00f3lica pakistan\u00ed reza por la canonizaci\u00f3n de su hijo m\u00e1rtir","isPartOf":{"@id":"https:\/\/acninternational.org\/es\/#website"},"primaryImageOfPage":{"@id":"https:\/\/acninternational.org\/es\/una-familia-catolica-pakistani-reza-por-la-canonizacion-de-su-hijo-martir\/#primaryimage"},"image":{"@id":"https:\/\/acninternational.org\/es\/una-familia-catolica-pakistani-reza-por-la-canonizacion-de-su-hijo-martir\/#primaryimage"},"thumbnailUrl":"https:\/\/media.acninternational.org\/wp-content\/uploads\/2020\/12\/Akash-Bashir_Pakistan.jpg","datePublished":"2020-12-15T10:59:51+00:00","dateModified":"2020-12-15T11:02:07+00:00","description":"Naz Bano lleva rezando desde 2016 por el movimiento en pos del proceso de santificaci\u00f3n de su hijo de 20 a\u00f1os, Akash Bashir, muerto al evitar que un terrorista suicida entrara en la abarrotada iglesia cat\u00f3lica de San Juan. Al menos veinte personas murieron y ochenta resultaron heridas a ra\u00edz de las dos explosiones suicidas en las misas de dos iglesias el 15 de marzo de 2015 en Youhanabad. Youhanabad es el barrio cristiano de Lahore, \u00a0capital de la provincia pakistan\u00ed de Punjab. El P. Francis Gulzar, vicario general de la archidi\u00f3cesis de Lahore, anunci\u00f3 el inicio del proceso de beatificaci\u00f3n de Akash en el primer aniversario del ataque terrorista. La madre de Akash ha hablado con la fundaci\u00f3n pontificia \u2018Ayuda a la Iglesia Necesitada\u2019 (ACN) sobre su duelo.","breadcrumb":{"@id":"https:\/\/acninternational.org\/es\/una-familia-catolica-pakistani-reza-por-la-canonizacion-de-su-hijo-martir\/#breadcrumb"},"inLanguage":"es","potentialAction":[{"@type":"ReadAction","target":["https:\/\/acninternational.org\/es\/una-familia-catolica-pakistani-reza-por-la-canonizacion-de-su-hijo-martir\/"]}]},{"@type":"ImageObject","inLanguage":"es","@id":"https:\/\/acninternational.org\/es\/una-familia-catolica-pakistani-reza-por-la-canonizacion-de-su-hijo-martir\/#primaryimage","url":"https:\/\/media.acninternational.org\/wp-content\/uploads\/2020\/12\/Akash-Bashir_Pakistan.jpg","contentUrl":"https:\/\/media.acninternational.org\/wp-content\/uploads\/2020\/12\/Akash-Bashir_Pakistan.jpg","width":1400,"height":438},{"@type":"BreadcrumbList","@id":"https:\/\/acninternational.org\/es\/una-familia-catolica-pakistani-reza-por-la-canonizacion-de-su-hijo-martir\/#breadcrumb","itemListElement":[{"@type":"ListItem","position":1,"name":"Home","item":"https:\/\/acninternational.org\/es\/"},{"@type":"ListItem","position":2,"name":"NOTICIAS","item":"https:\/\/acninternational.org\/es\/category\/news-es\/"},{"@type":"ListItem","position":3,"name":"Una familia cat\u00f3lica pakistan\u00ed reza por la canonizaci\u00f3n de su hijo m\u00e1rtir"}]},{"@type":"WebSite","@id":"https:\/\/acninternational.org\/es\/#website","url":"https:\/\/acninternational.org\/es\/","name":"ACN International","description":"","publisher":{"@id":"https:\/\/acninternational.org\/es\/#organization"},"potentialAction":[{"@type":"SearchAction","target":{"@type":"EntryPoint","urlTemplate":"https:\/\/acninternational.org\/es\/?s={search_term_string}"},"query-input":{"@type":"PropertyValueSpecification","valueRequired":true,"valueName":"search_term_string"}}],"inLanguage":"es"},{"@type":"Organization","@id":"https:\/\/acninternational.org\/es\/#organization","name":"Aid to the Church in Need International","url":"https:\/\/acninternational.org\/es\/","logo":{"@type":"ImageObject","inLanguage":"es","@id":"https:\/\/acninternational.org\/es\/#\/schema\/logo\/image\/","url":"https:\/\/media.acninternational.org\/wp-content\/uploads\/2019\/11\/acn_logo_blackvector.svg","contentUrl":"https:\/\/media.acninternational.org\/wp-content\/uploads\/2019\/11\/acn_logo_blackvector.svg","width":232.6,"height":78,"caption":"Aid to the Church in Need International"},"image":{"@id":"https:\/\/acninternational.org\/es\/#\/schema\/logo\/image\/"},"sameAs":["https:\/\/www.facebook.com\/acninternationalorg","https:\/\/x.com\/acn_int","https:\/\/www.youtube.com\/channel\/UCQ-077gS0TnVzkhHmf1opZw","https:\/\/www.instagram.com\/acn_international\/"]},{"@type":"Person","@id":"https:\/\/acninternational.org\/es\/#\/schema\/person\/7f3dafb236b242fb2aa46be1411fd703","name":"ACN Press Team","description":"Lorem ipsum dolor sit amet, consectetur adipiscing elit, sed do eiusmod tempor incididunt ut labore et dolore magna aliqua. Ut enim ad minim veniam, quis nostrud exercitation ullamco laboris nisi ut aliquip ex ea commodo consequat.","url":"https:\/\/acninternational.org\/es\/author\/acn-press-team\/"}]}},"_links":{"self":[{"href":"https:\/\/acninternational.org\/es\/wp-json\/wp\/v2\/posts\/145768","targetHints":{"allow":["GET"]}}],"collection":[{"href":"https:\/\/acninternational.org\/es\/wp-json\/wp\/v2\/posts"}],"about":[{"href":"https:\/\/acninternational.org\/es\/wp-json\/wp\/v2\/types\/post"}],"author":[{"embeddable":true,"href":"https:\/\/acninternational.org\/es\/wp-json\/wp\/v2\/users\/4258341447"}],"replies":[{"embeddable":true,"href":"https:\/\/acninternational.org\/es\/wp-json\/wp\/v2\/comments?post=145768"}],"version-history":[{"count":0,"href":"https:\/\/acninternational.org\/es\/wp-json\/wp\/v2\/posts\/145768\/revisions"}],"wp:featuredmedia":[{"embeddable":true,"href":"https:\/\/acninternational.org\/es\/wp-json\/wp\/v2\/media\/145766"}],"wp:attachment":[{"href":"https:\/\/acninternational.org\/es\/wp-json\/wp\/v2\/media?parent=145768"}],"wp:term":[{"taxonomy":"category","embeddable":true,"href":"https:\/\/acninternational.org\/es\/wp-json\/wp\/v2\/categories?post=145768"},{"taxonomy":"post_tag","embeddable":true,"href":"https:\/\/acninternational.org\/es\/wp-json\/wp\/v2\/tags?post=145768"},{"taxonomy":"country","embeddable":true,"href":"https:\/\/acninternational.org\/es\/wp-json\/wp\/v2\/country?post=145768"}],"curies":[{"name":"wp","href":"https:\/\/api.w.org\/{rel}","templated":true}]}}