{"id":145282,"date":"2020-11-23T09:16:53","date_gmt":"2020-11-23T08:16:53","guid":{"rendered":"https:\/\/acninternational.org\/?p=145282"},"modified":"2020-11-23T09:37:06","modified_gmt":"2020-11-23T08:37:06","slug":"nigeria-existe-peligro-de-estigmatizar-a-los-fulani","status":"publish","type":"post","link":"https:\/\/acninternational.org\/es\/nigeria-existe-peligro-de-estigmatizar-a-los-fulani\/","title":{"rendered":"NIGERIA: Existe peligro de estigmatizar a los fulani"},"content":{"rendered":"<p class=\"Normal\"><strong><span class=\"Normal__Char\">\u00abEl conflicto en la regi\u00f3n centro norte de Nigeria es m\u00e1s un conflicto de recursos que religioso\u00bb, dice el director del Centro para el Di\u00e1logo, la Reconciliaci\u00f3n y\u00a0 Paz en Jos.<\/span><\/strong><\/p>\n<p class=\"Normal\"><span class=\"Normal__Char\">La fundaci\u00f3n pontificia Ayuda a la Iglesia Necesitada (ACN) entrevista al padre Blaise Agwon, director del Centro de Di\u00e1logo, Reconciliaci\u00f3n y Paz en Jos, capital del estado de Plateau, en la regi\u00f3n del cintur\u00f3n central\u00a0 de Nigeria. El sacerdote nigeriano actualmente est\u00e1 investigando\u00a0 la gesti\u00f3n de conflictos y paz con el Centro de Gesti\u00f3n de Conflictos y Estudios de Paz de la Universidad de Jos. El foco de la investigaci\u00f3n es el \u00abConflicto entre agricultores y pastores en la regi\u00f3n del cintur\u00f3n medio y la mediaci\u00f3n de terceros\u00bb. Mar\u00eda Lozano, jefa de prensa de ACN Internacional habla con \u00e9l sobre el conflicto que ha costado la vida a m\u00e1s de mil personas.<\/span><\/p>\n<p class=\"Normal\"><strong><span class=\"Normal__Char\">Hace unas semanas, los obispos de la regi\u00f3n de Kaduna publicaron una declaraci\u00f3n muy dura sobre la horrible tragedia y sus enormes dimensiones en\u00a0<\/span><span class=\"Normal__Char\">\u201clos \u00faltimos tres a\u00f1os\u201d. \u00bfHa ocurrido algo que haya provocado esta ola de violencia y asesinatos?<\/span><\/strong><span class=\"Normal__Char\"><strong>\u00a0<\/strong><br \/>\n<\/span><span class=\"Normal__Char\">Creo que la escalada del conflicto en los \u00faltimos a\u00f1os puede atribuirse a las actividades de organizaciones terroristas como Boko Haram y el ISWAP (Estado Isl\u00e1mico de \u00c1frica Occidental, por sus siglas en ingl\u00e9s), as\u00ed como a la proliferaci\u00f3n de armas como resultado del conflicto en algunos pa\u00edses africanos como Libia, Mal\u00ed, Rep\u00fablica Centroafricana, etc. Sin embargo, estos conflictos no son propios de Nigeria sino de la mayor\u00eda de los pa\u00edses africanos, especialmente los de la regi\u00f3n occidental se enfrentan a la misma situaci\u00f3n.<\/span><\/p>\n<p class=\"Normal\"><strong><span class=\"Normal__Char\">El mundo occidental sabe de las amenazas de Boko Haram y del ISWAP pero la situaci\u00f3n que denuncian los obispos respecto a las atrocidades en el Cintur\u00f3n Medio no est\u00e1 relacionada con estos grupos.\u00a0 \u00bfCu\u00e1l es el conflicto en el centro-norte de Nigeria?<\/span><\/strong><span class=\"Normal__Char\"><strong>\u00a0<\/strong><br \/>\n<\/span><span class=\"Normal__Char\">Hay muchos factores responsables del conflicto en el Cintur\u00f3n Medio. Por ejemplo, el efecto del cambio clim\u00e1tico, la erosi\u00f3n, la lucha por tierras y agua entre campesinos y pastores, el robo de ganado, los secuestros, el bandidaje y la brutalidad.\u00a0 A causa del conflicto de Boko Haram y el ISWAP en el noreste y la reducci\u00f3n de la cuenca del Lago Chad, que hasta ahora proporcionaba los medios de subsistencia a m\u00e1s de 40 millones de personas, hay un flujo masivo de personas, animales e incluso aves y reptiles hacia el Cintur\u00f3n Medio debido a los efectos de la desertificaci\u00f3n. As\u00ed pues, esto ha dado lugar a una grave competencia por recursos como el agua y la tierra para la agricultura y el pastoreo, para la construcci\u00f3n y las actividades econ\u00f3micas. Esto, a su vez, ha creado tensi\u00f3n entre la gente.\u00a0 Adem\u00e1s, Boko Haram y el ISWAP siguen siendo un factor importante en el conflicto del Cintur\u00f3n Medio pues siguen operando en esa zona y son responsables de secuestros, bandidaje e incluso robo de ganado.<\/span><\/p>\n<figure id=\"attachment_141248\" aria-describedby=\"caption-attachment-141248\" style=\"width: 670px\" class=\"wp-caption alignnone\"><img loading=\"lazy\" decoding=\"async\" class=\"wp-image-141248 size-full\" src=\"https:\/\/media.acninternational.org\/wp-content\/uploads\/2020\/08\/acn_nigeria_genocide-05.jpg\" alt=\"NIGERIA: Existe peligro de estigmatizar a los fulani.\" width=\"670\" height=\"400\" srcset=\"https:\/\/media.acninternational.org\/wp-content\/uploads\/2020\/08\/acn_nigeria_genocide-05.jpg 670w, https:\/\/media.acninternational.org\/wp-content\/uploads\/2020\/08\/acn_nigeria_genocide-05-300x179.jpg 300w\" sizes=\"auto, (max-width: 670px) 100vw, 670px\" \/><figcaption id=\"caption-attachment-141248\" class=\"wp-caption-text\">NIGERIA: Existe peligro de estigmatizar a los fulani.<\/figcaption><\/figure>\n<p class=\"Normal\"><strong><span class=\"Normal__Char\">La lucha entre campesinos y pastores es ancestral en \u00c1frica y, por eso, algunos hablan de una guerra tribal. \u00bfEs cierto que la mayor\u00eda de los cr\u00edmenes los cometen pastores del grupo \u00e9tnico fulani?<\/span><\/strong><span class=\"Normal__Char\"><strong>\u00a0<\/strong><br \/>\n<\/span><span class=\"Normal__Char\">Es cierto que los pastores fulani est\u00e1n muy involucrados en la perpetraci\u00f3n de cr\u00edmenes en el norte y especialmente en la regi\u00f3n del Cintur\u00f3n Medio pero no todos los fulani. Adem\u00e1s, no solo los fulani son responsables pues hay muchos grupos de otras tribus locales tambi\u00e9n involucrados en la criminalidad, el bandidaje, los secuestros y el robo de ganado y algunos de ellos incluso han formado milicias. De hecho, algunos fulani se han unido en bandas criminales con los grupos cristianos locales y est\u00e1n aterrorizando tanto a los fulani como a las etnias locales. Por lo tanto, la mayor parte de lo que est\u00e1 sucediendo tiene m\u00e1s que ver con la criminalidad y\u00a0 con el conflicto por los recursos.<\/span><\/p>\n<p class=\"Normal\"><span class=\"Normal__Char\"><strong>Hay alrededor de 20 a 25 millones de habitantes de la etnia fulani, presentes a lo largo y ancho de todo el Sahel y \u00c1frica Occidental. Algunas fuentes hablan incluso de unos 40 millones&#8230; \u00bfNo corremos el peligro de estigmatizar a todo un pueblo, a toda una comunidad?<\/strong><\/span><\/p>\n<p class=\"Normal\"><span class=\"Normal__Char\">Es cierto que tenemos m\u00e1s de 40 millones de fulanis repartidos por el Sahel y que, hist\u00f3ricamente, siempre han tenido malentendidos con sus vecinos, los campesinos. Sin embargo, tales disputas siempre se han resuelto utilizando mecanismos locales para la resoluci\u00f3n de conflictos. Estos conflictos han aumentado en n\u00famero y gravedad en los \u00faltimos a\u00f1os, no solo en Nigeria sino tambi\u00e9n en otros pa\u00edses como, por ejemplo, Mal\u00ed, N\u00edger, Burkina Faso, Ghana, Camer\u00fan, Chad, etc. Algunos de estos pa\u00edses son predominantemente musulmanes como, por ejemplo, N\u00edger y Mal\u00ed, y tambi\u00e9n ellos han registrado un gran repunte del conflicto en sus propias comunidades entre pastores y grupos locales.<\/span><\/p>\n<p class=\"Normal\"><strong><a name=\"_Hlk56584536\"><\/a><span class=\"Normal__Char\">Algunos piensan que el conflicto se ha convertido en un genocidio perpetrado por los yihadistas financiados desde fuera contra los cristianos del norte, donde son minor\u00eda. \u00bfQu\u00e9 piensa usted de esta hip\u00f3tesis?<\/span><span class=\"Normal__Char\">\u00a0\u00bfSe han radicalizado los fulani y han sido sus grupos infiltrados por yihadistas isl\u00e1micos?<\/span><span class=\"Normal__Char\">\u00a0<\/span><\/strong><span class=\"Normal__Char\"><strong>\u00a0<\/strong><br \/>\n<\/span><span class=\"Normal__Char\">El conflicto en el Cintur\u00f3n Medio puede parecer un conflicto religioso porque se da entre los pastores, que son predominantemente musulmanes, y los agricultores, que son predominantemente cristianos. Sin embargo, es m\u00e1s bien un conflicto de recursos que un conflicto religioso. Es s\u00f3lo la l\u00ednea divisoria religiosa la que hace que parezca un conflicto religioso. Sin embargo, es un conflicto basado en los recursos de la tierra y el agua para la agricultura, el pastoreo, etc. Se corre peligro de estigmatizar a los fulani cuando a todos ellos se les califica de yihadistas por las malas acciones de unos pocos, pues la mayor\u00eda de ellos son personas muy buenas, pac\u00edficas y trabajadoras.<\/span><\/p>\n<p class=\"Normal\"><span class=\"Normal__Char\">Es cierto que muchas personas han muerto como resultado de estas atrocidades. Tambi\u00e9n se dice que los yihadistas o mercenarios de otros pa\u00edses, especialmente de Mal\u00ed, son responsables de algunas de las atrocidades cometidas en el norte. Sin embargo, ser\u00eda un error afirmar que las atrocidades solo se dirigen contra los cristianos, esto no solo es err\u00f3neo sino despiadado. Los musulmanes han sufrido estos ataques al igual que los cristianos. As\u00ed, estados como Zamfara, Yobe y Katsina, donde el 90% es musulm\u00e1n, sufren a causa de esos bandidos. Incluso Katsina, el estado de origen del presidente, donde m\u00e1s de un 95% es musulm\u00e1n no se ha librado. De hecho, el pueblo del presidente ha sido atacado y varios pueblos han sido incendiados por completo. Tambi\u00e9n en Kaduna, tanto los cristianos como los musulmanes han sufrido por igual. Seg\u00fan he sabido, la gente apenas puede cultivar sus campos en Zaria, en Kaduna, debido a las actividades de los bandidos y all\u00ed la mayor\u00eda de la gente es musulmana.<\/span><\/p>\n<figure id=\"attachment_141242\" aria-describedby=\"caption-attachment-141242\" style=\"width: 670px\" class=\"wp-caption alignnone\"><img loading=\"lazy\" decoding=\"async\" class=\"wp-image-141242 size-full\" src=\"https:\/\/media.acninternational.org\/wp-content\/uploads\/2020\/08\/acn_nigeria_genocide-04.jpg\" alt=\"Hasta ahora hay unos 2,5 millones de desplazados en el noreste de Nigeria, 680.000 refugiados en Camer\u00fan y m\u00e1s de 294.000 en Chad y N\u00edger.\" width=\"670\" height=\"400\" srcset=\"https:\/\/media.acninternational.org\/wp-content\/uploads\/2020\/08\/acn_nigeria_genocide-04.jpg 670w, https:\/\/media.acninternational.org\/wp-content\/uploads\/2020\/08\/acn_nigeria_genocide-04-300x179.jpg 300w\" sizes=\"auto, (max-width: 670px) 100vw, 670px\" \/><figcaption id=\"caption-attachment-141242\" class=\"wp-caption-text\">Hasta ahora hay unos 2,5 millones de desplazados en el noreste de Nigeria, 680.000 refugiados en Camer\u00fan y m\u00e1s de 294.000 en Chad y N\u00edger.<\/figcaption><\/figure>\n<p class=\"Normal\"><strong><span class=\"Normal__Char\">\u00bfQu\u00e9 hay de las cifras? Algunas fuentes hablan de mil personas asesinadas, \u00bftiene usted cifras de las v\u00edctimas?<\/span><\/strong><span class=\"Normal__Char\"><strong>\u00a0<\/strong><br \/>\n<\/span><span class=\"Normal__Char\">Solo se puede conjeturar. Diferentes grupos y ONG, tanto locales como extranjeras, presentan cifras distintas. Sin embargo, se calcula que m\u00e1s de 20.000 personas han muerto hasta ahora en el norte de Nigeria como resultado de actividades terroristas. En el norte de la regi\u00f3n central, m\u00e1s de mil han sido asesinadas en los \u00faltimos cinco a\u00f1os. Sin embargo, los informes no son objetivos porque los diferentes grupos inflan sus cifras para atraer la simpat\u00eda tanto local como internacional. Adem\u00e1s, a veces, los bandidos van vestidos como soldados cuando llevan a cabo ataques. Debido a todos estos factores, siempre hay acusaciones y contraacusaciones entre los fulani y los grupos locales, entre cristianos y musulmanes, o entre agricultores y pastores, hasta el punto de que los hechos no quedan claros.<\/span><\/p>\n<p class=\"Normal\"><strong><span class=\"Normal__Char\">\u00bfY qu\u00e9 pasa con los refugiados? Los obispos escriben: \u201cLas v\u00edctimas de estos criminales permanecen atrapadas en los campos como refugiados, viviendo y muriendo en la pobreza y la enfermedad\u201d. \u00bfTiene usted cifras sobre la dimensi\u00f3n real de esta tragedia?<\/span><\/strong><span class=\"Normal__Char\"><strong>\u00a0<\/strong><br \/>\n<\/span><span class=\"Normal__Char\">Hasta ahora hay unos 2,5 millones de desplazados en el noreste de Nigeria, 680.000 refugiados en Camer\u00fan y m\u00e1s de 294.000 en Chad y N\u00edger. Por lo tanto, las cifras son elevadas y no se limitan solo a Nigeria porque el conflicto causado por Boko Haram afecta tambi\u00e9n a otros pa\u00edses como Chad, Mal\u00ed, N\u00edger y Camer\u00fan. La vida en ellos es muy dura y tambi\u00e9n son vulnerables al hambre y los abusos. Sin embargo, algunos de ellos, especialmente en la regi\u00f3n central septentrional, han regresado a sus comunidades ya que el conflicto en esa regi\u00f3n ha disminuido realmente, salvo por el bandidaje y los secuestros.<\/span><\/p>\n<p class=\"Normal\"><strong><span class=\"Normal__Char\">\u00bfQu\u00e9 puede y debe hacer el resto del mundo para ayudar a Nigeria en esta situaci\u00f3n desesperada?<\/span><\/strong><span class=\"Normal__Char\"><strong>\u00a0<\/strong><br \/>\n<\/span><span class=\"Normal__Char\">Creo que la mejor manera en que la comunidad internacional puede ayudar a Nigeria es en el \u00e1mbito de la seguridad, pues las fuerzas de seguridad no dan abasto con los problemas de seguridad que afronta Nigeria. Las fuerzas de seguridad necesitan m\u00e1s y mejores equipamientos, equipos de comunicaci\u00f3n, medios de transporte, etc. Adem\u00e1s, el Gobierno debe aumentar la asignaci\u00f3n presupuestaria de esas fuerzas, incrementar el reclutamiento y tambi\u00e9n mejorar su bienestar para levantarles la moral.<\/span><\/p>\n<p class=\"Normal\">\n","protected":false},"excerpt":{"rendered":"<p>\u00abEl conflicto en la regi\u00f3n centro norte de Nigeria es m\u00e1s un conflicto de recursos que religioso\u00bb, dice<\/p>\n","protected":false},"author":4258341447,"featured_media":145300,"comment_status":"closed","ping_status":"closed","sticky":false,"template":"","format":"standard","meta":{"_acf_changed":false,"_acn_coauthor_ids":[],"_acn_featured_article":false,"footnotes":""},"categories":[798],"tags":[],"country":[408],"class_list":["post-145282","post","type-post","status-publish","format-standard","has-post-thumbnail","hentry","category-interviews-es","country-nigeria-es"],"acn_coauthors":[],"acf":[],"yoast_head":"<!-- This site is optimized with the Yoast SEO Premium plugin v27.5 (Yoast SEO v27.5) - https:\/\/yoast.com\/product\/yoast-seo-premium-wordpress\/ -->\n<title>NIGERIA: Existe peligro de estigmatizar a los fulani<\/title>\n<meta name=\"description\" content=\"&quot;El conflicto en la regi\u00f3n centro norte de Nigeria es m\u00e1s un conflicto de recursos que religioso&quot;, dice el director del Centro para el Di\u00e1logo, la Reconciliaci\u00f3n y\u00a0 Paz en Jos.La fundaci\u00f3n pontificia Ayuda a la Iglesia Necesitada (ACN) entrevista al padre Blaise Agwon, director del Centro de Di\u00e1logo, Reconciliaci\u00f3n y Paz en Jos, capital del estado de Plateau, en la regi\u00f3n del cintur\u00f3n central\u00a0 de Nigeria. El sacerdote nigeriano actualmente est\u00e1 investigando\u00a0 la gesti\u00f3n de conflictos y paz con el Centro de Gesti\u00f3n de Conflictos y Estudios de Paz de la Universidad de Jos. El foco de la investigaci\u00f3n es el &quot;Conflicto entre agricultores y pastores en la regi\u00f3n del cintur\u00f3n medio y la mediaci\u00f3n de terceros&quot;. Mar\u00eda Lozano, jefa de prensa de ACN Internacional habla con \u00e9l sobre el conflicto que ha costado la vida a m\u00e1s de mil personas.\" \/>\n<meta name=\"robots\" content=\"index, follow, max-snippet:-1, max-image-preview:large, max-video-preview:-1\" \/>\n<link rel=\"canonical\" href=\"https:\/\/acninternational.org\/es\/nigeria-existe-peligro-de-estigmatizar-a-los-fulani\/\" \/>\n<meta property=\"og:locale\" content=\"es_ES\" \/>\n<meta property=\"og:type\" content=\"article\" \/>\n<meta property=\"og:title\" content=\"NIGERIA: Existe peligro de estigmatizar a los fulani\" \/>\n<meta property=\"og:description\" content=\"&quot;El conflicto en la regi\u00f3n centro norte de Nigeria es m\u00e1s un conflicto de recursos que religioso&quot;, dice el director del Centro para el Di\u00e1logo, la Reconciliaci\u00f3n y\u00a0 Paz en Jos.La fundaci\u00f3n pontificia Ayuda a la Iglesia Necesitada (ACN) entrevista al padre Blaise Agwon, director del Centro de Di\u00e1logo, Reconciliaci\u00f3n y Paz en Jos, capital del estado de Plateau, en la regi\u00f3n del cintur\u00f3n central\u00a0 de Nigeria. El sacerdote nigeriano actualmente est\u00e1 investigando\u00a0 la gesti\u00f3n de conflictos y paz con el Centro de Gesti\u00f3n de Conflictos y Estudios de Paz de la Universidad de Jos. El foco de la investigaci\u00f3n es el &quot;Conflicto entre agricultores y pastores en la regi\u00f3n del cintur\u00f3n medio y la mediaci\u00f3n de terceros&quot;. Mar\u00eda Lozano, jefa de prensa de ACN Internacional habla con \u00e9l sobre el conflicto que ha costado la vida a m\u00e1s de mil personas.\" \/>\n<meta property=\"og:url\" content=\"https:\/\/acninternational.org\/es\/nigeria-existe-peligro-de-estigmatizar-a-los-fulani\/\" \/>\n<meta property=\"og:site_name\" content=\"ACN International\" \/>\n<meta property=\"article:publisher\" content=\"https:\/\/www.facebook.com\/acninternationalorg\" \/>\n<meta property=\"article:published_time\" content=\"2020-11-23T08:16:53+00:00\" \/>\n<meta property=\"article:modified_time\" content=\"2020-11-23T08:37:06+00:00\" \/>\n<meta property=\"og:image\" content=\"https:\/\/media.acninternational.org\/wp-content\/uploads\/2020\/11\/Nigeria_Fulani2.jpg\" \/>\n\t<meta property=\"og:image:width\" content=\"1400\" \/>\n\t<meta property=\"og:image:height\" content=\"438\" \/>\n\t<meta property=\"og:image:type\" content=\"image\/jpeg\" \/>\n<meta name=\"author\" content=\"ACN Press Team\" \/>\n<meta name=\"twitter:card\" content=\"summary_large_image\" \/>\n<meta name=\"twitter:creator\" content=\"@acn_int\" \/>\n<meta name=\"twitter:site\" content=\"@acn_int\" \/>\n<meta name=\"twitter:label1\" content=\"Escrito por\" \/>\n\t<meta name=\"twitter:data1\" content=\"ACN Press Team\" \/>\n\t<meta name=\"twitter:label2\" content=\"Tiempo de lectura\" \/>\n\t<meta name=\"twitter:data2\" content=\"8 minutos\" \/>\n<script type=\"application\/ld+json\" class=\"yoast-schema-graph\">{\"@context\":\"https:\\\/\\\/schema.org\",\"@graph\":[{\"@type\":\"Article\",\"@id\":\"https:\\\/\\\/acninternational.org\\\/es\\\/nigeria-existe-peligro-de-estigmatizar-a-los-fulani\\\/#article\",\"isPartOf\":{\"@id\":\"https:\\\/\\\/acninternational.org\\\/es\\\/nigeria-existe-peligro-de-estigmatizar-a-los-fulani\\\/\"},\"author\":{\"name\":\"ACN Press Team\",\"@id\":\"https:\\\/\\\/acninternational.org\\\/es\\\/#\\\/schema\\\/person\\\/7f3dafb236b242fb2aa46be1411fd703\"},\"headline\":\"NIGERIA: Existe peligro de estigmatizar a los fulani\",\"datePublished\":\"2020-11-23T08:16:53+00:00\",\"dateModified\":\"2020-11-23T08:37:06+00:00\",\"mainEntityOfPage\":{\"@id\":\"https:\\\/\\\/acninternational.org\\\/es\\\/nigeria-existe-peligro-de-estigmatizar-a-los-fulani\\\/\"},\"wordCount\":1658,\"publisher\":{\"@id\":\"https:\\\/\\\/acninternational.org\\\/es\\\/#organization\"},\"image\":{\"@id\":\"https:\\\/\\\/acninternational.org\\\/es\\\/nigeria-existe-peligro-de-estigmatizar-a-los-fulani\\\/#primaryimage\"},\"thumbnailUrl\":\"https:\\\/\\\/media.acninternational.org\\\/wp-content\\\/uploads\\\/2020\\\/11\\\/Nigeria_Fulani2.jpg\",\"articleSection\":[\"INTERVIEWS\"],\"inLanguage\":\"es\"},{\"@type\":\"WebPage\",\"@id\":\"https:\\\/\\\/acninternational.org\\\/es\\\/nigeria-existe-peligro-de-estigmatizar-a-los-fulani\\\/\",\"url\":\"https:\\\/\\\/acninternational.org\\\/es\\\/nigeria-existe-peligro-de-estigmatizar-a-los-fulani\\\/\",\"name\":\"NIGERIA: Existe peligro de estigmatizar a los fulani\",\"isPartOf\":{\"@id\":\"https:\\\/\\\/acninternational.org\\\/es\\\/#website\"},\"primaryImageOfPage\":{\"@id\":\"https:\\\/\\\/acninternational.org\\\/es\\\/nigeria-existe-peligro-de-estigmatizar-a-los-fulani\\\/#primaryimage\"},\"image\":{\"@id\":\"https:\\\/\\\/acninternational.org\\\/es\\\/nigeria-existe-peligro-de-estigmatizar-a-los-fulani\\\/#primaryimage\"},\"thumbnailUrl\":\"https:\\\/\\\/media.acninternational.org\\\/wp-content\\\/uploads\\\/2020\\\/11\\\/Nigeria_Fulani2.jpg\",\"datePublished\":\"2020-11-23T08:16:53+00:00\",\"dateModified\":\"2020-11-23T08:37:06+00:00\",\"description\":\"\\\"El conflicto en la regi\u00f3n centro norte de Nigeria es m\u00e1s un conflicto de recursos que religioso\\\", dice el director del Centro para el Di\u00e1logo, la Reconciliaci\u00f3n y\u00a0 Paz en Jos.La fundaci\u00f3n pontificia Ayuda a la Iglesia Necesitada (ACN) entrevista al padre Blaise Agwon, director del Centro de Di\u00e1logo, Reconciliaci\u00f3n y Paz en Jos, capital del estado de Plateau, en la regi\u00f3n del cintur\u00f3n central\u00a0 de Nigeria. El sacerdote nigeriano actualmente est\u00e1 investigando\u00a0 la gesti\u00f3n de conflictos y paz con el Centro de Gesti\u00f3n de Conflictos y Estudios de Paz de la Universidad de Jos. El foco de la investigaci\u00f3n es el \\\"Conflicto entre agricultores y pastores en la regi\u00f3n del cintur\u00f3n medio y la mediaci\u00f3n de terceros\\\". Mar\u00eda Lozano, jefa de prensa de ACN Internacional habla con \u00e9l sobre el conflicto que ha costado la vida a m\u00e1s de mil personas.\",\"breadcrumb\":{\"@id\":\"https:\\\/\\\/acninternational.org\\\/es\\\/nigeria-existe-peligro-de-estigmatizar-a-los-fulani\\\/#breadcrumb\"},\"inLanguage\":\"es\",\"potentialAction\":[{\"@type\":\"ReadAction\",\"target\":[\"https:\\\/\\\/acninternational.org\\\/es\\\/nigeria-existe-peligro-de-estigmatizar-a-los-fulani\\\/\"]}]},{\"@type\":\"ImageObject\",\"inLanguage\":\"es\",\"@id\":\"https:\\\/\\\/acninternational.org\\\/es\\\/nigeria-existe-peligro-de-estigmatizar-a-los-fulani\\\/#primaryimage\",\"url\":\"https:\\\/\\\/media.acninternational.org\\\/wp-content\\\/uploads\\\/2020\\\/11\\\/Nigeria_Fulani2.jpg\",\"contentUrl\":\"https:\\\/\\\/media.acninternational.org\\\/wp-content\\\/uploads\\\/2020\\\/11\\\/Nigeria_Fulani2.jpg\",\"width\":1400,\"height\":438},{\"@type\":\"BreadcrumbList\",\"@id\":\"https:\\\/\\\/acninternational.org\\\/es\\\/nigeria-existe-peligro-de-estigmatizar-a-los-fulani\\\/#breadcrumb\",\"itemListElement\":[{\"@type\":\"ListItem\",\"position\":1,\"name\":\"Home\",\"item\":\"https:\\\/\\\/acninternational.org\\\/es\\\/\"},{\"@type\":\"ListItem\",\"position\":2,\"name\":\"INTERVIEWS\",\"item\":\"https:\\\/\\\/acninternational.org\\\/es\\\/category\\\/interviews-es\\\/\"},{\"@type\":\"ListItem\",\"position\":3,\"name\":\"NIGERIA: Existe peligro de estigmatizar a los fulani\"}]},{\"@type\":\"WebSite\",\"@id\":\"https:\\\/\\\/acninternational.org\\\/es\\\/#website\",\"url\":\"https:\\\/\\\/acninternational.org\\\/es\\\/\",\"name\":\"ACN International\",\"description\":\"\",\"publisher\":{\"@id\":\"https:\\\/\\\/acninternational.org\\\/es\\\/#organization\"},\"potentialAction\":[{\"@type\":\"SearchAction\",\"target\":{\"@type\":\"EntryPoint\",\"urlTemplate\":\"https:\\\/\\\/acninternational.org\\\/es\\\/?s={search_term_string}\"},\"query-input\":{\"@type\":\"PropertyValueSpecification\",\"valueRequired\":true,\"valueName\":\"search_term_string\"}}],\"inLanguage\":\"es\"},{\"@type\":\"Organization\",\"@id\":\"https:\\\/\\\/acninternational.org\\\/es\\\/#organization\",\"name\":\"Aid to the Church in Need International\",\"url\":\"https:\\\/\\\/acninternational.org\\\/es\\\/\",\"logo\":{\"@type\":\"ImageObject\",\"inLanguage\":\"es\",\"@id\":\"https:\\\/\\\/acninternational.org\\\/es\\\/#\\\/schema\\\/logo\\\/image\\\/\",\"url\":\"https:\\\/\\\/media.acninternational.org\\\/wp-content\\\/uploads\\\/2019\\\/11\\\/acn_logo_blackvector.svg\",\"contentUrl\":\"https:\\\/\\\/media.acninternational.org\\\/wp-content\\\/uploads\\\/2019\\\/11\\\/acn_logo_blackvector.svg\",\"width\":232.6,\"height\":78,\"caption\":\"Aid to the Church in Need International\"},\"image\":{\"@id\":\"https:\\\/\\\/acninternational.org\\\/es\\\/#\\\/schema\\\/logo\\\/image\\\/\"},\"sameAs\":[\"https:\\\/\\\/www.facebook.com\\\/acninternationalorg\",\"https:\\\/\\\/x.com\\\/acn_int\",\"https:\\\/\\\/www.youtube.com\\\/channel\\\/UCQ-077gS0TnVzkhHmf1opZw\",\"https:\\\/\\\/www.instagram.com\\\/acn_international\\\/\"]},{\"@type\":\"Person\",\"@id\":\"https:\\\/\\\/acninternational.org\\\/es\\\/#\\\/schema\\\/person\\\/7f3dafb236b242fb2aa46be1411fd703\",\"name\":\"ACN Press Team\",\"description\":\"Lorem ipsum dolor sit amet, consectetur adipiscing elit, sed do eiusmod tempor incididunt ut labore et dolore magna aliqua. Ut enim ad minim veniam, quis nostrud exercitation ullamco laboris nisi ut aliquip ex ea commodo consequat.\",\"url\":\"https:\\\/\\\/acninternational.org\\\/es\\\/author\\\/acn-press-team\\\/\"}]}<\/script>\n<!-- \/ Yoast SEO Premium plugin. -->","yoast_head_json":{"title":"NIGERIA: Existe peligro de estigmatizar a los fulani","description":"\"El conflicto en la regi\u00f3n centro norte de Nigeria es m\u00e1s un conflicto de recursos que religioso\", dice el director del Centro para el Di\u00e1logo, la Reconciliaci\u00f3n y\u00a0 Paz en Jos.La fundaci\u00f3n pontificia Ayuda a la Iglesia Necesitada (ACN) entrevista al padre Blaise Agwon, director del Centro de Di\u00e1logo, Reconciliaci\u00f3n y Paz en Jos, capital del estado de Plateau, en la regi\u00f3n del cintur\u00f3n central\u00a0 de Nigeria. El sacerdote nigeriano actualmente est\u00e1 investigando\u00a0 la gesti\u00f3n de conflictos y paz con el Centro de Gesti\u00f3n de Conflictos y Estudios de Paz de la Universidad de Jos. El foco de la investigaci\u00f3n es el \"Conflicto entre agricultores y pastores en la regi\u00f3n del cintur\u00f3n medio y la mediaci\u00f3n de terceros\". Mar\u00eda Lozano, jefa de prensa de ACN Internacional habla con \u00e9l sobre el conflicto que ha costado la vida a m\u00e1s de mil personas.","robots":{"index":"index","follow":"follow","max-snippet":"max-snippet:-1","max-image-preview":"max-image-preview:large","max-video-preview":"max-video-preview:-1"},"canonical":"https:\/\/acninternational.org\/es\/nigeria-existe-peligro-de-estigmatizar-a-los-fulani\/","og_locale":"es_ES","og_type":"article","og_title":"NIGERIA: Existe peligro de estigmatizar a los fulani","og_description":"\"El conflicto en la regi\u00f3n centro norte de Nigeria es m\u00e1s un conflicto de recursos que religioso\", dice el director del Centro para el Di\u00e1logo, la Reconciliaci\u00f3n y\u00a0 Paz en Jos.La fundaci\u00f3n pontificia Ayuda a la Iglesia Necesitada (ACN) entrevista al padre Blaise Agwon, director del Centro de Di\u00e1logo, Reconciliaci\u00f3n y Paz en Jos, capital del estado de Plateau, en la regi\u00f3n del cintur\u00f3n central\u00a0 de Nigeria. El sacerdote nigeriano actualmente est\u00e1 investigando\u00a0 la gesti\u00f3n de conflictos y paz con el Centro de Gesti\u00f3n de Conflictos y Estudios de Paz de la Universidad de Jos. El foco de la investigaci\u00f3n es el \"Conflicto entre agricultores y pastores en la regi\u00f3n del cintur\u00f3n medio y la mediaci\u00f3n de terceros\". Mar\u00eda Lozano, jefa de prensa de ACN Internacional habla con \u00e9l sobre el conflicto que ha costado la vida a m\u00e1s de mil personas.","og_url":"https:\/\/acninternational.org\/es\/nigeria-existe-peligro-de-estigmatizar-a-los-fulani\/","og_site_name":"ACN International","article_publisher":"https:\/\/www.facebook.com\/acninternationalorg","article_published_time":"2020-11-23T08:16:53+00:00","article_modified_time":"2020-11-23T08:37:06+00:00","og_image":[{"width":1400,"height":438,"url":"https:\/\/media.acninternational.org\/wp-content\/uploads\/2020\/11\/Nigeria_Fulani2.jpg","type":"image\/jpeg"}],"author":"ACN Press Team","twitter_card":"summary_large_image","twitter_creator":"@acn_int","twitter_site":"@acn_int","twitter_misc":{"Escrito por":"ACN Press Team","Tiempo de lectura":"8 minutos"},"schema":{"@context":"https:\/\/schema.org","@graph":[{"@type":"Article","@id":"https:\/\/acninternational.org\/es\/nigeria-existe-peligro-de-estigmatizar-a-los-fulani\/#article","isPartOf":{"@id":"https:\/\/acninternational.org\/es\/nigeria-existe-peligro-de-estigmatizar-a-los-fulani\/"},"author":{"name":"ACN Press Team","@id":"https:\/\/acninternational.org\/es\/#\/schema\/person\/7f3dafb236b242fb2aa46be1411fd703"},"headline":"NIGERIA: Existe peligro de estigmatizar a los fulani","datePublished":"2020-11-23T08:16:53+00:00","dateModified":"2020-11-23T08:37:06+00:00","mainEntityOfPage":{"@id":"https:\/\/acninternational.org\/es\/nigeria-existe-peligro-de-estigmatizar-a-los-fulani\/"},"wordCount":1658,"publisher":{"@id":"https:\/\/acninternational.org\/es\/#organization"},"image":{"@id":"https:\/\/acninternational.org\/es\/nigeria-existe-peligro-de-estigmatizar-a-los-fulani\/#primaryimage"},"thumbnailUrl":"https:\/\/media.acninternational.org\/wp-content\/uploads\/2020\/11\/Nigeria_Fulani2.jpg","articleSection":["INTERVIEWS"],"inLanguage":"es"},{"@type":"WebPage","@id":"https:\/\/acninternational.org\/es\/nigeria-existe-peligro-de-estigmatizar-a-los-fulani\/","url":"https:\/\/acninternational.org\/es\/nigeria-existe-peligro-de-estigmatizar-a-los-fulani\/","name":"NIGERIA: Existe peligro de estigmatizar a los fulani","isPartOf":{"@id":"https:\/\/acninternational.org\/es\/#website"},"primaryImageOfPage":{"@id":"https:\/\/acninternational.org\/es\/nigeria-existe-peligro-de-estigmatizar-a-los-fulani\/#primaryimage"},"image":{"@id":"https:\/\/acninternational.org\/es\/nigeria-existe-peligro-de-estigmatizar-a-los-fulani\/#primaryimage"},"thumbnailUrl":"https:\/\/media.acninternational.org\/wp-content\/uploads\/2020\/11\/Nigeria_Fulani2.jpg","datePublished":"2020-11-23T08:16:53+00:00","dateModified":"2020-11-23T08:37:06+00:00","description":"\"El conflicto en la regi\u00f3n centro norte de Nigeria es m\u00e1s un conflicto de recursos que religioso\", dice el director del Centro para el Di\u00e1logo, la Reconciliaci\u00f3n y\u00a0 Paz en Jos.La fundaci\u00f3n pontificia Ayuda a la Iglesia Necesitada (ACN) entrevista al padre Blaise Agwon, director del Centro de Di\u00e1logo, Reconciliaci\u00f3n y Paz en Jos, capital del estado de Plateau, en la regi\u00f3n del cintur\u00f3n central\u00a0 de Nigeria. El sacerdote nigeriano actualmente est\u00e1 investigando\u00a0 la gesti\u00f3n de conflictos y paz con el Centro de Gesti\u00f3n de Conflictos y Estudios de Paz de la Universidad de Jos. El foco de la investigaci\u00f3n es el \"Conflicto entre agricultores y pastores en la regi\u00f3n del cintur\u00f3n medio y la mediaci\u00f3n de terceros\". Mar\u00eda Lozano, jefa de prensa de ACN Internacional habla con \u00e9l sobre el conflicto que ha costado la vida a m\u00e1s de mil personas.","breadcrumb":{"@id":"https:\/\/acninternational.org\/es\/nigeria-existe-peligro-de-estigmatizar-a-los-fulani\/#breadcrumb"},"inLanguage":"es","potentialAction":[{"@type":"ReadAction","target":["https:\/\/acninternational.org\/es\/nigeria-existe-peligro-de-estigmatizar-a-los-fulani\/"]}]},{"@type":"ImageObject","inLanguage":"es","@id":"https:\/\/acninternational.org\/es\/nigeria-existe-peligro-de-estigmatizar-a-los-fulani\/#primaryimage","url":"https:\/\/media.acninternational.org\/wp-content\/uploads\/2020\/11\/Nigeria_Fulani2.jpg","contentUrl":"https:\/\/media.acninternational.org\/wp-content\/uploads\/2020\/11\/Nigeria_Fulani2.jpg","width":1400,"height":438},{"@type":"BreadcrumbList","@id":"https:\/\/acninternational.org\/es\/nigeria-existe-peligro-de-estigmatizar-a-los-fulani\/#breadcrumb","itemListElement":[{"@type":"ListItem","position":1,"name":"Home","item":"https:\/\/acninternational.org\/es\/"},{"@type":"ListItem","position":2,"name":"INTERVIEWS","item":"https:\/\/acninternational.org\/es\/category\/interviews-es\/"},{"@type":"ListItem","position":3,"name":"NIGERIA: Existe peligro de estigmatizar a los fulani"}]},{"@type":"WebSite","@id":"https:\/\/acninternational.org\/es\/#website","url":"https:\/\/acninternational.org\/es\/","name":"ACN International","description":"","publisher":{"@id":"https:\/\/acninternational.org\/es\/#organization"},"potentialAction":[{"@type":"SearchAction","target":{"@type":"EntryPoint","urlTemplate":"https:\/\/acninternational.org\/es\/?s={search_term_string}"},"query-input":{"@type":"PropertyValueSpecification","valueRequired":true,"valueName":"search_term_string"}}],"inLanguage":"es"},{"@type":"Organization","@id":"https:\/\/acninternational.org\/es\/#organization","name":"Aid to the Church in Need International","url":"https:\/\/acninternational.org\/es\/","logo":{"@type":"ImageObject","inLanguage":"es","@id":"https:\/\/acninternational.org\/es\/#\/schema\/logo\/image\/","url":"https:\/\/media.acninternational.org\/wp-content\/uploads\/2019\/11\/acn_logo_blackvector.svg","contentUrl":"https:\/\/media.acninternational.org\/wp-content\/uploads\/2019\/11\/acn_logo_blackvector.svg","width":232.6,"height":78,"caption":"Aid to the Church in Need International"},"image":{"@id":"https:\/\/acninternational.org\/es\/#\/schema\/logo\/image\/"},"sameAs":["https:\/\/www.facebook.com\/acninternationalorg","https:\/\/x.com\/acn_int","https:\/\/www.youtube.com\/channel\/UCQ-077gS0TnVzkhHmf1opZw","https:\/\/www.instagram.com\/acn_international\/"]},{"@type":"Person","@id":"https:\/\/acninternational.org\/es\/#\/schema\/person\/7f3dafb236b242fb2aa46be1411fd703","name":"ACN Press Team","description":"Lorem ipsum dolor sit amet, consectetur adipiscing elit, sed do eiusmod tempor incididunt ut labore et dolore magna aliqua. Ut enim ad minim veniam, quis nostrud exercitation ullamco laboris nisi ut aliquip ex ea commodo consequat.","url":"https:\/\/acninternational.org\/es\/author\/acn-press-team\/"}]}},"_links":{"self":[{"href":"https:\/\/acninternational.org\/es\/wp-json\/wp\/v2\/posts\/145282","targetHints":{"allow":["GET"]}}],"collection":[{"href":"https:\/\/acninternational.org\/es\/wp-json\/wp\/v2\/posts"}],"about":[{"href":"https:\/\/acninternational.org\/es\/wp-json\/wp\/v2\/types\/post"}],"author":[{"embeddable":true,"href":"https:\/\/acninternational.org\/es\/wp-json\/wp\/v2\/users\/4258341447"}],"replies":[{"embeddable":true,"href":"https:\/\/acninternational.org\/es\/wp-json\/wp\/v2\/comments?post=145282"}],"version-history":[{"count":0,"href":"https:\/\/acninternational.org\/es\/wp-json\/wp\/v2\/posts\/145282\/revisions"}],"wp:featuredmedia":[{"embeddable":true,"href":"https:\/\/acninternational.org\/es\/wp-json\/wp\/v2\/media\/145300"}],"wp:attachment":[{"href":"https:\/\/acninternational.org\/es\/wp-json\/wp\/v2\/media?parent=145282"}],"wp:term":[{"taxonomy":"category","embeddable":true,"href":"https:\/\/acninternational.org\/es\/wp-json\/wp\/v2\/categories?post=145282"},{"taxonomy":"post_tag","embeddable":true,"href":"https:\/\/acninternational.org\/es\/wp-json\/wp\/v2\/tags?post=145282"},{"taxonomy":"country","embeddable":true,"href":"https:\/\/acninternational.org\/es\/wp-json\/wp\/v2\/country?post=145282"}],"curies":[{"name":"wp","href":"https:\/\/api.w.org\/{rel}","templated":true}]}}