{"id":144032,"date":"2020-10-23T10:40:59","date_gmt":"2020-10-23T08:40:59","guid":{"rendered":"https:\/\/acninternational.org\/?p=144032"},"modified":"2020-10-23T10:47:50","modified_gmt":"2020-10-23T08:47:50","slug":"fuego-y-vandalismo-la-tragedia-sin-fin-de-dos-iglesias-patrimoniales-de-santiago","status":"publish","type":"post","link":"https:\/\/acninternational.org\/es\/fuego-y-vandalismo-la-tragedia-sin-fin-de-dos-iglesias-patrimoniales-de-santiago\/","title":{"rendered":"Fuego y vandalismo: la tragedia sin fin de dos iglesias patrimoniales de Santiago"},"content":{"rendered":"<p>Hay cenizas y se respira el olor a quemado en la c\u00e9ntrica parroquia de La Asunci\u00f3n. Desde el suelo de la nave principal se pueden ver las nubes: el techo est\u00e1 totalmente destruido. Tampoco est\u00e1 el campanario de la iglesia, que le daba identidad al barrio. Sus dos campanas cayeron desde la altura cuando se desplom\u00f3 la torre; una se destruy\u00f3 y la otra fue rescatada de los escombros. Bancas y altares fueron quemados y destruidos antes, durante las protestas del a\u00f1o pasado. Tras los ataques de 2019 se hab\u00edan puesto latones en las puertas y protecci\u00f3n en los vitrales, pero no fueron suficientes.<\/p>\n<figure id=\"attachment_144007\" aria-describedby=\"caption-attachment-144007\" style=\"width: 670px\" class=\"wp-caption alignnone\"><img loading=\"lazy\" decoding=\"async\" class=\"wp-image-144007 size-full\" src=\"https:\/\/media.acninternational.org\/wp-content\/uploads\/2020\/10\/acn_chile_Arson-and-vandalism-the-continuing-tragedy-of-two-iconic-churches-in-Santiago-2.jpg\" alt=\"Desde el suelo de la nave principal se pueden ver las nubes: el techo est\u00e1 totalmente destruido.\" width=\"670\" height=\"400\" srcset=\"https:\/\/media.acninternational.org\/wp-content\/uploads\/2020\/10\/acn_chile_Arson-and-vandalism-the-continuing-tragedy-of-two-iconic-churches-in-Santiago-2.jpg 670w, https:\/\/media.acninternational.org\/wp-content\/uploads\/2020\/10\/acn_chile_Arson-and-vandalism-the-continuing-tragedy-of-two-iconic-churches-in-Santiago-2-300x179.jpg 300w\" sizes=\"auto, (max-width: 670px) 100vw, 670px\" \/><figcaption id=\"caption-attachment-144007\" class=\"wp-caption-text\">Desde el suelo de la nave principal se pueden ver las nubes: el techo est\u00e1 totalmente destruido.<\/figcaption><\/figure>\n<p>La semana pasada hubo una reuni\u00f3n al interior de este centenario templo, emplazado en Vicu\u00f1a Mackenna. La idea era anunciar la fecha del comienzo de las obras de recuperaci\u00f3n el 8 de noviembre de 2020, y se coordinaron los planes para el inicio de las obras. Ya ten\u00edan los planos antiguos de la iglesia, facilitados por la Municipalidad de Santiago, estudios hist\u00f3ricos y constructivos.<\/p>\n<p>El ambiente era tenso. La iglesia sigui\u00f3 sufriendo, durante 2020, continuos y amenazantes rayados. \u00abPor su ubicaci\u00f3n, a pocos metros de la Plaza Baquedano, en la parroquia se viv\u00eda una sensaci\u00f3n de inseguridad constante, incluso durante la cuarentena. Desde 2019, los muros han sido rayados por dentro y por fuera con consignas contra la iglesia y los sacerdotes, con frases como &#8216;Hasta verla arder'\u00bb, explica Mar\u00eda de los \u00c1ngeles Covarrubias, presidenta de la fundaci\u00f3n \u00abAyuda a la iglesia que sufre\u00bb (ACN Chile), organizaci\u00f3n que apoya a los cristianos en el mundo que son perseguidos por su fe o sufren graves necesidades.<\/p>\n<figure id=\"attachment_143896\" aria-describedby=\"caption-attachment-143896\" style=\"width: 670px\" class=\"wp-caption alignnone\"><img loading=\"lazy\" decoding=\"async\" class=\"wp-image-143896 size-full\" src=\"https:\/\/media.acninternational.org\/wp-content\/uploads\/2020\/10\/acn_new_two-churches-set-in-fire-in-Santiago-de-Chile-2.jpg\" alt=\"con consignas contra la iglesia y los sacerdotes, con frases como 'Hasta verla arder'\" width=\"670\" height=\"400\" srcset=\"https:\/\/media.acninternational.org\/wp-content\/uploads\/2020\/10\/acn_new_two-churches-set-in-fire-in-Santiago-de-Chile-2.jpg 670w, https:\/\/media.acninternational.org\/wp-content\/uploads\/2020\/10\/acn_new_two-churches-set-in-fire-in-Santiago-de-Chile-2-300x179.jpg 300w\" sizes=\"auto, (max-width: 670px) 100vw, 670px\" \/><figcaption id=\"caption-attachment-143896\" class=\"wp-caption-text\">Con consignas contra la iglesia y los sacerdotes, con frases como &#8216;Hasta verla arder&#8217;<\/figcaption><\/figure>\n<p>\u00abVer el incendio intencional de una iglesia destruye el alma\u00bb, agrega Covarrubias. \u00abRevela el nivel de fractura de nuestra sociedad, donde peque\u00f1os grupos se sienten due\u00f1os de la verdad y con el derecho a destruir y celebrar la ca\u00edda de lugares que representan la fe de una comunidad. La irracionalidad y el odio que vimos atenta contra un derecho humano fundamental, que es la libertad religiosa. La violencia no debe tener cabida en una sociedad que se dice democr\u00e1tica\u00bb.<\/p>\n<p>El p\u00e1rroco de la iglesia, padre Pedro Narbona, relata que todav\u00eda lo remece el \u00abeuf\u00f3rico festejo cuando cay\u00f3 la torre del templo este domingo, que me record\u00f3 cuando decapitaron, en noviembre de 2019, la imagen de la Virgen que estaba en el frontis de la iglesia. Duele que la comunidad ahora haya quedado sin lugar para reunirse, una salita que us\u00e1bamos fue completamente vandalizada. Aqu\u00ed en la iglesia hay una historia viva, que va m\u00e1s all\u00e1 de sus muros. Es toda la relaci\u00f3n con Dios de muchas personas que ven\u00edan a rezar, que bautizaron a sus hijos, que se casaron, que despidieron aqu\u00ed a sus muertos\u00bb.<\/p>\n<figure id=\"attachment_144019\" aria-describedby=\"caption-attachment-144019\" style=\"width: 670px\" class=\"wp-caption alignnone\"><img loading=\"lazy\" decoding=\"async\" class=\"wp-image-144019 size-full\" src=\"https:\/\/media.acninternational.org\/wp-content\/uploads\/2020\/10\/acn_chile_Arson-and-vandalism-the-continuing-tragedy-of-two-iconic-churches-in-Santiago-4.jpg\" alt=\"El p\u00e1rroco de la iglesia, padre Pedro Narbona\" width=\"670\" height=\"400\" srcset=\"https:\/\/media.acninternational.org\/wp-content\/uploads\/2020\/10\/acn_chile_Arson-and-vandalism-the-continuing-tragedy-of-two-iconic-churches-in-Santiago-4.jpg 670w, https:\/\/media.acninternational.org\/wp-content\/uploads\/2020\/10\/acn_chile_Arson-and-vandalism-the-continuing-tragedy-of-two-iconic-churches-in-Santiago-4-300x179.jpg 300w\" sizes=\"auto, (max-width: 670px) 100vw, 670px\" \/><figcaption id=\"caption-attachment-144019\" class=\"wp-caption-text\">El p\u00e1rroco de la iglesia, padre Pedro Narbona<\/figcaption><\/figure>\n<p>Magdalena Lira, directora nacional de ACN Chile, revela que \u00abdesde el primer ataque vand\u00e1lico, el 8 de noviembre de 2019, el p\u00e1rroco Pedro Narbona y ACN nos unimos para recaudar fondos para restaurar la iglesia. Est\u00e1bamos afinando el proyecto con un equipo de profesionales. El 8 de noviembre, cuando se cumpliera un a\u00f1o del primer ataque vand\u00e1lico, el p\u00e1rroco iba a anunciar la fecha de inicio de las obras. Nuestros planes quedaron hechos trizas\u00bb.<\/p>\n<p>El proyecto contemplaba reponer el mobiliario de la iglesia (altar, bancos, im\u00e1genes religiosas) que fue incendiado, destruido y usado para hacer barricadas a fines de 2019. \u00abTambi\u00e9n restituir su iluminaci\u00f3n, pintura y terminaciones de muros y cielos. Muy relevante era el proyecto de seguridad para el per\u00edmetro de su fachada. Especialmente sus cuatro portadas y ventanales\u00bb, dice Lira.<\/p>\n<p>Pese a la desaz\u00f3n y sacando fuerzas de flaqueza, hoy persiste la idea de salvarla. Al menos los muros laterales siguen levantados, aunque a\u00fan no hay estudios concluyentes sobre su estado. \u00abLos fieles necesitan un lugar digno para encontrarse con Dios, celebrar los sacramentos y reunirse. No se trata solo de un edificio f\u00edsico, que en algunos casos tiene valor patrimonial, sino que es la custodia de la historia de una comunidad\u00bb, se\u00f1ala Covarrubias. ACN Chile ha levantado, tras el terremoto de 2010, 45 capillas de emergencia y ha restaurado nueve iglesias chilenas da\u00f1adas por los terremotos de 2005 y 2010. \u00abPero hace unos a\u00f1os no imagin\u00e1bamos ver en Chile iglesias ardiendo por la intolerancia\u00bb, se\u00f1ala Covarrubias.<\/p>\n<figure id=\"attachment_144013\" aria-describedby=\"caption-attachment-144013\" style=\"width: 670px\" class=\"wp-caption alignnone\"><img loading=\"lazy\" decoding=\"async\" class=\"wp-image-144013 size-full\" src=\"https:\/\/media.acninternational.org\/wp-content\/uploads\/2020\/10\/acn_chile_Arson-and-vandalism-the-continuing-tragedy-of-two-iconic-churches-in-Santiago-3.jpg\" alt=\"La iglesia de La Asunci\u00f3n: sus dos campanas cayeron desde la altura cuando se desplom\u00f3 la torre\" width=\"670\" height=\"400\" srcset=\"https:\/\/media.acninternational.org\/wp-content\/uploads\/2020\/10\/acn_chile_Arson-and-vandalism-the-continuing-tragedy-of-two-iconic-churches-in-Santiago-3.jpg 670w, https:\/\/media.acninternational.org\/wp-content\/uploads\/2020\/10\/acn_chile_Arson-and-vandalism-the-continuing-tragedy-of-two-iconic-churches-in-Santiago-3-300x179.jpg 300w\" sizes=\"auto, (max-width: 670px) 100vw, 670px\" \/><figcaption id=\"caption-attachment-144013\" class=\"wp-caption-text\">La iglesia de La Asunci\u00f3n: sus dos campanas cayeron desde la altura cuando se desplom\u00f3 la torre<\/figcaption><\/figure>\n<p>Para el decano de Arquitectura de la UDD, Pablo Allard, la iglesia de La Asunci\u00f3n ten\u00eda un significado personal: su madre, Ang\u00e9lica Serrano, hab\u00eda donado una imagen pintada por ella al templo. \u00abPienso que, m\u00e1s all\u00e1 del credo o denominaci\u00f3n, los templos son obras que dan cuenta de la fuerza del misterio de la fe y la b\u00fasqueda de la humanidad por encontrar trascendencia m\u00e1s all\u00e1 de lo material. Son lugares esencialmente comunitarios, que no solo prestan el servicio de llevar la liturgia de la palabra a los creyentes, sino tambi\u00e9n son centros de ayuda y apoyo a los m\u00e1s vulnerables, y son parte de nuestro patrimonio tangible e intangible. Aunque los recursos son escasos, creo que la reconstrucci\u00f3n de estas iglesias deber\u00eda ser tomada como una obra de reparaci\u00f3n y compromiso para la paz social\u00bb, se\u00f1ala el arquitecto y urbanista.<\/p>\n<p>Al reconocido fot\u00f3grafo y documentalista Pablo Valenzuela Vaillant le toc\u00f3 fotografiar los incendios del domingo y visit\u00f3 ayer las ruinas de las dos iglesias. Qued\u00f3 muy impactado. \u00abA partir del estallido social, comenc\u00e9 a realizar un trabajo fotogr\u00e1fico, concentrado en la plaza Italia y sus alrededores. Un registro urbano del sector, tomado en distintas fechas\u00bb, explica. \u00abVer y fotografiar estas dos iglesias incendi\u00e1ndose me impulsa a hacer un llamado transversal, sin distinci\u00f3n pol\u00edtica ni de ning\u00fan tipo, para unirnos y cuidar nuestro patrimonio natural y cultural, para el bien de esta y las futuras generaciones\u00bb.<\/p>\n","protected":false},"excerpt":{"rendered":"<p>The embers are still smouldering, and you can smell the smoke of burning in the centrally situated church of the<\/p>\n","protected":false},"author":66,"featured_media":144030,"comment_status":"closed","ping_status":"closed","sticky":false,"template":"","format":"standard","meta":{"_acf_changed":false,"_acn_coauthor_ids":[],"footnotes":""},"categories":[237],"tags":[],"country":[764],"class_list":["post-144032","post","type-post","status-publish","format-standard","has-post-thumbnail","hentry","category-sin-categorizar","country-chile"],"acn_coauthors":[],"acf":[],"yoast_head":"<!-- This site is optimized with the Yoast SEO Premium plugin v27.3 (Yoast SEO v27.3) - https:\/\/yoast.com\/product\/yoast-seo-premium-wordpress\/ -->\n<title>Fuego y vandalismo: la tragedia sin fin de dos iglesias patrimoniales de Santiago | ACN International<\/title>\n<meta name=\"robots\" content=\"index, follow, max-snippet:-1, max-image-preview:large, max-video-preview:-1\" \/>\n<link rel=\"canonical\" href=\"https:\/\/acninternational.org\/es\/fuego-y-vandalismo-la-tragedia-sin-fin-de-dos-iglesias-patrimoniales-de-santiago\/\" \/>\n<meta property=\"og:locale\" content=\"es_ES\" \/>\n<meta property=\"og:type\" content=\"article\" \/>\n<meta property=\"og:title\" content=\"Fuego y vandalismo: la tragedia sin fin de dos iglesias patrimoniales de Santiago\" \/>\n<meta property=\"og:description\" content=\"The embers are still smouldering, and you can smell the smoke of burning in the centrally situated church of the\" \/>\n<meta property=\"og:url\" content=\"https:\/\/acninternational.org\/es\/fuego-y-vandalismo-la-tragedia-sin-fin-de-dos-iglesias-patrimoniales-de-santiago\/\" \/>\n<meta property=\"og:site_name\" content=\"ACN International\" \/>\n<meta property=\"article:publisher\" content=\"https:\/\/www.facebook.com\/acninternationalorg\" \/>\n<meta property=\"article:published_time\" content=\"2020-10-23T08:40:59+00:00\" \/>\n<meta property=\"article:modified_time\" content=\"2020-10-23T08:47:50+00:00\" \/>\n<meta property=\"og:image\" content=\"https:\/\/media.acninternational.org\/wp-content\/uploads\/2020\/10\/acn_chile_Arson-and-vandalism-the-continuing-tragedy-of-two-iconic-churches-in-Santiago.jpg\" \/>\n\t<meta property=\"og:image:width\" content=\"2000\" \/>\n\t<meta property=\"og:image:height\" content=\"625\" \/>\n\t<meta property=\"og:image:type\" content=\"image\/jpeg\" \/>\n<meta name=\"author\" content=\"Milena\" \/>\n<meta name=\"twitter:card\" content=\"summary_large_image\" \/>\n<meta name=\"twitter:creator\" content=\"@acn_int\" \/>\n<meta name=\"twitter:site\" content=\"@acn_int\" \/>\n<meta name=\"twitter:label1\" content=\"Escrito por\" \/>\n\t<meta name=\"twitter:data1\" content=\"Milena\" \/>\n\t<meta name=\"twitter:label2\" content=\"Tiempo de lectura\" \/>\n\t<meta name=\"twitter:data2\" content=\"5 minutos\" \/>\n<script type=\"application\/ld+json\" class=\"yoast-schema-graph\">{\"@context\":\"https:\\\/\\\/schema.org\",\"@graph\":[{\"@type\":\"Article\",\"@id\":\"https:\\\/\\\/acninternational.org\\\/es\\\/fuego-y-vandalismo-la-tragedia-sin-fin-de-dos-iglesias-patrimoniales-de-santiago\\\/#article\",\"isPartOf\":{\"@id\":\"https:\\\/\\\/acninternational.org\\\/es\\\/fuego-y-vandalismo-la-tragedia-sin-fin-de-dos-iglesias-patrimoniales-de-santiago\\\/\"},\"author\":{\"name\":\"Milena\",\"@id\":\"https:\\\/\\\/acninternational.org\\\/es\\\/#\\\/schema\\\/person\\\/5a2b2930ad4475e0aa0dade4e51d9474\"},\"headline\":\"Fuego y vandalismo: la tragedia sin fin de dos iglesias patrimoniales de Santiago\",\"datePublished\":\"2020-10-23T08:40:59+00:00\",\"dateModified\":\"2020-10-23T08:47:50+00:00\",\"mainEntityOfPage\":{\"@id\":\"https:\\\/\\\/acninternational.org\\\/es\\\/fuego-y-vandalismo-la-tragedia-sin-fin-de-dos-iglesias-patrimoniales-de-santiago\\\/\"},\"wordCount\":1089,\"publisher\":{\"@id\":\"https:\\\/\\\/acninternational.org\\\/es\\\/#organization\"},\"image\":{\"@id\":\"https:\\\/\\\/acninternational.org\\\/es\\\/fuego-y-vandalismo-la-tragedia-sin-fin-de-dos-iglesias-patrimoniales-de-santiago\\\/#primaryimage\"},\"thumbnailUrl\":\"https:\\\/\\\/media.acninternational.org\\\/wp-content\\\/uploads\\\/2020\\\/10\\\/acn_chile_Arson-and-vandalism-the-continuing-tragedy-of-two-iconic-churches-in-Santiago.jpg\",\"articleSection\":[\"Sin categorizar\"],\"inLanguage\":\"es\"},{\"@type\":\"WebPage\",\"@id\":\"https:\\\/\\\/acninternational.org\\\/es\\\/fuego-y-vandalismo-la-tragedia-sin-fin-de-dos-iglesias-patrimoniales-de-santiago\\\/\",\"url\":\"https:\\\/\\\/acninternational.org\\\/es\\\/fuego-y-vandalismo-la-tragedia-sin-fin-de-dos-iglesias-patrimoniales-de-santiago\\\/\",\"name\":\"Fuego y vandalismo: la tragedia sin fin de dos iglesias patrimoniales de Santiago | ACN International\",\"isPartOf\":{\"@id\":\"https:\\\/\\\/acninternational.org\\\/es\\\/#website\"},\"primaryImageOfPage\":{\"@id\":\"https:\\\/\\\/acninternational.org\\\/es\\\/fuego-y-vandalismo-la-tragedia-sin-fin-de-dos-iglesias-patrimoniales-de-santiago\\\/#primaryimage\"},\"image\":{\"@id\":\"https:\\\/\\\/acninternational.org\\\/es\\\/fuego-y-vandalismo-la-tragedia-sin-fin-de-dos-iglesias-patrimoniales-de-santiago\\\/#primaryimage\"},\"thumbnailUrl\":\"https:\\\/\\\/media.acninternational.org\\\/wp-content\\\/uploads\\\/2020\\\/10\\\/acn_chile_Arson-and-vandalism-the-continuing-tragedy-of-two-iconic-churches-in-Santiago.jpg\",\"datePublished\":\"2020-10-23T08:40:59+00:00\",\"dateModified\":\"2020-10-23T08:47:50+00:00\",\"breadcrumb\":{\"@id\":\"https:\\\/\\\/acninternational.org\\\/es\\\/fuego-y-vandalismo-la-tragedia-sin-fin-de-dos-iglesias-patrimoniales-de-santiago\\\/#breadcrumb\"},\"inLanguage\":\"es\",\"potentialAction\":[{\"@type\":\"ReadAction\",\"target\":[\"https:\\\/\\\/acninternational.org\\\/es\\\/fuego-y-vandalismo-la-tragedia-sin-fin-de-dos-iglesias-patrimoniales-de-santiago\\\/\"]}]},{\"@type\":\"ImageObject\",\"inLanguage\":\"es\",\"@id\":\"https:\\\/\\\/acninternational.org\\\/es\\\/fuego-y-vandalismo-la-tragedia-sin-fin-de-dos-iglesias-patrimoniales-de-santiago\\\/#primaryimage\",\"url\":\"https:\\\/\\\/media.acninternational.org\\\/wp-content\\\/uploads\\\/2020\\\/10\\\/acn_chile_Arson-and-vandalism-the-continuing-tragedy-of-two-iconic-churches-in-Santiago.jpg\",\"contentUrl\":\"https:\\\/\\\/media.acninternational.org\\\/wp-content\\\/uploads\\\/2020\\\/10\\\/acn_chile_Arson-and-vandalism-the-continuing-tragedy-of-two-iconic-churches-in-Santiago.jpg\",\"width\":2000,\"height\":625},{\"@type\":\"BreadcrumbList\",\"@id\":\"https:\\\/\\\/acninternational.org\\\/es\\\/fuego-y-vandalismo-la-tragedia-sin-fin-de-dos-iglesias-patrimoniales-de-santiago\\\/#breadcrumb\",\"itemListElement\":[{\"@type\":\"ListItem\",\"position\":1,\"name\":\"Home\",\"item\":\"https:\\\/\\\/acninternational.org\\\/es\\\/\"},{\"@type\":\"ListItem\",\"position\":2,\"name\":\"DESTACADO\",\"item\":\"https:\\\/\\\/acninternational.org\\\/es\\\/category\\\/destacado\\\/\"},{\"@type\":\"ListItem\",\"position\":3,\"name\":\"Fuego y vandalismo: la tragedia sin fin de dos iglesias patrimoniales de Santiago\"}]},{\"@type\":\"WebSite\",\"@id\":\"https:\\\/\\\/acninternational.org\\\/es\\\/#website\",\"url\":\"https:\\\/\\\/acninternational.org\\\/es\\\/\",\"name\":\"ACN International\",\"description\":\"\",\"publisher\":{\"@id\":\"https:\\\/\\\/acninternational.org\\\/es\\\/#organization\"},\"potentialAction\":[{\"@type\":\"SearchAction\",\"target\":{\"@type\":\"EntryPoint\",\"urlTemplate\":\"https:\\\/\\\/acninternational.org\\\/es\\\/?s={search_term_string}\"},\"query-input\":{\"@type\":\"PropertyValueSpecification\",\"valueRequired\":true,\"valueName\":\"search_term_string\"}}],\"inLanguage\":\"es\"},{\"@type\":\"Organization\",\"@id\":\"https:\\\/\\\/acninternational.org\\\/es\\\/#organization\",\"name\":\"Aid to the Church in Need International\",\"url\":\"https:\\\/\\\/acninternational.org\\\/es\\\/\",\"logo\":{\"@type\":\"ImageObject\",\"inLanguage\":\"es\",\"@id\":\"https:\\\/\\\/acninternational.org\\\/es\\\/#\\\/schema\\\/logo\\\/image\\\/\",\"url\":\"https:\\\/\\\/media.acninternational.org\\\/wp-content\\\/uploads\\\/2019\\\/11\\\/acn_logo_blackvector.svg\",\"contentUrl\":\"https:\\\/\\\/media.acninternational.org\\\/wp-content\\\/uploads\\\/2019\\\/11\\\/acn_logo_blackvector.svg\",\"width\":232.6,\"height\":78,\"caption\":\"Aid to the Church in Need International\"},\"image\":{\"@id\":\"https:\\\/\\\/acninternational.org\\\/es\\\/#\\\/schema\\\/logo\\\/image\\\/\"},\"sameAs\":[\"https:\\\/\\\/www.facebook.com\\\/acninternationalorg\",\"https:\\\/\\\/x.com\\\/acn_int\",\"https:\\\/\\\/www.youtube.com\\\/channel\\\/UCQ-077gS0TnVzkhHmf1opZw\",\"https:\\\/\\\/www.instagram.com\\\/acn_international\\\/\"]},{\"@type\":\"Person\",\"@id\":\"https:\\\/\\\/acninternational.org\\\/es\\\/#\\\/schema\\\/person\\\/5a2b2930ad4475e0aa0dade4e51d9474\",\"name\":\"Milena\",\"description\":\"Lorem ipsum dolor sit amet, consectetur adipiscing elit, sed do eiusmod tempor incididunt ut labore et dolore magna aliqua. Ut enim ad minim veniam, quis nostrud exercitation ullamco laboris nisi ut aliquip ex ea commodo consequat.\",\"url\":\"https:\\\/\\\/acninternational.org\\\/es\\\/author\\\/milena\\\/\"}]}<\/script>\n<!-- \/ Yoast SEO Premium plugin. -->","yoast_head_json":{"title":"Fuego y vandalismo: la tragedia sin fin de dos iglesias patrimoniales de Santiago | ACN International","robots":{"index":"index","follow":"follow","max-snippet":"max-snippet:-1","max-image-preview":"max-image-preview:large","max-video-preview":"max-video-preview:-1"},"canonical":"https:\/\/acninternational.org\/es\/fuego-y-vandalismo-la-tragedia-sin-fin-de-dos-iglesias-patrimoniales-de-santiago\/","og_locale":"es_ES","og_type":"article","og_title":"Fuego y vandalismo: la tragedia sin fin de dos iglesias patrimoniales de Santiago","og_description":"The embers are still smouldering, and you can smell the smoke of burning in the centrally situated church of the","og_url":"https:\/\/acninternational.org\/es\/fuego-y-vandalismo-la-tragedia-sin-fin-de-dos-iglesias-patrimoniales-de-santiago\/","og_site_name":"ACN International","article_publisher":"https:\/\/www.facebook.com\/acninternationalorg","article_published_time":"2020-10-23T08:40:59+00:00","article_modified_time":"2020-10-23T08:47:50+00:00","og_image":[{"width":2000,"height":625,"url":"https:\/\/media.acninternational.org\/wp-content\/uploads\/2020\/10\/acn_chile_Arson-and-vandalism-the-continuing-tragedy-of-two-iconic-churches-in-Santiago.jpg","type":"image\/jpeg"}],"author":"Milena","twitter_card":"summary_large_image","twitter_creator":"@acn_int","twitter_site":"@acn_int","twitter_misc":{"Escrito por":"Milena","Tiempo de lectura":"5 minutos"},"schema":{"@context":"https:\/\/schema.org","@graph":[{"@type":"Article","@id":"https:\/\/acninternational.org\/es\/fuego-y-vandalismo-la-tragedia-sin-fin-de-dos-iglesias-patrimoniales-de-santiago\/#article","isPartOf":{"@id":"https:\/\/acninternational.org\/es\/fuego-y-vandalismo-la-tragedia-sin-fin-de-dos-iglesias-patrimoniales-de-santiago\/"},"author":{"name":"Milena","@id":"https:\/\/acninternational.org\/es\/#\/schema\/person\/5a2b2930ad4475e0aa0dade4e51d9474"},"headline":"Fuego y vandalismo: la tragedia sin fin de dos iglesias patrimoniales de Santiago","datePublished":"2020-10-23T08:40:59+00:00","dateModified":"2020-10-23T08:47:50+00:00","mainEntityOfPage":{"@id":"https:\/\/acninternational.org\/es\/fuego-y-vandalismo-la-tragedia-sin-fin-de-dos-iglesias-patrimoniales-de-santiago\/"},"wordCount":1089,"publisher":{"@id":"https:\/\/acninternational.org\/es\/#organization"},"image":{"@id":"https:\/\/acninternational.org\/es\/fuego-y-vandalismo-la-tragedia-sin-fin-de-dos-iglesias-patrimoniales-de-santiago\/#primaryimage"},"thumbnailUrl":"https:\/\/media.acninternational.org\/wp-content\/uploads\/2020\/10\/acn_chile_Arson-and-vandalism-the-continuing-tragedy-of-two-iconic-churches-in-Santiago.jpg","articleSection":["Sin categorizar"],"inLanguage":"es"},{"@type":"WebPage","@id":"https:\/\/acninternational.org\/es\/fuego-y-vandalismo-la-tragedia-sin-fin-de-dos-iglesias-patrimoniales-de-santiago\/","url":"https:\/\/acninternational.org\/es\/fuego-y-vandalismo-la-tragedia-sin-fin-de-dos-iglesias-patrimoniales-de-santiago\/","name":"Fuego y vandalismo: la tragedia sin fin de dos iglesias patrimoniales de Santiago | ACN International","isPartOf":{"@id":"https:\/\/acninternational.org\/es\/#website"},"primaryImageOfPage":{"@id":"https:\/\/acninternational.org\/es\/fuego-y-vandalismo-la-tragedia-sin-fin-de-dos-iglesias-patrimoniales-de-santiago\/#primaryimage"},"image":{"@id":"https:\/\/acninternational.org\/es\/fuego-y-vandalismo-la-tragedia-sin-fin-de-dos-iglesias-patrimoniales-de-santiago\/#primaryimage"},"thumbnailUrl":"https:\/\/media.acninternational.org\/wp-content\/uploads\/2020\/10\/acn_chile_Arson-and-vandalism-the-continuing-tragedy-of-two-iconic-churches-in-Santiago.jpg","datePublished":"2020-10-23T08:40:59+00:00","dateModified":"2020-10-23T08:47:50+00:00","breadcrumb":{"@id":"https:\/\/acninternational.org\/es\/fuego-y-vandalismo-la-tragedia-sin-fin-de-dos-iglesias-patrimoniales-de-santiago\/#breadcrumb"},"inLanguage":"es","potentialAction":[{"@type":"ReadAction","target":["https:\/\/acninternational.org\/es\/fuego-y-vandalismo-la-tragedia-sin-fin-de-dos-iglesias-patrimoniales-de-santiago\/"]}]},{"@type":"ImageObject","inLanguage":"es","@id":"https:\/\/acninternational.org\/es\/fuego-y-vandalismo-la-tragedia-sin-fin-de-dos-iglesias-patrimoniales-de-santiago\/#primaryimage","url":"https:\/\/media.acninternational.org\/wp-content\/uploads\/2020\/10\/acn_chile_Arson-and-vandalism-the-continuing-tragedy-of-two-iconic-churches-in-Santiago.jpg","contentUrl":"https:\/\/media.acninternational.org\/wp-content\/uploads\/2020\/10\/acn_chile_Arson-and-vandalism-the-continuing-tragedy-of-two-iconic-churches-in-Santiago.jpg","width":2000,"height":625},{"@type":"BreadcrumbList","@id":"https:\/\/acninternational.org\/es\/fuego-y-vandalismo-la-tragedia-sin-fin-de-dos-iglesias-patrimoniales-de-santiago\/#breadcrumb","itemListElement":[{"@type":"ListItem","position":1,"name":"Home","item":"https:\/\/acninternational.org\/es\/"},{"@type":"ListItem","position":2,"name":"DESTACADO","item":"https:\/\/acninternational.org\/es\/category\/destacado\/"},{"@type":"ListItem","position":3,"name":"Fuego y vandalismo: la tragedia sin fin de dos iglesias patrimoniales de Santiago"}]},{"@type":"WebSite","@id":"https:\/\/acninternational.org\/es\/#website","url":"https:\/\/acninternational.org\/es\/","name":"ACN International","description":"","publisher":{"@id":"https:\/\/acninternational.org\/es\/#organization"},"potentialAction":[{"@type":"SearchAction","target":{"@type":"EntryPoint","urlTemplate":"https:\/\/acninternational.org\/es\/?s={search_term_string}"},"query-input":{"@type":"PropertyValueSpecification","valueRequired":true,"valueName":"search_term_string"}}],"inLanguage":"es"},{"@type":"Organization","@id":"https:\/\/acninternational.org\/es\/#organization","name":"Aid to the Church in Need International","url":"https:\/\/acninternational.org\/es\/","logo":{"@type":"ImageObject","inLanguage":"es","@id":"https:\/\/acninternational.org\/es\/#\/schema\/logo\/image\/","url":"https:\/\/media.acninternational.org\/wp-content\/uploads\/2019\/11\/acn_logo_blackvector.svg","contentUrl":"https:\/\/media.acninternational.org\/wp-content\/uploads\/2019\/11\/acn_logo_blackvector.svg","width":232.6,"height":78,"caption":"Aid to the Church in Need International"},"image":{"@id":"https:\/\/acninternational.org\/es\/#\/schema\/logo\/image\/"},"sameAs":["https:\/\/www.facebook.com\/acninternationalorg","https:\/\/x.com\/acn_int","https:\/\/www.youtube.com\/channel\/UCQ-077gS0TnVzkhHmf1opZw","https:\/\/www.instagram.com\/acn_international\/"]},{"@type":"Person","@id":"https:\/\/acninternational.org\/es\/#\/schema\/person\/5a2b2930ad4475e0aa0dade4e51d9474","name":"Milena","description":"Lorem ipsum dolor sit amet, consectetur adipiscing elit, sed do eiusmod tempor incididunt ut labore et dolore magna aliqua. Ut enim ad minim veniam, quis nostrud exercitation ullamco laboris nisi ut aliquip ex ea commodo consequat.","url":"https:\/\/acninternational.org\/es\/author\/milena\/"}]}},"_links":{"self":[{"href":"https:\/\/acninternational.org\/es\/wp-json\/wp\/v2\/posts\/144032","targetHints":{"allow":["GET"]}}],"collection":[{"href":"https:\/\/acninternational.org\/es\/wp-json\/wp\/v2\/posts"}],"about":[{"href":"https:\/\/acninternational.org\/es\/wp-json\/wp\/v2\/types\/post"}],"author":[{"embeddable":true,"href":"https:\/\/acninternational.org\/es\/wp-json\/wp\/v2\/users\/66"}],"replies":[{"embeddable":true,"href":"https:\/\/acninternational.org\/es\/wp-json\/wp\/v2\/comments?post=144032"}],"version-history":[{"count":0,"href":"https:\/\/acninternational.org\/es\/wp-json\/wp\/v2\/posts\/144032\/revisions"}],"wp:featuredmedia":[{"embeddable":true,"href":"https:\/\/acninternational.org\/es\/wp-json\/wp\/v2\/media\/144030"}],"wp:attachment":[{"href":"https:\/\/acninternational.org\/es\/wp-json\/wp\/v2\/media?parent=144032"}],"wp:term":[{"taxonomy":"category","embeddable":true,"href":"https:\/\/acninternational.org\/es\/wp-json\/wp\/v2\/categories?post=144032"},{"taxonomy":"post_tag","embeddable":true,"href":"https:\/\/acninternational.org\/es\/wp-json\/wp\/v2\/tags?post=144032"},{"taxonomy":"country","embeddable":true,"href":"https:\/\/acninternational.org\/es\/wp-json\/wp\/v2\/country?post=144032"}],"curies":[{"name":"wp","href":"https:\/\/api.w.org\/{rel}","templated":true}]}}