{"id":142462,"date":"2020-09-01T14:07:31","date_gmt":"2020-09-01T12:07:31","guid":{"rendered":"https:\/\/acninternational.org\/?p=142462"},"modified":"2020-09-01T14:10:54","modified_gmt":"2020-09-01T12:10:54","slug":"libano-el-sacerdote-maronita-p-charbel-eid-habla-de-la-situacion-en-su-pais-natal","status":"publish","type":"post","link":"https:\/\/acninternational.org\/es\/libano-el-sacerdote-maronita-p-charbel-eid-habla-de-la-situacion-en-su-pais-natal\/","title":{"rendered":"L\u00edbano: El sacerdote maronita P. Charbel Eid habla de la situaci\u00f3n en su pa\u00eds natal"},"content":{"rendered":"<p><strong>En una carta enviada por el P. Charbel Eid, colaborador de la fundaci\u00f3n internacional <em>Ayuda a la Iglesia Necesitada<\/em>, el sacerdote se desahoga acerca de la catastr\u00f3fica situaci\u00f3n en la que se encuentra la poblaci\u00f3n de su pa\u00eds de origen: el L\u00edbano.<\/strong><\/p>\n<p>\u201cEs preciso que sep\u00e1is\u201d: as\u00ed comienzan varios p\u00e1rrafos de su carta, en la que denuncia la situaci\u00f3n que atraviesa el pueblo liban\u00e9s. Despu\u00e9s de la explosi\u00f3n del 4 de agosto, que destruy\u00f3 el puerto de Beirut y parte de la ciudad, el P. Charbel ha decidido abandonar el mutismo que \u2013 como el describe &#8211; lo ha sumido una tristeza casi asfixiante.<\/p>\n<p>En su carta se\u00f1ala que, desde hace casi un a\u00f1o, la situaci\u00f3n en el L\u00edbano es extremadamente dif\u00edcil: \u201cEs preciso que sep\u00e1is que la ira ha estado rugiendo durante demasiado tiempo en los corazones de los libaneses, aqu\u00ed [en Beirut] y en otros lugares. Que los cientos de miles de personas que se vienen manifestando desde octubre contra el desgobierno y la corrupci\u00f3n de los dirigentes pol\u00edticos son hoy las v\u00edctimas sangrientas de este terrible \u2018accidente\u2019, causado por la negligencia culpable de esas mismas autoridades\u201d.<\/p>\n<p>El P. Charbel tambi\u00e9n escribe: \u201cDesde hace varios meses, el L\u00edbano viene hundi\u00e9ndose en un agujero sin fondo\u201d, recuerda que los ciudadanos ya no tienen acceso a su dinero o solo a \u201ccantidades insignificantes\u201d, que la electricidad se ha vuelto escasa y que la libra libanesa -la moneda nacional- es una sombra de lo que fue. \u201cLos ciudadanos, que ya ten\u00edan que luchar para acumular unos pocos y miserables ahorros, ya no tienen acceso a su dinero. Los bancos han bloqueado todas las transacciones y solo acceden a entregar cantidades insignificantes a sus clientes, cantidades con las que nadie puede sobrevivir. Los precios de las tiendas se han disparado. El d\u00f3lar, que sol\u00eda valer 1.500 libras libanesas, ahora vale casi 9.000. La electricidad, que desde el final de la guerra civil nunca ha tenido un suministro constante, se ha vuelto a\u00fan m\u00e1s escasa. Los generadores con los que se hac\u00eda frente a los cortes de luz diarios se han quedado sin gas\u00f3leo\u201d.<\/p>\n<figure id=\"attachment_142454\" aria-describedby=\"caption-attachment-142454\" style=\"width: 670px\" class=\"wp-caption alignnone\"><img loading=\"lazy\" decoding=\"async\" class=\"wp-image-142454 size-full\" src=\"https:\/\/media.acninternational.org\/wp-content\/uploads\/2020\/09\/Father-Charbel-Eid-.jpg\" alt=\"El sacerdote maronita P. Charbel Eid.\" width=\"670\" height=\"400\" srcset=\"https:\/\/media.acninternational.org\/wp-content\/uploads\/2020\/09\/Father-Charbel-Eid-.jpg 670w, https:\/\/media.acninternational.org\/wp-content\/uploads\/2020\/09\/Father-Charbel-Eid--300x179.jpg 300w\" sizes=\"auto, (max-width: 670px) 100vw, 670px\" \/><figcaption id=\"caption-attachment-142454\" class=\"wp-caption-text\">El sacerdote maronita P. Charbel Eid.<\/figcaption><\/figure>\n<p><strong>\u00bfRenacer\u00e1 el f\u00e9nix? <\/strong><\/p>\n<p>Seg\u00fan el sacerdote, la esperanza y la resiliencia de las que -a pesar de las sucesivas tragedias- los libaneses han hecho gala tan a menudo en el pasado ya no existen. \u201cBeirut es hoy una ciudad devastada. La capital ha resurgido tantas veces de sus cenizas, gracias a la incre\u00edble fuerza, motivaci\u00f3n, ingenio y perspicacia de los libaneses. En cambio, hoy todos se preguntan c\u00f3mo un pa\u00eds en bancarrota se las arreglar\u00e1 para volver a levantarse\u201d.<\/p>\n<p>El L\u00edbano padeci\u00f3 de 1975 a 1990 una guerra civil en la que murieron m\u00e1s de 150.000 personas. \u201cHemos vivido de todo, lo superaremos\u201d, se dec\u00edan los libaneses hasta hace poco, a pesar de la acumulaci\u00f3n de desgracias. \u201cSin embargo, y por primera vez desde que yo naciera en 1980, en plena guerra civil, constato una real p\u00e9rdida de esperanza entre los libaneses\u201d, escribe el sacerdote.<\/p>\n<p><strong>El apoyo internacional: m\u00e1s necesario que nunca<\/strong><\/p>\n<p>Seg\u00fan el P. Charbel, antes de la llegada del coronavirus, el Banco Mundial calculaba que el 45% de la poblaci\u00f3n libanesa viv\u00eda por debajo del umbral de pobreza. \u201cEn cambio ahora, \u00a0seg\u00fan las declaraciones del ministro de Asuntos Sociales, Ramzi Mucharafieh, el Gobierno estima que el 75% de la poblaci\u00f3n necesita ayuda urgente\u201d.<\/p>\n<p>\u201cCon la quiebra de alrededor de 4.000 tiendas y peque\u00f1os comercios y el cierre de unas 5.000 f\u00e1bricas, la situaci\u00f3n no puede m\u00e1s que agravarse. El desempleo se ha disparado y los desempleados no reciben ning\u00fan apoyo del Gobierno, as\u00ed que no tienen m\u00e1s remedio que venir a llamar a nuestra puerta [la de la Iglesia] a por un m\u00ednimo de ayuda\u201d.<\/p>\n<p>El P. Charbel se\u00f1ala en su carta que, a petici\u00f3n de la Iglesia local, <em>Ayuda a la Iglesia Necesitada<\/em> ha comenzado a apoyar a m\u00e1s de 5.000 familias. \u201cA ra\u00edz de esta dram\u00e1tica situaci\u00f3n, nos dirigimos a vosotros y os pedimos apoyo para nuestro proyecto de salvar las vidas de las comunidades cristianas en el L\u00edbano\u201d, concluye el llamado del P. Charbel al mundo.<\/p>\n","protected":false},"excerpt":{"rendered":"<p>En una carta enviada por el P. Charbel Eid, colaborador de la fundaci\u00f3n internacional Ayuda a la Iglesia Necesitada, el<\/p>\n","protected":false},"author":4258341447,"featured_media":142460,"comment_status":"closed","ping_status":"closed","sticky":false,"template":"","format":"standard","meta":{"_acf_changed":false,"_acn_coauthor_ids":[],"_acn_featured_article":false,"footnotes":""},"categories":[746],"tags":[],"country":[521],"class_list":["post-142462","post","type-post","status-publish","format-standard","has-post-thumbnail","hentry","category-noticias","country-libano"],"acn_coauthors":[],"acf":[],"yoast_head":"<!-- This site is optimized with the Yoast SEO Premium plugin v27.5 (Yoast SEO v27.5) - https:\/\/yoast.com\/product\/yoast-seo-premium-wordpress\/ -->\n<title>L\u00edbano: El sacerdote maronita P. Charbel Eid habla de la situaci\u00f3n en su pa\u00eds natal<\/title>\n<meta name=\"description\" content=\"&quot;[Beirut] ha resurgido tantas veces de sus cenizas, gracias a la incre\u00edble fuerza, motivaci\u00f3n, ingenio y perspicacia de los libaneses. En cambio, hoy todos se preguntan c\u00f3mo un pa\u00eds en bancarrota se las arreglar\u00e1 para volver a levantarse\u201d, nos escribe el P. Charbel Eid desde el L\u00edbano, &quot;(...) os pedimos apoyo para nuestro proyecto de salvar las vidas de las comunidades cristianas en el L\u00edbano&quot;.\" \/>\n<meta name=\"robots\" content=\"index, follow, max-snippet:-1, max-image-preview:large, max-video-preview:-1\" \/>\n<link rel=\"canonical\" href=\"https:\/\/acninternational.org\/es\/libano-el-sacerdote-maronita-p-charbel-eid-habla-de-la-situacion-en-su-pais-natal\/\" \/>\n<meta property=\"og:locale\" content=\"es_ES\" \/>\n<meta property=\"og:type\" content=\"article\" \/>\n<meta property=\"og:title\" content=\"L\u00edbano: El sacerdote maronita P. Charbel Eid habla de la situaci\u00f3n en su pa\u00eds natal\" \/>\n<meta property=\"og:description\" content=\"&quot;[Beirut] ha resurgido tantas veces de sus cenizas, gracias a la incre\u00edble fuerza, motivaci\u00f3n, ingenio y perspicacia de los libaneses. En cambio, hoy todos se preguntan c\u00f3mo un pa\u00eds en bancarrota se las arreglar\u00e1 para volver a levantarse\u201d, nos escribe el P. Charbel Eid desde el L\u00edbano, &quot;(...) os pedimos apoyo para nuestro proyecto de salvar las vidas de las comunidades cristianas en el L\u00edbano&quot;.\" \/>\n<meta property=\"og:url\" content=\"https:\/\/acninternational.org\/es\/libano-el-sacerdote-maronita-p-charbel-eid-habla-de-la-situacion-en-su-pais-natal\/\" \/>\n<meta property=\"og:site_name\" content=\"ACN International\" \/>\n<meta property=\"article:publisher\" content=\"https:\/\/www.facebook.com\/acninternationalorg\" \/>\n<meta property=\"article:published_time\" content=\"2020-09-01T12:07:31+00:00\" \/>\n<meta property=\"article:modified_time\" content=\"2020-09-01T12:10:54+00:00\" \/>\n<meta property=\"og:image\" content=\"https:\/\/media.acninternational.org\/wp-content\/uploads\/2020\/09\/Lebanon.jpg\" \/>\n\t<meta property=\"og:image:width\" content=\"1400\" \/>\n\t<meta property=\"og:image:height\" content=\"438\" \/>\n\t<meta property=\"og:image:type\" content=\"image\/jpeg\" \/>\n<meta name=\"author\" content=\"ACN Press Team\" \/>\n<meta name=\"twitter:card\" content=\"summary_large_image\" \/>\n<meta name=\"twitter:creator\" content=\"@acn_int\" \/>\n<meta name=\"twitter:site\" content=\"@acn_int\" \/>\n<meta name=\"twitter:label1\" content=\"Escrito por\" \/>\n\t<meta name=\"twitter:data1\" content=\"ACN Press Team\" \/>\n\t<meta name=\"twitter:label2\" content=\"Tiempo de lectura\" \/>\n\t<meta name=\"twitter:data2\" content=\"4 minutos\" \/>\n<script type=\"application\/ld+json\" class=\"yoast-schema-graph\">{\"@context\":\"https:\\\/\\\/schema.org\",\"@graph\":[{\"@type\":\"Article\",\"@id\":\"https:\\\/\\\/acninternational.org\\\/es\\\/libano-el-sacerdote-maronita-p-charbel-eid-habla-de-la-situacion-en-su-pais-natal\\\/#article\",\"isPartOf\":{\"@id\":\"https:\\\/\\\/acninternational.org\\\/es\\\/libano-el-sacerdote-maronita-p-charbel-eid-habla-de-la-situacion-en-su-pais-natal\\\/\"},\"author\":{\"name\":\"ACN Press Team\",\"@id\":\"https:\\\/\\\/acninternational.org\\\/es\\\/#\\\/schema\\\/person\\\/7f3dafb236b242fb2aa46be1411fd703\"},\"headline\":\"L\u00edbano: El sacerdote maronita P. Charbel Eid habla de la situaci\u00f3n en su pa\u00eds natal\",\"datePublished\":\"2020-09-01T12:07:31+00:00\",\"dateModified\":\"2020-09-01T12:10:54+00:00\",\"mainEntityOfPage\":{\"@id\":\"https:\\\/\\\/acninternational.org\\\/es\\\/libano-el-sacerdote-maronita-p-charbel-eid-habla-de-la-situacion-en-su-pais-natal\\\/\"},\"wordCount\":762,\"publisher\":{\"@id\":\"https:\\\/\\\/acninternational.org\\\/es\\\/#organization\"},\"image\":{\"@id\":\"https:\\\/\\\/acninternational.org\\\/es\\\/libano-el-sacerdote-maronita-p-charbel-eid-habla-de-la-situacion-en-su-pais-natal\\\/#primaryimage\"},\"thumbnailUrl\":\"https:\\\/\\\/media.acninternational.org\\\/wp-content\\\/uploads\\\/2020\\\/09\\\/Lebanon.jpg\",\"articleSection\":[\"NOTICIAS\"],\"inLanguage\":\"es\"},{\"@type\":\"WebPage\",\"@id\":\"https:\\\/\\\/acninternational.org\\\/es\\\/libano-el-sacerdote-maronita-p-charbel-eid-habla-de-la-situacion-en-su-pais-natal\\\/\",\"url\":\"https:\\\/\\\/acninternational.org\\\/es\\\/libano-el-sacerdote-maronita-p-charbel-eid-habla-de-la-situacion-en-su-pais-natal\\\/\",\"name\":\"L\u00edbano: El sacerdote maronita P. Charbel Eid habla de la situaci\u00f3n en su pa\u00eds natal\",\"isPartOf\":{\"@id\":\"https:\\\/\\\/acninternational.org\\\/es\\\/#website\"},\"primaryImageOfPage\":{\"@id\":\"https:\\\/\\\/acninternational.org\\\/es\\\/libano-el-sacerdote-maronita-p-charbel-eid-habla-de-la-situacion-en-su-pais-natal\\\/#primaryimage\"},\"image\":{\"@id\":\"https:\\\/\\\/acninternational.org\\\/es\\\/libano-el-sacerdote-maronita-p-charbel-eid-habla-de-la-situacion-en-su-pais-natal\\\/#primaryimage\"},\"thumbnailUrl\":\"https:\\\/\\\/media.acninternational.org\\\/wp-content\\\/uploads\\\/2020\\\/09\\\/Lebanon.jpg\",\"datePublished\":\"2020-09-01T12:07:31+00:00\",\"dateModified\":\"2020-09-01T12:10:54+00:00\",\"description\":\"\\\"[Beirut] ha resurgido tantas veces de sus cenizas, gracias a la incre\u00edble fuerza, motivaci\u00f3n, ingenio y perspicacia de los libaneses. En cambio, hoy todos se preguntan c\u00f3mo un pa\u00eds en bancarrota se las arreglar\u00e1 para volver a levantarse\u201d, nos escribe el P. Charbel Eid desde el L\u00edbano, \\\"(...) os pedimos apoyo para nuestro proyecto de salvar las vidas de las comunidades cristianas en el L\u00edbano\\\".\",\"breadcrumb\":{\"@id\":\"https:\\\/\\\/acninternational.org\\\/es\\\/libano-el-sacerdote-maronita-p-charbel-eid-habla-de-la-situacion-en-su-pais-natal\\\/#breadcrumb\"},\"inLanguage\":\"es\",\"potentialAction\":[{\"@type\":\"ReadAction\",\"target\":[\"https:\\\/\\\/acninternational.org\\\/es\\\/libano-el-sacerdote-maronita-p-charbel-eid-habla-de-la-situacion-en-su-pais-natal\\\/\"]}]},{\"@type\":\"ImageObject\",\"inLanguage\":\"es\",\"@id\":\"https:\\\/\\\/acninternational.org\\\/es\\\/libano-el-sacerdote-maronita-p-charbel-eid-habla-de-la-situacion-en-su-pais-natal\\\/#primaryimage\",\"url\":\"https:\\\/\\\/media.acninternational.org\\\/wp-content\\\/uploads\\\/2020\\\/09\\\/Lebanon.jpg\",\"contentUrl\":\"https:\\\/\\\/media.acninternational.org\\\/wp-content\\\/uploads\\\/2020\\\/09\\\/Lebanon.jpg\",\"width\":1400,\"height\":438},{\"@type\":\"BreadcrumbList\",\"@id\":\"https:\\\/\\\/acninternational.org\\\/es\\\/libano-el-sacerdote-maronita-p-charbel-eid-habla-de-la-situacion-en-su-pais-natal\\\/#breadcrumb\",\"itemListElement\":[{\"@type\":\"ListItem\",\"position\":1,\"name\":\"Home\",\"item\":\"https:\\\/\\\/acninternational.org\\\/es\\\/\"},{\"@type\":\"ListItem\",\"position\":2,\"name\":\"NOTICIAS\",\"item\":\"https:\\\/\\\/acninternational.org\\\/es\\\/category\\\/news-es\\\/\"},{\"@type\":\"ListItem\",\"position\":3,\"name\":\"L\u00edbano: El sacerdote maronita P. Charbel Eid habla de la situaci\u00f3n en su pa\u00eds natal\"}]},{\"@type\":\"WebSite\",\"@id\":\"https:\\\/\\\/acninternational.org\\\/es\\\/#website\",\"url\":\"https:\\\/\\\/acninternational.org\\\/es\\\/\",\"name\":\"ACN International\",\"description\":\"\",\"publisher\":{\"@id\":\"https:\\\/\\\/acninternational.org\\\/es\\\/#organization\"},\"potentialAction\":[{\"@type\":\"SearchAction\",\"target\":{\"@type\":\"EntryPoint\",\"urlTemplate\":\"https:\\\/\\\/acninternational.org\\\/es\\\/?s={search_term_string}\"},\"query-input\":{\"@type\":\"PropertyValueSpecification\",\"valueRequired\":true,\"valueName\":\"search_term_string\"}}],\"inLanguage\":\"es\"},{\"@type\":\"Organization\",\"@id\":\"https:\\\/\\\/acninternational.org\\\/es\\\/#organization\",\"name\":\"Aid to the Church in Need International\",\"url\":\"https:\\\/\\\/acninternational.org\\\/es\\\/\",\"logo\":{\"@type\":\"ImageObject\",\"inLanguage\":\"es\",\"@id\":\"https:\\\/\\\/acninternational.org\\\/es\\\/#\\\/schema\\\/logo\\\/image\\\/\",\"url\":\"https:\\\/\\\/media.acninternational.org\\\/wp-content\\\/uploads\\\/2019\\\/11\\\/acn_logo_blackvector.svg\",\"contentUrl\":\"https:\\\/\\\/media.acninternational.org\\\/wp-content\\\/uploads\\\/2019\\\/11\\\/acn_logo_blackvector.svg\",\"width\":232.6,\"height\":78,\"caption\":\"Aid to the Church in Need International\"},\"image\":{\"@id\":\"https:\\\/\\\/acninternational.org\\\/es\\\/#\\\/schema\\\/logo\\\/image\\\/\"},\"sameAs\":[\"https:\\\/\\\/www.facebook.com\\\/acninternationalorg\",\"https:\\\/\\\/x.com\\\/acn_int\",\"https:\\\/\\\/www.youtube.com\\\/channel\\\/UCQ-077gS0TnVzkhHmf1opZw\",\"https:\\\/\\\/www.instagram.com\\\/acn_international\\\/\"]},{\"@type\":\"Person\",\"@id\":\"https:\\\/\\\/acninternational.org\\\/es\\\/#\\\/schema\\\/person\\\/7f3dafb236b242fb2aa46be1411fd703\",\"name\":\"ACN Press Team\",\"description\":\"Lorem ipsum dolor sit amet, consectetur adipiscing elit, sed do eiusmod tempor incididunt ut labore et dolore magna aliqua. Ut enim ad minim veniam, quis nostrud exercitation ullamco laboris nisi ut aliquip ex ea commodo consequat.\",\"url\":\"https:\\\/\\\/acninternational.org\\\/es\\\/author\\\/acn-press-team\\\/\"}]}<\/script>\n<!-- \/ Yoast SEO Premium plugin. -->","yoast_head_json":{"title":"L\u00edbano: El sacerdote maronita P. Charbel Eid habla de la situaci\u00f3n en su pa\u00eds natal","description":"\"[Beirut] ha resurgido tantas veces de sus cenizas, gracias a la incre\u00edble fuerza, motivaci\u00f3n, ingenio y perspicacia de los libaneses. En cambio, hoy todos se preguntan c\u00f3mo un pa\u00eds en bancarrota se las arreglar\u00e1 para volver a levantarse\u201d, nos escribe el P. Charbel Eid desde el L\u00edbano, \"(...) os pedimos apoyo para nuestro proyecto de salvar las vidas de las comunidades cristianas en el L\u00edbano\".","robots":{"index":"index","follow":"follow","max-snippet":"max-snippet:-1","max-image-preview":"max-image-preview:large","max-video-preview":"max-video-preview:-1"},"canonical":"https:\/\/acninternational.org\/es\/libano-el-sacerdote-maronita-p-charbel-eid-habla-de-la-situacion-en-su-pais-natal\/","og_locale":"es_ES","og_type":"article","og_title":"L\u00edbano: El sacerdote maronita P. Charbel Eid habla de la situaci\u00f3n en su pa\u00eds natal","og_description":"\"[Beirut] ha resurgido tantas veces de sus cenizas, gracias a la incre\u00edble fuerza, motivaci\u00f3n, ingenio y perspicacia de los libaneses. En cambio, hoy todos se preguntan c\u00f3mo un pa\u00eds en bancarrota se las arreglar\u00e1 para volver a levantarse\u201d, nos escribe el P. Charbel Eid desde el L\u00edbano, \"(...) os pedimos apoyo para nuestro proyecto de salvar las vidas de las comunidades cristianas en el L\u00edbano\".","og_url":"https:\/\/acninternational.org\/es\/libano-el-sacerdote-maronita-p-charbel-eid-habla-de-la-situacion-en-su-pais-natal\/","og_site_name":"ACN International","article_publisher":"https:\/\/www.facebook.com\/acninternationalorg","article_published_time":"2020-09-01T12:07:31+00:00","article_modified_time":"2020-09-01T12:10:54+00:00","og_image":[{"width":1400,"height":438,"url":"https:\/\/media.acninternational.org\/wp-content\/uploads\/2020\/09\/Lebanon.jpg","type":"image\/jpeg"}],"author":"ACN Press Team","twitter_card":"summary_large_image","twitter_creator":"@acn_int","twitter_site":"@acn_int","twitter_misc":{"Escrito por":"ACN Press Team","Tiempo de lectura":"4 minutos"},"schema":{"@context":"https:\/\/schema.org","@graph":[{"@type":"Article","@id":"https:\/\/acninternational.org\/es\/libano-el-sacerdote-maronita-p-charbel-eid-habla-de-la-situacion-en-su-pais-natal\/#article","isPartOf":{"@id":"https:\/\/acninternational.org\/es\/libano-el-sacerdote-maronita-p-charbel-eid-habla-de-la-situacion-en-su-pais-natal\/"},"author":{"name":"ACN Press Team","@id":"https:\/\/acninternational.org\/es\/#\/schema\/person\/7f3dafb236b242fb2aa46be1411fd703"},"headline":"L\u00edbano: El sacerdote maronita P. Charbel Eid habla de la situaci\u00f3n en su pa\u00eds natal","datePublished":"2020-09-01T12:07:31+00:00","dateModified":"2020-09-01T12:10:54+00:00","mainEntityOfPage":{"@id":"https:\/\/acninternational.org\/es\/libano-el-sacerdote-maronita-p-charbel-eid-habla-de-la-situacion-en-su-pais-natal\/"},"wordCount":762,"publisher":{"@id":"https:\/\/acninternational.org\/es\/#organization"},"image":{"@id":"https:\/\/acninternational.org\/es\/libano-el-sacerdote-maronita-p-charbel-eid-habla-de-la-situacion-en-su-pais-natal\/#primaryimage"},"thumbnailUrl":"https:\/\/media.acninternational.org\/wp-content\/uploads\/2020\/09\/Lebanon.jpg","articleSection":["NOTICIAS"],"inLanguage":"es"},{"@type":"WebPage","@id":"https:\/\/acninternational.org\/es\/libano-el-sacerdote-maronita-p-charbel-eid-habla-de-la-situacion-en-su-pais-natal\/","url":"https:\/\/acninternational.org\/es\/libano-el-sacerdote-maronita-p-charbel-eid-habla-de-la-situacion-en-su-pais-natal\/","name":"L\u00edbano: El sacerdote maronita P. Charbel Eid habla de la situaci\u00f3n en su pa\u00eds natal","isPartOf":{"@id":"https:\/\/acninternational.org\/es\/#website"},"primaryImageOfPage":{"@id":"https:\/\/acninternational.org\/es\/libano-el-sacerdote-maronita-p-charbel-eid-habla-de-la-situacion-en-su-pais-natal\/#primaryimage"},"image":{"@id":"https:\/\/acninternational.org\/es\/libano-el-sacerdote-maronita-p-charbel-eid-habla-de-la-situacion-en-su-pais-natal\/#primaryimage"},"thumbnailUrl":"https:\/\/media.acninternational.org\/wp-content\/uploads\/2020\/09\/Lebanon.jpg","datePublished":"2020-09-01T12:07:31+00:00","dateModified":"2020-09-01T12:10:54+00:00","description":"\"[Beirut] ha resurgido tantas veces de sus cenizas, gracias a la incre\u00edble fuerza, motivaci\u00f3n, ingenio y perspicacia de los libaneses. En cambio, hoy todos se preguntan c\u00f3mo un pa\u00eds en bancarrota se las arreglar\u00e1 para volver a levantarse\u201d, nos escribe el P. Charbel Eid desde el L\u00edbano, \"(...) os pedimos apoyo para nuestro proyecto de salvar las vidas de las comunidades cristianas en el L\u00edbano\".","breadcrumb":{"@id":"https:\/\/acninternational.org\/es\/libano-el-sacerdote-maronita-p-charbel-eid-habla-de-la-situacion-en-su-pais-natal\/#breadcrumb"},"inLanguage":"es","potentialAction":[{"@type":"ReadAction","target":["https:\/\/acninternational.org\/es\/libano-el-sacerdote-maronita-p-charbel-eid-habla-de-la-situacion-en-su-pais-natal\/"]}]},{"@type":"ImageObject","inLanguage":"es","@id":"https:\/\/acninternational.org\/es\/libano-el-sacerdote-maronita-p-charbel-eid-habla-de-la-situacion-en-su-pais-natal\/#primaryimage","url":"https:\/\/media.acninternational.org\/wp-content\/uploads\/2020\/09\/Lebanon.jpg","contentUrl":"https:\/\/media.acninternational.org\/wp-content\/uploads\/2020\/09\/Lebanon.jpg","width":1400,"height":438},{"@type":"BreadcrumbList","@id":"https:\/\/acninternational.org\/es\/libano-el-sacerdote-maronita-p-charbel-eid-habla-de-la-situacion-en-su-pais-natal\/#breadcrumb","itemListElement":[{"@type":"ListItem","position":1,"name":"Home","item":"https:\/\/acninternational.org\/es\/"},{"@type":"ListItem","position":2,"name":"NOTICIAS","item":"https:\/\/acninternational.org\/es\/category\/news-es\/"},{"@type":"ListItem","position":3,"name":"L\u00edbano: El sacerdote maronita P. Charbel Eid habla de la situaci\u00f3n en su pa\u00eds natal"}]},{"@type":"WebSite","@id":"https:\/\/acninternational.org\/es\/#website","url":"https:\/\/acninternational.org\/es\/","name":"ACN International","description":"","publisher":{"@id":"https:\/\/acninternational.org\/es\/#organization"},"potentialAction":[{"@type":"SearchAction","target":{"@type":"EntryPoint","urlTemplate":"https:\/\/acninternational.org\/es\/?s={search_term_string}"},"query-input":{"@type":"PropertyValueSpecification","valueRequired":true,"valueName":"search_term_string"}}],"inLanguage":"es"},{"@type":"Organization","@id":"https:\/\/acninternational.org\/es\/#organization","name":"Aid to the Church in Need International","url":"https:\/\/acninternational.org\/es\/","logo":{"@type":"ImageObject","inLanguage":"es","@id":"https:\/\/acninternational.org\/es\/#\/schema\/logo\/image\/","url":"https:\/\/media.acninternational.org\/wp-content\/uploads\/2019\/11\/acn_logo_blackvector.svg","contentUrl":"https:\/\/media.acninternational.org\/wp-content\/uploads\/2019\/11\/acn_logo_blackvector.svg","width":232.6,"height":78,"caption":"Aid to the Church in Need International"},"image":{"@id":"https:\/\/acninternational.org\/es\/#\/schema\/logo\/image\/"},"sameAs":["https:\/\/www.facebook.com\/acninternationalorg","https:\/\/x.com\/acn_int","https:\/\/www.youtube.com\/channel\/UCQ-077gS0TnVzkhHmf1opZw","https:\/\/www.instagram.com\/acn_international\/"]},{"@type":"Person","@id":"https:\/\/acninternational.org\/es\/#\/schema\/person\/7f3dafb236b242fb2aa46be1411fd703","name":"ACN Press Team","description":"Lorem ipsum dolor sit amet, consectetur adipiscing elit, sed do eiusmod tempor incididunt ut labore et dolore magna aliqua. Ut enim ad minim veniam, quis nostrud exercitation ullamco laboris nisi ut aliquip ex ea commodo consequat.","url":"https:\/\/acninternational.org\/es\/author\/acn-press-team\/"}]}},"_links":{"self":[{"href":"https:\/\/acninternational.org\/es\/wp-json\/wp\/v2\/posts\/142462","targetHints":{"allow":["GET"]}}],"collection":[{"href":"https:\/\/acninternational.org\/es\/wp-json\/wp\/v2\/posts"}],"about":[{"href":"https:\/\/acninternational.org\/es\/wp-json\/wp\/v2\/types\/post"}],"author":[{"embeddable":true,"href":"https:\/\/acninternational.org\/es\/wp-json\/wp\/v2\/users\/4258341447"}],"replies":[{"embeddable":true,"href":"https:\/\/acninternational.org\/es\/wp-json\/wp\/v2\/comments?post=142462"}],"version-history":[{"count":0,"href":"https:\/\/acninternational.org\/es\/wp-json\/wp\/v2\/posts\/142462\/revisions"}],"wp:featuredmedia":[{"embeddable":true,"href":"https:\/\/acninternational.org\/es\/wp-json\/wp\/v2\/media\/142460"}],"wp:attachment":[{"href":"https:\/\/acninternational.org\/es\/wp-json\/wp\/v2\/media?parent=142462"}],"wp:term":[{"taxonomy":"category","embeddable":true,"href":"https:\/\/acninternational.org\/es\/wp-json\/wp\/v2\/categories?post=142462"},{"taxonomy":"post_tag","embeddable":true,"href":"https:\/\/acninternational.org\/es\/wp-json\/wp\/v2\/tags?post=142462"},{"taxonomy":"country","embeddable":true,"href":"https:\/\/acninternational.org\/es\/wp-json\/wp\/v2\/country?post=142462"}],"curies":[{"name":"wp","href":"https:\/\/api.w.org\/{rel}","templated":true}]}}