{"id":142425,"date":"2020-08-26T11:58:58","date_gmt":"2020-08-26T09:58:58","guid":{"rendered":"https:\/\/acninternational.org\/?p=142425"},"modified":"2020-08-26T12:46:47","modified_gmt":"2020-08-26T10:46:47","slug":"acn-quiere-traer-esperanza-para-el-libano","status":"publish","type":"post","link":"https:\/\/acninternational.org\/es\/acn-quiere-traer-esperanza-para-el-libano\/","title":{"rendered":"ACN quiere traer esperanza para el L\u00edbano"},"content":{"rendered":"<p><strong><em>Debido a la grave situaci\u00f3n que est\u00e1n pasando los cristianos del L\u00edbano la fundaci\u00f3n internacional Aid to the Church in Need aprueba tres proyectos de emergencia para familias vulnerables y refugiados en la regi\u00f3n de Zahlen y Bekaa.<\/em><\/strong><\/p>\n<p>A lo largo de los a\u00f1os, la Iglesia en el L\u00edbano ha desempe\u00f1ado un papel importante en la respuesta a las necesidades sociales, econ\u00f3micas y pol\u00edticas de su pueblo. \u201cAhora, todo nuestro pueblo est\u00e1 luchando para obtener su comida diaria. Haremos todo lo posible para estar a su lado en estos tiempos dif\u00edciles\u201d, lamenta Mons. Issam John Darwish, arzobispo greco-melquita de Zahle.<\/p>\n<p>Dos de los proyectos est\u00e1n dirigidos a ayudar urgentemente a familias necesitadas con alimentos y suministros de higiene. Para aliviar el sufrimiento de 2.000 familias en Zahle y en el Valle de la Bekaa, el arzobispo Darwish ha pedido a la fundaci\u00f3n ACN apoyo financiero para 2.000 paquetes de alimentos. En la actualidad, debido a la crisis del Coronavirus, muchas personas no pueden obtener ni siquiera los suministros de alimentos b\u00e1sicos. Un segundo proyecto beneficiar\u00e1 a otras cien familias de las parroquias de la di\u00f3cesis maronita de Baalbeck &#8211; Deir el-Ahmar, en el norte de Bekaa. Gracias a la ayuda, estas familias que viven por debajo del umbral de la pobreza recibir\u00e1n un poco de seguridad durante tres meses.<\/p>\n<figure id=\"attachment_142416\" aria-describedby=\"caption-attachment-142416\" style=\"width: 800px\" class=\"wp-caption alignnone\"><img loading=\"lazy\" decoding=\"async\" class=\"wp-image-142416 size-large\" src=\"https:\/\/media.acninternational.org\/wp-content\/uploads\/2020\/08\/ACN-20160622-42823-1024x683.jpg\" alt=\"\" width=\"800\" height=\"534\" srcset=\"https:\/\/media.acninternational.org\/wp-content\/uploads\/2020\/08\/ACN-20160622-42823-1024x683.jpg 1024w, https:\/\/media.acninternational.org\/wp-content\/uploads\/2020\/08\/ACN-20160622-42823-300x200.jpg 300w, https:\/\/media.acninternational.org\/wp-content\/uploads\/2020\/08\/ACN-20160622-42823-768x512.jpg 768w, https:\/\/media.acninternational.org\/wp-content\/uploads\/2020\/08\/ACN-20160622-42823-1536x1024.jpg 1536w, https:\/\/media.acninternational.org\/wp-content\/uploads\/2020\/08\/ACN-20160622-42823-2048x1366.jpg 2048w\" sizes=\"auto, (max-width: 800px) 100vw, 800px\" \/><figcaption id=\"caption-attachment-142416\" class=\"wp-caption-text\">Mons. Issam John Darwish, arzobispo greco-melquita de Zahle, Furzal y Bekaa<\/figcaption><\/figure>\n<p>\u201cSu asistencia financiera es de gran importancia. Llega justo cuando m\u00e1s la necesitamos,\u00a0 tendr\u00e1 un gran impacto y ayudar\u00e1 a un gran n\u00famero de necesitados. No encontramos palabras para expresar nuestro agradecimiento. Son las maravillosas acciones de otros las que nos mantienen en marcha la mayor\u00eda de los d\u00edas. Es una gran ayuda en un momento muy dif\u00edcil. Un rayo de sol que trae algo de esperanza\u201d, agradece a ACN el Dr. Mireille Bechara, director de proyectos de la di\u00f3cesis maronita.<\/p>\n<p>Adem\u00e1s, ante el creciente n\u00famero de infecciones y la falta de capacidad de pruebas en el pa\u00eds, ACN apoyar\u00e1 la creaci\u00f3n de un centro de pruebas Covid19 en el hospital de Tel Chiha, instituci\u00f3n propiedad de la arquidi\u00f3cesis de Furzal, Zahle y Bekaa, indispensable para aliviar la dram\u00e1tica situaci\u00f3n que est\u00e1n sufriendo.<\/p>\n<p>El hospital est\u00e1 es una de las regiones m\u00e1s pobres del L\u00edbano y el n\u00famero de pacientes de Covid 19 ha aumentado en particular en esta zona cercana a la frontera con Siria. Sin embargo, el \u00fanico hospital gubernamental que estaba haciendo pruebas del COVID se ha visto envuelto en un gran esc\u00e1ndalo al dar resultados falsos de las pruebas y descubrirse que el m\u00e9dico a cargo del laboratorio trabajaba con un diploma falsificado.<\/p>\n<p>\u201cLa gente de Zahle y la Bekaa est\u00e1n viviendo en el caos y\u00a0 el miedo. En las \u00faltimas dos semanas, el n\u00famero de pacientes aument\u00f3 dram\u00e1ticamente en todas las regiones, especialmente en Zahle y en la Bekaa, y estamos a punto de alcanzar la capacidad de nuestro sistema de salud\u201d, explica Mons. Darwish, arzobispo greco-melquita de Zahle.<\/p>\n<p>Por este motivo, se proyecta crear un departamento de pruebas en el hospital cat\u00f3lico ya existente, que estar\u00e1 a disposici\u00f3n de los 150.000 habitantes de la regi\u00f3n, incluidos refugiados y poblaci\u00f3n local vulnerable.<\/p>\n<p>\u201cTenemos en nuestras manos la vida de la gente\u201d, recuerda el arzobispo, \u201ctenemos que darle a la gente un laboratorio de confianza. Ahora en la regi\u00f3n, la gente no est\u00e1 segura de la mayor\u00eda de los resultados y necesitamos urgentemente volver a realizarlas para tener un mejor seguimiento del virus.\u201d<\/p>\n<p>Por su parte la directora de proyectos de la fundaci\u00f3n ACN, Regina Lynch, declara: \u201cComo todos sabemos, los sufrimientos en el L\u00edbano son inmensos, especialmente en Beirut despu\u00e9s de la desastrosa explosi\u00f3n de la bomba. Pero no debemos olvidar la crisis del Coronavirus que sigue aumentando en la regi\u00f3n. Una parte importante de las necesidades pastorales que enfrenta la Iglesia en la actual situaci\u00f3n de emergencia del pa\u00eds, se plasman en las necesidades vitales como los paquetes de alimentos y de atenci\u00f3n m\u00e9dica\u201d.<\/p>\n<p>Aunque no existe un censo oficial en el L\u00edbano desde 1932, el estudio m\u00e1s reciente llevado a cabo por Statistics L\u00edbano, una firma de investigaci\u00f3n con sede en Beirut, estima el n\u00famero de cristianos en el L\u00edbano en un 44%. Pero la grave crisis econ\u00f3mica y pol\u00edtica est\u00e1 empujando, desde hace a\u00f1os, a muchos cristianos a irse. Hartos de la corrupci\u00f3n, la gente ha perdido la confianza en el gobierno y en los pol\u00edticos. Seg\u00fan el Informe sobre la Libertad Religiosa de la fundaci\u00f3n ACN, los cristianos habr\u00edan bajado a ser el 32,2% de los casi seis millones de libaneses, a los que la guerra en la vecina Siria habr\u00eda a\u00f1adido m\u00e1s de un mill\u00f3n de refugiados, la mayor\u00eda musulmanes sun\u00edes.<\/p>\n<p>A pesar de la emigraci\u00f3n, L\u00edbano sigue siendo proporcionalmente el pa\u00eds con m\u00e1s n\u00famero de cristianos de todo Oriente Medio y uno de los pocos en los que no sufren problemas de discriminaci\u00f3n social o pol\u00edtica. Cristianos iraqu\u00edes y sirios han buscado refugio en el L\u00edbano en los \u00faltimos a\u00f1os de persecuci\u00f3n y guerra en sus propios pa\u00edses. Desde el pasado mes de octubre, ha habido manifestaciones por un cambio de r\u00e9gimen, pero las explosiones que devastaron Beirut el 4 de agosto de 2020 han llevado al pa\u00eds al borde del precipicio.<\/p>\n","protected":false},"excerpt":{"rendered":"<p>Debido a la grave situaci\u00f3n que est\u00e1n pasando los cristianos del L\u00edbano la fundaci\u00f3n internacional Aid to the Church in<\/p>\n","protected":false},"author":72,"featured_media":142424,"comment_status":"closed","ping_status":"closed","sticky":false,"template":"","format":"standard","meta":{"_acf_changed":false,"_acn_coauthor_ids":[],"footnotes":""},"categories":[717,746],"tags":[868],"country":[521],"class_list":["post-142425","post","type-post","status-publish","format-standard","has-post-thumbnail","hentry","category-emergencia-humanitaria","category-noticias","tag-familias-cristianas","country-libano"],"acn_coauthors":[],"acf":[],"yoast_head":"<!-- This site is optimized with the Yoast SEO Premium plugin v27.3 (Yoast SEO v27.3) - https:\/\/yoast.com\/product\/yoast-seo-premium-wordpress\/ -->\n<title>ACN quiere traer esperanza para el L\u00edbano | ACN International<\/title>\n<meta name=\"robots\" content=\"index, follow, max-snippet:-1, max-image-preview:large, max-video-preview:-1\" \/>\n<link rel=\"canonical\" href=\"https:\/\/acninternational.org\/es\/acn-quiere-traer-esperanza-para-el-libano\/\" \/>\n<meta property=\"og:locale\" content=\"es_ES\" \/>\n<meta property=\"og:type\" content=\"article\" \/>\n<meta property=\"og:title\" content=\"ACN quiere traer esperanza para el L\u00edbano\" \/>\n<meta property=\"og:description\" content=\"Debido a la grave situaci\u00f3n que est\u00e1n pasando los cristianos del L\u00edbano la fundaci\u00f3n internacional Aid to the Church in\" \/>\n<meta property=\"og:url\" content=\"https:\/\/acninternational.org\/es\/acn-quiere-traer-esperanza-para-el-libano\/\" \/>\n<meta property=\"og:site_name\" content=\"ACN International\" \/>\n<meta property=\"article:publisher\" content=\"https:\/\/www.facebook.com\/acninternationalorg\" \/>\n<meta property=\"article:published_time\" content=\"2020-08-26T09:58:58+00:00\" \/>\n<meta property=\"article:modified_time\" content=\"2020-08-26T10:46:47+00:00\" \/>\n<meta property=\"og:image\" content=\"https:\/\/media.acninternational.org\/wp-content\/uploads\/2020\/08\/ACN-20190607-88347.jpg\" \/>\n\t<meta property=\"og:image:width\" content=\"2560\" \/>\n\t<meta property=\"og:image:height\" content=\"1707\" \/>\n\t<meta property=\"og:image:type\" content=\"image\/jpeg\" \/>\n<meta name=\"author\" content=\"Esther Gaitan-Fuertes\" \/>\n<meta name=\"twitter:card\" content=\"summary_large_image\" \/>\n<meta name=\"twitter:creator\" content=\"@acn_int\" \/>\n<meta name=\"twitter:site\" content=\"@acn_int\" \/>\n<meta name=\"twitter:label1\" content=\"Escrito por\" \/>\n\t<meta name=\"twitter:data1\" content=\"Esther Gaitan-Fuertes\" \/>\n\t<meta name=\"twitter:label2\" content=\"Tiempo de lectura\" \/>\n\t<meta name=\"twitter:data2\" content=\"5 minutos\" \/>\n<script type=\"application\/ld+json\" class=\"yoast-schema-graph\">{\"@context\":\"https:\\\/\\\/schema.org\",\"@graph\":[{\"@type\":\"Article\",\"@id\":\"https:\\\/\\\/acninternational.org\\\/es\\\/acn-quiere-traer-esperanza-para-el-libano\\\/#article\",\"isPartOf\":{\"@id\":\"https:\\\/\\\/acninternational.org\\\/es\\\/acn-quiere-traer-esperanza-para-el-libano\\\/\"},\"author\":{\"name\":\"Esther Gaitan-Fuertes\",\"@id\":\"https:\\\/\\\/acninternational.org\\\/es\\\/#\\\/schema\\\/person\\\/ce199ea0b492ea56bd10ac3aa2cf15af\"},\"headline\":\"ACN quiere traer esperanza para el L\u00edbano\",\"datePublished\":\"2020-08-26T09:58:58+00:00\",\"dateModified\":\"2020-08-26T10:46:47+00:00\",\"mainEntityOfPage\":{\"@id\":\"https:\\\/\\\/acninternational.org\\\/es\\\/acn-quiere-traer-esperanza-para-el-libano\\\/\"},\"wordCount\":967,\"publisher\":{\"@id\":\"https:\\\/\\\/acninternational.org\\\/es\\\/#organization\"},\"image\":{\"@id\":\"https:\\\/\\\/acninternational.org\\\/es\\\/acn-quiere-traer-esperanza-para-el-libano\\\/#primaryimage\"},\"thumbnailUrl\":\"https:\\\/\\\/media.acninternational.org\\\/wp-content\\\/uploads\\\/2020\\\/08\\\/ACN-20190607-88347.jpg\",\"keywords\":[\"Familias cristianas\"],\"articleSection\":[\"EMERGENCIA HUMANITARIA\",\"NOTICIAS\"],\"inLanguage\":\"es\"},{\"@type\":\"WebPage\",\"@id\":\"https:\\\/\\\/acninternational.org\\\/es\\\/acn-quiere-traer-esperanza-para-el-libano\\\/\",\"url\":\"https:\\\/\\\/acninternational.org\\\/es\\\/acn-quiere-traer-esperanza-para-el-libano\\\/\",\"name\":\"ACN quiere traer esperanza para el L\u00edbano | ACN International\",\"isPartOf\":{\"@id\":\"https:\\\/\\\/acninternational.org\\\/es\\\/#website\"},\"primaryImageOfPage\":{\"@id\":\"https:\\\/\\\/acninternational.org\\\/es\\\/acn-quiere-traer-esperanza-para-el-libano\\\/#primaryimage\"},\"image\":{\"@id\":\"https:\\\/\\\/acninternational.org\\\/es\\\/acn-quiere-traer-esperanza-para-el-libano\\\/#primaryimage\"},\"thumbnailUrl\":\"https:\\\/\\\/media.acninternational.org\\\/wp-content\\\/uploads\\\/2020\\\/08\\\/ACN-20190607-88347.jpg\",\"datePublished\":\"2020-08-26T09:58:58+00:00\",\"dateModified\":\"2020-08-26T10:46:47+00:00\",\"breadcrumb\":{\"@id\":\"https:\\\/\\\/acninternational.org\\\/es\\\/acn-quiere-traer-esperanza-para-el-libano\\\/#breadcrumb\"},\"inLanguage\":\"es\",\"potentialAction\":[{\"@type\":\"ReadAction\",\"target\":[\"https:\\\/\\\/acninternational.org\\\/es\\\/acn-quiere-traer-esperanza-para-el-libano\\\/\"]}]},{\"@type\":\"ImageObject\",\"inLanguage\":\"es\",\"@id\":\"https:\\\/\\\/acninternational.org\\\/es\\\/acn-quiere-traer-esperanza-para-el-libano\\\/#primaryimage\",\"url\":\"https:\\\/\\\/media.acninternational.org\\\/wp-content\\\/uploads\\\/2020\\\/08\\\/ACN-20190607-88347.jpg\",\"contentUrl\":\"https:\\\/\\\/media.acninternational.org\\\/wp-content\\\/uploads\\\/2020\\\/08\\\/ACN-20190607-88347.jpg\",\"width\":2560,\"height\":1707},{\"@type\":\"BreadcrumbList\",\"@id\":\"https:\\\/\\\/acninternational.org\\\/es\\\/acn-quiere-traer-esperanza-para-el-libano\\\/#breadcrumb\",\"itemListElement\":[{\"@type\":\"ListItem\",\"position\":1,\"name\":\"Home\",\"item\":\"https:\\\/\\\/acninternational.org\\\/es\\\/\"},{\"@type\":\"ListItem\",\"position\":2,\"name\":\"NOTICIAS\",\"item\":\"https:\\\/\\\/acninternational.org\\\/es\\\/category\\\/news-es\\\/\"},{\"@type\":\"ListItem\",\"position\":3,\"name\":\"ACN quiere traer esperanza para el L\u00edbano\"}]},{\"@type\":\"WebSite\",\"@id\":\"https:\\\/\\\/acninternational.org\\\/es\\\/#website\",\"url\":\"https:\\\/\\\/acninternational.org\\\/es\\\/\",\"name\":\"ACN International\",\"description\":\"\",\"publisher\":{\"@id\":\"https:\\\/\\\/acninternational.org\\\/es\\\/#organization\"},\"potentialAction\":[{\"@type\":\"SearchAction\",\"target\":{\"@type\":\"EntryPoint\",\"urlTemplate\":\"https:\\\/\\\/acninternational.org\\\/es\\\/?s={search_term_string}\"},\"query-input\":{\"@type\":\"PropertyValueSpecification\",\"valueRequired\":true,\"valueName\":\"search_term_string\"}}],\"inLanguage\":\"es\"},{\"@type\":\"Organization\",\"@id\":\"https:\\\/\\\/acninternational.org\\\/es\\\/#organization\",\"name\":\"Aid to the Church in Need International\",\"url\":\"https:\\\/\\\/acninternational.org\\\/es\\\/\",\"logo\":{\"@type\":\"ImageObject\",\"inLanguage\":\"es\",\"@id\":\"https:\\\/\\\/acninternational.org\\\/es\\\/#\\\/schema\\\/logo\\\/image\\\/\",\"url\":\"https:\\\/\\\/media.acninternational.org\\\/wp-content\\\/uploads\\\/2019\\\/11\\\/acn_logo_blackvector.svg\",\"contentUrl\":\"https:\\\/\\\/media.acninternational.org\\\/wp-content\\\/uploads\\\/2019\\\/11\\\/acn_logo_blackvector.svg\",\"width\":232.6,\"height\":78,\"caption\":\"Aid to the Church in Need International\"},\"image\":{\"@id\":\"https:\\\/\\\/acninternational.org\\\/es\\\/#\\\/schema\\\/logo\\\/image\\\/\"},\"sameAs\":[\"https:\\\/\\\/www.facebook.com\\\/acninternationalorg\",\"https:\\\/\\\/x.com\\\/acn_int\",\"https:\\\/\\\/www.youtube.com\\\/channel\\\/UCQ-077gS0TnVzkhHmf1opZw\",\"https:\\\/\\\/www.instagram.com\\\/acn_international\\\/\"]},{\"@type\":\"Person\",\"@id\":\"https:\\\/\\\/acninternational.org\\\/es\\\/#\\\/schema\\\/person\\\/ce199ea0b492ea56bd10ac3aa2cf15af\",\"name\":\"Esther Gaitan-Fuertes\",\"sameAs\":[\"http:\\\/\\\/acninternational.org\\\/\"],\"url\":\"https:\\\/\\\/acninternational.org\\\/es\\\/author\\\/esther\\\/\"}]}<\/script>\n<!-- \/ Yoast SEO Premium plugin. -->","yoast_head_json":{"title":"ACN quiere traer esperanza para el L\u00edbano | ACN International","robots":{"index":"index","follow":"follow","max-snippet":"max-snippet:-1","max-image-preview":"max-image-preview:large","max-video-preview":"max-video-preview:-1"},"canonical":"https:\/\/acninternational.org\/es\/acn-quiere-traer-esperanza-para-el-libano\/","og_locale":"es_ES","og_type":"article","og_title":"ACN quiere traer esperanza para el L\u00edbano","og_description":"Debido a la grave situaci\u00f3n que est\u00e1n pasando los cristianos del L\u00edbano la fundaci\u00f3n internacional Aid to the Church in","og_url":"https:\/\/acninternational.org\/es\/acn-quiere-traer-esperanza-para-el-libano\/","og_site_name":"ACN International","article_publisher":"https:\/\/www.facebook.com\/acninternationalorg","article_published_time":"2020-08-26T09:58:58+00:00","article_modified_time":"2020-08-26T10:46:47+00:00","og_image":[{"width":2560,"height":1707,"url":"https:\/\/media.acninternational.org\/wp-content\/uploads\/2020\/08\/ACN-20190607-88347.jpg","type":"image\/jpeg"}],"author":"Esther Gaitan-Fuertes","twitter_card":"summary_large_image","twitter_creator":"@acn_int","twitter_site":"@acn_int","twitter_misc":{"Escrito por":"Esther Gaitan-Fuertes","Tiempo de lectura":"5 minutos"},"schema":{"@context":"https:\/\/schema.org","@graph":[{"@type":"Article","@id":"https:\/\/acninternational.org\/es\/acn-quiere-traer-esperanza-para-el-libano\/#article","isPartOf":{"@id":"https:\/\/acninternational.org\/es\/acn-quiere-traer-esperanza-para-el-libano\/"},"author":{"name":"Esther Gaitan-Fuertes","@id":"https:\/\/acninternational.org\/es\/#\/schema\/person\/ce199ea0b492ea56bd10ac3aa2cf15af"},"headline":"ACN quiere traer esperanza para el L\u00edbano","datePublished":"2020-08-26T09:58:58+00:00","dateModified":"2020-08-26T10:46:47+00:00","mainEntityOfPage":{"@id":"https:\/\/acninternational.org\/es\/acn-quiere-traer-esperanza-para-el-libano\/"},"wordCount":967,"publisher":{"@id":"https:\/\/acninternational.org\/es\/#organization"},"image":{"@id":"https:\/\/acninternational.org\/es\/acn-quiere-traer-esperanza-para-el-libano\/#primaryimage"},"thumbnailUrl":"https:\/\/media.acninternational.org\/wp-content\/uploads\/2020\/08\/ACN-20190607-88347.jpg","keywords":["Familias cristianas"],"articleSection":["EMERGENCIA HUMANITARIA","NOTICIAS"],"inLanguage":"es"},{"@type":"WebPage","@id":"https:\/\/acninternational.org\/es\/acn-quiere-traer-esperanza-para-el-libano\/","url":"https:\/\/acninternational.org\/es\/acn-quiere-traer-esperanza-para-el-libano\/","name":"ACN quiere traer esperanza para el L\u00edbano | ACN International","isPartOf":{"@id":"https:\/\/acninternational.org\/es\/#website"},"primaryImageOfPage":{"@id":"https:\/\/acninternational.org\/es\/acn-quiere-traer-esperanza-para-el-libano\/#primaryimage"},"image":{"@id":"https:\/\/acninternational.org\/es\/acn-quiere-traer-esperanza-para-el-libano\/#primaryimage"},"thumbnailUrl":"https:\/\/media.acninternational.org\/wp-content\/uploads\/2020\/08\/ACN-20190607-88347.jpg","datePublished":"2020-08-26T09:58:58+00:00","dateModified":"2020-08-26T10:46:47+00:00","breadcrumb":{"@id":"https:\/\/acninternational.org\/es\/acn-quiere-traer-esperanza-para-el-libano\/#breadcrumb"},"inLanguage":"es","potentialAction":[{"@type":"ReadAction","target":["https:\/\/acninternational.org\/es\/acn-quiere-traer-esperanza-para-el-libano\/"]}]},{"@type":"ImageObject","inLanguage":"es","@id":"https:\/\/acninternational.org\/es\/acn-quiere-traer-esperanza-para-el-libano\/#primaryimage","url":"https:\/\/media.acninternational.org\/wp-content\/uploads\/2020\/08\/ACN-20190607-88347.jpg","contentUrl":"https:\/\/media.acninternational.org\/wp-content\/uploads\/2020\/08\/ACN-20190607-88347.jpg","width":2560,"height":1707},{"@type":"BreadcrumbList","@id":"https:\/\/acninternational.org\/es\/acn-quiere-traer-esperanza-para-el-libano\/#breadcrumb","itemListElement":[{"@type":"ListItem","position":1,"name":"Home","item":"https:\/\/acninternational.org\/es\/"},{"@type":"ListItem","position":2,"name":"NOTICIAS","item":"https:\/\/acninternational.org\/es\/category\/news-es\/"},{"@type":"ListItem","position":3,"name":"ACN quiere traer esperanza para el L\u00edbano"}]},{"@type":"WebSite","@id":"https:\/\/acninternational.org\/es\/#website","url":"https:\/\/acninternational.org\/es\/","name":"ACN International","description":"","publisher":{"@id":"https:\/\/acninternational.org\/es\/#organization"},"potentialAction":[{"@type":"SearchAction","target":{"@type":"EntryPoint","urlTemplate":"https:\/\/acninternational.org\/es\/?s={search_term_string}"},"query-input":{"@type":"PropertyValueSpecification","valueRequired":true,"valueName":"search_term_string"}}],"inLanguage":"es"},{"@type":"Organization","@id":"https:\/\/acninternational.org\/es\/#organization","name":"Aid to the Church in Need International","url":"https:\/\/acninternational.org\/es\/","logo":{"@type":"ImageObject","inLanguage":"es","@id":"https:\/\/acninternational.org\/es\/#\/schema\/logo\/image\/","url":"https:\/\/media.acninternational.org\/wp-content\/uploads\/2019\/11\/acn_logo_blackvector.svg","contentUrl":"https:\/\/media.acninternational.org\/wp-content\/uploads\/2019\/11\/acn_logo_blackvector.svg","width":232.6,"height":78,"caption":"Aid to the Church in Need International"},"image":{"@id":"https:\/\/acninternational.org\/es\/#\/schema\/logo\/image\/"},"sameAs":["https:\/\/www.facebook.com\/acninternationalorg","https:\/\/x.com\/acn_int","https:\/\/www.youtube.com\/channel\/UCQ-077gS0TnVzkhHmf1opZw","https:\/\/www.instagram.com\/acn_international\/"]},{"@type":"Person","@id":"https:\/\/acninternational.org\/es\/#\/schema\/person\/ce199ea0b492ea56bd10ac3aa2cf15af","name":"Esther Gaitan-Fuertes","sameAs":["http:\/\/acninternational.org\/"],"url":"https:\/\/acninternational.org\/es\/author\/esther\/"}]}},"_links":{"self":[{"href":"https:\/\/acninternational.org\/es\/wp-json\/wp\/v2\/posts\/142425","targetHints":{"allow":["GET"]}}],"collection":[{"href":"https:\/\/acninternational.org\/es\/wp-json\/wp\/v2\/posts"}],"about":[{"href":"https:\/\/acninternational.org\/es\/wp-json\/wp\/v2\/types\/post"}],"author":[{"embeddable":true,"href":"https:\/\/acninternational.org\/es\/wp-json\/wp\/v2\/users\/72"}],"replies":[{"embeddable":true,"href":"https:\/\/acninternational.org\/es\/wp-json\/wp\/v2\/comments?post=142425"}],"version-history":[{"count":0,"href":"https:\/\/acninternational.org\/es\/wp-json\/wp\/v2\/posts\/142425\/revisions"}],"wp:featuredmedia":[{"embeddable":true,"href":"https:\/\/acninternational.org\/es\/wp-json\/wp\/v2\/media\/142424"}],"wp:attachment":[{"href":"https:\/\/acninternational.org\/es\/wp-json\/wp\/v2\/media?parent=142425"}],"wp:term":[{"taxonomy":"category","embeddable":true,"href":"https:\/\/acninternational.org\/es\/wp-json\/wp\/v2\/categories?post=142425"},{"taxonomy":"post_tag","embeddable":true,"href":"https:\/\/acninternational.org\/es\/wp-json\/wp\/v2\/tags?post=142425"},{"taxonomy":"country","embeddable":true,"href":"https:\/\/acninternational.org\/es\/wp-json\/wp\/v2\/country?post=142425"}],"curies":[{"name":"wp","href":"https:\/\/api.w.org\/{rel}","templated":true}]}}