{"id":140426,"date":"2020-07-23T10:33:05","date_gmt":"2020-07-23T08:33:05","guid":{"rendered":"https:\/\/acninternational.org\/?p=140426"},"modified":"2020-07-23T16:20:28","modified_gmt":"2020-07-23T14:20:28","slug":"siria-la-catedral-maronita-de-st-elijah-sera-consagrada-despues-de-la-destruccion-de-la-guerra","status":"publish","type":"post","link":"https:\/\/acninternational.org\/es\/siria-la-catedral-maronita-de-st-elijah-sera-consagrada-despues-de-la-destruccion-de-la-guerra\/","title":{"rendered":"Siria: La catedral maronita de St. Elijah ser\u00e1 consagrada despu\u00e9s de la destrucci\u00f3n de la guerra"},"content":{"rendered":"<p><em>Despu\u00e9s de dif\u00edciles trabajos de reconstrucci\u00f3n, la catedral maronita de St. Elijah en la ciudad siria de Alepo, destruida severamente durante la guerra por varios morteros, se consagrar\u00e1 oficialmente el pr\u00f3ximo lunes, 20 de julio. <\/em><\/p>\n<p><em>Entre 2012 y 2016, la catedral sufri\u00f3 al menos tres fuertes ataques de misiles y numerosos incidentes menores. Los da\u00f1os m\u00e1s graves ocurrieron en 2013 cuando los yihadistas irrumpieron en esa parte de la ciudad, tratando de destruir toda se\u00f1al cristiana. Despu\u00e9s de quedar en ruinas durante cuatro a\u00f1os, la catedral pudo abrir de nuevo sus puertas para\u00a0 Navidad, despu\u00e9s de que esa parte de la ciudad quedara liberada de los rebeldes en 2016.\u00a0 La Fundaci\u00f3n ACN, uno de los mayores contribuyentes de fondos para la reparaci\u00f3n de la catedral, habla con monse\u00f1or Joseph Tobji, arzobispo maronita de Alepo, sobre el profundo significado de la reapertura de la catedral. <\/em><\/p>\n<p><em>La entrevista fue realizada por Maria Lozano.<\/em><\/p>\n<p><strong>ACN: Durante la guerra siria, la catedral sufri\u00f3 ataques masivos. \u00bfQu\u00e9 sinti\u00f3 usted cuando visit\u00f3 la catedral por primera vez despu\u00e9s de su destrucci\u00f3n?<\/strong><\/p>\n<p>En 2012 y 2013 cayeron algunos proyectiles sobre la iglesia. Yo sol\u00eda ir a ver los efectos de cada impacto con tristeza y dolor, para luego regresar y contarles a los sacerdotes lo que hab\u00eda ocurrido. M\u00e1s tarde, los ataques se intensificaron y no pude llegar hasta la iglesia. Cuando Alepo fue liberada, acud\u00ed a inspeccionar la iglesia, y cuando vi los graves da\u00f1os en el techo, la c\u00fapula y los muros, me dije a m\u00ed mismo: \u201cAs\u00ed como todos sufrimos como seres humanos, tambi\u00e9n lo han hecho la casa de Dios y la casa de la comunidad. Esta casa (la iglesia) ha cumplido su papel al recibir los impactos, protegiendo as\u00ed a los civiles de los alrededores\u201d. Di gracias a Dios, quien usa medios que no podemos entender para la salvaci\u00f3n. No obstante, cuando vi el estado de la iglesia, me hice preguntas que llevaban en mi coraz\u00f3n desde el principio de la guerra: \u00bfpor qu\u00e9 este mal, esta injusticia, esta humillaci\u00f3n, esta ignorancia?&#8230;<\/p>\n<figure id=\"attachment_140424\" aria-describedby=\"caption-attachment-140424\" style=\"width: 670px\" class=\"wp-caption alignnone\"><img loading=\"lazy\" decoding=\"async\" class=\"wp-image-140424 size-full\" src=\"https:\/\/media.acninternational.org\/wp-content\/uploads\/2020\/07\/Tobji.jpg\" alt=\"Monse\u00f1or Joseph Tobji, arzobispo maronita de Alepo.\" width=\"670\" height=\"400\" srcset=\"https:\/\/media.acninternational.org\/wp-content\/uploads\/2020\/07\/Tobji.jpg 670w, https:\/\/media.acninternational.org\/wp-content\/uploads\/2020\/07\/Tobji-300x179.jpg 300w\" sizes=\"auto, (max-width: 670px) 100vw, 670px\" \/><figcaption id=\"caption-attachment-140424\" class=\"wp-caption-text\">Monse\u00f1or Joseph Tobji, arzobispo maronita de Alepo.<\/figcaption><\/figure>\n<p><strong>Mons. Tobji: Despu\u00e9s de permanecer abandonada durante cuatro a\u00f1os, la iglesia fue reabierta antes de la Navidad de 2016. \u00bfCu\u00e1l fue su mensaje a los cristianos en ese d\u00eda?<\/strong><\/p>\n<p>En 2016, doce d\u00edas despu\u00e9s de la liberaci\u00f3n de Alepo, decidimos celebrar la Navidad en la catedral pese a su mal estado. Decidimos enviar un mensaje de esperanza: el Hijo de Dios se encarn\u00f3 y sigue con nosotros, acompa\u00f1\u00e1ndonos en nuestras penas y dolores, y soport\u00e1ndolos con nosotros, para que se transformen en una vida de esperanza, fe, amor y, as\u00ed, en una vida de santidad.<\/p>\n<p>El momento en que el Ni\u00f1o Jes\u00fas fue colocado durante la Santa Misa en el pesebre hecho de las ruinas del techo derrumbado fue muy conmovedor, y yo, con la gente que asist\u00eda al servicio, llor\u00e1bamos y re\u00edamos al mismo tiempo, y todos aplaud\u00edan y echaban v\u00edtores con alegr\u00eda.<\/p>\n<p><strong>\u00bfQu\u00e9 significa para usted la reapertura oficial de la catedral el 20 de julio?<\/strong><\/p>\n<p>La restauraci\u00f3n y reapertura de la catedral tiene un significado simb\u00f3lico y pr\u00e1ctico. Por una parte da un mensaje a los feligreses y cristianos de Alepo y del mundo de que a pesar de la disminuci\u00f3n del n\u00famero de fieles seguimos en este pa\u00eds, y la restauraci\u00f3n de la catedral es prueba de ello. Vamos a continuar alabando a Dios en este lugar pese a todas las dificultades. Nuestro deseo de quedarnos es una \u2018misi\u00f3n\u2019, y no solo porque nacimos aqu\u00ed o tuvi\u00e9ramos que quedarnos contra nuestra voluntad. Por otra parte, en t\u00e9rminos pr\u00e1cticos, los maronitas no tenemos otro lugar donde reunirnos que esta catedral, y la decisi\u00f3n de restaurarla era l\u00f3gica, como la de una familia que quiere renovar su \u00fanica casa, la casa que nos re\u00fane.<\/p>\n<p><strong>\u00bfCu\u00e1l fue la mayor dificultad durante la reconstrucci\u00f3n?<\/strong><\/p>\n<p>Las principales dificultades en la reconstrucci\u00f3n de la catedral fueron la obtenci\u00f3n de fondos, que fue facilitada y apoyada por <em>Ayuda a la Iglesia Necesitada (ACN)<\/em>, y la reconstrucci\u00f3n fiel al original del techo de madera de la catedral. Carecemos de experiencia en este campo, as\u00ed que pedimos a arquitectos italianos que dise\u00f1aran el techo de madera, y tuvimos que traer madera especial de Italia y tambi\u00e9n al experto que instal\u00f3 el techo. Durante este proceso sufrimos escasez de equipos y materiales, por lo que los ingenieros y obreros tuvieron que recurrir a m\u00e9todos y mano de obra rudimentarios para llevar a cabo el proyecto.<\/p>\n<p><strong>\u00bfQu\u00e9 le gustar\u00eda decirles a los benefactores de ACN que han hecho posible la reconstrucci\u00f3n?<\/strong><\/p>\n<p>En nombre de todos los feligreses y del m\u00edo propio, damos las gracias de todo coraz\u00f3n a ACN y a todos los benefactores que han contribuido con fe y generosidad a este sue\u00f1o. Sin la ayuda de ACN y la generosidad de los benefactores, no hubi\u00e9ramos podido rezar de nuevo en la catedral ni infundir esperanza en los corazones de los fieles a trav\u00e9s de su reconstrucci\u00f3n. Tengan la seguridad de que rezamos a diario por ustedes, y que rogamos a Dios que derrame bendiciones sobre ustedes y sus familias. Desear\u00edamos que las condiciones fueran mejores para que pudieran compartir con nosotros nuestra alegr\u00eda por la apertura de la iglesia, pero sentimos su acompa\u00f1amiento espiritual y, ciertamente, celebraremos con ustedes otra ceremonia de gratitud cuando las circunstancias lo permitan.<\/p>\n<p><iframe loading=\"lazy\" width=\"560\" height=\"315\" src=\"https:\/\/www.youtube.com\/embed\/ZNi4gHZmlYA\" frameborder=\"0\" allow=\"accelerometer; autoplay; encrypted-media; gyroscope; picture-in-picture\" allowfullscreen><\/iframe><\/p>\n","protected":false},"excerpt":{"rendered":"<p>Despu\u00e9s de dif\u00edciles trabajos de reconstrucci\u00f3n, la catedral maronita de St. Elijah en la ciudad siria de Alepo, destruida severamente<\/p>\n","protected":false},"author":4258341447,"featured_media":140418,"comment_status":"closed","ping_status":"closed","sticky":false,"template":"","format":"standard","meta":{"_acf_changed":false,"_acn_coauthor_ids":[],"footnotes":""},"categories":[721,798,714],"tags":[],"country":[65],"class_list":["post-140426","post","type-post","status-publish","format-standard","has-post-thumbnail","hentry","category-construccion","category-interviews-es","category-proyecto","country-syria"],"acn_coauthors":[],"acf":[],"yoast_head":"<!-- This site is optimized with the Yoast SEO Premium plugin v27.3 (Yoast SEO v27.3) - https:\/\/yoast.com\/product\/yoast-seo-premium-wordpress\/ -->\n<title>Siria: La catedral maronita de St. Elijah ser\u00e1 consagrada despu\u00e9s de la destrucci\u00f3n de la guerra<\/title>\n<meta name=\"description\" content=\"La catedral maronita de San El\u00edas en Alepo, Siria, fue severamente da\u00f1ada en 2012 por las bombas. &quot;As\u00ed como todos sufrimos como seres humanos, tambi\u00e9n lo hizo la casa de Dios. La iglesia ha cumplido su papel al recibir los impactos, protegiendo as\u00ed a los civiles de los alrededores\u201d, dijo Mons. Joseph Tobij, arzobispo maronita de Alepo. &quot;Las principales dificultades en la reconstrucci\u00f3n de la catedral fueron la obtenci\u00f3n de fondos, que fue facilitada y apoyada por ACN&quot;.\" \/>\n<meta name=\"robots\" content=\"index, follow, max-snippet:-1, max-image-preview:large, max-video-preview:-1\" \/>\n<link rel=\"canonical\" href=\"https:\/\/acninternational.org\/es\/siria-la-catedral-maronita-de-st-elijah-sera-consagrada-despues-de-la-destruccion-de-la-guerra\/\" \/>\n<meta property=\"og:locale\" content=\"es_ES\" \/>\n<meta property=\"og:type\" content=\"article\" \/>\n<meta property=\"og:title\" content=\"Siria: La catedral maronita de St. Elijah ser\u00e1 consagrada despu\u00e9s de la destrucci\u00f3n de la guerra\" \/>\n<meta property=\"og:description\" content=\"La catedral maronita de San El\u00edas en Alepo, Siria, fue severamente da\u00f1ada en 2012 por las bombas. &quot;As\u00ed como todos sufrimos como seres humanos, tambi\u00e9n lo hizo la casa de Dios. La iglesia ha cumplido su papel al recibir los impactos, protegiendo as\u00ed a los civiles de los alrededores\u201d, dijo Mons. Joseph Tobij, arzobispo maronita de Alepo. &quot;Las principales dificultades en la reconstrucci\u00f3n de la catedral fueron la obtenci\u00f3n de fondos, que fue facilitada y apoyada por ACN&quot;.\" \/>\n<meta property=\"og:url\" content=\"https:\/\/acninternational.org\/es\/siria-la-catedral-maronita-de-st-elijah-sera-consagrada-despues-de-la-destruccion-de-la-guerra\/\" \/>\n<meta property=\"og:site_name\" content=\"ACN International\" \/>\n<meta property=\"article:publisher\" content=\"https:\/\/www.facebook.com\/acninternationalorg\" \/>\n<meta property=\"article:published_time\" content=\"2020-07-23T08:33:05+00:00\" \/>\n<meta property=\"article:modified_time\" content=\"2020-07-23T14:20:28+00:00\" \/>\n<meta property=\"og:image\" content=\"https:\/\/media.acninternational.org\/wp-content\/uploads\/2020\/07\/Cathedral-of-St.-Elijah-in-Aleppo.jpg\" \/>\n\t<meta property=\"og:image:width\" content=\"1400\" \/>\n\t<meta property=\"og:image:height\" content=\"438\" \/>\n\t<meta property=\"og:image:type\" content=\"image\/jpeg\" \/>\n<meta name=\"author\" content=\"ACN Press Team\" \/>\n<meta name=\"twitter:card\" content=\"summary_large_image\" \/>\n<meta name=\"twitter:creator\" content=\"@acn_int\" \/>\n<meta name=\"twitter:site\" content=\"@acn_int\" \/>\n<meta name=\"twitter:label1\" content=\"Escrito por\" \/>\n\t<meta name=\"twitter:data1\" content=\"ACN Press Team\" \/>\n\t<meta name=\"twitter:label2\" content=\"Tiempo de lectura\" \/>\n\t<meta name=\"twitter:data2\" content=\"5 minutos\" \/>\n<script type=\"application\/ld+json\" class=\"yoast-schema-graph\">{\"@context\":\"https:\\\/\\\/schema.org\",\"@graph\":[{\"@type\":\"Article\",\"@id\":\"https:\\\/\\\/acninternational.org\\\/es\\\/siria-la-catedral-maronita-de-st-elijah-sera-consagrada-despues-de-la-destruccion-de-la-guerra\\\/#article\",\"isPartOf\":{\"@id\":\"https:\\\/\\\/acninternational.org\\\/es\\\/siria-la-catedral-maronita-de-st-elijah-sera-consagrada-despues-de-la-destruccion-de-la-guerra\\\/\"},\"author\":{\"name\":\"ACN Press Team\",\"@id\":\"https:\\\/\\\/acninternational.org\\\/es\\\/#\\\/schema\\\/person\\\/7f3dafb236b242fb2aa46be1411fd703\"},\"headline\":\"Siria: La catedral maronita de St. Elijah ser\u00e1 consagrada despu\u00e9s de la destrucci\u00f3n de la guerra\",\"datePublished\":\"2020-07-23T08:33:05+00:00\",\"dateModified\":\"2020-07-23T14:20:28+00:00\",\"mainEntityOfPage\":{\"@id\":\"https:\\\/\\\/acninternational.org\\\/es\\\/siria-la-catedral-maronita-de-st-elijah-sera-consagrada-despues-de-la-destruccion-de-la-guerra\\\/\"},\"wordCount\":980,\"publisher\":{\"@id\":\"https:\\\/\\\/acninternational.org\\\/es\\\/#organization\"},\"image\":{\"@id\":\"https:\\\/\\\/acninternational.org\\\/es\\\/siria-la-catedral-maronita-de-st-elijah-sera-consagrada-despues-de-la-destruccion-de-la-guerra\\\/#primaryimage\"},\"thumbnailUrl\":\"https:\\\/\\\/media.acninternational.org\\\/wp-content\\\/uploads\\\/2020\\\/07\\\/Cathedral-of-St.-Elijah-in-Aleppo.jpg\",\"articleSection\":[\"CONSTRUCCI\u00d3N\",\"INTERVIEWS\",\"PROYECTO\"],\"inLanguage\":\"es\"},{\"@type\":\"WebPage\",\"@id\":\"https:\\\/\\\/acninternational.org\\\/es\\\/siria-la-catedral-maronita-de-st-elijah-sera-consagrada-despues-de-la-destruccion-de-la-guerra\\\/\",\"url\":\"https:\\\/\\\/acninternational.org\\\/es\\\/siria-la-catedral-maronita-de-st-elijah-sera-consagrada-despues-de-la-destruccion-de-la-guerra\\\/\",\"name\":\"Siria: La catedral maronita de St. Elijah ser\u00e1 consagrada despu\u00e9s de la destrucci\u00f3n de la guerra\",\"isPartOf\":{\"@id\":\"https:\\\/\\\/acninternational.org\\\/es\\\/#website\"},\"primaryImageOfPage\":{\"@id\":\"https:\\\/\\\/acninternational.org\\\/es\\\/siria-la-catedral-maronita-de-st-elijah-sera-consagrada-despues-de-la-destruccion-de-la-guerra\\\/#primaryimage\"},\"image\":{\"@id\":\"https:\\\/\\\/acninternational.org\\\/es\\\/siria-la-catedral-maronita-de-st-elijah-sera-consagrada-despues-de-la-destruccion-de-la-guerra\\\/#primaryimage\"},\"thumbnailUrl\":\"https:\\\/\\\/media.acninternational.org\\\/wp-content\\\/uploads\\\/2020\\\/07\\\/Cathedral-of-St.-Elijah-in-Aleppo.jpg\",\"datePublished\":\"2020-07-23T08:33:05+00:00\",\"dateModified\":\"2020-07-23T14:20:28+00:00\",\"description\":\"La catedral maronita de San El\u00edas en Alepo, Siria, fue severamente da\u00f1ada en 2012 por las bombas. \\\"As\u00ed como todos sufrimos como seres humanos, tambi\u00e9n lo hizo la casa de Dios. La iglesia ha cumplido su papel al recibir los impactos, protegiendo as\u00ed a los civiles de los alrededores\u201d, dijo Mons. Joseph Tobij, arzobispo maronita de Alepo. \\\"Las principales dificultades en la reconstrucci\u00f3n de la catedral fueron la obtenci\u00f3n de fondos, que fue facilitada y apoyada por ACN\\\".\",\"breadcrumb\":{\"@id\":\"https:\\\/\\\/acninternational.org\\\/es\\\/siria-la-catedral-maronita-de-st-elijah-sera-consagrada-despues-de-la-destruccion-de-la-guerra\\\/#breadcrumb\"},\"inLanguage\":\"es\",\"potentialAction\":[{\"@type\":\"ReadAction\",\"target\":[\"https:\\\/\\\/acninternational.org\\\/es\\\/siria-la-catedral-maronita-de-st-elijah-sera-consagrada-despues-de-la-destruccion-de-la-guerra\\\/\"]}]},{\"@type\":\"ImageObject\",\"inLanguage\":\"es\",\"@id\":\"https:\\\/\\\/acninternational.org\\\/es\\\/siria-la-catedral-maronita-de-st-elijah-sera-consagrada-despues-de-la-destruccion-de-la-guerra\\\/#primaryimage\",\"url\":\"https:\\\/\\\/media.acninternational.org\\\/wp-content\\\/uploads\\\/2020\\\/07\\\/Cathedral-of-St.-Elijah-in-Aleppo.jpg\",\"contentUrl\":\"https:\\\/\\\/media.acninternational.org\\\/wp-content\\\/uploads\\\/2020\\\/07\\\/Cathedral-of-St.-Elijah-in-Aleppo.jpg\",\"width\":1400,\"height\":438},{\"@type\":\"BreadcrumbList\",\"@id\":\"https:\\\/\\\/acninternational.org\\\/es\\\/siria-la-catedral-maronita-de-st-elijah-sera-consagrada-despues-de-la-destruccion-de-la-guerra\\\/#breadcrumb\",\"itemListElement\":[{\"@type\":\"ListItem\",\"position\":1,\"name\":\"Home\",\"item\":\"https:\\\/\\\/acninternational.org\\\/es\\\/\"},{\"@type\":\"ListItem\",\"position\":2,\"name\":\"INTERVIEWS\",\"item\":\"https:\\\/\\\/acninternational.org\\\/es\\\/category\\\/interviews-es\\\/\"},{\"@type\":\"ListItem\",\"position\":3,\"name\":\"Siria: La catedral maronita de St. Elijah ser\u00e1 consagrada despu\u00e9s de la destrucci\u00f3n de la guerra\"}]},{\"@type\":\"WebSite\",\"@id\":\"https:\\\/\\\/acninternational.org\\\/es\\\/#website\",\"url\":\"https:\\\/\\\/acninternational.org\\\/es\\\/\",\"name\":\"ACN International\",\"description\":\"\",\"publisher\":{\"@id\":\"https:\\\/\\\/acninternational.org\\\/es\\\/#organization\"},\"potentialAction\":[{\"@type\":\"SearchAction\",\"target\":{\"@type\":\"EntryPoint\",\"urlTemplate\":\"https:\\\/\\\/acninternational.org\\\/es\\\/?s={search_term_string}\"},\"query-input\":{\"@type\":\"PropertyValueSpecification\",\"valueRequired\":true,\"valueName\":\"search_term_string\"}}],\"inLanguage\":\"es\"},{\"@type\":\"Organization\",\"@id\":\"https:\\\/\\\/acninternational.org\\\/es\\\/#organization\",\"name\":\"Aid to the Church in Need International\",\"url\":\"https:\\\/\\\/acninternational.org\\\/es\\\/\",\"logo\":{\"@type\":\"ImageObject\",\"inLanguage\":\"es\",\"@id\":\"https:\\\/\\\/acninternational.org\\\/es\\\/#\\\/schema\\\/logo\\\/image\\\/\",\"url\":\"https:\\\/\\\/media.acninternational.org\\\/wp-content\\\/uploads\\\/2019\\\/11\\\/acn_logo_blackvector.svg\",\"contentUrl\":\"https:\\\/\\\/media.acninternational.org\\\/wp-content\\\/uploads\\\/2019\\\/11\\\/acn_logo_blackvector.svg\",\"width\":232.6,\"height\":78,\"caption\":\"Aid to the Church in Need International\"},\"image\":{\"@id\":\"https:\\\/\\\/acninternational.org\\\/es\\\/#\\\/schema\\\/logo\\\/image\\\/\"},\"sameAs\":[\"https:\\\/\\\/www.facebook.com\\\/acninternationalorg\",\"https:\\\/\\\/x.com\\\/acn_int\",\"https:\\\/\\\/www.youtube.com\\\/channel\\\/UCQ-077gS0TnVzkhHmf1opZw\",\"https:\\\/\\\/www.instagram.com\\\/acn_international\\\/\"]},{\"@type\":\"Person\",\"@id\":\"https:\\\/\\\/acninternational.org\\\/es\\\/#\\\/schema\\\/person\\\/7f3dafb236b242fb2aa46be1411fd703\",\"name\":\"ACN Press Team\",\"description\":\"Lorem ipsum dolor sit amet, consectetur adipiscing elit, sed do eiusmod tempor incididunt ut labore et dolore magna aliqua. Ut enim ad minim veniam, quis nostrud exercitation ullamco laboris nisi ut aliquip ex ea commodo consequat.\",\"url\":\"https:\\\/\\\/acninternational.org\\\/es\\\/author\\\/acn-press-team\\\/\"}]}<\/script>\n<!-- \/ Yoast SEO Premium plugin. -->","yoast_head_json":{"title":"Siria: La catedral maronita de St. Elijah ser\u00e1 consagrada despu\u00e9s de la destrucci\u00f3n de la guerra","description":"La catedral maronita de San El\u00edas en Alepo, Siria, fue severamente da\u00f1ada en 2012 por las bombas. \"As\u00ed como todos sufrimos como seres humanos, tambi\u00e9n lo hizo la casa de Dios. La iglesia ha cumplido su papel al recibir los impactos, protegiendo as\u00ed a los civiles de los alrededores\u201d, dijo Mons. Joseph Tobij, arzobispo maronita de Alepo. \"Las principales dificultades en la reconstrucci\u00f3n de la catedral fueron la obtenci\u00f3n de fondos, que fue facilitada y apoyada por ACN\".","robots":{"index":"index","follow":"follow","max-snippet":"max-snippet:-1","max-image-preview":"max-image-preview:large","max-video-preview":"max-video-preview:-1"},"canonical":"https:\/\/acninternational.org\/es\/siria-la-catedral-maronita-de-st-elijah-sera-consagrada-despues-de-la-destruccion-de-la-guerra\/","og_locale":"es_ES","og_type":"article","og_title":"Siria: La catedral maronita de St. Elijah ser\u00e1 consagrada despu\u00e9s de la destrucci\u00f3n de la guerra","og_description":"La catedral maronita de San El\u00edas en Alepo, Siria, fue severamente da\u00f1ada en 2012 por las bombas. \"As\u00ed como todos sufrimos como seres humanos, tambi\u00e9n lo hizo la casa de Dios. La iglesia ha cumplido su papel al recibir los impactos, protegiendo as\u00ed a los civiles de los alrededores\u201d, dijo Mons. Joseph Tobij, arzobispo maronita de Alepo. \"Las principales dificultades en la reconstrucci\u00f3n de la catedral fueron la obtenci\u00f3n de fondos, que fue facilitada y apoyada por ACN\".","og_url":"https:\/\/acninternational.org\/es\/siria-la-catedral-maronita-de-st-elijah-sera-consagrada-despues-de-la-destruccion-de-la-guerra\/","og_site_name":"ACN International","article_publisher":"https:\/\/www.facebook.com\/acninternationalorg","article_published_time":"2020-07-23T08:33:05+00:00","article_modified_time":"2020-07-23T14:20:28+00:00","og_image":[{"width":1400,"height":438,"url":"https:\/\/media.acninternational.org\/wp-content\/uploads\/2020\/07\/Cathedral-of-St.-Elijah-in-Aleppo.jpg","type":"image\/jpeg"}],"author":"ACN Press Team","twitter_card":"summary_large_image","twitter_creator":"@acn_int","twitter_site":"@acn_int","twitter_misc":{"Escrito por":"ACN Press Team","Tiempo de lectura":"5 minutos"},"schema":{"@context":"https:\/\/schema.org","@graph":[{"@type":"Article","@id":"https:\/\/acninternational.org\/es\/siria-la-catedral-maronita-de-st-elijah-sera-consagrada-despues-de-la-destruccion-de-la-guerra\/#article","isPartOf":{"@id":"https:\/\/acninternational.org\/es\/siria-la-catedral-maronita-de-st-elijah-sera-consagrada-despues-de-la-destruccion-de-la-guerra\/"},"author":{"name":"ACN Press Team","@id":"https:\/\/acninternational.org\/es\/#\/schema\/person\/7f3dafb236b242fb2aa46be1411fd703"},"headline":"Siria: La catedral maronita de St. Elijah ser\u00e1 consagrada despu\u00e9s de la destrucci\u00f3n de la guerra","datePublished":"2020-07-23T08:33:05+00:00","dateModified":"2020-07-23T14:20:28+00:00","mainEntityOfPage":{"@id":"https:\/\/acninternational.org\/es\/siria-la-catedral-maronita-de-st-elijah-sera-consagrada-despues-de-la-destruccion-de-la-guerra\/"},"wordCount":980,"publisher":{"@id":"https:\/\/acninternational.org\/es\/#organization"},"image":{"@id":"https:\/\/acninternational.org\/es\/siria-la-catedral-maronita-de-st-elijah-sera-consagrada-despues-de-la-destruccion-de-la-guerra\/#primaryimage"},"thumbnailUrl":"https:\/\/media.acninternational.org\/wp-content\/uploads\/2020\/07\/Cathedral-of-St.-Elijah-in-Aleppo.jpg","articleSection":["CONSTRUCCI\u00d3N","INTERVIEWS","PROYECTO"],"inLanguage":"es"},{"@type":"WebPage","@id":"https:\/\/acninternational.org\/es\/siria-la-catedral-maronita-de-st-elijah-sera-consagrada-despues-de-la-destruccion-de-la-guerra\/","url":"https:\/\/acninternational.org\/es\/siria-la-catedral-maronita-de-st-elijah-sera-consagrada-despues-de-la-destruccion-de-la-guerra\/","name":"Siria: La catedral maronita de St. Elijah ser\u00e1 consagrada despu\u00e9s de la destrucci\u00f3n de la guerra","isPartOf":{"@id":"https:\/\/acninternational.org\/es\/#website"},"primaryImageOfPage":{"@id":"https:\/\/acninternational.org\/es\/siria-la-catedral-maronita-de-st-elijah-sera-consagrada-despues-de-la-destruccion-de-la-guerra\/#primaryimage"},"image":{"@id":"https:\/\/acninternational.org\/es\/siria-la-catedral-maronita-de-st-elijah-sera-consagrada-despues-de-la-destruccion-de-la-guerra\/#primaryimage"},"thumbnailUrl":"https:\/\/media.acninternational.org\/wp-content\/uploads\/2020\/07\/Cathedral-of-St.-Elijah-in-Aleppo.jpg","datePublished":"2020-07-23T08:33:05+00:00","dateModified":"2020-07-23T14:20:28+00:00","description":"La catedral maronita de San El\u00edas en Alepo, Siria, fue severamente da\u00f1ada en 2012 por las bombas. \"As\u00ed como todos sufrimos como seres humanos, tambi\u00e9n lo hizo la casa de Dios. La iglesia ha cumplido su papel al recibir los impactos, protegiendo as\u00ed a los civiles de los alrededores\u201d, dijo Mons. Joseph Tobij, arzobispo maronita de Alepo. \"Las principales dificultades en la reconstrucci\u00f3n de la catedral fueron la obtenci\u00f3n de fondos, que fue facilitada y apoyada por ACN\".","breadcrumb":{"@id":"https:\/\/acninternational.org\/es\/siria-la-catedral-maronita-de-st-elijah-sera-consagrada-despues-de-la-destruccion-de-la-guerra\/#breadcrumb"},"inLanguage":"es","potentialAction":[{"@type":"ReadAction","target":["https:\/\/acninternational.org\/es\/siria-la-catedral-maronita-de-st-elijah-sera-consagrada-despues-de-la-destruccion-de-la-guerra\/"]}]},{"@type":"ImageObject","inLanguage":"es","@id":"https:\/\/acninternational.org\/es\/siria-la-catedral-maronita-de-st-elijah-sera-consagrada-despues-de-la-destruccion-de-la-guerra\/#primaryimage","url":"https:\/\/media.acninternational.org\/wp-content\/uploads\/2020\/07\/Cathedral-of-St.-Elijah-in-Aleppo.jpg","contentUrl":"https:\/\/media.acninternational.org\/wp-content\/uploads\/2020\/07\/Cathedral-of-St.-Elijah-in-Aleppo.jpg","width":1400,"height":438},{"@type":"BreadcrumbList","@id":"https:\/\/acninternational.org\/es\/siria-la-catedral-maronita-de-st-elijah-sera-consagrada-despues-de-la-destruccion-de-la-guerra\/#breadcrumb","itemListElement":[{"@type":"ListItem","position":1,"name":"Home","item":"https:\/\/acninternational.org\/es\/"},{"@type":"ListItem","position":2,"name":"INTERVIEWS","item":"https:\/\/acninternational.org\/es\/category\/interviews-es\/"},{"@type":"ListItem","position":3,"name":"Siria: La catedral maronita de St. Elijah ser\u00e1 consagrada despu\u00e9s de la destrucci\u00f3n de la guerra"}]},{"@type":"WebSite","@id":"https:\/\/acninternational.org\/es\/#website","url":"https:\/\/acninternational.org\/es\/","name":"ACN International","description":"","publisher":{"@id":"https:\/\/acninternational.org\/es\/#organization"},"potentialAction":[{"@type":"SearchAction","target":{"@type":"EntryPoint","urlTemplate":"https:\/\/acninternational.org\/es\/?s={search_term_string}"},"query-input":{"@type":"PropertyValueSpecification","valueRequired":true,"valueName":"search_term_string"}}],"inLanguage":"es"},{"@type":"Organization","@id":"https:\/\/acninternational.org\/es\/#organization","name":"Aid to the Church in Need International","url":"https:\/\/acninternational.org\/es\/","logo":{"@type":"ImageObject","inLanguage":"es","@id":"https:\/\/acninternational.org\/es\/#\/schema\/logo\/image\/","url":"https:\/\/media.acninternational.org\/wp-content\/uploads\/2019\/11\/acn_logo_blackvector.svg","contentUrl":"https:\/\/media.acninternational.org\/wp-content\/uploads\/2019\/11\/acn_logo_blackvector.svg","width":232.6,"height":78,"caption":"Aid to the Church in Need International"},"image":{"@id":"https:\/\/acninternational.org\/es\/#\/schema\/logo\/image\/"},"sameAs":["https:\/\/www.facebook.com\/acninternationalorg","https:\/\/x.com\/acn_int","https:\/\/www.youtube.com\/channel\/UCQ-077gS0TnVzkhHmf1opZw","https:\/\/www.instagram.com\/acn_international\/"]},{"@type":"Person","@id":"https:\/\/acninternational.org\/es\/#\/schema\/person\/7f3dafb236b242fb2aa46be1411fd703","name":"ACN Press Team","description":"Lorem ipsum dolor sit amet, consectetur adipiscing elit, sed do eiusmod tempor incididunt ut labore et dolore magna aliqua. Ut enim ad minim veniam, quis nostrud exercitation ullamco laboris nisi ut aliquip ex ea commodo consequat.","url":"https:\/\/acninternational.org\/es\/author\/acn-press-team\/"}]}},"_links":{"self":[{"href":"https:\/\/acninternational.org\/es\/wp-json\/wp\/v2\/posts\/140426","targetHints":{"allow":["GET"]}}],"collection":[{"href":"https:\/\/acninternational.org\/es\/wp-json\/wp\/v2\/posts"}],"about":[{"href":"https:\/\/acninternational.org\/es\/wp-json\/wp\/v2\/types\/post"}],"author":[{"embeddable":true,"href":"https:\/\/acninternational.org\/es\/wp-json\/wp\/v2\/users\/4258341447"}],"replies":[{"embeddable":true,"href":"https:\/\/acninternational.org\/es\/wp-json\/wp\/v2\/comments?post=140426"}],"version-history":[{"count":0,"href":"https:\/\/acninternational.org\/es\/wp-json\/wp\/v2\/posts\/140426\/revisions"}],"wp:featuredmedia":[{"embeddable":true,"href":"https:\/\/acninternational.org\/es\/wp-json\/wp\/v2\/media\/140418"}],"wp:attachment":[{"href":"https:\/\/acninternational.org\/es\/wp-json\/wp\/v2\/media?parent=140426"}],"wp:term":[{"taxonomy":"category","embeddable":true,"href":"https:\/\/acninternational.org\/es\/wp-json\/wp\/v2\/categories?post=140426"},{"taxonomy":"post_tag","embeddable":true,"href":"https:\/\/acninternational.org\/es\/wp-json\/wp\/v2\/tags?post=140426"},{"taxonomy":"country","embeddable":true,"href":"https:\/\/acninternational.org\/es\/wp-json\/wp\/v2\/country?post=140426"}],"curies":[{"name":"wp","href":"https:\/\/api.w.org\/{rel}","templated":true}]}}