{"id":138880,"date":"2020-06-26T10:32:41","date_gmt":"2020-06-26T08:32:41","guid":{"rendered":"https:\/\/acninternational.org\/?p=138880"},"modified":"2024-08-09T16:03:00","modified_gmt":"2024-08-09T14:03:00","slug":"mozambique-las-carmelitas-dan-testimonio-de-la-barbarie-tras-tres-dias-de-ataques-yihadistas","status":"publish","type":"post","link":"https:\/\/acninternational.org\/es\/mozambique-las-carmelitas-dan-testimonio-de-la-barbarie-tras-tres-dias-de-ataques-yihadistas\/","title":{"rendered":"Mozambique: Las Carmelitas dan testimonio de la \u201cbarbarie\u201d tras tres d\u00edas de ataques yihadistas"},"content":{"rendered":"<p>A fines de mayo, los grupos terroristas se ensa\u00f1aron con la villa de Macomia, en la provincia con yacimientos de gas de Cabo Delgado, en el noreste de Mozambique. All\u00ed, las Carmelitas Teresas de San Jos\u00e9, presentes en Macomia desde hace 16 a\u00f1os, realizan un trabajo notable en el \u00e1mbito de la educaci\u00f3n. Unos d\u00edas despu\u00e9s del ataque regresaron y contaron lo que pas\u00f3. La fundaci\u00f3n pontificia Aid to the Church in Need (ACN), que las visit\u00f3 en 2015 y ha apoyado a las religiosas con proyectos, expresa su consternaci\u00f3n por lo sucedido.<\/p>\n<p>El ataque comenz\u00f3 en la madrugada del 28 de mayo. \u201cFue fuerte, cruel y dur\u00f3 tres d\u00edas\u201d, explica en su p\u00e1gina Facebook la Hna. Blanca Nubia Casta\u00f1o del Carmelo de Macomia. Ella y las otras religiosas, conscientes del \u201criesgo\u201d que corr\u00edan, abandonaron la sede de la misi\u00f3n, que incluye una escuela con internado, unos d\u00edas antes del ataque.<\/p>\n<p>\u201cDurante los \u00faltimos dos a\u00f1os y medio\u201d, escribe la Hna. Blanca, la regi\u00f3n de Macomia y toda la provincia de Cabo Delgado viven \u201caterrorizadas\u201d por los crueles ataques de los grupos armados yihadistas, cuya motivaci\u00f3n, seg\u00fan los expertos, podr\u00eda guardar relaci\u00f3n con el descubrimiento de ricos yacimientos submarinosde gas en las costas de esta provincia. Sus operaciones se han intensificado desde principios de a\u00f1o: siembran el terror entre la poblaci\u00f3n, queman aldeas y atacan a civiles en las v\u00edas de comunicaci\u00f3n y transporte p\u00fablico.<\/p>\n<p>El jueves 4 de junio las religiosas decidieron regresar a Macomia para comprobar el alcance de los da\u00f1os ocasionados por los terroristas \u201caunque el riesgo no hab\u00eda desaparecido del todo\u201d. Pero quer\u00edan \u201cpor lo menos, visitar, animar y ayudar a [los] empleados y sus familias\u201d.<\/p>\n<p>En palabras de la Hna. Blanca Nubia Casta\u00f1o, la destrucci\u00f3n fue violenta. \u201cComo resultado de esta barbarie, el \u00e1rea urbana fue completamente demolida, la mayor parte de la infraestructura estatal fue da\u00f1ada y el \u00e1rea comercial fue reducida a cenizas\u201d.<\/p>\n<figure id=\"attachment_138878\" aria-describedby=\"caption-attachment-138878\" style=\"width: 670px\" class=\"wp-caption aligncenter\"><img loading=\"lazy\" decoding=\"async\" class=\"wp-image-138878 size-full\" src=\"https:\/\/media.acninternational.org\/wp-content\/uploads\/2020\/06\/mozambique2.jpg\" alt=\"Mozambique: Las Carmelitas dan testimonio de la \u201cbarbarie\u201d tras tres d\u00edas de ataques yihadistas.\" width=\"670\" height=\"400\" srcset=\"https:\/\/media.acninternational.org\/wp-content\/uploads\/2020\/06\/mozambique2.jpg 670w, https:\/\/media.acninternational.org\/wp-content\/uploads\/2020\/06\/mozambique2-300x179.jpg 300w\" sizes=\"auto, (max-width: 670px) 100vw, 670px\" \/><figcaption id=\"caption-attachment-138878\" class=\"wp-caption-text\">Mozambique: Las Carmelitas dan testimonio de la \u201cbarbarie\u201d tras tres d\u00edas de ataques yihadistas.<\/figcaption><\/figure>\n<p>Adem\u00e1s de la destrucci\u00f3n material, queda por determinar el n\u00famero de v\u00edctimas humanas. \u201cTodav\u00eda no sabemos el n\u00famero de v\u00edctimas civiles y de las fuerzas [de seguridad]. El 3 de junio la gente comenz\u00f3 a regresar lentamente a sus casas, algunas de las cuales fueron incendiadas, otras saqueadas&#8230; Recuerden que hace solo un a\u00f1o sufrimos el paso destructivo del cicl\u00f3n Kenneth&#8230;\u201d. Ese cicl\u00f3n tropical afect\u00f3 especialmente a la provincia de Cabo Delgado, causando da\u00f1os considerables.<\/p>\n<p>Durante el ataque de finales de mayo, la misi\u00f3n de las Carmelitas Teresas de San Jos\u00e9 se salv\u00f3, al parecer, \u00fanicamente por estar situada relativamente fuera de la zona asaltada por los terroristas. \u201cNuestra misi\u00f3n se salv\u00f3 porque est\u00e1 ubicada en las colinas, junto a una base militar\u201d. Por motivos de seguridad tuvieron que regresar el mismo d\u00eda a la misi\u00f3n donde se hab\u00edan refugiado y no pudieron quedarse en Macomia.<\/p>\n<p>Desde finales de 2017, la violencia en la regi\u00f3n ha causado m\u00e1s de 1.100 v\u00edctimas mortales, entre ellas 700 civiles, seg\u00fan la ONG <em>Armed Conflict Location and Event Data Project<\/em> (ACLED). La violencia ha provocado el desplazamiento de 200.000 personas desde finales de 2017, seg\u00fan datos de la ONU. Seg\u00fan las mismas fuentes, este nuevo asalto a la ciudad de Macomia, que ya acog\u00eda a 30.000 personas desplazadas, ha ocasionado un nuevo \u00e9xodo.<\/p>\n<p>El papa dirigi\u00f3 la atenci\u00f3n del mundo hacia esta crisis desconocida en su mensaje <em>Urbi et Orbi<\/em> del pasado abril para el Domingo de Pascua.<\/p>\n<p>En 2015, una delegaci\u00f3n de ACN International visit\u00f3 a las Carmelitas de Macomia a las que la fundaci\u00f3n proporcion\u00f3 un veh\u00edculo para apoyar su labor pastoral. \u201cLamento profundamente la situaci\u00f3n en Macomia y m\u00e1s a\u00fan porque conoc\u00ed personalmente a las Carmelitas durante mi \u00faltimo viaje a Mozambique en mi \u00faltima visita\u201d, ha se\u00f1alado Rafael D\u2019Aqu\u00ed, responsable de proyectos en Mozambique de ACN.\u00a0 La labor de las religiosas le impresion\u00f3 especialmente explica porque \u201csu compromiso no se extiende solo al internado que dirigen sino tambi\u00e9n a toda la poblaci\u00f3n de los alrededores\u201d. Adem\u00e1s de los alumnos a su cargo, atienden a las familias y maestros. Tambi\u00e9n tiene un programa de ayuda para las madres en el aprendizaje de la lactancia, proporcionando tambi\u00e9n atenci\u00f3n sanitaria primaria a sus beb\u00e9s.<\/p>\n","protected":false},"excerpt":{"rendered":"<p>A fines de mayo, los grupos terroristas se ensa\u00f1aron con la villa de Macomia, en la provincia con yacimientos de gas de Cabo Delgado, en el noreste de Mozambique.<\/p>\n","protected":false},"author":4258341447,"featured_media":138872,"comment_status":"closed","ping_status":"closed","sticky":false,"template":"","format":"standard","meta":{"_acf_changed":false,"_acn_coauthor_ids":[],"footnotes":""},"categories":[746,1254],"tags":[],"country":[],"class_list":["post-138880","post","type-post","status-publish","format-standard","has-post-thumbnail","hentry","category-noticias","category-news-es"],"acn_coauthors":[],"acf":[],"yoast_head":"<!-- This site is optimized with the Yoast SEO Premium plugin v27.3 (Yoast SEO v27.3) - https:\/\/yoast.com\/product\/yoast-seo-premium-wordpress\/ -->\n<title>Mozambique: Las Carmelitas dan testimonio de la \u201cbarbarie\u201d | ACN International<\/title>\n<meta name=\"description\" content=\"A fines de mayo, los grupos terroristas se ensa\u00f1aron con la villa de Macomia, en la provincia con yacimientos de gas de Cabo Delgado, en el noreste de Mozambique.\" \/>\n<meta name=\"robots\" content=\"index, follow, max-snippet:-1, max-image-preview:large, max-video-preview:-1\" \/>\n<link rel=\"canonical\" href=\"https:\/\/acninternational.org\/es\/mozambique-las-carmelitas-dan-testimonio-de-la-barbarie-tras-tres-dias-de-ataques-yihadistas\/\" \/>\n<meta property=\"og:locale\" content=\"es_ES\" \/>\n<meta property=\"og:type\" content=\"article\" \/>\n<meta property=\"og:title\" content=\"Mozambique: Las Carmelitas dan testimonio de la \u201cbarbarie\u201d tras tres d\u00edas de ataques yihadistas\" \/>\n<meta property=\"og:description\" content=\"A fines de mayo, los grupos terroristas se ensa\u00f1aron con la villa de Macomia, en la provincia con yacimientos de gas de Cabo Delgado, en el noreste de Mozambique.\" \/>\n<meta property=\"og:url\" content=\"https:\/\/acninternational.org\/es\/mozambique-las-carmelitas-dan-testimonio-de-la-barbarie-tras-tres-dias-de-ataques-yihadistas\/\" \/>\n<meta property=\"og:site_name\" content=\"ACN International\" \/>\n<meta property=\"article:publisher\" content=\"https:\/\/www.facebook.com\/acninternationalorg\" \/>\n<meta property=\"article:published_time\" content=\"2020-06-26T08:32:41+00:00\" \/>\n<meta property=\"article:modified_time\" content=\"2024-08-09T14:03:00+00:00\" \/>\n<meta property=\"og:image\" content=\"https:\/\/media.acninternational.org\/wp-content\/uploads\/2020\/06\/mozambique.jpg\" \/>\n\t<meta property=\"og:image:width\" content=\"1400\" \/>\n\t<meta property=\"og:image:height\" content=\"438\" \/>\n\t<meta property=\"og:image:type\" content=\"image\/jpeg\" \/>\n<meta name=\"author\" content=\"ACN Press Team\" \/>\n<meta name=\"twitter:card\" content=\"summary_large_image\" \/>\n<meta name=\"twitter:creator\" content=\"@acn_int\" \/>\n<meta name=\"twitter:site\" content=\"@acn_int\" \/>\n<meta name=\"twitter:label1\" content=\"Escrito por\" \/>\n\t<meta name=\"twitter:data1\" content=\"ACN Press Team\" \/>\n\t<meta name=\"twitter:label2\" content=\"Tiempo de lectura\" \/>\n\t<meta name=\"twitter:data2\" content=\"4 minutos\" \/>\n<script type=\"application\/ld+json\" class=\"yoast-schema-graph\">{\"@context\":\"https:\\\/\\\/schema.org\",\"@graph\":[{\"@type\":\"Article\",\"@id\":\"https:\\\/\\\/acninternational.org\\\/es\\\/mozambique-las-carmelitas-dan-testimonio-de-la-barbarie-tras-tres-dias-de-ataques-yihadistas\\\/#article\",\"isPartOf\":{\"@id\":\"https:\\\/\\\/acninternational.org\\\/es\\\/mozambique-las-carmelitas-dan-testimonio-de-la-barbarie-tras-tres-dias-de-ataques-yihadistas\\\/\"},\"author\":{\"name\":\"ACN Press Team\",\"@id\":\"https:\\\/\\\/acninternational.org\\\/es\\\/#\\\/schema\\\/person\\\/7f3dafb236b242fb2aa46be1411fd703\"},\"headline\":\"Mozambique: Las Carmelitas dan testimonio de la \u201cbarbarie\u201d tras tres d\u00edas de ataques yihadistas\",\"datePublished\":\"2020-06-26T08:32:41+00:00\",\"dateModified\":\"2024-08-09T14:03:00+00:00\",\"mainEntityOfPage\":{\"@id\":\"https:\\\/\\\/acninternational.org\\\/es\\\/mozambique-las-carmelitas-dan-testimonio-de-la-barbarie-tras-tres-dias-de-ataques-yihadistas\\\/\"},\"wordCount\":785,\"publisher\":{\"@id\":\"https:\\\/\\\/acninternational.org\\\/es\\\/#organization\"},\"image\":{\"@id\":\"https:\\\/\\\/acninternational.org\\\/es\\\/mozambique-las-carmelitas-dan-testimonio-de-la-barbarie-tras-tres-dias-de-ataques-yihadistas\\\/#primaryimage\"},\"thumbnailUrl\":\"https:\\\/\\\/media.acninternational.org\\\/wp-content\\\/uploads\\\/2020\\\/06\\\/mozambique.jpg\",\"articleSection\":[\"NOTICIAS\",\"NOTICIAS\"],\"inLanguage\":\"es\"},{\"@type\":\"WebPage\",\"@id\":\"https:\\\/\\\/acninternational.org\\\/es\\\/mozambique-las-carmelitas-dan-testimonio-de-la-barbarie-tras-tres-dias-de-ataques-yihadistas\\\/\",\"url\":\"https:\\\/\\\/acninternational.org\\\/es\\\/mozambique-las-carmelitas-dan-testimonio-de-la-barbarie-tras-tres-dias-de-ataques-yihadistas\\\/\",\"name\":\"Mozambique: Las Carmelitas dan testimonio de la \u201cbarbarie\u201d | ACN International\",\"isPartOf\":{\"@id\":\"https:\\\/\\\/acninternational.org\\\/es\\\/#website\"},\"primaryImageOfPage\":{\"@id\":\"https:\\\/\\\/acninternational.org\\\/es\\\/mozambique-las-carmelitas-dan-testimonio-de-la-barbarie-tras-tres-dias-de-ataques-yihadistas\\\/#primaryimage\"},\"image\":{\"@id\":\"https:\\\/\\\/acninternational.org\\\/es\\\/mozambique-las-carmelitas-dan-testimonio-de-la-barbarie-tras-tres-dias-de-ataques-yihadistas\\\/#primaryimage\"},\"thumbnailUrl\":\"https:\\\/\\\/media.acninternational.org\\\/wp-content\\\/uploads\\\/2020\\\/06\\\/mozambique.jpg\",\"datePublished\":\"2020-06-26T08:32:41+00:00\",\"dateModified\":\"2024-08-09T14:03:00+00:00\",\"description\":\"A fines de mayo, los grupos terroristas se ensa\u00f1aron con la villa de Macomia, en la provincia con yacimientos de gas de Cabo Delgado, en el noreste de Mozambique.\",\"breadcrumb\":{\"@id\":\"https:\\\/\\\/acninternational.org\\\/es\\\/mozambique-las-carmelitas-dan-testimonio-de-la-barbarie-tras-tres-dias-de-ataques-yihadistas\\\/#breadcrumb\"},\"inLanguage\":\"es\",\"potentialAction\":[{\"@type\":\"ReadAction\",\"target\":[\"https:\\\/\\\/acninternational.org\\\/es\\\/mozambique-las-carmelitas-dan-testimonio-de-la-barbarie-tras-tres-dias-de-ataques-yihadistas\\\/\"]}]},{\"@type\":\"ImageObject\",\"inLanguage\":\"es\",\"@id\":\"https:\\\/\\\/acninternational.org\\\/es\\\/mozambique-las-carmelitas-dan-testimonio-de-la-barbarie-tras-tres-dias-de-ataques-yihadistas\\\/#primaryimage\",\"url\":\"https:\\\/\\\/media.acninternational.org\\\/wp-content\\\/uploads\\\/2020\\\/06\\\/mozambique.jpg\",\"contentUrl\":\"https:\\\/\\\/media.acninternational.org\\\/wp-content\\\/uploads\\\/2020\\\/06\\\/mozambique.jpg\",\"width\":1400,\"height\":438},{\"@type\":\"BreadcrumbList\",\"@id\":\"https:\\\/\\\/acninternational.org\\\/es\\\/mozambique-las-carmelitas-dan-testimonio-de-la-barbarie-tras-tres-dias-de-ataques-yihadistas\\\/#breadcrumb\",\"itemListElement\":[{\"@type\":\"ListItem\",\"position\":1,\"name\":\"Home\",\"item\":\"https:\\\/\\\/acninternational.org\\\/es\\\/\"},{\"@type\":\"ListItem\",\"position\":2,\"name\":\"NOTICIAS\",\"item\":\"https:\\\/\\\/acninternational.org\\\/es\\\/category\\\/news-es\\\/\"},{\"@type\":\"ListItem\",\"position\":3,\"name\":\"Mozambique: Las Carmelitas dan testimonio de la \u201cbarbarie\u201d tras tres d\u00edas de ataques yihadistas\"}]},{\"@type\":\"WebSite\",\"@id\":\"https:\\\/\\\/acninternational.org\\\/es\\\/#website\",\"url\":\"https:\\\/\\\/acninternational.org\\\/es\\\/\",\"name\":\"ACN International\",\"description\":\"\",\"publisher\":{\"@id\":\"https:\\\/\\\/acninternational.org\\\/es\\\/#organization\"},\"potentialAction\":[{\"@type\":\"SearchAction\",\"target\":{\"@type\":\"EntryPoint\",\"urlTemplate\":\"https:\\\/\\\/acninternational.org\\\/es\\\/?s={search_term_string}\"},\"query-input\":{\"@type\":\"PropertyValueSpecification\",\"valueRequired\":true,\"valueName\":\"search_term_string\"}}],\"inLanguage\":\"es\"},{\"@type\":\"Organization\",\"@id\":\"https:\\\/\\\/acninternational.org\\\/es\\\/#organization\",\"name\":\"Aid to the Church in Need International\",\"url\":\"https:\\\/\\\/acninternational.org\\\/es\\\/\",\"logo\":{\"@type\":\"ImageObject\",\"inLanguage\":\"es\",\"@id\":\"https:\\\/\\\/acninternational.org\\\/es\\\/#\\\/schema\\\/logo\\\/image\\\/\",\"url\":\"https:\\\/\\\/media.acninternational.org\\\/wp-content\\\/uploads\\\/2019\\\/11\\\/acn_logo_blackvector.svg\",\"contentUrl\":\"https:\\\/\\\/media.acninternational.org\\\/wp-content\\\/uploads\\\/2019\\\/11\\\/acn_logo_blackvector.svg\",\"width\":232.6,\"height\":78,\"caption\":\"Aid to the Church in Need International\"},\"image\":{\"@id\":\"https:\\\/\\\/acninternational.org\\\/es\\\/#\\\/schema\\\/logo\\\/image\\\/\"},\"sameAs\":[\"https:\\\/\\\/www.facebook.com\\\/acninternationalorg\",\"https:\\\/\\\/x.com\\\/acn_int\",\"https:\\\/\\\/www.youtube.com\\\/channel\\\/UCQ-077gS0TnVzkhHmf1opZw\",\"https:\\\/\\\/www.instagram.com\\\/acn_international\\\/\"]},{\"@type\":\"Person\",\"@id\":\"https:\\\/\\\/acninternational.org\\\/es\\\/#\\\/schema\\\/person\\\/7f3dafb236b242fb2aa46be1411fd703\",\"name\":\"ACN Press Team\",\"description\":\"Lorem ipsum dolor sit amet, consectetur adipiscing elit, sed do eiusmod tempor incididunt ut labore et dolore magna aliqua. Ut enim ad minim veniam, quis nostrud exercitation ullamco laboris nisi ut aliquip ex ea commodo consequat.\",\"url\":\"https:\\\/\\\/acninternational.org\\\/es\\\/author\\\/acn-press-team\\\/\"}]}<\/script>\n<!-- \/ Yoast SEO Premium plugin. -->","yoast_head_json":{"title":"Mozambique: Las Carmelitas dan testimonio de la \u201cbarbarie\u201d | ACN International","description":"A fines de mayo, los grupos terroristas se ensa\u00f1aron con la villa de Macomia, en la provincia con yacimientos de gas de Cabo Delgado, en el noreste de Mozambique.","robots":{"index":"index","follow":"follow","max-snippet":"max-snippet:-1","max-image-preview":"max-image-preview:large","max-video-preview":"max-video-preview:-1"},"canonical":"https:\/\/acninternational.org\/es\/mozambique-las-carmelitas-dan-testimonio-de-la-barbarie-tras-tres-dias-de-ataques-yihadistas\/","og_locale":"es_ES","og_type":"article","og_title":"Mozambique: Las Carmelitas dan testimonio de la \u201cbarbarie\u201d tras tres d\u00edas de ataques yihadistas","og_description":"A fines de mayo, los grupos terroristas se ensa\u00f1aron con la villa de Macomia, en la provincia con yacimientos de gas de Cabo Delgado, en el noreste de Mozambique.","og_url":"https:\/\/acninternational.org\/es\/mozambique-las-carmelitas-dan-testimonio-de-la-barbarie-tras-tres-dias-de-ataques-yihadistas\/","og_site_name":"ACN International","article_publisher":"https:\/\/www.facebook.com\/acninternationalorg","article_published_time":"2020-06-26T08:32:41+00:00","article_modified_time":"2024-08-09T14:03:00+00:00","og_image":[{"width":1400,"height":438,"url":"https:\/\/media.acninternational.org\/wp-content\/uploads\/2020\/06\/mozambique.jpg","type":"image\/jpeg"}],"author":"ACN Press Team","twitter_card":"summary_large_image","twitter_creator":"@acn_int","twitter_site":"@acn_int","twitter_misc":{"Escrito por":"ACN Press Team","Tiempo de lectura":"4 minutos"},"schema":{"@context":"https:\/\/schema.org","@graph":[{"@type":"Article","@id":"https:\/\/acninternational.org\/es\/mozambique-las-carmelitas-dan-testimonio-de-la-barbarie-tras-tres-dias-de-ataques-yihadistas\/#article","isPartOf":{"@id":"https:\/\/acninternational.org\/es\/mozambique-las-carmelitas-dan-testimonio-de-la-barbarie-tras-tres-dias-de-ataques-yihadistas\/"},"author":{"name":"ACN Press Team","@id":"https:\/\/acninternational.org\/es\/#\/schema\/person\/7f3dafb236b242fb2aa46be1411fd703"},"headline":"Mozambique: Las Carmelitas dan testimonio de la \u201cbarbarie\u201d tras tres d\u00edas de ataques yihadistas","datePublished":"2020-06-26T08:32:41+00:00","dateModified":"2024-08-09T14:03:00+00:00","mainEntityOfPage":{"@id":"https:\/\/acninternational.org\/es\/mozambique-las-carmelitas-dan-testimonio-de-la-barbarie-tras-tres-dias-de-ataques-yihadistas\/"},"wordCount":785,"publisher":{"@id":"https:\/\/acninternational.org\/es\/#organization"},"image":{"@id":"https:\/\/acninternational.org\/es\/mozambique-las-carmelitas-dan-testimonio-de-la-barbarie-tras-tres-dias-de-ataques-yihadistas\/#primaryimage"},"thumbnailUrl":"https:\/\/media.acninternational.org\/wp-content\/uploads\/2020\/06\/mozambique.jpg","articleSection":["NOTICIAS","NOTICIAS"],"inLanguage":"es"},{"@type":"WebPage","@id":"https:\/\/acninternational.org\/es\/mozambique-las-carmelitas-dan-testimonio-de-la-barbarie-tras-tres-dias-de-ataques-yihadistas\/","url":"https:\/\/acninternational.org\/es\/mozambique-las-carmelitas-dan-testimonio-de-la-barbarie-tras-tres-dias-de-ataques-yihadistas\/","name":"Mozambique: Las Carmelitas dan testimonio de la \u201cbarbarie\u201d | ACN International","isPartOf":{"@id":"https:\/\/acninternational.org\/es\/#website"},"primaryImageOfPage":{"@id":"https:\/\/acninternational.org\/es\/mozambique-las-carmelitas-dan-testimonio-de-la-barbarie-tras-tres-dias-de-ataques-yihadistas\/#primaryimage"},"image":{"@id":"https:\/\/acninternational.org\/es\/mozambique-las-carmelitas-dan-testimonio-de-la-barbarie-tras-tres-dias-de-ataques-yihadistas\/#primaryimage"},"thumbnailUrl":"https:\/\/media.acninternational.org\/wp-content\/uploads\/2020\/06\/mozambique.jpg","datePublished":"2020-06-26T08:32:41+00:00","dateModified":"2024-08-09T14:03:00+00:00","description":"A fines de mayo, los grupos terroristas se ensa\u00f1aron con la villa de Macomia, en la provincia con yacimientos de gas de Cabo Delgado, en el noreste de Mozambique.","breadcrumb":{"@id":"https:\/\/acninternational.org\/es\/mozambique-las-carmelitas-dan-testimonio-de-la-barbarie-tras-tres-dias-de-ataques-yihadistas\/#breadcrumb"},"inLanguage":"es","potentialAction":[{"@type":"ReadAction","target":["https:\/\/acninternational.org\/es\/mozambique-las-carmelitas-dan-testimonio-de-la-barbarie-tras-tres-dias-de-ataques-yihadistas\/"]}]},{"@type":"ImageObject","inLanguage":"es","@id":"https:\/\/acninternational.org\/es\/mozambique-las-carmelitas-dan-testimonio-de-la-barbarie-tras-tres-dias-de-ataques-yihadistas\/#primaryimage","url":"https:\/\/media.acninternational.org\/wp-content\/uploads\/2020\/06\/mozambique.jpg","contentUrl":"https:\/\/media.acninternational.org\/wp-content\/uploads\/2020\/06\/mozambique.jpg","width":1400,"height":438},{"@type":"BreadcrumbList","@id":"https:\/\/acninternational.org\/es\/mozambique-las-carmelitas-dan-testimonio-de-la-barbarie-tras-tres-dias-de-ataques-yihadistas\/#breadcrumb","itemListElement":[{"@type":"ListItem","position":1,"name":"Home","item":"https:\/\/acninternational.org\/es\/"},{"@type":"ListItem","position":2,"name":"NOTICIAS","item":"https:\/\/acninternational.org\/es\/category\/news-es\/"},{"@type":"ListItem","position":3,"name":"Mozambique: Las Carmelitas dan testimonio de la \u201cbarbarie\u201d tras tres d\u00edas de ataques yihadistas"}]},{"@type":"WebSite","@id":"https:\/\/acninternational.org\/es\/#website","url":"https:\/\/acninternational.org\/es\/","name":"ACN International","description":"","publisher":{"@id":"https:\/\/acninternational.org\/es\/#organization"},"potentialAction":[{"@type":"SearchAction","target":{"@type":"EntryPoint","urlTemplate":"https:\/\/acninternational.org\/es\/?s={search_term_string}"},"query-input":{"@type":"PropertyValueSpecification","valueRequired":true,"valueName":"search_term_string"}}],"inLanguage":"es"},{"@type":"Organization","@id":"https:\/\/acninternational.org\/es\/#organization","name":"Aid to the Church in Need International","url":"https:\/\/acninternational.org\/es\/","logo":{"@type":"ImageObject","inLanguage":"es","@id":"https:\/\/acninternational.org\/es\/#\/schema\/logo\/image\/","url":"https:\/\/media.acninternational.org\/wp-content\/uploads\/2019\/11\/acn_logo_blackvector.svg","contentUrl":"https:\/\/media.acninternational.org\/wp-content\/uploads\/2019\/11\/acn_logo_blackvector.svg","width":232.6,"height":78,"caption":"Aid to the Church in Need International"},"image":{"@id":"https:\/\/acninternational.org\/es\/#\/schema\/logo\/image\/"},"sameAs":["https:\/\/www.facebook.com\/acninternationalorg","https:\/\/x.com\/acn_int","https:\/\/www.youtube.com\/channel\/UCQ-077gS0TnVzkhHmf1opZw","https:\/\/www.instagram.com\/acn_international\/"]},{"@type":"Person","@id":"https:\/\/acninternational.org\/es\/#\/schema\/person\/7f3dafb236b242fb2aa46be1411fd703","name":"ACN Press Team","description":"Lorem ipsum dolor sit amet, consectetur adipiscing elit, sed do eiusmod tempor incididunt ut labore et dolore magna aliqua. Ut enim ad minim veniam, quis nostrud exercitation ullamco laboris nisi ut aliquip ex ea commodo consequat.","url":"https:\/\/acninternational.org\/es\/author\/acn-press-team\/"}]}},"_links":{"self":[{"href":"https:\/\/acninternational.org\/es\/wp-json\/wp\/v2\/posts\/138880","targetHints":{"allow":["GET"]}}],"collection":[{"href":"https:\/\/acninternational.org\/es\/wp-json\/wp\/v2\/posts"}],"about":[{"href":"https:\/\/acninternational.org\/es\/wp-json\/wp\/v2\/types\/post"}],"author":[{"embeddable":true,"href":"https:\/\/acninternational.org\/es\/wp-json\/wp\/v2\/users\/4258341447"}],"replies":[{"embeddable":true,"href":"https:\/\/acninternational.org\/es\/wp-json\/wp\/v2\/comments?post=138880"}],"version-history":[{"count":0,"href":"https:\/\/acninternational.org\/es\/wp-json\/wp\/v2\/posts\/138880\/revisions"}],"wp:featuredmedia":[{"embeddable":true,"href":"https:\/\/acninternational.org\/es\/wp-json\/wp\/v2\/media\/138872"}],"wp:attachment":[{"href":"https:\/\/acninternational.org\/es\/wp-json\/wp\/v2\/media?parent=138880"}],"wp:term":[{"taxonomy":"category","embeddable":true,"href":"https:\/\/acninternational.org\/es\/wp-json\/wp\/v2\/categories?post=138880"},{"taxonomy":"post_tag","embeddable":true,"href":"https:\/\/acninternational.org\/es\/wp-json\/wp\/v2\/tags?post=138880"},{"taxonomy":"country","embeddable":true,"href":"https:\/\/acninternational.org\/es\/wp-json\/wp\/v2\/country?post=138880"}],"curies":[{"name":"wp","href":"https:\/\/api.w.org\/{rel}","templated":true}]}}