{"id":134841,"date":"2020-05-18T10:36:19","date_gmt":"2020-05-18T08:36:19","guid":{"rendered":"https:\/\/acninternational.org\/?p=134841"},"modified":"2021-01-26T12:39:27","modified_gmt":"2021-01-26T11:39:27","slug":"centenario-del-nacimiento-de-san-juan-pablo-ii-acn-da-continuidad-a-su-legado-hasta-el-dia-de-hoy","status":"publish","type":"post","link":"https:\/\/acninternational.org\/es\/centenario-del-nacimiento-de-san-juan-pablo-ii-acn-da-continuidad-a-su-legado-hasta-el-dia-de-hoy\/","title":{"rendered":"Centenario del nacimiento de san Juan Pablo II \u2013 ACN da continuidad a su legado hasta el d\u00eda de hoy"},"content":{"rendered":"<p><em>Juan Pablo II hizo historia, ya en vida se convirti\u00f3 en un gigante del siglo XX, tanto en la historia de la Iglesia como de la humanidad. Fue una estrella medi\u00e1tica en los primeros\u00a0 a\u00f1os y un m\u00e1rtir en los siguientes, cuando qued\u00f3 patente que defend\u00eda la verdad sin compromisos y con amor. Incondicionales, llenos de compromiso, dotados de una dimensi\u00f3n hist\u00f3rica: as\u00ed eran tambi\u00e9n los proyectos que \u00e9l promovi\u00f3 y que la fundaci\u00f3n Ayuda a la Iglesia Necesitada (ACN) en numeras ocasiones convirti\u00f3 en propios. <\/em><\/p>\n<p>\u201cEl papa Juan Pablo II es un amigo de nuestra obra. Le conocemos como un hombre valiente, inquebrantable en la fe y de un amor filial por la Virgen Mar\u00eda. Quiera Dios que bajo su direcci\u00f3n, la resurrecci\u00f3n del Se\u00f1or llegue a ser una resurrecci\u00f3n de la Iglesia\u201d, escribi\u00f3 el padre Werenfried van Straaten, fundador de ACN. El 18 de Mayo se cumple \u00a0el centenario de su nacimiento, la fundaci\u00f3n pontificia sigue encomendando a san Juan Pablo II sus actividades.<\/p>\n<p>ACN tuvo contacto con Karol Wojtyla ya antes de que fuera nombrado arzobispo de Cracovia en 1964. El que en 1978 ser\u00eda nombrado Papa hab\u00eda acudido durante largos a\u00f1os a la fundaci\u00f3n como encargado de la Conferencia Episcopal Polaca, para hablar sobre proyectos de apoyo a la Iglesia de su patria, gobernada por los comunistas.<\/p>\n<p>El primer \u201ccombate\u201d com\u00fan lo acometieron en 1967 cuando los comunistas erigieron, cerca de Cracovia, una colonia para los trabajadores de una planta sider\u00fargica: quer\u00edan erigir una \u201cciudad sin Dios\u201d para un total de 200.000 habitantes y, a fin de promover el ate\u00edsmo, no proyectaron ninguna iglesia para la colonia de Nowa Huta. Pese a ello, domingo tras domingo, miles de creyentes celebraban a la intemperie y en torno a una cruz la santa misa. Pese a todas las vejaciones de los comunistas, finalmente fue posible erigir, con el apoyo de Ayuda a la Iglesia Necesitada, un templo con cabida para 5.000 creyentes. En 1977, el arzobispo Wojtyla pudo consagrar la iglesia. Este triunfo com\u00fan contra el Gobierno de los comunistas tambi\u00e9n supuso un signo muy alentador para las Iglesias de los pa\u00edses vecinos, gobernados tambi\u00e9n por los sovi\u00e9ticos.<\/p>\n<p>Cuando Karol Wojtyla fue elegido Sumo Pont\u00edfice, Ayuda a la Iglesia Necesitada presinti\u00f3 que se abr\u00eda una \u00e9poca llena de nuevos retos para la fundaci\u00f3n. Este Papa venido del Este, de la Polonia m\u00e1rtir, era un signo de Dios para ACN que hab\u00eda sido audaz defensora de la Iglesia perseguida detr\u00e1s del tel\u00f3n de acero.<\/p>\n<p>La fundaci\u00f3n se puso de inmediato al servicio incondicional del pontificado de san Juan Pablo II. As\u00ed lo documentan muchos proyectos pastorales. Uno de esos deseos fue la reconciliaci\u00f3n: as\u00ed, el papa Juan Pablo II encarg\u00f3 a ACN que, tras el derrumbe del comunismo, buscara la reconciliaci\u00f3n con la Iglesia ruso-ortodoxa. Por ello, y pese a su avanzada edad, el padre Werenfried viaj\u00f3 dos veces a Rusia para reunirse con el patriarca Alexij II y numerosos obispos ortodoxos, a los que promet\u00eda su oraci\u00f3n y ayuda. Tanto la Iglesia ortodoxa como la cat\u00f3lica, tuvieron que empezar de cero en Rusia tras 70 a\u00f1os de persecuci\u00f3n.<\/p>\n<p>Juan Pablo II vivi\u00f3 con Dios, obr\u00f3 con Dios, abarc\u00f3 la tierra con Cristo. Durante 27 a\u00f1os fue el representante de Cristo en la tierra. Escribi\u00f3 14 enc\u00edclicas y unas cien exhortaciones apost\u00f3licas, as\u00ed como innumerables cartas y discursos; en m\u00e1s de cien viajes visit\u00f3 m\u00e1s de 130 pa\u00edses; 400 millones de personas lo han visto. Reuni\u00f3 y entusiasm\u00f3 a millones de j\u00f3venes, en Manila celebr\u00f3 la santa misa ante cuatro millones de personas, el mayor encuentro de todos los tiempos.<\/p>\n<p>San Juan Pablo II fue testigo directo de la labor de ACN. Durante su primera visita a Kazajast\u00e1n en 2001, un ni\u00f1o le mostr\u00f3, orgulloso, una biblia en su propia lengua, el kazajo. El Papa se alegr\u00f3 de ver este libro porque \u00e9l hab\u00eda sido impulsor de esta publicaci\u00f3n en Puebla, en enero de 1979, cuando reci\u00e9n nombrado Papa presidi\u00f3 la Asamblea Plenaria de los obispos iberoamericanos. Fue su primer viaje como pont\u00edfice. Con ocasi\u00f3n de esta Asamblea, el padre Werenfried indic\u00f3 que los ni\u00f1os necesitan una biblia \u201cpara que la imagen de Jes\u00fas sea algo vivo en sus corazones\u201d. De ah\u00ed naci\u00f3 uno de los proyectos m\u00e1s grandes de Ayuda a la Iglesia Necesitada: la \u201cBiblia del Ni\u00f1o, Dios habla a sus hijos\u201d. A\u00f1os despu\u00e9s, en la otra parte del planeta, en Kazajast\u00e1n, San Juan Pablo II meti\u00f3 el librito de regalo en su maleta.<\/p>\n<p>\u201cLa \u00faltima concelebraci\u00f3n eucar\u00edstica del Santo Padre y Werenfried fue en una primavera. Corr\u00eda abril de 2002.La respiraci\u00f3n de Juan Pablo II se hac\u00eda muy penosa. Al terminar la misa, casi no pronunciaron palabras. Se sonrieron. Se abrazaron. El Santo Padre en un gesto lo dijo todo: regal\u00f3 a Werenfried su propio cirio pascual y un icono de la Virgen Negra de Chestojowa. Fue la despedida terrenal\u201d. As\u00ed relataba el periodista italiano Orazio Petrosillo (fallecido en 2007) el \u00faltimo encuentro del que fue testigo presencial.<\/p>\n<p>100 a\u00f1os despu\u00e9s de su nacimiento su legado es gigantesco y ACN le da continuidad hasta el d\u00eda de hoy. Numerosos proyectos apoyados por la fundaci\u00f3n llevan el nombre del santo canonizado en 2014, como el seminario de Tombura Yambio en Sudan del Sur, el centro para catequistas de Itigi en Tanzania, el centro de pastoral juvenil de Sarajevo en Bosnia o el instituto para la familia de Cotonou en Ben\u00edn.<\/p>\n<p>Otros muchos responden a la devoci\u00f3n de numerosos fieles que quieren poner sus nuevas capillas y templos bajo la protecci\u00f3n de san Juan Pablo II. en distintas partes del mundo; en un barrio perif\u00e9rico cubano de La Habana, en un suburbio de la ciudad nicarag\u00fcense de Boaco, en la ciudad universitaria bielorrusa de Baranovichi o en la peque\u00f1a localidad de Mutoko en Zimbabue, donde viven campesinos y artesanos de humilde condici\u00f3n.<\/p>\n<p>El 16 de noviembre de 1981 el Papa recibi\u00f3 a los participantes de la Asamblea General de ACN. Juan Pablo II les dijo: \u201cEn los dos milenios de historia de amor cristiano al pr\u00f3jimo, vosotros hab\u00e9is contribuido de manera eficiente y conmovedora, como se expresa en el nombre de vuestra asociaci\u00f3n: Ayuda a la Iglesia Necesitada. Me dirijo al querido padre Werenfried van Straaten, para expresarle mi agradecimiento, tambi\u00e9n en nombre de muchos obispos, miles de sacerdotes, religiosos, religiosas, novicios, seminaristas y millones de fieles. A todos vosotros, diligentes colaboradores de esta hermosa obra de solidaridad eclesial, os animo una vez m\u00e1s y os imparto mi especial bendici\u00f3n apost\u00f3lica.\u201d\u00a0 Una bendici\u00f3n en la que la fundaci\u00f3n se apoya todav\u00eda, casi cuarenta a\u00f1os despu\u00e9s.<\/p>\n","protected":false},"excerpt":{"rendered":"<p>Juan Pablo II hizo historia, ya en vida se convirti\u00f3 en un gigante del siglo XX, tanto en la historia<\/p>\n","protected":false},"author":4258341447,"featured_media":134833,"comment_status":"closed","ping_status":"closed","sticky":false,"template":"","format":"standard","meta":{"_acf_changed":false,"_acn_coauthor_ids":[],"footnotes":""},"categories":[746],"tags":[],"country":[333],"class_list":["post-134841","post","type-post","status-publish","format-standard","has-post-thumbnail","hentry","category-noticias","country-international"],"acn_coauthors":[],"acf":[],"yoast_head":"<!-- This site is optimized with the Yoast SEO Premium plugin v27.3 (Yoast SEO v27.3) - https:\/\/yoast.com\/product\/yoast-seo-premium-wordpress\/ -->\n<title>Centenario del nacimiento de san Juan Pablo II \u2013 ACN da continuidad a su legado hasta el d\u00eda de hoy<\/title>\n<meta name=\"description\" content=\"Juan Pablo II hizo historia, ya en vida se convirti\u00f3 en un gigante del siglo XX, tanto en la historia de la Iglesia como de la humanidad. Fue una estrella medi\u00e1tica en los primeros\u00a0 a\u00f1os y un m\u00e1rtir en los siguientes, cuando qued\u00f3 patente que defend\u00eda la verdad sin compromisos y con amor. Incondicionales, llenos de compromiso, dotados de una dimensi\u00f3n hist\u00f3rica: as\u00ed eran tambi\u00e9n los proyectos que \u00e9l promovi\u00f3 y que la fundaci\u00f3n Ayuda a la Iglesia Necesitada (ACN) en numeras ocasiones convirti\u00f3 en propios.\" \/>\n<meta name=\"robots\" content=\"index, follow, max-snippet:-1, max-image-preview:large, max-video-preview:-1\" \/>\n<link rel=\"canonical\" href=\"https:\/\/acninternational.org\/es\/centenario-del-nacimiento-de-san-juan-pablo-ii-acn-da-continuidad-a-su-legado-hasta-el-dia-de-hoy\/\" \/>\n<meta property=\"og:locale\" content=\"es_ES\" \/>\n<meta property=\"og:type\" content=\"article\" \/>\n<meta property=\"og:title\" content=\"Centenario del nacimiento de san Juan Pablo II \u2013 ACN da continuidad a su legado hasta el d\u00eda de hoy\" \/>\n<meta property=\"og:description\" content=\"Juan Pablo II hizo historia, ya en vida se convirti\u00f3 en un gigante del siglo XX, tanto en la historia de la Iglesia como de la humanidad. Fue una estrella medi\u00e1tica en los primeros\u00a0 a\u00f1os y un m\u00e1rtir en los siguientes, cuando qued\u00f3 patente que defend\u00eda la verdad sin compromisos y con amor. Incondicionales, llenos de compromiso, dotados de una dimensi\u00f3n hist\u00f3rica: as\u00ed eran tambi\u00e9n los proyectos que \u00e9l promovi\u00f3 y que la fundaci\u00f3n Ayuda a la Iglesia Necesitada (ACN) en numeras ocasiones convirti\u00f3 en propios.\" \/>\n<meta property=\"og:url\" content=\"https:\/\/acninternational.org\/es\/centenario-del-nacimiento-de-san-juan-pablo-ii-acn-da-continuidad-a-su-legado-hasta-el-dia-de-hoy\/\" \/>\n<meta property=\"og:site_name\" content=\"ACN International\" \/>\n<meta property=\"article:publisher\" content=\"https:\/\/www.facebook.com\/acninternationalorg\" \/>\n<meta property=\"article:published_time\" content=\"2020-05-18T08:36:19+00:00\" \/>\n<meta property=\"article:modified_time\" content=\"2021-01-26T11:39:27+00:00\" \/>\n<meta property=\"og:image\" content=\"https:\/\/media.acninternational.org\/wp-content\/uploads\/2020\/05\/John-Paul-II.jpg\" \/>\n\t<meta property=\"og:image:width\" content=\"1400\" \/>\n\t<meta property=\"og:image:height\" content=\"438\" \/>\n\t<meta property=\"og:image:type\" content=\"image\/jpeg\" \/>\n<meta name=\"author\" content=\"ACN Press Team\" \/>\n<meta name=\"twitter:card\" content=\"summary_large_image\" \/>\n<meta name=\"twitter:creator\" content=\"@acn_int\" \/>\n<meta name=\"twitter:site\" content=\"@acn_int\" \/>\n<meta name=\"twitter:label1\" content=\"Escrito por\" \/>\n\t<meta name=\"twitter:data1\" content=\"ACN Press Team\" \/>\n\t<meta name=\"twitter:label2\" content=\"Tiempo de lectura\" \/>\n\t<meta name=\"twitter:data2\" content=\"5 minutos\" \/>\n<script type=\"application\/ld+json\" class=\"yoast-schema-graph\">{\"@context\":\"https:\\\/\\\/schema.org\",\"@graph\":[{\"@type\":\"Article\",\"@id\":\"https:\\\/\\\/acninternational.org\\\/es\\\/centenario-del-nacimiento-de-san-juan-pablo-ii-acn-da-continuidad-a-su-legado-hasta-el-dia-de-hoy\\\/#article\",\"isPartOf\":{\"@id\":\"https:\\\/\\\/acninternational.org\\\/es\\\/centenario-del-nacimiento-de-san-juan-pablo-ii-acn-da-continuidad-a-su-legado-hasta-el-dia-de-hoy\\\/\"},\"author\":{\"name\":\"ACN Press Team\",\"@id\":\"https:\\\/\\\/acninternational.org\\\/es\\\/#\\\/schema\\\/person\\\/7f3dafb236b242fb2aa46be1411fd703\"},\"headline\":\"Centenario del nacimiento de san Juan Pablo II \u2013 ACN da continuidad a su legado hasta el d\u00eda de hoy\",\"datePublished\":\"2020-05-18T08:36:19+00:00\",\"dateModified\":\"2021-01-26T11:39:27+00:00\",\"mainEntityOfPage\":{\"@id\":\"https:\\\/\\\/acninternational.org\\\/es\\\/centenario-del-nacimiento-de-san-juan-pablo-ii-acn-da-continuidad-a-su-legado-hasta-el-dia-de-hoy\\\/\"},\"wordCount\":1189,\"publisher\":{\"@id\":\"https:\\\/\\\/acninternational.org\\\/es\\\/#organization\"},\"image\":{\"@id\":\"https:\\\/\\\/acninternational.org\\\/es\\\/centenario-del-nacimiento-de-san-juan-pablo-ii-acn-da-continuidad-a-su-legado-hasta-el-dia-de-hoy\\\/#primaryimage\"},\"thumbnailUrl\":\"https:\\\/\\\/media.acninternational.org\\\/wp-content\\\/uploads\\\/2020\\\/05\\\/John-Paul-II.jpg\",\"articleSection\":[\"NOTICIAS\"],\"inLanguage\":\"es\"},{\"@type\":\"WebPage\",\"@id\":\"https:\\\/\\\/acninternational.org\\\/es\\\/centenario-del-nacimiento-de-san-juan-pablo-ii-acn-da-continuidad-a-su-legado-hasta-el-dia-de-hoy\\\/\",\"url\":\"https:\\\/\\\/acninternational.org\\\/es\\\/centenario-del-nacimiento-de-san-juan-pablo-ii-acn-da-continuidad-a-su-legado-hasta-el-dia-de-hoy\\\/\",\"name\":\"Centenario del nacimiento de san Juan Pablo II \u2013 ACN da continuidad a su legado hasta el d\u00eda de hoy\",\"isPartOf\":{\"@id\":\"https:\\\/\\\/acninternational.org\\\/es\\\/#website\"},\"primaryImageOfPage\":{\"@id\":\"https:\\\/\\\/acninternational.org\\\/es\\\/centenario-del-nacimiento-de-san-juan-pablo-ii-acn-da-continuidad-a-su-legado-hasta-el-dia-de-hoy\\\/#primaryimage\"},\"image\":{\"@id\":\"https:\\\/\\\/acninternational.org\\\/es\\\/centenario-del-nacimiento-de-san-juan-pablo-ii-acn-da-continuidad-a-su-legado-hasta-el-dia-de-hoy\\\/#primaryimage\"},\"thumbnailUrl\":\"https:\\\/\\\/media.acninternational.org\\\/wp-content\\\/uploads\\\/2020\\\/05\\\/John-Paul-II.jpg\",\"datePublished\":\"2020-05-18T08:36:19+00:00\",\"dateModified\":\"2021-01-26T11:39:27+00:00\",\"description\":\"Juan Pablo II hizo historia, ya en vida se convirti\u00f3 en un gigante del siglo XX, tanto en la historia de la Iglesia como de la humanidad. Fue una estrella medi\u00e1tica en los primeros\u00a0 a\u00f1os y un m\u00e1rtir en los siguientes, cuando qued\u00f3 patente que defend\u00eda la verdad sin compromisos y con amor. Incondicionales, llenos de compromiso, dotados de una dimensi\u00f3n hist\u00f3rica: as\u00ed eran tambi\u00e9n los proyectos que \u00e9l promovi\u00f3 y que la fundaci\u00f3n Ayuda a la Iglesia Necesitada (ACN) en numeras ocasiones convirti\u00f3 en propios.\",\"breadcrumb\":{\"@id\":\"https:\\\/\\\/acninternational.org\\\/es\\\/centenario-del-nacimiento-de-san-juan-pablo-ii-acn-da-continuidad-a-su-legado-hasta-el-dia-de-hoy\\\/#breadcrumb\"},\"inLanguage\":\"es\",\"potentialAction\":[{\"@type\":\"ReadAction\",\"target\":[\"https:\\\/\\\/acninternational.org\\\/es\\\/centenario-del-nacimiento-de-san-juan-pablo-ii-acn-da-continuidad-a-su-legado-hasta-el-dia-de-hoy\\\/\"]}]},{\"@type\":\"ImageObject\",\"inLanguage\":\"es\",\"@id\":\"https:\\\/\\\/acninternational.org\\\/es\\\/centenario-del-nacimiento-de-san-juan-pablo-ii-acn-da-continuidad-a-su-legado-hasta-el-dia-de-hoy\\\/#primaryimage\",\"url\":\"https:\\\/\\\/media.acninternational.org\\\/wp-content\\\/uploads\\\/2020\\\/05\\\/John-Paul-II.jpg\",\"contentUrl\":\"https:\\\/\\\/media.acninternational.org\\\/wp-content\\\/uploads\\\/2020\\\/05\\\/John-Paul-II.jpg\",\"width\":1400,\"height\":438},{\"@type\":\"BreadcrumbList\",\"@id\":\"https:\\\/\\\/acninternational.org\\\/es\\\/centenario-del-nacimiento-de-san-juan-pablo-ii-acn-da-continuidad-a-su-legado-hasta-el-dia-de-hoy\\\/#breadcrumb\",\"itemListElement\":[{\"@type\":\"ListItem\",\"position\":1,\"name\":\"Home\",\"item\":\"https:\\\/\\\/acninternational.org\\\/es\\\/\"},{\"@type\":\"ListItem\",\"position\":2,\"name\":\"NOTICIAS\",\"item\":\"https:\\\/\\\/acninternational.org\\\/es\\\/category\\\/news-es\\\/\"},{\"@type\":\"ListItem\",\"position\":3,\"name\":\"Centenario del nacimiento de san Juan Pablo II \u2013 ACN da continuidad a su legado hasta el d\u00eda de hoy\"}]},{\"@type\":\"WebSite\",\"@id\":\"https:\\\/\\\/acninternational.org\\\/es\\\/#website\",\"url\":\"https:\\\/\\\/acninternational.org\\\/es\\\/\",\"name\":\"ACN International\",\"description\":\"\",\"publisher\":{\"@id\":\"https:\\\/\\\/acninternational.org\\\/es\\\/#organization\"},\"potentialAction\":[{\"@type\":\"SearchAction\",\"target\":{\"@type\":\"EntryPoint\",\"urlTemplate\":\"https:\\\/\\\/acninternational.org\\\/es\\\/?s={search_term_string}\"},\"query-input\":{\"@type\":\"PropertyValueSpecification\",\"valueRequired\":true,\"valueName\":\"search_term_string\"}}],\"inLanguage\":\"es\"},{\"@type\":\"Organization\",\"@id\":\"https:\\\/\\\/acninternational.org\\\/es\\\/#organization\",\"name\":\"Aid to the Church in Need International\",\"url\":\"https:\\\/\\\/acninternational.org\\\/es\\\/\",\"logo\":{\"@type\":\"ImageObject\",\"inLanguage\":\"es\",\"@id\":\"https:\\\/\\\/acninternational.org\\\/es\\\/#\\\/schema\\\/logo\\\/image\\\/\",\"url\":\"https:\\\/\\\/media.acninternational.org\\\/wp-content\\\/uploads\\\/2019\\\/11\\\/acn_logo_blackvector.svg\",\"contentUrl\":\"https:\\\/\\\/media.acninternational.org\\\/wp-content\\\/uploads\\\/2019\\\/11\\\/acn_logo_blackvector.svg\",\"width\":232.6,\"height\":78,\"caption\":\"Aid to the Church in Need International\"},\"image\":{\"@id\":\"https:\\\/\\\/acninternational.org\\\/es\\\/#\\\/schema\\\/logo\\\/image\\\/\"},\"sameAs\":[\"https:\\\/\\\/www.facebook.com\\\/acninternationalorg\",\"https:\\\/\\\/x.com\\\/acn_int\",\"https:\\\/\\\/www.youtube.com\\\/channel\\\/UCQ-077gS0TnVzkhHmf1opZw\",\"https:\\\/\\\/www.instagram.com\\\/acn_international\\\/\"]},{\"@type\":\"Person\",\"@id\":\"https:\\\/\\\/acninternational.org\\\/es\\\/#\\\/schema\\\/person\\\/7f3dafb236b242fb2aa46be1411fd703\",\"name\":\"ACN Press Team\",\"description\":\"Lorem ipsum dolor sit amet, consectetur adipiscing elit, sed do eiusmod tempor incididunt ut labore et dolore magna aliqua. Ut enim ad minim veniam, quis nostrud exercitation ullamco laboris nisi ut aliquip ex ea commodo consequat.\",\"url\":\"https:\\\/\\\/acninternational.org\\\/es\\\/author\\\/acn-press-team\\\/\"}]}<\/script>\n<!-- \/ Yoast SEO Premium plugin. -->","yoast_head_json":{"title":"Centenario del nacimiento de san Juan Pablo II \u2013 ACN da continuidad a su legado hasta el d\u00eda de hoy","description":"Juan Pablo II hizo historia, ya en vida se convirti\u00f3 en un gigante del siglo XX, tanto en la historia de la Iglesia como de la humanidad. Fue una estrella medi\u00e1tica en los primeros\u00a0 a\u00f1os y un m\u00e1rtir en los siguientes, cuando qued\u00f3 patente que defend\u00eda la verdad sin compromisos y con amor. Incondicionales, llenos de compromiso, dotados de una dimensi\u00f3n hist\u00f3rica: as\u00ed eran tambi\u00e9n los proyectos que \u00e9l promovi\u00f3 y que la fundaci\u00f3n Ayuda a la Iglesia Necesitada (ACN) en numeras ocasiones convirti\u00f3 en propios.","robots":{"index":"index","follow":"follow","max-snippet":"max-snippet:-1","max-image-preview":"max-image-preview:large","max-video-preview":"max-video-preview:-1"},"canonical":"https:\/\/acninternational.org\/es\/centenario-del-nacimiento-de-san-juan-pablo-ii-acn-da-continuidad-a-su-legado-hasta-el-dia-de-hoy\/","og_locale":"es_ES","og_type":"article","og_title":"Centenario del nacimiento de san Juan Pablo II \u2013 ACN da continuidad a su legado hasta el d\u00eda de hoy","og_description":"Juan Pablo II hizo historia, ya en vida se convirti\u00f3 en un gigante del siglo XX, tanto en la historia de la Iglesia como de la humanidad. Fue una estrella medi\u00e1tica en los primeros\u00a0 a\u00f1os y un m\u00e1rtir en los siguientes, cuando qued\u00f3 patente que defend\u00eda la verdad sin compromisos y con amor. Incondicionales, llenos de compromiso, dotados de una dimensi\u00f3n hist\u00f3rica: as\u00ed eran tambi\u00e9n los proyectos que \u00e9l promovi\u00f3 y que la fundaci\u00f3n Ayuda a la Iglesia Necesitada (ACN) en numeras ocasiones convirti\u00f3 en propios.","og_url":"https:\/\/acninternational.org\/es\/centenario-del-nacimiento-de-san-juan-pablo-ii-acn-da-continuidad-a-su-legado-hasta-el-dia-de-hoy\/","og_site_name":"ACN International","article_publisher":"https:\/\/www.facebook.com\/acninternationalorg","article_published_time":"2020-05-18T08:36:19+00:00","article_modified_time":"2021-01-26T11:39:27+00:00","og_image":[{"width":1400,"height":438,"url":"https:\/\/media.acninternational.org\/wp-content\/uploads\/2020\/05\/John-Paul-II.jpg","type":"image\/jpeg"}],"author":"ACN Press Team","twitter_card":"summary_large_image","twitter_creator":"@acn_int","twitter_site":"@acn_int","twitter_misc":{"Escrito por":"ACN Press Team","Tiempo de lectura":"5 minutos"},"schema":{"@context":"https:\/\/schema.org","@graph":[{"@type":"Article","@id":"https:\/\/acninternational.org\/es\/centenario-del-nacimiento-de-san-juan-pablo-ii-acn-da-continuidad-a-su-legado-hasta-el-dia-de-hoy\/#article","isPartOf":{"@id":"https:\/\/acninternational.org\/es\/centenario-del-nacimiento-de-san-juan-pablo-ii-acn-da-continuidad-a-su-legado-hasta-el-dia-de-hoy\/"},"author":{"name":"ACN Press Team","@id":"https:\/\/acninternational.org\/es\/#\/schema\/person\/7f3dafb236b242fb2aa46be1411fd703"},"headline":"Centenario del nacimiento de san Juan Pablo II \u2013 ACN da continuidad a su legado hasta el d\u00eda de hoy","datePublished":"2020-05-18T08:36:19+00:00","dateModified":"2021-01-26T11:39:27+00:00","mainEntityOfPage":{"@id":"https:\/\/acninternational.org\/es\/centenario-del-nacimiento-de-san-juan-pablo-ii-acn-da-continuidad-a-su-legado-hasta-el-dia-de-hoy\/"},"wordCount":1189,"publisher":{"@id":"https:\/\/acninternational.org\/es\/#organization"},"image":{"@id":"https:\/\/acninternational.org\/es\/centenario-del-nacimiento-de-san-juan-pablo-ii-acn-da-continuidad-a-su-legado-hasta-el-dia-de-hoy\/#primaryimage"},"thumbnailUrl":"https:\/\/media.acninternational.org\/wp-content\/uploads\/2020\/05\/John-Paul-II.jpg","articleSection":["NOTICIAS"],"inLanguage":"es"},{"@type":"WebPage","@id":"https:\/\/acninternational.org\/es\/centenario-del-nacimiento-de-san-juan-pablo-ii-acn-da-continuidad-a-su-legado-hasta-el-dia-de-hoy\/","url":"https:\/\/acninternational.org\/es\/centenario-del-nacimiento-de-san-juan-pablo-ii-acn-da-continuidad-a-su-legado-hasta-el-dia-de-hoy\/","name":"Centenario del nacimiento de san Juan Pablo II \u2013 ACN da continuidad a su legado hasta el d\u00eda de hoy","isPartOf":{"@id":"https:\/\/acninternational.org\/es\/#website"},"primaryImageOfPage":{"@id":"https:\/\/acninternational.org\/es\/centenario-del-nacimiento-de-san-juan-pablo-ii-acn-da-continuidad-a-su-legado-hasta-el-dia-de-hoy\/#primaryimage"},"image":{"@id":"https:\/\/acninternational.org\/es\/centenario-del-nacimiento-de-san-juan-pablo-ii-acn-da-continuidad-a-su-legado-hasta-el-dia-de-hoy\/#primaryimage"},"thumbnailUrl":"https:\/\/media.acninternational.org\/wp-content\/uploads\/2020\/05\/John-Paul-II.jpg","datePublished":"2020-05-18T08:36:19+00:00","dateModified":"2021-01-26T11:39:27+00:00","description":"Juan Pablo II hizo historia, ya en vida se convirti\u00f3 en un gigante del siglo XX, tanto en la historia de la Iglesia como de la humanidad. Fue una estrella medi\u00e1tica en los primeros\u00a0 a\u00f1os y un m\u00e1rtir en los siguientes, cuando qued\u00f3 patente que defend\u00eda la verdad sin compromisos y con amor. Incondicionales, llenos de compromiso, dotados de una dimensi\u00f3n hist\u00f3rica: as\u00ed eran tambi\u00e9n los proyectos que \u00e9l promovi\u00f3 y que la fundaci\u00f3n Ayuda a la Iglesia Necesitada (ACN) en numeras ocasiones convirti\u00f3 en propios.","breadcrumb":{"@id":"https:\/\/acninternational.org\/es\/centenario-del-nacimiento-de-san-juan-pablo-ii-acn-da-continuidad-a-su-legado-hasta-el-dia-de-hoy\/#breadcrumb"},"inLanguage":"es","potentialAction":[{"@type":"ReadAction","target":["https:\/\/acninternational.org\/es\/centenario-del-nacimiento-de-san-juan-pablo-ii-acn-da-continuidad-a-su-legado-hasta-el-dia-de-hoy\/"]}]},{"@type":"ImageObject","inLanguage":"es","@id":"https:\/\/acninternational.org\/es\/centenario-del-nacimiento-de-san-juan-pablo-ii-acn-da-continuidad-a-su-legado-hasta-el-dia-de-hoy\/#primaryimage","url":"https:\/\/media.acninternational.org\/wp-content\/uploads\/2020\/05\/John-Paul-II.jpg","contentUrl":"https:\/\/media.acninternational.org\/wp-content\/uploads\/2020\/05\/John-Paul-II.jpg","width":1400,"height":438},{"@type":"BreadcrumbList","@id":"https:\/\/acninternational.org\/es\/centenario-del-nacimiento-de-san-juan-pablo-ii-acn-da-continuidad-a-su-legado-hasta-el-dia-de-hoy\/#breadcrumb","itemListElement":[{"@type":"ListItem","position":1,"name":"Home","item":"https:\/\/acninternational.org\/es\/"},{"@type":"ListItem","position":2,"name":"NOTICIAS","item":"https:\/\/acninternational.org\/es\/category\/news-es\/"},{"@type":"ListItem","position":3,"name":"Centenario del nacimiento de san Juan Pablo II \u2013 ACN da continuidad a su legado hasta el d\u00eda de hoy"}]},{"@type":"WebSite","@id":"https:\/\/acninternational.org\/es\/#website","url":"https:\/\/acninternational.org\/es\/","name":"ACN International","description":"","publisher":{"@id":"https:\/\/acninternational.org\/es\/#organization"},"potentialAction":[{"@type":"SearchAction","target":{"@type":"EntryPoint","urlTemplate":"https:\/\/acninternational.org\/es\/?s={search_term_string}"},"query-input":{"@type":"PropertyValueSpecification","valueRequired":true,"valueName":"search_term_string"}}],"inLanguage":"es"},{"@type":"Organization","@id":"https:\/\/acninternational.org\/es\/#organization","name":"Aid to the Church in Need International","url":"https:\/\/acninternational.org\/es\/","logo":{"@type":"ImageObject","inLanguage":"es","@id":"https:\/\/acninternational.org\/es\/#\/schema\/logo\/image\/","url":"https:\/\/media.acninternational.org\/wp-content\/uploads\/2019\/11\/acn_logo_blackvector.svg","contentUrl":"https:\/\/media.acninternational.org\/wp-content\/uploads\/2019\/11\/acn_logo_blackvector.svg","width":232.6,"height":78,"caption":"Aid to the Church in Need International"},"image":{"@id":"https:\/\/acninternational.org\/es\/#\/schema\/logo\/image\/"},"sameAs":["https:\/\/www.facebook.com\/acninternationalorg","https:\/\/x.com\/acn_int","https:\/\/www.youtube.com\/channel\/UCQ-077gS0TnVzkhHmf1opZw","https:\/\/www.instagram.com\/acn_international\/"]},{"@type":"Person","@id":"https:\/\/acninternational.org\/es\/#\/schema\/person\/7f3dafb236b242fb2aa46be1411fd703","name":"ACN Press Team","description":"Lorem ipsum dolor sit amet, consectetur adipiscing elit, sed do eiusmod tempor incididunt ut labore et dolore magna aliqua. Ut enim ad minim veniam, quis nostrud exercitation ullamco laboris nisi ut aliquip ex ea commodo consequat.","url":"https:\/\/acninternational.org\/es\/author\/acn-press-team\/"}]}},"_links":{"self":[{"href":"https:\/\/acninternational.org\/es\/wp-json\/wp\/v2\/posts\/134841","targetHints":{"allow":["GET"]}}],"collection":[{"href":"https:\/\/acninternational.org\/es\/wp-json\/wp\/v2\/posts"}],"about":[{"href":"https:\/\/acninternational.org\/es\/wp-json\/wp\/v2\/types\/post"}],"author":[{"embeddable":true,"href":"https:\/\/acninternational.org\/es\/wp-json\/wp\/v2\/users\/4258341447"}],"replies":[{"embeddable":true,"href":"https:\/\/acninternational.org\/es\/wp-json\/wp\/v2\/comments?post=134841"}],"version-history":[{"count":0,"href":"https:\/\/acninternational.org\/es\/wp-json\/wp\/v2\/posts\/134841\/revisions"}],"wp:featuredmedia":[{"embeddable":true,"href":"https:\/\/acninternational.org\/es\/wp-json\/wp\/v2\/media\/134833"}],"wp:attachment":[{"href":"https:\/\/acninternational.org\/es\/wp-json\/wp\/v2\/media?parent=134841"}],"wp:term":[{"taxonomy":"category","embeddable":true,"href":"https:\/\/acninternational.org\/es\/wp-json\/wp\/v2\/categories?post=134841"},{"taxonomy":"post_tag","embeddable":true,"href":"https:\/\/acninternational.org\/es\/wp-json\/wp\/v2\/tags?post=134841"},{"taxonomy":"country","embeddable":true,"href":"https:\/\/acninternational.org\/es\/wp-json\/wp\/v2\/country?post=134841"}],"curies":[{"name":"wp","href":"https:\/\/api.w.org\/{rel}","templated":true}]}}