{"id":133996,"date":"2020-05-08T11:24:45","date_gmt":"2020-05-08T09:24:45","guid":{"rendered":"https:\/\/acninternational.org\/?p=133996"},"modified":"2020-05-08T11:31:16","modified_gmt":"2020-05-08T09:31:16","slug":"burkina-faso-localidades-enteras-vacias-o-aisladas-no-por-el-covid19-sino-por-el-terrorismo","status":"publish","type":"post","link":"https:\/\/acninternational.org\/es\/burkina-faso-localidades-enteras-vacias-o-aisladas-no-por-el-covid19-sino-por-el-terrorismo\/","title":{"rendered":"Burkina Faso: localidades enteras vac\u00edas o aisladas no por el COVID19, sino por el terrorismo"},"content":{"rendered":"<p>La amenaza terrorista que afecta especialmente a cinco regiones del norte y este de Burkina Faso se est\u00e1 viendo \u201ceclipsada por la pandemia del Covid 19\u201d, seg\u00fan afirman varias fuentes locales consultadas por la fundaci\u00f3n internacional Aid to the Church in Need (ACN). Para las poblaciones directamente afectadas por los ataques terroristas, el coronavirus es \u201cuna desgracia dentro de la desgracia\u201d.\u00a0 Los encuestados de las di\u00f3cesis de Dori, Kaya y Fada N\u2019Gourma, todas ellas afectadas gravemente por el impacto del terrorismo, coinciden que \u201cla gravedad de la situaci\u00f3n sigue en algunos lugares igual o est\u00e1 incluso peor\u201d que antes de la pandemia, con casi un mill\u00f3n de desplazados y falta de\u00a0 respuesta por parte de las autoridades nacionales e internacionales.<\/p>\n<p>En los departamentos de Bourzanga (regi\u00f3n Centro Norte) y Djibo (regi\u00f3n del Sahel) los ataques son diarios. Seg\u00fan ha sabido la fundaci\u00f3n, \u201cfranjas enteras se encuentran aisladas, no por un confinamiento debido a la pandemia sino por la total inseguridad que sufren. Las pocas aldeas que todav\u00eda est\u00e1n pobladas albergan a miles de desplazados internos, pero est\u00e1n cada vez m\u00e1s aisladas del resto del pa\u00eds\u201d.<\/p>\n<p>Entre ellas destaca la ciudad de Djibo, bloqueada por los terroristas desde mediados de enero de 2020. Fuentes consultadas por ACN describen que \u201cno hay transporte, no hay suministros, no hay acceso de entrada ni de salida, hay escasez de agua, combustible, alimentos, cortes de electricidad, etc.\u201d<\/p>\n<p>Seg\u00fan el Consejo Nacional de Socorro de Emergencia y Rehabilitaci\u00f3n (CONASUR), en Djibo, capital de la provincia, viven casi 150.000 desplazados internos. Otra ciudad que sufre el bloqueo es Arbinda, que alberga a 60.000 desplazados internos. Las dos localidades son los \u00faltimos enclaves de vida en la provincia y la \u00fanica muralla de salvaci\u00f3n de muchos ante la ocupaci\u00f3n terrorista.<\/p>\n<p>Situaci\u00f3n similar relat\u00f3 a ACN un sacerdote desplazado de la di\u00f3cesis de Kaya, en la regi\u00f3n Centro-Norte: \u201cLos pueblos est\u00e1n casi desiertos, han perdido el ritmo de vida, aunque todav\u00eda hay signos de esperanza. En mi parroquia, donde muchas personas han buscado refugio, hay problemas relacionados con las necesidades b\u00e1sicas. El problema crucial sigue siendo el agua. Es muy dif\u00edcil obtener este precioso l\u00edquido, eso obliga a las mujeres, con todos los riesgos que eso conlleva, a volver a los pueblos vecinos que est\u00e1n abandonados por amenazas terroristas, para intentar obtenerla y transportarla en triciclos.\u201d<\/p>\n<p>Tambi\u00e9n en Kaya hay importantes comunidades, como Namisgma y Dablo, aisladas de las localidades que hasta ahora les abastec\u00edan, o la localidad de Pensa donde, despu\u00e9s de repetidos ataques, los terroristas se han establecieron, aislando esta localidad del resto del territorio.<\/p>\n<figure id=\"attachment_133517\" aria-describedby=\"caption-attachment-133517\" style=\"width: 670px\" class=\"wp-caption alignnone\"><img loading=\"lazy\" decoding=\"async\" class=\"wp-image-133517 size-full\" src=\"https:\/\/media.acninternational.org\/wp-content\/uploads\/2020\/04\/burkina-faso_COVID-19-Cardinal-Ouedraogo-offers-his-illness-for-peace-in-the-country_pic-3.jpg\" alt=\"Burkina Faso: localidades enteras vac\u00edas o aisladas no por el COVID19, sino por el terrorismo.\" width=\"670\" height=\"400\" srcset=\"https:\/\/media.acninternational.org\/wp-content\/uploads\/2020\/04\/burkina-faso_COVID-19-Cardinal-Ouedraogo-offers-his-illness-for-peace-in-the-country_pic-3.jpg 670w, https:\/\/media.acninternational.org\/wp-content\/uploads\/2020\/04\/burkina-faso_COVID-19-Cardinal-Ouedraogo-offers-his-illness-for-peace-in-the-country_pic-3-300x179.jpg 300w\" sizes=\"auto, (max-width: 670px) 100vw, 670px\" \/><figcaption id=\"caption-attachment-133517\" class=\"wp-caption-text\">Burkina Faso: localidades enteras vac\u00edas o aisladas no por el COVID19, sino por el terrorismo.<\/figcaption><\/figure>\n<p><strong>S\u00faplicas de reacci\u00f3n firme de las autoridades nacionales e internacionales<\/strong><\/p>\n<p>Seg\u00fan los afectados, las autoridades locales y nacionales comparten el drama que est\u00e1 sufriendo la poblaci\u00f3n, pero la mayor parte de las veces, sus esfuerzos se ven r\u00e1pidamente anulados por falta de recursos.\u00a0 Muchos lamentan adem\u00e1s que fuera del pa\u00eds no se capte la dimensi\u00f3n de la tragedia: \u00abDe las 75 aldeas de mi parroquia, s\u00f3lo diez est\u00e1n todav\u00eda habitadas. Todos se han ido. Debido a que las aldeas han sido abandonadas, una gran parte del territorio est\u00e1 en manos de terroristas, escapando as\u00ed del control del Estado\u00bb, dijo un sacerdote de la di\u00f3cesis de Kaya, que tambi\u00e9n tuvo que huir debido a las amenazas contra su parroquia.<\/p>\n<p>Si bien existe presencia de tropas extranjeras, sobre todo francesas, muchos burkineses se muestran esc\u00e9pticos y se quejan de no ver ning\u00fan resultado. Adem\u00e1s, critican que si el ej\u00e9rcito nacional dispusiera de las mismas condiciones de transporte y armamento que las fuerzas extranjeras podr\u00edan ser m\u00e1s efectivos.<\/p>\n<p>En general, la mayor\u00eda de los burkineses se sienten impotentes ante la desgracia, \u201cespecialmente porque en este momento la atenci\u00f3n se centra en la pandemia del Coronavirus, olvidando que el terrorismo tambi\u00e9n se cobra v\u00edctimas, incluso m\u00e1s que la enfermedad Covid19\u201d, se lamenta el sacerdote.<\/p>\n<p>Muchos reclaman de las autoridades la misma decisi\u00f3n y seriedad para mejorar la situaci\u00f3n de los desplazados internos y para luchar contra el terrorismo que para luchar contra la pandemia. \u201cLos dos peligros son ciertos. Estamos atrapados en el medio y es muy dif\u00edcil saber que es peor. En cualquier caso, las consecuencias son las mismas porque ambos crean situaciones de muerte\u201d &#8211; comenta afligido otro socio de la fundaci\u00f3n ACN de la regi\u00f3n de Fada N&#8217;Gourma, que acaba de recibir apoyo para construir un muro de seguridad en su parroquia, despu\u00e9s de haber sufrido incursiones violentas.<\/p>\n<p>Desde hace casi cinco a\u00f1os, Burkina se ve afectada por una ola de terrorismo sin precedentes. En febrero de 2020, una delegaci\u00f3n de la fundaci\u00f3n ACN viaj\u00f3 al pa\u00eds para evaluar la dif\u00edcil situaci\u00f3n de los cristianos del norte del pa\u00eds y reiterar la solidaridad de la Iglesia universal. Seg\u00fan los datos recopilados por ACN durante la visita, el n\u00famero de desplazados internos asciende a casi un mill\u00f3n de personas. Desde 2019, m\u00e1s de 1.000 personas -cristianos, seguidores de la religi\u00f3n tradicional y musulmanes- han sido asesinadas.\u00a0 Trece sacerdotes, siete congregaciones religiosas y 193 coordinadores de la pastoral han tenido que buscar protecci\u00f3n en parroquias m\u00e1s seguras. Al menos ocho parroquias est\u00e1n cerradas.<\/p>\n","protected":false},"excerpt":{"rendered":"<p>La amenaza terrorista que afecta especialmente a cinco regiones del norte y este de Burkina Faso se est\u00e1 viendo \u201ceclipsada<\/p>\n","protected":false},"author":4258341447,"featured_media":130911,"comment_status":"closed","ping_status":"closed","sticky":false,"template":"","format":"standard","meta":{"_acf_changed":false,"_acn_coauthor_ids":[],"footnotes":""},"categories":[746],"tags":[],"country":[315],"class_list":["post-133996","post","type-post","status-publish","format-standard","has-post-thumbnail","hentry","category-noticias","country-burkina-faso"],"acn_coauthors":[],"acf":[],"yoast_head":"<!-- This site is optimized with the Yoast SEO Premium plugin v27.3 (Yoast SEO v27.3) - https:\/\/yoast.com\/product\/yoast-seo-premium-wordpress\/ -->\n<title>Burkina Faso: localidades enteras vac\u00edas o aisladas no por el COVID19, sino por el terrorismo<\/title>\n<meta name=\"description\" content=\"La amenaza terrorista que afecta especialmente a cinco regiones del norte y este de Burkina Faso se est\u00e1 viendo \u201ceclipsada por la pandemia del Covid 19\u201d, seg\u00fan afirman varias fuentes locales consultadas por la fundaci\u00f3n internacional Aid to the Church in Need (ACN). Para las poblaciones directamente afectadas por los ataques terroristas, el coronavirus es \u201cuna desgracia dentro de la desgracia\u201d.\" \/>\n<meta name=\"robots\" content=\"index, follow, max-snippet:-1, max-image-preview:large, max-video-preview:-1\" \/>\n<link rel=\"canonical\" href=\"https:\/\/acninternational.org\/es\/burkina-faso-localidades-enteras-vacias-o-aisladas-no-por-el-covid19-sino-por-el-terrorismo\/\" \/>\n<meta property=\"og:locale\" content=\"es_ES\" \/>\n<meta property=\"og:type\" content=\"article\" \/>\n<meta property=\"og:title\" content=\"Burkina Faso: localidades enteras vac\u00edas o aisladas no por el COVID19, sino por el terrorismo\" \/>\n<meta property=\"og:description\" content=\"La amenaza terrorista que afecta especialmente a cinco regiones del norte y este de Burkina Faso se est\u00e1 viendo \u201ceclipsada por la pandemia del Covid 19\u201d, seg\u00fan afirman varias fuentes locales consultadas por la fundaci\u00f3n internacional Aid to the Church in Need (ACN). Para las poblaciones directamente afectadas por los ataques terroristas, el coronavirus es \u201cuna desgracia dentro de la desgracia\u201d.\" \/>\n<meta property=\"og:url\" content=\"https:\/\/acninternational.org\/es\/burkina-faso-localidades-enteras-vacias-o-aisladas-no-por-el-covid19-sino-por-el-terrorismo\/\" \/>\n<meta property=\"og:site_name\" content=\"ACN International\" \/>\n<meta property=\"article:publisher\" content=\"https:\/\/www.facebook.com\/acninternationalorg\" \/>\n<meta property=\"article:published_time\" content=\"2020-05-08T09:24:45+00:00\" \/>\n<meta property=\"article:modified_time\" content=\"2020-05-08T09:31:16+00:00\" \/>\n<meta property=\"og:image\" content=\"https:\/\/media.acninternational.org\/wp-content\/uploads\/2020\/02\/BurkinaFaso.jpg\" \/>\n\t<meta property=\"og:image:width\" content=\"1400\" \/>\n\t<meta property=\"og:image:height\" content=\"438\" \/>\n\t<meta property=\"og:image:type\" content=\"image\/jpeg\" \/>\n<meta name=\"author\" content=\"ACN Press Team\" \/>\n<meta name=\"twitter:card\" content=\"summary_large_image\" \/>\n<meta name=\"twitter:creator\" content=\"@acn_int\" \/>\n<meta name=\"twitter:site\" content=\"@acn_int\" \/>\n<meta name=\"twitter:label1\" content=\"Escrito por\" \/>\n\t<meta name=\"twitter:data1\" content=\"ACN Press Team\" \/>\n\t<meta name=\"twitter:label2\" content=\"Tiempo de lectura\" \/>\n\t<meta name=\"twitter:data2\" content=\"5 minutos\" \/>\n<script type=\"application\/ld+json\" class=\"yoast-schema-graph\">{\"@context\":\"https:\\\/\\\/schema.org\",\"@graph\":[{\"@type\":\"Article\",\"@id\":\"https:\\\/\\\/acninternational.org\\\/es\\\/burkina-faso-localidades-enteras-vacias-o-aisladas-no-por-el-covid19-sino-por-el-terrorismo\\\/#article\",\"isPartOf\":{\"@id\":\"https:\\\/\\\/acninternational.org\\\/es\\\/burkina-faso-localidades-enteras-vacias-o-aisladas-no-por-el-covid19-sino-por-el-terrorismo\\\/\"},\"author\":{\"name\":\"ACN Press Team\",\"@id\":\"https:\\\/\\\/acninternational.org\\\/es\\\/#\\\/schema\\\/person\\\/7f3dafb236b242fb2aa46be1411fd703\"},\"headline\":\"Burkina Faso: localidades enteras vac\u00edas o aisladas no por el COVID19, sino por el terrorismo\",\"datePublished\":\"2020-05-08T09:24:45+00:00\",\"dateModified\":\"2020-05-08T09:31:16+00:00\",\"mainEntityOfPage\":{\"@id\":\"https:\\\/\\\/acninternational.org\\\/es\\\/burkina-faso-localidades-enteras-vacias-o-aisladas-no-por-el-covid19-sino-por-el-terrorismo\\\/\"},\"wordCount\":955,\"publisher\":{\"@id\":\"https:\\\/\\\/acninternational.org\\\/es\\\/#organization\"},\"image\":{\"@id\":\"https:\\\/\\\/acninternational.org\\\/es\\\/burkina-faso-localidades-enteras-vacias-o-aisladas-no-por-el-covid19-sino-por-el-terrorismo\\\/#primaryimage\"},\"thumbnailUrl\":\"https:\\\/\\\/media.acninternational.org\\\/wp-content\\\/uploads\\\/2020\\\/02\\\/BurkinaFaso.jpg\",\"articleSection\":[\"NOTICIAS\"],\"inLanguage\":\"es\"},{\"@type\":\"WebPage\",\"@id\":\"https:\\\/\\\/acninternational.org\\\/es\\\/burkina-faso-localidades-enteras-vacias-o-aisladas-no-por-el-covid19-sino-por-el-terrorismo\\\/\",\"url\":\"https:\\\/\\\/acninternational.org\\\/es\\\/burkina-faso-localidades-enteras-vacias-o-aisladas-no-por-el-covid19-sino-por-el-terrorismo\\\/\",\"name\":\"Burkina Faso: localidades enteras vac\u00edas o aisladas no por el COVID19, sino por el terrorismo\",\"isPartOf\":{\"@id\":\"https:\\\/\\\/acninternational.org\\\/es\\\/#website\"},\"primaryImageOfPage\":{\"@id\":\"https:\\\/\\\/acninternational.org\\\/es\\\/burkina-faso-localidades-enteras-vacias-o-aisladas-no-por-el-covid19-sino-por-el-terrorismo\\\/#primaryimage\"},\"image\":{\"@id\":\"https:\\\/\\\/acninternational.org\\\/es\\\/burkina-faso-localidades-enteras-vacias-o-aisladas-no-por-el-covid19-sino-por-el-terrorismo\\\/#primaryimage\"},\"thumbnailUrl\":\"https:\\\/\\\/media.acninternational.org\\\/wp-content\\\/uploads\\\/2020\\\/02\\\/BurkinaFaso.jpg\",\"datePublished\":\"2020-05-08T09:24:45+00:00\",\"dateModified\":\"2020-05-08T09:31:16+00:00\",\"description\":\"La amenaza terrorista que afecta especialmente a cinco regiones del norte y este de Burkina Faso se est\u00e1 viendo \u201ceclipsada por la pandemia del Covid 19\u201d, seg\u00fan afirman varias fuentes locales consultadas por la fundaci\u00f3n internacional Aid to the Church in Need (ACN). Para las poblaciones directamente afectadas por los ataques terroristas, el coronavirus es \u201cuna desgracia dentro de la desgracia\u201d.\",\"breadcrumb\":{\"@id\":\"https:\\\/\\\/acninternational.org\\\/es\\\/burkina-faso-localidades-enteras-vacias-o-aisladas-no-por-el-covid19-sino-por-el-terrorismo\\\/#breadcrumb\"},\"inLanguage\":\"es\",\"potentialAction\":[{\"@type\":\"ReadAction\",\"target\":[\"https:\\\/\\\/acninternational.org\\\/es\\\/burkina-faso-localidades-enteras-vacias-o-aisladas-no-por-el-covid19-sino-por-el-terrorismo\\\/\"]}]},{\"@type\":\"ImageObject\",\"inLanguage\":\"es\",\"@id\":\"https:\\\/\\\/acninternational.org\\\/es\\\/burkina-faso-localidades-enteras-vacias-o-aisladas-no-por-el-covid19-sino-por-el-terrorismo\\\/#primaryimage\",\"url\":\"https:\\\/\\\/media.acninternational.org\\\/wp-content\\\/uploads\\\/2020\\\/02\\\/BurkinaFaso.jpg\",\"contentUrl\":\"https:\\\/\\\/media.acninternational.org\\\/wp-content\\\/uploads\\\/2020\\\/02\\\/BurkinaFaso.jpg\",\"width\":1400,\"height\":438},{\"@type\":\"BreadcrumbList\",\"@id\":\"https:\\\/\\\/acninternational.org\\\/es\\\/burkina-faso-localidades-enteras-vacias-o-aisladas-no-por-el-covid19-sino-por-el-terrorismo\\\/#breadcrumb\",\"itemListElement\":[{\"@type\":\"ListItem\",\"position\":1,\"name\":\"Home\",\"item\":\"https:\\\/\\\/acninternational.org\\\/es\\\/\"},{\"@type\":\"ListItem\",\"position\":2,\"name\":\"NOTICIAS\",\"item\":\"https:\\\/\\\/acninternational.org\\\/es\\\/category\\\/noticias\\\/\"},{\"@type\":\"ListItem\",\"position\":3,\"name\":\"Burkina Faso: localidades enteras vac\u00edas o aisladas no por el COVID19, sino por el terrorismo\"}]},{\"@type\":\"WebSite\",\"@id\":\"https:\\\/\\\/acninternational.org\\\/es\\\/#website\",\"url\":\"https:\\\/\\\/acninternational.org\\\/es\\\/\",\"name\":\"ACN International\",\"description\":\"\",\"publisher\":{\"@id\":\"https:\\\/\\\/acninternational.org\\\/es\\\/#organization\"},\"potentialAction\":[{\"@type\":\"SearchAction\",\"target\":{\"@type\":\"EntryPoint\",\"urlTemplate\":\"https:\\\/\\\/acninternational.org\\\/es\\\/?s={search_term_string}\"},\"query-input\":{\"@type\":\"PropertyValueSpecification\",\"valueRequired\":true,\"valueName\":\"search_term_string\"}}],\"inLanguage\":\"es\"},{\"@type\":\"Organization\",\"@id\":\"https:\\\/\\\/acninternational.org\\\/es\\\/#organization\",\"name\":\"Aid to the Church in Need International\",\"url\":\"https:\\\/\\\/acninternational.org\\\/es\\\/\",\"logo\":{\"@type\":\"ImageObject\",\"inLanguage\":\"es\",\"@id\":\"https:\\\/\\\/acninternational.org\\\/es\\\/#\\\/schema\\\/logo\\\/image\\\/\",\"url\":\"https:\\\/\\\/media.acninternational.org\\\/wp-content\\\/uploads\\\/2019\\\/11\\\/acn_logo_blackvector.svg\",\"contentUrl\":\"https:\\\/\\\/media.acninternational.org\\\/wp-content\\\/uploads\\\/2019\\\/11\\\/acn_logo_blackvector.svg\",\"width\":232.6,\"height\":78,\"caption\":\"Aid to the Church in Need International\"},\"image\":{\"@id\":\"https:\\\/\\\/acninternational.org\\\/es\\\/#\\\/schema\\\/logo\\\/image\\\/\"},\"sameAs\":[\"https:\\\/\\\/www.facebook.com\\\/acninternationalorg\",\"https:\\\/\\\/x.com\\\/acn_int\",\"https:\\\/\\\/www.youtube.com\\\/channel\\\/UCQ-077gS0TnVzkhHmf1opZw\",\"https:\\\/\\\/www.instagram.com\\\/acn_international\\\/\"]},{\"@type\":\"Person\",\"@id\":\"https:\\\/\\\/acninternational.org\\\/es\\\/#\\\/schema\\\/person\\\/7f3dafb236b242fb2aa46be1411fd703\",\"name\":\"ACN Press Team\",\"description\":\"Lorem ipsum dolor sit amet, consectetur adipiscing elit, sed do eiusmod tempor incididunt ut labore et dolore magna aliqua. Ut enim ad minim veniam, quis nostrud exercitation ullamco laboris nisi ut aliquip ex ea commodo consequat.\",\"url\":\"https:\\\/\\\/acninternational.org\\\/es\\\/author\\\/acn-press-team\\\/\"}]}<\/script>\n<!-- \/ Yoast SEO Premium plugin. -->","yoast_head_json":{"title":"Burkina Faso: localidades enteras vac\u00edas o aisladas no por el COVID19, sino por el terrorismo","description":"La amenaza terrorista que afecta especialmente a cinco regiones del norte y este de Burkina Faso se est\u00e1 viendo \u201ceclipsada por la pandemia del Covid 19\u201d, seg\u00fan afirman varias fuentes locales consultadas por la fundaci\u00f3n internacional Aid to the Church in Need (ACN). Para las poblaciones directamente afectadas por los ataques terroristas, el coronavirus es \u201cuna desgracia dentro de la desgracia\u201d.","robots":{"index":"index","follow":"follow","max-snippet":"max-snippet:-1","max-image-preview":"max-image-preview:large","max-video-preview":"max-video-preview:-1"},"canonical":"https:\/\/acninternational.org\/es\/burkina-faso-localidades-enteras-vacias-o-aisladas-no-por-el-covid19-sino-por-el-terrorismo\/","og_locale":"es_ES","og_type":"article","og_title":"Burkina Faso: localidades enteras vac\u00edas o aisladas no por el COVID19, sino por el terrorismo","og_description":"La amenaza terrorista que afecta especialmente a cinco regiones del norte y este de Burkina Faso se est\u00e1 viendo \u201ceclipsada por la pandemia del Covid 19\u201d, seg\u00fan afirman varias fuentes locales consultadas por la fundaci\u00f3n internacional Aid to the Church in Need (ACN). Para las poblaciones directamente afectadas por los ataques terroristas, el coronavirus es \u201cuna desgracia dentro de la desgracia\u201d.","og_url":"https:\/\/acninternational.org\/es\/burkina-faso-localidades-enteras-vacias-o-aisladas-no-por-el-covid19-sino-por-el-terrorismo\/","og_site_name":"ACN International","article_publisher":"https:\/\/www.facebook.com\/acninternationalorg","article_published_time":"2020-05-08T09:24:45+00:00","article_modified_time":"2020-05-08T09:31:16+00:00","og_image":[{"width":1400,"height":438,"url":"https:\/\/media.acninternational.org\/wp-content\/uploads\/2020\/02\/BurkinaFaso.jpg","type":"image\/jpeg"}],"author":"ACN Press Team","twitter_card":"summary_large_image","twitter_creator":"@acn_int","twitter_site":"@acn_int","twitter_misc":{"Escrito por":"ACN Press Team","Tiempo de lectura":"5 minutos"},"schema":{"@context":"https:\/\/schema.org","@graph":[{"@type":"Article","@id":"https:\/\/acninternational.org\/es\/burkina-faso-localidades-enteras-vacias-o-aisladas-no-por-el-covid19-sino-por-el-terrorismo\/#article","isPartOf":{"@id":"https:\/\/acninternational.org\/es\/burkina-faso-localidades-enteras-vacias-o-aisladas-no-por-el-covid19-sino-por-el-terrorismo\/"},"author":{"name":"ACN Press Team","@id":"https:\/\/acninternational.org\/es\/#\/schema\/person\/7f3dafb236b242fb2aa46be1411fd703"},"headline":"Burkina Faso: localidades enteras vac\u00edas o aisladas no por el COVID19, sino por el terrorismo","datePublished":"2020-05-08T09:24:45+00:00","dateModified":"2020-05-08T09:31:16+00:00","mainEntityOfPage":{"@id":"https:\/\/acninternational.org\/es\/burkina-faso-localidades-enteras-vacias-o-aisladas-no-por-el-covid19-sino-por-el-terrorismo\/"},"wordCount":955,"publisher":{"@id":"https:\/\/acninternational.org\/es\/#organization"},"image":{"@id":"https:\/\/acninternational.org\/es\/burkina-faso-localidades-enteras-vacias-o-aisladas-no-por-el-covid19-sino-por-el-terrorismo\/#primaryimage"},"thumbnailUrl":"https:\/\/media.acninternational.org\/wp-content\/uploads\/2020\/02\/BurkinaFaso.jpg","articleSection":["NOTICIAS"],"inLanguage":"es"},{"@type":"WebPage","@id":"https:\/\/acninternational.org\/es\/burkina-faso-localidades-enteras-vacias-o-aisladas-no-por-el-covid19-sino-por-el-terrorismo\/","url":"https:\/\/acninternational.org\/es\/burkina-faso-localidades-enteras-vacias-o-aisladas-no-por-el-covid19-sino-por-el-terrorismo\/","name":"Burkina Faso: localidades enteras vac\u00edas o aisladas no por el COVID19, sino por el terrorismo","isPartOf":{"@id":"https:\/\/acninternational.org\/es\/#website"},"primaryImageOfPage":{"@id":"https:\/\/acninternational.org\/es\/burkina-faso-localidades-enteras-vacias-o-aisladas-no-por-el-covid19-sino-por-el-terrorismo\/#primaryimage"},"image":{"@id":"https:\/\/acninternational.org\/es\/burkina-faso-localidades-enteras-vacias-o-aisladas-no-por-el-covid19-sino-por-el-terrorismo\/#primaryimage"},"thumbnailUrl":"https:\/\/media.acninternational.org\/wp-content\/uploads\/2020\/02\/BurkinaFaso.jpg","datePublished":"2020-05-08T09:24:45+00:00","dateModified":"2020-05-08T09:31:16+00:00","description":"La amenaza terrorista que afecta especialmente a cinco regiones del norte y este de Burkina Faso se est\u00e1 viendo \u201ceclipsada por la pandemia del Covid 19\u201d, seg\u00fan afirman varias fuentes locales consultadas por la fundaci\u00f3n internacional Aid to the Church in Need (ACN). Para las poblaciones directamente afectadas por los ataques terroristas, el coronavirus es \u201cuna desgracia dentro de la desgracia\u201d.","breadcrumb":{"@id":"https:\/\/acninternational.org\/es\/burkina-faso-localidades-enteras-vacias-o-aisladas-no-por-el-covid19-sino-por-el-terrorismo\/#breadcrumb"},"inLanguage":"es","potentialAction":[{"@type":"ReadAction","target":["https:\/\/acninternational.org\/es\/burkina-faso-localidades-enteras-vacias-o-aisladas-no-por-el-covid19-sino-por-el-terrorismo\/"]}]},{"@type":"ImageObject","inLanguage":"es","@id":"https:\/\/acninternational.org\/es\/burkina-faso-localidades-enteras-vacias-o-aisladas-no-por-el-covid19-sino-por-el-terrorismo\/#primaryimage","url":"https:\/\/media.acninternational.org\/wp-content\/uploads\/2020\/02\/BurkinaFaso.jpg","contentUrl":"https:\/\/media.acninternational.org\/wp-content\/uploads\/2020\/02\/BurkinaFaso.jpg","width":1400,"height":438},{"@type":"BreadcrumbList","@id":"https:\/\/acninternational.org\/es\/burkina-faso-localidades-enteras-vacias-o-aisladas-no-por-el-covid19-sino-por-el-terrorismo\/#breadcrumb","itemListElement":[{"@type":"ListItem","position":1,"name":"Home","item":"https:\/\/acninternational.org\/es\/"},{"@type":"ListItem","position":2,"name":"NOTICIAS","item":"https:\/\/acninternational.org\/es\/category\/noticias\/"},{"@type":"ListItem","position":3,"name":"Burkina Faso: localidades enteras vac\u00edas o aisladas no por el COVID19, sino por el terrorismo"}]},{"@type":"WebSite","@id":"https:\/\/acninternational.org\/es\/#website","url":"https:\/\/acninternational.org\/es\/","name":"ACN International","description":"","publisher":{"@id":"https:\/\/acninternational.org\/es\/#organization"},"potentialAction":[{"@type":"SearchAction","target":{"@type":"EntryPoint","urlTemplate":"https:\/\/acninternational.org\/es\/?s={search_term_string}"},"query-input":{"@type":"PropertyValueSpecification","valueRequired":true,"valueName":"search_term_string"}}],"inLanguage":"es"},{"@type":"Organization","@id":"https:\/\/acninternational.org\/es\/#organization","name":"Aid to the Church in Need International","url":"https:\/\/acninternational.org\/es\/","logo":{"@type":"ImageObject","inLanguage":"es","@id":"https:\/\/acninternational.org\/es\/#\/schema\/logo\/image\/","url":"https:\/\/media.acninternational.org\/wp-content\/uploads\/2019\/11\/acn_logo_blackvector.svg","contentUrl":"https:\/\/media.acninternational.org\/wp-content\/uploads\/2019\/11\/acn_logo_blackvector.svg","width":232.6,"height":78,"caption":"Aid to the Church in Need International"},"image":{"@id":"https:\/\/acninternational.org\/es\/#\/schema\/logo\/image\/"},"sameAs":["https:\/\/www.facebook.com\/acninternationalorg","https:\/\/x.com\/acn_int","https:\/\/www.youtube.com\/channel\/UCQ-077gS0TnVzkhHmf1opZw","https:\/\/www.instagram.com\/acn_international\/"]},{"@type":"Person","@id":"https:\/\/acninternational.org\/es\/#\/schema\/person\/7f3dafb236b242fb2aa46be1411fd703","name":"ACN Press Team","description":"Lorem ipsum dolor sit amet, consectetur adipiscing elit, sed do eiusmod tempor incididunt ut labore et dolore magna aliqua. Ut enim ad minim veniam, quis nostrud exercitation ullamco laboris nisi ut aliquip ex ea commodo consequat.","url":"https:\/\/acninternational.org\/es\/author\/acn-press-team\/"}]}},"_links":{"self":[{"href":"https:\/\/acninternational.org\/es\/wp-json\/wp\/v2\/posts\/133996","targetHints":{"allow":["GET"]}}],"collection":[{"href":"https:\/\/acninternational.org\/es\/wp-json\/wp\/v2\/posts"}],"about":[{"href":"https:\/\/acninternational.org\/es\/wp-json\/wp\/v2\/types\/post"}],"author":[{"embeddable":true,"href":"https:\/\/acninternational.org\/es\/wp-json\/wp\/v2\/users\/4258341447"}],"replies":[{"embeddable":true,"href":"https:\/\/acninternational.org\/es\/wp-json\/wp\/v2\/comments?post=133996"}],"version-history":[{"count":0,"href":"https:\/\/acninternational.org\/es\/wp-json\/wp\/v2\/posts\/133996\/revisions"}],"wp:featuredmedia":[{"embeddable":true,"href":"https:\/\/acninternational.org\/es\/wp-json\/wp\/v2\/media\/130911"}],"wp:attachment":[{"href":"https:\/\/acninternational.org\/es\/wp-json\/wp\/v2\/media?parent=133996"}],"wp:term":[{"taxonomy":"category","embeddable":true,"href":"https:\/\/acninternational.org\/es\/wp-json\/wp\/v2\/categories?post=133996"},{"taxonomy":"post_tag","embeddable":true,"href":"https:\/\/acninternational.org\/es\/wp-json\/wp\/v2\/tags?post=133996"},{"taxonomy":"country","embeddable":true,"href":"https:\/\/acninternational.org\/es\/wp-json\/wp\/v2\/country?post=133996"}],"curies":[{"name":"wp","href":"https:\/\/api.w.org\/{rel}","templated":true}]}}