{"id":130370,"date":"2020-02-07T10:45:14","date_gmt":"2020-02-07T09:45:14","guid":{"rendered":"https:\/\/acninternational.org\/?p=130370"},"modified":"2020-02-07T10:52:19","modified_gmt":"2020-02-07T09:52:19","slug":"venezuela-la-luz-de-los-hombres","status":"publish","type":"post","link":"https:\/\/acninternational.org\/es\/venezuela-la-luz-de-los-hombres\/","title":{"rendered":"Venezuela: La luz de los hombres"},"content":{"rendered":"<p>\u201cLa vida era la luz de los hombres. Y la luz brilla en las tinieblas, y las tinieblas no la percibieron\u201d (Jn 1,4-5). En la actual tiniebla de Venezuela, el seminario de Car\u00fapano quiere ser una \u201cpeque\u00f1a vela para llevar esperanza a los hombres como luz de Cristo\u201d. El Obispo de Car\u00fapano, Jaime Jos\u00e9 Villarroel, ve tanto luz como oscuridad. Est\u00e1 contento con la fidelidad y perseverancia de los 13 alumnos del seminario de la Madre del Redentor, pero tambi\u00e9n ve c\u00f3mo sufre la gente. Los asesinatos y los robos est\u00e1n a la orden del d\u00eda, y la necesidad es un compa\u00f1ero constante.<\/p>\n<figure id=\"attachment_130354\" aria-describedby=\"caption-attachment-130354\" style=\"width: 670px\" class=\"wp-caption alignnone\"><img loading=\"lazy\" decoding=\"async\" class=\"wp-image-130354 size-full\" src=\"https:\/\/media.acninternational.org\/wp-content\/uploads\/2020\/02\/Bishop-Jaime-Villarroel-of-the-Diocese-of-Car%C3%BApano.jpg\" alt=\"El Obispo de Car\u00fapano, Jaime Jos\u00e9 Villarroel.\" width=\"670\" height=\"400\" srcset=\"https:\/\/media.acninternational.org\/wp-content\/uploads\/2020\/02\/Bishop-Jaime-Villarroel-of-the-Diocese-of-Car%C3%BApano.jpg 670w, https:\/\/media.acninternational.org\/wp-content\/uploads\/2020\/02\/Bishop-Jaime-Villarroel-of-the-Diocese-of-Car%C3%BApano-300x179.jpg 300w\" sizes=\"auto, (max-width: 670px) 100vw, 670px\" \/><figcaption id=\"caption-attachment-130354\" class=\"wp-caption-text\">El Obispo de Car\u00fapano, Jaime Jos\u00e9 Villarroel.<\/figcaption><\/figure>\n<p>Comprar un par de zapatos nuevos&#8230; impensable. La ropa llega al seminario desde M\u00e9xico a trav\u00e9s de \u201clos caminos misteriosos del Se\u00f1or\u201d. El rector del seminario a\u00f1ade: \u201cA todos los que tienen hambre y llaman a nuestra puerta les damos parte de nuestra raci\u00f3n diaria.\u201d Estos son entre seis y diez personas al d\u00eda, en su mayor\u00eda de la vecindad. Las medicinas las env\u00edan amigos desde Espa\u00f1a. No pueden permitirse caer enfermos, y mucho menos tratamientos intensivos. Los profesores no perciben ning\u00fan salario; de vez en cuando se les reembolsan los gastos de viaje y reciben algo de comer.<\/p>\n<figure id=\"attachment_130368\" aria-describedby=\"caption-attachment-130368\" style=\"width: 670px\" class=\"wp-caption alignnone\"><img loading=\"lazy\" decoding=\"async\" class=\"wp-image-130368 size-full\" src=\"https:\/\/media.acninternational.org\/wp-content\/uploads\/2020\/02\/carupano2.jpg\" alt=\"Venezuela: La luz de los hombres.\" width=\"670\" height=\"400\" srcset=\"https:\/\/media.acninternational.org\/wp-content\/uploads\/2020\/02\/carupano2.jpg 670w, https:\/\/media.acninternational.org\/wp-content\/uploads\/2020\/02\/carupano2-300x179.jpg 300w\" sizes=\"auto, (max-width: 670px) 100vw, 670px\" \/><figcaption id=\"caption-attachment-130368\" class=\"wp-caption-text\">Venezuela: La luz de los hombres.<\/figcaption><\/figure>\n<p>\u201cLa Iglesia es la \u00fanica instituci\u00f3n que ayuda a llevar la cruz diaria, que da sentido al sufrimiento\u201d, dice el rector. Muchas personas est\u00e1n agradecidas, pues el seminario es para ellas una se\u00f1al de que Dios no las ha abandonado. \u201cMuchos carecen de esperanza\u201d, dice el seminarista Wladimir Tesorero. \u201cVeo lo importante que es el seminario para ellos, y doy gracias a Dios por darle a un pobre como yo la oportunidad de llevar esperanza a la gente\u201d. Nosotros apoyamos este seminario con 10.400 euros\u2026 para que la luz siga brillando.<\/p>\n","protected":false},"excerpt":{"rendered":"<p>\u201cLa vida era la luz de los hombres. Y la luz brilla en las tinieblas, y las tinieblas no la<\/p>\n","protected":false},"author":4258341447,"featured_media":130361,"comment_status":"closed","ping_status":"closed","sticky":false,"template":"","format":"standard","meta":{"_acf_changed":false,"_acn_coauthor_ids":[],"footnotes":""},"categories":[719,714],"tags":[],"country":[146],"class_list":["post-130370","post","type-post","status-publish","format-standard","has-post-thumbnail","hentry","category-formacion-sacerdotal-y-religiosa","category-proyecto","country-venezuela"],"acn_coauthors":[],"acf":[],"yoast_head":"<!-- This site is optimized with the Yoast SEO Premium plugin v27.3 (Yoast SEO v27.3) - https:\/\/yoast.com\/product\/yoast-seo-premium-wordpress\/ -->\n<title>Venezuela: La luz de los hombres<\/title>\n<meta name=\"description\" content=\"\u201cLa vida era la luz de los hombres. Y la luz brilla en las tinieblas, y las tinieblas no la percibieron\u201d (Jn 1,4-5). En la actual tiniebla de Venezuela, el seminario de Car\u00fapano quiere ser una \u201cpeque\u00f1a vela para llevar esperanza a los hombres como luz de Cristo\u201d. El Obispo de Car\u00fapano, Jaime Jos\u00e9 Villarroel, ve tanto luz como oscuridad.\" \/>\n<meta name=\"robots\" content=\"index, follow, max-snippet:-1, max-image-preview:large, max-video-preview:-1\" \/>\n<link rel=\"canonical\" href=\"https:\/\/acninternational.org\/es\/venezuela-la-luz-de-los-hombres\/\" \/>\n<meta property=\"og:locale\" content=\"es_ES\" \/>\n<meta property=\"og:type\" content=\"article\" \/>\n<meta property=\"og:title\" content=\"Venezuela: La luz de los hombres\" \/>\n<meta property=\"og:description\" content=\"\u201cLa vida era la luz de los hombres. Y la luz brilla en las tinieblas, y las tinieblas no la percibieron\u201d (Jn 1,4-5). En la actual tiniebla de Venezuela, el seminario de Car\u00fapano quiere ser una \u201cpeque\u00f1a vela para llevar esperanza a los hombres como luz de Cristo\u201d. El Obispo de Car\u00fapano, Jaime Jos\u00e9 Villarroel, ve tanto luz como oscuridad.\" \/>\n<meta property=\"og:url\" content=\"https:\/\/acninternational.org\/es\/venezuela-la-luz-de-los-hombres\/\" \/>\n<meta property=\"og:site_name\" content=\"ACN International\" \/>\n<meta property=\"article:publisher\" content=\"https:\/\/www.facebook.com\/acninternationalorg\" \/>\n<meta property=\"article:published_time\" content=\"2020-02-07T09:45:14+00:00\" \/>\n<meta property=\"article:modified_time\" content=\"2020-02-07T09:52:19+00:00\" \/>\n<meta property=\"og:image\" content=\"https:\/\/media.acninternational.org\/wp-content\/uploads\/2020\/02\/carupano.jpg\" \/>\n\t<meta property=\"og:image:width\" content=\"1400\" \/>\n\t<meta property=\"og:image:height\" content=\"438\" \/>\n\t<meta property=\"og:image:type\" content=\"image\/jpeg\" \/>\n<meta name=\"author\" content=\"ACN Press Team\" \/>\n<meta name=\"twitter:card\" content=\"summary_large_image\" \/>\n<meta name=\"twitter:creator\" content=\"@acn_int\" \/>\n<meta name=\"twitter:site\" content=\"@acn_int\" \/>\n<meta name=\"twitter:label1\" content=\"Escrito por\" \/>\n\t<meta name=\"twitter:data1\" content=\"ACN Press Team\" \/>\n\t<meta name=\"twitter:label2\" content=\"Tiempo de lectura\" \/>\n\t<meta name=\"twitter:data2\" content=\"2 minutos\" \/>\n<script type=\"application\/ld+json\" class=\"yoast-schema-graph\">{\"@context\":\"https:\\\/\\\/schema.org\",\"@graph\":[{\"@type\":\"Article\",\"@id\":\"https:\\\/\\\/acninternational.org\\\/es\\\/venezuela-la-luz-de-los-hombres\\\/#article\",\"isPartOf\":{\"@id\":\"https:\\\/\\\/acninternational.org\\\/es\\\/venezuela-la-luz-de-los-hombres\\\/\"},\"author\":{\"name\":\"ACN Press Team\",\"@id\":\"https:\\\/\\\/acninternational.org\\\/es\\\/#\\\/schema\\\/person\\\/7f3dafb236b242fb2aa46be1411fd703\"},\"headline\":\"Venezuela: La luz de los hombres\",\"datePublished\":\"2020-02-07T09:45:14+00:00\",\"dateModified\":\"2020-02-07T09:52:19+00:00\",\"mainEntityOfPage\":{\"@id\":\"https:\\\/\\\/acninternational.org\\\/es\\\/venezuela-la-luz-de-los-hombres\\\/\"},\"wordCount\":346,\"publisher\":{\"@id\":\"https:\\\/\\\/acninternational.org\\\/es\\\/#organization\"},\"image\":{\"@id\":\"https:\\\/\\\/acninternational.org\\\/es\\\/venezuela-la-luz-de-los-hombres\\\/#primaryimage\"},\"thumbnailUrl\":\"https:\\\/\\\/media.acninternational.org\\\/wp-content\\\/uploads\\\/2020\\\/02\\\/carupano.jpg\",\"articleSection\":[\"FORMACI\u00d3N SACERDOTAL Y RELIGIOSA\",\"PROYECTO\"],\"inLanguage\":\"es\"},{\"@type\":\"WebPage\",\"@id\":\"https:\\\/\\\/acninternational.org\\\/es\\\/venezuela-la-luz-de-los-hombres\\\/\",\"url\":\"https:\\\/\\\/acninternational.org\\\/es\\\/venezuela-la-luz-de-los-hombres\\\/\",\"name\":\"Venezuela: La luz de los hombres\",\"isPartOf\":{\"@id\":\"https:\\\/\\\/acninternational.org\\\/es\\\/#website\"},\"primaryImageOfPage\":{\"@id\":\"https:\\\/\\\/acninternational.org\\\/es\\\/venezuela-la-luz-de-los-hombres\\\/#primaryimage\"},\"image\":{\"@id\":\"https:\\\/\\\/acninternational.org\\\/es\\\/venezuela-la-luz-de-los-hombres\\\/#primaryimage\"},\"thumbnailUrl\":\"https:\\\/\\\/media.acninternational.org\\\/wp-content\\\/uploads\\\/2020\\\/02\\\/carupano.jpg\",\"datePublished\":\"2020-02-07T09:45:14+00:00\",\"dateModified\":\"2020-02-07T09:52:19+00:00\",\"description\":\"\u201cLa vida era la luz de los hombres. Y la luz brilla en las tinieblas, y las tinieblas no la percibieron\u201d (Jn 1,4-5). En la actual tiniebla de Venezuela, el seminario de Car\u00fapano quiere ser una \u201cpeque\u00f1a vela para llevar esperanza a los hombres como luz de Cristo\u201d. El Obispo de Car\u00fapano, Jaime Jos\u00e9 Villarroel, ve tanto luz como oscuridad.\",\"breadcrumb\":{\"@id\":\"https:\\\/\\\/acninternational.org\\\/es\\\/venezuela-la-luz-de-los-hombres\\\/#breadcrumb\"},\"inLanguage\":\"es\",\"potentialAction\":[{\"@type\":\"ReadAction\",\"target\":[\"https:\\\/\\\/acninternational.org\\\/es\\\/venezuela-la-luz-de-los-hombres\\\/\"]}]},{\"@type\":\"ImageObject\",\"inLanguage\":\"es\",\"@id\":\"https:\\\/\\\/acninternational.org\\\/es\\\/venezuela-la-luz-de-los-hombres\\\/#primaryimage\",\"url\":\"https:\\\/\\\/media.acninternational.org\\\/wp-content\\\/uploads\\\/2020\\\/02\\\/carupano.jpg\",\"contentUrl\":\"https:\\\/\\\/media.acninternational.org\\\/wp-content\\\/uploads\\\/2020\\\/02\\\/carupano.jpg\",\"width\":1400,\"height\":438},{\"@type\":\"BreadcrumbList\",\"@id\":\"https:\\\/\\\/acninternational.org\\\/es\\\/venezuela-la-luz-de-los-hombres\\\/#breadcrumb\",\"itemListElement\":[{\"@type\":\"ListItem\",\"position\":1,\"name\":\"Home\",\"item\":\"https:\\\/\\\/acninternational.org\\\/es\\\/\"},{\"@type\":\"ListItem\",\"position\":2,\"name\":\"PROYECTO\",\"item\":\"https:\\\/\\\/acninternational.org\\\/es\\\/category\\\/proyecto\\\/\"},{\"@type\":\"ListItem\",\"position\":3,\"name\":\"Venezuela: La luz de los hombres\"}]},{\"@type\":\"WebSite\",\"@id\":\"https:\\\/\\\/acninternational.org\\\/es\\\/#website\",\"url\":\"https:\\\/\\\/acninternational.org\\\/es\\\/\",\"name\":\"ACN International\",\"description\":\"\",\"publisher\":{\"@id\":\"https:\\\/\\\/acninternational.org\\\/es\\\/#organization\"},\"potentialAction\":[{\"@type\":\"SearchAction\",\"target\":{\"@type\":\"EntryPoint\",\"urlTemplate\":\"https:\\\/\\\/acninternational.org\\\/es\\\/?s={search_term_string}\"},\"query-input\":{\"@type\":\"PropertyValueSpecification\",\"valueRequired\":true,\"valueName\":\"search_term_string\"}}],\"inLanguage\":\"es\"},{\"@type\":\"Organization\",\"@id\":\"https:\\\/\\\/acninternational.org\\\/es\\\/#organization\",\"name\":\"Aid to the Church in Need International\",\"url\":\"https:\\\/\\\/acninternational.org\\\/es\\\/\",\"logo\":{\"@type\":\"ImageObject\",\"inLanguage\":\"es\",\"@id\":\"https:\\\/\\\/acninternational.org\\\/es\\\/#\\\/schema\\\/logo\\\/image\\\/\",\"url\":\"https:\\\/\\\/media.acninternational.org\\\/wp-content\\\/uploads\\\/2019\\\/11\\\/acn_logo_blackvector.svg\",\"contentUrl\":\"https:\\\/\\\/media.acninternational.org\\\/wp-content\\\/uploads\\\/2019\\\/11\\\/acn_logo_blackvector.svg\",\"width\":232.6,\"height\":78,\"caption\":\"Aid to the Church in Need International\"},\"image\":{\"@id\":\"https:\\\/\\\/acninternational.org\\\/es\\\/#\\\/schema\\\/logo\\\/image\\\/\"},\"sameAs\":[\"https:\\\/\\\/www.facebook.com\\\/acninternationalorg\",\"https:\\\/\\\/x.com\\\/acn_int\",\"https:\\\/\\\/www.youtube.com\\\/channel\\\/UCQ-077gS0TnVzkhHmf1opZw\",\"https:\\\/\\\/www.instagram.com\\\/acn_international\\\/\"]},{\"@type\":\"Person\",\"@id\":\"https:\\\/\\\/acninternational.org\\\/es\\\/#\\\/schema\\\/person\\\/7f3dafb236b242fb2aa46be1411fd703\",\"name\":\"ACN Press Team\",\"description\":\"Lorem ipsum dolor sit amet, consectetur adipiscing elit, sed do eiusmod tempor incididunt ut labore et dolore magna aliqua. Ut enim ad minim veniam, quis nostrud exercitation ullamco laboris nisi ut aliquip ex ea commodo consequat.\",\"url\":\"https:\\\/\\\/acninternational.org\\\/es\\\/author\\\/acn-press-team\\\/\"}]}<\/script>\n<!-- \/ Yoast SEO Premium plugin. -->","yoast_head_json":{"title":"Venezuela: La luz de los hombres","description":"\u201cLa vida era la luz de los hombres. Y la luz brilla en las tinieblas, y las tinieblas no la percibieron\u201d (Jn 1,4-5). En la actual tiniebla de Venezuela, el seminario de Car\u00fapano quiere ser una \u201cpeque\u00f1a vela para llevar esperanza a los hombres como luz de Cristo\u201d. El Obispo de Car\u00fapano, Jaime Jos\u00e9 Villarroel, ve tanto luz como oscuridad.","robots":{"index":"index","follow":"follow","max-snippet":"max-snippet:-1","max-image-preview":"max-image-preview:large","max-video-preview":"max-video-preview:-1"},"canonical":"https:\/\/acninternational.org\/es\/venezuela-la-luz-de-los-hombres\/","og_locale":"es_ES","og_type":"article","og_title":"Venezuela: La luz de los hombres","og_description":"\u201cLa vida era la luz de los hombres. Y la luz brilla en las tinieblas, y las tinieblas no la percibieron\u201d (Jn 1,4-5). En la actual tiniebla de Venezuela, el seminario de Car\u00fapano quiere ser una \u201cpeque\u00f1a vela para llevar esperanza a los hombres como luz de Cristo\u201d. El Obispo de Car\u00fapano, Jaime Jos\u00e9 Villarroel, ve tanto luz como oscuridad.","og_url":"https:\/\/acninternational.org\/es\/venezuela-la-luz-de-los-hombres\/","og_site_name":"ACN International","article_publisher":"https:\/\/www.facebook.com\/acninternationalorg","article_published_time":"2020-02-07T09:45:14+00:00","article_modified_time":"2020-02-07T09:52:19+00:00","og_image":[{"width":1400,"height":438,"url":"https:\/\/media.acninternational.org\/wp-content\/uploads\/2020\/02\/carupano.jpg","type":"image\/jpeg"}],"author":"ACN Press Team","twitter_card":"summary_large_image","twitter_creator":"@acn_int","twitter_site":"@acn_int","twitter_misc":{"Escrito por":"ACN Press Team","Tiempo de lectura":"2 minutos"},"schema":{"@context":"https:\/\/schema.org","@graph":[{"@type":"Article","@id":"https:\/\/acninternational.org\/es\/venezuela-la-luz-de-los-hombres\/#article","isPartOf":{"@id":"https:\/\/acninternational.org\/es\/venezuela-la-luz-de-los-hombres\/"},"author":{"name":"ACN Press Team","@id":"https:\/\/acninternational.org\/es\/#\/schema\/person\/7f3dafb236b242fb2aa46be1411fd703"},"headline":"Venezuela: La luz de los hombres","datePublished":"2020-02-07T09:45:14+00:00","dateModified":"2020-02-07T09:52:19+00:00","mainEntityOfPage":{"@id":"https:\/\/acninternational.org\/es\/venezuela-la-luz-de-los-hombres\/"},"wordCount":346,"publisher":{"@id":"https:\/\/acninternational.org\/es\/#organization"},"image":{"@id":"https:\/\/acninternational.org\/es\/venezuela-la-luz-de-los-hombres\/#primaryimage"},"thumbnailUrl":"https:\/\/media.acninternational.org\/wp-content\/uploads\/2020\/02\/carupano.jpg","articleSection":["FORMACI\u00d3N SACERDOTAL Y RELIGIOSA","PROYECTO"],"inLanguage":"es"},{"@type":"WebPage","@id":"https:\/\/acninternational.org\/es\/venezuela-la-luz-de-los-hombres\/","url":"https:\/\/acninternational.org\/es\/venezuela-la-luz-de-los-hombres\/","name":"Venezuela: La luz de los hombres","isPartOf":{"@id":"https:\/\/acninternational.org\/es\/#website"},"primaryImageOfPage":{"@id":"https:\/\/acninternational.org\/es\/venezuela-la-luz-de-los-hombres\/#primaryimage"},"image":{"@id":"https:\/\/acninternational.org\/es\/venezuela-la-luz-de-los-hombres\/#primaryimage"},"thumbnailUrl":"https:\/\/media.acninternational.org\/wp-content\/uploads\/2020\/02\/carupano.jpg","datePublished":"2020-02-07T09:45:14+00:00","dateModified":"2020-02-07T09:52:19+00:00","description":"\u201cLa vida era la luz de los hombres. Y la luz brilla en las tinieblas, y las tinieblas no la percibieron\u201d (Jn 1,4-5). En la actual tiniebla de Venezuela, el seminario de Car\u00fapano quiere ser una \u201cpeque\u00f1a vela para llevar esperanza a los hombres como luz de Cristo\u201d. El Obispo de Car\u00fapano, Jaime Jos\u00e9 Villarroel, ve tanto luz como oscuridad.","breadcrumb":{"@id":"https:\/\/acninternational.org\/es\/venezuela-la-luz-de-los-hombres\/#breadcrumb"},"inLanguage":"es","potentialAction":[{"@type":"ReadAction","target":["https:\/\/acninternational.org\/es\/venezuela-la-luz-de-los-hombres\/"]}]},{"@type":"ImageObject","inLanguage":"es","@id":"https:\/\/acninternational.org\/es\/venezuela-la-luz-de-los-hombres\/#primaryimage","url":"https:\/\/media.acninternational.org\/wp-content\/uploads\/2020\/02\/carupano.jpg","contentUrl":"https:\/\/media.acninternational.org\/wp-content\/uploads\/2020\/02\/carupano.jpg","width":1400,"height":438},{"@type":"BreadcrumbList","@id":"https:\/\/acninternational.org\/es\/venezuela-la-luz-de-los-hombres\/#breadcrumb","itemListElement":[{"@type":"ListItem","position":1,"name":"Home","item":"https:\/\/acninternational.org\/es\/"},{"@type":"ListItem","position":2,"name":"PROYECTO","item":"https:\/\/acninternational.org\/es\/category\/proyecto\/"},{"@type":"ListItem","position":3,"name":"Venezuela: La luz de los hombres"}]},{"@type":"WebSite","@id":"https:\/\/acninternational.org\/es\/#website","url":"https:\/\/acninternational.org\/es\/","name":"ACN International","description":"","publisher":{"@id":"https:\/\/acninternational.org\/es\/#organization"},"potentialAction":[{"@type":"SearchAction","target":{"@type":"EntryPoint","urlTemplate":"https:\/\/acninternational.org\/es\/?s={search_term_string}"},"query-input":{"@type":"PropertyValueSpecification","valueRequired":true,"valueName":"search_term_string"}}],"inLanguage":"es"},{"@type":"Organization","@id":"https:\/\/acninternational.org\/es\/#organization","name":"Aid to the Church in Need International","url":"https:\/\/acninternational.org\/es\/","logo":{"@type":"ImageObject","inLanguage":"es","@id":"https:\/\/acninternational.org\/es\/#\/schema\/logo\/image\/","url":"https:\/\/media.acninternational.org\/wp-content\/uploads\/2019\/11\/acn_logo_blackvector.svg","contentUrl":"https:\/\/media.acninternational.org\/wp-content\/uploads\/2019\/11\/acn_logo_blackvector.svg","width":232.6,"height":78,"caption":"Aid to the Church in Need International"},"image":{"@id":"https:\/\/acninternational.org\/es\/#\/schema\/logo\/image\/"},"sameAs":["https:\/\/www.facebook.com\/acninternationalorg","https:\/\/x.com\/acn_int","https:\/\/www.youtube.com\/channel\/UCQ-077gS0TnVzkhHmf1opZw","https:\/\/www.instagram.com\/acn_international\/"]},{"@type":"Person","@id":"https:\/\/acninternational.org\/es\/#\/schema\/person\/7f3dafb236b242fb2aa46be1411fd703","name":"ACN Press Team","description":"Lorem ipsum dolor sit amet, consectetur adipiscing elit, sed do eiusmod tempor incididunt ut labore et dolore magna aliqua. Ut enim ad minim veniam, quis nostrud exercitation ullamco laboris nisi ut aliquip ex ea commodo consequat.","url":"https:\/\/acninternational.org\/es\/author\/acn-press-team\/"}]}},"_links":{"self":[{"href":"https:\/\/acninternational.org\/es\/wp-json\/wp\/v2\/posts\/130370","targetHints":{"allow":["GET"]}}],"collection":[{"href":"https:\/\/acninternational.org\/es\/wp-json\/wp\/v2\/posts"}],"about":[{"href":"https:\/\/acninternational.org\/es\/wp-json\/wp\/v2\/types\/post"}],"author":[{"embeddable":true,"href":"https:\/\/acninternational.org\/es\/wp-json\/wp\/v2\/users\/4258341447"}],"replies":[{"embeddable":true,"href":"https:\/\/acninternational.org\/es\/wp-json\/wp\/v2\/comments?post=130370"}],"version-history":[{"count":0,"href":"https:\/\/acninternational.org\/es\/wp-json\/wp\/v2\/posts\/130370\/revisions"}],"wp:featuredmedia":[{"embeddable":true,"href":"https:\/\/acninternational.org\/es\/wp-json\/wp\/v2\/media\/130361"}],"wp:attachment":[{"href":"https:\/\/acninternational.org\/es\/wp-json\/wp\/v2\/media?parent=130370"}],"wp:term":[{"taxonomy":"category","embeddable":true,"href":"https:\/\/acninternational.org\/es\/wp-json\/wp\/v2\/categories?post=130370"},{"taxonomy":"post_tag","embeddable":true,"href":"https:\/\/acninternational.org\/es\/wp-json\/wp\/v2\/tags?post=130370"},{"taxonomy":"country","embeddable":true,"href":"https:\/\/acninternational.org\/es\/wp-json\/wp\/v2\/country?post=130370"}],"curies":[{"name":"wp","href":"https:\/\/api.w.org\/{rel}","templated":true}]}}