{"id":130299,"date":"2020-02-05T10:18:12","date_gmt":"2020-02-05T09:18:12","guid":{"rendered":"https:\/\/acninternational.org\/?p=130299"},"modified":"2025-02-28T09:38:13","modified_gmt":"2025-02-28T08:38:13","slug":"turquia-los-cristianos-pierden-todos-sus-bienes","status":"publish","type":"post","link":"https:\/\/acninternational.org\/es\/turquia-los-cristianos-pierden-todos-sus-bienes\/","title":{"rendered":"Turqu\u00eda: \u00abLos cristianos pierden todos sus bienes\u00bb"},"content":{"rendered":"<p><em>La minor\u00eda cristiana de Turqu\u00eda vuelve a estar amenazada. En la primera quincena de enero, Aho Bilecen, abad sirio-ortodoxo, fue detenido junto con otros dos fieles en Tur Abdin, un macizo monta\u00f1oso al sureste de Turqu\u00eda. Unos d\u00edas despu\u00e9s los detenidos fueron liberados, pero otros cristianos fueron arrestados. Tur Abdin est\u00e1 considerado como un antiguo centro cristiano. Volker Niggew\u00f6hner, de la Fundaci\u00f3n Pontificia internacional ACN \u00ab<\/em><em>Aid to the Church in Need\u00bb<\/em><em>, ha hablado sobre el trasfondo de estos acontecimientos con el sacerdote Slawomir Dadas, Presidente de la \u00abIniciativa Oriente Cristiano\u00bb en la ciudad austriaca de Linz.<\/em><\/p>\n<figure id=\"attachment_130295\" aria-describedby=\"caption-attachment-130295\" style=\"width: 670px\" class=\"wp-caption aligncenter\"><img loading=\"lazy\" decoding=\"async\" class=\"wp-image-130295 size-full\" src=\"https:\/\/media.acninternational.org\/wp-content\/uploads\/2020\/02\/turkey2.jpg\" alt=\"Slawomir Dadas, Presidente de la \u00abIniciativa Oriente Cristiano\u00bb.\" width=\"670\" height=\"400\" srcset=\"https:\/\/media.acninternational.org\/wp-content\/uploads\/2020\/02\/turkey2.jpg 670w, https:\/\/media.acninternational.org\/wp-content\/uploads\/2020\/02\/turkey2-300x179.jpg 300w\" sizes=\"auto, (max-width: 670px) 100vw, 670px\" \/><figcaption id=\"caption-attachment-130295\" class=\"wp-caption-text\">Slawomir Dadas, Presidente de la \u00abIniciativa Oriente Cristiano\u00bb.<\/figcaption><\/figure>\n<h4><strong>ACN: Ustedes disponen de excelentes contactos en Tur Abdin. \u00bfC\u00f3mo est\u00e1n los tres cristianos que fueron detenidos y luego puestos en libertad?<\/strong><\/h4>\n<p><strong>Slawomir Dadas:<\/strong> Est\u00e1n bien, de acuerdo con las circunstancias, con toda la incertidumbre que, por supuesto, a\u00fan existe. Los detenidos son el abad del monasterio sirio-ortodoxo Mor Yakub d\u2019Karno y dos alcaldes. Uno de los alcaldes fue liberado al cabo de un d\u00eda, el otro de dos; el abad estuvo bajo arresto policial durante cuatro d\u00edas.<\/p>\n<h4><strong>\u00bfPor qu\u00e9 fueron detenidos?<\/strong><\/h4>\n<p>Seg\u00fan las informaciones de que se dispone, se dice que un combatiente kurdo del Partido de los Trabajadores de Kurdist\u00e1n (PKK, por sus siglas en kurdo) desert\u00f3 al ej\u00e9rcito turco. Este habr\u00eda dicho que el abad y otras personas dieron comida a algunos combatientes del PKK hace unos a\u00f1os, lo cual se considera autom\u00e1ticamente como apoyo al terrorismo; por eso fueron arrestados. Pero nadie ha visto las transcripciones oficiales del testimonio del antiguo combatiente.<\/p>\n<h4><strong>Esto parece indicar que los servicios de seguridad est\u00e1n muy nerviosos\u2026<br \/>\n<\/strong><\/h4>\n<p>Seg\u00fan me han contado personas de Tur Abdin, lamentablemente esto es lo habitual cada pocos a\u00f1os. Los cristianos consideran que no son bienvenidos en su pa\u00eds de origen, pues son acosados una y otra vez;\u00a0 el hecho de que el abad haya sido encarcelado durante cuatro d\u00edas s\u00ed que es algo extremo. Tambi\u00e9n se ha informado de que una pareja cristiana ha sido arrestada, supuestamente por disputas de propiedades.<\/p>\n<h4><strong>Tur Abdin no est\u00e1 muy lejos de la frontera con Siria e Irak. \u00bfEn qu\u00e9 medida ha estado y sigue estando afectada esta regi\u00f3n por los conflictos armados en esa zona?<br \/>\n<\/strong><\/h4>\n<p>Durante la guerra de Irak llegaron muchos refugiados a Tur Abdin. Sin embargo, ahora los campos de refugiados est\u00e1n en gran parte vac\u00edos. Los refugiados se han mudado o simplemente fueron trasladados de lugar.<\/p>\n<h4><strong>Antes hablaba del acoso a los cristianos. \u00bfHa cambiado la situaci\u00f3n en general en Turqu\u00eda durante los \u00faltimos a\u00f1os?<br \/>\n<\/strong><\/h4>\n<p>Sobre todo en Tur Abdin, el gran problema es que la poblaci\u00f3n apenas ve\u00a0 futuro para s\u00ed misma. Hace\u00a0 50 a\u00f1os viv\u00edan all\u00ed unos 50.000 cristianos. La \u00faltima vez que estuve en la regi\u00f3n, se dec\u00eda que ya solo quedaban 2.500 cristianos.<\/p>\n<h4><strong>Turqu\u00eda es un pa\u00eds grande. \u00bfViven los cristianos mejor en Estambul que en Tur Abdin?<br \/>\n<\/strong><\/h4>\n<p>S\u00ed. Tengo la impresi\u00f3n de que los cristianos de Estambul tienen m\u00e1s libertad. En Tur Abdin parecen ser un factor de desestabilizaci\u00f3n, porque se considera territorio cristiano, lo cual no es bien recibido en un pa\u00eds musulm\u00e1n. Pero tambi\u00e9n he podido ver que, cuando los turistas visitan los monasterios de Tur Abdin, tambi\u00e9n despiertan inter\u00e9s entre los musulmanes, que admiran la cultura e historia de los monasterios. Esto supone un peque\u00f1o movimiento entre los musulmanes en el campo cultural; pero socio-pol\u00edticamente no se aprecia en absoluto.<\/p>\n<figure id=\"attachment_130288\" aria-describedby=\"caption-attachment-130288\" style=\"width: 670px\" class=\"wp-caption aligncenter\"><img loading=\"lazy\" decoding=\"async\" class=\"wp-image-130288 size-full\" src=\"https:\/\/media.acninternational.org\/wp-content\/uploads\/2020\/02\/turkey1.jpg\" alt=\"Abbot Aho Bilecen.\" width=\"670\" height=\"400\" srcset=\"https:\/\/media.acninternational.org\/wp-content\/uploads\/2020\/02\/turkey1.jpg 670w, https:\/\/media.acninternational.org\/wp-content\/uploads\/2020\/02\/turkey1-300x179.jpg 300w\" sizes=\"auto, (max-width: 670px) 100vw, 670px\" \/><figcaption id=\"caption-attachment-130288\" class=\"wp-caption-text\">Abbot Aho Bilecen.<\/figcaption><\/figure>\n<h4><strong>Ya en la d\u00e9cada de 1980 se produjo un gran \u00e9xodo de Tur Abdin. Esto se debi\u00f3\u00a0 entonces a la lucha entre el PKK kurdo y el gobierno turco. \u00bfTeme que vuelva a suceder algo similar si la situaci\u00f3n militar se agudiza de nuevo?<br \/>\n<\/strong><\/h4>\n<p>Seg\u00fan dicen, a la poblaci\u00f3n de Tur Abdin la situaci\u00f3n militar les preocupa menos que la econ\u00f3mica. La zona est\u00e1 b\u00e1sicamente abandonada por el gobierno, la ayuda llega solo a trav\u00e9s de donaciones de organizaciones o de emigrantes; de lo contrario la poblaci\u00f3n no podr\u00eda sobrevivir all\u00ed. Durante mi viaje a la regi\u00f3n visitamos numerosos pueblos. Antes sol\u00edan vivir all\u00ed entre 200 y 300 familias, la mayor\u00eda cristianas. Hoy en d\u00eda quedan solo dos o tres; en su mayor\u00eda est\u00e1n formadas por personas que vivieron en Alemania o en otros pa\u00edses de Europa occidental y que han regresado al jubilarse. Son algo as\u00ed como los guardianes de la herencia cultural y la fe all\u00ed.<\/p>\n<h4><strong>En su opini\u00f3n, \u00bfcontinuar\u00e1 la evocaci\u00f3n del Islam en Turqu\u00eda; se debe esto a un distanciamiento entre la UE y Turqu\u00eda?<br \/>\n<\/strong><\/h4>\n<p>Tengo la impresi\u00f3n de que ese distanciamiento no siempre ha sido intencionado; pero\u00a0 ha fortalecido a algunos conciudadanos musulmanes. Por ejemplo, algunas aldeas cristianas fueron ocupadas por poblaci\u00f3n musulmana. Las casas de los cristianos que viven en el extranjero fueron ocupadas por los musulmanes, es muy dif\u00edcil recuperarlas. Este es el caso especialmente en Tur Abdin, la gente tiene la sensaci\u00f3n de que est\u00e1 siendo \u00abexpropiada\u00bb porque no hay ninguna base legal para ello. Est\u00e1n perdiendo todo lo que han conseguido a lo largo de la historia.<\/p>\n","protected":false},"excerpt":{"rendered":"<p>La minor\u00eda cristiana en Turqu\u00eda enfrenta nuevas amenazas. Arrestos en Tur Abdin preocupan a la comunidad. ACN analiza la situaci\u00f3n.<\/p>\n","protected":false},"author":4258341447,"featured_media":130281,"comment_status":"closed","ping_status":"closed","sticky":false,"template":"","format":"standard","meta":{"_acf_changed":false,"_acn_coauthor_ids":[],"_acn_featured_article":false,"footnotes":""},"categories":[798],"tags":[],"country":[799],"class_list":["post-130299","post","type-post","status-publish","format-standard","has-post-thumbnail","hentry","category-interviews-es","country-turkey"],"acn_coauthors":[],"acf":[],"yoast_head":"<!-- This site is optimized with the Yoast SEO Premium plugin v27.5 (Yoast SEO v27.5) - https:\/\/yoast.com\/product\/yoast-seo-premium-wordpress\/ -->\n<title>Turqu\u00eda: \u00abLos cristianos pierden todos sus bienes\u00bb<\/title>\n<meta name=\"description\" content=\"La minor\u00eda cristiana en Turqu\u00eda enfrenta nuevas amenazas. Arrestos en Tur Abdin preocupan a la comunidad. ACN analiza la situaci\u00f3n.\" \/>\n<meta name=\"robots\" content=\"index, follow, max-snippet:-1, max-image-preview:large, max-video-preview:-1\" \/>\n<link rel=\"canonical\" href=\"https:\/\/acninternational.org\/es\/turquia-los-cristianos-pierden-todos-sus-bienes\/\" \/>\n<meta property=\"og:locale\" content=\"es_ES\" \/>\n<meta property=\"og:type\" content=\"article\" \/>\n<meta property=\"og:title\" content=\"Turqu\u00eda: \u00abLos cristianos pierden todos sus bienes\u00bb\" \/>\n<meta property=\"og:description\" content=\"La minor\u00eda cristiana en Turqu\u00eda enfrenta nuevas amenazas. Arrestos en Tur Abdin preocupan a la comunidad. ACN analiza la situaci\u00f3n.\" \/>\n<meta property=\"og:url\" content=\"https:\/\/acninternational.org\/es\/turquia-los-cristianos-pierden-todos-sus-bienes\/\" \/>\n<meta property=\"og:site_name\" content=\"ACN International\" \/>\n<meta property=\"article:publisher\" content=\"https:\/\/www.facebook.com\/acninternationalorg\" \/>\n<meta property=\"article:published_time\" content=\"2020-02-05T09:18:12+00:00\" \/>\n<meta property=\"article:modified_time\" content=\"2025-02-28T08:38:13+00:00\" \/>\n<meta property=\"og:image\" content=\"https:\/\/media.acninternational.org\/wp-content\/uploads\/2020\/02\/sofia.jpg\" \/>\n\t<meta property=\"og:image:width\" content=\"1400\" \/>\n\t<meta property=\"og:image:height\" content=\"438\" \/>\n\t<meta property=\"og:image:type\" content=\"image\/jpeg\" \/>\n<meta name=\"author\" content=\"ACN Press Team\" \/>\n<meta name=\"twitter:card\" content=\"summary_large_image\" \/>\n<meta name=\"twitter:creator\" content=\"@acn_int\" \/>\n<meta name=\"twitter:site\" content=\"@acn_int\" \/>\n<meta name=\"twitter:label1\" content=\"Escrito por\" \/>\n\t<meta name=\"twitter:data1\" content=\"ACN Press Team\" \/>\n\t<meta name=\"twitter:label2\" content=\"Tiempo de lectura\" \/>\n\t<meta name=\"twitter:data2\" content=\"5 minutos\" \/>\n<script type=\"application\/ld+json\" class=\"yoast-schema-graph\">{\"@context\":\"https:\\\/\\\/schema.org\",\"@graph\":[{\"@type\":\"Article\",\"@id\":\"https:\\\/\\\/acninternational.org\\\/es\\\/turquia-los-cristianos-pierden-todos-sus-bienes\\\/#article\",\"isPartOf\":{\"@id\":\"https:\\\/\\\/acninternational.org\\\/es\\\/turquia-los-cristianos-pierden-todos-sus-bienes\\\/\"},\"author\":{\"name\":\"ACN Press Team\",\"@id\":\"https:\\\/\\\/acninternational.org\\\/es\\\/#\\\/schema\\\/person\\\/7f3dafb236b242fb2aa46be1411fd703\"},\"headline\":\"Turqu\u00eda: \u00abLos cristianos pierden todos sus bienes\u00bb\",\"datePublished\":\"2020-02-05T09:18:12+00:00\",\"dateModified\":\"2025-02-28T08:38:13+00:00\",\"mainEntityOfPage\":{\"@id\":\"https:\\\/\\\/acninternational.org\\\/es\\\/turquia-los-cristianos-pierden-todos-sus-bienes\\\/\"},\"wordCount\":928,\"publisher\":{\"@id\":\"https:\\\/\\\/acninternational.org\\\/es\\\/#organization\"},\"image\":{\"@id\":\"https:\\\/\\\/acninternational.org\\\/es\\\/turquia-los-cristianos-pierden-todos-sus-bienes\\\/#primaryimage\"},\"thumbnailUrl\":\"https:\\\/\\\/media.acninternational.org\\\/wp-content\\\/uploads\\\/2020\\\/02\\\/sofia.jpg\",\"articleSection\":[\"INTERVIEWS\"],\"inLanguage\":\"es\"},{\"@type\":\"WebPage\",\"@id\":\"https:\\\/\\\/acninternational.org\\\/es\\\/turquia-los-cristianos-pierden-todos-sus-bienes\\\/\",\"url\":\"https:\\\/\\\/acninternational.org\\\/es\\\/turquia-los-cristianos-pierden-todos-sus-bienes\\\/\",\"name\":\"Turqu\u00eda: \u00abLos cristianos pierden todos sus bienes\u00bb\",\"isPartOf\":{\"@id\":\"https:\\\/\\\/acninternational.org\\\/es\\\/#website\"},\"primaryImageOfPage\":{\"@id\":\"https:\\\/\\\/acninternational.org\\\/es\\\/turquia-los-cristianos-pierden-todos-sus-bienes\\\/#primaryimage\"},\"image\":{\"@id\":\"https:\\\/\\\/acninternational.org\\\/es\\\/turquia-los-cristianos-pierden-todos-sus-bienes\\\/#primaryimage\"},\"thumbnailUrl\":\"https:\\\/\\\/media.acninternational.org\\\/wp-content\\\/uploads\\\/2020\\\/02\\\/sofia.jpg\",\"datePublished\":\"2020-02-05T09:18:12+00:00\",\"dateModified\":\"2025-02-28T08:38:13+00:00\",\"description\":\"La minor\u00eda cristiana en Turqu\u00eda enfrenta nuevas amenazas. Arrestos en Tur Abdin preocupan a la comunidad. ACN analiza la situaci\u00f3n.\",\"breadcrumb\":{\"@id\":\"https:\\\/\\\/acninternational.org\\\/es\\\/turquia-los-cristianos-pierden-todos-sus-bienes\\\/#breadcrumb\"},\"inLanguage\":\"es\",\"potentialAction\":[{\"@type\":\"ReadAction\",\"target\":[\"https:\\\/\\\/acninternational.org\\\/es\\\/turquia-los-cristianos-pierden-todos-sus-bienes\\\/\"]}]},{\"@type\":\"ImageObject\",\"inLanguage\":\"es\",\"@id\":\"https:\\\/\\\/acninternational.org\\\/es\\\/turquia-los-cristianos-pierden-todos-sus-bienes\\\/#primaryimage\",\"url\":\"https:\\\/\\\/media.acninternational.org\\\/wp-content\\\/uploads\\\/2020\\\/02\\\/sofia.jpg\",\"contentUrl\":\"https:\\\/\\\/media.acninternational.org\\\/wp-content\\\/uploads\\\/2020\\\/02\\\/sofia.jpg\",\"width\":1400,\"height\":438},{\"@type\":\"BreadcrumbList\",\"@id\":\"https:\\\/\\\/acninternational.org\\\/es\\\/turquia-los-cristianos-pierden-todos-sus-bienes\\\/#breadcrumb\",\"itemListElement\":[{\"@type\":\"ListItem\",\"position\":1,\"name\":\"Home\",\"item\":\"https:\\\/\\\/acninternational.org\\\/es\\\/\"},{\"@type\":\"ListItem\",\"position\":2,\"name\":\"INTERVIEWS\",\"item\":\"https:\\\/\\\/acninternational.org\\\/es\\\/category\\\/interviews-es\\\/\"},{\"@type\":\"ListItem\",\"position\":3,\"name\":\"Turqu\u00eda: \u00abLos cristianos pierden todos sus bienes\u00bb\"}]},{\"@type\":\"WebSite\",\"@id\":\"https:\\\/\\\/acninternational.org\\\/es\\\/#website\",\"url\":\"https:\\\/\\\/acninternational.org\\\/es\\\/\",\"name\":\"ACN International\",\"description\":\"\",\"publisher\":{\"@id\":\"https:\\\/\\\/acninternational.org\\\/es\\\/#organization\"},\"potentialAction\":[{\"@type\":\"SearchAction\",\"target\":{\"@type\":\"EntryPoint\",\"urlTemplate\":\"https:\\\/\\\/acninternational.org\\\/es\\\/?s={search_term_string}\"},\"query-input\":{\"@type\":\"PropertyValueSpecification\",\"valueRequired\":true,\"valueName\":\"search_term_string\"}}],\"inLanguage\":\"es\"},{\"@type\":\"Organization\",\"@id\":\"https:\\\/\\\/acninternational.org\\\/es\\\/#organization\",\"name\":\"Aid to the Church in Need International\",\"url\":\"https:\\\/\\\/acninternational.org\\\/es\\\/\",\"logo\":{\"@type\":\"ImageObject\",\"inLanguage\":\"es\",\"@id\":\"https:\\\/\\\/acninternational.org\\\/es\\\/#\\\/schema\\\/logo\\\/image\\\/\",\"url\":\"https:\\\/\\\/media.acninternational.org\\\/wp-content\\\/uploads\\\/2019\\\/11\\\/acn_logo_blackvector.svg\",\"contentUrl\":\"https:\\\/\\\/media.acninternational.org\\\/wp-content\\\/uploads\\\/2019\\\/11\\\/acn_logo_blackvector.svg\",\"width\":232.6,\"height\":78,\"caption\":\"Aid to the Church in Need International\"},\"image\":{\"@id\":\"https:\\\/\\\/acninternational.org\\\/es\\\/#\\\/schema\\\/logo\\\/image\\\/\"},\"sameAs\":[\"https:\\\/\\\/www.facebook.com\\\/acninternationalorg\",\"https:\\\/\\\/x.com\\\/acn_int\",\"https:\\\/\\\/www.youtube.com\\\/channel\\\/UCQ-077gS0TnVzkhHmf1opZw\",\"https:\\\/\\\/www.instagram.com\\\/acn_international\\\/\"]},{\"@type\":\"Person\",\"@id\":\"https:\\\/\\\/acninternational.org\\\/es\\\/#\\\/schema\\\/person\\\/7f3dafb236b242fb2aa46be1411fd703\",\"name\":\"ACN Press Team\",\"description\":\"Lorem ipsum dolor sit amet, consectetur adipiscing elit, sed do eiusmod tempor incididunt ut labore et dolore magna aliqua. Ut enim ad minim veniam, quis nostrud exercitation ullamco laboris nisi ut aliquip ex ea commodo consequat.\",\"url\":\"https:\\\/\\\/acninternational.org\\\/es\\\/author\\\/acn-press-team\\\/\"}]}<\/script>\n<!-- \/ Yoast SEO Premium plugin. -->","yoast_head_json":{"title":"Turqu\u00eda: \u00abLos cristianos pierden todos sus bienes\u00bb","description":"La minor\u00eda cristiana en Turqu\u00eda enfrenta nuevas amenazas. Arrestos en Tur Abdin preocupan a la comunidad. ACN analiza la situaci\u00f3n.","robots":{"index":"index","follow":"follow","max-snippet":"max-snippet:-1","max-image-preview":"max-image-preview:large","max-video-preview":"max-video-preview:-1"},"canonical":"https:\/\/acninternational.org\/es\/turquia-los-cristianos-pierden-todos-sus-bienes\/","og_locale":"es_ES","og_type":"article","og_title":"Turqu\u00eda: \u00abLos cristianos pierden todos sus bienes\u00bb","og_description":"La minor\u00eda cristiana en Turqu\u00eda enfrenta nuevas amenazas. Arrestos en Tur Abdin preocupan a la comunidad. ACN analiza la situaci\u00f3n.","og_url":"https:\/\/acninternational.org\/es\/turquia-los-cristianos-pierden-todos-sus-bienes\/","og_site_name":"ACN International","article_publisher":"https:\/\/www.facebook.com\/acninternationalorg","article_published_time":"2020-02-05T09:18:12+00:00","article_modified_time":"2025-02-28T08:38:13+00:00","og_image":[{"width":1400,"height":438,"url":"https:\/\/media.acninternational.org\/wp-content\/uploads\/2020\/02\/sofia.jpg","type":"image\/jpeg"}],"author":"ACN Press Team","twitter_card":"summary_large_image","twitter_creator":"@acn_int","twitter_site":"@acn_int","twitter_misc":{"Escrito por":"ACN Press Team","Tiempo de lectura":"5 minutos"},"schema":{"@context":"https:\/\/schema.org","@graph":[{"@type":"Article","@id":"https:\/\/acninternational.org\/es\/turquia-los-cristianos-pierden-todos-sus-bienes\/#article","isPartOf":{"@id":"https:\/\/acninternational.org\/es\/turquia-los-cristianos-pierden-todos-sus-bienes\/"},"author":{"name":"ACN Press Team","@id":"https:\/\/acninternational.org\/es\/#\/schema\/person\/7f3dafb236b242fb2aa46be1411fd703"},"headline":"Turqu\u00eda: \u00abLos cristianos pierden todos sus bienes\u00bb","datePublished":"2020-02-05T09:18:12+00:00","dateModified":"2025-02-28T08:38:13+00:00","mainEntityOfPage":{"@id":"https:\/\/acninternational.org\/es\/turquia-los-cristianos-pierden-todos-sus-bienes\/"},"wordCount":928,"publisher":{"@id":"https:\/\/acninternational.org\/es\/#organization"},"image":{"@id":"https:\/\/acninternational.org\/es\/turquia-los-cristianos-pierden-todos-sus-bienes\/#primaryimage"},"thumbnailUrl":"https:\/\/media.acninternational.org\/wp-content\/uploads\/2020\/02\/sofia.jpg","articleSection":["INTERVIEWS"],"inLanguage":"es"},{"@type":"WebPage","@id":"https:\/\/acninternational.org\/es\/turquia-los-cristianos-pierden-todos-sus-bienes\/","url":"https:\/\/acninternational.org\/es\/turquia-los-cristianos-pierden-todos-sus-bienes\/","name":"Turqu\u00eda: \u00abLos cristianos pierden todos sus bienes\u00bb","isPartOf":{"@id":"https:\/\/acninternational.org\/es\/#website"},"primaryImageOfPage":{"@id":"https:\/\/acninternational.org\/es\/turquia-los-cristianos-pierden-todos-sus-bienes\/#primaryimage"},"image":{"@id":"https:\/\/acninternational.org\/es\/turquia-los-cristianos-pierden-todos-sus-bienes\/#primaryimage"},"thumbnailUrl":"https:\/\/media.acninternational.org\/wp-content\/uploads\/2020\/02\/sofia.jpg","datePublished":"2020-02-05T09:18:12+00:00","dateModified":"2025-02-28T08:38:13+00:00","description":"La minor\u00eda cristiana en Turqu\u00eda enfrenta nuevas amenazas. Arrestos en Tur Abdin preocupan a la comunidad. ACN analiza la situaci\u00f3n.","breadcrumb":{"@id":"https:\/\/acninternational.org\/es\/turquia-los-cristianos-pierden-todos-sus-bienes\/#breadcrumb"},"inLanguage":"es","potentialAction":[{"@type":"ReadAction","target":["https:\/\/acninternational.org\/es\/turquia-los-cristianos-pierden-todos-sus-bienes\/"]}]},{"@type":"ImageObject","inLanguage":"es","@id":"https:\/\/acninternational.org\/es\/turquia-los-cristianos-pierden-todos-sus-bienes\/#primaryimage","url":"https:\/\/media.acninternational.org\/wp-content\/uploads\/2020\/02\/sofia.jpg","contentUrl":"https:\/\/media.acninternational.org\/wp-content\/uploads\/2020\/02\/sofia.jpg","width":1400,"height":438},{"@type":"BreadcrumbList","@id":"https:\/\/acninternational.org\/es\/turquia-los-cristianos-pierden-todos-sus-bienes\/#breadcrumb","itemListElement":[{"@type":"ListItem","position":1,"name":"Home","item":"https:\/\/acninternational.org\/es\/"},{"@type":"ListItem","position":2,"name":"INTERVIEWS","item":"https:\/\/acninternational.org\/es\/category\/interviews-es\/"},{"@type":"ListItem","position":3,"name":"Turqu\u00eda: \u00abLos cristianos pierden todos sus bienes\u00bb"}]},{"@type":"WebSite","@id":"https:\/\/acninternational.org\/es\/#website","url":"https:\/\/acninternational.org\/es\/","name":"ACN International","description":"","publisher":{"@id":"https:\/\/acninternational.org\/es\/#organization"},"potentialAction":[{"@type":"SearchAction","target":{"@type":"EntryPoint","urlTemplate":"https:\/\/acninternational.org\/es\/?s={search_term_string}"},"query-input":{"@type":"PropertyValueSpecification","valueRequired":true,"valueName":"search_term_string"}}],"inLanguage":"es"},{"@type":"Organization","@id":"https:\/\/acninternational.org\/es\/#organization","name":"Aid to the Church in Need International","url":"https:\/\/acninternational.org\/es\/","logo":{"@type":"ImageObject","inLanguage":"es","@id":"https:\/\/acninternational.org\/es\/#\/schema\/logo\/image\/","url":"https:\/\/media.acninternational.org\/wp-content\/uploads\/2019\/11\/acn_logo_blackvector.svg","contentUrl":"https:\/\/media.acninternational.org\/wp-content\/uploads\/2019\/11\/acn_logo_blackvector.svg","width":232.6,"height":78,"caption":"Aid to the Church in Need International"},"image":{"@id":"https:\/\/acninternational.org\/es\/#\/schema\/logo\/image\/"},"sameAs":["https:\/\/www.facebook.com\/acninternationalorg","https:\/\/x.com\/acn_int","https:\/\/www.youtube.com\/channel\/UCQ-077gS0TnVzkhHmf1opZw","https:\/\/www.instagram.com\/acn_international\/"]},{"@type":"Person","@id":"https:\/\/acninternational.org\/es\/#\/schema\/person\/7f3dafb236b242fb2aa46be1411fd703","name":"ACN Press Team","description":"Lorem ipsum dolor sit amet, consectetur adipiscing elit, sed do eiusmod tempor incididunt ut labore et dolore magna aliqua. Ut enim ad minim veniam, quis nostrud exercitation ullamco laboris nisi ut aliquip ex ea commodo consequat.","url":"https:\/\/acninternational.org\/es\/author\/acn-press-team\/"}]}},"_links":{"self":[{"href":"https:\/\/acninternational.org\/es\/wp-json\/wp\/v2\/posts\/130299","targetHints":{"allow":["GET"]}}],"collection":[{"href":"https:\/\/acninternational.org\/es\/wp-json\/wp\/v2\/posts"}],"about":[{"href":"https:\/\/acninternational.org\/es\/wp-json\/wp\/v2\/types\/post"}],"author":[{"embeddable":true,"href":"https:\/\/acninternational.org\/es\/wp-json\/wp\/v2\/users\/4258341447"}],"replies":[{"embeddable":true,"href":"https:\/\/acninternational.org\/es\/wp-json\/wp\/v2\/comments?post=130299"}],"version-history":[{"count":0,"href":"https:\/\/acninternational.org\/es\/wp-json\/wp\/v2\/posts\/130299\/revisions"}],"wp:featuredmedia":[{"embeddable":true,"href":"https:\/\/acninternational.org\/es\/wp-json\/wp\/v2\/media\/130281"}],"wp:attachment":[{"href":"https:\/\/acninternational.org\/es\/wp-json\/wp\/v2\/media?parent=130299"}],"wp:term":[{"taxonomy":"category","embeddable":true,"href":"https:\/\/acninternational.org\/es\/wp-json\/wp\/v2\/categories?post=130299"},{"taxonomy":"post_tag","embeddable":true,"href":"https:\/\/acninternational.org\/es\/wp-json\/wp\/v2\/tags?post=130299"},{"taxonomy":"country","embeddable":true,"href":"https:\/\/acninternational.org\/es\/wp-json\/wp\/v2\/country?post=130299"}],"curies":[{"name":"wp","href":"https:\/\/api.w.org\/{rel}","templated":true}]}}