{"id":122688,"date":"2019-10-10T00:00:00","date_gmt":"2019-10-09T22:00:00","guid":{"rendered":"https:\/\/acninternational.org\/sinodo-del-amazonas-los-indigenas-tienen-a-dios-con-ellos-desde-hace-mucho-tiempo\/"},"modified":"2019-10-10T00:00:00","modified_gmt":"2019-10-09T22:00:00","slug":"sinodo-del-amazonas-los-indigenas-tienen-a-dios-con-ellos-desde-hace-mucho-tiempo","status":"publish","type":"post","link":"https:\/\/acninternational.org\/es\/sinodo-del-amazonas-los-indigenas-tienen-a-dios-con-ellos-desde-hace-mucho-tiempo\/","title":{"rendered":"S\u00ednodo del Amazonas: \u00abLos ind\u00edgenas tienen a Dios con ellos desde hace mucho tiempo\u00bb"},"content":{"rendered":"<p><em>El S\u00ednodo para la Amazon\u00eda tiene lugar del 6 al 27 de octubre en el Vaticano. Es un S\u00ednodo que est\u00e1 llamado la atenci\u00f3n no solo de cat\u00f3licos, sino de todo el mundo. Mons. Neri Jos\u00e9 Tondello es obispo de la di\u00f3cesis de Ju\u00edna en el estado brasile\u00f1o de Mato Grosso y uno de los 18 miembros del Consejo Pre-Sinodal. En una entrevista con ACN, cuenta la historia reciente de la Iglesia en relaci\u00f3n a la Amazon\u00eda, as\u00ed como la experiencia del Evangelio con los pueblos ind\u00edgenas; tambi\u00e9n esclarece la funci\u00f3n consultiva del S\u00ednodo.<\/em><\/p>\n<figure id=\"attachment_56619\" aria-describedby=\"caption-attachment-56619\" style=\"width: 420px\" class=\"wp-caption aligncenter\"><img loading=\"lazy\" decoding=\"async\" class=\"wp-image-56619 size-medium\" src=\"https:\/\/media.acninternational.org\/wp-content\/uploads\/2019\/09\/WEBSITE_template_gallery2.jpg\" alt=\"Mons. Neri Jos\u00e9 Tondello es obispo de la di\u00f3cesis de Ju\u00edna en el estado brasile\u00f1o de Mato Grosso.\" width=\"420\" height=\"280\" \/><figcaption id=\"caption-attachment-56619\" class=\"wp-caption-text\">Mons. Neri Jos\u00e9 Tondello es obispo de la di\u00f3cesis de Ju\u00edna en el estado brasile\u00f1o de Mato Grosso.<\/figcaption><\/figure>\n<p><strong>Usted ha formado parte del Consejo Pre-Sinodal. El S\u00ednodo est\u00e1 acaparando la atenci\u00f3n no solo dentro de la Iglesia, sino tambi\u00e9n en todos los medios de comunicaci\u00f3n. \u00bfA qu\u00e9 atribuye tanto inter\u00e9s por este S\u00ednodo?<\/strong><\/p>\n<p>El S\u00ednodo para la Amazon\u00eda tiene una larga historia. Es evidente que termina despertando un gran inter\u00e9s porque trata una ecolog\u00eda integral. Esta se extiende a los pueblos originarios que all\u00ed viven, especialmente a los ind\u00edgenas, que son los primeros y leg\u00edtimos propietarios de la Amazon\u00eda. Pero tambi\u00e9n est\u00e1n los habitantes de las riberas de los r\u00edos, los quilombolas (descendientes de los antiguos esclavos de \u00c1frica), los colonos y tantas personas que viven en la regi\u00f3n en busca de una vida mejor. La ecolog\u00eda integral busca estudiar la casa com\u00fan en su conjunto, y la Pan Amazon\u00eda es una realidad que sirve a todo el planeta con sus beneficios. La realidad, en su contexto de casa com\u00fan, se ve afectada por los problemas que causan grandes y graves impactos. Ahora, a\u00f1ado los incendios provocados como un problema serio y una amenaza. Antes no se prestaba mucha atenci\u00f3n al impacto que provoca el fuego; pero despu\u00e9s del incendio, hay deforestaci\u00f3n y tala ilegal, el agronegocio, se envenenan los r\u00edos, con lo que se mata a los peces. Las presas hidroel\u00e9ctricas y la miner\u00eda \u2014con productos t\u00f3xicos como el mercurio\u2014 tambi\u00e9n est\u00e1n matando a los peces. Estamos hablando de alimentos b\u00e1sicos para nuestros pueblos ind\u00edgenas. Todo esto termina comprometiendo la realidad panamaz\u00f3nica en su biodiversidad.<\/p>\n<p>Aqu\u00ed tenemos el contexto general por el cual el tema no se ha restringido s\u00f3lo al debate interno en la Iglesia, sino que de hecho termina involucrando a todo el mundo porque la Amazon\u00eda no est\u00e1 separada; todo est\u00e1 interconectado, todo est\u00e1 relacionado y por lo tanto es un beneficio para el mundo. El Papa Francisco tambi\u00e9n se pregunta qu\u00e9 puede hacer el mundo para salvar a la Amazon\u00eda.<\/p>\n<p><strong>\u00bfQu\u00e9 es el S\u00ednodo de la Amazon\u00eda para usted?<\/strong><\/p>\n<p>Puedo decir que el S\u00ednodo es un Kair\u00f3s. S\u00e9 que el mundo ya ha hablado mucho del tema y el S\u00ednodo est\u00e1 encontrando muchas formas de difusi\u00f3n. Aunque hablen mal, condenen y digan cosas feas sobre el S\u00ednodo, la gran mayor\u00eda ve positivamente esta asamblea especial para la regi\u00f3n Pan Amaz\u00f3nica y para toda la Iglesia. Al estar dentro del proceso de preparaci\u00f3n, uno lo siente.\u00a0 Al que no le gusta, critica, pero en general el S\u00ednodo es un Kair\u00f3s para la Iglesia. Vamos a pedir muchas oraciones para que podamos tener el don del discernimiento.<\/p>\n<p>Hemos escuchado la realidad de la Amazon\u00eda y los clamores de los pueblos, que expresaron sus lamentaciones. Durante la celebraci\u00f3n del S\u00ednodo escucharemos a los cient\u00edficos y sobre todo escucharemos lo que el Esp\u00edritu Santo tenga que decir a las Iglesias que est\u00e1n en la Amazon\u00eda.<\/p>\n<p>Es importante recordar que el S\u00ednodo no es deliberativo; por su reglamento es consultivo. Pero que no nos falte valor para proponer nuevos caminos para la Iglesia y para una ecolog\u00eda integral. Que este gran acontecimiento ayude al Papa Francisco a tomar las decisiones necesarias y nos d\u00e9 una direcci\u00f3n segura que responda a esta bendita realidad que es nuestra amada Amazon\u00eda.<\/p>\n<figure id=\"attachment_56618\" aria-describedby=\"caption-attachment-56618\" style=\"width: 420px\" class=\"wp-caption aligncenter\"><img loading=\"lazy\" decoding=\"async\" class=\"wp-image-56618 size-medium\" src=\"https:\/\/media.acninternational.org\/wp-content\/uploads\/2019\/09\/WEBSITE_template_gallery-2.jpg\" alt=\"&quot;No entiendo la raz\u00f3n de esta cultura del fuego para limpiar los pastos&quot;.\" width=\"420\" height=\"280\" \/><figcaption id=\"caption-attachment-56618\" class=\"wp-caption-text\">\u00abNo entiendo la raz\u00f3n de esta cultura del fuego para limpiar los pastos\u00bb.<\/figcaption><\/figure>\n<p><strong>\u00bfQu\u00e9 se necesita para que la Iglesia no est\u00e9 en todas la Amazonia tan solo \u201cde visita\u201d?<\/strong><\/p>\n<p>Nosotros importamos procesos de evangelizaci\u00f3n de hombres y mujeres que vinieron de fuera, que dieron su vida; muchos de ellos son m\u00e1rtires de la Amazon\u00eda. Muchos de los proyectos que fueron importados no fueron siempre los mejores; eran proyectos de colonizaci\u00f3n, de dominaci\u00f3n, y no se ten\u00eda en cuenta el potencial que hab\u00eda all\u00ed. En otras palabras, no tuvieron en cuenta el rostro amaz\u00f3nico, que se convirti\u00f3 en protagonista de su propio proyecto de evangelizaci\u00f3n a trav\u00e9s de la inculturaci\u00f3n del Evangelio encarnado en la realidad de las \u201csemillas del verbo\u201d presentes en los pueblos ind\u00edgenas, ribere\u00f1os, de asentamientos, y en todos los pueblos que habitan esta regi\u00f3n. Por lo tanto, para tener una Iglesia m\u00e1s permanente, m\u00e1s eficaz y m\u00e1s presente, con cercan\u00eda a las personas, a los pueblos, a los grupos, en la formaci\u00f3n religiosa, pero tambi\u00e9n en la organizaci\u00f3n de la comunidad, es necesario multiplicar los dones, los carismas, los ministerios, las personas.\u00a0 Por supuesto que hay que tener en cuenta el bautismo como punto de partida de todo, una Iglesia bautismal y colegial, diferente de una Iglesia clerical. Con esto, quiero decir que el documento Instrumentum laboris pone sobre la mesa del Papa una apertura a esta llamada.<\/p>\n<p>El celibato nunca se extinguir\u00e1, porque siempre ser\u00e1 un don para la Iglesia; pero tambi\u00e9n creo que la Iglesia puede pensar desde la teolog\u00eda de la espiritualidad, de la pastoral, de la exigencia de otras nuevas formas de asegurar una presencia m\u00e1s continua junto al Pueblo de Dios que vaya m\u00e1s all\u00e1 de esa idea de la Iglesia \u201cde visita\u201d. Tenemos que estar m\u00e1s cerca, m\u00e1s pr\u00f3ximos, y para ello tenemos que valorar las ideas en las que se ha trabajado durante mucho tiempo; por ejemplo, la idea de un sacerdote comunitario, de alguien que tenga el rostro de la comunidad, el rostro amaz\u00f3nico, alguien que viva all\u00ed y que conozca a todos los miembros de la comunidad y que pueda hacer que el proceso de evangelizaci\u00f3n sea mucho m\u00e1s eficaz.<\/p>\n<p><strong>Colniza, una de las ciudades de su di\u00f3cesis, es uno de los municipios del pa\u00eds que m\u00e1s sufre con los incendios. \u00bfC\u00f3mo es la situaci\u00f3n actualmente?<\/strong><\/p>\n<p>Los incendios han sido terribles. Siempre se han hecho, pero este a\u00f1o fueron excesivos; la regi\u00f3n de Colniza y Guariba se encuentra entre las estad\u00edsticas de los municipios donde m\u00e1s se produjeron durante este a\u00f1o. No entiendo la raz\u00f3n de esta cultura del fuego para limpiar los pastos. En mi conciencia no podemos admitir que el fuego se convierta en algo cultural, porque es mucho m\u00e1s destructivo que beneficioso. He estado en Mato Grosso durante diecisiete a\u00f1os y he podido apreciar que este a\u00f1o ha superado con creces los otros a\u00f1os. Muchos incendios son incluso criminales; otros fueron accidentales, pero causaron una gran p\u00e9rdida en la regi\u00f3n. Existe incluso \u201cel d\u00eda del fuego\u201d, organizado por un grupo de delincuentes. La regi\u00f3n teme represalias en las relaciones comerciales internacionales. Tratamos de desarrollar una conciencia en colaboraci\u00f3n con el personal del IBAMA (Instituto Brasile\u00f1o de Medio Ambiente y Recursos Naturales Renovables), con el personal del sindicato forestal, con el cuerpo de bomberos, que siempre desarrolla campa\u00f1as de orientaci\u00f3n para prevenir; nos sumamos a ellos; tambi\u00e9n utilizamos nuestra fuerza evangelizadora para llamar la atenci\u00f3n sobre la responsabilidad frente a este grave riesgo que es la destrucci\u00f3n de la naturaleza por medio del fuego.<\/p>\n<figure id=\"attachment_56621\" aria-describedby=\"caption-attachment-56621\" style=\"width: 420px\" class=\"wp-caption aligncenter\"><img loading=\"lazy\" decoding=\"async\" class=\"wp-image-56621 size-medium\" src=\"https:\/\/media.acninternational.org\/wp-content\/uploads\/2019\/11\/WEBSITE_template_gallery3.jpg\" alt=\"S\u00ednodo del Amazonas: \u00abLos ind\u00edgenas tienen a Dios con ellos desde hace mucho tiempo\u00bb.\" width=\"420\" height=\"280\" \/><figcaption id=\"caption-attachment-56621\" class=\"wp-caption-text\">S\u00ednodo del Amazonas: \u00abLos ind\u00edgenas tienen a Dios con ellos desde hace mucho tiempo\u00bb.<\/figcaption><\/figure>\n<p><strong>ACN apoya proyectos pastorales en la Amazon\u00eda desde hace m\u00e1s de 40 a\u00f1os. Entre las di\u00f3cesis que reciben ayuda se encuentra tambi\u00e9n la suya, Ju\u00edna. \u00bfQue beneficios de estos proyectos ve en su pueblo?<\/strong><\/p>\n<p>Esta di\u00f3cesis se ha beneficiado enormemente de los proyectos en los que ACN ha colaborado. Desde la formaci\u00f3n catequ\u00e9tica, la pastoral de la familia, de la juventud, de los ni\u00f1os, las campa\u00f1as de distribuci\u00f3n de 2.000 Biblias, el material de evangelizaci\u00f3n, los rosarios infantiles y la ayuda en el proyecto de energ\u00eda solar; despu\u00e9s de todo, en el S\u00ednodo Amaz\u00f3nico no se puede pensar solo en la destrucci\u00f3n de la selva y en la construcci\u00f3n de presas hidroel\u00e9ctricas para obtener energ\u00eda. No, es necesario crear alternativas y la energ\u00eda solar es una de ellas. ACN ha ayudado mucho tambi\u00e9n en este sentido.<\/p>\n<p>Sobre la importancia de la formaci\u00f3n: recientemente tuvimos unas clases de \u00e9tica con el grupo de la escuela de formaci\u00f3n, con la idea de tener di\u00e1conos permanentes en un futuro cercano. Ya tenemos 10 di\u00e1conos que ejercen el ministerio. Es una escuela mixta: tenemos m\u00e1s de 20 ind\u00edgenas y 15 que no son ind\u00edgenas. En la escuela de formaci\u00f3n, tenemos agentes vinculados a los pueblos ribere\u00f1os y l\u00edderes de nuestras comunidades. Gracias a la ayuda de ACN nos sentimos dentro de esta realidad amaz\u00f3nica y sentimos este apoyo, ayudados con proyectos de evangelizaci\u00f3n y al mismo tiempo proyectos que buscan construir y formar a personas evangelizadoras para la regi\u00f3n.<\/p>\n","protected":false},"excerpt":{"rendered":"<p>El S\u00ednodo para la Amazon\u00eda tiene lugar del 6 al 27 de octubre en el Vaticano. Es un S\u00ednodo que<\/p>\n","protected":false},"author":4258341447,"featured_media":122689,"comment_status":"open","ping_status":"open","sticky":false,"template":"","format":"standard","meta":{"_acf_changed":false,"_acn_coauthor_ids":[],"footnotes":""},"categories":[745],"tags":[],"country":[376],"class_list":["post-122688","post","type-post","status-publish","format-standard","has-post-thumbnail","hentry","category-entrevistas","country-brasil"],"acn_coauthors":[],"acf":[],"yoast_head":"<!-- This site is optimized with the Yoast SEO Premium plugin v27.3 (Yoast SEO v27.3) - https:\/\/yoast.com\/product\/yoast-seo-premium-wordpress\/ -->\n<title>S\u00ednodo del Amazonas: \u00abLos ind\u00edgenas tienen a Dios con ellos desde hace mucho tiempo\u00bb | ACN International<\/title>\n<meta name=\"robots\" content=\"index, follow, max-snippet:-1, max-image-preview:large, max-video-preview:-1\" \/>\n<link rel=\"canonical\" href=\"https:\/\/acninternational.org\/es\/sinodo-del-amazonas-los-indigenas-tienen-a-dios-con-ellos-desde-hace-mucho-tiempo\/\" \/>\n<meta property=\"og:locale\" content=\"es_ES\" \/>\n<meta property=\"og:type\" content=\"article\" \/>\n<meta property=\"og:title\" content=\"S\u00ednodo del Amazonas: \u00abLos ind\u00edgenas tienen a Dios con ellos desde hace mucho tiempo\u00bb\" \/>\n<meta property=\"og:description\" content=\"El S\u00ednodo para la Amazon\u00eda tiene lugar del 6 al 27 de octubre en el Vaticano. Es un S\u00ednodo que\" \/>\n<meta property=\"og:url\" content=\"https:\/\/acninternational.org\/es\/sinodo-del-amazonas-los-indigenas-tienen-a-dios-con-ellos-desde-hace-mucho-tiempo\/\" \/>\n<meta property=\"og:site_name\" content=\"ACN International\" \/>\n<meta property=\"article:publisher\" content=\"https:\/\/www.facebook.com\/acninternationalorg\" \/>\n<meta property=\"article:published_time\" content=\"2019-10-09T22:00:00+00:00\" \/>\n<meta property=\"og:image\" content=\"https:\/\/media.acninternational.org\/wp-content\/uploads\/2019\/11\/S%C3%ADnodo-del-Amazonas-%C2%ABLos-ind%C3%ADgenas-tienen-a-Dios-con-ellos-desde-hace-mucho-tiempo%C2%BB-image.jpg\" \/>\n\t<meta property=\"og:image:width\" content=\"1200\" \/>\n\t<meta property=\"og:image:height\" content=\"628\" \/>\n\t<meta property=\"og:image:type\" content=\"image\/jpeg\" \/>\n<meta name=\"author\" content=\"ACN Press Team\" \/>\n<meta name=\"twitter:card\" content=\"summary_large_image\" \/>\n<meta name=\"twitter:creator\" content=\"@acn_int\" \/>\n<meta name=\"twitter:site\" content=\"@acn_int\" \/>\n<meta name=\"twitter:label1\" content=\"Escrito por\" \/>\n\t<meta name=\"twitter:data1\" content=\"ACN Press Team\" \/>\n\t<meta name=\"twitter:label2\" content=\"Tiempo de lectura\" \/>\n\t<meta name=\"twitter:data2\" content=\"8 minutos\" \/>\n<script type=\"application\/ld+json\" class=\"yoast-schema-graph\">{\"@context\":\"https:\\\/\\\/schema.org\",\"@graph\":[{\"@type\":\"Article\",\"@id\":\"https:\\\/\\\/acninternational.org\\\/es\\\/sinodo-del-amazonas-los-indigenas-tienen-a-dios-con-ellos-desde-hace-mucho-tiempo\\\/#article\",\"isPartOf\":{\"@id\":\"https:\\\/\\\/acninternational.org\\\/es\\\/sinodo-del-amazonas-los-indigenas-tienen-a-dios-con-ellos-desde-hace-mucho-tiempo\\\/\"},\"author\":{\"name\":\"ACN Press Team\",\"@id\":\"https:\\\/\\\/acninternational.org\\\/es\\\/#\\\/schema\\\/person\\\/7f3dafb236b242fb2aa46be1411fd703\"},\"headline\":\"S\u00ednodo del Amazonas: \u00abLos ind\u00edgenas tienen a Dios con ellos desde hace mucho tiempo\u00bb\",\"datePublished\":\"2019-10-09T22:00:00+00:00\",\"mainEntityOfPage\":{\"@id\":\"https:\\\/\\\/acninternational.org\\\/es\\\/sinodo-del-amazonas-los-indigenas-tienen-a-dios-con-ellos-desde-hace-mucho-tiempo\\\/\"},\"wordCount\":1694,\"commentCount\":0,\"publisher\":{\"@id\":\"https:\\\/\\\/acninternational.org\\\/es\\\/#organization\"},\"image\":{\"@id\":\"https:\\\/\\\/acninternational.org\\\/es\\\/sinodo-del-amazonas-los-indigenas-tienen-a-dios-con-ellos-desde-hace-mucho-tiempo\\\/#primaryimage\"},\"thumbnailUrl\":\"https:\\\/\\\/media.acninternational.org\\\/wp-content\\\/uploads\\\/2019\\\/11\\\/S%C3%ADnodo-del-Amazonas-%C2%ABLos-ind%C3%ADgenas-tienen-a-Dios-con-ellos-desde-hace-mucho-tiempo%C2%BB-image.jpg\",\"articleSection\":[\"ENTREVISTAS\"],\"inLanguage\":\"es\",\"potentialAction\":[{\"@type\":\"CommentAction\",\"name\":\"Comment\",\"target\":[\"https:\\\/\\\/acninternational.org\\\/es\\\/sinodo-del-amazonas-los-indigenas-tienen-a-dios-con-ellos-desde-hace-mucho-tiempo\\\/#respond\"]}]},{\"@type\":\"WebPage\",\"@id\":\"https:\\\/\\\/acninternational.org\\\/es\\\/sinodo-del-amazonas-los-indigenas-tienen-a-dios-con-ellos-desde-hace-mucho-tiempo\\\/\",\"url\":\"https:\\\/\\\/acninternational.org\\\/es\\\/sinodo-del-amazonas-los-indigenas-tienen-a-dios-con-ellos-desde-hace-mucho-tiempo\\\/\",\"name\":\"S\u00ednodo del Amazonas: \u00abLos ind\u00edgenas tienen a Dios con ellos desde hace mucho tiempo\u00bb | ACN International\",\"isPartOf\":{\"@id\":\"https:\\\/\\\/acninternational.org\\\/es\\\/#website\"},\"primaryImageOfPage\":{\"@id\":\"https:\\\/\\\/acninternational.org\\\/es\\\/sinodo-del-amazonas-los-indigenas-tienen-a-dios-con-ellos-desde-hace-mucho-tiempo\\\/#primaryimage\"},\"image\":{\"@id\":\"https:\\\/\\\/acninternational.org\\\/es\\\/sinodo-del-amazonas-los-indigenas-tienen-a-dios-con-ellos-desde-hace-mucho-tiempo\\\/#primaryimage\"},\"thumbnailUrl\":\"https:\\\/\\\/media.acninternational.org\\\/wp-content\\\/uploads\\\/2019\\\/11\\\/S%C3%ADnodo-del-Amazonas-%C2%ABLos-ind%C3%ADgenas-tienen-a-Dios-con-ellos-desde-hace-mucho-tiempo%C2%BB-image.jpg\",\"datePublished\":\"2019-10-09T22:00:00+00:00\",\"breadcrumb\":{\"@id\":\"https:\\\/\\\/acninternational.org\\\/es\\\/sinodo-del-amazonas-los-indigenas-tienen-a-dios-con-ellos-desde-hace-mucho-tiempo\\\/#breadcrumb\"},\"inLanguage\":\"es\",\"potentialAction\":[{\"@type\":\"ReadAction\",\"target\":[\"https:\\\/\\\/acninternational.org\\\/es\\\/sinodo-del-amazonas-los-indigenas-tienen-a-dios-con-ellos-desde-hace-mucho-tiempo\\\/\"]}]},{\"@type\":\"ImageObject\",\"inLanguage\":\"es\",\"@id\":\"https:\\\/\\\/acninternational.org\\\/es\\\/sinodo-del-amazonas-los-indigenas-tienen-a-dios-con-ellos-desde-hace-mucho-tiempo\\\/#primaryimage\",\"url\":\"https:\\\/\\\/media.acninternational.org\\\/wp-content\\\/uploads\\\/2019\\\/11\\\/S%C3%ADnodo-del-Amazonas-%C2%ABLos-ind%C3%ADgenas-tienen-a-Dios-con-ellos-desde-hace-mucho-tiempo%C2%BB-image.jpg\",\"contentUrl\":\"https:\\\/\\\/media.acninternational.org\\\/wp-content\\\/uploads\\\/2019\\\/11\\\/S%C3%ADnodo-del-Amazonas-%C2%ABLos-ind%C3%ADgenas-tienen-a-Dios-con-ellos-desde-hace-mucho-tiempo%C2%BB-image.jpg\",\"width\":1200,\"height\":628,\"caption\":\"S\u00ednodo del Amazonas: \u00abLos ind\u00edgenas tienen a Dios con ellos desde hace mucho tiempo\u00bb\"},{\"@type\":\"BreadcrumbList\",\"@id\":\"https:\\\/\\\/acninternational.org\\\/es\\\/sinodo-del-amazonas-los-indigenas-tienen-a-dios-con-ellos-desde-hace-mucho-tiempo\\\/#breadcrumb\",\"itemListElement\":[{\"@type\":\"ListItem\",\"position\":1,\"name\":\"Home\",\"item\":\"https:\\\/\\\/acninternational.org\\\/es\\\/\"},{\"@type\":\"ListItem\",\"position\":2,\"name\":\"ENTREVISTAS\",\"item\":\"https:\\\/\\\/acninternational.org\\\/es\\\/category\\\/entrevistas\\\/\"},{\"@type\":\"ListItem\",\"position\":3,\"name\":\"S\u00ednodo del Amazonas: \u00abLos ind\u00edgenas tienen a Dios con ellos desde hace mucho tiempo\u00bb\"}]},{\"@type\":\"WebSite\",\"@id\":\"https:\\\/\\\/acninternational.org\\\/es\\\/#website\",\"url\":\"https:\\\/\\\/acninternational.org\\\/es\\\/\",\"name\":\"ACN International\",\"description\":\"\",\"publisher\":{\"@id\":\"https:\\\/\\\/acninternational.org\\\/es\\\/#organization\"},\"potentialAction\":[{\"@type\":\"SearchAction\",\"target\":{\"@type\":\"EntryPoint\",\"urlTemplate\":\"https:\\\/\\\/acninternational.org\\\/es\\\/?s={search_term_string}\"},\"query-input\":{\"@type\":\"PropertyValueSpecification\",\"valueRequired\":true,\"valueName\":\"search_term_string\"}}],\"inLanguage\":\"es\"},{\"@type\":\"Organization\",\"@id\":\"https:\\\/\\\/acninternational.org\\\/es\\\/#organization\",\"name\":\"Aid to the Church in Need International\",\"url\":\"https:\\\/\\\/acninternational.org\\\/es\\\/\",\"logo\":{\"@type\":\"ImageObject\",\"inLanguage\":\"es\",\"@id\":\"https:\\\/\\\/acninternational.org\\\/es\\\/#\\\/schema\\\/logo\\\/image\\\/\",\"url\":\"https:\\\/\\\/media.acninternational.org\\\/wp-content\\\/uploads\\\/2019\\\/11\\\/acn_logo_blackvector.svg\",\"contentUrl\":\"https:\\\/\\\/media.acninternational.org\\\/wp-content\\\/uploads\\\/2019\\\/11\\\/acn_logo_blackvector.svg\",\"width\":232.6,\"height\":78,\"caption\":\"Aid to the Church in Need International\"},\"image\":{\"@id\":\"https:\\\/\\\/acninternational.org\\\/es\\\/#\\\/schema\\\/logo\\\/image\\\/\"},\"sameAs\":[\"https:\\\/\\\/www.facebook.com\\\/acninternationalorg\",\"https:\\\/\\\/x.com\\\/acn_int\",\"https:\\\/\\\/www.youtube.com\\\/channel\\\/UCQ-077gS0TnVzkhHmf1opZw\",\"https:\\\/\\\/www.instagram.com\\\/acn_international\\\/\"]},{\"@type\":\"Person\",\"@id\":\"https:\\\/\\\/acninternational.org\\\/es\\\/#\\\/schema\\\/person\\\/7f3dafb236b242fb2aa46be1411fd703\",\"name\":\"ACN Press Team\",\"description\":\"Lorem ipsum dolor sit amet, consectetur adipiscing elit, sed do eiusmod tempor incididunt ut labore et dolore magna aliqua. Ut enim ad minim veniam, quis nostrud exercitation ullamco laboris nisi ut aliquip ex ea commodo consequat.\",\"url\":\"https:\\\/\\\/acninternational.org\\\/es\\\/author\\\/acn-press-team\\\/\"}]}<\/script>\n<!-- \/ Yoast SEO Premium plugin. -->","yoast_head_json":{"title":"S\u00ednodo del Amazonas: \u00abLos ind\u00edgenas tienen a Dios con ellos desde hace mucho tiempo\u00bb | ACN International","robots":{"index":"index","follow":"follow","max-snippet":"max-snippet:-1","max-image-preview":"max-image-preview:large","max-video-preview":"max-video-preview:-1"},"canonical":"https:\/\/acninternational.org\/es\/sinodo-del-amazonas-los-indigenas-tienen-a-dios-con-ellos-desde-hace-mucho-tiempo\/","og_locale":"es_ES","og_type":"article","og_title":"S\u00ednodo del Amazonas: \u00abLos ind\u00edgenas tienen a Dios con ellos desde hace mucho tiempo\u00bb","og_description":"El S\u00ednodo para la Amazon\u00eda tiene lugar del 6 al 27 de octubre en el Vaticano. Es un S\u00ednodo que","og_url":"https:\/\/acninternational.org\/es\/sinodo-del-amazonas-los-indigenas-tienen-a-dios-con-ellos-desde-hace-mucho-tiempo\/","og_site_name":"ACN International","article_publisher":"https:\/\/www.facebook.com\/acninternationalorg","article_published_time":"2019-10-09T22:00:00+00:00","og_image":[{"width":1200,"height":628,"url":"https:\/\/media.acninternational.org\/wp-content\/uploads\/2019\/11\/S%C3%ADnodo-del-Amazonas-%C2%ABLos-ind%C3%ADgenas-tienen-a-Dios-con-ellos-desde-hace-mucho-tiempo%C2%BB-image.jpg","type":"image\/jpeg"}],"author":"ACN Press Team","twitter_card":"summary_large_image","twitter_creator":"@acn_int","twitter_site":"@acn_int","twitter_misc":{"Escrito por":"ACN Press Team","Tiempo de lectura":"8 minutos"},"schema":{"@context":"https:\/\/schema.org","@graph":[{"@type":"Article","@id":"https:\/\/acninternational.org\/es\/sinodo-del-amazonas-los-indigenas-tienen-a-dios-con-ellos-desde-hace-mucho-tiempo\/#article","isPartOf":{"@id":"https:\/\/acninternational.org\/es\/sinodo-del-amazonas-los-indigenas-tienen-a-dios-con-ellos-desde-hace-mucho-tiempo\/"},"author":{"name":"ACN Press Team","@id":"https:\/\/acninternational.org\/es\/#\/schema\/person\/7f3dafb236b242fb2aa46be1411fd703"},"headline":"S\u00ednodo del Amazonas: \u00abLos ind\u00edgenas tienen a Dios con ellos desde hace mucho tiempo\u00bb","datePublished":"2019-10-09T22:00:00+00:00","mainEntityOfPage":{"@id":"https:\/\/acninternational.org\/es\/sinodo-del-amazonas-los-indigenas-tienen-a-dios-con-ellos-desde-hace-mucho-tiempo\/"},"wordCount":1694,"commentCount":0,"publisher":{"@id":"https:\/\/acninternational.org\/es\/#organization"},"image":{"@id":"https:\/\/acninternational.org\/es\/sinodo-del-amazonas-los-indigenas-tienen-a-dios-con-ellos-desde-hace-mucho-tiempo\/#primaryimage"},"thumbnailUrl":"https:\/\/media.acninternational.org\/wp-content\/uploads\/2019\/11\/S%C3%ADnodo-del-Amazonas-%C2%ABLos-ind%C3%ADgenas-tienen-a-Dios-con-ellos-desde-hace-mucho-tiempo%C2%BB-image.jpg","articleSection":["ENTREVISTAS"],"inLanguage":"es","potentialAction":[{"@type":"CommentAction","name":"Comment","target":["https:\/\/acninternational.org\/es\/sinodo-del-amazonas-los-indigenas-tienen-a-dios-con-ellos-desde-hace-mucho-tiempo\/#respond"]}]},{"@type":"WebPage","@id":"https:\/\/acninternational.org\/es\/sinodo-del-amazonas-los-indigenas-tienen-a-dios-con-ellos-desde-hace-mucho-tiempo\/","url":"https:\/\/acninternational.org\/es\/sinodo-del-amazonas-los-indigenas-tienen-a-dios-con-ellos-desde-hace-mucho-tiempo\/","name":"S\u00ednodo del Amazonas: \u00abLos ind\u00edgenas tienen a Dios con ellos desde hace mucho tiempo\u00bb | ACN International","isPartOf":{"@id":"https:\/\/acninternational.org\/es\/#website"},"primaryImageOfPage":{"@id":"https:\/\/acninternational.org\/es\/sinodo-del-amazonas-los-indigenas-tienen-a-dios-con-ellos-desde-hace-mucho-tiempo\/#primaryimage"},"image":{"@id":"https:\/\/acninternational.org\/es\/sinodo-del-amazonas-los-indigenas-tienen-a-dios-con-ellos-desde-hace-mucho-tiempo\/#primaryimage"},"thumbnailUrl":"https:\/\/media.acninternational.org\/wp-content\/uploads\/2019\/11\/S%C3%ADnodo-del-Amazonas-%C2%ABLos-ind%C3%ADgenas-tienen-a-Dios-con-ellos-desde-hace-mucho-tiempo%C2%BB-image.jpg","datePublished":"2019-10-09T22:00:00+00:00","breadcrumb":{"@id":"https:\/\/acninternational.org\/es\/sinodo-del-amazonas-los-indigenas-tienen-a-dios-con-ellos-desde-hace-mucho-tiempo\/#breadcrumb"},"inLanguage":"es","potentialAction":[{"@type":"ReadAction","target":["https:\/\/acninternational.org\/es\/sinodo-del-amazonas-los-indigenas-tienen-a-dios-con-ellos-desde-hace-mucho-tiempo\/"]}]},{"@type":"ImageObject","inLanguage":"es","@id":"https:\/\/acninternational.org\/es\/sinodo-del-amazonas-los-indigenas-tienen-a-dios-con-ellos-desde-hace-mucho-tiempo\/#primaryimage","url":"https:\/\/media.acninternational.org\/wp-content\/uploads\/2019\/11\/S%C3%ADnodo-del-Amazonas-%C2%ABLos-ind%C3%ADgenas-tienen-a-Dios-con-ellos-desde-hace-mucho-tiempo%C2%BB-image.jpg","contentUrl":"https:\/\/media.acninternational.org\/wp-content\/uploads\/2019\/11\/S%C3%ADnodo-del-Amazonas-%C2%ABLos-ind%C3%ADgenas-tienen-a-Dios-con-ellos-desde-hace-mucho-tiempo%C2%BB-image.jpg","width":1200,"height":628,"caption":"S\u00ednodo del Amazonas: \u00abLos ind\u00edgenas tienen a Dios con ellos desde hace mucho tiempo\u00bb"},{"@type":"BreadcrumbList","@id":"https:\/\/acninternational.org\/es\/sinodo-del-amazonas-los-indigenas-tienen-a-dios-con-ellos-desde-hace-mucho-tiempo\/#breadcrumb","itemListElement":[{"@type":"ListItem","position":1,"name":"Home","item":"https:\/\/acninternational.org\/es\/"},{"@type":"ListItem","position":2,"name":"ENTREVISTAS","item":"https:\/\/acninternational.org\/es\/category\/entrevistas\/"},{"@type":"ListItem","position":3,"name":"S\u00ednodo del Amazonas: \u00abLos ind\u00edgenas tienen a Dios con ellos desde hace mucho tiempo\u00bb"}]},{"@type":"WebSite","@id":"https:\/\/acninternational.org\/es\/#website","url":"https:\/\/acninternational.org\/es\/","name":"ACN International","description":"","publisher":{"@id":"https:\/\/acninternational.org\/es\/#organization"},"potentialAction":[{"@type":"SearchAction","target":{"@type":"EntryPoint","urlTemplate":"https:\/\/acninternational.org\/es\/?s={search_term_string}"},"query-input":{"@type":"PropertyValueSpecification","valueRequired":true,"valueName":"search_term_string"}}],"inLanguage":"es"},{"@type":"Organization","@id":"https:\/\/acninternational.org\/es\/#organization","name":"Aid to the Church in Need International","url":"https:\/\/acninternational.org\/es\/","logo":{"@type":"ImageObject","inLanguage":"es","@id":"https:\/\/acninternational.org\/es\/#\/schema\/logo\/image\/","url":"https:\/\/media.acninternational.org\/wp-content\/uploads\/2019\/11\/acn_logo_blackvector.svg","contentUrl":"https:\/\/media.acninternational.org\/wp-content\/uploads\/2019\/11\/acn_logo_blackvector.svg","width":232.6,"height":78,"caption":"Aid to the Church in Need International"},"image":{"@id":"https:\/\/acninternational.org\/es\/#\/schema\/logo\/image\/"},"sameAs":["https:\/\/www.facebook.com\/acninternationalorg","https:\/\/x.com\/acn_int","https:\/\/www.youtube.com\/channel\/UCQ-077gS0TnVzkhHmf1opZw","https:\/\/www.instagram.com\/acn_international\/"]},{"@type":"Person","@id":"https:\/\/acninternational.org\/es\/#\/schema\/person\/7f3dafb236b242fb2aa46be1411fd703","name":"ACN Press Team","description":"Lorem ipsum dolor sit amet, consectetur adipiscing elit, sed do eiusmod tempor incididunt ut labore et dolore magna aliqua. Ut enim ad minim veniam, quis nostrud exercitation ullamco laboris nisi ut aliquip ex ea commodo consequat.","url":"https:\/\/acninternational.org\/es\/author\/acn-press-team\/"}]}},"_links":{"self":[{"href":"https:\/\/acninternational.org\/es\/wp-json\/wp\/v2\/posts\/122688","targetHints":{"allow":["GET"]}}],"collection":[{"href":"https:\/\/acninternational.org\/es\/wp-json\/wp\/v2\/posts"}],"about":[{"href":"https:\/\/acninternational.org\/es\/wp-json\/wp\/v2\/types\/post"}],"author":[{"embeddable":true,"href":"https:\/\/acninternational.org\/es\/wp-json\/wp\/v2\/users\/4258341447"}],"replies":[{"embeddable":true,"href":"https:\/\/acninternational.org\/es\/wp-json\/wp\/v2\/comments?post=122688"}],"version-history":[{"count":0,"href":"https:\/\/acninternational.org\/es\/wp-json\/wp\/v2\/posts\/122688\/revisions"}],"wp:featuredmedia":[{"embeddable":true,"href":"https:\/\/acninternational.org\/es\/wp-json\/wp\/v2\/media\/122689"}],"wp:attachment":[{"href":"https:\/\/acninternational.org\/es\/wp-json\/wp\/v2\/media?parent=122688"}],"wp:term":[{"taxonomy":"category","embeddable":true,"href":"https:\/\/acninternational.org\/es\/wp-json\/wp\/v2\/categories?post=122688"},{"taxonomy":"post_tag","embeddable":true,"href":"https:\/\/acninternational.org\/es\/wp-json\/wp\/v2\/tags?post=122688"},{"taxonomy":"country","embeddable":true,"href":"https:\/\/acninternational.org\/es\/wp-json\/wp\/v2\/country?post=122688"}],"curies":[{"name":"wp","href":"https:\/\/api.w.org\/{rel}","templated":true}]}}