{"id":122649,"date":"2019-09-12T00:00:00","date_gmt":"2019-09-11T22:00:00","guid":{"rendered":"https:\/\/acninternational.org\/siria-un-joven-supera-los-dias-mas-oscuros-de-la-guerra-civil-gracias-a-la-fe\/"},"modified":"2019-09-12T00:00:00","modified_gmt":"2019-09-11T22:00:00","slug":"siria-un-joven-supera-los-dias-mas-oscuros-de-la-guerra-civil-gracias-a-la-fe","status":"publish","type":"post","link":"https:\/\/acninternational.org\/es\/siria-un-joven-supera-los-dias-mas-oscuros-de-la-guerra-civil-gracias-a-la-fe\/","title":{"rendered":"Siria: un j\u00f3ven supera los d\u00edas m\u00e1s oscuros de la guerra civil gracias a la fe"},"content":{"rendered":"<p><em>Piter Essa, un cristiano siro-ortodoxo de 17 a\u00f1os de edad, termin\u00f3 su Bachillerato en Alepo, Siria, esta primavera. Piter cuenta a Ayuda a la Iglesia Necesitada (ACN) algunas de sus dolorosas experiencias en el conflicto de los \u00faltimos ocho a\u00f1os: <\/em><\/p>\n<p>\u201cHe sobrevivido a esta horrible guerra, y ahora empiezo a vivir mi vida como antes. Mi escuela no cerr\u00f3 en ning\u00fan momento, por lo que pude continuar con mis estudios; este a\u00f1o he terminado el Bachillerato.<\/p>\n<p>\u201cTuve que separarme de muchos amigos que se vieron obligados a huir. Yo, personalmente, experiment\u00e9 la violencia en forma de fuego de mortero y misiles, que causaron da\u00f1os f\u00edsicos y psicol\u00f3gicos. Trat\u00e9 de mantenerme fuerte por mis seres queridos: yo les cubr\u00eda las espaldas y les dec\u00eda que todo acabar\u00eda bien, incluso cuando yo mismo no me lo acababa de creer del todo.<\/p>\n<figure id=\"attachment_55955\" aria-describedby=\"caption-attachment-55955\" style=\"width: 420px\" class=\"wp-caption aligncenter\"><img loading=\"lazy\" decoding=\"async\" class=\"wp-image-55955 size-medium\" src=\"https:\/\/media.acninternational.org\/wp-content\/uploads\/2019\/09\/WEBSITE_template_gallery-8.jpg\" alt=\"Piter Essa, un cristiano siro-ortodoxo de 17 a\u00f1os de edad.\" width=\"420\" height=\"280\" \/><figcaption id=\"caption-attachment-55955\" class=\"wp-caption-text\">Piter Essa, un cristiano siro-ortodoxo de 17 a\u00f1os de edad.<\/figcaption><\/figure>\n<p>\u201cQuiero mencionar aqu\u00ed un incidente, uno de los muchos similares que ocurrieron durante la guerra: un d\u00eda, cuando estaba ayudando a mi pap\u00e1 con las compras y est\u00e1bamos caminando y charlando tranquilamente, una enorme nube de fuego apareci\u00f3 frente a m\u00ed. Fue una explosi\u00f3n de mortero. Solo o\u00eda a beb\u00e9s gritando y un silbido agudo; no se ve\u00eda nada m\u00e1s que cad\u00e1veres, y hab\u00eda sangre por todas partes. Mi padre y yo corrimos sin mirar atr\u00e1s y no nos detuvimos hasta que llegamos a una zona segura.<\/p>\n<p>\u201cEn ese momento, no estaba enfadado ni triste. Estaba aterrorizado. No hab\u00eda visto nada parecido antes, excepto en las pel\u00edculas. Fue horrible, y es algo que me persigue hasta hoy. A veces sue\u00f1o con ese d\u00eda, con la gente inocente asesinada por nada, absolutamente nada.<\/p>\n<p>\u201cEl momento m\u00e1s triste lleg\u00f3 cuando tuvimos que irnos de casa. Estaban cayendo demasiadas bombas a nuestro alrededor, y no pod\u00edamos seguir arriesgando nuestras vidas. As\u00ed que nos mudamos a otro barrio.<\/p>\n<p>\u201cRezar me ayud\u00f3 a seguir adelante, al igual que el apoyo de mi familia; ellos se ocuparon de m\u00ed y me permitieron llevar una vida de adolescente. Mis pasatiempos tambi\u00e9n me distrajeron de la violencia: escuchaba m\u00fasica todo el tiempo porque esta me ofrec\u00eda una v\u00eda de escape de lo que est\u00e1bamos pasando. Tambi\u00e9n llevaba un crucifijo colgado del cuello para recordar que, incluso cuando me sent\u00eda perdido, no estaba solo.<\/p>\n<figure id=\"attachment_55956\" aria-describedby=\"caption-attachment-55956\" style=\"width: 420px\" class=\"wp-caption aligncenter\"><img loading=\"lazy\" decoding=\"async\" class=\"wp-image-55956 size-medium\" src=\"https:\/\/media.acninternational.org\/wp-content\/uploads\/2019\/09\/WEBSITE_template_gallery2-7.jpg\" alt=\"Siria: un j\u00f3ven supera los d\u00edas m\u00e1s oscuros de la guerra civil gracias a la fe.\" width=\"420\" height=\"280\" \/><figcaption id=\"caption-attachment-55956\" class=\"wp-caption-text\">Siria: un j\u00f3ven supera los d\u00edas m\u00e1s oscuros de la guerra civil gracias a la fe.<\/figcaption><\/figure>\n<p>\u201cHoy me siento seguro de nuevo. Ya no hay fuego de mortero, misiles, explosiones o gritos, y mi comunidad est\u00e1 saliendo adelante. He encontrado verdaderos amigos que me entienden y aceptan como soy, y la fe de mi familia ha perdurado. Amo a mi pa\u00eds y su historia. Me siento conectado a \u00e9l.<\/p>\n<p>\u201cTengo previsto estudiar en el extranjero y especializarme en el \u00e1mbito de la Inteligencia Artificial. Despu\u00e9s regresar\u00e9 a Siria. Para m\u00ed, Internet es una herramienta de comunicaci\u00f3n importante que uso todos los d\u00edas, y que me permite ver c\u00f3mo reaccionan otros pa\u00edses ante nuestra crisis. En mi opini\u00f3n, pocos pa\u00edses se preocupan realmente por nosotros, y muchos otros s\u00f3lo fingen hacerlo. Tengo la impresi\u00f3n de que a la mayor\u00eda de la gente no le importa y que no reaccionan.<\/p>\n<p>\u201cPero a\u00fan tengo fe, y la fe era todo lo que ten\u00edamos para sobrevivir. Y sue\u00f1o con que, alg\u00fan d\u00eda, todos podamos disfrutar en nuestro pa\u00eds de una paz duradera\u201d.<\/p>\n<p>&nbsp;<\/p>\n","protected":false},"excerpt":{"rendered":"<p>Piter Essa, un cristiano siro-ortodoxo de 17 a\u00f1os de edad, termin\u00f3 su Bachillerato en Alepo, Siria, esta primavera. Piter cuenta<\/p>\n","protected":false},"author":4258341447,"featured_media":89323,"comment_status":"open","ping_status":"open","sticky":false,"template":"","format":"standard","meta":{"_acf_changed":false,"_acn_coauthor_ids":[],"footnotes":""},"categories":[746],"tags":[],"country":[390],"class_list":["post-122649","post","type-post","status-publish","format-standard","has-post-thumbnail","hentry","category-noticias","country-siria"],"acn_coauthors":[],"acf":[],"yoast_head":"<!-- This site is optimized with the Yoast SEO Premium plugin v27.3 (Yoast SEO v27.3) - https:\/\/yoast.com\/product\/yoast-seo-premium-wordpress\/ -->\n<title>Siria: un j\u00f3ven supera los d\u00edas m\u00e1s oscuros de la guerra civil gracias a la fe | ACN International<\/title>\n<meta name=\"robots\" content=\"index, follow, max-snippet:-1, max-image-preview:large, max-video-preview:-1\" \/>\n<link rel=\"canonical\" href=\"https:\/\/acninternational.org\/es\/siria-un-joven-supera-los-dias-mas-oscuros-de-la-guerra-civil-gracias-a-la-fe\/\" \/>\n<meta property=\"og:locale\" content=\"es_ES\" \/>\n<meta property=\"og:type\" content=\"article\" \/>\n<meta property=\"og:title\" content=\"Siria: un j\u00f3ven supera los d\u00edas m\u00e1s oscuros de la guerra civil gracias a la fe\" \/>\n<meta property=\"og:description\" content=\"Piter Essa, un cristiano siro-ortodoxo de 17 a\u00f1os de edad, termin\u00f3 su Bachillerato en Alepo, Siria, esta primavera. Piter cuenta\" \/>\n<meta property=\"og:url\" content=\"https:\/\/acninternational.org\/es\/siria-un-joven-supera-los-dias-mas-oscuros-de-la-guerra-civil-gracias-a-la-fe\/\" \/>\n<meta property=\"og:site_name\" content=\"ACN International\" \/>\n<meta property=\"article:publisher\" content=\"https:\/\/www.facebook.com\/acninternationalorg\" \/>\n<meta property=\"article:published_time\" content=\"2019-09-11T22:00:00+00:00\" \/>\n<meta property=\"og:image\" content=\"https:\/\/media.acninternational.org\/wp-content\/uploads\/2019\/11\/Siria-un-j%C3%B3ven-supera-los-d%C3%ADas-m%C3%A1s-oscuros-de-la-guerra-civil-gracias-a-la-fe-image.jpg\" \/>\n\t<meta property=\"og:image:width\" content=\"1200\" \/>\n\t<meta property=\"og:image:height\" content=\"628\" \/>\n\t<meta property=\"og:image:type\" content=\"image\/jpeg\" \/>\n<meta name=\"author\" content=\"ACN Press Team\" \/>\n<meta name=\"twitter:card\" content=\"summary_large_image\" \/>\n<meta name=\"twitter:creator\" content=\"@acn_int\" \/>\n<meta name=\"twitter:site\" content=\"@acn_int\" \/>\n<meta name=\"twitter:label1\" content=\"Escrito por\" \/>\n\t<meta name=\"twitter:data1\" content=\"ACN Press Team\" \/>\n\t<meta name=\"twitter:label2\" content=\"Tiempo de lectura\" \/>\n\t<meta name=\"twitter:data2\" content=\"3 minutos\" \/>\n<script type=\"application\/ld+json\" class=\"yoast-schema-graph\">{\"@context\":\"https:\\\/\\\/schema.org\",\"@graph\":[{\"@type\":\"Article\",\"@id\":\"https:\\\/\\\/acninternational.org\\\/es\\\/siria-un-joven-supera-los-dias-mas-oscuros-de-la-guerra-civil-gracias-a-la-fe\\\/#article\",\"isPartOf\":{\"@id\":\"https:\\\/\\\/acninternational.org\\\/es\\\/siria-un-joven-supera-los-dias-mas-oscuros-de-la-guerra-civil-gracias-a-la-fe\\\/\"},\"author\":{\"name\":\"ACN Press Team\",\"@id\":\"https:\\\/\\\/acninternational.org\\\/es\\\/#\\\/schema\\\/person\\\/7f3dafb236b242fb2aa46be1411fd703\"},\"headline\":\"Siria: un j\u00f3ven supera los d\u00edas m\u00e1s oscuros de la guerra civil gracias a la fe\",\"datePublished\":\"2019-09-11T22:00:00+00:00\",\"mainEntityOfPage\":{\"@id\":\"https:\\\/\\\/acninternational.org\\\/es\\\/siria-un-joven-supera-los-dias-mas-oscuros-de-la-guerra-civil-gracias-a-la-fe\\\/\"},\"wordCount\":648,\"commentCount\":0,\"publisher\":{\"@id\":\"https:\\\/\\\/acninternational.org\\\/es\\\/#organization\"},\"image\":{\"@id\":\"https:\\\/\\\/acninternational.org\\\/es\\\/siria-un-joven-supera-los-dias-mas-oscuros-de-la-guerra-civil-gracias-a-la-fe\\\/#primaryimage\"},\"thumbnailUrl\":\"https:\\\/\\\/media.acninternational.org\\\/wp-content\\\/uploads\\\/2019\\\/11\\\/Siria-un-j%C3%B3ven-supera-los-d%C3%ADas-m%C3%A1s-oscuros-de-la-guerra-civil-gracias-a-la-fe-image.jpg\",\"articleSection\":[\"NOTICIAS\"],\"inLanguage\":\"es\",\"potentialAction\":[{\"@type\":\"CommentAction\",\"name\":\"Comment\",\"target\":[\"https:\\\/\\\/acninternational.org\\\/es\\\/siria-un-joven-supera-los-dias-mas-oscuros-de-la-guerra-civil-gracias-a-la-fe\\\/#respond\"]}]},{\"@type\":\"WebPage\",\"@id\":\"https:\\\/\\\/acninternational.org\\\/es\\\/siria-un-joven-supera-los-dias-mas-oscuros-de-la-guerra-civil-gracias-a-la-fe\\\/\",\"url\":\"https:\\\/\\\/acninternational.org\\\/es\\\/siria-un-joven-supera-los-dias-mas-oscuros-de-la-guerra-civil-gracias-a-la-fe\\\/\",\"name\":\"Siria: un j\u00f3ven supera los d\u00edas m\u00e1s oscuros de la guerra civil gracias a la fe | ACN International\",\"isPartOf\":{\"@id\":\"https:\\\/\\\/acninternational.org\\\/es\\\/#website\"},\"primaryImageOfPage\":{\"@id\":\"https:\\\/\\\/acninternational.org\\\/es\\\/siria-un-joven-supera-los-dias-mas-oscuros-de-la-guerra-civil-gracias-a-la-fe\\\/#primaryimage\"},\"image\":{\"@id\":\"https:\\\/\\\/acninternational.org\\\/es\\\/siria-un-joven-supera-los-dias-mas-oscuros-de-la-guerra-civil-gracias-a-la-fe\\\/#primaryimage\"},\"thumbnailUrl\":\"https:\\\/\\\/media.acninternational.org\\\/wp-content\\\/uploads\\\/2019\\\/11\\\/Siria-un-j%C3%B3ven-supera-los-d%C3%ADas-m%C3%A1s-oscuros-de-la-guerra-civil-gracias-a-la-fe-image.jpg\",\"datePublished\":\"2019-09-11T22:00:00+00:00\",\"breadcrumb\":{\"@id\":\"https:\\\/\\\/acninternational.org\\\/es\\\/siria-un-joven-supera-los-dias-mas-oscuros-de-la-guerra-civil-gracias-a-la-fe\\\/#breadcrumb\"},\"inLanguage\":\"es\",\"potentialAction\":[{\"@type\":\"ReadAction\",\"target\":[\"https:\\\/\\\/acninternational.org\\\/es\\\/siria-un-joven-supera-los-dias-mas-oscuros-de-la-guerra-civil-gracias-a-la-fe\\\/\"]}]},{\"@type\":\"ImageObject\",\"inLanguage\":\"es\",\"@id\":\"https:\\\/\\\/acninternational.org\\\/es\\\/siria-un-joven-supera-los-dias-mas-oscuros-de-la-guerra-civil-gracias-a-la-fe\\\/#primaryimage\",\"url\":\"https:\\\/\\\/media.acninternational.org\\\/wp-content\\\/uploads\\\/2019\\\/11\\\/Siria-un-j%C3%B3ven-supera-los-d%C3%ADas-m%C3%A1s-oscuros-de-la-guerra-civil-gracias-a-la-fe-image.jpg\",\"contentUrl\":\"https:\\\/\\\/media.acninternational.org\\\/wp-content\\\/uploads\\\/2019\\\/11\\\/Siria-un-j%C3%B3ven-supera-los-d%C3%ADas-m%C3%A1s-oscuros-de-la-guerra-civil-gracias-a-la-fe-image.jpg\",\"width\":1200,\"height\":628,\"caption\":\"Siria: un j\u00f3ven supera los d\u00edas m\u00e1s oscuros de la guerra civil gracias a la fe\"},{\"@type\":\"BreadcrumbList\",\"@id\":\"https:\\\/\\\/acninternational.org\\\/es\\\/siria-un-joven-supera-los-dias-mas-oscuros-de-la-guerra-civil-gracias-a-la-fe\\\/#breadcrumb\",\"itemListElement\":[{\"@type\":\"ListItem\",\"position\":1,\"name\":\"Home\",\"item\":\"https:\\\/\\\/acninternational.org\\\/es\\\/\"},{\"@type\":\"ListItem\",\"position\":2,\"name\":\"NOTICIAS\",\"item\":\"https:\\\/\\\/acninternational.org\\\/es\\\/category\\\/noticias\\\/\"},{\"@type\":\"ListItem\",\"position\":3,\"name\":\"Siria: un j\u00f3ven supera los d\u00edas m\u00e1s oscuros de la guerra civil gracias a la fe\"}]},{\"@type\":\"WebSite\",\"@id\":\"https:\\\/\\\/acninternational.org\\\/es\\\/#website\",\"url\":\"https:\\\/\\\/acninternational.org\\\/es\\\/\",\"name\":\"ACN International\",\"description\":\"\",\"publisher\":{\"@id\":\"https:\\\/\\\/acninternational.org\\\/es\\\/#organization\"},\"potentialAction\":[{\"@type\":\"SearchAction\",\"target\":{\"@type\":\"EntryPoint\",\"urlTemplate\":\"https:\\\/\\\/acninternational.org\\\/es\\\/?s={search_term_string}\"},\"query-input\":{\"@type\":\"PropertyValueSpecification\",\"valueRequired\":true,\"valueName\":\"search_term_string\"}}],\"inLanguage\":\"es\"},{\"@type\":\"Organization\",\"@id\":\"https:\\\/\\\/acninternational.org\\\/es\\\/#organization\",\"name\":\"Aid to the Church in Need International\",\"url\":\"https:\\\/\\\/acninternational.org\\\/es\\\/\",\"logo\":{\"@type\":\"ImageObject\",\"inLanguage\":\"es\",\"@id\":\"https:\\\/\\\/acninternational.org\\\/es\\\/#\\\/schema\\\/logo\\\/image\\\/\",\"url\":\"https:\\\/\\\/media.acninternational.org\\\/wp-content\\\/uploads\\\/2019\\\/11\\\/acn_logo_blackvector.svg\",\"contentUrl\":\"https:\\\/\\\/media.acninternational.org\\\/wp-content\\\/uploads\\\/2019\\\/11\\\/acn_logo_blackvector.svg\",\"width\":232.6,\"height\":78,\"caption\":\"Aid to the Church in Need International\"},\"image\":{\"@id\":\"https:\\\/\\\/acninternational.org\\\/es\\\/#\\\/schema\\\/logo\\\/image\\\/\"},\"sameAs\":[\"https:\\\/\\\/www.facebook.com\\\/acninternationalorg\",\"https:\\\/\\\/x.com\\\/acn_int\",\"https:\\\/\\\/www.youtube.com\\\/channel\\\/UCQ-077gS0TnVzkhHmf1opZw\",\"https:\\\/\\\/www.instagram.com\\\/acn_international\\\/\"]},{\"@type\":\"Person\",\"@id\":\"https:\\\/\\\/acninternational.org\\\/es\\\/#\\\/schema\\\/person\\\/7f3dafb236b242fb2aa46be1411fd703\",\"name\":\"ACN Press Team\",\"description\":\"Lorem ipsum dolor sit amet, consectetur adipiscing elit, sed do eiusmod tempor incididunt ut labore et dolore magna aliqua. Ut enim ad minim veniam, quis nostrud exercitation ullamco laboris nisi ut aliquip ex ea commodo consequat.\",\"url\":\"https:\\\/\\\/acninternational.org\\\/es\\\/author\\\/acn-press-team\\\/\"}]}<\/script>\n<!-- \/ Yoast SEO Premium plugin. -->","yoast_head_json":{"title":"Siria: un j\u00f3ven supera los d\u00edas m\u00e1s oscuros de la guerra civil gracias a la fe | ACN International","robots":{"index":"index","follow":"follow","max-snippet":"max-snippet:-1","max-image-preview":"max-image-preview:large","max-video-preview":"max-video-preview:-1"},"canonical":"https:\/\/acninternational.org\/es\/siria-un-joven-supera-los-dias-mas-oscuros-de-la-guerra-civil-gracias-a-la-fe\/","og_locale":"es_ES","og_type":"article","og_title":"Siria: un j\u00f3ven supera los d\u00edas m\u00e1s oscuros de la guerra civil gracias a la fe","og_description":"Piter Essa, un cristiano siro-ortodoxo de 17 a\u00f1os de edad, termin\u00f3 su Bachillerato en Alepo, Siria, esta primavera. Piter cuenta","og_url":"https:\/\/acninternational.org\/es\/siria-un-joven-supera-los-dias-mas-oscuros-de-la-guerra-civil-gracias-a-la-fe\/","og_site_name":"ACN International","article_publisher":"https:\/\/www.facebook.com\/acninternationalorg","article_published_time":"2019-09-11T22:00:00+00:00","og_image":[{"width":1200,"height":628,"url":"https:\/\/media.acninternational.org\/wp-content\/uploads\/2019\/11\/Siria-un-j%C3%B3ven-supera-los-d%C3%ADas-m%C3%A1s-oscuros-de-la-guerra-civil-gracias-a-la-fe-image.jpg","type":"image\/jpeg"}],"author":"ACN Press Team","twitter_card":"summary_large_image","twitter_creator":"@acn_int","twitter_site":"@acn_int","twitter_misc":{"Escrito por":"ACN Press Team","Tiempo de lectura":"3 minutos"},"schema":{"@context":"https:\/\/schema.org","@graph":[{"@type":"Article","@id":"https:\/\/acninternational.org\/es\/siria-un-joven-supera-los-dias-mas-oscuros-de-la-guerra-civil-gracias-a-la-fe\/#article","isPartOf":{"@id":"https:\/\/acninternational.org\/es\/siria-un-joven-supera-los-dias-mas-oscuros-de-la-guerra-civil-gracias-a-la-fe\/"},"author":{"name":"ACN Press Team","@id":"https:\/\/acninternational.org\/es\/#\/schema\/person\/7f3dafb236b242fb2aa46be1411fd703"},"headline":"Siria: un j\u00f3ven supera los d\u00edas m\u00e1s oscuros de la guerra civil gracias a la fe","datePublished":"2019-09-11T22:00:00+00:00","mainEntityOfPage":{"@id":"https:\/\/acninternational.org\/es\/siria-un-joven-supera-los-dias-mas-oscuros-de-la-guerra-civil-gracias-a-la-fe\/"},"wordCount":648,"commentCount":0,"publisher":{"@id":"https:\/\/acninternational.org\/es\/#organization"},"image":{"@id":"https:\/\/acninternational.org\/es\/siria-un-joven-supera-los-dias-mas-oscuros-de-la-guerra-civil-gracias-a-la-fe\/#primaryimage"},"thumbnailUrl":"https:\/\/media.acninternational.org\/wp-content\/uploads\/2019\/11\/Siria-un-j%C3%B3ven-supera-los-d%C3%ADas-m%C3%A1s-oscuros-de-la-guerra-civil-gracias-a-la-fe-image.jpg","articleSection":["NOTICIAS"],"inLanguage":"es","potentialAction":[{"@type":"CommentAction","name":"Comment","target":["https:\/\/acninternational.org\/es\/siria-un-joven-supera-los-dias-mas-oscuros-de-la-guerra-civil-gracias-a-la-fe\/#respond"]}]},{"@type":"WebPage","@id":"https:\/\/acninternational.org\/es\/siria-un-joven-supera-los-dias-mas-oscuros-de-la-guerra-civil-gracias-a-la-fe\/","url":"https:\/\/acninternational.org\/es\/siria-un-joven-supera-los-dias-mas-oscuros-de-la-guerra-civil-gracias-a-la-fe\/","name":"Siria: un j\u00f3ven supera los d\u00edas m\u00e1s oscuros de la guerra civil gracias a la fe | ACN International","isPartOf":{"@id":"https:\/\/acninternational.org\/es\/#website"},"primaryImageOfPage":{"@id":"https:\/\/acninternational.org\/es\/siria-un-joven-supera-los-dias-mas-oscuros-de-la-guerra-civil-gracias-a-la-fe\/#primaryimage"},"image":{"@id":"https:\/\/acninternational.org\/es\/siria-un-joven-supera-los-dias-mas-oscuros-de-la-guerra-civil-gracias-a-la-fe\/#primaryimage"},"thumbnailUrl":"https:\/\/media.acninternational.org\/wp-content\/uploads\/2019\/11\/Siria-un-j%C3%B3ven-supera-los-d%C3%ADas-m%C3%A1s-oscuros-de-la-guerra-civil-gracias-a-la-fe-image.jpg","datePublished":"2019-09-11T22:00:00+00:00","breadcrumb":{"@id":"https:\/\/acninternational.org\/es\/siria-un-joven-supera-los-dias-mas-oscuros-de-la-guerra-civil-gracias-a-la-fe\/#breadcrumb"},"inLanguage":"es","potentialAction":[{"@type":"ReadAction","target":["https:\/\/acninternational.org\/es\/siria-un-joven-supera-los-dias-mas-oscuros-de-la-guerra-civil-gracias-a-la-fe\/"]}]},{"@type":"ImageObject","inLanguage":"es","@id":"https:\/\/acninternational.org\/es\/siria-un-joven-supera-los-dias-mas-oscuros-de-la-guerra-civil-gracias-a-la-fe\/#primaryimage","url":"https:\/\/media.acninternational.org\/wp-content\/uploads\/2019\/11\/Siria-un-j%C3%B3ven-supera-los-d%C3%ADas-m%C3%A1s-oscuros-de-la-guerra-civil-gracias-a-la-fe-image.jpg","contentUrl":"https:\/\/media.acninternational.org\/wp-content\/uploads\/2019\/11\/Siria-un-j%C3%B3ven-supera-los-d%C3%ADas-m%C3%A1s-oscuros-de-la-guerra-civil-gracias-a-la-fe-image.jpg","width":1200,"height":628,"caption":"Siria: un j\u00f3ven supera los d\u00edas m\u00e1s oscuros de la guerra civil gracias a la fe"},{"@type":"BreadcrumbList","@id":"https:\/\/acninternational.org\/es\/siria-un-joven-supera-los-dias-mas-oscuros-de-la-guerra-civil-gracias-a-la-fe\/#breadcrumb","itemListElement":[{"@type":"ListItem","position":1,"name":"Home","item":"https:\/\/acninternational.org\/es\/"},{"@type":"ListItem","position":2,"name":"NOTICIAS","item":"https:\/\/acninternational.org\/es\/category\/noticias\/"},{"@type":"ListItem","position":3,"name":"Siria: un j\u00f3ven supera los d\u00edas m\u00e1s oscuros de la guerra civil gracias a la fe"}]},{"@type":"WebSite","@id":"https:\/\/acninternational.org\/es\/#website","url":"https:\/\/acninternational.org\/es\/","name":"ACN International","description":"","publisher":{"@id":"https:\/\/acninternational.org\/es\/#organization"},"potentialAction":[{"@type":"SearchAction","target":{"@type":"EntryPoint","urlTemplate":"https:\/\/acninternational.org\/es\/?s={search_term_string}"},"query-input":{"@type":"PropertyValueSpecification","valueRequired":true,"valueName":"search_term_string"}}],"inLanguage":"es"},{"@type":"Organization","@id":"https:\/\/acninternational.org\/es\/#organization","name":"Aid to the Church in Need International","url":"https:\/\/acninternational.org\/es\/","logo":{"@type":"ImageObject","inLanguage":"es","@id":"https:\/\/acninternational.org\/es\/#\/schema\/logo\/image\/","url":"https:\/\/media.acninternational.org\/wp-content\/uploads\/2019\/11\/acn_logo_blackvector.svg","contentUrl":"https:\/\/media.acninternational.org\/wp-content\/uploads\/2019\/11\/acn_logo_blackvector.svg","width":232.6,"height":78,"caption":"Aid to the Church in Need International"},"image":{"@id":"https:\/\/acninternational.org\/es\/#\/schema\/logo\/image\/"},"sameAs":["https:\/\/www.facebook.com\/acninternationalorg","https:\/\/x.com\/acn_int","https:\/\/www.youtube.com\/channel\/UCQ-077gS0TnVzkhHmf1opZw","https:\/\/www.instagram.com\/acn_international\/"]},{"@type":"Person","@id":"https:\/\/acninternational.org\/es\/#\/schema\/person\/7f3dafb236b242fb2aa46be1411fd703","name":"ACN Press Team","description":"Lorem ipsum dolor sit amet, consectetur adipiscing elit, sed do eiusmod tempor incididunt ut labore et dolore magna aliqua. Ut enim ad minim veniam, quis nostrud exercitation ullamco laboris nisi ut aliquip ex ea commodo consequat.","url":"https:\/\/acninternational.org\/es\/author\/acn-press-team\/"}]}},"_links":{"self":[{"href":"https:\/\/acninternational.org\/es\/wp-json\/wp\/v2\/posts\/122649","targetHints":{"allow":["GET"]}}],"collection":[{"href":"https:\/\/acninternational.org\/es\/wp-json\/wp\/v2\/posts"}],"about":[{"href":"https:\/\/acninternational.org\/es\/wp-json\/wp\/v2\/types\/post"}],"author":[{"embeddable":true,"href":"https:\/\/acninternational.org\/es\/wp-json\/wp\/v2\/users\/4258341447"}],"replies":[{"embeddable":true,"href":"https:\/\/acninternational.org\/es\/wp-json\/wp\/v2\/comments?post=122649"}],"version-history":[{"count":0,"href":"https:\/\/acninternational.org\/es\/wp-json\/wp\/v2\/posts\/122649\/revisions"}],"wp:featuredmedia":[{"embeddable":true,"href":"https:\/\/acninternational.org\/es\/wp-json\/wp\/v2\/media\/89323"}],"wp:attachment":[{"href":"https:\/\/acninternational.org\/es\/wp-json\/wp\/v2\/media?parent=122649"}],"wp:term":[{"taxonomy":"category","embeddable":true,"href":"https:\/\/acninternational.org\/es\/wp-json\/wp\/v2\/categories?post=122649"},{"taxonomy":"post_tag","embeddable":true,"href":"https:\/\/acninternational.org\/es\/wp-json\/wp\/v2\/tags?post=122649"},{"taxonomy":"country","embeddable":true,"href":"https:\/\/acninternational.org\/es\/wp-json\/wp\/v2\/country?post=122649"}],"curies":[{"name":"wp","href":"https:\/\/api.w.org\/{rel}","templated":true}]}}