{"id":122523,"date":"2019-08-08T00:00:00","date_gmt":"2019-08-07T22:00:00","guid":{"rendered":"https:\/\/acninternational.org\/sri-lanka-de-la-noche-a-la-manana-todo-el-pais-estaba-bautizado\/"},"modified":"2019-08-08T00:00:00","modified_gmt":"2019-08-07T22:00:00","slug":"sri-lanka-de-la-noche-a-la-manana-todo-el-pais-estaba-bautizado","status":"publish","type":"post","link":"https:\/\/acninternational.org\/es\/sri-lanka-de-la-noche-a-la-manana-todo-el-pais-estaba-bautizado\/","title":{"rendered":"Sri Lanka: \u00abDe la noche a la ma\u00f1ana, todo el pa\u00eds estaba bautizado\u00bb"},"content":{"rendered":"<p><strong>El padre Prasad Harshan apoya con su equipo de \u201canimaci\u00f3n en la fe<\/strong><strong>\u201d<\/strong> <strong>a las v\u00edctimas de los ataques terroristas en Sri Lanka <\/strong><\/p>\n<p>Una entrevista de Stephan Baier \/ Aid to the Church in Need \u00a0(ACN)<\/p>\n<p><strong>Father Prasad: los ataques terroristas a tres iglesias cristianas de Sri Lanka el Domingo de Pascua hirieron a los fieles no solo f\u00edsica y ps\u00edquicamente, sino tambi\u00e9n afectar su fe. \u00bfC\u00f3mo les ayuda la Iglesia?<\/strong><\/p>\n<p>ACN: El cardenal Malcolm Ranjith deseaba misioneros en las calles, que fueran de parroquia en parroquia, de calle en calle, para escuchar a la gente en sus casas, para o\u00edr sus historias y ayudarles en todas sus luchas relacionadas con la fe. Comenzamos as\u00ed hace ya tres a\u00f1os. Y eso ahora se ha convertido en una bendici\u00f3n despu\u00e9s de esta tragedia &#8211; una bendici\u00f3n para la Iglesia y para la gente. Somos cinco sacerdotes los que atendemos a las v\u00edctimas del terror. Actuamos sobre todo en Negombo, donde \u2014en una sola parroquia\u2014 fueron asesinadas 115 personas y m\u00e1s de 280 resultaron heridas. Por todas partes vemos banderas negras en se\u00f1al de luto. La gente est\u00e1 herida: f\u00edsica, mental y espiritualmente. Vemos c\u00f3mo la gente est\u00e1 herida en su fe y en su vida espiritual. En 30 a\u00f1os de guerra civil nunca hubo semejantes ataques con bombas a las iglesias. La gente se pregunta ahora: \u00bfPor qu\u00e9 sucedi\u00f3 esto? \u00bfPor qu\u00e9 precisamente en la Pascua?<\/p>\n<p><strong>\u00bfEsto, produce dudas de fe? \u00bfLes hace distanciarse de la Iglesia?<\/strong><\/p>\n<p>En un primer momento, la gente estaba conmocionada: \u00bfc\u00f3mo puede Dios permitir esto en su propia casa? Los sacerdotes decidimos acompa\u00f1ar perseverantes a la gente, aunque no pudi\u00e9ramos dar ninguna respuesta. Est\u00e1bamos con ellos en sus casas. Quer\u00edamos mostrarles que Dios est\u00e1 y permanece con ellos. Despu\u00e9s de la conmoci\u00f3n vino la ira. Especialmente cuando se enteraron de que el Gobierno dispon\u00eda de informaci\u00f3n de alerta con anterioridad a los atentados. La gente tuvo que luchar con sus sentimientos. La llamada del Cardenal para que se dejaran guiar por la fe y no por los emociones, desempe\u00f1\u00f3 un importante papel.<\/p>\n<p><strong>\u00bfC\u00f3mo realizan su labor pastoral concretamente?<\/strong><\/p>\n<p>Ahora, gran parte de nuestra labor es con ni\u00f1os que tienen miedo de volver a la iglesia o a la escuela dominical. Tambi\u00e9n trabajamos con las madres para fortalecer su fe. Hace 475 a\u00f1os, un rey hind\u00fa asesin\u00f3 a 600 cristianos en el norte de Sri Lanka. Llevamos a los familiares de las v\u00edctimas a los monumentos conmemorativos de estos m\u00e1rtires del norte. Se puede decir que los muertos del Domingo de Pascua son m\u00e1rtires porque han perdido sus vidas por la fe. Con este viaje a los primeros m\u00e1rtires intentamos curar las heridas de los familiares. Adem\u00e1s los heridos y las viudas de la guerra civil les hablan, les animan y dan testimonio de su fe en Dios.<\/p>\n<figure id=\"attachment_54699\" aria-describedby=\"caption-attachment-54699\" style=\"width: 420px\" class=\"wp-caption aligncenter\"><img loading=\"lazy\" decoding=\"async\" class=\"wp-image-54699 size-medium\" src=\"https:\/\/media.acninternational.org\/wp-content\/uploads\/2019\/09\/WEBSITE_template_gallery-4.jpg\" alt=\"Padre Prasad Harshan.\" width=\"420\" height=\"280\" \/><figcaption id=\"caption-attachment-54699\" class=\"wp-caption-text\">Padre Prasad Harshan.<\/figcaption><\/figure>\n<p><strong>Muchos cat\u00f3licos de Sri Lanka dicen que, tras los ataques terroristas, se han vuelto m\u00e1s fuertes y tienen m\u00e1s fe que antes.<\/strong><\/p>\n<p>Aquellas personas que se vieron directamente afectadas siguen teniendo heridas todav\u00eda. Pero en general, esos ataques se han convertido en una bendici\u00f3n para los cat\u00f3licos de nuestro pa\u00eds porque, de la noche a la ma\u00f1ana, todo el pa\u00eds estaba bautizado. Hay un bautismo de agua y un bautismo de sangre. De repente, todo nuestro pa\u00eds se dio cuenta de la presencia de los cat\u00f3licos y de la naturaleza especial de su fe. Antes, unas 4.000 personas segu\u00edan los mensajes en v\u00eddeo del Cardenal, ahora son cientos de miles. Quieren ver lo que piensa. \u00a1Vivimos una verdadera Pascua! Pero ese Domingo de Pascua comenz\u00f3 con los cuerpos rasgados, con la sangre de los m\u00e1rtires.<\/p>\n<p><strong>Los budistas son el 70 por ciento de la poblaci\u00f3n de Sri Lanka. \u00bfPor qu\u00e9 no atacaron los terroristas templos budistas? <\/strong><\/p>\n<p>Son la mayor\u00eda en este pa\u00eds, y entre ellos tambi\u00e9n los hay combatientes. No sabemos por qu\u00e9 no fueron atacados los templos budistas. Probablemente tiene que ver con el hecho de que la Iglesia Cat\u00f3lica es una minor\u00eda en este pa\u00eds, pero es la comunidad religiosa m\u00e1s grande del mundo. Los terroristas quieren involucrar a todo el mundo.<\/p>\n<p><strong>\u00bfC\u00f3mo han afectado los atentados a las relaciones entre budistas y cat\u00f3licos? <\/strong><\/p>\n<p>Los budistas comenzaron a hablar entre ellos y a resaltar lo admirables que son los cat\u00f3licos: \u00bfpor qu\u00e9 no se cobran venganza? Afortunadamente, en la Iglesia cat\u00f3lica tenemos un sistema maravilloso: los sacerdotes oyen al Cardenal, y los fieles oyen a los sacerdotes. Incluso los monjes budistas admiran ahora a los cat\u00f3licos y nos tratan con simpat\u00eda y respeto.<\/p>\n<p><strong>\u00bfC\u00f3mo reaccionaron los l\u00edderes de la comunidad religiosa isl\u00e1mica de Sri Lanka ante el terror procedente de sus propias filas?<\/strong><\/p>\n<p>Las autoridades musulmanas han reconocido que fue un error suyo guardar silencio sobre las actividades de los grupos terroristas en sus propias comunidades. Nosotros no sab\u00edamos nada, pero ellos s\u00ed. Han comprendido que ha sido un desastre para todo el pa\u00eds. No todos los musulmanes son terroristas, pero todos los terroristas suicidas eran musulmanes. Por lo tanto, los musulmanes no pueden negar su parte de responsabilidad. Ahora tienen la misi\u00f3n de purificarse internamente. Cuando comenzaron las investigaciones, se encontraron armas en las mezquitas. Eso fue estremecedor para nosotros. Los l\u00edderes isl\u00e1micos tienen el deber de interpretar el Cor\u00e1n pac\u00edficamente.<\/p>\n<p><strong>\u00bfSe not\u00f3 la solidaridad internacional con las v\u00edctimas en Sri Lanka?<\/strong><\/p>\n<p>Las organizaciones internacionales cat\u00f3licas de ayuda como \u00abAid to the Church in Need\u00bb (ACN) nos han ayudado mucho. Somos una minor\u00eda en el pa\u00eds, pero sabemos que pertenecemos a una familia muy grande. \u00a1Personas que nunca han estado en Sri Lanka rezan por nosotros y nos ayudan econ\u00f3micamente! De este modo, la Iglesia cat\u00f3lica se ha convertido en una bendici\u00f3n para todo el pueblo de Sri Lanka. En nuestras iglesias tambi\u00e9n murieron musulmanes, hind\u00faes y budistas. La poblaci\u00f3n del pa\u00eds mira a la Iglesia cat\u00f3lica, con lo que ha comenzado una conversi\u00f3n interior. Est\u00e1n empezando a entender lo que significa vivir en Cristo.<\/p>\n","protected":false},"excerpt":{"rendered":"<p>El padre Prasad Harshan apoya con su equipo de \u201canimaci\u00f3n en la fe\u201d a las v\u00edctimas de los ataques terroristas<\/p>\n","protected":false},"author":4258341447,"featured_media":122524,"comment_status":"open","ping_status":"open","sticky":false,"template":"","format":"standard","meta":{"_acf_changed":false,"_acn_coauthor_ids":[],"footnotes":""},"categories":[745],"tags":[],"country":[414],"class_list":["post-122523","post","type-post","status-publish","format-standard","has-post-thumbnail","hentry","category-entrevistas","country-sri-lanka-es"],"acn_coauthors":[],"acf":[],"yoast_head":"<!-- This site is optimized with the Yoast SEO Premium plugin v27.3 (Yoast SEO v27.3) - https:\/\/yoast.com\/product\/yoast-seo-premium-wordpress\/ -->\n<title>Sri Lanka: \u00abDe la noche a la ma\u00f1ana, todo el pa\u00eds estaba bautizado\u00bb | ACN International<\/title>\n<meta name=\"robots\" content=\"index, follow, max-snippet:-1, max-image-preview:large, max-video-preview:-1\" \/>\n<link rel=\"canonical\" href=\"https:\/\/acninternational.org\/es\/sri-lanka-de-la-noche-a-la-manana-todo-el-pais-estaba-bautizado\/\" \/>\n<meta property=\"og:locale\" content=\"es_ES\" \/>\n<meta property=\"og:type\" content=\"article\" \/>\n<meta property=\"og:title\" content=\"Sri Lanka: \u00abDe la noche a la ma\u00f1ana, todo el pa\u00eds estaba bautizado\u00bb\" \/>\n<meta property=\"og:description\" content=\"El padre Prasad Harshan apoya con su equipo de \u201canimaci\u00f3n en la fe\u201d a las v\u00edctimas de los ataques terroristas\" \/>\n<meta property=\"og:url\" content=\"https:\/\/acninternational.org\/es\/sri-lanka-de-la-noche-a-la-manana-todo-el-pais-estaba-bautizado\/\" \/>\n<meta property=\"og:site_name\" content=\"ACN International\" \/>\n<meta property=\"article:publisher\" content=\"https:\/\/www.facebook.com\/acninternationalorg\" \/>\n<meta property=\"article:published_time\" content=\"2019-08-07T22:00:00+00:00\" \/>\n<meta property=\"og:image\" content=\"https:\/\/media.acninternational.org\/wp-content\/uploads\/2019\/11\/Sri-Lanka-%C2%ABDe-la-noche-a-la-ma%C3%B1ana-todo-el-pa%C3%ADs-estaba-bautizado%C2%BB-image.jpg\" \/>\n\t<meta property=\"og:image:width\" content=\"1200\" \/>\n\t<meta property=\"og:image:height\" content=\"628\" \/>\n\t<meta property=\"og:image:type\" content=\"image\/jpeg\" \/>\n<meta name=\"author\" content=\"ACN Press Team\" \/>\n<meta name=\"twitter:card\" content=\"summary_large_image\" \/>\n<meta name=\"twitter:creator\" content=\"@acn_int\" \/>\n<meta name=\"twitter:site\" content=\"@acn_int\" \/>\n<meta name=\"twitter:label1\" content=\"Escrito por\" \/>\n\t<meta name=\"twitter:data1\" content=\"ACN Press Team\" \/>\n\t<meta name=\"twitter:label2\" content=\"Tiempo de lectura\" \/>\n\t<meta name=\"twitter:data2\" content=\"5 minutos\" \/>\n<script type=\"application\/ld+json\" class=\"yoast-schema-graph\">{\"@context\":\"https:\\\/\\\/schema.org\",\"@graph\":[{\"@type\":\"Article\",\"@id\":\"https:\\\/\\\/acninternational.org\\\/es\\\/sri-lanka-de-la-noche-a-la-manana-todo-el-pais-estaba-bautizado\\\/#article\",\"isPartOf\":{\"@id\":\"https:\\\/\\\/acninternational.org\\\/es\\\/sri-lanka-de-la-noche-a-la-manana-todo-el-pais-estaba-bautizado\\\/\"},\"author\":{\"name\":\"ACN Press Team\",\"@id\":\"https:\\\/\\\/acninternational.org\\\/es\\\/#\\\/schema\\\/person\\\/7f3dafb236b242fb2aa46be1411fd703\"},\"headline\":\"Sri Lanka: \u00abDe la noche a la ma\u00f1ana, todo el pa\u00eds estaba bautizado\u00bb\",\"datePublished\":\"2019-08-07T22:00:00+00:00\",\"mainEntityOfPage\":{\"@id\":\"https:\\\/\\\/acninternational.org\\\/es\\\/sri-lanka-de-la-noche-a-la-manana-todo-el-pais-estaba-bautizado\\\/\"},\"wordCount\":1093,\"commentCount\":0,\"publisher\":{\"@id\":\"https:\\\/\\\/acninternational.org\\\/es\\\/#organization\"},\"image\":{\"@id\":\"https:\\\/\\\/acninternational.org\\\/es\\\/sri-lanka-de-la-noche-a-la-manana-todo-el-pais-estaba-bautizado\\\/#primaryimage\"},\"thumbnailUrl\":\"https:\\\/\\\/media.acninternational.org\\\/wp-content\\\/uploads\\\/2019\\\/11\\\/Sri-Lanka-%C2%ABDe-la-noche-a-la-ma%C3%B1ana-todo-el-pa%C3%ADs-estaba-bautizado%C2%BB-image.jpg\",\"articleSection\":[\"ENTREVISTAS\"],\"inLanguage\":\"es\",\"potentialAction\":[{\"@type\":\"CommentAction\",\"name\":\"Comment\",\"target\":[\"https:\\\/\\\/acninternational.org\\\/es\\\/sri-lanka-de-la-noche-a-la-manana-todo-el-pais-estaba-bautizado\\\/#respond\"]}]},{\"@type\":\"WebPage\",\"@id\":\"https:\\\/\\\/acninternational.org\\\/es\\\/sri-lanka-de-la-noche-a-la-manana-todo-el-pais-estaba-bautizado\\\/\",\"url\":\"https:\\\/\\\/acninternational.org\\\/es\\\/sri-lanka-de-la-noche-a-la-manana-todo-el-pais-estaba-bautizado\\\/\",\"name\":\"Sri Lanka: \u00abDe la noche a la ma\u00f1ana, todo el pa\u00eds estaba bautizado\u00bb | ACN International\",\"isPartOf\":{\"@id\":\"https:\\\/\\\/acninternational.org\\\/es\\\/#website\"},\"primaryImageOfPage\":{\"@id\":\"https:\\\/\\\/acninternational.org\\\/es\\\/sri-lanka-de-la-noche-a-la-manana-todo-el-pais-estaba-bautizado\\\/#primaryimage\"},\"image\":{\"@id\":\"https:\\\/\\\/acninternational.org\\\/es\\\/sri-lanka-de-la-noche-a-la-manana-todo-el-pais-estaba-bautizado\\\/#primaryimage\"},\"thumbnailUrl\":\"https:\\\/\\\/media.acninternational.org\\\/wp-content\\\/uploads\\\/2019\\\/11\\\/Sri-Lanka-%C2%ABDe-la-noche-a-la-ma%C3%B1ana-todo-el-pa%C3%ADs-estaba-bautizado%C2%BB-image.jpg\",\"datePublished\":\"2019-08-07T22:00:00+00:00\",\"breadcrumb\":{\"@id\":\"https:\\\/\\\/acninternational.org\\\/es\\\/sri-lanka-de-la-noche-a-la-manana-todo-el-pais-estaba-bautizado\\\/#breadcrumb\"},\"inLanguage\":\"es\",\"potentialAction\":[{\"@type\":\"ReadAction\",\"target\":[\"https:\\\/\\\/acninternational.org\\\/es\\\/sri-lanka-de-la-noche-a-la-manana-todo-el-pais-estaba-bautizado\\\/\"]}]},{\"@type\":\"ImageObject\",\"inLanguage\":\"es\",\"@id\":\"https:\\\/\\\/acninternational.org\\\/es\\\/sri-lanka-de-la-noche-a-la-manana-todo-el-pais-estaba-bautizado\\\/#primaryimage\",\"url\":\"https:\\\/\\\/media.acninternational.org\\\/wp-content\\\/uploads\\\/2019\\\/11\\\/Sri-Lanka-%C2%ABDe-la-noche-a-la-ma%C3%B1ana-todo-el-pa%C3%ADs-estaba-bautizado%C2%BB-image.jpg\",\"contentUrl\":\"https:\\\/\\\/media.acninternational.org\\\/wp-content\\\/uploads\\\/2019\\\/11\\\/Sri-Lanka-%C2%ABDe-la-noche-a-la-ma%C3%B1ana-todo-el-pa%C3%ADs-estaba-bautizado%C2%BB-image.jpg\",\"width\":1200,\"height\":628,\"caption\":\"Sri Lanka: \u00abDe la noche a la ma\u00f1ana, todo el pa\u00eds estaba bautizado\u00bb\"},{\"@type\":\"BreadcrumbList\",\"@id\":\"https:\\\/\\\/acninternational.org\\\/es\\\/sri-lanka-de-la-noche-a-la-manana-todo-el-pais-estaba-bautizado\\\/#breadcrumb\",\"itemListElement\":[{\"@type\":\"ListItem\",\"position\":1,\"name\":\"Home\",\"item\":\"https:\\\/\\\/acninternational.org\\\/es\\\/\"},{\"@type\":\"ListItem\",\"position\":2,\"name\":\"ENTREVISTAS\",\"item\":\"https:\\\/\\\/acninternational.org\\\/es\\\/category\\\/entrevistas\\\/\"},{\"@type\":\"ListItem\",\"position\":3,\"name\":\"Sri Lanka: \u00abDe la noche a la ma\u00f1ana, todo el pa\u00eds estaba bautizado\u00bb\"}]},{\"@type\":\"WebSite\",\"@id\":\"https:\\\/\\\/acninternational.org\\\/es\\\/#website\",\"url\":\"https:\\\/\\\/acninternational.org\\\/es\\\/\",\"name\":\"ACN International\",\"description\":\"\",\"publisher\":{\"@id\":\"https:\\\/\\\/acninternational.org\\\/es\\\/#organization\"},\"potentialAction\":[{\"@type\":\"SearchAction\",\"target\":{\"@type\":\"EntryPoint\",\"urlTemplate\":\"https:\\\/\\\/acninternational.org\\\/es\\\/?s={search_term_string}\"},\"query-input\":{\"@type\":\"PropertyValueSpecification\",\"valueRequired\":true,\"valueName\":\"search_term_string\"}}],\"inLanguage\":\"es\"},{\"@type\":\"Organization\",\"@id\":\"https:\\\/\\\/acninternational.org\\\/es\\\/#organization\",\"name\":\"Aid to the Church in Need International\",\"url\":\"https:\\\/\\\/acninternational.org\\\/es\\\/\",\"logo\":{\"@type\":\"ImageObject\",\"inLanguage\":\"es\",\"@id\":\"https:\\\/\\\/acninternational.org\\\/es\\\/#\\\/schema\\\/logo\\\/image\\\/\",\"url\":\"https:\\\/\\\/media.acninternational.org\\\/wp-content\\\/uploads\\\/2019\\\/11\\\/acn_logo_blackvector.svg\",\"contentUrl\":\"https:\\\/\\\/media.acninternational.org\\\/wp-content\\\/uploads\\\/2019\\\/11\\\/acn_logo_blackvector.svg\",\"width\":232.6,\"height\":78,\"caption\":\"Aid to the Church in Need International\"},\"image\":{\"@id\":\"https:\\\/\\\/acninternational.org\\\/es\\\/#\\\/schema\\\/logo\\\/image\\\/\"},\"sameAs\":[\"https:\\\/\\\/www.facebook.com\\\/acninternationalorg\",\"https:\\\/\\\/x.com\\\/acn_int\",\"https:\\\/\\\/www.youtube.com\\\/channel\\\/UCQ-077gS0TnVzkhHmf1opZw\",\"https:\\\/\\\/www.instagram.com\\\/acn_international\\\/\"]},{\"@type\":\"Person\",\"@id\":\"https:\\\/\\\/acninternational.org\\\/es\\\/#\\\/schema\\\/person\\\/7f3dafb236b242fb2aa46be1411fd703\",\"name\":\"ACN Press Team\",\"description\":\"Lorem ipsum dolor sit amet, consectetur adipiscing elit, sed do eiusmod tempor incididunt ut labore et dolore magna aliqua. Ut enim ad minim veniam, quis nostrud exercitation ullamco laboris nisi ut aliquip ex ea commodo consequat.\",\"url\":\"https:\\\/\\\/acninternational.org\\\/es\\\/author\\\/acn-press-team\\\/\"}]}<\/script>\n<!-- \/ Yoast SEO Premium plugin. -->","yoast_head_json":{"title":"Sri Lanka: \u00abDe la noche a la ma\u00f1ana, todo el pa\u00eds estaba bautizado\u00bb | ACN International","robots":{"index":"index","follow":"follow","max-snippet":"max-snippet:-1","max-image-preview":"max-image-preview:large","max-video-preview":"max-video-preview:-1"},"canonical":"https:\/\/acninternational.org\/es\/sri-lanka-de-la-noche-a-la-manana-todo-el-pais-estaba-bautizado\/","og_locale":"es_ES","og_type":"article","og_title":"Sri Lanka: \u00abDe la noche a la ma\u00f1ana, todo el pa\u00eds estaba bautizado\u00bb","og_description":"El padre Prasad Harshan apoya con su equipo de \u201canimaci\u00f3n en la fe\u201d a las v\u00edctimas de los ataques terroristas","og_url":"https:\/\/acninternational.org\/es\/sri-lanka-de-la-noche-a-la-manana-todo-el-pais-estaba-bautizado\/","og_site_name":"ACN International","article_publisher":"https:\/\/www.facebook.com\/acninternationalorg","article_published_time":"2019-08-07T22:00:00+00:00","og_image":[{"width":1200,"height":628,"url":"https:\/\/media.acninternational.org\/wp-content\/uploads\/2019\/11\/Sri-Lanka-%C2%ABDe-la-noche-a-la-ma%C3%B1ana-todo-el-pa%C3%ADs-estaba-bautizado%C2%BB-image.jpg","type":"image\/jpeg"}],"author":"ACN Press Team","twitter_card":"summary_large_image","twitter_creator":"@acn_int","twitter_site":"@acn_int","twitter_misc":{"Escrito por":"ACN Press Team","Tiempo de lectura":"5 minutos"},"schema":{"@context":"https:\/\/schema.org","@graph":[{"@type":"Article","@id":"https:\/\/acninternational.org\/es\/sri-lanka-de-la-noche-a-la-manana-todo-el-pais-estaba-bautizado\/#article","isPartOf":{"@id":"https:\/\/acninternational.org\/es\/sri-lanka-de-la-noche-a-la-manana-todo-el-pais-estaba-bautizado\/"},"author":{"name":"ACN Press Team","@id":"https:\/\/acninternational.org\/es\/#\/schema\/person\/7f3dafb236b242fb2aa46be1411fd703"},"headline":"Sri Lanka: \u00abDe la noche a la ma\u00f1ana, todo el pa\u00eds estaba bautizado\u00bb","datePublished":"2019-08-07T22:00:00+00:00","mainEntityOfPage":{"@id":"https:\/\/acninternational.org\/es\/sri-lanka-de-la-noche-a-la-manana-todo-el-pais-estaba-bautizado\/"},"wordCount":1093,"commentCount":0,"publisher":{"@id":"https:\/\/acninternational.org\/es\/#organization"},"image":{"@id":"https:\/\/acninternational.org\/es\/sri-lanka-de-la-noche-a-la-manana-todo-el-pais-estaba-bautizado\/#primaryimage"},"thumbnailUrl":"https:\/\/media.acninternational.org\/wp-content\/uploads\/2019\/11\/Sri-Lanka-%C2%ABDe-la-noche-a-la-ma%C3%B1ana-todo-el-pa%C3%ADs-estaba-bautizado%C2%BB-image.jpg","articleSection":["ENTREVISTAS"],"inLanguage":"es","potentialAction":[{"@type":"CommentAction","name":"Comment","target":["https:\/\/acninternational.org\/es\/sri-lanka-de-la-noche-a-la-manana-todo-el-pais-estaba-bautizado\/#respond"]}]},{"@type":"WebPage","@id":"https:\/\/acninternational.org\/es\/sri-lanka-de-la-noche-a-la-manana-todo-el-pais-estaba-bautizado\/","url":"https:\/\/acninternational.org\/es\/sri-lanka-de-la-noche-a-la-manana-todo-el-pais-estaba-bautizado\/","name":"Sri Lanka: \u00abDe la noche a la ma\u00f1ana, todo el pa\u00eds estaba bautizado\u00bb | ACN International","isPartOf":{"@id":"https:\/\/acninternational.org\/es\/#website"},"primaryImageOfPage":{"@id":"https:\/\/acninternational.org\/es\/sri-lanka-de-la-noche-a-la-manana-todo-el-pais-estaba-bautizado\/#primaryimage"},"image":{"@id":"https:\/\/acninternational.org\/es\/sri-lanka-de-la-noche-a-la-manana-todo-el-pais-estaba-bautizado\/#primaryimage"},"thumbnailUrl":"https:\/\/media.acninternational.org\/wp-content\/uploads\/2019\/11\/Sri-Lanka-%C2%ABDe-la-noche-a-la-ma%C3%B1ana-todo-el-pa%C3%ADs-estaba-bautizado%C2%BB-image.jpg","datePublished":"2019-08-07T22:00:00+00:00","breadcrumb":{"@id":"https:\/\/acninternational.org\/es\/sri-lanka-de-la-noche-a-la-manana-todo-el-pais-estaba-bautizado\/#breadcrumb"},"inLanguage":"es","potentialAction":[{"@type":"ReadAction","target":["https:\/\/acninternational.org\/es\/sri-lanka-de-la-noche-a-la-manana-todo-el-pais-estaba-bautizado\/"]}]},{"@type":"ImageObject","inLanguage":"es","@id":"https:\/\/acninternational.org\/es\/sri-lanka-de-la-noche-a-la-manana-todo-el-pais-estaba-bautizado\/#primaryimage","url":"https:\/\/media.acninternational.org\/wp-content\/uploads\/2019\/11\/Sri-Lanka-%C2%ABDe-la-noche-a-la-ma%C3%B1ana-todo-el-pa%C3%ADs-estaba-bautizado%C2%BB-image.jpg","contentUrl":"https:\/\/media.acninternational.org\/wp-content\/uploads\/2019\/11\/Sri-Lanka-%C2%ABDe-la-noche-a-la-ma%C3%B1ana-todo-el-pa%C3%ADs-estaba-bautizado%C2%BB-image.jpg","width":1200,"height":628,"caption":"Sri Lanka: \u00abDe la noche a la ma\u00f1ana, todo el pa\u00eds estaba bautizado\u00bb"},{"@type":"BreadcrumbList","@id":"https:\/\/acninternational.org\/es\/sri-lanka-de-la-noche-a-la-manana-todo-el-pais-estaba-bautizado\/#breadcrumb","itemListElement":[{"@type":"ListItem","position":1,"name":"Home","item":"https:\/\/acninternational.org\/es\/"},{"@type":"ListItem","position":2,"name":"ENTREVISTAS","item":"https:\/\/acninternational.org\/es\/category\/entrevistas\/"},{"@type":"ListItem","position":3,"name":"Sri Lanka: \u00abDe la noche a la ma\u00f1ana, todo el pa\u00eds estaba bautizado\u00bb"}]},{"@type":"WebSite","@id":"https:\/\/acninternational.org\/es\/#website","url":"https:\/\/acninternational.org\/es\/","name":"ACN International","description":"","publisher":{"@id":"https:\/\/acninternational.org\/es\/#organization"},"potentialAction":[{"@type":"SearchAction","target":{"@type":"EntryPoint","urlTemplate":"https:\/\/acninternational.org\/es\/?s={search_term_string}"},"query-input":{"@type":"PropertyValueSpecification","valueRequired":true,"valueName":"search_term_string"}}],"inLanguage":"es"},{"@type":"Organization","@id":"https:\/\/acninternational.org\/es\/#organization","name":"Aid to the Church in Need International","url":"https:\/\/acninternational.org\/es\/","logo":{"@type":"ImageObject","inLanguage":"es","@id":"https:\/\/acninternational.org\/es\/#\/schema\/logo\/image\/","url":"https:\/\/media.acninternational.org\/wp-content\/uploads\/2019\/11\/acn_logo_blackvector.svg","contentUrl":"https:\/\/media.acninternational.org\/wp-content\/uploads\/2019\/11\/acn_logo_blackvector.svg","width":232.6,"height":78,"caption":"Aid to the Church in Need International"},"image":{"@id":"https:\/\/acninternational.org\/es\/#\/schema\/logo\/image\/"},"sameAs":["https:\/\/www.facebook.com\/acninternationalorg","https:\/\/x.com\/acn_int","https:\/\/www.youtube.com\/channel\/UCQ-077gS0TnVzkhHmf1opZw","https:\/\/www.instagram.com\/acn_international\/"]},{"@type":"Person","@id":"https:\/\/acninternational.org\/es\/#\/schema\/person\/7f3dafb236b242fb2aa46be1411fd703","name":"ACN Press Team","description":"Lorem ipsum dolor sit amet, consectetur adipiscing elit, sed do eiusmod tempor incididunt ut labore et dolore magna aliqua. Ut enim ad minim veniam, quis nostrud exercitation ullamco laboris nisi ut aliquip ex ea commodo consequat.","url":"https:\/\/acninternational.org\/es\/author\/acn-press-team\/"}]}},"_links":{"self":[{"href":"https:\/\/acninternational.org\/es\/wp-json\/wp\/v2\/posts\/122523","targetHints":{"allow":["GET"]}}],"collection":[{"href":"https:\/\/acninternational.org\/es\/wp-json\/wp\/v2\/posts"}],"about":[{"href":"https:\/\/acninternational.org\/es\/wp-json\/wp\/v2\/types\/post"}],"author":[{"embeddable":true,"href":"https:\/\/acninternational.org\/es\/wp-json\/wp\/v2\/users\/4258341447"}],"replies":[{"embeddable":true,"href":"https:\/\/acninternational.org\/es\/wp-json\/wp\/v2\/comments?post=122523"}],"version-history":[{"count":0,"href":"https:\/\/acninternational.org\/es\/wp-json\/wp\/v2\/posts\/122523\/revisions"}],"wp:featuredmedia":[{"embeddable":true,"href":"https:\/\/acninternational.org\/es\/wp-json\/wp\/v2\/media\/122524"}],"wp:attachment":[{"href":"https:\/\/acninternational.org\/es\/wp-json\/wp\/v2\/media?parent=122523"}],"wp:term":[{"taxonomy":"category","embeddable":true,"href":"https:\/\/acninternational.org\/es\/wp-json\/wp\/v2\/categories?post=122523"},{"taxonomy":"post_tag","embeddable":true,"href":"https:\/\/acninternational.org\/es\/wp-json\/wp\/v2\/tags?post=122523"},{"taxonomy":"country","embeddable":true,"href":"https:\/\/acninternational.org\/es\/wp-json\/wp\/v2\/country?post=122523"}],"curies":[{"name":"wp","href":"https:\/\/api.w.org\/{rel}","templated":true}]}}