{"id":122448,"date":"2019-07-29T00:00:00","date_gmt":"2019-07-28T22:00:00","guid":{"rendered":"https:\/\/acninternational.org\/ucrania-apoyo-a-la-formacion-de-13-novicias-de-la-congregacion-de-los-servidoras-del-senor-y-de-la-virgen-de-matara\/"},"modified":"2019-07-29T00:00:00","modified_gmt":"2019-07-28T22:00:00","slug":"ucrania-apoyo-a-la-formacion-de-13-novicias-de-la-congregacion-de-los-servidoras-del-senor-y-de-la-virgen-de-matara","status":"publish","type":"post","link":"https:\/\/acninternational.org\/es\/ucrania-apoyo-a-la-formacion-de-13-novicias-de-la-congregacion-de-los-servidoras-del-senor-y-de-la-virgen-de-matara\/","title":{"rendered":"Ucrania: Apoyo a la formaci\u00f3n de 13 novicias de la congregaci\u00f3n de los Servidoras del Se\u00f1or y de la Virgen de Matar\u00e1"},"content":{"rendered":"<p>En Ucrania, la congregaci\u00f3n de las Servidoras del Se\u00f1or y de la Virgen de Matar\u00e1 est\u00e1 bendecida con numerosas vocaciones. Trece j\u00f3venes novicias cursan actualmente su formaci\u00f3n en Ivano-Frankivsk para consagrar sus vidas para siempre al servicio a Dios y a los hombres. \u00a0La mayor\u00eda de ellas tienen en torno a 20 a\u00f1os de edad.<\/p>\n<p>Las religiosas de esta congregaci\u00f3n acompa\u00f1an a los j\u00f3venes, organizan retiros, imparten la catequesis y se ocupan de los hu\u00e9rfanos, as\u00ed como de los ancianos y enfermos, que a menudo atraviesan situaciones de extrema necesidad en Ucrania.<\/p>\n<figure id=\"attachment_54503\" aria-describedby=\"caption-attachment-54503\" style=\"width: 420px\" class=\"wp-caption aligncenter\"><img loading=\"lazy\" decoding=\"async\" class=\"wp-image-54503 size-medium\" src=\"https:\/\/media.acninternational.org\/wp-content\/uploads\/2019\/11\/WEBSITE_template_gallery-23.jpg\" alt=\"Ucrania: Apoyo a la formaci\u00f3n de 13 novicias de la congregaci\u00f3n de los Servidoras del Se\u00f1or y de la Virgen de Matar\u00e1.\" width=\"420\" height=\"280\" \/><figcaption id=\"caption-attachment-54503\" class=\"wp-caption-text\">Ucrania: Apoyo a la formaci\u00f3n de 13 novicias de la congregaci\u00f3n de los Servidoras del Se\u00f1or y de la Virgen de Matar\u00e1.<\/figcaption><\/figure>\n<p>En verano, por ejemplo, las j\u00f3venes novicias ayudan a organizar para ni\u00f1os y j\u00f3venes campamentos de verano donde estos pueden recuperarse y divertirse, y, al mismo tiempo, profundizar su fe en Dios. Para las hermanas j\u00f3venes, este es un buen ejercicio de catequesis. El a\u00f1o pasado, algunas de ellas viajaron a Italia junto con un grupo de 50 j\u00f3venes con ocasi\u00f3n de un encuentro juvenil. Aunque el viaje en autocar fue largo y agotador, todos acabaron entusiasmados. La Hna. Mar\u00eda Cristiana, la maestra de novicias, nos informa: \u201cNunca antes hab\u00eda visto a j\u00f3venes tan entusiastas de la verdad y de la experiencia de la comunidad\u201d. Adem\u00e1s, las religiosas organizan peregrinaciones al santuario de Krylos. Durante la caminata de 25 kil\u00f3metros se reza y se canta, pero las Hermanas tambi\u00e9n est\u00e1n disponibles para conversaciones privadas en las que los j\u00f3venes pueden hablar con confianza y plantear sus preguntas acerca de la fe o hablar sobre sus problemas personales. El a\u00f1o pasado participaron 400 j\u00f3venes en la peregrinaci\u00f3n.<\/p>\n<p>ACN apoya con regularidad la educaci\u00f3n de las j\u00f3venes religiosas y tambi\u00e9n quiere apoyarlas de nuevo este a\u00f1o con 7.800 euros.<\/p>\n<p><strong>Referencia: 438-05-79<\/strong><\/p>\n","protected":false},"excerpt":{"rendered":"<p>En Ucrania, la congregaci\u00f3n de las Servidoras del Se\u00f1or y de la Virgen de Matar\u00e1 est\u00e1 bendecida con numerosas vocaciones.<\/p>\n","protected":false},"author":4258341447,"featured_media":122449,"comment_status":"open","ping_status":"open","sticky":false,"template":"","format":"standard","meta":{"_acf_changed":false,"_acn_coauthor_ids":[],"footnotes":""},"categories":[719,746,714],"tags":[],"country":[426],"class_list":["post-122448","post","type-post","status-publish","format-standard","has-post-thumbnail","hentry","category-formacion-sacerdotal-y-religiosa","category-noticias","category-proyecto","country-ucrania"],"acn_coauthors":[],"acf":[],"yoast_head":"<!-- This site is optimized with the Yoast SEO Premium plugin v27.3 (Yoast SEO v27.3) - https:\/\/yoast.com\/product\/yoast-seo-premium-wordpress\/ -->\n<title>Ucrania: Apoyo a la formaci\u00f3n de 13 novicias de la congregaci\u00f3n de los Servidoras del Se\u00f1or y de la Virgen de Matar\u00e1 | ACN International<\/title>\n<meta name=\"robots\" content=\"index, follow, max-snippet:-1, max-image-preview:large, max-video-preview:-1\" \/>\n<link rel=\"canonical\" href=\"https:\/\/acninternational.org\/es\/ucrania-apoyo-a-la-formacion-de-13-novicias-de-la-congregacion-de-los-servidoras-del-senor-y-de-la-virgen-de-matara\/\" \/>\n<meta property=\"og:locale\" content=\"es_ES\" \/>\n<meta property=\"og:type\" content=\"article\" \/>\n<meta property=\"og:title\" content=\"Ucrania: Apoyo a la formaci\u00f3n de 13 novicias de la congregaci\u00f3n de los Servidoras del Se\u00f1or y de la Virgen de Matar\u00e1\" \/>\n<meta property=\"og:description\" content=\"En Ucrania, la congregaci\u00f3n de las Servidoras del Se\u00f1or y de la Virgen de Matar\u00e1 est\u00e1 bendecida con numerosas vocaciones.\" \/>\n<meta property=\"og:url\" content=\"https:\/\/acninternational.org\/es\/ucrania-apoyo-a-la-formacion-de-13-novicias-de-la-congregacion-de-los-servidoras-del-senor-y-de-la-virgen-de-matara\/\" \/>\n<meta property=\"og:site_name\" content=\"ACN International\" \/>\n<meta property=\"article:publisher\" content=\"https:\/\/www.facebook.com\/acninternationalorg\" \/>\n<meta property=\"article:published_time\" content=\"2019-07-28T22:00:00+00:00\" \/>\n<meta property=\"og:image\" content=\"https:\/\/media.acninternational.org\/wp-content\/uploads\/2019\/11\/Ucrania-Apoyo-a-la-formaci%C3%B3n-de-13-novicias-de-la-congregaci%C3%B3n-de-los-Servidoras-del-Se%C3%B1or-y-de-la-Virgen-de-Matar%C3%A1-image.jpg\" \/>\n\t<meta property=\"og:image:width\" content=\"1200\" \/>\n\t<meta property=\"og:image:height\" content=\"628\" \/>\n\t<meta property=\"og:image:type\" content=\"image\/jpeg\" \/>\n<meta name=\"author\" content=\"ACN Press Team\" \/>\n<meta name=\"twitter:card\" content=\"summary_large_image\" \/>\n<meta name=\"twitter:creator\" content=\"@acn_int\" \/>\n<meta name=\"twitter:site\" content=\"@acn_int\" \/>\n<meta name=\"twitter:label1\" content=\"Escrito por\" \/>\n\t<meta name=\"twitter:data1\" content=\"ACN Press Team\" \/>\n\t<meta name=\"twitter:label2\" content=\"Tiempo de lectura\" \/>\n\t<meta name=\"twitter:data2\" content=\"2 minutos\" \/>\n<script type=\"application\/ld+json\" class=\"yoast-schema-graph\">{\"@context\":\"https:\\\/\\\/schema.org\",\"@graph\":[{\"@type\":\"Article\",\"@id\":\"https:\\\/\\\/acninternational.org\\\/es\\\/ucrania-apoyo-a-la-formacion-de-13-novicias-de-la-congregacion-de-los-servidoras-del-senor-y-de-la-virgen-de-matara\\\/#article\",\"isPartOf\":{\"@id\":\"https:\\\/\\\/acninternational.org\\\/es\\\/ucrania-apoyo-a-la-formacion-de-13-novicias-de-la-congregacion-de-los-servidoras-del-senor-y-de-la-virgen-de-matara\\\/\"},\"author\":{\"name\":\"ACN Press Team\",\"@id\":\"https:\\\/\\\/acninternational.org\\\/es\\\/#\\\/schema\\\/person\\\/7f3dafb236b242fb2aa46be1411fd703\"},\"headline\":\"Ucrania: Apoyo a la formaci\u00f3n de 13 novicias de la congregaci\u00f3n de los Servidoras del Se\u00f1or y de la Virgen de Matar\u00e1\",\"datePublished\":\"2019-07-28T22:00:00+00:00\",\"mainEntityOfPage\":{\"@id\":\"https:\\\/\\\/acninternational.org\\\/es\\\/ucrania-apoyo-a-la-formacion-de-13-novicias-de-la-congregacion-de-los-servidoras-del-senor-y-de-la-virgen-de-matara\\\/\"},\"wordCount\":364,\"commentCount\":0,\"publisher\":{\"@id\":\"https:\\\/\\\/acninternational.org\\\/es\\\/#organization\"},\"image\":{\"@id\":\"https:\\\/\\\/acninternational.org\\\/es\\\/ucrania-apoyo-a-la-formacion-de-13-novicias-de-la-congregacion-de-los-servidoras-del-senor-y-de-la-virgen-de-matara\\\/#primaryimage\"},\"thumbnailUrl\":\"https:\\\/\\\/media.acninternational.org\\\/wp-content\\\/uploads\\\/2019\\\/11\\\/Ucrania-Apoyo-a-la-formaci%C3%B3n-de-13-novicias-de-la-congregaci%C3%B3n-de-los-Servidoras-del-Se%C3%B1or-y-de-la-Virgen-de-Matar%C3%A1-image.jpg\",\"articleSection\":[\"FORMACI\u00d3N SACERDOTAL Y RELIGIOSA\",\"NOTICIAS\",\"PROYECTO\"],\"inLanguage\":\"es\",\"potentialAction\":[{\"@type\":\"CommentAction\",\"name\":\"Comment\",\"target\":[\"https:\\\/\\\/acninternational.org\\\/es\\\/ucrania-apoyo-a-la-formacion-de-13-novicias-de-la-congregacion-de-los-servidoras-del-senor-y-de-la-virgen-de-matara\\\/#respond\"]}]},{\"@type\":\"WebPage\",\"@id\":\"https:\\\/\\\/acninternational.org\\\/es\\\/ucrania-apoyo-a-la-formacion-de-13-novicias-de-la-congregacion-de-los-servidoras-del-senor-y-de-la-virgen-de-matara\\\/\",\"url\":\"https:\\\/\\\/acninternational.org\\\/es\\\/ucrania-apoyo-a-la-formacion-de-13-novicias-de-la-congregacion-de-los-servidoras-del-senor-y-de-la-virgen-de-matara\\\/\",\"name\":\"Ucrania: Apoyo a la formaci\u00f3n de 13 novicias de la congregaci\u00f3n de los Servidoras del Se\u00f1or y de la Virgen de Matar\u00e1 | ACN International\",\"isPartOf\":{\"@id\":\"https:\\\/\\\/acninternational.org\\\/es\\\/#website\"},\"primaryImageOfPage\":{\"@id\":\"https:\\\/\\\/acninternational.org\\\/es\\\/ucrania-apoyo-a-la-formacion-de-13-novicias-de-la-congregacion-de-los-servidoras-del-senor-y-de-la-virgen-de-matara\\\/#primaryimage\"},\"image\":{\"@id\":\"https:\\\/\\\/acninternational.org\\\/es\\\/ucrania-apoyo-a-la-formacion-de-13-novicias-de-la-congregacion-de-los-servidoras-del-senor-y-de-la-virgen-de-matara\\\/#primaryimage\"},\"thumbnailUrl\":\"https:\\\/\\\/media.acninternational.org\\\/wp-content\\\/uploads\\\/2019\\\/11\\\/Ucrania-Apoyo-a-la-formaci%C3%B3n-de-13-novicias-de-la-congregaci%C3%B3n-de-los-Servidoras-del-Se%C3%B1or-y-de-la-Virgen-de-Matar%C3%A1-image.jpg\",\"datePublished\":\"2019-07-28T22:00:00+00:00\",\"breadcrumb\":{\"@id\":\"https:\\\/\\\/acninternational.org\\\/es\\\/ucrania-apoyo-a-la-formacion-de-13-novicias-de-la-congregacion-de-los-servidoras-del-senor-y-de-la-virgen-de-matara\\\/#breadcrumb\"},\"inLanguage\":\"es\",\"potentialAction\":[{\"@type\":\"ReadAction\",\"target\":[\"https:\\\/\\\/acninternational.org\\\/es\\\/ucrania-apoyo-a-la-formacion-de-13-novicias-de-la-congregacion-de-los-servidoras-del-senor-y-de-la-virgen-de-matara\\\/\"]}]},{\"@type\":\"ImageObject\",\"inLanguage\":\"es\",\"@id\":\"https:\\\/\\\/acninternational.org\\\/es\\\/ucrania-apoyo-a-la-formacion-de-13-novicias-de-la-congregacion-de-los-servidoras-del-senor-y-de-la-virgen-de-matara\\\/#primaryimage\",\"url\":\"https:\\\/\\\/media.acninternational.org\\\/wp-content\\\/uploads\\\/2019\\\/11\\\/Ucrania-Apoyo-a-la-formaci%C3%B3n-de-13-novicias-de-la-congregaci%C3%B3n-de-los-Servidoras-del-Se%C3%B1or-y-de-la-Virgen-de-Matar%C3%A1-image.jpg\",\"contentUrl\":\"https:\\\/\\\/media.acninternational.org\\\/wp-content\\\/uploads\\\/2019\\\/11\\\/Ucrania-Apoyo-a-la-formaci%C3%B3n-de-13-novicias-de-la-congregaci%C3%B3n-de-los-Servidoras-del-Se%C3%B1or-y-de-la-Virgen-de-Matar%C3%A1-image.jpg\",\"width\":1200,\"height\":628,\"caption\":\"Ucrania: Apoyo a la formaci\u00f3n de 13 novicias de la congregaci\u00f3n de los Servidoras del Se\u00f1or y de la Virgen de Matar\u00e1\"},{\"@type\":\"BreadcrumbList\",\"@id\":\"https:\\\/\\\/acninternational.org\\\/es\\\/ucrania-apoyo-a-la-formacion-de-13-novicias-de-la-congregacion-de-los-servidoras-del-senor-y-de-la-virgen-de-matara\\\/#breadcrumb\",\"itemListElement\":[{\"@type\":\"ListItem\",\"position\":1,\"name\":\"Home\",\"item\":\"https:\\\/\\\/acninternational.org\\\/es\\\/\"},{\"@type\":\"ListItem\",\"position\":2,\"name\":\"PROYECTO\",\"item\":\"https:\\\/\\\/acninternational.org\\\/es\\\/category\\\/proyecto\\\/\"},{\"@type\":\"ListItem\",\"position\":3,\"name\":\"FORMACI\u00d3N SACERDOTAL Y RELIGIOSA\",\"item\":\"https:\\\/\\\/acninternational.org\\\/es\\\/category\\\/proyecto\\\/formacion-sacerdotal-y-religiosa\\\/\"},{\"@type\":\"ListItem\",\"position\":4,\"name\":\"Ucrania: Apoyo a la formaci\u00f3n de 13 novicias de la congregaci\u00f3n de los Servidoras del Se\u00f1or y de la Virgen de Matar\u00e1\"}]},{\"@type\":\"WebSite\",\"@id\":\"https:\\\/\\\/acninternational.org\\\/es\\\/#website\",\"url\":\"https:\\\/\\\/acninternational.org\\\/es\\\/\",\"name\":\"ACN International\",\"description\":\"\",\"publisher\":{\"@id\":\"https:\\\/\\\/acninternational.org\\\/es\\\/#organization\"},\"potentialAction\":[{\"@type\":\"SearchAction\",\"target\":{\"@type\":\"EntryPoint\",\"urlTemplate\":\"https:\\\/\\\/acninternational.org\\\/es\\\/?s={search_term_string}\"},\"query-input\":{\"@type\":\"PropertyValueSpecification\",\"valueRequired\":true,\"valueName\":\"search_term_string\"}}],\"inLanguage\":\"es\"},{\"@type\":\"Organization\",\"@id\":\"https:\\\/\\\/acninternational.org\\\/es\\\/#organization\",\"name\":\"Aid to the Church in Need International\",\"url\":\"https:\\\/\\\/acninternational.org\\\/es\\\/\",\"logo\":{\"@type\":\"ImageObject\",\"inLanguage\":\"es\",\"@id\":\"https:\\\/\\\/acninternational.org\\\/es\\\/#\\\/schema\\\/logo\\\/image\\\/\",\"url\":\"https:\\\/\\\/media.acninternational.org\\\/wp-content\\\/uploads\\\/2019\\\/11\\\/acn_logo_blackvector.svg\",\"contentUrl\":\"https:\\\/\\\/media.acninternational.org\\\/wp-content\\\/uploads\\\/2019\\\/11\\\/acn_logo_blackvector.svg\",\"width\":232.6,\"height\":78,\"caption\":\"Aid to the Church in Need International\"},\"image\":{\"@id\":\"https:\\\/\\\/acninternational.org\\\/es\\\/#\\\/schema\\\/logo\\\/image\\\/\"},\"sameAs\":[\"https:\\\/\\\/www.facebook.com\\\/acninternationalorg\",\"https:\\\/\\\/x.com\\\/acn_int\",\"https:\\\/\\\/www.youtube.com\\\/channel\\\/UCQ-077gS0TnVzkhHmf1opZw\",\"https:\\\/\\\/www.instagram.com\\\/acn_international\\\/\"]},{\"@type\":\"Person\",\"@id\":\"https:\\\/\\\/acninternational.org\\\/es\\\/#\\\/schema\\\/person\\\/7f3dafb236b242fb2aa46be1411fd703\",\"name\":\"ACN Press Team\",\"description\":\"Lorem ipsum dolor sit amet, consectetur adipiscing elit, sed do eiusmod tempor incididunt ut labore et dolore magna aliqua. Ut enim ad minim veniam, quis nostrud exercitation ullamco laboris nisi ut aliquip ex ea commodo consequat.\",\"url\":\"https:\\\/\\\/acninternational.org\\\/es\\\/author\\\/acn-press-team\\\/\"}]}<\/script>\n<!-- \/ Yoast SEO Premium plugin. -->","yoast_head_json":{"title":"Ucrania: Apoyo a la formaci\u00f3n de 13 novicias de la congregaci\u00f3n de los Servidoras del Se\u00f1or y de la Virgen de Matar\u00e1 | ACN International","robots":{"index":"index","follow":"follow","max-snippet":"max-snippet:-1","max-image-preview":"max-image-preview:large","max-video-preview":"max-video-preview:-1"},"canonical":"https:\/\/acninternational.org\/es\/ucrania-apoyo-a-la-formacion-de-13-novicias-de-la-congregacion-de-los-servidoras-del-senor-y-de-la-virgen-de-matara\/","og_locale":"es_ES","og_type":"article","og_title":"Ucrania: Apoyo a la formaci\u00f3n de 13 novicias de la congregaci\u00f3n de los Servidoras del Se\u00f1or y de la Virgen de Matar\u00e1","og_description":"En Ucrania, la congregaci\u00f3n de las Servidoras del Se\u00f1or y de la Virgen de Matar\u00e1 est\u00e1 bendecida con numerosas vocaciones.","og_url":"https:\/\/acninternational.org\/es\/ucrania-apoyo-a-la-formacion-de-13-novicias-de-la-congregacion-de-los-servidoras-del-senor-y-de-la-virgen-de-matara\/","og_site_name":"ACN International","article_publisher":"https:\/\/www.facebook.com\/acninternationalorg","article_published_time":"2019-07-28T22:00:00+00:00","og_image":[{"width":1200,"height":628,"url":"https:\/\/media.acninternational.org\/wp-content\/uploads\/2019\/11\/Ucrania-Apoyo-a-la-formaci%C3%B3n-de-13-novicias-de-la-congregaci%C3%B3n-de-los-Servidoras-del-Se%C3%B1or-y-de-la-Virgen-de-Matar%C3%A1-image.jpg","type":"image\/jpeg"}],"author":"ACN Press Team","twitter_card":"summary_large_image","twitter_creator":"@acn_int","twitter_site":"@acn_int","twitter_misc":{"Escrito por":"ACN Press Team","Tiempo de lectura":"2 minutos"},"schema":{"@context":"https:\/\/schema.org","@graph":[{"@type":"Article","@id":"https:\/\/acninternational.org\/es\/ucrania-apoyo-a-la-formacion-de-13-novicias-de-la-congregacion-de-los-servidoras-del-senor-y-de-la-virgen-de-matara\/#article","isPartOf":{"@id":"https:\/\/acninternational.org\/es\/ucrania-apoyo-a-la-formacion-de-13-novicias-de-la-congregacion-de-los-servidoras-del-senor-y-de-la-virgen-de-matara\/"},"author":{"name":"ACN Press Team","@id":"https:\/\/acninternational.org\/es\/#\/schema\/person\/7f3dafb236b242fb2aa46be1411fd703"},"headline":"Ucrania: Apoyo a la formaci\u00f3n de 13 novicias de la congregaci\u00f3n de los Servidoras del Se\u00f1or y de la Virgen de Matar\u00e1","datePublished":"2019-07-28T22:00:00+00:00","mainEntityOfPage":{"@id":"https:\/\/acninternational.org\/es\/ucrania-apoyo-a-la-formacion-de-13-novicias-de-la-congregacion-de-los-servidoras-del-senor-y-de-la-virgen-de-matara\/"},"wordCount":364,"commentCount":0,"publisher":{"@id":"https:\/\/acninternational.org\/es\/#organization"},"image":{"@id":"https:\/\/acninternational.org\/es\/ucrania-apoyo-a-la-formacion-de-13-novicias-de-la-congregacion-de-los-servidoras-del-senor-y-de-la-virgen-de-matara\/#primaryimage"},"thumbnailUrl":"https:\/\/media.acninternational.org\/wp-content\/uploads\/2019\/11\/Ucrania-Apoyo-a-la-formaci%C3%B3n-de-13-novicias-de-la-congregaci%C3%B3n-de-los-Servidoras-del-Se%C3%B1or-y-de-la-Virgen-de-Matar%C3%A1-image.jpg","articleSection":["FORMACI\u00d3N SACERDOTAL Y RELIGIOSA","NOTICIAS","PROYECTO"],"inLanguage":"es","potentialAction":[{"@type":"CommentAction","name":"Comment","target":["https:\/\/acninternational.org\/es\/ucrania-apoyo-a-la-formacion-de-13-novicias-de-la-congregacion-de-los-servidoras-del-senor-y-de-la-virgen-de-matara\/#respond"]}]},{"@type":"WebPage","@id":"https:\/\/acninternational.org\/es\/ucrania-apoyo-a-la-formacion-de-13-novicias-de-la-congregacion-de-los-servidoras-del-senor-y-de-la-virgen-de-matara\/","url":"https:\/\/acninternational.org\/es\/ucrania-apoyo-a-la-formacion-de-13-novicias-de-la-congregacion-de-los-servidoras-del-senor-y-de-la-virgen-de-matara\/","name":"Ucrania: Apoyo a la formaci\u00f3n de 13 novicias de la congregaci\u00f3n de los Servidoras del Se\u00f1or y de la Virgen de Matar\u00e1 | ACN International","isPartOf":{"@id":"https:\/\/acninternational.org\/es\/#website"},"primaryImageOfPage":{"@id":"https:\/\/acninternational.org\/es\/ucrania-apoyo-a-la-formacion-de-13-novicias-de-la-congregacion-de-los-servidoras-del-senor-y-de-la-virgen-de-matara\/#primaryimage"},"image":{"@id":"https:\/\/acninternational.org\/es\/ucrania-apoyo-a-la-formacion-de-13-novicias-de-la-congregacion-de-los-servidoras-del-senor-y-de-la-virgen-de-matara\/#primaryimage"},"thumbnailUrl":"https:\/\/media.acninternational.org\/wp-content\/uploads\/2019\/11\/Ucrania-Apoyo-a-la-formaci%C3%B3n-de-13-novicias-de-la-congregaci%C3%B3n-de-los-Servidoras-del-Se%C3%B1or-y-de-la-Virgen-de-Matar%C3%A1-image.jpg","datePublished":"2019-07-28T22:00:00+00:00","breadcrumb":{"@id":"https:\/\/acninternational.org\/es\/ucrania-apoyo-a-la-formacion-de-13-novicias-de-la-congregacion-de-los-servidoras-del-senor-y-de-la-virgen-de-matara\/#breadcrumb"},"inLanguage":"es","potentialAction":[{"@type":"ReadAction","target":["https:\/\/acninternational.org\/es\/ucrania-apoyo-a-la-formacion-de-13-novicias-de-la-congregacion-de-los-servidoras-del-senor-y-de-la-virgen-de-matara\/"]}]},{"@type":"ImageObject","inLanguage":"es","@id":"https:\/\/acninternational.org\/es\/ucrania-apoyo-a-la-formacion-de-13-novicias-de-la-congregacion-de-los-servidoras-del-senor-y-de-la-virgen-de-matara\/#primaryimage","url":"https:\/\/media.acninternational.org\/wp-content\/uploads\/2019\/11\/Ucrania-Apoyo-a-la-formaci%C3%B3n-de-13-novicias-de-la-congregaci%C3%B3n-de-los-Servidoras-del-Se%C3%B1or-y-de-la-Virgen-de-Matar%C3%A1-image.jpg","contentUrl":"https:\/\/media.acninternational.org\/wp-content\/uploads\/2019\/11\/Ucrania-Apoyo-a-la-formaci%C3%B3n-de-13-novicias-de-la-congregaci%C3%B3n-de-los-Servidoras-del-Se%C3%B1or-y-de-la-Virgen-de-Matar%C3%A1-image.jpg","width":1200,"height":628,"caption":"Ucrania: Apoyo a la formaci\u00f3n de 13 novicias de la congregaci\u00f3n de los Servidoras del Se\u00f1or y de la Virgen de Matar\u00e1"},{"@type":"BreadcrumbList","@id":"https:\/\/acninternational.org\/es\/ucrania-apoyo-a-la-formacion-de-13-novicias-de-la-congregacion-de-los-servidoras-del-senor-y-de-la-virgen-de-matara\/#breadcrumb","itemListElement":[{"@type":"ListItem","position":1,"name":"Home","item":"https:\/\/acninternational.org\/es\/"},{"@type":"ListItem","position":2,"name":"PROYECTO","item":"https:\/\/acninternational.org\/es\/category\/proyecto\/"},{"@type":"ListItem","position":3,"name":"FORMACI\u00d3N SACERDOTAL Y RELIGIOSA","item":"https:\/\/acninternational.org\/es\/category\/proyecto\/formacion-sacerdotal-y-religiosa\/"},{"@type":"ListItem","position":4,"name":"Ucrania: Apoyo a la formaci\u00f3n de 13 novicias de la congregaci\u00f3n de los Servidoras del Se\u00f1or y de la Virgen de Matar\u00e1"}]},{"@type":"WebSite","@id":"https:\/\/acninternational.org\/es\/#website","url":"https:\/\/acninternational.org\/es\/","name":"ACN International","description":"","publisher":{"@id":"https:\/\/acninternational.org\/es\/#organization"},"potentialAction":[{"@type":"SearchAction","target":{"@type":"EntryPoint","urlTemplate":"https:\/\/acninternational.org\/es\/?s={search_term_string}"},"query-input":{"@type":"PropertyValueSpecification","valueRequired":true,"valueName":"search_term_string"}}],"inLanguage":"es"},{"@type":"Organization","@id":"https:\/\/acninternational.org\/es\/#organization","name":"Aid to the Church in Need International","url":"https:\/\/acninternational.org\/es\/","logo":{"@type":"ImageObject","inLanguage":"es","@id":"https:\/\/acninternational.org\/es\/#\/schema\/logo\/image\/","url":"https:\/\/media.acninternational.org\/wp-content\/uploads\/2019\/11\/acn_logo_blackvector.svg","contentUrl":"https:\/\/media.acninternational.org\/wp-content\/uploads\/2019\/11\/acn_logo_blackvector.svg","width":232.6,"height":78,"caption":"Aid to the Church in Need International"},"image":{"@id":"https:\/\/acninternational.org\/es\/#\/schema\/logo\/image\/"},"sameAs":["https:\/\/www.facebook.com\/acninternationalorg","https:\/\/x.com\/acn_int","https:\/\/www.youtube.com\/channel\/UCQ-077gS0TnVzkhHmf1opZw","https:\/\/www.instagram.com\/acn_international\/"]},{"@type":"Person","@id":"https:\/\/acninternational.org\/es\/#\/schema\/person\/7f3dafb236b242fb2aa46be1411fd703","name":"ACN Press Team","description":"Lorem ipsum dolor sit amet, consectetur adipiscing elit, sed do eiusmod tempor incididunt ut labore et dolore magna aliqua. Ut enim ad minim veniam, quis nostrud exercitation ullamco laboris nisi ut aliquip ex ea commodo consequat.","url":"https:\/\/acninternational.org\/es\/author\/acn-press-team\/"}]}},"_links":{"self":[{"href":"https:\/\/acninternational.org\/es\/wp-json\/wp\/v2\/posts\/122448","targetHints":{"allow":["GET"]}}],"collection":[{"href":"https:\/\/acninternational.org\/es\/wp-json\/wp\/v2\/posts"}],"about":[{"href":"https:\/\/acninternational.org\/es\/wp-json\/wp\/v2\/types\/post"}],"author":[{"embeddable":true,"href":"https:\/\/acninternational.org\/es\/wp-json\/wp\/v2\/users\/4258341447"}],"replies":[{"embeddable":true,"href":"https:\/\/acninternational.org\/es\/wp-json\/wp\/v2\/comments?post=122448"}],"version-history":[{"count":0,"href":"https:\/\/acninternational.org\/es\/wp-json\/wp\/v2\/posts\/122448\/revisions"}],"wp:featuredmedia":[{"embeddable":true,"href":"https:\/\/acninternational.org\/es\/wp-json\/wp\/v2\/media\/122449"}],"wp:attachment":[{"href":"https:\/\/acninternational.org\/es\/wp-json\/wp\/v2\/media?parent=122448"}],"wp:term":[{"taxonomy":"category","embeddable":true,"href":"https:\/\/acninternational.org\/es\/wp-json\/wp\/v2\/categories?post=122448"},{"taxonomy":"post_tag","embeddable":true,"href":"https:\/\/acninternational.org\/es\/wp-json\/wp\/v2\/tags?post=122448"},{"taxonomy":"country","embeddable":true,"href":"https:\/\/acninternational.org\/es\/wp-json\/wp\/v2\/country?post=122448"}],"curies":[{"name":"wp","href":"https:\/\/api.w.org\/{rel}","templated":true}]}}