{"id":122298,"date":"2019-07-26T00:00:00","date_gmt":"2019-07-25T22:00:00","guid":{"rendered":"https:\/\/acninternational.org\/ataques-de-fulanis-en-nigeria-el-agresor-podria-convertirs-facilmente-en-la-victima\/"},"modified":"2019-07-26T00:00:00","modified_gmt":"2019-07-25T22:00:00","slug":"ataques-de-fulanis-en-nigeria-el-agresor-podria-convertirs-facilmente-en-la-victima","status":"publish","type":"post","link":"https:\/\/acninternational.org\/es\/ataques-de-fulanis-en-nigeria-el-agresor-podria-convertirs-facilmente-en-la-victima\/","title":{"rendered":"Ataques de Fulanis en Nigeria: \u201cEl agresor podr\u00eda convertirs f\u00e1cilmente en la v\u00edctima\u00bb"},"content":{"rendered":"<p>En Nigeria, informes oficiales de fuerzas de seguridad sesgados y llenos de prejuicios son un gran problema que incrementa la tensi\u00f3n actual en Nigeria, ya que las v\u00edctimas terminan siendo culpadas en lugar de los agresores, en el que juega un papel el \u00abfactor\u00bb de afiliaci\u00f3n tribal o religiosa en Nigeria. Un ejemplo t\u00edpico se repite cuando los pastores fulani desaparecen despu\u00e9s de sus ataques mortales y los pobres aldeanos tratan de reaccionar para protegerse o defenderse. A menudo son estos \u00faltimos los que acaban detenidos, encarcelados y torturados por las fuerzas de seguridad. As\u00ed ha sido, por ejemplo, en el caso de los j\u00f3venes de la tribu kona.<\/p>\n<p>El Arzobispo coadjutor de Abuja y Administrador Apost\u00f3lico de Jos en Nigeria, Mons. Ignatius Ayau Kaigama, lo ha hecho saber en un mensaje difundido y puesto a disposici\u00f3n de la Fundaci\u00f3n <em>Ayuda a la Iglesia Necesitada<\/em> en relaci\u00f3n con el conflicto que comenz\u00f3 el 6 de mayo de 2019, cuando tuvo lugar un enfrentamiento entre un pastor fulani y un agricultor de Jukun Kona en Yawai Abbare, Jalingo, en el estado de Taraba de Nigeria. El conflicto dur\u00f3 m\u00e1s de un mes y degener\u00f3 hasta el punto de que, al final, 18 aldeas fueron atacadas e incendiadas, 65 personas resultaron muertas y 9.000, desplazadas. Adem\u00e1s, 15 iglesias, dos escuelas de primaria y un centro de salud fueron destruidos.\u00bb \u00abNo alcanzo a entender que en Nigeria, cuando hay un malentendido, la gente tienda a expresar su ira y frustraci\u00f3n en lugares de identidad religiosa y de culto, tratando de darle una connotaci\u00f3n religiosa a lo que es un conflicto social. Esto es algo censurable. Tambi\u00e9n es sorprendente que los que dicen ser \u00abcreyentes\u00bb destruyan lugares de culto e incluso quiten vidas sin el m\u00e1s m\u00ednimo escr\u00fapulo\u00bb, lamenta el prelado.<\/p>\n<figure id=\"attachment_54313\" aria-describedby=\"caption-attachment-54313\" style=\"width: 420px\" class=\"wp-caption aligncenter\"><img loading=\"lazy\" decoding=\"async\" class=\"wp-image-54313 size-medium\" src=\"https:\/\/media.acninternational.org\/wp-content\/uploads\/2019\/10\/WEBSITE_template_gallery-14.jpg\" alt=\"El Arzobispo coadjutor de Abuja y Administrador Apost\u00f3lico de Jos en Nigeria, Mons. Ignatius Ayau Kaigama.\" width=\"420\" height=\"280\" \/><figcaption id=\"caption-attachment-54313\" class=\"wp-caption-text\">El Arzobispo coadjutor de Abuja y Administrador Apost\u00f3lico de Jos en Nigeria, Mons. Ignatius Ayau Kaigama.<\/figcaption><\/figure>\n<p>\u201cComo de costumbre, lo que realmente desencaden\u00f3 la crisis seguir\u00e1 siendo objeto de conjeturas. Los fulani y los kona cuentan su historia de tal manera que favorece a su grupo \u00e9tnico. Esto explica por qu\u00e9, con demasiada frecuencia, cuando una autoridad de la seguridad da por cierto un relato sin tener en cuenta los hechos objetivos de las historias que se difunden y sin contrastar en profundidad las versiones de las partes implicadas, el resultado es un informe distorsionado para las autoridades superiores o para el consumo del p\u00fablico. En estos casos, el agresor puede convertirse f\u00e1cilmente en la v\u00edctima, mientras que la v\u00edctima se convierte en el agresor\u201d, explica Mons. Kaigama, a\u00f1adiendo que la reacci\u00f3n de los agentes de seguridad deber\u00eda haber sido r\u00e1pida y carente de lo que tristemente ha polarizado a los nigerianos a todos los niveles: los prejuicios religiosos y \u00e9tnicos.<\/p>\n<p>Seg\u00fan ha se\u00f1alado, la violencia se perpetu\u00f3 sin control durante un largo periodo, y el conato de ataque contra Kofai del 16 de junio provoc\u00f3 que los j\u00f3venes kona se sintieran desatendidos. En consecuencia, bloquearon las carreteras y, enojados y frustrados, trataron de oponerse a los soldados. Afirmaban que les hab\u00edan disparado y arrestado por levantarse en defensa de su comunidad contra los pastores saqueadores. Cientos de mujeres kona participaron en una manifestaci\u00f3n pac\u00edfica para protestar por los asesinatos, el acoso y la detenci\u00f3n de los j\u00f3venes kona por parte de los agentes de seguridad, mientras que los verdaderos agresores (hombres armados) hab\u00edan desaparecido tras sus ataques mortales.\u00a0Mons. Kaigama explica que cuando se enter\u00f3 de la impotencia de la gente, se vio obligado a ponerse en contacto con el personal de seguridad y con altos funcionarios del Gobierno para que intervinieran, y que se vio decepcionado por la respuesta negativa que recibi\u00f3 de algunos de ellos.<\/p>\n<figure id=\"attachment_54314\" aria-describedby=\"caption-attachment-54314\" style=\"width: 420px\" class=\"wp-caption aligncenter\"><img loading=\"lazy\" decoding=\"async\" class=\"wp-image-54314 size-medium\" src=\"https:\/\/media.acninternational.org\/wp-content\/uploads\/2019\/11\/WEBSITE_template_gallery2-11.jpg\" alt=\"El conflicto dur\u00f3 m\u00e1s de un mes y degener\u00f3 hasta el punto de que, al final, 18 aldeas fueron atacadas e incendiadas, 65 personas resultaron muertas y 9.000, desplazadas.\" width=\"420\" height=\"280\" \/><figcaption id=\"caption-attachment-54314\" class=\"wp-caption-text\">El conflicto dur\u00f3 m\u00e1s de un mes y degener\u00f3 hasta el punto de que, al final, 18 aldeas fueron atacadas e incendiadas, 65 personas resultaron muertas y 9.000, desplazadas.<\/figcaption><\/figure>\n<p>\u201cDe todas las personas que llam\u00e9 por tel\u00e9fono, lo que m\u00e1s me sorprendi\u00f3 fue la respuesta, reacci\u00f3n y actitud descort\u00e9s del subdirector de la Polic\u00eda del estado de Taraba, quien estaba a cargo de las operaciones. En mis diecinueve a\u00f1os como Arzobispo cat\u00f3lico de Jos, he mantenido una buena relaci\u00f3n con todos los comisarios de Polic\u00eda, comandantes del Ej\u00e9rcito, directores de Servicio de Seguridad del Estado, comandantes de Defensa Civil y comandantes de la Operaci\u00f3n Refugios Seguros destinados en el Estado de Plateau, hasta el punto de que no hace mucho tiempo, despu\u00e9s de haber trabajado con \u00e9xito juntos para evitar lo que podr\u00eda haber desencadenado una gran crisis y un derramamiento de sangre en Jos, los invit\u00e9 a mi sede, donde intercambiamos opiniones gracias a su encomiable cooperaci\u00f3n con la Iglesia. Cada vez que hab\u00eda un nuevo oficial superior de seguridad en Jos, visitaban mi oficina o nos reun\u00edamos en foros de di\u00e1logo, como el Centro de Di\u00e1logo, Reconciliaci\u00f3n y Paz (DREP) que fund\u00e9 en Jos en 2011\u201d.<\/p>\n<p>\u201cEn algunos casos resulta evidente que los agentes de seguridad tienen prejuicios acerca de lo que ocurre en un conflicto\u201d, dijo.\u00a0En cambio, el Arzobispo elogia la respuesta del vicepresidente del pa\u00eds, el profesor Yemi Osinbajo, quien lo escuch\u00f3 y le prometi\u00f3 actuar. \u201cCreo que mi petici\u00f3n al vicepresidente para que interviniera llev\u00f3 al presidente Buhari a declarar el 20 de junio que las tierras de los kona y su pueblo deb\u00edan ser protegidos. A trav\u00e9s de su asistente especial superior de Medios de Comunicaci\u00f3n y Publicidad, Garba Shehu, el presidente conden\u00f3 los ataques contra el pueblo kona y advirti\u00f3 que los ataques contra personas inocentes por venganza o por cualquier otro motivo no ser\u00edan tolerados por el Gobierno. Por la gracia de Dios tambi\u00e9n se tomaron medidas por la paz\u201d, dice. \u201cAhora se producen ataques de guerrilla cuando los agricultores que intentan cultivar sus tierras son asesinados\u201d, contin\u00faa. \u201cTres personas fueron asesinadas la ma\u00f1ana de mi visita del 10 de julio\u201d.<\/p>\n<figure id=\"attachment_54315\" aria-describedby=\"caption-attachment-54315\" style=\"width: 420px\" class=\"wp-caption aligncenter\"><img loading=\"lazy\" decoding=\"async\" class=\"wp-image-54315 size-medium\" src=\"https:\/\/media.acninternational.org\/wp-content\/uploads\/2019\/11\/WEBSITE_template_gallery3-3.jpg\" alt=\"Adem\u00e1s, 15 iglesias, dos escuelas de primaria y un centro de salud fueron destruidos.\" width=\"420\" height=\"280\" \/><figcaption id=\"caption-attachment-54315\" class=\"wp-caption-text\">Adem\u00e1s, 15 iglesias, dos escuelas de primaria y un centro de salud fueron destruidos.<\/figcaption><\/figure>\n<p>Seg\u00fan el Arzobispo, la gran pregunta es: Despu\u00e9s del retorno de la paz, \u00bfqu\u00e9 pasar\u00e1 despu\u00e9s? La gente est\u00e1 desplazada, no hay casas a las que regresar, no es posible ninguna actividad agr\u00edcola, etc. Sigue adem\u00e1s el temor de que los ataques puedan volver a estallar.\u00a0El Arzobispo recuerda que esta crisis entre los fulani y los kona parece ser una r\u00e9plica del suceso de los a\u00f1os 1890 entre el pueblo Jukun Kona y los fulani de Jalingo. Como consecuencia de los actuales sucesos, dice, la hostilidad se ha intensificado, empeorando la relaci\u00f3n entre estas dos tribus.\u00a0Por lo tanto, urge tomar medidas para cerrar la brecha y curar las heridas hist\u00f3ricas. Se debe buscar una justicia genuina y la reconciliaci\u00f3n, y es necesario establecer un Comit\u00e9 de Verdad y Reconciliaci\u00f3n para llegar a la ra\u00edz de este asunto, sugiere.<\/p>\n","protected":false},"excerpt":{"rendered":"<p>En Nigeria, informes oficiales de fuerzas de seguridad sesgados y llenos de prejuicios son un gran problema que incrementa la<\/p>\n","protected":false},"author":4258341447,"featured_media":122299,"comment_status":"open","ping_status":"open","sticky":false,"template":"","format":"standard","meta":{"_acf_changed":false,"_acn_coauthor_ids":[],"footnotes":""},"categories":[746],"tags":[],"country":[408],"class_list":["post-122298","post","type-post","status-publish","format-standard","has-post-thumbnail","hentry","category-noticias","country-nigeria-es"],"acn_coauthors":[],"acf":[],"yoast_head":"<!-- This site is optimized with the Yoast SEO Premium plugin v27.3 (Yoast SEO v27.3) - https:\/\/yoast.com\/product\/yoast-seo-premium-wordpress\/ -->\n<title>Ataques de Fulanis en Nigeria: \u201cEl agresor podr\u00eda convertirs f\u00e1cilmente en la v\u00edctima&quot; | ACN International<\/title>\n<meta name=\"robots\" content=\"index, follow, max-snippet:-1, max-image-preview:large, max-video-preview:-1\" \/>\n<link rel=\"canonical\" href=\"https:\/\/acninternational.org\/es\/ataques-de-fulanis-en-nigeria-el-agresor-podria-convertirs-facilmente-en-la-victima\/\" \/>\n<meta property=\"og:locale\" content=\"es_ES\" \/>\n<meta property=\"og:type\" content=\"article\" \/>\n<meta property=\"og:title\" content=\"Ataques de Fulanis en Nigeria: \u201cEl agresor podr\u00eda convertirs f\u00e1cilmente en la v\u00edctima&quot;\" \/>\n<meta property=\"og:description\" content=\"En Nigeria, informes oficiales de fuerzas de seguridad sesgados y llenos de prejuicios son un gran problema que incrementa la\" \/>\n<meta property=\"og:url\" content=\"https:\/\/acninternational.org\/es\/ataques-de-fulanis-en-nigeria-el-agresor-podria-convertirs-facilmente-en-la-victima\/\" \/>\n<meta property=\"og:site_name\" content=\"ACN International\" \/>\n<meta property=\"article:publisher\" content=\"https:\/\/www.facebook.com\/acninternationalorg\" \/>\n<meta property=\"article:published_time\" content=\"2019-07-25T22:00:00+00:00\" \/>\n<meta property=\"og:image\" content=\"https:\/\/media.acninternational.org\/wp-content\/uploads\/2019\/11\/Ataques-de-Fulanis-en-Nigeria-%E2%80%9CEl-agresor-podr%C3%ADa-convertirs-f%C3%A1cilmente-en-la-v%C3%ADctima-image.jpg\" \/>\n\t<meta property=\"og:image:width\" content=\"1200\" \/>\n\t<meta property=\"og:image:height\" content=\"628\" \/>\n\t<meta property=\"og:image:type\" content=\"image\/jpeg\" \/>\n<meta name=\"author\" content=\"ACN Press Team\" \/>\n<meta name=\"twitter:card\" content=\"summary_large_image\" \/>\n<meta name=\"twitter:creator\" content=\"@acn_int\" \/>\n<meta name=\"twitter:site\" content=\"@acn_int\" \/>\n<meta name=\"twitter:label1\" content=\"Escrito por\" \/>\n\t<meta name=\"twitter:data1\" content=\"ACN Press Team\" \/>\n\t<meta name=\"twitter:label2\" content=\"Tiempo de lectura\" \/>\n\t<meta name=\"twitter:data2\" content=\"6 minutos\" \/>\n<script type=\"application\/ld+json\" class=\"yoast-schema-graph\">{\"@context\":\"https:\\\/\\\/schema.org\",\"@graph\":[{\"@type\":\"Article\",\"@id\":\"https:\\\/\\\/acninternational.org\\\/es\\\/ataques-de-fulanis-en-nigeria-el-agresor-podria-convertirs-facilmente-en-la-victima\\\/#article\",\"isPartOf\":{\"@id\":\"https:\\\/\\\/acninternational.org\\\/es\\\/ataques-de-fulanis-en-nigeria-el-agresor-podria-convertirs-facilmente-en-la-victima\\\/\"},\"author\":{\"name\":\"ACN Press Team\",\"@id\":\"https:\\\/\\\/acninternational.org\\\/es\\\/#\\\/schema\\\/person\\\/7f3dafb236b242fb2aa46be1411fd703\"},\"headline\":\"Ataques de Fulanis en Nigeria: \u201cEl agresor podr\u00eda convertirs f\u00e1cilmente en la v\u00edctima\u00bb\",\"datePublished\":\"2019-07-25T22:00:00+00:00\",\"mainEntityOfPage\":{\"@id\":\"https:\\\/\\\/acninternational.org\\\/es\\\/ataques-de-fulanis-en-nigeria-el-agresor-podria-convertirs-facilmente-en-la-victima\\\/\"},\"wordCount\":1229,\"commentCount\":0,\"publisher\":{\"@id\":\"https:\\\/\\\/acninternational.org\\\/es\\\/#organization\"},\"image\":{\"@id\":\"https:\\\/\\\/acninternational.org\\\/es\\\/ataques-de-fulanis-en-nigeria-el-agresor-podria-convertirs-facilmente-en-la-victima\\\/#primaryimage\"},\"thumbnailUrl\":\"https:\\\/\\\/media.acninternational.org\\\/wp-content\\\/uploads\\\/2019\\\/11\\\/Ataques-de-Fulanis-en-Nigeria-%E2%80%9CEl-agresor-podr%C3%ADa-convertirs-f%C3%A1cilmente-en-la-v%C3%ADctima-image.jpg\",\"articleSection\":[\"NOTICIAS\"],\"inLanguage\":\"es\",\"potentialAction\":[{\"@type\":\"CommentAction\",\"name\":\"Comment\",\"target\":[\"https:\\\/\\\/acninternational.org\\\/es\\\/ataques-de-fulanis-en-nigeria-el-agresor-podria-convertirs-facilmente-en-la-victima\\\/#respond\"]}]},{\"@type\":\"WebPage\",\"@id\":\"https:\\\/\\\/acninternational.org\\\/es\\\/ataques-de-fulanis-en-nigeria-el-agresor-podria-convertirs-facilmente-en-la-victima\\\/\",\"url\":\"https:\\\/\\\/acninternational.org\\\/es\\\/ataques-de-fulanis-en-nigeria-el-agresor-podria-convertirs-facilmente-en-la-victima\\\/\",\"name\":\"Ataques de Fulanis en Nigeria: \u201cEl agresor podr\u00eda convertirs f\u00e1cilmente en la v\u00edctima\\\" | ACN International\",\"isPartOf\":{\"@id\":\"https:\\\/\\\/acninternational.org\\\/es\\\/#website\"},\"primaryImageOfPage\":{\"@id\":\"https:\\\/\\\/acninternational.org\\\/es\\\/ataques-de-fulanis-en-nigeria-el-agresor-podria-convertirs-facilmente-en-la-victima\\\/#primaryimage\"},\"image\":{\"@id\":\"https:\\\/\\\/acninternational.org\\\/es\\\/ataques-de-fulanis-en-nigeria-el-agresor-podria-convertirs-facilmente-en-la-victima\\\/#primaryimage\"},\"thumbnailUrl\":\"https:\\\/\\\/media.acninternational.org\\\/wp-content\\\/uploads\\\/2019\\\/11\\\/Ataques-de-Fulanis-en-Nigeria-%E2%80%9CEl-agresor-podr%C3%ADa-convertirs-f%C3%A1cilmente-en-la-v%C3%ADctima-image.jpg\",\"datePublished\":\"2019-07-25T22:00:00+00:00\",\"breadcrumb\":{\"@id\":\"https:\\\/\\\/acninternational.org\\\/es\\\/ataques-de-fulanis-en-nigeria-el-agresor-podria-convertirs-facilmente-en-la-victima\\\/#breadcrumb\"},\"inLanguage\":\"es\",\"potentialAction\":[{\"@type\":\"ReadAction\",\"target\":[\"https:\\\/\\\/acninternational.org\\\/es\\\/ataques-de-fulanis-en-nigeria-el-agresor-podria-convertirs-facilmente-en-la-victima\\\/\"]}]},{\"@type\":\"ImageObject\",\"inLanguage\":\"es\",\"@id\":\"https:\\\/\\\/acninternational.org\\\/es\\\/ataques-de-fulanis-en-nigeria-el-agresor-podria-convertirs-facilmente-en-la-victima\\\/#primaryimage\",\"url\":\"https:\\\/\\\/media.acninternational.org\\\/wp-content\\\/uploads\\\/2019\\\/11\\\/Ataques-de-Fulanis-en-Nigeria-%E2%80%9CEl-agresor-podr%C3%ADa-convertirs-f%C3%A1cilmente-en-la-v%C3%ADctima-image.jpg\",\"contentUrl\":\"https:\\\/\\\/media.acninternational.org\\\/wp-content\\\/uploads\\\/2019\\\/11\\\/Ataques-de-Fulanis-en-Nigeria-%E2%80%9CEl-agresor-podr%C3%ADa-convertirs-f%C3%A1cilmente-en-la-v%C3%ADctima-image.jpg\",\"width\":1200,\"height\":628,\"caption\":\"Ataques de Fulanis en Nigeria: \u201cEl agresor podr\u00eda convertirs f\u00e1cilmente en la v\u00edctima\\\"\"},{\"@type\":\"BreadcrumbList\",\"@id\":\"https:\\\/\\\/acninternational.org\\\/es\\\/ataques-de-fulanis-en-nigeria-el-agresor-podria-convertirs-facilmente-en-la-victima\\\/#breadcrumb\",\"itemListElement\":[{\"@type\":\"ListItem\",\"position\":1,\"name\":\"Home\",\"item\":\"https:\\\/\\\/acninternational.org\\\/es\\\/\"},{\"@type\":\"ListItem\",\"position\":2,\"name\":\"NOTICIAS\",\"item\":\"https:\\\/\\\/acninternational.org\\\/es\\\/category\\\/noticias\\\/\"},{\"@type\":\"ListItem\",\"position\":3,\"name\":\"Ataques de Fulanis en Nigeria: \u201cEl agresor podr\u00eda convertirs f\u00e1cilmente en la v\u00edctima\u00bb\"}]},{\"@type\":\"WebSite\",\"@id\":\"https:\\\/\\\/acninternational.org\\\/es\\\/#website\",\"url\":\"https:\\\/\\\/acninternational.org\\\/es\\\/\",\"name\":\"ACN International\",\"description\":\"\",\"publisher\":{\"@id\":\"https:\\\/\\\/acninternational.org\\\/es\\\/#organization\"},\"potentialAction\":[{\"@type\":\"SearchAction\",\"target\":{\"@type\":\"EntryPoint\",\"urlTemplate\":\"https:\\\/\\\/acninternational.org\\\/es\\\/?s={search_term_string}\"},\"query-input\":{\"@type\":\"PropertyValueSpecification\",\"valueRequired\":true,\"valueName\":\"search_term_string\"}}],\"inLanguage\":\"es\"},{\"@type\":\"Organization\",\"@id\":\"https:\\\/\\\/acninternational.org\\\/es\\\/#organization\",\"name\":\"Aid to the Church in Need International\",\"url\":\"https:\\\/\\\/acninternational.org\\\/es\\\/\",\"logo\":{\"@type\":\"ImageObject\",\"inLanguage\":\"es\",\"@id\":\"https:\\\/\\\/acninternational.org\\\/es\\\/#\\\/schema\\\/logo\\\/image\\\/\",\"url\":\"https:\\\/\\\/media.acninternational.org\\\/wp-content\\\/uploads\\\/2019\\\/11\\\/acn_logo_blackvector.svg\",\"contentUrl\":\"https:\\\/\\\/media.acninternational.org\\\/wp-content\\\/uploads\\\/2019\\\/11\\\/acn_logo_blackvector.svg\",\"width\":232.6,\"height\":78,\"caption\":\"Aid to the Church in Need International\"},\"image\":{\"@id\":\"https:\\\/\\\/acninternational.org\\\/es\\\/#\\\/schema\\\/logo\\\/image\\\/\"},\"sameAs\":[\"https:\\\/\\\/www.facebook.com\\\/acninternationalorg\",\"https:\\\/\\\/x.com\\\/acn_int\",\"https:\\\/\\\/www.youtube.com\\\/channel\\\/UCQ-077gS0TnVzkhHmf1opZw\",\"https:\\\/\\\/www.instagram.com\\\/acn_international\\\/\"]},{\"@type\":\"Person\",\"@id\":\"https:\\\/\\\/acninternational.org\\\/es\\\/#\\\/schema\\\/person\\\/7f3dafb236b242fb2aa46be1411fd703\",\"name\":\"ACN Press Team\",\"description\":\"Lorem ipsum dolor sit amet, consectetur adipiscing elit, sed do eiusmod tempor incididunt ut labore et dolore magna aliqua. Ut enim ad minim veniam, quis nostrud exercitation ullamco laboris nisi ut aliquip ex ea commodo consequat.\",\"url\":\"https:\\\/\\\/acninternational.org\\\/es\\\/author\\\/acn-press-team\\\/\"}]}<\/script>\n<!-- \/ Yoast SEO Premium plugin. -->","yoast_head_json":{"title":"Ataques de Fulanis en Nigeria: \u201cEl agresor podr\u00eda convertirs f\u00e1cilmente en la v\u00edctima\" | ACN International","robots":{"index":"index","follow":"follow","max-snippet":"max-snippet:-1","max-image-preview":"max-image-preview:large","max-video-preview":"max-video-preview:-1"},"canonical":"https:\/\/acninternational.org\/es\/ataques-de-fulanis-en-nigeria-el-agresor-podria-convertirs-facilmente-en-la-victima\/","og_locale":"es_ES","og_type":"article","og_title":"Ataques de Fulanis en Nigeria: \u201cEl agresor podr\u00eda convertirs f\u00e1cilmente en la v\u00edctima\"","og_description":"En Nigeria, informes oficiales de fuerzas de seguridad sesgados y llenos de prejuicios son un gran problema que incrementa la","og_url":"https:\/\/acninternational.org\/es\/ataques-de-fulanis-en-nigeria-el-agresor-podria-convertirs-facilmente-en-la-victima\/","og_site_name":"ACN International","article_publisher":"https:\/\/www.facebook.com\/acninternationalorg","article_published_time":"2019-07-25T22:00:00+00:00","og_image":[{"width":1200,"height":628,"url":"https:\/\/media.acninternational.org\/wp-content\/uploads\/2019\/11\/Ataques-de-Fulanis-en-Nigeria-%E2%80%9CEl-agresor-podr%C3%ADa-convertirs-f%C3%A1cilmente-en-la-v%C3%ADctima-image.jpg","type":"image\/jpeg"}],"author":"ACN Press Team","twitter_card":"summary_large_image","twitter_creator":"@acn_int","twitter_site":"@acn_int","twitter_misc":{"Escrito por":"ACN Press Team","Tiempo de lectura":"6 minutos"},"schema":{"@context":"https:\/\/schema.org","@graph":[{"@type":"Article","@id":"https:\/\/acninternational.org\/es\/ataques-de-fulanis-en-nigeria-el-agresor-podria-convertirs-facilmente-en-la-victima\/#article","isPartOf":{"@id":"https:\/\/acninternational.org\/es\/ataques-de-fulanis-en-nigeria-el-agresor-podria-convertirs-facilmente-en-la-victima\/"},"author":{"name":"ACN Press Team","@id":"https:\/\/acninternational.org\/es\/#\/schema\/person\/7f3dafb236b242fb2aa46be1411fd703"},"headline":"Ataques de Fulanis en Nigeria: \u201cEl agresor podr\u00eda convertirs f\u00e1cilmente en la v\u00edctima\u00bb","datePublished":"2019-07-25T22:00:00+00:00","mainEntityOfPage":{"@id":"https:\/\/acninternational.org\/es\/ataques-de-fulanis-en-nigeria-el-agresor-podria-convertirs-facilmente-en-la-victima\/"},"wordCount":1229,"commentCount":0,"publisher":{"@id":"https:\/\/acninternational.org\/es\/#organization"},"image":{"@id":"https:\/\/acninternational.org\/es\/ataques-de-fulanis-en-nigeria-el-agresor-podria-convertirs-facilmente-en-la-victima\/#primaryimage"},"thumbnailUrl":"https:\/\/media.acninternational.org\/wp-content\/uploads\/2019\/11\/Ataques-de-Fulanis-en-Nigeria-%E2%80%9CEl-agresor-podr%C3%ADa-convertirs-f%C3%A1cilmente-en-la-v%C3%ADctima-image.jpg","articleSection":["NOTICIAS"],"inLanguage":"es","potentialAction":[{"@type":"CommentAction","name":"Comment","target":["https:\/\/acninternational.org\/es\/ataques-de-fulanis-en-nigeria-el-agresor-podria-convertirs-facilmente-en-la-victima\/#respond"]}]},{"@type":"WebPage","@id":"https:\/\/acninternational.org\/es\/ataques-de-fulanis-en-nigeria-el-agresor-podria-convertirs-facilmente-en-la-victima\/","url":"https:\/\/acninternational.org\/es\/ataques-de-fulanis-en-nigeria-el-agresor-podria-convertirs-facilmente-en-la-victima\/","name":"Ataques de Fulanis en Nigeria: \u201cEl agresor podr\u00eda convertirs f\u00e1cilmente en la v\u00edctima\" | ACN International","isPartOf":{"@id":"https:\/\/acninternational.org\/es\/#website"},"primaryImageOfPage":{"@id":"https:\/\/acninternational.org\/es\/ataques-de-fulanis-en-nigeria-el-agresor-podria-convertirs-facilmente-en-la-victima\/#primaryimage"},"image":{"@id":"https:\/\/acninternational.org\/es\/ataques-de-fulanis-en-nigeria-el-agresor-podria-convertirs-facilmente-en-la-victima\/#primaryimage"},"thumbnailUrl":"https:\/\/media.acninternational.org\/wp-content\/uploads\/2019\/11\/Ataques-de-Fulanis-en-Nigeria-%E2%80%9CEl-agresor-podr%C3%ADa-convertirs-f%C3%A1cilmente-en-la-v%C3%ADctima-image.jpg","datePublished":"2019-07-25T22:00:00+00:00","breadcrumb":{"@id":"https:\/\/acninternational.org\/es\/ataques-de-fulanis-en-nigeria-el-agresor-podria-convertirs-facilmente-en-la-victima\/#breadcrumb"},"inLanguage":"es","potentialAction":[{"@type":"ReadAction","target":["https:\/\/acninternational.org\/es\/ataques-de-fulanis-en-nigeria-el-agresor-podria-convertirs-facilmente-en-la-victima\/"]}]},{"@type":"ImageObject","inLanguage":"es","@id":"https:\/\/acninternational.org\/es\/ataques-de-fulanis-en-nigeria-el-agresor-podria-convertirs-facilmente-en-la-victima\/#primaryimage","url":"https:\/\/media.acninternational.org\/wp-content\/uploads\/2019\/11\/Ataques-de-Fulanis-en-Nigeria-%E2%80%9CEl-agresor-podr%C3%ADa-convertirs-f%C3%A1cilmente-en-la-v%C3%ADctima-image.jpg","contentUrl":"https:\/\/media.acninternational.org\/wp-content\/uploads\/2019\/11\/Ataques-de-Fulanis-en-Nigeria-%E2%80%9CEl-agresor-podr%C3%ADa-convertirs-f%C3%A1cilmente-en-la-v%C3%ADctima-image.jpg","width":1200,"height":628,"caption":"Ataques de Fulanis en Nigeria: \u201cEl agresor podr\u00eda convertirs f\u00e1cilmente en la v\u00edctima\""},{"@type":"BreadcrumbList","@id":"https:\/\/acninternational.org\/es\/ataques-de-fulanis-en-nigeria-el-agresor-podria-convertirs-facilmente-en-la-victima\/#breadcrumb","itemListElement":[{"@type":"ListItem","position":1,"name":"Home","item":"https:\/\/acninternational.org\/es\/"},{"@type":"ListItem","position":2,"name":"NOTICIAS","item":"https:\/\/acninternational.org\/es\/category\/noticias\/"},{"@type":"ListItem","position":3,"name":"Ataques de Fulanis en Nigeria: \u201cEl agresor podr\u00eda convertirs f\u00e1cilmente en la v\u00edctima\u00bb"}]},{"@type":"WebSite","@id":"https:\/\/acninternational.org\/es\/#website","url":"https:\/\/acninternational.org\/es\/","name":"ACN International","description":"","publisher":{"@id":"https:\/\/acninternational.org\/es\/#organization"},"potentialAction":[{"@type":"SearchAction","target":{"@type":"EntryPoint","urlTemplate":"https:\/\/acninternational.org\/es\/?s={search_term_string}"},"query-input":{"@type":"PropertyValueSpecification","valueRequired":true,"valueName":"search_term_string"}}],"inLanguage":"es"},{"@type":"Organization","@id":"https:\/\/acninternational.org\/es\/#organization","name":"Aid to the Church in Need International","url":"https:\/\/acninternational.org\/es\/","logo":{"@type":"ImageObject","inLanguage":"es","@id":"https:\/\/acninternational.org\/es\/#\/schema\/logo\/image\/","url":"https:\/\/media.acninternational.org\/wp-content\/uploads\/2019\/11\/acn_logo_blackvector.svg","contentUrl":"https:\/\/media.acninternational.org\/wp-content\/uploads\/2019\/11\/acn_logo_blackvector.svg","width":232.6,"height":78,"caption":"Aid to the Church in Need International"},"image":{"@id":"https:\/\/acninternational.org\/es\/#\/schema\/logo\/image\/"},"sameAs":["https:\/\/www.facebook.com\/acninternationalorg","https:\/\/x.com\/acn_int","https:\/\/www.youtube.com\/channel\/UCQ-077gS0TnVzkhHmf1opZw","https:\/\/www.instagram.com\/acn_international\/"]},{"@type":"Person","@id":"https:\/\/acninternational.org\/es\/#\/schema\/person\/7f3dafb236b242fb2aa46be1411fd703","name":"ACN Press Team","description":"Lorem ipsum dolor sit amet, consectetur adipiscing elit, sed do eiusmod tempor incididunt ut labore et dolore magna aliqua. Ut enim ad minim veniam, quis nostrud exercitation ullamco laboris nisi ut aliquip ex ea commodo consequat.","url":"https:\/\/acninternational.org\/es\/author\/acn-press-team\/"}]}},"_links":{"self":[{"href":"https:\/\/acninternational.org\/es\/wp-json\/wp\/v2\/posts\/122298","targetHints":{"allow":["GET"]}}],"collection":[{"href":"https:\/\/acninternational.org\/es\/wp-json\/wp\/v2\/posts"}],"about":[{"href":"https:\/\/acninternational.org\/es\/wp-json\/wp\/v2\/types\/post"}],"author":[{"embeddable":true,"href":"https:\/\/acninternational.org\/es\/wp-json\/wp\/v2\/users\/4258341447"}],"replies":[{"embeddable":true,"href":"https:\/\/acninternational.org\/es\/wp-json\/wp\/v2\/comments?post=122298"}],"version-history":[{"count":0,"href":"https:\/\/acninternational.org\/es\/wp-json\/wp\/v2\/posts\/122298\/revisions"}],"wp:featuredmedia":[{"embeddable":true,"href":"https:\/\/acninternational.org\/es\/wp-json\/wp\/v2\/media\/122299"}],"wp:attachment":[{"href":"https:\/\/acninternational.org\/es\/wp-json\/wp\/v2\/media?parent=122298"}],"wp:term":[{"taxonomy":"category","embeddable":true,"href":"https:\/\/acninternational.org\/es\/wp-json\/wp\/v2\/categories?post=122298"},{"taxonomy":"post_tag","embeddable":true,"href":"https:\/\/acninternational.org\/es\/wp-json\/wp\/v2\/tags?post=122298"},{"taxonomy":"country","embeddable":true,"href":"https:\/\/acninternational.org\/es\/wp-json\/wp\/v2\/country?post=122298"}],"curies":[{"name":"wp","href":"https:\/\/api.w.org\/{rel}","templated":true}]}}