{"id":122184,"date":"2019-07-19T00:00:00","date_gmt":"2019-07-18T22:00:00","guid":{"rendered":"https:\/\/acninternational.org\/entrevista-al-cardenal-porras-venezuela-sufre-una-economia-de-guerra\/"},"modified":"2019-11-05T08:56:23","modified_gmt":"2019-11-05T07:56:23","slug":"entrevista-al-cardenal-porras-venezuela-sufre-una-economia-de-guerra","status":"publish","type":"post","link":"https:\/\/acninternational.org\/es\/entrevista-al-cardenal-porras-venezuela-sufre-una-economia-de-guerra\/","title":{"rendered":"Entrevista al Cardenal Porras: \u201cVenezuela sufre una econom\u00eda de guerra\u201d"},"content":{"rendered":"<p><em>La situaci\u00f3n social, pol\u00edtica y econ\u00f3mica de Venezuela contin\u00faa en grave deterioro, con carest\u00eda de alimentos, medicinas y productos b\u00e1sicos para la vida diaria. La Iglesia sufre junto al pueblo las consecuencias de esta crisis y en muchas di\u00f3cesis del pa\u00eds el clero y otros agentes de pastoral, que desarrollan una labor insustituible para paliar las carencias materiales y espirituales de la poblaci\u00f3n, necesitan ayuda para sobrevivir. <\/em><\/p>\n<p><em>El Cardenal Baltasar Porras, administrador apost\u00f3lico de Caracas y arzobispo de M\u00e9rida, habla con representantes de Ayuda a la Iglesia Necesitada que visitaron el pa\u00eds para ver de cerca estas necesidades y conocer c\u00f3mo los proyectos de la fundaci\u00f3n pontificia apoyan la labor pastoral y social de la Iglesia venezolana.<\/em><\/p>\n<p><strong>Venezuela no est\u00e1 en guerra pero en la realidad vive en un estado de guerra, \u00bfqu\u00e9 le parece esta apreciaci\u00f3n?<br \/>\n<\/strong>Estamos en una situaci\u00f3n at\u00edpica e in\u00e9dita, que no es producto de una guerra, ni un conflicto b\u00e9lico, ni una cat\u00e1strofe natural, pero que conlleva consecuencias similares. El r\u00e9gimen pol\u00edtico que dirige Venezuela ha roto el pa\u00eds, ha generado una conflictividad social que va en crecimiento. Est\u00e1 adem\u00e1s la realidad del exilio de tantos venezolanos, algo jam\u00e1s conocido aqu\u00ed antes. La gente se va por su situaci\u00f3n econ\u00f3mica, por sus ideas pol\u00edticas, otros por el acoso que existe en el pa\u00eds, cuyo aparato econ\u00f3mico est\u00e1 pr\u00e1cticamente destruido. No hay ning\u00fan tipo de seguridad jur\u00eddica. Tambi\u00e9n hay carencia de empleo y asistencia sanitaria, no hay posibilidad de llevar al hogar lo m\u00ednimo para el sustento de la familia. Los especialistas califican todo esto como econom\u00eda de guerra.<\/p>\n<figure id=\"attachment_54084\" aria-describedby=\"caption-attachment-54084\" style=\"width: 420px\" class=\"wp-caption aligncenter\"><img loading=\"lazy\" decoding=\"async\" class=\"wp-image-54084 size-medium\" src=\"https:\/\/media.acninternational.org\/wp-content\/uploads\/2019\/09\/WEBSITE_template_gallery-8.jpg\" alt=\"El Cardenal Baltasar Porras, administrador apost\u00f3lico de Caracas y arzobispo de M\u00e9rida (Venezuela).\" width=\"420\" height=\"280\" \/><figcaption id=\"caption-attachment-54084\" class=\"wp-caption-text\">El Cardenal Baltasar Porras, administrador apost\u00f3lico de Caracas y arzobispo de M\u00e9rida (Venezuela).<\/figcaption><\/figure>\n<p><strong>Hemos o\u00eddo sobre las negociaciones de Oslo entre el gobierno y la oposici\u00f3n, pero hay mucho escepticismo al respecto, \u00bfcree que puede ser realmente un avance para mejorar la situaci\u00f3n del pa\u00eds?<br \/>\n<\/strong>Hay que entender que en los \u00faltimos veinte a\u00f1os cuando el gobierno se ha visto en dificultad ha llamado varias veces al di\u00e1logo. Pero estas llamadas han sido para \u201calargar la arruga\u201d, porque el gobierno no ha tenido voluntad sincera ni de negociar, ni de conceder absolutamente nada. En este escenario, gran parte de la poblaci\u00f3n tiene absoluta desconfianza e incredulidad ante el di\u00e1logo. Pero a pesar de eso, es una oportunidad para descubrir si hay voluntad de restituir la democracia que est\u00e1 totalmente desdibujada en el pa\u00eds. Nos preocupa mucho que en este \u00faltimo a\u00f1o, desde el fen\u00f3meno Guaid\u00f3, el n\u00famero de personas detenidas, torturadas, muertas y desaparecida ha ido en crecimiento y en estas acciones no solo est\u00e1n involucrados militares de alto rango, sino tambi\u00e9n parte de poblaci\u00f3n popular. Algunos organismos del estado est\u00e1n considerados como una polic\u00eda nazi, que genera miedo en la poblaci\u00f3n. El gobierno ha perdido la calle y la \u00fanica manera que tiene de controlar a la gente es metiendo miedo, y provocando la falta de gasolina, de alimentos y energ\u00eda.<\/p>\n<p><strong>Durante nuestra visita hemos podido ver c\u00f3mo all\u00ed donde hay una parroquia o una obra de la Iglesia, la gente se acerca y encuentra ayuda, sale reconfortada \u00bfSe puede decir que la Iglesia en Venezuela es la Iglesia de la Esperanza?<br \/>\n<\/strong>Se han destruido instituciones p\u00fablicas y privadas, y la \u00fanica instituci\u00f3n que permanece inc\u00f3lume es la Iglesia. Esto es gracias a la cercan\u00eda con la gente, y a nuestra presencia en todos los \u00e1mbitos. Adem\u00e1s, la Iglesia ha tenido la valent\u00eda de se\u00f1alar los defectos de este r\u00e9gimen. Otros agentes sociales no se manifiestan sobre esta crisis por miedo, porque el gobierno amenaza y ha cerrado medios de comunicaci\u00f3n y ataca a las empresas.<\/p>\n<p><strong>Por esa postura clara y firme la Iglesia est\u00e1 sufriendo tambi\u00e9n amenazas y presiones. \u00bfSe puede decir que la Iglesia venezolana est\u00e1 perseguida?<br \/>\n<\/strong>No deja de no estarlo. Por ejemplo, en el campo de la educaci\u00f3n hay restricciones contra los centros cat\u00f3licos, parece que se busca poner trabas para que sea la propia Iglesia la que cierre sus colegios. Estamos sufriendo durante a\u00f1os presiones de una forma sutil, tambi\u00e9n amenazas verbales y acoso a las obras de car\u00e1cter social como C\u00e1ritas. Las parroquias reciben ataques del propio gobierno, de los consejos comunales y de los grupos progubernamentales llamados \u201ccolectivos\u201d. Por ejemplo, en Caracas, en las zonas populares, los colectivos est\u00e1n en las puertas de las parroquias y oyen lo que dice el sacerdote en la homil\u00eda, si no les gusta comienzan las amenazas.<\/p>\n<figure id=\"attachment_54085\" aria-describedby=\"caption-attachment-54085\" style=\"width: 420px\" class=\"wp-caption aligncenter\"><img loading=\"lazy\" decoding=\"async\" class=\"wp-image-54085 size-medium\" src=\"https:\/\/media.acninternational.org\/wp-content\/uploads\/2019\/09\/WEBSITE_template_gallery2-5.jpg\" alt=\"Hay ya 4 millones de venezolanos fuera del pa\u00eds, 1,5 en Colombia, 700.000 en Per\u00fa, 400.000 en Chile, 500.000 en Florida.\" width=\"420\" height=\"280\" \/><figcaption id=\"caption-attachment-54085\" class=\"wp-caption-text\">Hay ya 4 millones de venezolanos fuera del pa\u00eds, 1,5 en Colombia, 700.000 en Per\u00fa, 400.000 en Chile, 500.000 en Florida.<\/figcaption><\/figure>\n<p><strong>\u00bfQu\u00e9 pasar\u00eda en Venezuela si no estuviera presente la Iglesia cat\u00f3lica?<br \/>\n<\/strong>La situaci\u00f3n ser\u00eda peor y se agravar\u00eda para muchas personas. Nos duele ver as\u00ed a nuestro pueblo. Con el fen\u00f3meno de la emigraci\u00f3n los que nos hemos quedado somos hu\u00e9rfanos de afecto, porque la familia y el entorno en que hemos vivido, han desaparecido. Los que nos quedamos sentimos la falta de la compa\u00f1\u00eda y sufrimos tambi\u00e9n porque muchos de los que han salido no lo est\u00e1n pasando bien. Venezuela se est\u00e1 convirtiendo un problema geopol\u00edtico que afecta a otros pa\u00edses. Hay ya 4 millones de venezolanos fuera del pa\u00eds, 1,5 en Colombia, 700.000 en Per\u00fa, 400.000 en Chile, 500.000 en Florida &#8211; \u00a0se dice que la mitad indocumentados &#8211; \u00a0y otros muchos en otros pa\u00edses de Am\u00e9rica y Europa. Es trist\u00edsimo.<\/p>\n<p><strong>\u00bfQu\u00e9 le transmite el Papa Francisco en los encuentros que han tenido?<br \/>\n<\/strong>El Papa conoce muy bien la situaci\u00f3n venezolana, desde ya antes de ser nombrado Papa. Adem\u00e1s, sus colaboradores m\u00e1s cercanos, como el Secretario de Estado del Vaticano, han tenido relaci\u00f3n directa con Venezuela y est\u00e1n muy involucrados. El Papa conf\u00eda en las instancias locales. En el \u00faltimo encuentro que tuvimos todo el episcopado venezolano con el Santo Padre \u00e9l nos dijo \u201cyo avalo todo lo que hacen\u201d. Algunos se preguntan por qu\u00e9 no habla m\u00e1s sobre Venezuela. Se est\u00e1n haciendo cosas pero de forma discreta, tambi\u00e9n para no perjudicar a las organizaciones que est\u00e1n ayudando a la Iglesia venezolana.<\/p>\n<p><strong>\u00bfUn \u00faltimo mensaje para las personas que desde ACN est\u00e1n colaborando con la Iglesia venezolana?<br \/>\n<\/strong>La cercan\u00eda de muchas instituciones, no solo cat\u00f3licas, es un gran b\u00e1lsamo para nosotros. En concreto agradecemos profundamente a ACN, no solo la ayuda material, sino la sinton\u00eda espiritual que se expresa sobre todo a trav\u00e9s de la oraci\u00f3n. Hay algo que hay que reconocer, gracias a la ayuda que recibimos de la fundaci\u00f3n a trav\u00e9s de las intenciones de misa se est\u00e1n paliando enormemente las necesidades que hay en las parroquias, y as\u00ed se pueden destinar otros recursos a fortalecer la labor social. Nos ayud\u00e1is a seguir estando presentes y ayudar a las personas que m\u00e1s lo necesitan.<\/p>\n","protected":false},"excerpt":{"rendered":"<p>La situaci\u00f3n social, pol\u00edtica y econ\u00f3mica de Venezuela contin\u00faa en grave deterioro, con carest\u00eda de alimentos, medicinas y productos b\u00e1sicos<\/p>\n","protected":false},"author":4258341447,"featured_media":122185,"comment_status":"open","ping_status":"open","sticky":false,"template":"","format":"standard","meta":{"_acf_changed":false,"_acn_coauthor_ids":[],"footnotes":""},"categories":[745],"tags":[],"country":[391],"class_list":["post-122184","post","type-post","status-publish","format-standard","has-post-thumbnail","hentry","category-entrevistas","country-venezuela-es"],"acn_coauthors":[],"acf":[],"yoast_head":"<!-- This site is optimized with the Yoast SEO Premium plugin v27.3 (Yoast SEO v27.3) - https:\/\/yoast.com\/product\/yoast-seo-premium-wordpress\/ -->\n<title>Entrevista al Cardenal Porras: \u201cVenezuela sufre una econom\u00eda de guerra\u201d | ACN International<\/title>\n<meta name=\"robots\" content=\"index, follow, max-snippet:-1, max-image-preview:large, max-video-preview:-1\" \/>\n<link rel=\"canonical\" href=\"https:\/\/acninternational.org\/es\/entrevista-al-cardenal-porras-venezuela-sufre-una-economia-de-guerra\/\" \/>\n<meta property=\"og:locale\" content=\"es_ES\" \/>\n<meta property=\"og:type\" content=\"article\" \/>\n<meta property=\"og:title\" content=\"Entrevista al Cardenal Porras: \u201cVenezuela sufre una econom\u00eda de guerra\u201d\" \/>\n<meta property=\"og:description\" content=\"La situaci\u00f3n social, pol\u00edtica y econ\u00f3mica de Venezuela contin\u00faa en grave deterioro, con carest\u00eda de alimentos, medicinas y productos b\u00e1sicos\" \/>\n<meta property=\"og:url\" content=\"https:\/\/acninternational.org\/es\/entrevista-al-cardenal-porras-venezuela-sufre-una-economia-de-guerra\/\" \/>\n<meta property=\"og:site_name\" content=\"ACN International\" \/>\n<meta property=\"article:publisher\" content=\"https:\/\/www.facebook.com\/acninternationalorg\" \/>\n<meta property=\"article:published_time\" content=\"2019-07-18T22:00:00+00:00\" \/>\n<meta property=\"article:modified_time\" content=\"2019-11-05T07:56:23+00:00\" \/>\n<meta property=\"og:image\" content=\"https:\/\/media.acninternational.org\/wp-content\/uploads\/2019\/11\/Entrevista-al-Cardenal-Porras-%E2%80%9CVenezuela-sufre-una-econom%C3%ADa-de-guerra%E2%80%9D-image.jpg\" \/>\n\t<meta property=\"og:image:width\" content=\"1200\" \/>\n\t<meta property=\"og:image:height\" content=\"628\" \/>\n\t<meta property=\"og:image:type\" content=\"image\/jpeg\" \/>\n<meta name=\"author\" content=\"ACN Press Team\" \/>\n<meta name=\"twitter:card\" content=\"summary_large_image\" \/>\n<meta name=\"twitter:creator\" content=\"@acn_int\" \/>\n<meta name=\"twitter:site\" content=\"@acn_int\" \/>\n<meta name=\"twitter:label1\" content=\"Escrito por\" \/>\n\t<meta name=\"twitter:data1\" content=\"ACN Press Team\" \/>\n\t<meta name=\"twitter:label2\" content=\"Tiempo de lectura\" \/>\n\t<meta name=\"twitter:data2\" content=\"6 minutos\" \/>\n<script type=\"application\/ld+json\" class=\"yoast-schema-graph\">{\"@context\":\"https:\\\/\\\/schema.org\",\"@graph\":[{\"@type\":\"Article\",\"@id\":\"https:\\\/\\\/acninternational.org\\\/es\\\/entrevista-al-cardenal-porras-venezuela-sufre-una-economia-de-guerra\\\/#article\",\"isPartOf\":{\"@id\":\"https:\\\/\\\/acninternational.org\\\/es\\\/entrevista-al-cardenal-porras-venezuela-sufre-una-economia-de-guerra\\\/\"},\"author\":{\"name\":\"ACN Press Team\",\"@id\":\"https:\\\/\\\/acninternational.org\\\/es\\\/#\\\/schema\\\/person\\\/7f3dafb236b242fb2aa46be1411fd703\"},\"headline\":\"Entrevista al Cardenal Porras: \u201cVenezuela sufre una econom\u00eda de guerra\u201d\",\"datePublished\":\"2019-07-18T22:00:00+00:00\",\"dateModified\":\"2019-11-05T07:56:23+00:00\",\"mainEntityOfPage\":{\"@id\":\"https:\\\/\\\/acninternational.org\\\/es\\\/entrevista-al-cardenal-porras-venezuela-sufre-una-economia-de-guerra\\\/\"},\"wordCount\":1243,\"commentCount\":0,\"publisher\":{\"@id\":\"https:\\\/\\\/acninternational.org\\\/es\\\/#organization\"},\"image\":{\"@id\":\"https:\\\/\\\/acninternational.org\\\/es\\\/entrevista-al-cardenal-porras-venezuela-sufre-una-economia-de-guerra\\\/#primaryimage\"},\"thumbnailUrl\":\"https:\\\/\\\/media.acninternational.org\\\/wp-content\\\/uploads\\\/2019\\\/11\\\/Entrevista-al-Cardenal-Porras-%E2%80%9CVenezuela-sufre-una-econom%C3%ADa-de-guerra%E2%80%9D-image.jpg\",\"articleSection\":[\"ENTREVISTAS\"],\"inLanguage\":\"es\",\"potentialAction\":[{\"@type\":\"CommentAction\",\"name\":\"Comment\",\"target\":[\"https:\\\/\\\/acninternational.org\\\/es\\\/entrevista-al-cardenal-porras-venezuela-sufre-una-economia-de-guerra\\\/#respond\"]}]},{\"@type\":\"WebPage\",\"@id\":\"https:\\\/\\\/acninternational.org\\\/es\\\/entrevista-al-cardenal-porras-venezuela-sufre-una-economia-de-guerra\\\/\",\"url\":\"https:\\\/\\\/acninternational.org\\\/es\\\/entrevista-al-cardenal-porras-venezuela-sufre-una-economia-de-guerra\\\/\",\"name\":\"Entrevista al Cardenal Porras: \u201cVenezuela sufre una econom\u00eda de guerra\u201d | ACN International\",\"isPartOf\":{\"@id\":\"https:\\\/\\\/acninternational.org\\\/es\\\/#website\"},\"primaryImageOfPage\":{\"@id\":\"https:\\\/\\\/acninternational.org\\\/es\\\/entrevista-al-cardenal-porras-venezuela-sufre-una-economia-de-guerra\\\/#primaryimage\"},\"image\":{\"@id\":\"https:\\\/\\\/acninternational.org\\\/es\\\/entrevista-al-cardenal-porras-venezuela-sufre-una-economia-de-guerra\\\/#primaryimage\"},\"thumbnailUrl\":\"https:\\\/\\\/media.acninternational.org\\\/wp-content\\\/uploads\\\/2019\\\/11\\\/Entrevista-al-Cardenal-Porras-%E2%80%9CVenezuela-sufre-una-econom%C3%ADa-de-guerra%E2%80%9D-image.jpg\",\"datePublished\":\"2019-07-18T22:00:00+00:00\",\"dateModified\":\"2019-11-05T07:56:23+00:00\",\"breadcrumb\":{\"@id\":\"https:\\\/\\\/acninternational.org\\\/es\\\/entrevista-al-cardenal-porras-venezuela-sufre-una-economia-de-guerra\\\/#breadcrumb\"},\"inLanguage\":\"es\",\"potentialAction\":[{\"@type\":\"ReadAction\",\"target\":[\"https:\\\/\\\/acninternational.org\\\/es\\\/entrevista-al-cardenal-porras-venezuela-sufre-una-economia-de-guerra\\\/\"]}]},{\"@type\":\"ImageObject\",\"inLanguage\":\"es\",\"@id\":\"https:\\\/\\\/acninternational.org\\\/es\\\/entrevista-al-cardenal-porras-venezuela-sufre-una-economia-de-guerra\\\/#primaryimage\",\"url\":\"https:\\\/\\\/media.acninternational.org\\\/wp-content\\\/uploads\\\/2019\\\/11\\\/Entrevista-al-Cardenal-Porras-%E2%80%9CVenezuela-sufre-una-econom%C3%ADa-de-guerra%E2%80%9D-image.jpg\",\"contentUrl\":\"https:\\\/\\\/media.acninternational.org\\\/wp-content\\\/uploads\\\/2019\\\/11\\\/Entrevista-al-Cardenal-Porras-%E2%80%9CVenezuela-sufre-una-econom%C3%ADa-de-guerra%E2%80%9D-image.jpg\",\"width\":1200,\"height\":628,\"caption\":\"Entrevista al Cardenal Porras: \u201cVenezuela sufre una econom\u00eda de guerra\u201d\"},{\"@type\":\"BreadcrumbList\",\"@id\":\"https:\\\/\\\/acninternational.org\\\/es\\\/entrevista-al-cardenal-porras-venezuela-sufre-una-economia-de-guerra\\\/#breadcrumb\",\"itemListElement\":[{\"@type\":\"ListItem\",\"position\":1,\"name\":\"Home\",\"item\":\"https:\\\/\\\/acninternational.org\\\/es\\\/\"},{\"@type\":\"ListItem\",\"position\":2,\"name\":\"ENTREVISTAS\",\"item\":\"https:\\\/\\\/acninternational.org\\\/es\\\/category\\\/entrevistas\\\/\"},{\"@type\":\"ListItem\",\"position\":3,\"name\":\"Entrevista al Cardenal Porras: \u201cVenezuela sufre una econom\u00eda de guerra\u201d\"}]},{\"@type\":\"WebSite\",\"@id\":\"https:\\\/\\\/acninternational.org\\\/es\\\/#website\",\"url\":\"https:\\\/\\\/acninternational.org\\\/es\\\/\",\"name\":\"ACN International\",\"description\":\"\",\"publisher\":{\"@id\":\"https:\\\/\\\/acninternational.org\\\/es\\\/#organization\"},\"potentialAction\":[{\"@type\":\"SearchAction\",\"target\":{\"@type\":\"EntryPoint\",\"urlTemplate\":\"https:\\\/\\\/acninternational.org\\\/es\\\/?s={search_term_string}\"},\"query-input\":{\"@type\":\"PropertyValueSpecification\",\"valueRequired\":true,\"valueName\":\"search_term_string\"}}],\"inLanguage\":\"es\"},{\"@type\":\"Organization\",\"@id\":\"https:\\\/\\\/acninternational.org\\\/es\\\/#organization\",\"name\":\"Aid to the Church in Need International\",\"url\":\"https:\\\/\\\/acninternational.org\\\/es\\\/\",\"logo\":{\"@type\":\"ImageObject\",\"inLanguage\":\"es\",\"@id\":\"https:\\\/\\\/acninternational.org\\\/es\\\/#\\\/schema\\\/logo\\\/image\\\/\",\"url\":\"https:\\\/\\\/media.acninternational.org\\\/wp-content\\\/uploads\\\/2019\\\/11\\\/acn_logo_blackvector.svg\",\"contentUrl\":\"https:\\\/\\\/media.acninternational.org\\\/wp-content\\\/uploads\\\/2019\\\/11\\\/acn_logo_blackvector.svg\",\"width\":232.6,\"height\":78,\"caption\":\"Aid to the Church in Need International\"},\"image\":{\"@id\":\"https:\\\/\\\/acninternational.org\\\/es\\\/#\\\/schema\\\/logo\\\/image\\\/\"},\"sameAs\":[\"https:\\\/\\\/www.facebook.com\\\/acninternationalorg\",\"https:\\\/\\\/x.com\\\/acn_int\",\"https:\\\/\\\/www.youtube.com\\\/channel\\\/UCQ-077gS0TnVzkhHmf1opZw\",\"https:\\\/\\\/www.instagram.com\\\/acn_international\\\/\"]},{\"@type\":\"Person\",\"@id\":\"https:\\\/\\\/acninternational.org\\\/es\\\/#\\\/schema\\\/person\\\/7f3dafb236b242fb2aa46be1411fd703\",\"name\":\"ACN Press Team\",\"description\":\"Lorem ipsum dolor sit amet, consectetur adipiscing elit, sed do eiusmod tempor incididunt ut labore et dolore magna aliqua. Ut enim ad minim veniam, quis nostrud exercitation ullamco laboris nisi ut aliquip ex ea commodo consequat.\",\"url\":\"https:\\\/\\\/acninternational.org\\\/es\\\/author\\\/acn-press-team\\\/\"}]}<\/script>\n<!-- \/ Yoast SEO Premium plugin. -->","yoast_head_json":{"title":"Entrevista al Cardenal Porras: \u201cVenezuela sufre una econom\u00eda de guerra\u201d | ACN International","robots":{"index":"index","follow":"follow","max-snippet":"max-snippet:-1","max-image-preview":"max-image-preview:large","max-video-preview":"max-video-preview:-1"},"canonical":"https:\/\/acninternational.org\/es\/entrevista-al-cardenal-porras-venezuela-sufre-una-economia-de-guerra\/","og_locale":"es_ES","og_type":"article","og_title":"Entrevista al Cardenal Porras: \u201cVenezuela sufre una econom\u00eda de guerra\u201d","og_description":"La situaci\u00f3n social, pol\u00edtica y econ\u00f3mica de Venezuela contin\u00faa en grave deterioro, con carest\u00eda de alimentos, medicinas y productos b\u00e1sicos","og_url":"https:\/\/acninternational.org\/es\/entrevista-al-cardenal-porras-venezuela-sufre-una-economia-de-guerra\/","og_site_name":"ACN International","article_publisher":"https:\/\/www.facebook.com\/acninternationalorg","article_published_time":"2019-07-18T22:00:00+00:00","article_modified_time":"2019-11-05T07:56:23+00:00","og_image":[{"width":1200,"height":628,"url":"https:\/\/media.acninternational.org\/wp-content\/uploads\/2019\/11\/Entrevista-al-Cardenal-Porras-%E2%80%9CVenezuela-sufre-una-econom%C3%ADa-de-guerra%E2%80%9D-image.jpg","type":"image\/jpeg"}],"author":"ACN Press Team","twitter_card":"summary_large_image","twitter_creator":"@acn_int","twitter_site":"@acn_int","twitter_misc":{"Escrito por":"ACN Press Team","Tiempo de lectura":"6 minutos"},"schema":{"@context":"https:\/\/schema.org","@graph":[{"@type":"Article","@id":"https:\/\/acninternational.org\/es\/entrevista-al-cardenal-porras-venezuela-sufre-una-economia-de-guerra\/#article","isPartOf":{"@id":"https:\/\/acninternational.org\/es\/entrevista-al-cardenal-porras-venezuela-sufre-una-economia-de-guerra\/"},"author":{"name":"ACN Press Team","@id":"https:\/\/acninternational.org\/es\/#\/schema\/person\/7f3dafb236b242fb2aa46be1411fd703"},"headline":"Entrevista al Cardenal Porras: \u201cVenezuela sufre una econom\u00eda de guerra\u201d","datePublished":"2019-07-18T22:00:00+00:00","dateModified":"2019-11-05T07:56:23+00:00","mainEntityOfPage":{"@id":"https:\/\/acninternational.org\/es\/entrevista-al-cardenal-porras-venezuela-sufre-una-economia-de-guerra\/"},"wordCount":1243,"commentCount":0,"publisher":{"@id":"https:\/\/acninternational.org\/es\/#organization"},"image":{"@id":"https:\/\/acninternational.org\/es\/entrevista-al-cardenal-porras-venezuela-sufre-una-economia-de-guerra\/#primaryimage"},"thumbnailUrl":"https:\/\/media.acninternational.org\/wp-content\/uploads\/2019\/11\/Entrevista-al-Cardenal-Porras-%E2%80%9CVenezuela-sufre-una-econom%C3%ADa-de-guerra%E2%80%9D-image.jpg","articleSection":["ENTREVISTAS"],"inLanguage":"es","potentialAction":[{"@type":"CommentAction","name":"Comment","target":["https:\/\/acninternational.org\/es\/entrevista-al-cardenal-porras-venezuela-sufre-una-economia-de-guerra\/#respond"]}]},{"@type":"WebPage","@id":"https:\/\/acninternational.org\/es\/entrevista-al-cardenal-porras-venezuela-sufre-una-economia-de-guerra\/","url":"https:\/\/acninternational.org\/es\/entrevista-al-cardenal-porras-venezuela-sufre-una-economia-de-guerra\/","name":"Entrevista al Cardenal Porras: \u201cVenezuela sufre una econom\u00eda de guerra\u201d | ACN International","isPartOf":{"@id":"https:\/\/acninternational.org\/es\/#website"},"primaryImageOfPage":{"@id":"https:\/\/acninternational.org\/es\/entrevista-al-cardenal-porras-venezuela-sufre-una-economia-de-guerra\/#primaryimage"},"image":{"@id":"https:\/\/acninternational.org\/es\/entrevista-al-cardenal-porras-venezuela-sufre-una-economia-de-guerra\/#primaryimage"},"thumbnailUrl":"https:\/\/media.acninternational.org\/wp-content\/uploads\/2019\/11\/Entrevista-al-Cardenal-Porras-%E2%80%9CVenezuela-sufre-una-econom%C3%ADa-de-guerra%E2%80%9D-image.jpg","datePublished":"2019-07-18T22:00:00+00:00","dateModified":"2019-11-05T07:56:23+00:00","breadcrumb":{"@id":"https:\/\/acninternational.org\/es\/entrevista-al-cardenal-porras-venezuela-sufre-una-economia-de-guerra\/#breadcrumb"},"inLanguage":"es","potentialAction":[{"@type":"ReadAction","target":["https:\/\/acninternational.org\/es\/entrevista-al-cardenal-porras-venezuela-sufre-una-economia-de-guerra\/"]}]},{"@type":"ImageObject","inLanguage":"es","@id":"https:\/\/acninternational.org\/es\/entrevista-al-cardenal-porras-venezuela-sufre-una-economia-de-guerra\/#primaryimage","url":"https:\/\/media.acninternational.org\/wp-content\/uploads\/2019\/11\/Entrevista-al-Cardenal-Porras-%E2%80%9CVenezuela-sufre-una-econom%C3%ADa-de-guerra%E2%80%9D-image.jpg","contentUrl":"https:\/\/media.acninternational.org\/wp-content\/uploads\/2019\/11\/Entrevista-al-Cardenal-Porras-%E2%80%9CVenezuela-sufre-una-econom%C3%ADa-de-guerra%E2%80%9D-image.jpg","width":1200,"height":628,"caption":"Entrevista al Cardenal Porras: \u201cVenezuela sufre una econom\u00eda de guerra\u201d"},{"@type":"BreadcrumbList","@id":"https:\/\/acninternational.org\/es\/entrevista-al-cardenal-porras-venezuela-sufre-una-economia-de-guerra\/#breadcrumb","itemListElement":[{"@type":"ListItem","position":1,"name":"Home","item":"https:\/\/acninternational.org\/es\/"},{"@type":"ListItem","position":2,"name":"ENTREVISTAS","item":"https:\/\/acninternational.org\/es\/category\/entrevistas\/"},{"@type":"ListItem","position":3,"name":"Entrevista al Cardenal Porras: \u201cVenezuela sufre una econom\u00eda de guerra\u201d"}]},{"@type":"WebSite","@id":"https:\/\/acninternational.org\/es\/#website","url":"https:\/\/acninternational.org\/es\/","name":"ACN International","description":"","publisher":{"@id":"https:\/\/acninternational.org\/es\/#organization"},"potentialAction":[{"@type":"SearchAction","target":{"@type":"EntryPoint","urlTemplate":"https:\/\/acninternational.org\/es\/?s={search_term_string}"},"query-input":{"@type":"PropertyValueSpecification","valueRequired":true,"valueName":"search_term_string"}}],"inLanguage":"es"},{"@type":"Organization","@id":"https:\/\/acninternational.org\/es\/#organization","name":"Aid to the Church in Need International","url":"https:\/\/acninternational.org\/es\/","logo":{"@type":"ImageObject","inLanguage":"es","@id":"https:\/\/acninternational.org\/es\/#\/schema\/logo\/image\/","url":"https:\/\/media.acninternational.org\/wp-content\/uploads\/2019\/11\/acn_logo_blackvector.svg","contentUrl":"https:\/\/media.acninternational.org\/wp-content\/uploads\/2019\/11\/acn_logo_blackvector.svg","width":232.6,"height":78,"caption":"Aid to the Church in Need International"},"image":{"@id":"https:\/\/acninternational.org\/es\/#\/schema\/logo\/image\/"},"sameAs":["https:\/\/www.facebook.com\/acninternationalorg","https:\/\/x.com\/acn_int","https:\/\/www.youtube.com\/channel\/UCQ-077gS0TnVzkhHmf1opZw","https:\/\/www.instagram.com\/acn_international\/"]},{"@type":"Person","@id":"https:\/\/acninternational.org\/es\/#\/schema\/person\/7f3dafb236b242fb2aa46be1411fd703","name":"ACN Press Team","description":"Lorem ipsum dolor sit amet, consectetur adipiscing elit, sed do eiusmod tempor incididunt ut labore et dolore magna aliqua. Ut enim ad minim veniam, quis nostrud exercitation ullamco laboris nisi ut aliquip ex ea commodo consequat.","url":"https:\/\/acninternational.org\/es\/author\/acn-press-team\/"}]}},"_links":{"self":[{"href":"https:\/\/acninternational.org\/es\/wp-json\/wp\/v2\/posts\/122184","targetHints":{"allow":["GET"]}}],"collection":[{"href":"https:\/\/acninternational.org\/es\/wp-json\/wp\/v2\/posts"}],"about":[{"href":"https:\/\/acninternational.org\/es\/wp-json\/wp\/v2\/types\/post"}],"author":[{"embeddable":true,"href":"https:\/\/acninternational.org\/es\/wp-json\/wp\/v2\/users\/4258341447"}],"replies":[{"embeddable":true,"href":"https:\/\/acninternational.org\/es\/wp-json\/wp\/v2\/comments?post=122184"}],"version-history":[{"count":0,"href":"https:\/\/acninternational.org\/es\/wp-json\/wp\/v2\/posts\/122184\/revisions"}],"wp:featuredmedia":[{"embeddable":true,"href":"https:\/\/acninternational.org\/es\/wp-json\/wp\/v2\/media\/122185"}],"wp:attachment":[{"href":"https:\/\/acninternational.org\/es\/wp-json\/wp\/v2\/media?parent=122184"}],"wp:term":[{"taxonomy":"category","embeddable":true,"href":"https:\/\/acninternational.org\/es\/wp-json\/wp\/v2\/categories?post=122184"},{"taxonomy":"post_tag","embeddable":true,"href":"https:\/\/acninternational.org\/es\/wp-json\/wp\/v2\/tags?post=122184"},{"taxonomy":"country","embeddable":true,"href":"https:\/\/acninternational.org\/es\/wp-json\/wp\/v2\/country?post=122184"}],"curies":[{"name":"wp","href":"https:\/\/api.w.org\/{rel}","templated":true}]}}