{"id":121060,"date":"2019-04-30T00:00:00","date_gmt":"2019-04-29T22:00:00","guid":{"rendered":"https:\/\/acninternational.org\/no-hay-un-camino-hacia-la-paz-la-paz-es-el-camino\/"},"modified":"2019-11-05T08:49:58","modified_gmt":"2019-11-05T07:49:58","slug":"no-hay-un-camino-hacia-la-paz-la-paz-es-el-camino","status":"publish","type":"post","link":"https:\/\/acninternational.org\/es\/no-hay-un-camino-hacia-la-paz-la-paz-es-el-camino\/","title":{"rendered":"\u201cNo hay un camino hacia la paz, la paz es el camino\u201d"},"content":{"rendered":"<p><em>El Padre Malaka Leonard Fernando es Provincial de la Viceprovincia de Nuestra Se\u00f1ora de Lanka de la Tercera Orden Regular Franciscana. Su residencia est\u00e1 a medio kil\u00f3metro de Katuwapitiya, lugar donde tuvo lugar el atentado contra la iglesia de San Sebasti\u00e1n el pasado 21 de abril. Tambi\u00e9n cuentan con un monasterio para los frailes justo enfrente de la iglesia de San Sebasti\u00e1n en Katuwapitiya. Afortunadamente, ninguno de los frailes ha resultado herido.<br \/>\n<\/em><strong><em>En una entrevista con Maria Lozano <\/em><\/strong><em>e<\/em><em>l religioso detalla en declaraciones para Aid to the Church in Need c\u00f3mo vivi\u00f3 el d\u00eda de la masacre. <\/em><\/p>\n<p><strong>\u00bfCu\u00e1ndo recibi\u00f3 la noticia del atentado?<\/strong><\/p>\n<p>En Domingo de Resurrecci\u00f3n celebr\u00e9 una Santa Misa a las siete de la ma\u00f1ana en una iglesia cercana, y justo despu\u00e9s recib\u00ed la noticia de las seis explosiones que tuvieron lugar en un corto espacio de tiempo: en Katuwapitiya, Colombo-Kochchikade, Baticaloa y tres hoteles de la ciudad de Colombo.<\/p>\n<figure id=\"attachment_51535\" aria-describedby=\"caption-attachment-51535\" style=\"width: 420px\" class=\"wp-caption aligncenter\"><img loading=\"lazy\" decoding=\"async\" class=\"wp-image-51535 size-medium\" src=\"https:\/\/media.acninternational.org\/wp-content\/uploads\/2019\/09\/WEBSITE_template_gallery-8.jpg\" alt=\"Padre Malaka Leonard Fernando, Provincial de la Viceprovincia de Nuestra Se\u00f1ora de Lanka de la Tercera Orden Regular Franciscana.\" width=\"420\" height=\"280\" \/><figcaption id=\"caption-attachment-51535\" class=\"wp-caption-text\">Padre Malaka Leonard Fernando, Provincial de la Viceprovincia de Nuestra Se\u00f1ora de Lanka de la Tercera Orden Regular Franciscana.<\/figcaption><\/figure>\n<p><strong>\u00bfLos ataques han afectado a alguien de su familia o amigos?\u00a0 <\/strong><\/p>\n<p>No, mis parientes no se vieron afectados, pero muchos de mis amigos han resultado heridos, y algunos han muerto.<\/p>\n<p><strong>Seg\u00fan UNICEF entre las v\u00edctimas mortales de los atentados hay 47 ni\u00f1os. Ustedes atienden un colegio (seminario menor) que se encuentra a pocos kil\u00f3metros de la ciudad de Negombo \u00bfC\u00f3mo est\u00e1n los ni\u00f1os? \u00bfPueden entender lo que ha ocurrido?<\/strong><\/p>\n<p>Los esrilanqueses hemos sufrido mucho durante los treinta a\u00f1os de guerra contra los terroristas. No esper\u00e1bamos que algo as\u00ed pudiera ocurrir en nuestro pa\u00eds, pens\u00e1bamos que Sri Lanka hab\u00eda recuperado la paz, pero con estos atentados, todas nuestras esperanzas se han desvanecido. Estamos muy lejos de la paz. Un n\u00famero considerable de ni\u00f1os han sido v\u00edctimas de las explosiones. Los ni\u00f1os son inocentes y son incapaces de entender lo que est\u00e1 ocurriendo. La mayor\u00eda de ellos tienen miedo. Las escuelas permanecer\u00e1n cerradas por algunos d\u00edas.<\/p>\n<figure id=\"attachment_51537\" aria-describedby=\"caption-attachment-51537\" style=\"width: 420px\" class=\"wp-caption aligncenter\"><img loading=\"lazy\" decoding=\"async\" class=\"wp-image-51537 size-medium\" src=\"https:\/\/media.acninternational.org\/wp-content\/uploads\/2019\/11\/WEBSITE_template_gallery3.jpg\" alt=\"Seg\u00fan UNICEF entre las v\u00edctimas mortales de los atentados hay 47 ni\u00f1os.\" width=\"420\" height=\"280\" \/><figcaption id=\"caption-attachment-51537\" class=\"wp-caption-text\">Seg\u00fan UNICEF entre las v\u00edctimas mortales de los atentados hay 47 ni\u00f1os.<\/figcaption><\/figure>\n<p><strong>\u00bfCu\u00e1l ha sido la reacci\u00f3n de los cristianos despu\u00e9s de los atentados? <\/strong><\/p>\n<p>Por un lado, los cristianos esrilanqueses siempre escuchan a sus pastores, y no reaccionaran causando da\u00f1o a terceros. Por otro lado, la mayor\u00eda de los cristianos est\u00e1n atemorizados,\u00a0 porque s\u00f3lo los cristianos fueron blanco de los atentados. La Polic\u00eda contin\u00faa haciendo redadas y ya han arrestado a algunas personas relacionadas con los atentados.<\/p>\n<p><strong>\u00bfParticip\u00f3 usted en el funeral de las victimas celebrado por el Cardenal Ranjith el martes pasado?<\/strong><\/p>\n<p>S\u00ed, pero no solo yo, pues invit\u00e9 a todos los religiosos de mi congragacion, Tercera Orden Regular de San Francisco de As\u00eds, a asistir al funeral.<\/p>\n<p><strong>\u00bfCu\u00e1l fue el mensaje de Su Eminencia?<\/strong><\/p>\n<p>Su Eminencia el Cardenal Malcolm Ranjith expres\u00f3 su dolor por las explosiones en las tres iglesias en la Misa del Domingo de Resurrecci\u00f3n. En su mensaje a la naci\u00f3n, el Cardenal Malcolm Ranjith pidi\u00f3 a la gente que guardara la calma y que no se tomara la justicia por su mano. Adem\u00e1s, manifest\u00f3 sus profundas condolencias a las familias que han perdido a sus seres queridos en los atentados, y dese\u00f3 una r\u00e1pida recuperaci\u00f3n a los heridos. Tambi\u00e9n pidi\u00f3 al personal hospitalario que extremara sus cuidados con estos heridos y suplic\u00f3 a la gente que fuera generosa y que donara sangre en estos momentos de necesidad.<\/p>\n<figure id=\"attachment_51536\" aria-describedby=\"caption-attachment-51536\" style=\"width: 420px\" class=\"wp-caption aligncenter\"><img loading=\"lazy\" decoding=\"async\" class=\"wp-image-51536 size-medium\" src=\"https:\/\/media.acninternational.org\/wp-content\/uploads\/2019\/09\/WEBSITE_template_gallery2-3.jpg\" alt=\"\u201cNo hay un camino hacia la paz, la paz es el camino\u201d.\" width=\"420\" height=\"280\" \/><figcaption id=\"caption-attachment-51536\" class=\"wp-caption-text\">\u201cNo hay un camino hacia la paz, la paz es el camino\u201d.<\/figcaption><\/figure>\n<p><strong>\u00bfCu\u00e1l es su mensaje para la comunidad internacional?<\/strong><\/p>\n<p>\u201cNo hay un camino hacia la paz, la paz es el camino\u201d. San Francisco de As\u00eds, nuestro Santo Patr\u00f3n, amaba por igual a la gente y a la naturaleza. Tomemos todas las medidas necesarias para evitar la violencia y vivir pac\u00edficamente. El camino de la paz es el camino del amor.<\/p>\n<p><strong>\u00bfConoce usted una oraci\u00f3n a Nuestra Se\u00f1ora de Lanka que podamos enviar a nuestros benefactores para que recen por Sri Lanka?<\/strong><\/p>\n<p>Nosotros rezamos cada d\u00eda la siguiente oraci\u00f3n por nuestro pa\u00eds, Sri Lanka:<\/p>\n<p>\u201cOh Madre, la m\u00e1s cari\u00f1osa y tierna, Reina y Patrona de Sri Lanka: humildemente te pedimos que mires hacia nosotros, tus hijos, en nuestros momentos de necesidad. Querid\u00edsima Madre, t\u00fa que has venido a socorrernos incluso en tiempos de peligro, en la guerra y la destrucci\u00f3n. En virtud de tu amor por nosotros, que nunca nos falla, te pedimos encarecidamente que disipes de entre nosotros las olas de violencia, asesinatos y adicciones, y dem\u00e1s manifestaciones del mal que puedan romper la unidad entre la gente.<\/p>\n<p>Ay\u00fadanos a construir en nuestro pa\u00eds el Reino de Dios de la Justicia y el Amor. Encomendamos a tu amoroso cuidado y gu\u00eda, <span style=\"text-decoration: line-through\">a <\/span>todas las razas y pueblos de nuestro pa\u00eds. Ay\u00fadanos a instaurar la fraternidad, la paz y la unidad en nuestra sociedad. Gu\u00eda los destinos de nuestra naci\u00f3n y obt\u00e9n para nosotros una paz duradera para que todos nosotros podamos vivir como hermanos y hermanas de una sola familia. Am\u00e9n.\u201d<\/p>\n<p>Gracias de todo coraz\u00f3n por su preocupaci\u00f3n por nuestro pa\u00eds. \u00a1Qu\u00e9 Dios les bendiga!<\/p>\n","protected":false},"excerpt":{"rendered":"<p>El Padre Malaka Leonard Fernando es Provincial de la Viceprovincia de Nuestra Se\u00f1ora de Lanka de la Tercera Orden Regular<\/p>\n","protected":false},"author":4258341447,"featured_media":121061,"comment_status":"open","ping_status":"open","sticky":false,"template":"","format":"standard","meta":{"_acf_changed":false,"_acn_coauthor_ids":[],"footnotes":""},"categories":[745],"tags":[],"country":[414],"class_list":["post-121060","post","type-post","status-publish","format-standard","has-post-thumbnail","hentry","category-entrevistas","country-sri-lanka-es"],"acn_coauthors":[],"acf":[],"yoast_head":"<!-- This site is optimized with the Yoast SEO Premium plugin v27.3 (Yoast SEO v27.3) - https:\/\/yoast.com\/product\/yoast-seo-premium-wordpress\/ -->\n<title>\u201cNo hay un camino hacia la paz, la paz es el camino\u201d | ACN International<\/title>\n<meta name=\"robots\" content=\"index, follow, max-snippet:-1, max-image-preview:large, max-video-preview:-1\" \/>\n<link rel=\"canonical\" href=\"https:\/\/acninternational.org\/es\/no-hay-un-camino-hacia-la-paz-la-paz-es-el-camino\/\" \/>\n<meta property=\"og:locale\" content=\"es_ES\" \/>\n<meta property=\"og:type\" content=\"article\" \/>\n<meta property=\"og:title\" content=\"\u201cNo hay un camino hacia la paz, la paz es el camino\u201d\" \/>\n<meta property=\"og:description\" content=\"El Padre Malaka Leonard Fernando es Provincial de la Viceprovincia de Nuestra Se\u00f1ora de Lanka de la Tercera Orden Regular\" \/>\n<meta property=\"og:url\" content=\"https:\/\/acninternational.org\/es\/no-hay-un-camino-hacia-la-paz-la-paz-es-el-camino\/\" \/>\n<meta property=\"og:site_name\" content=\"ACN International\" \/>\n<meta property=\"article:publisher\" content=\"https:\/\/www.facebook.com\/acninternationalorg\" \/>\n<meta property=\"article:published_time\" content=\"2019-04-29T22:00:00+00:00\" \/>\n<meta property=\"article:modified_time\" content=\"2019-11-05T07:49:58+00:00\" \/>\n<meta property=\"og:image\" content=\"https:\/\/media.acninternational.org\/wp-content\/uploads\/2019\/11\/%E2%80%9CNo-hay-un-camino-hacia-la-paz-la-paz-es-el-camino%E2%80%9D-image.jpg\" \/>\n\t<meta property=\"og:image:width\" content=\"1200\" \/>\n\t<meta property=\"og:image:height\" content=\"628\" \/>\n\t<meta property=\"og:image:type\" content=\"image\/jpeg\" \/>\n<meta name=\"author\" content=\"ACN Press Team\" \/>\n<meta name=\"twitter:card\" content=\"summary_large_image\" \/>\n<meta name=\"twitter:creator\" content=\"@acn_int\" \/>\n<meta name=\"twitter:site\" content=\"@acn_int\" \/>\n<meta name=\"twitter:label1\" content=\"Escrito por\" \/>\n\t<meta name=\"twitter:data1\" content=\"ACN Press Team\" \/>\n\t<meta name=\"twitter:label2\" content=\"Tiempo de lectura\" \/>\n\t<meta name=\"twitter:data2\" content=\"5 minutos\" \/>\n<script type=\"application\/ld+json\" class=\"yoast-schema-graph\">{\"@context\":\"https:\\\/\\\/schema.org\",\"@graph\":[{\"@type\":\"Article\",\"@id\":\"https:\\\/\\\/acninternational.org\\\/es\\\/no-hay-un-camino-hacia-la-paz-la-paz-es-el-camino\\\/#article\",\"isPartOf\":{\"@id\":\"https:\\\/\\\/acninternational.org\\\/es\\\/no-hay-un-camino-hacia-la-paz-la-paz-es-el-camino\\\/\"},\"author\":{\"name\":\"ACN Press Team\",\"@id\":\"https:\\\/\\\/acninternational.org\\\/es\\\/#\\\/schema\\\/person\\\/7f3dafb236b242fb2aa46be1411fd703\"},\"headline\":\"\u201cNo hay un camino hacia la paz, la paz es el camino\u201d\",\"datePublished\":\"2019-04-29T22:00:00+00:00\",\"dateModified\":\"2019-11-05T07:49:58+00:00\",\"mainEntityOfPage\":{\"@id\":\"https:\\\/\\\/acninternational.org\\\/es\\\/no-hay-un-camino-hacia-la-paz-la-paz-es-el-camino\\\/\"},\"wordCount\":941,\"commentCount\":0,\"publisher\":{\"@id\":\"https:\\\/\\\/acninternational.org\\\/es\\\/#organization\"},\"image\":{\"@id\":\"https:\\\/\\\/acninternational.org\\\/es\\\/no-hay-un-camino-hacia-la-paz-la-paz-es-el-camino\\\/#primaryimage\"},\"thumbnailUrl\":\"https:\\\/\\\/media.acninternational.org\\\/wp-content\\\/uploads\\\/2019\\\/11\\\/%E2%80%9CNo-hay-un-camino-hacia-la-paz-la-paz-es-el-camino%E2%80%9D-image.jpg\",\"articleSection\":[\"ENTREVISTAS\"],\"inLanguage\":\"es\",\"potentialAction\":[{\"@type\":\"CommentAction\",\"name\":\"Comment\",\"target\":[\"https:\\\/\\\/acninternational.org\\\/es\\\/no-hay-un-camino-hacia-la-paz-la-paz-es-el-camino\\\/#respond\"]}]},{\"@type\":\"WebPage\",\"@id\":\"https:\\\/\\\/acninternational.org\\\/es\\\/no-hay-un-camino-hacia-la-paz-la-paz-es-el-camino\\\/\",\"url\":\"https:\\\/\\\/acninternational.org\\\/es\\\/no-hay-un-camino-hacia-la-paz-la-paz-es-el-camino\\\/\",\"name\":\"\u201cNo hay un camino hacia la paz, la paz es el camino\u201d | ACN International\",\"isPartOf\":{\"@id\":\"https:\\\/\\\/acninternational.org\\\/es\\\/#website\"},\"primaryImageOfPage\":{\"@id\":\"https:\\\/\\\/acninternational.org\\\/es\\\/no-hay-un-camino-hacia-la-paz-la-paz-es-el-camino\\\/#primaryimage\"},\"image\":{\"@id\":\"https:\\\/\\\/acninternational.org\\\/es\\\/no-hay-un-camino-hacia-la-paz-la-paz-es-el-camino\\\/#primaryimage\"},\"thumbnailUrl\":\"https:\\\/\\\/media.acninternational.org\\\/wp-content\\\/uploads\\\/2019\\\/11\\\/%E2%80%9CNo-hay-un-camino-hacia-la-paz-la-paz-es-el-camino%E2%80%9D-image.jpg\",\"datePublished\":\"2019-04-29T22:00:00+00:00\",\"dateModified\":\"2019-11-05T07:49:58+00:00\",\"breadcrumb\":{\"@id\":\"https:\\\/\\\/acninternational.org\\\/es\\\/no-hay-un-camino-hacia-la-paz-la-paz-es-el-camino\\\/#breadcrumb\"},\"inLanguage\":\"es\",\"potentialAction\":[{\"@type\":\"ReadAction\",\"target\":[\"https:\\\/\\\/acninternational.org\\\/es\\\/no-hay-un-camino-hacia-la-paz-la-paz-es-el-camino\\\/\"]}]},{\"@type\":\"ImageObject\",\"inLanguage\":\"es\",\"@id\":\"https:\\\/\\\/acninternational.org\\\/es\\\/no-hay-un-camino-hacia-la-paz-la-paz-es-el-camino\\\/#primaryimage\",\"url\":\"https:\\\/\\\/media.acninternational.org\\\/wp-content\\\/uploads\\\/2019\\\/11\\\/%E2%80%9CNo-hay-un-camino-hacia-la-paz-la-paz-es-el-camino%E2%80%9D-image.jpg\",\"contentUrl\":\"https:\\\/\\\/media.acninternational.org\\\/wp-content\\\/uploads\\\/2019\\\/11\\\/%E2%80%9CNo-hay-un-camino-hacia-la-paz-la-paz-es-el-camino%E2%80%9D-image.jpg\",\"width\":1200,\"height\":628,\"caption\":\"\u201cNo hay un camino hacia la paz, la paz es el camino\u201d\"},{\"@type\":\"BreadcrumbList\",\"@id\":\"https:\\\/\\\/acninternational.org\\\/es\\\/no-hay-un-camino-hacia-la-paz-la-paz-es-el-camino\\\/#breadcrumb\",\"itemListElement\":[{\"@type\":\"ListItem\",\"position\":1,\"name\":\"Home\",\"item\":\"https:\\\/\\\/acninternational.org\\\/es\\\/\"},{\"@type\":\"ListItem\",\"position\":2,\"name\":\"ENTREVISTAS\",\"item\":\"https:\\\/\\\/acninternational.org\\\/es\\\/category\\\/entrevistas\\\/\"},{\"@type\":\"ListItem\",\"position\":3,\"name\":\"\u201cNo hay un camino hacia la paz, la paz es el camino\u201d\"}]},{\"@type\":\"WebSite\",\"@id\":\"https:\\\/\\\/acninternational.org\\\/es\\\/#website\",\"url\":\"https:\\\/\\\/acninternational.org\\\/es\\\/\",\"name\":\"ACN International\",\"description\":\"\",\"publisher\":{\"@id\":\"https:\\\/\\\/acninternational.org\\\/es\\\/#organization\"},\"potentialAction\":[{\"@type\":\"SearchAction\",\"target\":{\"@type\":\"EntryPoint\",\"urlTemplate\":\"https:\\\/\\\/acninternational.org\\\/es\\\/?s={search_term_string}\"},\"query-input\":{\"@type\":\"PropertyValueSpecification\",\"valueRequired\":true,\"valueName\":\"search_term_string\"}}],\"inLanguage\":\"es\"},{\"@type\":\"Organization\",\"@id\":\"https:\\\/\\\/acninternational.org\\\/es\\\/#organization\",\"name\":\"Aid to the Church in Need International\",\"url\":\"https:\\\/\\\/acninternational.org\\\/es\\\/\",\"logo\":{\"@type\":\"ImageObject\",\"inLanguage\":\"es\",\"@id\":\"https:\\\/\\\/acninternational.org\\\/es\\\/#\\\/schema\\\/logo\\\/image\\\/\",\"url\":\"https:\\\/\\\/media.acninternational.org\\\/wp-content\\\/uploads\\\/2019\\\/11\\\/acn_logo_blackvector.svg\",\"contentUrl\":\"https:\\\/\\\/media.acninternational.org\\\/wp-content\\\/uploads\\\/2019\\\/11\\\/acn_logo_blackvector.svg\",\"width\":232.6,\"height\":78,\"caption\":\"Aid to the Church in Need International\"},\"image\":{\"@id\":\"https:\\\/\\\/acninternational.org\\\/es\\\/#\\\/schema\\\/logo\\\/image\\\/\"},\"sameAs\":[\"https:\\\/\\\/www.facebook.com\\\/acninternationalorg\",\"https:\\\/\\\/x.com\\\/acn_int\",\"https:\\\/\\\/www.youtube.com\\\/channel\\\/UCQ-077gS0TnVzkhHmf1opZw\",\"https:\\\/\\\/www.instagram.com\\\/acn_international\\\/\"]},{\"@type\":\"Person\",\"@id\":\"https:\\\/\\\/acninternational.org\\\/es\\\/#\\\/schema\\\/person\\\/7f3dafb236b242fb2aa46be1411fd703\",\"name\":\"ACN Press Team\",\"description\":\"Lorem ipsum dolor sit amet, consectetur adipiscing elit, sed do eiusmod tempor incididunt ut labore et dolore magna aliqua. Ut enim ad minim veniam, quis nostrud exercitation ullamco laboris nisi ut aliquip ex ea commodo consequat.\",\"url\":\"https:\\\/\\\/acninternational.org\\\/es\\\/author\\\/acn-press-team\\\/\"}]}<\/script>\n<!-- \/ Yoast SEO Premium plugin. -->","yoast_head_json":{"title":"\u201cNo hay un camino hacia la paz, la paz es el camino\u201d | ACN International","robots":{"index":"index","follow":"follow","max-snippet":"max-snippet:-1","max-image-preview":"max-image-preview:large","max-video-preview":"max-video-preview:-1"},"canonical":"https:\/\/acninternational.org\/es\/no-hay-un-camino-hacia-la-paz-la-paz-es-el-camino\/","og_locale":"es_ES","og_type":"article","og_title":"\u201cNo hay un camino hacia la paz, la paz es el camino\u201d","og_description":"El Padre Malaka Leonard Fernando es Provincial de la Viceprovincia de Nuestra Se\u00f1ora de Lanka de la Tercera Orden Regular","og_url":"https:\/\/acninternational.org\/es\/no-hay-un-camino-hacia-la-paz-la-paz-es-el-camino\/","og_site_name":"ACN International","article_publisher":"https:\/\/www.facebook.com\/acninternationalorg","article_published_time":"2019-04-29T22:00:00+00:00","article_modified_time":"2019-11-05T07:49:58+00:00","og_image":[{"width":1200,"height":628,"url":"https:\/\/media.acninternational.org\/wp-content\/uploads\/2019\/11\/%E2%80%9CNo-hay-un-camino-hacia-la-paz-la-paz-es-el-camino%E2%80%9D-image.jpg","type":"image\/jpeg"}],"author":"ACN Press Team","twitter_card":"summary_large_image","twitter_creator":"@acn_int","twitter_site":"@acn_int","twitter_misc":{"Escrito por":"ACN Press Team","Tiempo de lectura":"5 minutos"},"schema":{"@context":"https:\/\/schema.org","@graph":[{"@type":"Article","@id":"https:\/\/acninternational.org\/es\/no-hay-un-camino-hacia-la-paz-la-paz-es-el-camino\/#article","isPartOf":{"@id":"https:\/\/acninternational.org\/es\/no-hay-un-camino-hacia-la-paz-la-paz-es-el-camino\/"},"author":{"name":"ACN Press Team","@id":"https:\/\/acninternational.org\/es\/#\/schema\/person\/7f3dafb236b242fb2aa46be1411fd703"},"headline":"\u201cNo hay un camino hacia la paz, la paz es el camino\u201d","datePublished":"2019-04-29T22:00:00+00:00","dateModified":"2019-11-05T07:49:58+00:00","mainEntityOfPage":{"@id":"https:\/\/acninternational.org\/es\/no-hay-un-camino-hacia-la-paz-la-paz-es-el-camino\/"},"wordCount":941,"commentCount":0,"publisher":{"@id":"https:\/\/acninternational.org\/es\/#organization"},"image":{"@id":"https:\/\/acninternational.org\/es\/no-hay-un-camino-hacia-la-paz-la-paz-es-el-camino\/#primaryimage"},"thumbnailUrl":"https:\/\/media.acninternational.org\/wp-content\/uploads\/2019\/11\/%E2%80%9CNo-hay-un-camino-hacia-la-paz-la-paz-es-el-camino%E2%80%9D-image.jpg","articleSection":["ENTREVISTAS"],"inLanguage":"es","potentialAction":[{"@type":"CommentAction","name":"Comment","target":["https:\/\/acninternational.org\/es\/no-hay-un-camino-hacia-la-paz-la-paz-es-el-camino\/#respond"]}]},{"@type":"WebPage","@id":"https:\/\/acninternational.org\/es\/no-hay-un-camino-hacia-la-paz-la-paz-es-el-camino\/","url":"https:\/\/acninternational.org\/es\/no-hay-un-camino-hacia-la-paz-la-paz-es-el-camino\/","name":"\u201cNo hay un camino hacia la paz, la paz es el camino\u201d | ACN International","isPartOf":{"@id":"https:\/\/acninternational.org\/es\/#website"},"primaryImageOfPage":{"@id":"https:\/\/acninternational.org\/es\/no-hay-un-camino-hacia-la-paz-la-paz-es-el-camino\/#primaryimage"},"image":{"@id":"https:\/\/acninternational.org\/es\/no-hay-un-camino-hacia-la-paz-la-paz-es-el-camino\/#primaryimage"},"thumbnailUrl":"https:\/\/media.acninternational.org\/wp-content\/uploads\/2019\/11\/%E2%80%9CNo-hay-un-camino-hacia-la-paz-la-paz-es-el-camino%E2%80%9D-image.jpg","datePublished":"2019-04-29T22:00:00+00:00","dateModified":"2019-11-05T07:49:58+00:00","breadcrumb":{"@id":"https:\/\/acninternational.org\/es\/no-hay-un-camino-hacia-la-paz-la-paz-es-el-camino\/#breadcrumb"},"inLanguage":"es","potentialAction":[{"@type":"ReadAction","target":["https:\/\/acninternational.org\/es\/no-hay-un-camino-hacia-la-paz-la-paz-es-el-camino\/"]}]},{"@type":"ImageObject","inLanguage":"es","@id":"https:\/\/acninternational.org\/es\/no-hay-un-camino-hacia-la-paz-la-paz-es-el-camino\/#primaryimage","url":"https:\/\/media.acninternational.org\/wp-content\/uploads\/2019\/11\/%E2%80%9CNo-hay-un-camino-hacia-la-paz-la-paz-es-el-camino%E2%80%9D-image.jpg","contentUrl":"https:\/\/media.acninternational.org\/wp-content\/uploads\/2019\/11\/%E2%80%9CNo-hay-un-camino-hacia-la-paz-la-paz-es-el-camino%E2%80%9D-image.jpg","width":1200,"height":628,"caption":"\u201cNo hay un camino hacia la paz, la paz es el camino\u201d"},{"@type":"BreadcrumbList","@id":"https:\/\/acninternational.org\/es\/no-hay-un-camino-hacia-la-paz-la-paz-es-el-camino\/#breadcrumb","itemListElement":[{"@type":"ListItem","position":1,"name":"Home","item":"https:\/\/acninternational.org\/es\/"},{"@type":"ListItem","position":2,"name":"ENTREVISTAS","item":"https:\/\/acninternational.org\/es\/category\/entrevistas\/"},{"@type":"ListItem","position":3,"name":"\u201cNo hay un camino hacia la paz, la paz es el camino\u201d"}]},{"@type":"WebSite","@id":"https:\/\/acninternational.org\/es\/#website","url":"https:\/\/acninternational.org\/es\/","name":"ACN International","description":"","publisher":{"@id":"https:\/\/acninternational.org\/es\/#organization"},"potentialAction":[{"@type":"SearchAction","target":{"@type":"EntryPoint","urlTemplate":"https:\/\/acninternational.org\/es\/?s={search_term_string}"},"query-input":{"@type":"PropertyValueSpecification","valueRequired":true,"valueName":"search_term_string"}}],"inLanguage":"es"},{"@type":"Organization","@id":"https:\/\/acninternational.org\/es\/#organization","name":"Aid to the Church in Need International","url":"https:\/\/acninternational.org\/es\/","logo":{"@type":"ImageObject","inLanguage":"es","@id":"https:\/\/acninternational.org\/es\/#\/schema\/logo\/image\/","url":"https:\/\/media.acninternational.org\/wp-content\/uploads\/2019\/11\/acn_logo_blackvector.svg","contentUrl":"https:\/\/media.acninternational.org\/wp-content\/uploads\/2019\/11\/acn_logo_blackvector.svg","width":232.6,"height":78,"caption":"Aid to the Church in Need International"},"image":{"@id":"https:\/\/acninternational.org\/es\/#\/schema\/logo\/image\/"},"sameAs":["https:\/\/www.facebook.com\/acninternationalorg","https:\/\/x.com\/acn_int","https:\/\/www.youtube.com\/channel\/UCQ-077gS0TnVzkhHmf1opZw","https:\/\/www.instagram.com\/acn_international\/"]},{"@type":"Person","@id":"https:\/\/acninternational.org\/es\/#\/schema\/person\/7f3dafb236b242fb2aa46be1411fd703","name":"ACN Press Team","description":"Lorem ipsum dolor sit amet, consectetur adipiscing elit, sed do eiusmod tempor incididunt ut labore et dolore magna aliqua. Ut enim ad minim veniam, quis nostrud exercitation ullamco laboris nisi ut aliquip ex ea commodo consequat.","url":"https:\/\/acninternational.org\/es\/author\/acn-press-team\/"}]}},"_links":{"self":[{"href":"https:\/\/acninternational.org\/es\/wp-json\/wp\/v2\/posts\/121060","targetHints":{"allow":["GET"]}}],"collection":[{"href":"https:\/\/acninternational.org\/es\/wp-json\/wp\/v2\/posts"}],"about":[{"href":"https:\/\/acninternational.org\/es\/wp-json\/wp\/v2\/types\/post"}],"author":[{"embeddable":true,"href":"https:\/\/acninternational.org\/es\/wp-json\/wp\/v2\/users\/4258341447"}],"replies":[{"embeddable":true,"href":"https:\/\/acninternational.org\/es\/wp-json\/wp\/v2\/comments?post=121060"}],"version-history":[{"count":0,"href":"https:\/\/acninternational.org\/es\/wp-json\/wp\/v2\/posts\/121060\/revisions"}],"wp:featuredmedia":[{"embeddable":true,"href":"https:\/\/acninternational.org\/es\/wp-json\/wp\/v2\/media\/121061"}],"wp:attachment":[{"href":"https:\/\/acninternational.org\/es\/wp-json\/wp\/v2\/media?parent=121060"}],"wp:term":[{"taxonomy":"category","embeddable":true,"href":"https:\/\/acninternational.org\/es\/wp-json\/wp\/v2\/categories?post=121060"},{"taxonomy":"post_tag","embeddable":true,"href":"https:\/\/acninternational.org\/es\/wp-json\/wp\/v2\/tags?post=121060"},{"taxonomy":"country","embeddable":true,"href":"https:\/\/acninternational.org\/es\/wp-json\/wp\/v2\/country?post=121060"}],"curies":[{"name":"wp","href":"https:\/\/api.w.org\/{rel}","templated":true}]}}