{"id":120603,"date":"2019-03-05T00:00:00","date_gmt":"2019-03-04T23:00:00","guid":{"rendered":"https:\/\/acninternational.org\/mozambique-las-heridas-de-la-guerra-civil-aun-estan-abiertas\/"},"modified":"2019-11-05T08:49:01","modified_gmt":"2019-11-05T07:49:01","slug":"mozambique-las-heridas-de-la-guerra-civil-aun-estan-abiertas","status":"publish","type":"post","link":"https:\/\/acninternational.org\/es\/mozambique-las-heridas-de-la-guerra-civil-aun-estan-abiertas\/","title":{"rendered":"Mozambique: \u201cLas heridas de la guerra civil a\u00fan est\u00e1n abiertas\u201d"},"content":{"rendered":"<p>Mozambique es un pa\u00eds en el que todav\u00eda no reina la paz. Para Mons. Adriano Langa, obispo de Inhambane, \u201clas heridas de la guerra no se cierran como quien cierra un grifo\u201d, las marcas y secuelas de largos a\u00f1os de conflicto armado a\u00fan son visibles en este pa\u00eds africano. En una conversaci\u00f3n mantenida con <em>Aid to the Church in Need<\/em> (ACN) en K\u00f6nigstein, Alemania, en la sede internacional de la fundaci\u00f3n, el prelado ha explicado que todav\u00eda hay mucho camino por recorrer hasta que se pueda vivir realmente en paz.<\/p>\n<figure id=\"attachment_49443\" aria-describedby=\"caption-attachment-49443\" style=\"width: 420px\" class=\"wp-caption aligncenter\"><img loading=\"lazy\" decoding=\"async\" class=\"wp-image-49443 size-medium\" src=\"https:\/\/media.acninternational.org\/wp-content\/uploads\/2019\/11\/WEBSITE_gallery_05032019_3.jpg\" alt=\"Mons. Adriano Langa, obispo de Inhambane.\" width=\"420\" height=\"280\" \/><figcaption id=\"caption-attachment-49443\" class=\"wp-caption-text\">Mons. Adriano Langa, obispo de Inhambane.<\/figcaption><\/figure>\n<p>\u201cNosotros decimos que la guerra mata incluso despu\u00e9s de que las armas se hayan callado\u201d, afirma Mons. Langa. \u201cTodav\u00eda hay secuelas de la guerra de independencia colonial y de la guerra civil, as\u00ed como de las tensiones pol\u00edticas desde los a\u00f1os 2014 y 2015&#8230; y a\u00fan tendr\u00e1 que pasar mucho tiempo hasta que desaparezcan. No es algo visible, pero existe\u201d. La guerra civil en Mozambique, que dur\u00f3 de 1977 hasta 1992, se cobr\u00f3 cerca de un mill\u00f3n de vidas. Adem\u00e1s, se calcula que cinco millones de personas se vieron obligadas a abandonar sus casas y la regi\u00f3n donde viv\u00edan. A pesar del acuerdo de paz firmado en 1992 el espectro de la guerra nunca ha dejado de estar presente.<\/p>\n<figure id=\"attachment_49442\" aria-describedby=\"caption-attachment-49442\" style=\"width: 420px\" class=\"wp-caption aligncenter\"><img loading=\"lazy\" decoding=\"async\" class=\"wp-image-49442 size-medium\" src=\"https:\/\/media.acninternational.org\/wp-content\/uploads\/2019\/11\/WEBSITE_gallery_05032019_2.jpg\" alt=\"ACN apoya a la iglesia en Mozambique a trav\u00e9s de la ayuda de subsistencia para religiosas y sacerdotes as\u00ed como proyectos de construcci\u00f3n y formaci\u00f3n.\" width=\"420\" height=\"280\" \/><figcaption id=\"caption-attachment-49442\" class=\"wp-caption-text\">ACN apoya a la iglesia en Mozambique a trav\u00e9s de la ayuda de subsistencia para religiosas y sacerdotes as\u00ed como proyectos de construcci\u00f3n y formaci\u00f3n.<\/figcaption><\/figure>\n<p><strong>\u00bfAtaques yihadistas en el norte?<\/strong><\/p>\n<p>Como si esto no bastara, en octubre de 2017 se desat\u00f3 una ola de violencia en el norte del pa\u00eds, en la provincia de Cabo Delgado, con ataques extremadamente violentos en aldeas en las que se han destruido casas y asesinado a personas. Se calcula que m\u00e1s de un centenar y medio de mozambique\u00f1os han perdido la vida en estos ataques, que todav\u00eda no han sido reivindicados por ning\u00fan grupo reconocido, lo que hace que se barajen todo tipo de especulaciones como la relaci\u00f3n directa con grupos radicales isl\u00e1micos.<\/p>\n<p>El obispo de Inhambane es consciente del problema y expresa la preocupaci\u00f3n de la Iglesia. \u201cHay personas que mueren o cuyas vidas son devastadas&#8230; Cuando se destruye una casa o una aldea, lo que se destruye es la vida. La Iglesia est\u00e1 preocupada, y esperamos que las cosas se esclarezcan y, sobre todo, que esto acabe. Queremos que as\u00ed sea, que acaben (los ataques), pues ha habido mucha violencia y la situaci\u00f3n es muy dif\u00edcil\u201d. Lo importante, subraya Mons. Adriano Langa, \u201ces mostrar con gestos la cercan\u00eda de la Iglesia\u201d.<\/p>\n<figure id=\"attachment_49441\" aria-describedby=\"caption-attachment-49441\" style=\"width: 420px\" class=\"wp-caption aligncenter\"><img loading=\"lazy\" decoding=\"async\" class=\"wp-image-49441 size-medium\" src=\"https:\/\/media.acninternational.org\/wp-content\/uploads\/2019\/11\/WEBSITE_gallery_05032019.jpg\" alt=\"La guerra civil en Mozambique, que dur\u00f3 de 1977 hasta 1992, se cobr\u00f3 cerca de un mill\u00f3n de vidas.\" width=\"420\" height=\"280\" \/><figcaption id=\"caption-attachment-49441\" class=\"wp-caption-text\">La guerra civil en Mozambique, que dur\u00f3 de 1977 hasta 1992, se cobr\u00f3 cerca de un mill\u00f3n de vidas.<\/figcaption><\/figure>\n<p><strong>Rastros de pobreza<\/strong><\/p>\n<p>En Mozambique, la guerra civil tuvo consecuencias dram\u00e1ticas: adem\u00e1s de los muertos, los heridos y los desplazados, todo un pa\u00eds se hundi\u00f3 en el subdesarrollo. En 1990, a\u00fan durante la guerra civil, Mozambique lleg\u00f3 a ser considerado el pa\u00eds m\u00e1s pobre del mundo. En la actualidad, la pobreza reinante es otra se\u00f1al de que el \u201cgrifo\u201d de la guerra no est\u00e1 todav\u00eda totalmente cerrado. La Iglesia es consciente de este problema.<\/p>\n<p>Seg\u00fan Mons. Alberto Vera, presidente de la C\u00e1ritas de Mozambique y Obispo de Nacala\u00a0 este a\u00f1o ha aumentado el \u00edndice de la pobreza, sobre todo en las zonas rurales y la riqueza ha aumentado solo entre las \u00e9lites pol\u00edticas y financieras, por lo que ha crecido tambi\u00e9n la brecha entre los ricos y los pobres del pa\u00eds.<\/p>\n<p>Mons. Adriano Langa suscribe en su entrevista con la fundaci\u00f3n ACN esta situaci\u00f3n. \u201cCiertamente hay pobreza en Mozambique, eso es innegable\u201d. Para el Obispo de Inhambane, la pobreza es especialmente visible en las zonas rurales como en su di\u00f3cesis afectada de una infraestructura vial p\u00e9sima. \u201cCuando no hay carreteras, la comunicaci\u00f3n se vuelve deficiente, y eso es lo que ocurre en Mozambique. El norte produce mucho, pero los productos no llegan al sur porque las v\u00edas de comunicaci\u00f3n son escasas\u201d.<\/p>\n<p><em>ACN apoya a la iglesia en Mozambique a trav\u00e9s de la ayuda de subsistencia para religiosas y sacerdotes as\u00ed como proyectos de construcci\u00f3n y formaci\u00f3n. En 2017 la fundaci\u00f3n apoy\u00f3 proyectos por casi 650.000.-\u20ac.<\/em><\/p>\n","protected":false},"excerpt":{"rendered":"<p>Mozambique es un pa\u00eds en el que todav\u00eda no reina la paz. Para Mons. Adriano Langa, obispo de Inhambane, \u201clas<\/p>\n","protected":false},"author":4258341447,"featured_media":120604,"comment_status":"open","ping_status":"open","sticky":false,"template":"","format":"standard","meta":{"_acf_changed":false,"_acn_coauthor_ids":[],"footnotes":""},"categories":[745,237],"tags":[],"country":[418],"class_list":["post-120603","post","type-post","status-publish","format-standard","has-post-thumbnail","hentry","category-entrevistas","category-sin-categorizar","country-mozambique-es"],"acn_coauthors":[],"acf":[],"yoast_head":"<!-- This site is optimized with the Yoast SEO Premium plugin v27.3 (Yoast SEO v27.3) - https:\/\/yoast.com\/product\/yoast-seo-premium-wordpress\/ -->\n<title>Mozambique: \u201cLas heridas de la guerra civil a\u00fan est\u00e1n abiertas\u201d | ACN International<\/title>\n<meta name=\"robots\" content=\"index, follow, max-snippet:-1, max-image-preview:large, max-video-preview:-1\" \/>\n<link rel=\"canonical\" href=\"https:\/\/acninternational.org\/es\/mozambique-las-heridas-de-la-guerra-civil-aun-estan-abiertas\/\" \/>\n<meta property=\"og:locale\" content=\"es_ES\" \/>\n<meta property=\"og:type\" content=\"article\" \/>\n<meta property=\"og:title\" content=\"Mozambique: \u201cLas heridas de la guerra civil a\u00fan est\u00e1n abiertas\u201d\" \/>\n<meta property=\"og:description\" content=\"Mozambique es un pa\u00eds en el que todav\u00eda no reina la paz. Para Mons. Adriano Langa, obispo de Inhambane, \u201clas\" \/>\n<meta property=\"og:url\" content=\"https:\/\/acninternational.org\/es\/mozambique-las-heridas-de-la-guerra-civil-aun-estan-abiertas\/\" \/>\n<meta property=\"og:site_name\" content=\"ACN International\" \/>\n<meta property=\"article:publisher\" content=\"https:\/\/www.facebook.com\/acninternationalorg\" \/>\n<meta property=\"article:published_time\" content=\"2019-03-04T23:00:00+00:00\" \/>\n<meta property=\"article:modified_time\" content=\"2019-11-05T07:49:01+00:00\" \/>\n<meta property=\"og:image\" content=\"https:\/\/media.acninternational.org\/wp-content\/uploads\/2019\/11\/Mozambique-%E2%80%9CLas-heridas-de-la-guerra-civil-a%C3%BAn-est%C3%A1n-abiertas%E2%80%9D-image.jpg\" \/>\n\t<meta property=\"og:image:width\" content=\"1200\" \/>\n\t<meta property=\"og:image:height\" content=\"628\" \/>\n\t<meta property=\"og:image:type\" content=\"image\/jpeg\" \/>\n<meta name=\"author\" content=\"ACN Press Team\" \/>\n<meta name=\"twitter:card\" content=\"summary_large_image\" \/>\n<meta name=\"twitter:creator\" content=\"@acn_int\" \/>\n<meta name=\"twitter:site\" content=\"@acn_int\" \/>\n<meta name=\"twitter:label1\" content=\"Escrito por\" \/>\n\t<meta name=\"twitter:data1\" content=\"ACN Press Team\" \/>\n\t<meta name=\"twitter:label2\" content=\"Tiempo de lectura\" \/>\n\t<meta name=\"twitter:data2\" content=\"4 minutos\" \/>\n<script type=\"application\/ld+json\" class=\"yoast-schema-graph\">{\"@context\":\"https:\\\/\\\/schema.org\",\"@graph\":[{\"@type\":\"Article\",\"@id\":\"https:\\\/\\\/acninternational.org\\\/es\\\/mozambique-las-heridas-de-la-guerra-civil-aun-estan-abiertas\\\/#article\",\"isPartOf\":{\"@id\":\"https:\\\/\\\/acninternational.org\\\/es\\\/mozambique-las-heridas-de-la-guerra-civil-aun-estan-abiertas\\\/\"},\"author\":{\"name\":\"ACN Press Team\",\"@id\":\"https:\\\/\\\/acninternational.org\\\/es\\\/#\\\/schema\\\/person\\\/7f3dafb236b242fb2aa46be1411fd703\"},\"headline\":\"Mozambique: \u201cLas heridas de la guerra civil a\u00fan est\u00e1n abiertas\u201d\",\"datePublished\":\"2019-03-04T23:00:00+00:00\",\"dateModified\":\"2019-11-05T07:49:01+00:00\",\"mainEntityOfPage\":{\"@id\":\"https:\\\/\\\/acninternational.org\\\/es\\\/mozambique-las-heridas-de-la-guerra-civil-aun-estan-abiertas\\\/\"},\"wordCount\":769,\"commentCount\":0,\"publisher\":{\"@id\":\"https:\\\/\\\/acninternational.org\\\/es\\\/#organization\"},\"image\":{\"@id\":\"https:\\\/\\\/acninternational.org\\\/es\\\/mozambique-las-heridas-de-la-guerra-civil-aun-estan-abiertas\\\/#primaryimage\"},\"thumbnailUrl\":\"https:\\\/\\\/media.acninternational.org\\\/wp-content\\\/uploads\\\/2019\\\/11\\\/Mozambique-%E2%80%9CLas-heridas-de-la-guerra-civil-a%C3%BAn-est%C3%A1n-abiertas%E2%80%9D-image.jpg\",\"articleSection\":[\"ENTREVISTAS\",\"Sin categorizar\"],\"inLanguage\":\"es\",\"potentialAction\":[{\"@type\":\"CommentAction\",\"name\":\"Comment\",\"target\":[\"https:\\\/\\\/acninternational.org\\\/es\\\/mozambique-las-heridas-de-la-guerra-civil-aun-estan-abiertas\\\/#respond\"]}]},{\"@type\":\"WebPage\",\"@id\":\"https:\\\/\\\/acninternational.org\\\/es\\\/mozambique-las-heridas-de-la-guerra-civil-aun-estan-abiertas\\\/\",\"url\":\"https:\\\/\\\/acninternational.org\\\/es\\\/mozambique-las-heridas-de-la-guerra-civil-aun-estan-abiertas\\\/\",\"name\":\"Mozambique: \u201cLas heridas de la guerra civil a\u00fan est\u00e1n abiertas\u201d | ACN International\",\"isPartOf\":{\"@id\":\"https:\\\/\\\/acninternational.org\\\/es\\\/#website\"},\"primaryImageOfPage\":{\"@id\":\"https:\\\/\\\/acninternational.org\\\/es\\\/mozambique-las-heridas-de-la-guerra-civil-aun-estan-abiertas\\\/#primaryimage\"},\"image\":{\"@id\":\"https:\\\/\\\/acninternational.org\\\/es\\\/mozambique-las-heridas-de-la-guerra-civil-aun-estan-abiertas\\\/#primaryimage\"},\"thumbnailUrl\":\"https:\\\/\\\/media.acninternational.org\\\/wp-content\\\/uploads\\\/2019\\\/11\\\/Mozambique-%E2%80%9CLas-heridas-de-la-guerra-civil-a%C3%BAn-est%C3%A1n-abiertas%E2%80%9D-image.jpg\",\"datePublished\":\"2019-03-04T23:00:00+00:00\",\"dateModified\":\"2019-11-05T07:49:01+00:00\",\"breadcrumb\":{\"@id\":\"https:\\\/\\\/acninternational.org\\\/es\\\/mozambique-las-heridas-de-la-guerra-civil-aun-estan-abiertas\\\/#breadcrumb\"},\"inLanguage\":\"es\",\"potentialAction\":[{\"@type\":\"ReadAction\",\"target\":[\"https:\\\/\\\/acninternational.org\\\/es\\\/mozambique-las-heridas-de-la-guerra-civil-aun-estan-abiertas\\\/\"]}]},{\"@type\":\"ImageObject\",\"inLanguage\":\"es\",\"@id\":\"https:\\\/\\\/acninternational.org\\\/es\\\/mozambique-las-heridas-de-la-guerra-civil-aun-estan-abiertas\\\/#primaryimage\",\"url\":\"https:\\\/\\\/media.acninternational.org\\\/wp-content\\\/uploads\\\/2019\\\/11\\\/Mozambique-%E2%80%9CLas-heridas-de-la-guerra-civil-a%C3%BAn-est%C3%A1n-abiertas%E2%80%9D-image.jpg\",\"contentUrl\":\"https:\\\/\\\/media.acninternational.org\\\/wp-content\\\/uploads\\\/2019\\\/11\\\/Mozambique-%E2%80%9CLas-heridas-de-la-guerra-civil-a%C3%BAn-est%C3%A1n-abiertas%E2%80%9D-image.jpg\",\"width\":1200,\"height\":628,\"caption\":\"Mozambique: \u201cLas heridas de la guerra civil a\u00fan est\u00e1n abiertas\u201d\"},{\"@type\":\"BreadcrumbList\",\"@id\":\"https:\\\/\\\/acninternational.org\\\/es\\\/mozambique-las-heridas-de-la-guerra-civil-aun-estan-abiertas\\\/#breadcrumb\",\"itemListElement\":[{\"@type\":\"ListItem\",\"position\":1,\"name\":\"Home\",\"item\":\"https:\\\/\\\/acninternational.org\\\/es\\\/\"},{\"@type\":\"ListItem\",\"position\":2,\"name\":\"ENTREVISTAS\",\"item\":\"https:\\\/\\\/acninternational.org\\\/es\\\/category\\\/entrevistas\\\/\"},{\"@type\":\"ListItem\",\"position\":3,\"name\":\"Mozambique: \u201cLas heridas de la guerra civil a\u00fan est\u00e1n abiertas\u201d\"}]},{\"@type\":\"WebSite\",\"@id\":\"https:\\\/\\\/acninternational.org\\\/es\\\/#website\",\"url\":\"https:\\\/\\\/acninternational.org\\\/es\\\/\",\"name\":\"ACN International\",\"description\":\"\",\"publisher\":{\"@id\":\"https:\\\/\\\/acninternational.org\\\/es\\\/#organization\"},\"potentialAction\":[{\"@type\":\"SearchAction\",\"target\":{\"@type\":\"EntryPoint\",\"urlTemplate\":\"https:\\\/\\\/acninternational.org\\\/es\\\/?s={search_term_string}\"},\"query-input\":{\"@type\":\"PropertyValueSpecification\",\"valueRequired\":true,\"valueName\":\"search_term_string\"}}],\"inLanguage\":\"es\"},{\"@type\":\"Organization\",\"@id\":\"https:\\\/\\\/acninternational.org\\\/es\\\/#organization\",\"name\":\"Aid to the Church in Need International\",\"url\":\"https:\\\/\\\/acninternational.org\\\/es\\\/\",\"logo\":{\"@type\":\"ImageObject\",\"inLanguage\":\"es\",\"@id\":\"https:\\\/\\\/acninternational.org\\\/es\\\/#\\\/schema\\\/logo\\\/image\\\/\",\"url\":\"https:\\\/\\\/media.acninternational.org\\\/wp-content\\\/uploads\\\/2019\\\/11\\\/acn_logo_blackvector.svg\",\"contentUrl\":\"https:\\\/\\\/media.acninternational.org\\\/wp-content\\\/uploads\\\/2019\\\/11\\\/acn_logo_blackvector.svg\",\"width\":232.6,\"height\":78,\"caption\":\"Aid to the Church in Need International\"},\"image\":{\"@id\":\"https:\\\/\\\/acninternational.org\\\/es\\\/#\\\/schema\\\/logo\\\/image\\\/\"},\"sameAs\":[\"https:\\\/\\\/www.facebook.com\\\/acninternationalorg\",\"https:\\\/\\\/x.com\\\/acn_int\",\"https:\\\/\\\/www.youtube.com\\\/channel\\\/UCQ-077gS0TnVzkhHmf1opZw\",\"https:\\\/\\\/www.instagram.com\\\/acn_international\\\/\"]},{\"@type\":\"Person\",\"@id\":\"https:\\\/\\\/acninternational.org\\\/es\\\/#\\\/schema\\\/person\\\/7f3dafb236b242fb2aa46be1411fd703\",\"name\":\"ACN Press Team\",\"description\":\"Lorem ipsum dolor sit amet, consectetur adipiscing elit, sed do eiusmod tempor incididunt ut labore et dolore magna aliqua. Ut enim ad minim veniam, quis nostrud exercitation ullamco laboris nisi ut aliquip ex ea commodo consequat.\",\"url\":\"https:\\\/\\\/acninternational.org\\\/es\\\/author\\\/acn-press-team\\\/\"}]}<\/script>\n<!-- \/ Yoast SEO Premium plugin. -->","yoast_head_json":{"title":"Mozambique: \u201cLas heridas de la guerra civil a\u00fan est\u00e1n abiertas\u201d | ACN International","robots":{"index":"index","follow":"follow","max-snippet":"max-snippet:-1","max-image-preview":"max-image-preview:large","max-video-preview":"max-video-preview:-1"},"canonical":"https:\/\/acninternational.org\/es\/mozambique-las-heridas-de-la-guerra-civil-aun-estan-abiertas\/","og_locale":"es_ES","og_type":"article","og_title":"Mozambique: \u201cLas heridas de la guerra civil a\u00fan est\u00e1n abiertas\u201d","og_description":"Mozambique es un pa\u00eds en el que todav\u00eda no reina la paz. Para Mons. Adriano Langa, obispo de Inhambane, \u201clas","og_url":"https:\/\/acninternational.org\/es\/mozambique-las-heridas-de-la-guerra-civil-aun-estan-abiertas\/","og_site_name":"ACN International","article_publisher":"https:\/\/www.facebook.com\/acninternationalorg","article_published_time":"2019-03-04T23:00:00+00:00","article_modified_time":"2019-11-05T07:49:01+00:00","og_image":[{"width":1200,"height":628,"url":"https:\/\/media.acninternational.org\/wp-content\/uploads\/2019\/11\/Mozambique-%E2%80%9CLas-heridas-de-la-guerra-civil-a%C3%BAn-est%C3%A1n-abiertas%E2%80%9D-image.jpg","type":"image\/jpeg"}],"author":"ACN Press Team","twitter_card":"summary_large_image","twitter_creator":"@acn_int","twitter_site":"@acn_int","twitter_misc":{"Escrito por":"ACN Press Team","Tiempo de lectura":"4 minutos"},"schema":{"@context":"https:\/\/schema.org","@graph":[{"@type":"Article","@id":"https:\/\/acninternational.org\/es\/mozambique-las-heridas-de-la-guerra-civil-aun-estan-abiertas\/#article","isPartOf":{"@id":"https:\/\/acninternational.org\/es\/mozambique-las-heridas-de-la-guerra-civil-aun-estan-abiertas\/"},"author":{"name":"ACN Press Team","@id":"https:\/\/acninternational.org\/es\/#\/schema\/person\/7f3dafb236b242fb2aa46be1411fd703"},"headline":"Mozambique: \u201cLas heridas de la guerra civil a\u00fan est\u00e1n abiertas\u201d","datePublished":"2019-03-04T23:00:00+00:00","dateModified":"2019-11-05T07:49:01+00:00","mainEntityOfPage":{"@id":"https:\/\/acninternational.org\/es\/mozambique-las-heridas-de-la-guerra-civil-aun-estan-abiertas\/"},"wordCount":769,"commentCount":0,"publisher":{"@id":"https:\/\/acninternational.org\/es\/#organization"},"image":{"@id":"https:\/\/acninternational.org\/es\/mozambique-las-heridas-de-la-guerra-civil-aun-estan-abiertas\/#primaryimage"},"thumbnailUrl":"https:\/\/media.acninternational.org\/wp-content\/uploads\/2019\/11\/Mozambique-%E2%80%9CLas-heridas-de-la-guerra-civil-a%C3%BAn-est%C3%A1n-abiertas%E2%80%9D-image.jpg","articleSection":["ENTREVISTAS","Sin categorizar"],"inLanguage":"es","potentialAction":[{"@type":"CommentAction","name":"Comment","target":["https:\/\/acninternational.org\/es\/mozambique-las-heridas-de-la-guerra-civil-aun-estan-abiertas\/#respond"]}]},{"@type":"WebPage","@id":"https:\/\/acninternational.org\/es\/mozambique-las-heridas-de-la-guerra-civil-aun-estan-abiertas\/","url":"https:\/\/acninternational.org\/es\/mozambique-las-heridas-de-la-guerra-civil-aun-estan-abiertas\/","name":"Mozambique: \u201cLas heridas de la guerra civil a\u00fan est\u00e1n abiertas\u201d | ACN International","isPartOf":{"@id":"https:\/\/acninternational.org\/es\/#website"},"primaryImageOfPage":{"@id":"https:\/\/acninternational.org\/es\/mozambique-las-heridas-de-la-guerra-civil-aun-estan-abiertas\/#primaryimage"},"image":{"@id":"https:\/\/acninternational.org\/es\/mozambique-las-heridas-de-la-guerra-civil-aun-estan-abiertas\/#primaryimage"},"thumbnailUrl":"https:\/\/media.acninternational.org\/wp-content\/uploads\/2019\/11\/Mozambique-%E2%80%9CLas-heridas-de-la-guerra-civil-a%C3%BAn-est%C3%A1n-abiertas%E2%80%9D-image.jpg","datePublished":"2019-03-04T23:00:00+00:00","dateModified":"2019-11-05T07:49:01+00:00","breadcrumb":{"@id":"https:\/\/acninternational.org\/es\/mozambique-las-heridas-de-la-guerra-civil-aun-estan-abiertas\/#breadcrumb"},"inLanguage":"es","potentialAction":[{"@type":"ReadAction","target":["https:\/\/acninternational.org\/es\/mozambique-las-heridas-de-la-guerra-civil-aun-estan-abiertas\/"]}]},{"@type":"ImageObject","inLanguage":"es","@id":"https:\/\/acninternational.org\/es\/mozambique-las-heridas-de-la-guerra-civil-aun-estan-abiertas\/#primaryimage","url":"https:\/\/media.acninternational.org\/wp-content\/uploads\/2019\/11\/Mozambique-%E2%80%9CLas-heridas-de-la-guerra-civil-a%C3%BAn-est%C3%A1n-abiertas%E2%80%9D-image.jpg","contentUrl":"https:\/\/media.acninternational.org\/wp-content\/uploads\/2019\/11\/Mozambique-%E2%80%9CLas-heridas-de-la-guerra-civil-a%C3%BAn-est%C3%A1n-abiertas%E2%80%9D-image.jpg","width":1200,"height":628,"caption":"Mozambique: \u201cLas heridas de la guerra civil a\u00fan est\u00e1n abiertas\u201d"},{"@type":"BreadcrumbList","@id":"https:\/\/acninternational.org\/es\/mozambique-las-heridas-de-la-guerra-civil-aun-estan-abiertas\/#breadcrumb","itemListElement":[{"@type":"ListItem","position":1,"name":"Home","item":"https:\/\/acninternational.org\/es\/"},{"@type":"ListItem","position":2,"name":"ENTREVISTAS","item":"https:\/\/acninternational.org\/es\/category\/entrevistas\/"},{"@type":"ListItem","position":3,"name":"Mozambique: \u201cLas heridas de la guerra civil a\u00fan est\u00e1n abiertas\u201d"}]},{"@type":"WebSite","@id":"https:\/\/acninternational.org\/es\/#website","url":"https:\/\/acninternational.org\/es\/","name":"ACN International","description":"","publisher":{"@id":"https:\/\/acninternational.org\/es\/#organization"},"potentialAction":[{"@type":"SearchAction","target":{"@type":"EntryPoint","urlTemplate":"https:\/\/acninternational.org\/es\/?s={search_term_string}"},"query-input":{"@type":"PropertyValueSpecification","valueRequired":true,"valueName":"search_term_string"}}],"inLanguage":"es"},{"@type":"Organization","@id":"https:\/\/acninternational.org\/es\/#organization","name":"Aid to the Church in Need International","url":"https:\/\/acninternational.org\/es\/","logo":{"@type":"ImageObject","inLanguage":"es","@id":"https:\/\/acninternational.org\/es\/#\/schema\/logo\/image\/","url":"https:\/\/media.acninternational.org\/wp-content\/uploads\/2019\/11\/acn_logo_blackvector.svg","contentUrl":"https:\/\/media.acninternational.org\/wp-content\/uploads\/2019\/11\/acn_logo_blackvector.svg","width":232.6,"height":78,"caption":"Aid to the Church in Need International"},"image":{"@id":"https:\/\/acninternational.org\/es\/#\/schema\/logo\/image\/"},"sameAs":["https:\/\/www.facebook.com\/acninternationalorg","https:\/\/x.com\/acn_int","https:\/\/www.youtube.com\/channel\/UCQ-077gS0TnVzkhHmf1opZw","https:\/\/www.instagram.com\/acn_international\/"]},{"@type":"Person","@id":"https:\/\/acninternational.org\/es\/#\/schema\/person\/7f3dafb236b242fb2aa46be1411fd703","name":"ACN Press Team","description":"Lorem ipsum dolor sit amet, consectetur adipiscing elit, sed do eiusmod tempor incididunt ut labore et dolore magna aliqua. Ut enim ad minim veniam, quis nostrud exercitation ullamco laboris nisi ut aliquip ex ea commodo consequat.","url":"https:\/\/acninternational.org\/es\/author\/acn-press-team\/"}]}},"_links":{"self":[{"href":"https:\/\/acninternational.org\/es\/wp-json\/wp\/v2\/posts\/120603","targetHints":{"allow":["GET"]}}],"collection":[{"href":"https:\/\/acninternational.org\/es\/wp-json\/wp\/v2\/posts"}],"about":[{"href":"https:\/\/acninternational.org\/es\/wp-json\/wp\/v2\/types\/post"}],"author":[{"embeddable":true,"href":"https:\/\/acninternational.org\/es\/wp-json\/wp\/v2\/users\/4258341447"}],"replies":[{"embeddable":true,"href":"https:\/\/acninternational.org\/es\/wp-json\/wp\/v2\/comments?post=120603"}],"version-history":[{"count":0,"href":"https:\/\/acninternational.org\/es\/wp-json\/wp\/v2\/posts\/120603\/revisions"}],"wp:featuredmedia":[{"embeddable":true,"href":"https:\/\/acninternational.org\/es\/wp-json\/wp\/v2\/media\/120604"}],"wp:attachment":[{"href":"https:\/\/acninternational.org\/es\/wp-json\/wp\/v2\/media?parent=120603"}],"wp:term":[{"taxonomy":"category","embeddable":true,"href":"https:\/\/acninternational.org\/es\/wp-json\/wp\/v2\/categories?post=120603"},{"taxonomy":"post_tag","embeddable":true,"href":"https:\/\/acninternational.org\/es\/wp-json\/wp\/v2\/tags?post=120603"},{"taxonomy":"country","embeddable":true,"href":"https:\/\/acninternational.org\/es\/wp-json\/wp\/v2\/country?post=120603"}],"curies":[{"name":"wp","href":"https:\/\/api.w.org\/{rel}","templated":true}]}}