{"id":120272,"date":"2019-02-01T00:00:00","date_gmt":"2019-01-31T23:00:00","guid":{"rendered":"https:\/\/acninternational.org\/el-papa-comienza-el-domingo-un-viaje-historico-a-los-emiratos-arabes\/"},"modified":"2019-11-05T08:48:20","modified_gmt":"2019-11-05T07:48:20","slug":"el-papa-comienza-el-domingo-un-viaje-historico-a-los-emiratos-arabes","status":"publish","type":"post","link":"https:\/\/acninternational.org\/es\/el-papa-comienza-el-domingo-un-viaje-historico-a-los-emiratos-arabes\/","title":{"rendered":"El Papa comienza el domingo un viaje hist\u00f3rico a los Emiratos Arabes"},"content":{"rendered":"<p><em>Mons. Paul Hinder es el Vicario Apost\u00f3lico del sur de Arabia, por lo que ser\u00e1 el anfitri\u00f3n del Papa cuando el Santo Padre viaje este domingo a Abu Dhabi, en los Emiratos \u00c1rabes Unidos. \u00abAid to the Church in Need\u00bb ha mantenido una conversaci\u00f3n con el capuchino suizo sobre la tolerancia en la vida diaria, la falta de libertad religiosa y las expectativas que despierta el viaje de Papa <\/em><\/p>\n<p><strong>Excelencia: el Papa Francisco va a visitar Abu Dhabi. \u00bfEs exagerado hablar de un viaje hist\u00f3rico? <\/strong><\/p>\n<p>No, no lo es. Se trata de un viaje hist\u00f3rico sobre todo por dos razones. En primer lugar: durante toda la historia de la Iglesia nunca antes hab\u00eda visitado un Papa la Pen\u00ednsula Ar\u00e1biga. En segundo lugar: por primera vez se celebrar\u00e1 una Eucarist\u00eda en un terreno p\u00fablico, que el Gobierno ha puesto a disposici\u00f3n para ello.<\/p>\n<figure id=\"attachment_48651\" aria-describedby=\"caption-attachment-48651\" style=\"width: 420px\" class=\"wp-caption aligncenter\"><img loading=\"lazy\" decoding=\"async\" class=\"wp-image-48651 size-medium\" src=\"https:\/\/media.acninternational.org\/wp-content\/uploads\/2019\/11\/WS_gallery_2.jpg\" alt=\"Mons. Paul Hinder es el Vicario Apost\u00f3lico del sur de Arabia.\" width=\"420\" height=\"280\" \/><figcaption id=\"caption-attachment-48651\" class=\"wp-caption-text\">Mons. Paul Hinder es el Vicario Apost\u00f3lico del sur de Arabia.<\/figcaption><\/figure>\n<p><strong>Esperan la presencia de m\u00e1s de 130.000 fieles, que se reunir\u00e1n p\u00fablicamente con ocasi\u00f3n de la Misa papal. En el pa\u00eds vecino, Arabia Saud\u00ed, ser\u00eda impensable, pues all\u00ed ni siquiera existen iglesias. \u00bfPor qu\u00e9 la situaci\u00f3n es distinta en los Emiratos \u00c1rabes Unidos?<\/strong><\/p>\n<p>El grado de libertad de culto, es decir la posibilidad de celebrar la Eucarist\u00eda en grupos, difiere en el mundo \u00e1rabe de un pa\u00eds a otro. Mientras que en Arabia Saud\u00ed solo se toleran celebraciones eucar\u00edsticas en privado y en grupos relativamente peque\u00f1os, en otros pa\u00edses \u2014sobre todo aqu\u00ed, en los Emiratos \u00c1rabes Unidos\u2014 hay iglesias a las que acuden miles de fieles todas las semanas, e incluso a diario. Esta libertad de culto tiene su origen en la apertura y tolerancia de los diferentes gobernantes. Durante las \u00faltimas d\u00e9cadas, este ha sido el caso, sobre todo, de Bahrein y de los Emiratos \u00c1rabes Unidos, pero tambi\u00e9n de Om\u00e1n.<\/p>\n<p><strong>Es decir que los gobernantes de los Emiratos \u00c1rabes Unidos se muestran relativamente abiertos frente a los cristianos. \u00bfC\u00f3mo es la situaci\u00f3n entre la poblaci\u00f3n?<\/strong><\/p>\n<p>Vivo desde hace 15 a\u00f1os en Abu Dhabi y nunca he advertido enemistad. Por supuesto sabemos que en todos los pa\u00edses isl\u00e1micos, los no musulmanes \u2014y no solo los cristianos\u2014 tienen que someterse a las reglas sociales del Islam. Pero por otro lado, en la poblaci\u00f3n aut\u00f3ctona veo un gran respeto a los cristianos. Lo estamos experimentando especialmente ahora ante la visita del Papa.<\/p>\n<p><strong>\u00bfC\u00f3mo?<\/strong><\/p>\n<p>He recibido por parte de musulmanes diversas consultas de c\u00f3mo nos pueden ayudar en los preparativos. Muchos han mostrado inter\u00e9s en asistir a la Misa. El Gobierno hace tambi\u00e9n todo lo posible para que el mayor n\u00famero posible de fieles puedan ver al Papa.<\/p>\n<p><strong>\u00bfEst\u00e1 relacionada esta disposici\u00f3n a ayudar con la popularidad del Papa Francisco? <\/strong><\/p>\n<p>Tras la elecci\u00f3n del Cardenal Jorge Bergoglio como Papa Francisco siempre me llegaron reacciones muy positivas por parte de musulmanes, y esto se aprecia tambi\u00e9n ahora. Desde el anuncio de su visita solo he experimentado muestras de alegr\u00eda y de orgullo de que el Papa venga a los Emiratos.<\/p>\n<p><strong>\u00bfCu\u00e1l es el origen de este viaje? <\/strong><\/p>\n<p>Hay varias razones para esta visita. Durante los \u00faltimos a\u00f1os se han cursado al Papa diversas invitaciones procedentes de toda la regi\u00f3n, incluidos los Emiratos \u00c1rabes Unidos. Y tambi\u00e9n la Iglesia local ha expresado al Papa su deseo de que viniera aqu\u00ed.<\/p>\n<p><strong>En los Emiratos, la Iglesia se compone \u00fanicamente de extranjeros, sobre todo de trabajadores de otros pa\u00edses. \u00bfQu\u00e9 problemas le supone eso a usted, como obispo?<\/strong><\/p>\n<p>Uno de los problemas pastorales m\u00e1s urgentes es fortalecer a nuestra gente en la fe, animarles a conservar y confesar con valent\u00eda su identidad cristiana y cat\u00f3lica, incluso en un ambiente en el que no siempre resulta f\u00e1cil. Pienso por ejemplo en empleadas del hogar o en obreros de la construcci\u00f3n que no solo han de trabajar duramente, sino que a veces se ven expuestos al celo por parte de sus empleadores o colegas musulmanes para que se conviertan al islam.<\/p>\n<p><strong>\u00bfQu\u00e9 sucede cuando un musulm\u00e1n del pa\u00eds quiere convertirse al cristianismo? <\/strong><\/p>\n<p>No conozco ning\u00fan pa\u00eds musulm\u00e1n en que exista plena libertad religiosa. Incluso all\u00ed donde la conversi\u00f3n de un musulm\u00e1n a otra religi\u00f3n no est\u00e1 perseguida por el Derecho penal, el entorno \u2014y sobre todo la familia\u2014 reacciona con ostracismo e incluso con violencia f\u00edsica. Como he dicho, la libertad de culto es mayor o menor dependiendo del pa\u00eds.<\/p>\n<p><strong>\u00bfTiene suficientes iglesias y sacerdotes?<\/strong><\/p>\n<p>Ser\u00eda de desear contar con m\u00e1s iglesias, pues el n\u00famero de nuestras parroquias sigue siendo muy desproporcionado en relaci\u00f3n con el n\u00famero de fieles. En los Emiratos \u00c1rabes Unidos tenemos nueve parroquias, demasiado pocas para casi un mill\u00f3n de cat\u00f3licos. Adem\u00e1s tenemos que tener en cuenta que \u2014a diferencia de otras iglesias\u2014 la nuestra es internacional y pol\u00edglota y que entre nosotros se encuentran cat\u00f3licos de diferentes ritos. Otro desaf\u00edo pastoral consiste en que los fieles, por su situaci\u00f3n de migrantes, se enfrentan a muchos problemas morales que antes no pod\u00edan imaginar. Esto puede decirse sobre todo de hombres y mujeres que, por su trabajo, frecuentemente han de vivir m\u00e1s de un a\u00f1o separados de sus c\u00f3nyuges. No es infrecuente que se rompan matrimonios cuando nacen nuevas relaciones \u00a0\u00abprovisionales\u00bb.<\/p>\n<figure id=\"attachment_48650\" aria-describedby=\"caption-attachment-48650\" style=\"width: 420px\" class=\"wp-caption aligncenter\"><img loading=\"lazy\" decoding=\"async\" class=\"wp-image-48650 size-medium\" src=\"https:\/\/media.acninternational.org\/wp-content\/uploads\/2019\/11\/WS_gallery_1.jpg\" alt=\"Papa Francisco va a visitar Abu Dhabi.\" width=\"420\" height=\"280\" \/><figcaption id=\"caption-attachment-48650\" class=\"wp-caption-text\">Papa Francisco va a visitar Abu Dhabi.<\/figcaption><\/figure>\n<p><strong>\u00bfC\u00f3mo puede contribuir el viaje del Papa a mejorar la situaci\u00f3n de los cristianos en el mundo isl\u00e1mico?<\/strong><\/p>\n<p>Espero que la visita del Papa cambie positivamente el ambiente. Pero tampoco podemos esperar milagros del viaje. Lo decisivo es que los cristianos seamos testigos fidedignos del mensaje de Cristo. Y esto tambi\u00e9n significa sobrellevar con humildad que, por as\u00ed decir, no podemos ser los primeros violinistas en esta sociedad. A veces es suficiente con tocar bien la flauta para entusiasmar a los dem\u00e1s.<\/p>\n<p><strong>\u00bfQuiere esto decir que tambi\u00e9n ser\u00eda posible que del viaje del Papa quede poco m\u00e1s que una reuni\u00f3n amistosa y alguna que otra foto? <\/strong><\/p>\n<p>Ya veremos hasta qu\u00e9 punto el viaje tiene frutos a largo plazo. En alem\u00e1n decimos que \u201cuna golondrina no hace verano\u201d. El di\u00e1logo con otra religi\u00f3n y sus representantes precisa tiempo y paciencia, y necesariamente habr\u00e1 retrocesos. Esto tambi\u00e9n puede decirse del ecumenismo entre las confesiones cristianas. Si crece el respeto mutuo y a esto le sigue una actuaci\u00f3n conjunta en cuestiones que van m\u00e1s all\u00e1 de la religi\u00f3n, ya se ha conseguido bastante. Pensemos en los desaf\u00edos en el campo del compromiso por la paz o de la preocupaci\u00f3n por la casa com\u00fan de la creaci\u00f3n.<\/p>\n","protected":false},"excerpt":{"rendered":"<p>Mons. Paul Hinder es el Vicario Apost\u00f3lico del sur de Arabia, por lo que ser\u00e1 el anfitri\u00f3n del Papa cuando<\/p>\n","protected":false},"author":4258341447,"featured_media":120273,"comment_status":"open","ping_status":"open","sticky":false,"template":"","format":"standard","meta":{"_acf_changed":false,"_acn_coauthor_ids":[],"footnotes":""},"categories":[745],"tags":[],"country":[402],"class_list":["post-120272","post","type-post","status-publish","format-standard","has-post-thumbnail","hentry","category-entrevistas","country-emiratos-arabes-es"],"acn_coauthors":[],"acf":[],"yoast_head":"<!-- This site is optimized with the Yoast SEO Premium plugin v27.3 (Yoast SEO v27.3) - https:\/\/yoast.com\/product\/yoast-seo-premium-wordpress\/ -->\n<title>El Papa comienza el domingo un viaje hist\u00f3rico a los Emiratos Arabes | ACN International<\/title>\n<meta name=\"robots\" content=\"index, follow, max-snippet:-1, max-image-preview:large, max-video-preview:-1\" \/>\n<link rel=\"canonical\" href=\"https:\/\/acninternational.org\/es\/el-papa-comienza-el-domingo-un-viaje-historico-a-los-emiratos-arabes\/\" \/>\n<meta property=\"og:locale\" content=\"es_ES\" \/>\n<meta property=\"og:type\" content=\"article\" \/>\n<meta property=\"og:title\" content=\"El Papa comienza el domingo un viaje hist\u00f3rico a los Emiratos Arabes\" \/>\n<meta property=\"og:description\" content=\"Mons. Paul Hinder es el Vicario Apost\u00f3lico del sur de Arabia, por lo que ser\u00e1 el anfitri\u00f3n del Papa cuando\" \/>\n<meta property=\"og:url\" content=\"https:\/\/acninternational.org\/es\/el-papa-comienza-el-domingo-un-viaje-historico-a-los-emiratos-arabes\/\" \/>\n<meta property=\"og:site_name\" content=\"ACN International\" \/>\n<meta property=\"article:publisher\" content=\"https:\/\/www.facebook.com\/acninternationalorg\" \/>\n<meta property=\"article:published_time\" content=\"2019-01-31T23:00:00+00:00\" \/>\n<meta property=\"article:modified_time\" content=\"2019-11-05T07:48:20+00:00\" \/>\n<meta property=\"og:image\" content=\"https:\/\/media.acninternational.org\/wp-content\/uploads\/2019\/11\/El-Papa-comienza-el-domingo-un-viaje-hist%C3%B3rico-a-los-Emiratos-Arabes-image.jpg\" \/>\n\t<meta property=\"og:image:width\" content=\"1980\" \/>\n\t<meta property=\"og:image:height\" content=\"800\" \/>\n\t<meta property=\"og:image:type\" content=\"image\/jpeg\" \/>\n<meta name=\"author\" content=\"ACN Press Team\" \/>\n<meta name=\"twitter:card\" content=\"summary_large_image\" \/>\n<meta name=\"twitter:creator\" content=\"@acn_int\" \/>\n<meta name=\"twitter:site\" content=\"@acn_int\" \/>\n<meta name=\"twitter:label1\" content=\"Escrito por\" \/>\n\t<meta name=\"twitter:data1\" content=\"ACN Press Team\" \/>\n\t<meta name=\"twitter:label2\" content=\"Tiempo de lectura\" \/>\n\t<meta name=\"twitter:data2\" content=\"6 minutos\" \/>\n<script type=\"application\/ld+json\" class=\"yoast-schema-graph\">{\"@context\":\"https:\\\/\\\/schema.org\",\"@graph\":[{\"@type\":\"Article\",\"@id\":\"https:\\\/\\\/acninternational.org\\\/es\\\/el-papa-comienza-el-domingo-un-viaje-historico-a-los-emiratos-arabes\\\/#article\",\"isPartOf\":{\"@id\":\"https:\\\/\\\/acninternational.org\\\/es\\\/el-papa-comienza-el-domingo-un-viaje-historico-a-los-emiratos-arabes\\\/\"},\"author\":{\"name\":\"ACN Press Team\",\"@id\":\"https:\\\/\\\/acninternational.org\\\/es\\\/#\\\/schema\\\/person\\\/7f3dafb236b242fb2aa46be1411fd703\"},\"headline\":\"El Papa comienza el domingo un viaje hist\u00f3rico a los Emiratos Arabes\",\"datePublished\":\"2019-01-31T23:00:00+00:00\",\"dateModified\":\"2019-11-05T07:48:20+00:00\",\"mainEntityOfPage\":{\"@id\":\"https:\\\/\\\/acninternational.org\\\/es\\\/el-papa-comienza-el-domingo-un-viaje-historico-a-los-emiratos-arabes\\\/\"},\"wordCount\":1194,\"commentCount\":0,\"publisher\":{\"@id\":\"https:\\\/\\\/acninternational.org\\\/es\\\/#organization\"},\"image\":{\"@id\":\"https:\\\/\\\/acninternational.org\\\/es\\\/el-papa-comienza-el-domingo-un-viaje-historico-a-los-emiratos-arabes\\\/#primaryimage\"},\"thumbnailUrl\":\"https:\\\/\\\/media.acninternational.org\\\/wp-content\\\/uploads\\\/2019\\\/11\\\/El-Papa-comienza-el-domingo-un-viaje-hist%C3%B3rico-a-los-Emiratos-Arabes-image.jpg\",\"articleSection\":[\"ENTREVISTAS\"],\"inLanguage\":\"es\",\"potentialAction\":[{\"@type\":\"CommentAction\",\"name\":\"Comment\",\"target\":[\"https:\\\/\\\/acninternational.org\\\/es\\\/el-papa-comienza-el-domingo-un-viaje-historico-a-los-emiratos-arabes\\\/#respond\"]}]},{\"@type\":\"WebPage\",\"@id\":\"https:\\\/\\\/acninternational.org\\\/es\\\/el-papa-comienza-el-domingo-un-viaje-historico-a-los-emiratos-arabes\\\/\",\"url\":\"https:\\\/\\\/acninternational.org\\\/es\\\/el-papa-comienza-el-domingo-un-viaje-historico-a-los-emiratos-arabes\\\/\",\"name\":\"El Papa comienza el domingo un viaje hist\u00f3rico a los Emiratos Arabes | ACN International\",\"isPartOf\":{\"@id\":\"https:\\\/\\\/acninternational.org\\\/es\\\/#website\"},\"primaryImageOfPage\":{\"@id\":\"https:\\\/\\\/acninternational.org\\\/es\\\/el-papa-comienza-el-domingo-un-viaje-historico-a-los-emiratos-arabes\\\/#primaryimage\"},\"image\":{\"@id\":\"https:\\\/\\\/acninternational.org\\\/es\\\/el-papa-comienza-el-domingo-un-viaje-historico-a-los-emiratos-arabes\\\/#primaryimage\"},\"thumbnailUrl\":\"https:\\\/\\\/media.acninternational.org\\\/wp-content\\\/uploads\\\/2019\\\/11\\\/El-Papa-comienza-el-domingo-un-viaje-hist%C3%B3rico-a-los-Emiratos-Arabes-image.jpg\",\"datePublished\":\"2019-01-31T23:00:00+00:00\",\"dateModified\":\"2019-11-05T07:48:20+00:00\",\"breadcrumb\":{\"@id\":\"https:\\\/\\\/acninternational.org\\\/es\\\/el-papa-comienza-el-domingo-un-viaje-historico-a-los-emiratos-arabes\\\/#breadcrumb\"},\"inLanguage\":\"es\",\"potentialAction\":[{\"@type\":\"ReadAction\",\"target\":[\"https:\\\/\\\/acninternational.org\\\/es\\\/el-papa-comienza-el-domingo-un-viaje-historico-a-los-emiratos-arabes\\\/\"]}]},{\"@type\":\"ImageObject\",\"inLanguage\":\"es\",\"@id\":\"https:\\\/\\\/acninternational.org\\\/es\\\/el-papa-comienza-el-domingo-un-viaje-historico-a-los-emiratos-arabes\\\/#primaryimage\",\"url\":\"https:\\\/\\\/media.acninternational.org\\\/wp-content\\\/uploads\\\/2019\\\/11\\\/El-Papa-comienza-el-domingo-un-viaje-hist%C3%B3rico-a-los-Emiratos-Arabes-image.jpg\",\"contentUrl\":\"https:\\\/\\\/media.acninternational.org\\\/wp-content\\\/uploads\\\/2019\\\/11\\\/El-Papa-comienza-el-domingo-un-viaje-hist%C3%B3rico-a-los-Emiratos-Arabes-image.jpg\",\"width\":1980,\"height\":800,\"caption\":\"El Papa comienza el domingo un viaje hist\u00f3rico a los Emiratos Arabes\"},{\"@type\":\"BreadcrumbList\",\"@id\":\"https:\\\/\\\/acninternational.org\\\/es\\\/el-papa-comienza-el-domingo-un-viaje-historico-a-los-emiratos-arabes\\\/#breadcrumb\",\"itemListElement\":[{\"@type\":\"ListItem\",\"position\":1,\"name\":\"Home\",\"item\":\"https:\\\/\\\/acninternational.org\\\/es\\\/\"},{\"@type\":\"ListItem\",\"position\":2,\"name\":\"ENTREVISTAS\",\"item\":\"https:\\\/\\\/acninternational.org\\\/es\\\/category\\\/entrevistas\\\/\"},{\"@type\":\"ListItem\",\"position\":3,\"name\":\"El Papa comienza el domingo un viaje hist\u00f3rico a los Emiratos Arabes\"}]},{\"@type\":\"WebSite\",\"@id\":\"https:\\\/\\\/acninternational.org\\\/es\\\/#website\",\"url\":\"https:\\\/\\\/acninternational.org\\\/es\\\/\",\"name\":\"ACN International\",\"description\":\"\",\"publisher\":{\"@id\":\"https:\\\/\\\/acninternational.org\\\/es\\\/#organization\"},\"potentialAction\":[{\"@type\":\"SearchAction\",\"target\":{\"@type\":\"EntryPoint\",\"urlTemplate\":\"https:\\\/\\\/acninternational.org\\\/es\\\/?s={search_term_string}\"},\"query-input\":{\"@type\":\"PropertyValueSpecification\",\"valueRequired\":true,\"valueName\":\"search_term_string\"}}],\"inLanguage\":\"es\"},{\"@type\":\"Organization\",\"@id\":\"https:\\\/\\\/acninternational.org\\\/es\\\/#organization\",\"name\":\"Aid to the Church in Need International\",\"url\":\"https:\\\/\\\/acninternational.org\\\/es\\\/\",\"logo\":{\"@type\":\"ImageObject\",\"inLanguage\":\"es\",\"@id\":\"https:\\\/\\\/acninternational.org\\\/es\\\/#\\\/schema\\\/logo\\\/image\\\/\",\"url\":\"https:\\\/\\\/media.acninternational.org\\\/wp-content\\\/uploads\\\/2019\\\/11\\\/acn_logo_blackvector.svg\",\"contentUrl\":\"https:\\\/\\\/media.acninternational.org\\\/wp-content\\\/uploads\\\/2019\\\/11\\\/acn_logo_blackvector.svg\",\"width\":232.6,\"height\":78,\"caption\":\"Aid to the Church in Need International\"},\"image\":{\"@id\":\"https:\\\/\\\/acninternational.org\\\/es\\\/#\\\/schema\\\/logo\\\/image\\\/\"},\"sameAs\":[\"https:\\\/\\\/www.facebook.com\\\/acninternationalorg\",\"https:\\\/\\\/x.com\\\/acn_int\",\"https:\\\/\\\/www.youtube.com\\\/channel\\\/UCQ-077gS0TnVzkhHmf1opZw\",\"https:\\\/\\\/www.instagram.com\\\/acn_international\\\/\"]},{\"@type\":\"Person\",\"@id\":\"https:\\\/\\\/acninternational.org\\\/es\\\/#\\\/schema\\\/person\\\/7f3dafb236b242fb2aa46be1411fd703\",\"name\":\"ACN Press Team\",\"description\":\"Lorem ipsum dolor sit amet, consectetur adipiscing elit, sed do eiusmod tempor incididunt ut labore et dolore magna aliqua. Ut enim ad minim veniam, quis nostrud exercitation ullamco laboris nisi ut aliquip ex ea commodo consequat.\",\"url\":\"https:\\\/\\\/acninternational.org\\\/es\\\/author\\\/acn-press-team\\\/\"}]}<\/script>\n<!-- \/ Yoast SEO Premium plugin. -->","yoast_head_json":{"title":"El Papa comienza el domingo un viaje hist\u00f3rico a los Emiratos Arabes | ACN International","robots":{"index":"index","follow":"follow","max-snippet":"max-snippet:-1","max-image-preview":"max-image-preview:large","max-video-preview":"max-video-preview:-1"},"canonical":"https:\/\/acninternational.org\/es\/el-papa-comienza-el-domingo-un-viaje-historico-a-los-emiratos-arabes\/","og_locale":"es_ES","og_type":"article","og_title":"El Papa comienza el domingo un viaje hist\u00f3rico a los Emiratos Arabes","og_description":"Mons. Paul Hinder es el Vicario Apost\u00f3lico del sur de Arabia, por lo que ser\u00e1 el anfitri\u00f3n del Papa cuando","og_url":"https:\/\/acninternational.org\/es\/el-papa-comienza-el-domingo-un-viaje-historico-a-los-emiratos-arabes\/","og_site_name":"ACN International","article_publisher":"https:\/\/www.facebook.com\/acninternationalorg","article_published_time":"2019-01-31T23:00:00+00:00","article_modified_time":"2019-11-05T07:48:20+00:00","og_image":[{"width":1980,"height":800,"url":"https:\/\/media.acninternational.org\/wp-content\/uploads\/2019\/11\/El-Papa-comienza-el-domingo-un-viaje-hist%C3%B3rico-a-los-Emiratos-Arabes-image.jpg","type":"image\/jpeg"}],"author":"ACN Press Team","twitter_card":"summary_large_image","twitter_creator":"@acn_int","twitter_site":"@acn_int","twitter_misc":{"Escrito por":"ACN Press Team","Tiempo de lectura":"6 minutos"},"schema":{"@context":"https:\/\/schema.org","@graph":[{"@type":"Article","@id":"https:\/\/acninternational.org\/es\/el-papa-comienza-el-domingo-un-viaje-historico-a-los-emiratos-arabes\/#article","isPartOf":{"@id":"https:\/\/acninternational.org\/es\/el-papa-comienza-el-domingo-un-viaje-historico-a-los-emiratos-arabes\/"},"author":{"name":"ACN Press Team","@id":"https:\/\/acninternational.org\/es\/#\/schema\/person\/7f3dafb236b242fb2aa46be1411fd703"},"headline":"El Papa comienza el domingo un viaje hist\u00f3rico a los Emiratos Arabes","datePublished":"2019-01-31T23:00:00+00:00","dateModified":"2019-11-05T07:48:20+00:00","mainEntityOfPage":{"@id":"https:\/\/acninternational.org\/es\/el-papa-comienza-el-domingo-un-viaje-historico-a-los-emiratos-arabes\/"},"wordCount":1194,"commentCount":0,"publisher":{"@id":"https:\/\/acninternational.org\/es\/#organization"},"image":{"@id":"https:\/\/acninternational.org\/es\/el-papa-comienza-el-domingo-un-viaje-historico-a-los-emiratos-arabes\/#primaryimage"},"thumbnailUrl":"https:\/\/media.acninternational.org\/wp-content\/uploads\/2019\/11\/El-Papa-comienza-el-domingo-un-viaje-hist%C3%B3rico-a-los-Emiratos-Arabes-image.jpg","articleSection":["ENTREVISTAS"],"inLanguage":"es","potentialAction":[{"@type":"CommentAction","name":"Comment","target":["https:\/\/acninternational.org\/es\/el-papa-comienza-el-domingo-un-viaje-historico-a-los-emiratos-arabes\/#respond"]}]},{"@type":"WebPage","@id":"https:\/\/acninternational.org\/es\/el-papa-comienza-el-domingo-un-viaje-historico-a-los-emiratos-arabes\/","url":"https:\/\/acninternational.org\/es\/el-papa-comienza-el-domingo-un-viaje-historico-a-los-emiratos-arabes\/","name":"El Papa comienza el domingo un viaje hist\u00f3rico a los Emiratos Arabes | ACN International","isPartOf":{"@id":"https:\/\/acninternational.org\/es\/#website"},"primaryImageOfPage":{"@id":"https:\/\/acninternational.org\/es\/el-papa-comienza-el-domingo-un-viaje-historico-a-los-emiratos-arabes\/#primaryimage"},"image":{"@id":"https:\/\/acninternational.org\/es\/el-papa-comienza-el-domingo-un-viaje-historico-a-los-emiratos-arabes\/#primaryimage"},"thumbnailUrl":"https:\/\/media.acninternational.org\/wp-content\/uploads\/2019\/11\/El-Papa-comienza-el-domingo-un-viaje-hist%C3%B3rico-a-los-Emiratos-Arabes-image.jpg","datePublished":"2019-01-31T23:00:00+00:00","dateModified":"2019-11-05T07:48:20+00:00","breadcrumb":{"@id":"https:\/\/acninternational.org\/es\/el-papa-comienza-el-domingo-un-viaje-historico-a-los-emiratos-arabes\/#breadcrumb"},"inLanguage":"es","potentialAction":[{"@type":"ReadAction","target":["https:\/\/acninternational.org\/es\/el-papa-comienza-el-domingo-un-viaje-historico-a-los-emiratos-arabes\/"]}]},{"@type":"ImageObject","inLanguage":"es","@id":"https:\/\/acninternational.org\/es\/el-papa-comienza-el-domingo-un-viaje-historico-a-los-emiratos-arabes\/#primaryimage","url":"https:\/\/media.acninternational.org\/wp-content\/uploads\/2019\/11\/El-Papa-comienza-el-domingo-un-viaje-hist%C3%B3rico-a-los-Emiratos-Arabes-image.jpg","contentUrl":"https:\/\/media.acninternational.org\/wp-content\/uploads\/2019\/11\/El-Papa-comienza-el-domingo-un-viaje-hist%C3%B3rico-a-los-Emiratos-Arabes-image.jpg","width":1980,"height":800,"caption":"El Papa comienza el domingo un viaje hist\u00f3rico a los Emiratos Arabes"},{"@type":"BreadcrumbList","@id":"https:\/\/acninternational.org\/es\/el-papa-comienza-el-domingo-un-viaje-historico-a-los-emiratos-arabes\/#breadcrumb","itemListElement":[{"@type":"ListItem","position":1,"name":"Home","item":"https:\/\/acninternational.org\/es\/"},{"@type":"ListItem","position":2,"name":"ENTREVISTAS","item":"https:\/\/acninternational.org\/es\/category\/entrevistas\/"},{"@type":"ListItem","position":3,"name":"El Papa comienza el domingo un viaje hist\u00f3rico a los Emiratos Arabes"}]},{"@type":"WebSite","@id":"https:\/\/acninternational.org\/es\/#website","url":"https:\/\/acninternational.org\/es\/","name":"ACN International","description":"","publisher":{"@id":"https:\/\/acninternational.org\/es\/#organization"},"potentialAction":[{"@type":"SearchAction","target":{"@type":"EntryPoint","urlTemplate":"https:\/\/acninternational.org\/es\/?s={search_term_string}"},"query-input":{"@type":"PropertyValueSpecification","valueRequired":true,"valueName":"search_term_string"}}],"inLanguage":"es"},{"@type":"Organization","@id":"https:\/\/acninternational.org\/es\/#organization","name":"Aid to the Church in Need International","url":"https:\/\/acninternational.org\/es\/","logo":{"@type":"ImageObject","inLanguage":"es","@id":"https:\/\/acninternational.org\/es\/#\/schema\/logo\/image\/","url":"https:\/\/media.acninternational.org\/wp-content\/uploads\/2019\/11\/acn_logo_blackvector.svg","contentUrl":"https:\/\/media.acninternational.org\/wp-content\/uploads\/2019\/11\/acn_logo_blackvector.svg","width":232.6,"height":78,"caption":"Aid to the Church in Need International"},"image":{"@id":"https:\/\/acninternational.org\/es\/#\/schema\/logo\/image\/"},"sameAs":["https:\/\/www.facebook.com\/acninternationalorg","https:\/\/x.com\/acn_int","https:\/\/www.youtube.com\/channel\/UCQ-077gS0TnVzkhHmf1opZw","https:\/\/www.instagram.com\/acn_international\/"]},{"@type":"Person","@id":"https:\/\/acninternational.org\/es\/#\/schema\/person\/7f3dafb236b242fb2aa46be1411fd703","name":"ACN Press Team","description":"Lorem ipsum dolor sit amet, consectetur adipiscing elit, sed do eiusmod tempor incididunt ut labore et dolore magna aliqua. Ut enim ad minim veniam, quis nostrud exercitation ullamco laboris nisi ut aliquip ex ea commodo consequat.","url":"https:\/\/acninternational.org\/es\/author\/acn-press-team\/"}]}},"_links":{"self":[{"href":"https:\/\/acninternational.org\/es\/wp-json\/wp\/v2\/posts\/120272","targetHints":{"allow":["GET"]}}],"collection":[{"href":"https:\/\/acninternational.org\/es\/wp-json\/wp\/v2\/posts"}],"about":[{"href":"https:\/\/acninternational.org\/es\/wp-json\/wp\/v2\/types\/post"}],"author":[{"embeddable":true,"href":"https:\/\/acninternational.org\/es\/wp-json\/wp\/v2\/users\/4258341447"}],"replies":[{"embeddable":true,"href":"https:\/\/acninternational.org\/es\/wp-json\/wp\/v2\/comments?post=120272"}],"version-history":[{"count":0,"href":"https:\/\/acninternational.org\/es\/wp-json\/wp\/v2\/posts\/120272\/revisions"}],"wp:featuredmedia":[{"embeddable":true,"href":"https:\/\/acninternational.org\/es\/wp-json\/wp\/v2\/media\/120273"}],"wp:attachment":[{"href":"https:\/\/acninternational.org\/es\/wp-json\/wp\/v2\/media?parent=120272"}],"wp:term":[{"taxonomy":"category","embeddable":true,"href":"https:\/\/acninternational.org\/es\/wp-json\/wp\/v2\/categories?post=120272"},{"taxonomy":"post_tag","embeddable":true,"href":"https:\/\/acninternational.org\/es\/wp-json\/wp\/v2\/tags?post=120272"},{"taxonomy":"country","embeddable":true,"href":"https:\/\/acninternational.org\/es\/wp-json\/wp\/v2\/country?post=120272"}],"curies":[{"name":"wp","href":"https:\/\/api.w.org\/{rel}","templated":true}]}}