{"id":119935,"date":"2018-12-19T00:00:00","date_gmt":"2018-12-18T23:00:00","guid":{"rendered":"https:\/\/acninternational.org\/pakistan-los-cristianos-son-una-comunidad-muy-pobre-en-condiciones-de-semi-esclavitud-asegura-mons-arshad\/"},"modified":"2018-12-19T00:00:00","modified_gmt":"2018-12-18T23:00:00","slug":"pakistan-los-cristianos-son-una-comunidad-muy-pobre-en-condiciones-de-semi-esclavitud-asegura-mons-arshad","status":"publish","type":"post","link":"https:\/\/acninternational.org\/es\/pakistan-los-cristianos-son-una-comunidad-muy-pobre-en-condiciones-de-semi-esclavitud-asegura-mons-arshad\/","title":{"rendered":"Pakist\u00e1n: \u201cLos cristianos son una comunidad muy pobre, en condiciones de semi esclavitud\u201d, asegura Mons. Arshad"},"content":{"rendered":"<h2><strong>El presidente de la Conferencia Episcopal de Pakist\u00e1n insiste en que el di\u00e1logo interreligioso es fundamental para la paz en su pa\u00eds<\/strong><\/h2>\n<p>Mons. Joseph Arshad es el arzobispo de Islamabad-Rawalpindi, presidente de la Conferencia Episcopal de Pakist\u00e1n. Su enorme misi\u00f3n no le impide estar cerca de los m\u00e1s pobres y necesitados. La fundaci\u00f3n pontificia <em>Aid to the Church in Need<\/em> entrevist\u00f3 al prelado durante su visita a la Catedral de San Pedro y San Pablo de Faisalabad. El reciente caso de la absoluci\u00f3n de Asia Bibi, madre cristiana acusada de blasfemia y hasta hace unas semanas en el corredor de la muerte, hace que una vez m\u00e1s la Iglesia apueste por el di\u00e1logo interreligioso y la paz, en un pa\u00eds azotado por el extremismo, la corrupci\u00f3n y la violencia terrorista.<\/p>\n<p>&nbsp;<\/p>\n<figure id=\"attachment_47835\" aria-describedby=\"caption-attachment-47835\" style=\"width: 690px\" class=\"wp-caption aligncenter\"><img loading=\"lazy\" decoding=\"async\" class=\"size-full wp-image-47835\" src=\"https:\/\/media.acninternational.org\/wp-content\/uploads\/2019\/11\/ACN-20181217-81387-post.jpg\" alt=\"Archbishop Joseph Arshad of Islamabad-Rawalpindi\" width=\"690\" height=\"690\" \/><figcaption id=\"caption-attachment-47835\" class=\"wp-caption-text\">Mons. Joseph Arshad es el arzobispo de Islamabad-Rawalpindi, presidente de la Conferencia Episcopal de Pakist\u00e1n.<\/figcaption><\/figure>\n<p>&nbsp;<\/p>\n<p><strong>\u00bfC\u00f3mo es la situaci\u00f3n actual del pa\u00eds tras la elecci\u00f3n de un nuevo gobierno y un nuevo primer ministro el pasado mes de agosto?<\/strong><\/p>\n<p>El nuevo primer ministro Imran Khan est\u00e1 tratando de hacer frente a problemas muy grandes en el pa\u00eds, como son la creaci\u00f3n de empleo, especialmente para la gente joven, la corrupci\u00f3n y el r\u00e1pido crecimiento de la poblaci\u00f3n. En Pakist\u00e1n hay ya m\u00e1s de 200 millones de habitantes.<\/p>\n<p>El eslogan del partido de Khan ha sido \u201cvamos a eliminar la corrupci\u00f3n\u201d, este mensaje ha calado entre la poblaci\u00f3n que ha visto como los recursos del pa\u00eds y el dinero destinado a la educaci\u00f3n y la sanidad eran saqueados. Creemos que puede ser una buena oportunidad para salir adelante y mejorar la vida de la gente.<\/p>\n<p>&nbsp;<\/p>\n<p><strong>\u00bfCu\u00e1l es la situaci\u00f3n actual de la Iglesia en Pakist\u00e1n?<\/strong><\/p>\n<p>El 95% de la poblaci\u00f3n son musulmanes, el resto son otras minor\u00edas como cristianos, hind\u00faes, sijs y farsis. Los cat\u00f3licos somos 1,5 millones y sumando los cristianos de muchas distintas denominaciones protestantes, somos 6 millones, un 2%. Los cristianos son una comunidad especialmente empobrecida, muchos tienen empleos muy precarios, en condiciones de semi esclavitud. La clave para nosotros es la educaci\u00f3n, para mejorar la vida de las personas y hacer ver que los cristianos somos parte de la sociedad, que somos iguales en dignidad, y podemos desempe\u00f1ar trabajos cualificados. Nuestra comunidad tiene una cuota de representaci\u00f3n en instituciones p\u00fablicas del 5% por ley, pero a veces no llegamos a ocupar todas las responsabilidades por falta de personas que tengan la debida cualificaci\u00f3n.<\/p>\n<p><strong>\u00a0<\/strong><\/p>\n<p><strong>\u00bfC\u00f3mo definir\u00eda la vida de fe de los cristianos en Pakist\u00e1n?<\/strong><\/p>\n<p>Nuestra gente tiene una fe muy sencilla, pero muy fuerte. A pesar de los problemas de acceso a la educaci\u00f3n y de la falta de oportunidades, la gente es fiel al Evangelio, nuestras iglesias est\u00e1n llenas de fieles. El 90% de los cristianos van todos los domingos a misa, tambi\u00e9n entre semana. He de decir que muchos no pueden tener misa todos los domingos por falta de iglesias y sacerdotes para atender a tantos.<\/p>\n<p>&nbsp;<\/p>\n<figure id=\"attachment_47837\" aria-describedby=\"caption-attachment-47837\" style=\"width: 690px\" class=\"wp-caption aligncenter\"><img loading=\"lazy\" decoding=\"async\" class=\"size-full wp-image-47837\" src=\"https:\/\/media.acninternational.org\/wp-content\/uploads\/2019\/11\/20121026_014-post.jpg\" alt=\"The key for us is education, so that we can improve the lives of the people and demonstrate that Christians are also part of society, equal in dignity and able to engage in skilled work.\" width=\"690\" height=\"517\" \/><figcaption id=\"caption-attachment-47837\" class=\"wp-caption-text\">\u00abLa clave para nosotros es la educaci\u00f3n, para mejorar la vida de las personas y hacer ver que los cristianos somos parte de la sociedad, que somos iguales en dignidad, y podemos desempe\u00f1ar trabajos cualificados\u00bb.<\/figcaption><\/figure>\n<p>&nbsp;<\/p>\n<p><strong>\u00bfQu\u00e9 sabe del caso de Asia Bibi?<\/strong><\/p>\n<p>Como Iglesia cat\u00f3lica respetamos las leyes de nuestro pa\u00eds y respetamos la justicia. La Corte Suprema de Islamabad ha tomado ya un veredicto, ellos son la justicia y nosotros tenemos que respetar la decisi\u00f3n de la Corte Suprema.<\/p>\n<p>&nbsp;<\/p>\n<p><strong>\u00bfLos cristianos sufren las consecuencias del extremismo por parte de algunos grupos islamistas?<\/strong><\/p>\n<p>Si, por supuesto. Hemos sufrido ataques en nuestras iglesias y los cristianos se ven amenazados tambi\u00e9n por la ley de la blasfemia. Esta ley es muchas veces utilizada con intereses personales, para acusar falsamente a otras personas. Pero realmente no hay problemas si las autoridades locales tratan los casos con rapidez. Por eso el di\u00e1logo interreligioso es una clave para trabajar con los \u201cmul\u00e1s\u201d &#8211; los l\u00edderes musulmanes &#8211; para frenar las campa\u00f1as de falsas acusaciones y conseguir calmar a los m\u00e1s extremistas. Si no conseguimos llegar a tiempo hasta donde se ha producido una acusaci\u00f3n, a veces la gente se toma la justicia por su mano y acaba asesinando a los acusados. Conozco varios casos, porque soy tambi\u00e9n responsable en la Conferencia Episcopal de Justicia y Paz.<\/p>\n<p>&nbsp;<\/p>\n<figure id=\"attachment_47838\" aria-describedby=\"caption-attachment-47838\" style=\"width: 690px\" class=\"wp-caption aligncenter\"><img loading=\"lazy\" decoding=\"async\" class=\"size-full wp-image-47838\" src=\"https:\/\/media.acninternational.org\/wp-content\/uploads\/2019\/11\/ACN-20181217-81404-post.jpg\" alt=\"We are striving to find areas where we can work together \u2013 Muslims, Christians, Hindus, Sikhs, Parsees and other minority religions.\" width=\"690\" height=\"388\" \/><figcaption id=\"caption-attachment-47838\" class=\"wp-caption-text\">\u00abEstamos tratando de buscar espacios donde poder trabajar juntos, musulmanes, cristianos, hind\u00faes, sijs, farsis, y otras religiones minoritarias.\u00bb<\/figcaption><\/figure>\n<p>&nbsp;<\/p>\n<p><strong>\u00bfC\u00f3mo es la relaci\u00f3n entre la Iglesia cat\u00f3lica y las dem\u00e1s religiones?<\/strong><\/p>\n<p>En el contexto de Pakist\u00e1n, el di\u00e1logo interreligioso es muy importante. La Iglesia est\u00e1 siendo l\u00edder en este sentido. Estamos tratando de buscar espacios donde poder trabajar juntos, musulmanes, cristianos, hind\u00faes, sijs, farsis, y otras religiones minoritarias. La experiencia es que cuando compartimos nuestra vida, hay mejor entendimiento entre nosotros. Es un proceso lento, creo que necesitamos m\u00e1s trabajo entre las personas tambi\u00e9n. El objetivo es conseguir la paz y frenar el extremismo.<\/p>\n<p><strong>\u00a0<\/strong><\/p>\n<p><strong>\u00bfUn \u00faltimo mensaje para los benefactores de ACN?<\/strong><\/p>\n<p>Doy las gracias a todos los benefactores que est\u00e1n ayudando a nuestra comunidad. Las di\u00f3cesis de Pakist\u00e1n tienen que hacer grandes esfuerzos para encontrar fondos para su funcionamiento. No disponemos de muchos recursos as\u00ed que con esa colaboraci\u00f3n podemos ofrecer apoyo a los m\u00e1s pobres. No recibimos ayuda de otras personas, ni de otras instituciones en Pakist\u00e1n.<\/p>\n","protected":false},"excerpt":{"rendered":"<p>El presidente de la Conferencia Episcopal de Pakist\u00e1n insiste en que el di\u00e1logo interreligioso es fundamental para la paz en<\/p>\n","protected":false},"author":1,"featured_media":119936,"comment_status":"open","ping_status":"open","sticky":false,"template":"","format":"standard","meta":{"_acf_changed":false,"_acn_coauthor_ids":[],"footnotes":""},"categories":[745],"tags":[],"country":[407],"class_list":["post-119935","post","type-post","status-publish","format-standard","has-post-thumbnail","hentry","category-entrevistas","country-pakistan-es"],"acn_coauthors":[],"acf":[],"yoast_head":"<!-- This site is optimized with the Yoast SEO Premium plugin v27.3 (Yoast SEO v27.3) - https:\/\/yoast.com\/product\/yoast-seo-premium-wordpress\/ -->\n<title>Pakist\u00e1n: \u201cLos cristianos son una comunidad muy pobre, en condiciones de semi esclavitud\u201d, asegura Mons. Arshad | ACN International<\/title>\n<meta name=\"robots\" content=\"index, follow, max-snippet:-1, max-image-preview:large, max-video-preview:-1\" \/>\n<link rel=\"canonical\" href=\"https:\/\/acninternational.org\/es\/pakistan-los-cristianos-son-una-comunidad-muy-pobre-en-condiciones-de-semi-esclavitud-asegura-mons-arshad\/\" \/>\n<meta property=\"og:locale\" content=\"es_ES\" \/>\n<meta property=\"og:type\" content=\"article\" \/>\n<meta property=\"og:title\" content=\"Pakist\u00e1n: \u201cLos cristianos son una comunidad muy pobre, en condiciones de semi esclavitud\u201d, asegura Mons. Arshad\" \/>\n<meta property=\"og:description\" content=\"El presidente de la Conferencia Episcopal de Pakist\u00e1n insiste en que el di\u00e1logo interreligioso es fundamental para la paz en\" \/>\n<meta property=\"og:url\" content=\"https:\/\/acninternational.org\/es\/pakistan-los-cristianos-son-una-comunidad-muy-pobre-en-condiciones-de-semi-esclavitud-asegura-mons-arshad\/\" \/>\n<meta property=\"og:site_name\" content=\"ACN International\" \/>\n<meta property=\"article:publisher\" content=\"https:\/\/www.facebook.com\/acninternationalorg\" \/>\n<meta property=\"article:published_time\" content=\"2018-12-18T23:00:00+00:00\" \/>\n<meta property=\"og:image\" content=\"https:\/\/media.acninternational.org\/wp-content\/uploads\/2019\/11\/Pakist%C3%A1n-%E2%80%9CLos-cristianos-son-una-comunidad-muy-pobre-en-condiciones-de-semi-esclavitud%E2%80%9D-asegura-Mons.-Arshad-image.jpg\" \/>\n\t<meta property=\"og:image:width\" content=\"1200\" \/>\n\t<meta property=\"og:image:height\" content=\"628\" \/>\n\t<meta property=\"og:image:type\" content=\"image\/jpeg\" \/>\n<meta name=\"author\" content=\"admin_acn\" \/>\n<meta name=\"twitter:card\" content=\"summary_large_image\" \/>\n<meta name=\"twitter:creator\" content=\"@acn_int\" \/>\n<meta name=\"twitter:site\" content=\"@acn_int\" \/>\n<meta name=\"twitter:label1\" content=\"Escrito por\" \/>\n\t<meta name=\"twitter:data1\" content=\"admin_acn\" \/>\n\t<meta name=\"twitter:label2\" content=\"Tiempo de lectura\" \/>\n\t<meta name=\"twitter:data2\" content=\"5 minutos\" \/>\n<script type=\"application\/ld+json\" class=\"yoast-schema-graph\">{\"@context\":\"https:\\\/\\\/schema.org\",\"@graph\":[{\"@type\":\"Article\",\"@id\":\"https:\\\/\\\/acninternational.org\\\/es\\\/pakistan-los-cristianos-son-una-comunidad-muy-pobre-en-condiciones-de-semi-esclavitud-asegura-mons-arshad\\\/#article\",\"isPartOf\":{\"@id\":\"https:\\\/\\\/acninternational.org\\\/es\\\/pakistan-los-cristianos-son-una-comunidad-muy-pobre-en-condiciones-de-semi-esclavitud-asegura-mons-arshad\\\/\"},\"author\":{\"name\":\"admin_acn\",\"@id\":\"https:\\\/\\\/acninternational.org\\\/es\\\/#\\\/schema\\\/person\\\/5a7468d38fb12b1976b6eeda95c21ebc\"},\"headline\":\"Pakist\u00e1n: \u201cLos cristianos son una comunidad muy pobre, en condiciones de semi esclavitud\u201d, asegura Mons. Arshad\",\"datePublished\":\"2018-12-18T23:00:00+00:00\",\"mainEntityOfPage\":{\"@id\":\"https:\\\/\\\/acninternational.org\\\/es\\\/pakistan-los-cristianos-son-una-comunidad-muy-pobre-en-condiciones-de-semi-esclavitud-asegura-mons-arshad\\\/\"},\"wordCount\":995,\"commentCount\":0,\"publisher\":{\"@id\":\"https:\\\/\\\/acninternational.org\\\/es\\\/#organization\"},\"image\":{\"@id\":\"https:\\\/\\\/acninternational.org\\\/es\\\/pakistan-los-cristianos-son-una-comunidad-muy-pobre-en-condiciones-de-semi-esclavitud-asegura-mons-arshad\\\/#primaryimage\"},\"thumbnailUrl\":\"https:\\\/\\\/media.acninternational.org\\\/wp-content\\\/uploads\\\/2019\\\/11\\\/Pakist%C3%A1n-%E2%80%9CLos-cristianos-son-una-comunidad-muy-pobre-en-condiciones-de-semi-esclavitud%E2%80%9D-asegura-Mons.-Arshad-image.jpg\",\"articleSection\":[\"ENTREVISTAS\"],\"inLanguage\":\"es\",\"potentialAction\":[{\"@type\":\"CommentAction\",\"name\":\"Comment\",\"target\":[\"https:\\\/\\\/acninternational.org\\\/es\\\/pakistan-los-cristianos-son-una-comunidad-muy-pobre-en-condiciones-de-semi-esclavitud-asegura-mons-arshad\\\/#respond\"]}]},{\"@type\":\"WebPage\",\"@id\":\"https:\\\/\\\/acninternational.org\\\/es\\\/pakistan-los-cristianos-son-una-comunidad-muy-pobre-en-condiciones-de-semi-esclavitud-asegura-mons-arshad\\\/\",\"url\":\"https:\\\/\\\/acninternational.org\\\/es\\\/pakistan-los-cristianos-son-una-comunidad-muy-pobre-en-condiciones-de-semi-esclavitud-asegura-mons-arshad\\\/\",\"name\":\"Pakist\u00e1n: \u201cLos cristianos son una comunidad muy pobre, en condiciones de semi esclavitud\u201d, asegura Mons. Arshad | ACN International\",\"isPartOf\":{\"@id\":\"https:\\\/\\\/acninternational.org\\\/es\\\/#website\"},\"primaryImageOfPage\":{\"@id\":\"https:\\\/\\\/acninternational.org\\\/es\\\/pakistan-los-cristianos-son-una-comunidad-muy-pobre-en-condiciones-de-semi-esclavitud-asegura-mons-arshad\\\/#primaryimage\"},\"image\":{\"@id\":\"https:\\\/\\\/acninternational.org\\\/es\\\/pakistan-los-cristianos-son-una-comunidad-muy-pobre-en-condiciones-de-semi-esclavitud-asegura-mons-arshad\\\/#primaryimage\"},\"thumbnailUrl\":\"https:\\\/\\\/media.acninternational.org\\\/wp-content\\\/uploads\\\/2019\\\/11\\\/Pakist%C3%A1n-%E2%80%9CLos-cristianos-son-una-comunidad-muy-pobre-en-condiciones-de-semi-esclavitud%E2%80%9D-asegura-Mons.-Arshad-image.jpg\",\"datePublished\":\"2018-12-18T23:00:00+00:00\",\"breadcrumb\":{\"@id\":\"https:\\\/\\\/acninternational.org\\\/es\\\/pakistan-los-cristianos-son-una-comunidad-muy-pobre-en-condiciones-de-semi-esclavitud-asegura-mons-arshad\\\/#breadcrumb\"},\"inLanguage\":\"es\",\"potentialAction\":[{\"@type\":\"ReadAction\",\"target\":[\"https:\\\/\\\/acninternational.org\\\/es\\\/pakistan-los-cristianos-son-una-comunidad-muy-pobre-en-condiciones-de-semi-esclavitud-asegura-mons-arshad\\\/\"]}]},{\"@type\":\"ImageObject\",\"inLanguage\":\"es\",\"@id\":\"https:\\\/\\\/acninternational.org\\\/es\\\/pakistan-los-cristianos-son-una-comunidad-muy-pobre-en-condiciones-de-semi-esclavitud-asegura-mons-arshad\\\/#primaryimage\",\"url\":\"https:\\\/\\\/media.acninternational.org\\\/wp-content\\\/uploads\\\/2019\\\/11\\\/Pakist%C3%A1n-%E2%80%9CLos-cristianos-son-una-comunidad-muy-pobre-en-condiciones-de-semi-esclavitud%E2%80%9D-asegura-Mons.-Arshad-image.jpg\",\"contentUrl\":\"https:\\\/\\\/media.acninternational.org\\\/wp-content\\\/uploads\\\/2019\\\/11\\\/Pakist%C3%A1n-%E2%80%9CLos-cristianos-son-una-comunidad-muy-pobre-en-condiciones-de-semi-esclavitud%E2%80%9D-asegura-Mons.-Arshad-image.jpg\",\"width\":1200,\"height\":628,\"caption\":\"Pakistan: \u201cThe Christians are a community of the very poor, living in conditions of semi-slavery\u201d, says Archbishop Arshad\"},{\"@type\":\"BreadcrumbList\",\"@id\":\"https:\\\/\\\/acninternational.org\\\/es\\\/pakistan-los-cristianos-son-una-comunidad-muy-pobre-en-condiciones-de-semi-esclavitud-asegura-mons-arshad\\\/#breadcrumb\",\"itemListElement\":[{\"@type\":\"ListItem\",\"position\":1,\"name\":\"Home\",\"item\":\"https:\\\/\\\/acninternational.org\\\/es\\\/\"},{\"@type\":\"ListItem\",\"position\":2,\"name\":\"ENTREVISTAS\",\"item\":\"https:\\\/\\\/acninternational.org\\\/es\\\/category\\\/entrevistas\\\/\"},{\"@type\":\"ListItem\",\"position\":3,\"name\":\"Pakist\u00e1n: \u201cLos cristianos son una comunidad muy pobre, en condiciones de semi esclavitud\u201d, asegura Mons. Arshad\"}]},{\"@type\":\"WebSite\",\"@id\":\"https:\\\/\\\/acninternational.org\\\/es\\\/#website\",\"url\":\"https:\\\/\\\/acninternational.org\\\/es\\\/\",\"name\":\"ACN International\",\"description\":\"\",\"publisher\":{\"@id\":\"https:\\\/\\\/acninternational.org\\\/es\\\/#organization\"},\"potentialAction\":[{\"@type\":\"SearchAction\",\"target\":{\"@type\":\"EntryPoint\",\"urlTemplate\":\"https:\\\/\\\/acninternational.org\\\/es\\\/?s={search_term_string}\"},\"query-input\":{\"@type\":\"PropertyValueSpecification\",\"valueRequired\":true,\"valueName\":\"search_term_string\"}}],\"inLanguage\":\"es\"},{\"@type\":\"Organization\",\"@id\":\"https:\\\/\\\/acninternational.org\\\/es\\\/#organization\",\"name\":\"Aid to the Church in Need International\",\"url\":\"https:\\\/\\\/acninternational.org\\\/es\\\/\",\"logo\":{\"@type\":\"ImageObject\",\"inLanguage\":\"es\",\"@id\":\"https:\\\/\\\/acninternational.org\\\/es\\\/#\\\/schema\\\/logo\\\/image\\\/\",\"url\":\"https:\\\/\\\/media.acninternational.org\\\/wp-content\\\/uploads\\\/2019\\\/11\\\/acn_logo_blackvector.svg\",\"contentUrl\":\"https:\\\/\\\/media.acninternational.org\\\/wp-content\\\/uploads\\\/2019\\\/11\\\/acn_logo_blackvector.svg\",\"width\":232.6,\"height\":78,\"caption\":\"Aid to the Church in Need International\"},\"image\":{\"@id\":\"https:\\\/\\\/acninternational.org\\\/es\\\/#\\\/schema\\\/logo\\\/image\\\/\"},\"sameAs\":[\"https:\\\/\\\/www.facebook.com\\\/acninternationalorg\",\"https:\\\/\\\/x.com\\\/acn_int\",\"https:\\\/\\\/www.youtube.com\\\/channel\\\/UCQ-077gS0TnVzkhHmf1opZw\",\"https:\\\/\\\/www.instagram.com\\\/acn_international\\\/\"]},{\"@type\":\"Person\",\"@id\":\"https:\\\/\\\/acninternational.org\\\/es\\\/#\\\/schema\\\/person\\\/5a7468d38fb12b1976b6eeda95c21ebc\",\"name\":\"admin_acn\",\"url\":\"https:\\\/\\\/acninternational.org\\\/es\\\/author\\\/admin_acn\\\/\"}]}<\/script>\n<!-- \/ Yoast SEO Premium plugin. -->","yoast_head_json":{"title":"Pakist\u00e1n: \u201cLos cristianos son una comunidad muy pobre, en condiciones de semi esclavitud\u201d, asegura Mons. Arshad | ACN International","robots":{"index":"index","follow":"follow","max-snippet":"max-snippet:-1","max-image-preview":"max-image-preview:large","max-video-preview":"max-video-preview:-1"},"canonical":"https:\/\/acninternational.org\/es\/pakistan-los-cristianos-son-una-comunidad-muy-pobre-en-condiciones-de-semi-esclavitud-asegura-mons-arshad\/","og_locale":"es_ES","og_type":"article","og_title":"Pakist\u00e1n: \u201cLos cristianos son una comunidad muy pobre, en condiciones de semi esclavitud\u201d, asegura Mons. Arshad","og_description":"El presidente de la Conferencia Episcopal de Pakist\u00e1n insiste en que el di\u00e1logo interreligioso es fundamental para la paz en","og_url":"https:\/\/acninternational.org\/es\/pakistan-los-cristianos-son-una-comunidad-muy-pobre-en-condiciones-de-semi-esclavitud-asegura-mons-arshad\/","og_site_name":"ACN International","article_publisher":"https:\/\/www.facebook.com\/acninternationalorg","article_published_time":"2018-12-18T23:00:00+00:00","og_image":[{"width":1200,"height":628,"url":"https:\/\/media.acninternational.org\/wp-content\/uploads\/2019\/11\/Pakist%C3%A1n-%E2%80%9CLos-cristianos-son-una-comunidad-muy-pobre-en-condiciones-de-semi-esclavitud%E2%80%9D-asegura-Mons.-Arshad-image.jpg","type":"image\/jpeg"}],"author":"admin_acn","twitter_card":"summary_large_image","twitter_creator":"@acn_int","twitter_site":"@acn_int","twitter_misc":{"Escrito por":"admin_acn","Tiempo de lectura":"5 minutos"},"schema":{"@context":"https:\/\/schema.org","@graph":[{"@type":"Article","@id":"https:\/\/acninternational.org\/es\/pakistan-los-cristianos-son-una-comunidad-muy-pobre-en-condiciones-de-semi-esclavitud-asegura-mons-arshad\/#article","isPartOf":{"@id":"https:\/\/acninternational.org\/es\/pakistan-los-cristianos-son-una-comunidad-muy-pobre-en-condiciones-de-semi-esclavitud-asegura-mons-arshad\/"},"author":{"name":"admin_acn","@id":"https:\/\/acninternational.org\/es\/#\/schema\/person\/5a7468d38fb12b1976b6eeda95c21ebc"},"headline":"Pakist\u00e1n: \u201cLos cristianos son una comunidad muy pobre, en condiciones de semi esclavitud\u201d, asegura Mons. Arshad","datePublished":"2018-12-18T23:00:00+00:00","mainEntityOfPage":{"@id":"https:\/\/acninternational.org\/es\/pakistan-los-cristianos-son-una-comunidad-muy-pobre-en-condiciones-de-semi-esclavitud-asegura-mons-arshad\/"},"wordCount":995,"commentCount":0,"publisher":{"@id":"https:\/\/acninternational.org\/es\/#organization"},"image":{"@id":"https:\/\/acninternational.org\/es\/pakistan-los-cristianos-son-una-comunidad-muy-pobre-en-condiciones-de-semi-esclavitud-asegura-mons-arshad\/#primaryimage"},"thumbnailUrl":"https:\/\/media.acninternational.org\/wp-content\/uploads\/2019\/11\/Pakist%C3%A1n-%E2%80%9CLos-cristianos-son-una-comunidad-muy-pobre-en-condiciones-de-semi-esclavitud%E2%80%9D-asegura-Mons.-Arshad-image.jpg","articleSection":["ENTREVISTAS"],"inLanguage":"es","potentialAction":[{"@type":"CommentAction","name":"Comment","target":["https:\/\/acninternational.org\/es\/pakistan-los-cristianos-son-una-comunidad-muy-pobre-en-condiciones-de-semi-esclavitud-asegura-mons-arshad\/#respond"]}]},{"@type":"WebPage","@id":"https:\/\/acninternational.org\/es\/pakistan-los-cristianos-son-una-comunidad-muy-pobre-en-condiciones-de-semi-esclavitud-asegura-mons-arshad\/","url":"https:\/\/acninternational.org\/es\/pakistan-los-cristianos-son-una-comunidad-muy-pobre-en-condiciones-de-semi-esclavitud-asegura-mons-arshad\/","name":"Pakist\u00e1n: \u201cLos cristianos son una comunidad muy pobre, en condiciones de semi esclavitud\u201d, asegura Mons. Arshad | ACN International","isPartOf":{"@id":"https:\/\/acninternational.org\/es\/#website"},"primaryImageOfPage":{"@id":"https:\/\/acninternational.org\/es\/pakistan-los-cristianos-son-una-comunidad-muy-pobre-en-condiciones-de-semi-esclavitud-asegura-mons-arshad\/#primaryimage"},"image":{"@id":"https:\/\/acninternational.org\/es\/pakistan-los-cristianos-son-una-comunidad-muy-pobre-en-condiciones-de-semi-esclavitud-asegura-mons-arshad\/#primaryimage"},"thumbnailUrl":"https:\/\/media.acninternational.org\/wp-content\/uploads\/2019\/11\/Pakist%C3%A1n-%E2%80%9CLos-cristianos-son-una-comunidad-muy-pobre-en-condiciones-de-semi-esclavitud%E2%80%9D-asegura-Mons.-Arshad-image.jpg","datePublished":"2018-12-18T23:00:00+00:00","breadcrumb":{"@id":"https:\/\/acninternational.org\/es\/pakistan-los-cristianos-son-una-comunidad-muy-pobre-en-condiciones-de-semi-esclavitud-asegura-mons-arshad\/#breadcrumb"},"inLanguage":"es","potentialAction":[{"@type":"ReadAction","target":["https:\/\/acninternational.org\/es\/pakistan-los-cristianos-son-una-comunidad-muy-pobre-en-condiciones-de-semi-esclavitud-asegura-mons-arshad\/"]}]},{"@type":"ImageObject","inLanguage":"es","@id":"https:\/\/acninternational.org\/es\/pakistan-los-cristianos-son-una-comunidad-muy-pobre-en-condiciones-de-semi-esclavitud-asegura-mons-arshad\/#primaryimage","url":"https:\/\/media.acninternational.org\/wp-content\/uploads\/2019\/11\/Pakist%C3%A1n-%E2%80%9CLos-cristianos-son-una-comunidad-muy-pobre-en-condiciones-de-semi-esclavitud%E2%80%9D-asegura-Mons.-Arshad-image.jpg","contentUrl":"https:\/\/media.acninternational.org\/wp-content\/uploads\/2019\/11\/Pakist%C3%A1n-%E2%80%9CLos-cristianos-son-una-comunidad-muy-pobre-en-condiciones-de-semi-esclavitud%E2%80%9D-asegura-Mons.-Arshad-image.jpg","width":1200,"height":628,"caption":"Pakistan: \u201cThe Christians are a community of the very poor, living in conditions of semi-slavery\u201d, says Archbishop Arshad"},{"@type":"BreadcrumbList","@id":"https:\/\/acninternational.org\/es\/pakistan-los-cristianos-son-una-comunidad-muy-pobre-en-condiciones-de-semi-esclavitud-asegura-mons-arshad\/#breadcrumb","itemListElement":[{"@type":"ListItem","position":1,"name":"Home","item":"https:\/\/acninternational.org\/es\/"},{"@type":"ListItem","position":2,"name":"ENTREVISTAS","item":"https:\/\/acninternational.org\/es\/category\/entrevistas\/"},{"@type":"ListItem","position":3,"name":"Pakist\u00e1n: \u201cLos cristianos son una comunidad muy pobre, en condiciones de semi esclavitud\u201d, asegura Mons. Arshad"}]},{"@type":"WebSite","@id":"https:\/\/acninternational.org\/es\/#website","url":"https:\/\/acninternational.org\/es\/","name":"ACN International","description":"","publisher":{"@id":"https:\/\/acninternational.org\/es\/#organization"},"potentialAction":[{"@type":"SearchAction","target":{"@type":"EntryPoint","urlTemplate":"https:\/\/acninternational.org\/es\/?s={search_term_string}"},"query-input":{"@type":"PropertyValueSpecification","valueRequired":true,"valueName":"search_term_string"}}],"inLanguage":"es"},{"@type":"Organization","@id":"https:\/\/acninternational.org\/es\/#organization","name":"Aid to the Church in Need International","url":"https:\/\/acninternational.org\/es\/","logo":{"@type":"ImageObject","inLanguage":"es","@id":"https:\/\/acninternational.org\/es\/#\/schema\/logo\/image\/","url":"https:\/\/media.acninternational.org\/wp-content\/uploads\/2019\/11\/acn_logo_blackvector.svg","contentUrl":"https:\/\/media.acninternational.org\/wp-content\/uploads\/2019\/11\/acn_logo_blackvector.svg","width":232.6,"height":78,"caption":"Aid to the Church in Need International"},"image":{"@id":"https:\/\/acninternational.org\/es\/#\/schema\/logo\/image\/"},"sameAs":["https:\/\/www.facebook.com\/acninternationalorg","https:\/\/x.com\/acn_int","https:\/\/www.youtube.com\/channel\/UCQ-077gS0TnVzkhHmf1opZw","https:\/\/www.instagram.com\/acn_international\/"]},{"@type":"Person","@id":"https:\/\/acninternational.org\/es\/#\/schema\/person\/5a7468d38fb12b1976b6eeda95c21ebc","name":"admin_acn","url":"https:\/\/acninternational.org\/es\/author\/admin_acn\/"}]}},"_links":{"self":[{"href":"https:\/\/acninternational.org\/es\/wp-json\/wp\/v2\/posts\/119935","targetHints":{"allow":["GET"]}}],"collection":[{"href":"https:\/\/acninternational.org\/es\/wp-json\/wp\/v2\/posts"}],"about":[{"href":"https:\/\/acninternational.org\/es\/wp-json\/wp\/v2\/types\/post"}],"author":[{"embeddable":true,"href":"https:\/\/acninternational.org\/es\/wp-json\/wp\/v2\/users\/1"}],"replies":[{"embeddable":true,"href":"https:\/\/acninternational.org\/es\/wp-json\/wp\/v2\/comments?post=119935"}],"version-history":[{"count":0,"href":"https:\/\/acninternational.org\/es\/wp-json\/wp\/v2\/posts\/119935\/revisions"}],"wp:featuredmedia":[{"embeddable":true,"href":"https:\/\/acninternational.org\/es\/wp-json\/wp\/v2\/media\/119936"}],"wp:attachment":[{"href":"https:\/\/acninternational.org\/es\/wp-json\/wp\/v2\/media?parent=119935"}],"wp:term":[{"taxonomy":"category","embeddable":true,"href":"https:\/\/acninternational.org\/es\/wp-json\/wp\/v2\/categories?post=119935"},{"taxonomy":"post_tag","embeddable":true,"href":"https:\/\/acninternational.org\/es\/wp-json\/wp\/v2\/tags?post=119935"},{"taxonomy":"country","embeddable":true,"href":"https:\/\/acninternational.org\/es\/wp-json\/wp\/v2\/country?post=119935"}],"curies":[{"name":"wp","href":"https:\/\/api.w.org\/{rel}","templated":true}]}}