{"id":119875,"date":"2018-12-17T00:00:00","date_gmt":"2018-12-16T23:00:00","guid":{"rendered":"https:\/\/acninternational.org\/cardenal-brenes-las-lagrimas-del-pueblo-son-las-lagrimas-de-dios\/"},"modified":"2018-12-17T00:00:00","modified_gmt":"2018-12-16T23:00:00","slug":"cardenal-brenes-las-lagrimas-del-pueblo-son-las-lagrimas-de-dios","status":"publish","type":"post","link":"https:\/\/acninternational.org\/es\/cardenal-brenes-las-lagrimas-del-pueblo-son-las-lagrimas-de-dios\/","title":{"rendered":"Cardenal Brenes: \u201clas l\u00e1grimas del pueblo son las l\u00e1grimas de Dios\u201d"},"content":{"rendered":"<h2><em>\u201cEl di\u00e1logo es la soluci\u00f3n\u201d, mensaje de Adviento de la CEN<\/em><\/h2>\n<p>A pocos d\u00edas de la festividad nacional de la Pur\u00edsima Concepci\u00f3n de Mar\u00eda, el cardenal Leopoldo Jos\u00e9 Brenes, arzobispo de Managua, pide \u201corar por Nicaragua, por la paz y por la unidad del pueblo y de las familias\u201d. \u201cLas l\u00e1grimas del pueblo son las l\u00e1grimas de Dios y por lo tanto tambi\u00e9n son las de Mar\u00eda que es madre. Ella llorar\u00eda al ver nuestra situaci\u00f3n\u201d recalc\u00f3 en un video que ha llegado a la fundaci\u00f3n pontificia ACN. Hablando a los medios de comunicaci\u00f3n sobre el significado de la gran fiesta nicarag\u00fcense el cardenal da gracias al Se\u00f1or porque los conflictos \u201cvan minorando\u201d y espera que poco a poco \u201cse vaya recuperando la paz\u201d. As\u00ed invita a \u201cseguir trabajando en este Adviento de esperanza\u201d y tambi\u00e9n a reflexionar sobre el amplio mensaje que ha publicado la Conferencia Episcopal de Nicaragua (CEN) con motivo del Adviento, que no ha sido bien recibido por todos los sectores.<\/p>\n<p>En un momento delicado para el pa\u00eds, en plena crisis socio pol\u00edtica por las muertes y persecuciones a ra\u00edz de las protestas contra el presidente Daniel Ortega, los obispos de Nicaragua recuerdan en su mensaje de Adviento que el pueblo debe actuar como si fueran \u201ccolaboradores de Dios\u201d ante la \u201cinjusticia y la opresi\u00f3n\u201d. \u201cNo se dejen seducir por soluciones inmediatistas (\u2026) la nueva Nicaragua necesita l\u00edderes no violentos que conquisten, de la mano de Dios, metas de libertad y justicia\u201d. La CEN llama al di\u00e1logo, a la palabra, a los gestos solidarios de amor y perd\u00f3n para enfrentar a la violencia. Recuerdan que ante los conflictos y la crisis que se est\u00e1n viviendo \u201cnadie se puede quedar de brazos cruzados\u201d, viendo \u201cel dolor de nuestros adversarios que no dejan de ser hermanos\u201d. Los obispos insisten en que hay que romper con los \u201cego\u00edsmos personales\u201d para ser cada vez m\u00e1s como \u201cel Maestro\u201d.<\/p>\n<p>El cardenal Leopoldo Jos\u00e9 Brenes insiste en que el dialogo \u201ces el esp\u00edritu de la Iglesia, sea en la familia, con los vecinos o en la pol\u00edtica\u201d, y as\u00ed se lee tambi\u00e9n en el mensaje de Adviento donde los obispos recalcan que \u201cun buen pol\u00edtico es aquel que, teniendo en mente los intereses de todos, toma la oportunidad de dialogar con un esp\u00edritu abierto\u201d. En este sentido reconocen que es dif\u00edcil que se solucionen todas las cuestiones con el di\u00e1logo del Estado y la sociedad, pero ellos est\u00e1n \u201cdispuestos a acompa\u00f1ar las propuestas que mejor responden a la dignidad humana y al bien com\u00fan\u201d. \u201cCon el di\u00e1logo hay futuro, sin \u00e9l todo esfuerzo se enruta al fracaso. Es la salida pac\u00edfica ante esta crisis sociopol\u00edtica\u201d.<\/p>\n<h3><strong>Situaci\u00f3n cr\u00edtica en Nicaragua <\/strong><\/h3>\n<p>Nicaragua vive actualmente una crisis social y pol\u00edtica que tiene su origen en un creciente autoritarismo y falta de respeto por el estado de derecho, que se ha evidenciado en la \u00faltima d\u00e9cada despu\u00e9s de la victoria electoral de Daniel Ortega en 2006. \u00a0Un intento de reforma del sistema de la Seguridad Social por parte del gobierno en abril de 2018 fue el arranque de intensas protestas violentamente perseguidas por los grupos afines al Gobierno. El resultado fueron cientos de muertos, centenas de j\u00f3venes que siguen presos en las c\u00e1rceles de Nicaragua y millares de j\u00f3venes que han dejado el pa\u00eds. Nicaragua es ahora un pueblo dividido y desesperado. La Iglesia nicarag\u00fcense, que tom\u00f3 una posici\u00f3n cr\u00edtica ante el autoritarismo pol\u00edtico que se vive, ha sufrido una campa\u00f1a de desprestigio por parte del Gobierno y recibido constantes amenazas por grupos afines al presidente Ortega. Varios obispos fueron atacados, como fue el caso de Mons. Silvio B\u00e1ez, obispo auxiliar de Managua, Mons. Juan Mata, obispo de Estel\u00ed y Mons. Rolando Alvarez, obispo de Matagalpa.\u00a0 Sin olvidar el episodio de violencia en la Bas\u00edlica de Menor de San Sebasti\u00e1n de la ciudad de Diriamba d\u00f3nde fueron agredidos el Cardenal Leopoldo Brenes y el Nuncio Apost\u00f3lico, Mons. Waldemar Sommertag.<\/p>\n<p><em>La fundaci\u00f3n ACN acaba de realizar un viaje por el pa\u00eds para conocer la situaci\u00f3n de primera mano y analizar las ayudas concretas que se pueden dar a la iglesia local para reforzar su pastoral en estos momentos tan complicados. <\/em><\/p>\n","protected":false},"excerpt":{"rendered":"<p>\u201cEl di\u00e1logo es la soluci\u00f3n\u201d, mensaje de Adviento de la CEN A pocos d\u00edas de la festividad nacional de la<\/p>\n","protected":false},"author":1,"featured_media":119876,"comment_status":"open","ping_status":"open","sticky":false,"template":"","format":"standard","meta":{"_acf_changed":false,"_acn_coauthor_ids":[],"footnotes":""},"categories":[746],"tags":[],"country":[419],"class_list":["post-119875","post","type-post","status-publish","format-standard","has-post-thumbnail","hentry","category-noticias","country-nicaragua-es"],"acn_coauthors":[],"acf":[],"yoast_head":"<!-- This site is optimized with the Yoast SEO Premium plugin v27.3 (Yoast SEO v27.3) - https:\/\/yoast.com\/product\/yoast-seo-premium-wordpress\/ -->\n<title>Cardenal Brenes: \u201clas l\u00e1grimas del pueblo son las l\u00e1grimas de Dios\u201d | ACN International<\/title>\n<meta name=\"robots\" content=\"index, follow, max-snippet:-1, max-image-preview:large, max-video-preview:-1\" \/>\n<link rel=\"canonical\" href=\"https:\/\/acninternational.org\/es\/cardenal-brenes-las-lagrimas-del-pueblo-son-las-lagrimas-de-dios\/\" \/>\n<meta property=\"og:locale\" content=\"es_ES\" \/>\n<meta property=\"og:type\" content=\"article\" \/>\n<meta property=\"og:title\" content=\"Cardenal Brenes: \u201clas l\u00e1grimas del pueblo son las l\u00e1grimas de Dios\u201d\" \/>\n<meta property=\"og:description\" content=\"\u201cEl di\u00e1logo es la soluci\u00f3n\u201d, mensaje de Adviento de la CEN A pocos d\u00edas de la festividad nacional de la\" \/>\n<meta property=\"og:url\" content=\"https:\/\/acninternational.org\/es\/cardenal-brenes-las-lagrimas-del-pueblo-son-las-lagrimas-de-dios\/\" \/>\n<meta property=\"og:site_name\" content=\"ACN International\" \/>\n<meta property=\"article:publisher\" content=\"https:\/\/www.facebook.com\/acninternationalorg\" \/>\n<meta property=\"article:published_time\" content=\"2018-12-16T23:00:00+00:00\" \/>\n<meta property=\"og:image\" content=\"https:\/\/media.acninternational.org\/wp-content\/uploads\/2019\/11\/Cardenal-Brenes-%E2%80%9Clas-l%C3%A1grimas-del-pueblo-son-las-l%C3%A1grimas-de-Dios%E2%80%9D-image.jpg\" \/>\n\t<meta property=\"og:image:width\" content=\"1200\" \/>\n\t<meta property=\"og:image:height\" content=\"628\" \/>\n\t<meta property=\"og:image:type\" content=\"image\/jpeg\" \/>\n<meta name=\"author\" content=\"admin_acn\" \/>\n<meta name=\"twitter:card\" content=\"summary_large_image\" \/>\n<meta name=\"twitter:creator\" content=\"@acn_int\" \/>\n<meta name=\"twitter:site\" content=\"@acn_int\" \/>\n<meta name=\"twitter:label1\" content=\"Escrito por\" \/>\n\t<meta name=\"twitter:data1\" content=\"admin_acn\" \/>\n\t<meta name=\"twitter:label2\" content=\"Tiempo de lectura\" \/>\n\t<meta name=\"twitter:data2\" content=\"4 minutos\" \/>\n<script type=\"application\/ld+json\" class=\"yoast-schema-graph\">{\"@context\":\"https:\\\/\\\/schema.org\",\"@graph\":[{\"@type\":\"Article\",\"@id\":\"https:\\\/\\\/acninternational.org\\\/es\\\/cardenal-brenes-las-lagrimas-del-pueblo-son-las-lagrimas-de-dios\\\/#article\",\"isPartOf\":{\"@id\":\"https:\\\/\\\/acninternational.org\\\/es\\\/cardenal-brenes-las-lagrimas-del-pueblo-son-las-lagrimas-de-dios\\\/\"},\"author\":{\"name\":\"admin_acn\",\"@id\":\"https:\\\/\\\/acninternational.org\\\/es\\\/#\\\/schema\\\/person\\\/5a7468d38fb12b1976b6eeda95c21ebc\"},\"headline\":\"Cardenal Brenes: \u201clas l\u00e1grimas del pueblo son las l\u00e1grimas de Dios\u201d\",\"datePublished\":\"2018-12-16T23:00:00+00:00\",\"mainEntityOfPage\":{\"@id\":\"https:\\\/\\\/acninternational.org\\\/es\\\/cardenal-brenes-las-lagrimas-del-pueblo-son-las-lagrimas-de-dios\\\/\"},\"wordCount\":765,\"commentCount\":0,\"publisher\":{\"@id\":\"https:\\\/\\\/acninternational.org\\\/es\\\/#organization\"},\"image\":{\"@id\":\"https:\\\/\\\/acninternational.org\\\/es\\\/cardenal-brenes-las-lagrimas-del-pueblo-son-las-lagrimas-de-dios\\\/#primaryimage\"},\"thumbnailUrl\":\"https:\\\/\\\/media.acninternational.org\\\/wp-content\\\/uploads\\\/2019\\\/11\\\/Cardenal-Brenes-%E2%80%9Clas-l%C3%A1grimas-del-pueblo-son-las-l%C3%A1grimas-de-Dios%E2%80%9D-image.jpg\",\"articleSection\":[\"NOTICIAS\"],\"inLanguage\":\"es\",\"potentialAction\":[{\"@type\":\"CommentAction\",\"name\":\"Comment\",\"target\":[\"https:\\\/\\\/acninternational.org\\\/es\\\/cardenal-brenes-las-lagrimas-del-pueblo-son-las-lagrimas-de-dios\\\/#respond\"]}]},{\"@type\":\"WebPage\",\"@id\":\"https:\\\/\\\/acninternational.org\\\/es\\\/cardenal-brenes-las-lagrimas-del-pueblo-son-las-lagrimas-de-dios\\\/\",\"url\":\"https:\\\/\\\/acninternational.org\\\/es\\\/cardenal-brenes-las-lagrimas-del-pueblo-son-las-lagrimas-de-dios\\\/\",\"name\":\"Cardenal Brenes: \u201clas l\u00e1grimas del pueblo son las l\u00e1grimas de Dios\u201d | ACN International\",\"isPartOf\":{\"@id\":\"https:\\\/\\\/acninternational.org\\\/es\\\/#website\"},\"primaryImageOfPage\":{\"@id\":\"https:\\\/\\\/acninternational.org\\\/es\\\/cardenal-brenes-las-lagrimas-del-pueblo-son-las-lagrimas-de-dios\\\/#primaryimage\"},\"image\":{\"@id\":\"https:\\\/\\\/acninternational.org\\\/es\\\/cardenal-brenes-las-lagrimas-del-pueblo-son-las-lagrimas-de-dios\\\/#primaryimage\"},\"thumbnailUrl\":\"https:\\\/\\\/media.acninternational.org\\\/wp-content\\\/uploads\\\/2019\\\/11\\\/Cardenal-Brenes-%E2%80%9Clas-l%C3%A1grimas-del-pueblo-son-las-l%C3%A1grimas-de-Dios%E2%80%9D-image.jpg\",\"datePublished\":\"2018-12-16T23:00:00+00:00\",\"breadcrumb\":{\"@id\":\"https:\\\/\\\/acninternational.org\\\/es\\\/cardenal-brenes-las-lagrimas-del-pueblo-son-las-lagrimas-de-dios\\\/#breadcrumb\"},\"inLanguage\":\"es\",\"potentialAction\":[{\"@type\":\"ReadAction\",\"target\":[\"https:\\\/\\\/acninternational.org\\\/es\\\/cardenal-brenes-las-lagrimas-del-pueblo-son-las-lagrimas-de-dios\\\/\"]}]},{\"@type\":\"ImageObject\",\"inLanguage\":\"es\",\"@id\":\"https:\\\/\\\/acninternational.org\\\/es\\\/cardenal-brenes-las-lagrimas-del-pueblo-son-las-lagrimas-de-dios\\\/#primaryimage\",\"url\":\"https:\\\/\\\/media.acninternational.org\\\/wp-content\\\/uploads\\\/2019\\\/11\\\/Cardenal-Brenes-%E2%80%9Clas-l%C3%A1grimas-del-pueblo-son-las-l%C3%A1grimas-de-Dios%E2%80%9D-image.jpg\",\"contentUrl\":\"https:\\\/\\\/media.acninternational.org\\\/wp-content\\\/uploads\\\/2019\\\/11\\\/Cardenal-Brenes-%E2%80%9Clas-l%C3%A1grimas-del-pueblo-son-las-l%C3%A1grimas-de-Dios%E2%80%9D-image.jpg\",\"width\":1200,\"height\":628,\"caption\":\"Cardenal Brenes: \u201clas l\u00e1grimas del pueblo son las l\u00e1grimas de Dios\u201d\"},{\"@type\":\"BreadcrumbList\",\"@id\":\"https:\\\/\\\/acninternational.org\\\/es\\\/cardenal-brenes-las-lagrimas-del-pueblo-son-las-lagrimas-de-dios\\\/#breadcrumb\",\"itemListElement\":[{\"@type\":\"ListItem\",\"position\":1,\"name\":\"Home\",\"item\":\"https:\\\/\\\/acninternational.org\\\/es\\\/\"},{\"@type\":\"ListItem\",\"position\":2,\"name\":\"NOTICIAS\",\"item\":\"https:\\\/\\\/acninternational.org\\\/es\\\/category\\\/noticias\\\/\"},{\"@type\":\"ListItem\",\"position\":3,\"name\":\"Cardenal Brenes: \u201clas l\u00e1grimas del pueblo son las l\u00e1grimas de Dios\u201d\"}]},{\"@type\":\"WebSite\",\"@id\":\"https:\\\/\\\/acninternational.org\\\/es\\\/#website\",\"url\":\"https:\\\/\\\/acninternational.org\\\/es\\\/\",\"name\":\"ACN International\",\"description\":\"\",\"publisher\":{\"@id\":\"https:\\\/\\\/acninternational.org\\\/es\\\/#organization\"},\"potentialAction\":[{\"@type\":\"SearchAction\",\"target\":{\"@type\":\"EntryPoint\",\"urlTemplate\":\"https:\\\/\\\/acninternational.org\\\/es\\\/?s={search_term_string}\"},\"query-input\":{\"@type\":\"PropertyValueSpecification\",\"valueRequired\":true,\"valueName\":\"search_term_string\"}}],\"inLanguage\":\"es\"},{\"@type\":\"Organization\",\"@id\":\"https:\\\/\\\/acninternational.org\\\/es\\\/#organization\",\"name\":\"Aid to the Church in Need International\",\"url\":\"https:\\\/\\\/acninternational.org\\\/es\\\/\",\"logo\":{\"@type\":\"ImageObject\",\"inLanguage\":\"es\",\"@id\":\"https:\\\/\\\/acninternational.org\\\/es\\\/#\\\/schema\\\/logo\\\/image\\\/\",\"url\":\"https:\\\/\\\/media.acninternational.org\\\/wp-content\\\/uploads\\\/2019\\\/11\\\/acn_logo_blackvector.svg\",\"contentUrl\":\"https:\\\/\\\/media.acninternational.org\\\/wp-content\\\/uploads\\\/2019\\\/11\\\/acn_logo_blackvector.svg\",\"width\":232.6,\"height\":78,\"caption\":\"Aid to the Church in Need International\"},\"image\":{\"@id\":\"https:\\\/\\\/acninternational.org\\\/es\\\/#\\\/schema\\\/logo\\\/image\\\/\"},\"sameAs\":[\"https:\\\/\\\/www.facebook.com\\\/acninternationalorg\",\"https:\\\/\\\/x.com\\\/acn_int\",\"https:\\\/\\\/www.youtube.com\\\/channel\\\/UCQ-077gS0TnVzkhHmf1opZw\",\"https:\\\/\\\/www.instagram.com\\\/acn_international\\\/\"]},{\"@type\":\"Person\",\"@id\":\"https:\\\/\\\/acninternational.org\\\/es\\\/#\\\/schema\\\/person\\\/5a7468d38fb12b1976b6eeda95c21ebc\",\"name\":\"admin_acn\",\"url\":\"https:\\\/\\\/acninternational.org\\\/es\\\/author\\\/admin_acn\\\/\"}]}<\/script>\n<!-- \/ Yoast SEO Premium plugin. -->","yoast_head_json":{"title":"Cardenal Brenes: \u201clas l\u00e1grimas del pueblo son las l\u00e1grimas de Dios\u201d | ACN International","robots":{"index":"index","follow":"follow","max-snippet":"max-snippet:-1","max-image-preview":"max-image-preview:large","max-video-preview":"max-video-preview:-1"},"canonical":"https:\/\/acninternational.org\/es\/cardenal-brenes-las-lagrimas-del-pueblo-son-las-lagrimas-de-dios\/","og_locale":"es_ES","og_type":"article","og_title":"Cardenal Brenes: \u201clas l\u00e1grimas del pueblo son las l\u00e1grimas de Dios\u201d","og_description":"\u201cEl di\u00e1logo es la soluci\u00f3n\u201d, mensaje de Adviento de la CEN A pocos d\u00edas de la festividad nacional de la","og_url":"https:\/\/acninternational.org\/es\/cardenal-brenes-las-lagrimas-del-pueblo-son-las-lagrimas-de-dios\/","og_site_name":"ACN International","article_publisher":"https:\/\/www.facebook.com\/acninternationalorg","article_published_time":"2018-12-16T23:00:00+00:00","og_image":[{"width":1200,"height":628,"url":"https:\/\/media.acninternational.org\/wp-content\/uploads\/2019\/11\/Cardenal-Brenes-%E2%80%9Clas-l%C3%A1grimas-del-pueblo-son-las-l%C3%A1grimas-de-Dios%E2%80%9D-image.jpg","type":"image\/jpeg"}],"author":"admin_acn","twitter_card":"summary_large_image","twitter_creator":"@acn_int","twitter_site":"@acn_int","twitter_misc":{"Escrito por":"admin_acn","Tiempo de lectura":"4 minutos"},"schema":{"@context":"https:\/\/schema.org","@graph":[{"@type":"Article","@id":"https:\/\/acninternational.org\/es\/cardenal-brenes-las-lagrimas-del-pueblo-son-las-lagrimas-de-dios\/#article","isPartOf":{"@id":"https:\/\/acninternational.org\/es\/cardenal-brenes-las-lagrimas-del-pueblo-son-las-lagrimas-de-dios\/"},"author":{"name":"admin_acn","@id":"https:\/\/acninternational.org\/es\/#\/schema\/person\/5a7468d38fb12b1976b6eeda95c21ebc"},"headline":"Cardenal Brenes: \u201clas l\u00e1grimas del pueblo son las l\u00e1grimas de Dios\u201d","datePublished":"2018-12-16T23:00:00+00:00","mainEntityOfPage":{"@id":"https:\/\/acninternational.org\/es\/cardenal-brenes-las-lagrimas-del-pueblo-son-las-lagrimas-de-dios\/"},"wordCount":765,"commentCount":0,"publisher":{"@id":"https:\/\/acninternational.org\/es\/#organization"},"image":{"@id":"https:\/\/acninternational.org\/es\/cardenal-brenes-las-lagrimas-del-pueblo-son-las-lagrimas-de-dios\/#primaryimage"},"thumbnailUrl":"https:\/\/media.acninternational.org\/wp-content\/uploads\/2019\/11\/Cardenal-Brenes-%E2%80%9Clas-l%C3%A1grimas-del-pueblo-son-las-l%C3%A1grimas-de-Dios%E2%80%9D-image.jpg","articleSection":["NOTICIAS"],"inLanguage":"es","potentialAction":[{"@type":"CommentAction","name":"Comment","target":["https:\/\/acninternational.org\/es\/cardenal-brenes-las-lagrimas-del-pueblo-son-las-lagrimas-de-dios\/#respond"]}]},{"@type":"WebPage","@id":"https:\/\/acninternational.org\/es\/cardenal-brenes-las-lagrimas-del-pueblo-son-las-lagrimas-de-dios\/","url":"https:\/\/acninternational.org\/es\/cardenal-brenes-las-lagrimas-del-pueblo-son-las-lagrimas-de-dios\/","name":"Cardenal Brenes: \u201clas l\u00e1grimas del pueblo son las l\u00e1grimas de Dios\u201d | ACN International","isPartOf":{"@id":"https:\/\/acninternational.org\/es\/#website"},"primaryImageOfPage":{"@id":"https:\/\/acninternational.org\/es\/cardenal-brenes-las-lagrimas-del-pueblo-son-las-lagrimas-de-dios\/#primaryimage"},"image":{"@id":"https:\/\/acninternational.org\/es\/cardenal-brenes-las-lagrimas-del-pueblo-son-las-lagrimas-de-dios\/#primaryimage"},"thumbnailUrl":"https:\/\/media.acninternational.org\/wp-content\/uploads\/2019\/11\/Cardenal-Brenes-%E2%80%9Clas-l%C3%A1grimas-del-pueblo-son-las-l%C3%A1grimas-de-Dios%E2%80%9D-image.jpg","datePublished":"2018-12-16T23:00:00+00:00","breadcrumb":{"@id":"https:\/\/acninternational.org\/es\/cardenal-brenes-las-lagrimas-del-pueblo-son-las-lagrimas-de-dios\/#breadcrumb"},"inLanguage":"es","potentialAction":[{"@type":"ReadAction","target":["https:\/\/acninternational.org\/es\/cardenal-brenes-las-lagrimas-del-pueblo-son-las-lagrimas-de-dios\/"]}]},{"@type":"ImageObject","inLanguage":"es","@id":"https:\/\/acninternational.org\/es\/cardenal-brenes-las-lagrimas-del-pueblo-son-las-lagrimas-de-dios\/#primaryimage","url":"https:\/\/media.acninternational.org\/wp-content\/uploads\/2019\/11\/Cardenal-Brenes-%E2%80%9Clas-l%C3%A1grimas-del-pueblo-son-las-l%C3%A1grimas-de-Dios%E2%80%9D-image.jpg","contentUrl":"https:\/\/media.acninternational.org\/wp-content\/uploads\/2019\/11\/Cardenal-Brenes-%E2%80%9Clas-l%C3%A1grimas-del-pueblo-son-las-l%C3%A1grimas-de-Dios%E2%80%9D-image.jpg","width":1200,"height":628,"caption":"Cardenal Brenes: \u201clas l\u00e1grimas del pueblo son las l\u00e1grimas de Dios\u201d"},{"@type":"BreadcrumbList","@id":"https:\/\/acninternational.org\/es\/cardenal-brenes-las-lagrimas-del-pueblo-son-las-lagrimas-de-dios\/#breadcrumb","itemListElement":[{"@type":"ListItem","position":1,"name":"Home","item":"https:\/\/acninternational.org\/es\/"},{"@type":"ListItem","position":2,"name":"NOTICIAS","item":"https:\/\/acninternational.org\/es\/category\/noticias\/"},{"@type":"ListItem","position":3,"name":"Cardenal Brenes: \u201clas l\u00e1grimas del pueblo son las l\u00e1grimas de Dios\u201d"}]},{"@type":"WebSite","@id":"https:\/\/acninternational.org\/es\/#website","url":"https:\/\/acninternational.org\/es\/","name":"ACN International","description":"","publisher":{"@id":"https:\/\/acninternational.org\/es\/#organization"},"potentialAction":[{"@type":"SearchAction","target":{"@type":"EntryPoint","urlTemplate":"https:\/\/acninternational.org\/es\/?s={search_term_string}"},"query-input":{"@type":"PropertyValueSpecification","valueRequired":true,"valueName":"search_term_string"}}],"inLanguage":"es"},{"@type":"Organization","@id":"https:\/\/acninternational.org\/es\/#organization","name":"Aid to the Church in Need International","url":"https:\/\/acninternational.org\/es\/","logo":{"@type":"ImageObject","inLanguage":"es","@id":"https:\/\/acninternational.org\/es\/#\/schema\/logo\/image\/","url":"https:\/\/media.acninternational.org\/wp-content\/uploads\/2019\/11\/acn_logo_blackvector.svg","contentUrl":"https:\/\/media.acninternational.org\/wp-content\/uploads\/2019\/11\/acn_logo_blackvector.svg","width":232.6,"height":78,"caption":"Aid to the Church in Need International"},"image":{"@id":"https:\/\/acninternational.org\/es\/#\/schema\/logo\/image\/"},"sameAs":["https:\/\/www.facebook.com\/acninternationalorg","https:\/\/x.com\/acn_int","https:\/\/www.youtube.com\/channel\/UCQ-077gS0TnVzkhHmf1opZw","https:\/\/www.instagram.com\/acn_international\/"]},{"@type":"Person","@id":"https:\/\/acninternational.org\/es\/#\/schema\/person\/5a7468d38fb12b1976b6eeda95c21ebc","name":"admin_acn","url":"https:\/\/acninternational.org\/es\/author\/admin_acn\/"}]}},"_links":{"self":[{"href":"https:\/\/acninternational.org\/es\/wp-json\/wp\/v2\/posts\/119875","targetHints":{"allow":["GET"]}}],"collection":[{"href":"https:\/\/acninternational.org\/es\/wp-json\/wp\/v2\/posts"}],"about":[{"href":"https:\/\/acninternational.org\/es\/wp-json\/wp\/v2\/types\/post"}],"author":[{"embeddable":true,"href":"https:\/\/acninternational.org\/es\/wp-json\/wp\/v2\/users\/1"}],"replies":[{"embeddable":true,"href":"https:\/\/acninternational.org\/es\/wp-json\/wp\/v2\/comments?post=119875"}],"version-history":[{"count":0,"href":"https:\/\/acninternational.org\/es\/wp-json\/wp\/v2\/posts\/119875\/revisions"}],"wp:featuredmedia":[{"embeddable":true,"href":"https:\/\/acninternational.org\/es\/wp-json\/wp\/v2\/media\/119876"}],"wp:attachment":[{"href":"https:\/\/acninternational.org\/es\/wp-json\/wp\/v2\/media?parent=119875"}],"wp:term":[{"taxonomy":"category","embeddable":true,"href":"https:\/\/acninternational.org\/es\/wp-json\/wp\/v2\/categories?post=119875"},{"taxonomy":"post_tag","embeddable":true,"href":"https:\/\/acninternational.org\/es\/wp-json\/wp\/v2\/tags?post=119875"},{"taxonomy":"country","embeddable":true,"href":"https:\/\/acninternational.org\/es\/wp-json\/wp\/v2\/country?post=119875"}],"curies":[{"name":"wp","href":"https:\/\/api.w.org\/{rel}","templated":true}]}}