{"id":119793,"date":"2018-12-05T00:00:00","date_gmt":"2018-12-04T23:00:00","guid":{"rendered":"https:\/\/acninternational.org\/un-puente-de-luces-entre-roma-y-alepo-para-presentar-la-campagna-de-acn-velas-por-la-paz-en-siria\/"},"modified":"2018-12-05T00:00:00","modified_gmt":"2018-12-04T23:00:00","slug":"un-puente-de-luces-entre-roma-y-alepo-para-presentar-la-campagna-de-acn-velas-por-la-paz-en-siria","status":"publish","type":"post","link":"https:\/\/acninternational.org\/es\/un-puente-de-luces-entre-roma-y-alepo-para-presentar-la-campagna-de-acn-velas-por-la-paz-en-siria\/","title":{"rendered":"Un puente de luces entre Roma y Alepo para presentar la Campagna de ACN: \u201cVelas por la paz en Siria\u201d"},"content":{"rendered":"<p>\u00abDespu\u00e9s de casi ocho a\u00f1os de conflicto en Siria, las consecuencias son indescriptibles, sobre todo para los ni\u00f1os. Con nuestra campa\u00f1a queremos concienciar a\u00fan m\u00e1s a la gente acerca de las dram\u00e1ticas condiciones que reinan en el pa\u00eds y rezar por la paz y la reconciliaci\u00f3n\u201d. Philipp Ozores, secretario general internacional de <em>Ayuda a la Iglesia Necesitada <\/em>(ACN), ha presentado en la Embajada de Polonia ante la Santa Sede \u201cVelas por la paz en Siria\u201d, una campa\u00f1a de sensibilizaci\u00f3n inaugurada por el Papa Francisco. En los \u00faltimos d\u00edas, m\u00e1s de 50.000 ni\u00f1os de numerosas ciudades sirias y pertenecientes a diferentes religiones han pintado dibujos relacionados con la paz para los protectores de sus velas. ACN invita a las personas de todo el mundo a responder al grito de paz de los ni\u00f1os sirios encendiendo una vela, como hizo el Papa el domingo al final del \u00c1ngelus.<\/p>\n<p>A la presentaci\u00f3n han asistido numerosos embajadores acreditados ante la Santa Sede. \u201cNecesitamos el apoyo de los Estados\u201d, les ha dicho Ozores. \u201cPara que haya paz en Siria se necesitan acciones concretas\u00bb.<\/p>\n<p>&nbsp;<\/p>\n<div style=\"width: 640px;\" class=\"wp-video\"><video class=\"wp-video-shortcode\" id=\"video-119793-1\" width=\"640\" height=\"360\" preload=\"metadata\" controls=\"controls\"><source type=\"video\/mp4\" src=\"https:\/\/pontifical.acninternational.org\/wp-content\/uploads\/2018\/12\/ACN-20181126-80133_post.mp4?_=1\" \/><a href=\"https:\/\/pontifical.acninternational.org\/wp-content\/uploads\/2018\/12\/ACN-20181126-80133_post.mp4\">https:\/\/pontifical.acninternational.org\/wp-content\/uploads\/2018\/12\/ACN-20181126-80133_post.mp4<\/a><\/video><\/div>\n<p>&nbsp;<\/p>\n<p>Antes de ceder la palabra a testigos excepcionales provenientes de Siria Janusz Kota\u0144ski, el embajador polaco ante la Santa Sede, ha dicho: \u00abNuestros hermanos y hermanas de Oriente Medio son la Jerusal\u00e9n de hoy\u201d. El Cardenal Mario Zenari, Nuncio Apost\u00f3lico en Damasco, ha descrito la guerra siria como una \u00abmasacre de inocentes\u00bb en la que muchos ni\u00f1os \u00abhan muerto a causa de las bombas, se han ahogado en el mar, se han asfixiado con gases t\u00f3xicos, han sido mutilados y traumatizados, han sufrido abusos sexuales o han sido alistados por el Ej\u00e9rcito o, como les ocurre a muchas ni\u00f1as en Siria, obligadas a casarse con extra\u00f1os a una edad muy temprana\u00bb.<\/p>\n<p>Profunda amargura expresaba Mons. Antoine Denys Chahda, Arzobispo siro-cat\u00f3lico de Alepo: \u00abNuestras iglesias, mezquitas, escuelas, hospitales han sido destruidas, as\u00ed como nuestras vidas\u201d, ha afirmado el prelado, que luego ha dirigido un llamamiento a los diplom\u00e1ticos presentes: \u201cPor favor, transmitan nuestro mensaje a sus Gobiernos. Los sirios pedimos justicia, paz y amor\u201d.<\/p>\n<p>&nbsp;<\/p>\n<figure id=\"attachment_47594\" aria-describedby=\"caption-attachment-47594\" style=\"width: 700px\" class=\"wp-caption aligncenter\"><img loading=\"lazy\" decoding=\"async\" class=\"size-full wp-image-47594\" src=\"https:\/\/media.acninternational.org\/wp-content\/uploads\/2019\/11\/ACN-20181203-80762-post.jpg\" alt=\"\" width=\"700\" height=\"498\" \/><figcaption id=\"caption-attachment-47594\" class=\"wp-caption-text\">Un puente de luces entre Roma y Alepo para presentar la Campagna de ACN: \u201cVelas por la paz en Siria\u201d<\/figcaption><\/figure>\n<p>&nbsp;<\/p>\n<p>La Hna. Fida Chaya, religiosa siria de las Hermanas de la Caridad de Santa Juana Antida Thouret, ha descrito el conflicto a trav\u00e9s de los ojos de los alumnos de una escuela en Damasco que dirige su congregaci\u00f3n, para luego referirse a la importancia de unirse a la campa\u00f1a de ACN. \u00abVuestros gestos hacen que os sintamos cercanos a pesar de la distancia. Tambi\u00e9n estoy agradecida por todas vuestras oraciones\u201d.<\/p>\n<p>La Hna. Annie Demerjian de la orden de las Hermanas de Jes\u00fas y Mar\u00eda, ha transmitido fuertes im\u00e1genes del sufrimiento provocado por la guerra, sufrimiento que ella misma ha experimentado en Alepo junto a la poblaci\u00f3n. \u00abEs inimaginable cu\u00e1nto han tenido que soportar los ni\u00f1os sirios. Son ni\u00f1os privados de su infancia y de la alegr\u00eda que deber\u00eda caracterizar su corta edad\u00bb.<\/p>\n<p>&nbsp;<\/p>\n<figure id=\"attachment_47595\" aria-describedby=\"caption-attachment-47595\" style=\"width: 700px\" class=\"wp-caption aligncenter\"><img loading=\"lazy\" decoding=\"async\" class=\"size-full wp-image-47595\" src=\"https:\/\/media.acninternational.org\/wp-content\/uploads\/2019\/11\/ACN-20181203-80760-post.jpg\" alt=\"\" width=\"700\" height=\"366\" \/><figcaption id=\"caption-attachment-47595\" class=\"wp-caption-text\">Un puente de luces entre Roma y Alepo para presentar la Campagna de ACN: \u201cVelas por la paz en Siria\u201d<\/figcaption><\/figure>\n<p>&nbsp;<\/p>\n<p>\u00abDurante todos estos a\u00f1os, los rostros de los ni\u00f1os sirios nos est\u00e1n pidiendo ayuda. Encendiendo estas velas podemos darles esperanza\u00bb, ha a\u00f1adido el padre Andrzej Halemba,\u00a0 responsable de los proyectos de ACN en Oriente Medio, introduciendo as\u00ed la conexi\u00f3n en vivo con algunos alumnos de una escuela primaria de Alepo. Durante la misma, tanto los ni\u00f1os sirios como los embajadores y los dem\u00e1s participantes en Roma encendieron velas siguiendo el ejemplo del Papa Francisco. El Cardinal Zenari encendi\u00f3 adem\u00e1s la primera vela en la campa\u00f1a online digital de ACN \u201eLight a candle for peace\u201c.<\/p>\n<p>Entre Roma y Alepo se ha creado un \u00abespl\u00e9ndido puente de luz\u00bb: as\u00ed lo ha descrito Alfredo Mantovano, presidente de ACN Italia, quien, citando al poeta polaco Stanislaw Wyspianski, ha recalcado la necesidad de que \u00abmuchas personas adormecidas del mundo occidental se despierten y redoblen sus esfuerzos en favor de los hermanos que sufren, y cuyos testimonios escuchados hoy nos llenan de gratitud\u00bb.<\/p>\n<p>M\u00e1s informaci\u00f3n sobre la campa\u00f1a de Siria aqu\u00ed: <a href=\"https:\/\/syria.pontifical.acninternational.org\/es\">https:\/\/syria.pontifical.acninternational.org\/es<\/a><\/p>\n","protected":false},"excerpt":{"rendered":"<p>\u00abDespu\u00e9s de casi ocho a\u00f1os de conflicto en Siria, las consecuencias son indescriptibles, sobre todo para los ni\u00f1os. Con nuestra<\/p>\n","protected":false},"author":1,"featured_media":119794,"comment_status":"open","ping_status":"open","sticky":false,"template":"","format":"standard","meta":{"_acf_changed":false,"_acn_coauthor_ids":[],"footnotes":""},"categories":[746],"tags":[],"country":[390],"class_list":["post-119793","post","type-post","status-publish","format-standard","has-post-thumbnail","hentry","category-noticias","country-siria"],"acn_coauthors":[],"acf":[],"yoast_head":"<!-- This site is optimized with the Yoast SEO Premium plugin v27.3 (Yoast SEO v27.3) - https:\/\/yoast.com\/product\/yoast-seo-premium-wordpress\/ -->\n<title>Un puente de luces entre Roma y Alepo para presentar la Campagna de ACN: \u201cVelas por la paz en Siria\u201d | ACN International<\/title>\n<meta name=\"robots\" content=\"index, follow, max-snippet:-1, max-image-preview:large, max-video-preview:-1\" \/>\n<link rel=\"canonical\" href=\"https:\/\/acninternational.org\/es\/un-puente-de-luces-entre-roma-y-alepo-para-presentar-la-campagna-de-acn-velas-por-la-paz-en-siria\/\" \/>\n<meta property=\"og:locale\" content=\"es_ES\" \/>\n<meta property=\"og:type\" content=\"article\" \/>\n<meta property=\"og:title\" content=\"Un puente de luces entre Roma y Alepo para presentar la Campagna de ACN: \u201cVelas por la paz en Siria\u201d\" \/>\n<meta property=\"og:description\" content=\"&quot;Despu\u00e9s de casi ocho a\u00f1os de conflicto en Siria, las consecuencias son indescriptibles, sobre todo para los ni\u00f1os. Con nuestra\" \/>\n<meta property=\"og:url\" content=\"https:\/\/acninternational.org\/es\/un-puente-de-luces-entre-roma-y-alepo-para-presentar-la-campagna-de-acn-velas-por-la-paz-en-siria\/\" \/>\n<meta property=\"og:site_name\" content=\"ACN International\" \/>\n<meta property=\"article:publisher\" content=\"https:\/\/www.facebook.com\/acninternationalorg\" \/>\n<meta property=\"article:published_time\" content=\"2018-12-04T23:00:00+00:00\" \/>\n<meta property=\"og:image\" content=\"https:\/\/media.acninternational.org\/wp-content\/uploads\/2019\/11\/Un-puente-de-luces-entre-Roma-y-Alepo-para-presentar-la-Campagna-de-ACN-%E2%80%9CVelas-por-la-paz-en-Siria%E2%80%9D-image.jpg\" \/>\n\t<meta property=\"og:image:width\" content=\"1200\" \/>\n\t<meta property=\"og:image:height\" content=\"628\" \/>\n\t<meta property=\"og:image:type\" content=\"image\/jpeg\" \/>\n<meta name=\"author\" content=\"admin_acn\" \/>\n<meta name=\"twitter:card\" content=\"summary_large_image\" \/>\n<meta name=\"twitter:creator\" content=\"@acn_int\" \/>\n<meta name=\"twitter:site\" content=\"@acn_int\" \/>\n<meta name=\"twitter:label1\" content=\"Escrito por\" \/>\n\t<meta name=\"twitter:data1\" content=\"admin_acn\" \/>\n\t<meta name=\"twitter:label2\" content=\"Tiempo de lectura\" \/>\n\t<meta name=\"twitter:data2\" content=\"4 minutos\" \/>\n<script type=\"application\/ld+json\" class=\"yoast-schema-graph\">{\"@context\":\"https:\\\/\\\/schema.org\",\"@graph\":[{\"@type\":\"Article\",\"@id\":\"https:\\\/\\\/acninternational.org\\\/es\\\/un-puente-de-luces-entre-roma-y-alepo-para-presentar-la-campagna-de-acn-velas-por-la-paz-en-siria\\\/#article\",\"isPartOf\":{\"@id\":\"https:\\\/\\\/acninternational.org\\\/es\\\/un-puente-de-luces-entre-roma-y-alepo-para-presentar-la-campagna-de-acn-velas-por-la-paz-en-siria\\\/\"},\"author\":{\"name\":\"admin_acn\",\"@id\":\"https:\\\/\\\/acninternational.org\\\/es\\\/#\\\/schema\\\/person\\\/5a7468d38fb12b1976b6eeda95c21ebc\"},\"headline\":\"Un puente de luces entre Roma y Alepo para presentar la Campagna de ACN: \u201cVelas por la paz en Siria\u201d\",\"datePublished\":\"2018-12-04T23:00:00+00:00\",\"mainEntityOfPage\":{\"@id\":\"https:\\\/\\\/acninternational.org\\\/es\\\/un-puente-de-luces-entre-roma-y-alepo-para-presentar-la-campagna-de-acn-velas-por-la-paz-en-siria\\\/\"},\"wordCount\":790,\"commentCount\":0,\"publisher\":{\"@id\":\"https:\\\/\\\/acninternational.org\\\/es\\\/#organization\"},\"image\":{\"@id\":\"https:\\\/\\\/acninternational.org\\\/es\\\/un-puente-de-luces-entre-roma-y-alepo-para-presentar-la-campagna-de-acn-velas-por-la-paz-en-siria\\\/#primaryimage\"},\"thumbnailUrl\":\"https:\\\/\\\/media.acninternational.org\\\/wp-content\\\/uploads\\\/2019\\\/11\\\/Un-puente-de-luces-entre-Roma-y-Alepo-para-presentar-la-Campagna-de-ACN-%E2%80%9CVelas-por-la-paz-en-Siria%E2%80%9D-image.jpg\",\"articleSection\":[\"NOTICIAS\"],\"inLanguage\":\"es\",\"potentialAction\":[{\"@type\":\"CommentAction\",\"name\":\"Comment\",\"target\":[\"https:\\\/\\\/acninternational.org\\\/es\\\/un-puente-de-luces-entre-roma-y-alepo-para-presentar-la-campagna-de-acn-velas-por-la-paz-en-siria\\\/#respond\"]}]},{\"@type\":\"WebPage\",\"@id\":\"https:\\\/\\\/acninternational.org\\\/es\\\/un-puente-de-luces-entre-roma-y-alepo-para-presentar-la-campagna-de-acn-velas-por-la-paz-en-siria\\\/\",\"url\":\"https:\\\/\\\/acninternational.org\\\/es\\\/un-puente-de-luces-entre-roma-y-alepo-para-presentar-la-campagna-de-acn-velas-por-la-paz-en-siria\\\/\",\"name\":\"Un puente de luces entre Roma y Alepo para presentar la Campagna de ACN: \u201cVelas por la paz en Siria\u201d | ACN International\",\"isPartOf\":{\"@id\":\"https:\\\/\\\/acninternational.org\\\/es\\\/#website\"},\"primaryImageOfPage\":{\"@id\":\"https:\\\/\\\/acninternational.org\\\/es\\\/un-puente-de-luces-entre-roma-y-alepo-para-presentar-la-campagna-de-acn-velas-por-la-paz-en-siria\\\/#primaryimage\"},\"image\":{\"@id\":\"https:\\\/\\\/acninternational.org\\\/es\\\/un-puente-de-luces-entre-roma-y-alepo-para-presentar-la-campagna-de-acn-velas-por-la-paz-en-siria\\\/#primaryimage\"},\"thumbnailUrl\":\"https:\\\/\\\/media.acninternational.org\\\/wp-content\\\/uploads\\\/2019\\\/11\\\/Un-puente-de-luces-entre-Roma-y-Alepo-para-presentar-la-Campagna-de-ACN-%E2%80%9CVelas-por-la-paz-en-Siria%E2%80%9D-image.jpg\",\"datePublished\":\"2018-12-04T23:00:00+00:00\",\"breadcrumb\":{\"@id\":\"https:\\\/\\\/acninternational.org\\\/es\\\/un-puente-de-luces-entre-roma-y-alepo-para-presentar-la-campagna-de-acn-velas-por-la-paz-en-siria\\\/#breadcrumb\"},\"inLanguage\":\"es\",\"potentialAction\":[{\"@type\":\"ReadAction\",\"target\":[\"https:\\\/\\\/acninternational.org\\\/es\\\/un-puente-de-luces-entre-roma-y-alepo-para-presentar-la-campagna-de-acn-velas-por-la-paz-en-siria\\\/\"]}]},{\"@type\":\"ImageObject\",\"inLanguage\":\"es\",\"@id\":\"https:\\\/\\\/acninternational.org\\\/es\\\/un-puente-de-luces-entre-roma-y-alepo-para-presentar-la-campagna-de-acn-velas-por-la-paz-en-siria\\\/#primaryimage\",\"url\":\"https:\\\/\\\/media.acninternational.org\\\/wp-content\\\/uploads\\\/2019\\\/11\\\/Un-puente-de-luces-entre-Roma-y-Alepo-para-presentar-la-Campagna-de-ACN-%E2%80%9CVelas-por-la-paz-en-Siria%E2%80%9D-image.jpg\",\"contentUrl\":\"https:\\\/\\\/media.acninternational.org\\\/wp-content\\\/uploads\\\/2019\\\/11\\\/Un-puente-de-luces-entre-Roma-y-Alepo-para-presentar-la-Campagna-de-ACN-%E2%80%9CVelas-por-la-paz-en-Siria%E2%80%9D-image.jpg\",\"width\":1200,\"height\":628,\"caption\":\"Un puente de luces entre Roma y Alepo para presentar la Campagna de ACN: \u201cVelas por la paz en Siria\u201d\"},{\"@type\":\"BreadcrumbList\",\"@id\":\"https:\\\/\\\/acninternational.org\\\/es\\\/un-puente-de-luces-entre-roma-y-alepo-para-presentar-la-campagna-de-acn-velas-por-la-paz-en-siria\\\/#breadcrumb\",\"itemListElement\":[{\"@type\":\"ListItem\",\"position\":1,\"name\":\"Home\",\"item\":\"https:\\\/\\\/acninternational.org\\\/es\\\/\"},{\"@type\":\"ListItem\",\"position\":2,\"name\":\"NOTICIAS\",\"item\":\"https:\\\/\\\/acninternational.org\\\/es\\\/category\\\/noticias\\\/\"},{\"@type\":\"ListItem\",\"position\":3,\"name\":\"Un puente de luces entre Roma y Alepo para presentar la Campagna de ACN: \u201cVelas por la paz en Siria\u201d\"}]},{\"@type\":\"WebSite\",\"@id\":\"https:\\\/\\\/acninternational.org\\\/es\\\/#website\",\"url\":\"https:\\\/\\\/acninternational.org\\\/es\\\/\",\"name\":\"ACN International\",\"description\":\"\",\"publisher\":{\"@id\":\"https:\\\/\\\/acninternational.org\\\/es\\\/#organization\"},\"potentialAction\":[{\"@type\":\"SearchAction\",\"target\":{\"@type\":\"EntryPoint\",\"urlTemplate\":\"https:\\\/\\\/acninternational.org\\\/es\\\/?s={search_term_string}\"},\"query-input\":{\"@type\":\"PropertyValueSpecification\",\"valueRequired\":true,\"valueName\":\"search_term_string\"}}],\"inLanguage\":\"es\"},{\"@type\":\"Organization\",\"@id\":\"https:\\\/\\\/acninternational.org\\\/es\\\/#organization\",\"name\":\"Aid to the Church in Need International\",\"url\":\"https:\\\/\\\/acninternational.org\\\/es\\\/\",\"logo\":{\"@type\":\"ImageObject\",\"inLanguage\":\"es\",\"@id\":\"https:\\\/\\\/acninternational.org\\\/es\\\/#\\\/schema\\\/logo\\\/image\\\/\",\"url\":\"https:\\\/\\\/media.acninternational.org\\\/wp-content\\\/uploads\\\/2019\\\/11\\\/acn_logo_blackvector.svg\",\"contentUrl\":\"https:\\\/\\\/media.acninternational.org\\\/wp-content\\\/uploads\\\/2019\\\/11\\\/acn_logo_blackvector.svg\",\"width\":232.6,\"height\":78,\"caption\":\"Aid to the Church in Need International\"},\"image\":{\"@id\":\"https:\\\/\\\/acninternational.org\\\/es\\\/#\\\/schema\\\/logo\\\/image\\\/\"},\"sameAs\":[\"https:\\\/\\\/www.facebook.com\\\/acninternationalorg\",\"https:\\\/\\\/x.com\\\/acn_int\",\"https:\\\/\\\/www.youtube.com\\\/channel\\\/UCQ-077gS0TnVzkhHmf1opZw\",\"https:\\\/\\\/www.instagram.com\\\/acn_international\\\/\"]},{\"@type\":\"Person\",\"@id\":\"https:\\\/\\\/acninternational.org\\\/es\\\/#\\\/schema\\\/person\\\/5a7468d38fb12b1976b6eeda95c21ebc\",\"name\":\"admin_acn\",\"url\":\"https:\\\/\\\/acninternational.org\\\/es\\\/author\\\/admin_acn\\\/\"}]}<\/script>\n<!-- \/ Yoast SEO Premium plugin. -->","yoast_head_json":{"title":"Un puente de luces entre Roma y Alepo para presentar la Campagna de ACN: \u201cVelas por la paz en Siria\u201d | ACN International","robots":{"index":"index","follow":"follow","max-snippet":"max-snippet:-1","max-image-preview":"max-image-preview:large","max-video-preview":"max-video-preview:-1"},"canonical":"https:\/\/acninternational.org\/es\/un-puente-de-luces-entre-roma-y-alepo-para-presentar-la-campagna-de-acn-velas-por-la-paz-en-siria\/","og_locale":"es_ES","og_type":"article","og_title":"Un puente de luces entre Roma y Alepo para presentar la Campagna de ACN: \u201cVelas por la paz en Siria\u201d","og_description":"\"Despu\u00e9s de casi ocho a\u00f1os de conflicto en Siria, las consecuencias son indescriptibles, sobre todo para los ni\u00f1os. Con nuestra","og_url":"https:\/\/acninternational.org\/es\/un-puente-de-luces-entre-roma-y-alepo-para-presentar-la-campagna-de-acn-velas-por-la-paz-en-siria\/","og_site_name":"ACN International","article_publisher":"https:\/\/www.facebook.com\/acninternationalorg","article_published_time":"2018-12-04T23:00:00+00:00","og_image":[{"width":1200,"height":628,"url":"https:\/\/media.acninternational.org\/wp-content\/uploads\/2019\/11\/Un-puente-de-luces-entre-Roma-y-Alepo-para-presentar-la-Campagna-de-ACN-%E2%80%9CVelas-por-la-paz-en-Siria%E2%80%9D-image.jpg","type":"image\/jpeg"}],"author":"admin_acn","twitter_card":"summary_large_image","twitter_creator":"@acn_int","twitter_site":"@acn_int","twitter_misc":{"Escrito por":"admin_acn","Tiempo de lectura":"4 minutos"},"schema":{"@context":"https:\/\/schema.org","@graph":[{"@type":"Article","@id":"https:\/\/acninternational.org\/es\/un-puente-de-luces-entre-roma-y-alepo-para-presentar-la-campagna-de-acn-velas-por-la-paz-en-siria\/#article","isPartOf":{"@id":"https:\/\/acninternational.org\/es\/un-puente-de-luces-entre-roma-y-alepo-para-presentar-la-campagna-de-acn-velas-por-la-paz-en-siria\/"},"author":{"name":"admin_acn","@id":"https:\/\/acninternational.org\/es\/#\/schema\/person\/5a7468d38fb12b1976b6eeda95c21ebc"},"headline":"Un puente de luces entre Roma y Alepo para presentar la Campagna de ACN: \u201cVelas por la paz en Siria\u201d","datePublished":"2018-12-04T23:00:00+00:00","mainEntityOfPage":{"@id":"https:\/\/acninternational.org\/es\/un-puente-de-luces-entre-roma-y-alepo-para-presentar-la-campagna-de-acn-velas-por-la-paz-en-siria\/"},"wordCount":790,"commentCount":0,"publisher":{"@id":"https:\/\/acninternational.org\/es\/#organization"},"image":{"@id":"https:\/\/acninternational.org\/es\/un-puente-de-luces-entre-roma-y-alepo-para-presentar-la-campagna-de-acn-velas-por-la-paz-en-siria\/#primaryimage"},"thumbnailUrl":"https:\/\/media.acninternational.org\/wp-content\/uploads\/2019\/11\/Un-puente-de-luces-entre-Roma-y-Alepo-para-presentar-la-Campagna-de-ACN-%E2%80%9CVelas-por-la-paz-en-Siria%E2%80%9D-image.jpg","articleSection":["NOTICIAS"],"inLanguage":"es","potentialAction":[{"@type":"CommentAction","name":"Comment","target":["https:\/\/acninternational.org\/es\/un-puente-de-luces-entre-roma-y-alepo-para-presentar-la-campagna-de-acn-velas-por-la-paz-en-siria\/#respond"]}]},{"@type":"WebPage","@id":"https:\/\/acninternational.org\/es\/un-puente-de-luces-entre-roma-y-alepo-para-presentar-la-campagna-de-acn-velas-por-la-paz-en-siria\/","url":"https:\/\/acninternational.org\/es\/un-puente-de-luces-entre-roma-y-alepo-para-presentar-la-campagna-de-acn-velas-por-la-paz-en-siria\/","name":"Un puente de luces entre Roma y Alepo para presentar la Campagna de ACN: \u201cVelas por la paz en Siria\u201d | ACN International","isPartOf":{"@id":"https:\/\/acninternational.org\/es\/#website"},"primaryImageOfPage":{"@id":"https:\/\/acninternational.org\/es\/un-puente-de-luces-entre-roma-y-alepo-para-presentar-la-campagna-de-acn-velas-por-la-paz-en-siria\/#primaryimage"},"image":{"@id":"https:\/\/acninternational.org\/es\/un-puente-de-luces-entre-roma-y-alepo-para-presentar-la-campagna-de-acn-velas-por-la-paz-en-siria\/#primaryimage"},"thumbnailUrl":"https:\/\/media.acninternational.org\/wp-content\/uploads\/2019\/11\/Un-puente-de-luces-entre-Roma-y-Alepo-para-presentar-la-Campagna-de-ACN-%E2%80%9CVelas-por-la-paz-en-Siria%E2%80%9D-image.jpg","datePublished":"2018-12-04T23:00:00+00:00","breadcrumb":{"@id":"https:\/\/acninternational.org\/es\/un-puente-de-luces-entre-roma-y-alepo-para-presentar-la-campagna-de-acn-velas-por-la-paz-en-siria\/#breadcrumb"},"inLanguage":"es","potentialAction":[{"@type":"ReadAction","target":["https:\/\/acninternational.org\/es\/un-puente-de-luces-entre-roma-y-alepo-para-presentar-la-campagna-de-acn-velas-por-la-paz-en-siria\/"]}]},{"@type":"ImageObject","inLanguage":"es","@id":"https:\/\/acninternational.org\/es\/un-puente-de-luces-entre-roma-y-alepo-para-presentar-la-campagna-de-acn-velas-por-la-paz-en-siria\/#primaryimage","url":"https:\/\/media.acninternational.org\/wp-content\/uploads\/2019\/11\/Un-puente-de-luces-entre-Roma-y-Alepo-para-presentar-la-Campagna-de-ACN-%E2%80%9CVelas-por-la-paz-en-Siria%E2%80%9D-image.jpg","contentUrl":"https:\/\/media.acninternational.org\/wp-content\/uploads\/2019\/11\/Un-puente-de-luces-entre-Roma-y-Alepo-para-presentar-la-Campagna-de-ACN-%E2%80%9CVelas-por-la-paz-en-Siria%E2%80%9D-image.jpg","width":1200,"height":628,"caption":"Un puente de luces entre Roma y Alepo para presentar la Campagna de ACN: \u201cVelas por la paz en Siria\u201d"},{"@type":"BreadcrumbList","@id":"https:\/\/acninternational.org\/es\/un-puente-de-luces-entre-roma-y-alepo-para-presentar-la-campagna-de-acn-velas-por-la-paz-en-siria\/#breadcrumb","itemListElement":[{"@type":"ListItem","position":1,"name":"Home","item":"https:\/\/acninternational.org\/es\/"},{"@type":"ListItem","position":2,"name":"NOTICIAS","item":"https:\/\/acninternational.org\/es\/category\/noticias\/"},{"@type":"ListItem","position":3,"name":"Un puente de luces entre Roma y Alepo para presentar la Campagna de ACN: \u201cVelas por la paz en Siria\u201d"}]},{"@type":"WebSite","@id":"https:\/\/acninternational.org\/es\/#website","url":"https:\/\/acninternational.org\/es\/","name":"ACN International","description":"","publisher":{"@id":"https:\/\/acninternational.org\/es\/#organization"},"potentialAction":[{"@type":"SearchAction","target":{"@type":"EntryPoint","urlTemplate":"https:\/\/acninternational.org\/es\/?s={search_term_string}"},"query-input":{"@type":"PropertyValueSpecification","valueRequired":true,"valueName":"search_term_string"}}],"inLanguage":"es"},{"@type":"Organization","@id":"https:\/\/acninternational.org\/es\/#organization","name":"Aid to the Church in Need International","url":"https:\/\/acninternational.org\/es\/","logo":{"@type":"ImageObject","inLanguage":"es","@id":"https:\/\/acninternational.org\/es\/#\/schema\/logo\/image\/","url":"https:\/\/media.acninternational.org\/wp-content\/uploads\/2019\/11\/acn_logo_blackvector.svg","contentUrl":"https:\/\/media.acninternational.org\/wp-content\/uploads\/2019\/11\/acn_logo_blackvector.svg","width":232.6,"height":78,"caption":"Aid to the Church in Need International"},"image":{"@id":"https:\/\/acninternational.org\/es\/#\/schema\/logo\/image\/"},"sameAs":["https:\/\/www.facebook.com\/acninternationalorg","https:\/\/x.com\/acn_int","https:\/\/www.youtube.com\/channel\/UCQ-077gS0TnVzkhHmf1opZw","https:\/\/www.instagram.com\/acn_international\/"]},{"@type":"Person","@id":"https:\/\/acninternational.org\/es\/#\/schema\/person\/5a7468d38fb12b1976b6eeda95c21ebc","name":"admin_acn","url":"https:\/\/acninternational.org\/es\/author\/admin_acn\/"}]}},"_links":{"self":[{"href":"https:\/\/acninternational.org\/es\/wp-json\/wp\/v2\/posts\/119793","targetHints":{"allow":["GET"]}}],"collection":[{"href":"https:\/\/acninternational.org\/es\/wp-json\/wp\/v2\/posts"}],"about":[{"href":"https:\/\/acninternational.org\/es\/wp-json\/wp\/v2\/types\/post"}],"author":[{"embeddable":true,"href":"https:\/\/acninternational.org\/es\/wp-json\/wp\/v2\/users\/1"}],"replies":[{"embeddable":true,"href":"https:\/\/acninternational.org\/es\/wp-json\/wp\/v2\/comments?post=119793"}],"version-history":[{"count":0,"href":"https:\/\/acninternational.org\/es\/wp-json\/wp\/v2\/posts\/119793\/revisions"}],"wp:featuredmedia":[{"embeddable":true,"href":"https:\/\/acninternational.org\/es\/wp-json\/wp\/v2\/media\/119794"}],"wp:attachment":[{"href":"https:\/\/acninternational.org\/es\/wp-json\/wp\/v2\/media?parent=119793"}],"wp:term":[{"taxonomy":"category","embeddable":true,"href":"https:\/\/acninternational.org\/es\/wp-json\/wp\/v2\/categories?post=119793"},{"taxonomy":"post_tag","embeddable":true,"href":"https:\/\/acninternational.org\/es\/wp-json\/wp\/v2\/tags?post=119793"},{"taxonomy":"country","embeddable":true,"href":"https:\/\/acninternational.org\/es\/wp-json\/wp\/v2\/country?post=119793"}],"curies":[{"name":"wp","href":"https:\/\/api.w.org\/{rel}","templated":true}]}}