{"id":119417,"date":"2018-11-05T00:00:00","date_gmt":"2018-11-04T23:00:00","guid":{"rendered":"https:\/\/acninternational.org\/burkina-faso-un-fragil-oasis-de-paz-entre-mali-y-niger\/"},"modified":"2018-11-05T00:00:00","modified_gmt":"2018-11-04T23:00:00","slug":"burkina-faso-un-fragil-oasis-de-paz-entre-mali-y-niger","status":"publish","type":"post","link":"https:\/\/acninternational.org\/es\/burkina-faso-un-fragil-oasis-de-paz-entre-mali-y-niger\/","title":{"rendered":"BURKINA FASO: un fr\u00e1gil oasis de paz entre Mali y N\u00edger"},"content":{"rendered":"<p><strong><em>Entrevista con Mons. Rapha\u00ebl Dabir\u00e9, Presidente de la Comisi\u00f3n Episcopal para el Clero y obispo de Di\u00e9bougou, en el suroeste de Burkina Faso. Este pa\u00eds que hace frontera con N\u00edger y Mali est\u00e1 sometido, al igual que sus vecinos, a las presiones que los grupos yihadistas ejercen sobre la poblaci\u00f3n del Sahel. Sin embargo, Burkina Faso es un oasis de tolerancia entre los diferentes grupos religiosos. All\u00ed, los cristianos representan al 23,9% de la poblaci\u00f3n; los musulmanes, al 54,2%, y los animistas, al 21,3%.<\/em><\/strong><\/p>\n<p><strong>\u00bfC\u00f3mo son las relaciones entre los grupos religiosos en Burkina Faso? <\/strong><\/p>\n<figure id=\"attachment_46488\" aria-describedby=\"caption-attachment-46488\" style=\"width: 300px\" class=\"wp-caption alignleft\"><img loading=\"lazy\" decoding=\"async\" class=\"wp-image-46488\" src=\"https:\/\/media.acninternational.org\/wp-content\/uploads\/2019\/11\/ACN-20181019-78228-post.jpg\" alt=\"ishop Rapha\u00ebl Dabir\u00e9, President of the Episcopal Commission for the Clergy and Bishop of the diocese of Di\u00e9bougou, in the southwest of Burkina Faso.\" width=\"300\" height=\"333\" \/><figcaption id=\"caption-attachment-46488\" class=\"wp-caption-text\"><em>Mons. Rapha\u00ebl Dabir\u00e9, Presidente de la Comisi\u00f3n Episcopal para el Clero y obispo de Di\u00e9bougou, en el suroeste de Burkina Faso. <\/em><\/figcaption><\/figure>\n<p>Nuestro pa\u00eds goza de una tradici\u00f3n de tolerancia a la que damos continuidad lo mejor que podemos. A m\u00ed me invitan con regularidad a las celebraciones religiosas de otras comunidades. As\u00ed, por ejemplo, en la \u00faltima fiesta del Ramad\u00e1n, fui a un lugar de oraci\u00f3n musulm\u00e1n por invitaci\u00f3n de los musulmanes. No asisto al sacrificio del cordero, pero me alegro con ellos y les deseo una feliz fiesta. Del mismo modo, a los imanes y los jefes tradicionales se los invita a la Misa en las fiestas m\u00e1s importantes, y estos asisten a parte de la celebraci\u00f3n, normalmente, hasta el inicio del serm\u00f3n. Estos son actos de presencia simb\u00f3licos acompa\u00f1ados de peque\u00f1as atenciones que contribuyen a la fraternidad entre nosotros. Por dar un ejemplo: cuando fallece un sacerdote, los imanes nunca se olvidan de darme el p\u00e9same.<\/p>\n<p><strong>\u00bfC\u00f3mo se explica usted esta buena relaci\u00f3n entre los diferentes grupos religiosos, al tiempo que los conflictos \u00e9tnicos y religiosos sacuden a la regi\u00f3n del Sahel? <\/strong><\/p>\n<p>Nuestro pa\u00eds goza de una s\u00f3lida tradici\u00f3n de tolerancia y de buen entendimiento entre las comunidades religiosas, y pr\u00e1cticamente en el seno de todas las familias hay musulmanes, cristianos y animistas.<\/p>\n<p>Esta proximidad nos permite acercarnos a la religi\u00f3n del otro sin tab\u00faes e incluso con humor. Creo que en mi pa\u00eds la buena relaci\u00f3n entre los grupos religiosos se debe en gran medida a lo que se denomina \u2018bromas de parentela\u2019. Con ello quiero decir que podemos hacer bromas acerca de la religi\u00f3n ajena, a condici\u00f3n de aceptar que los otros hagan lo mismo con la nuestra.<\/p>\n<p><strong>\u00bfSignifica esto que en Burkina Faso no hay ning\u00fan problema en la relaci\u00f3n entre los diferentes grupos religiosos? <\/strong><\/p>\n<p>Por desgracia, no. La capital de nuestro pa\u00eds fue golpeada en marzo pasado por los terroristas, que mataron a unas treinta personas. Adem\u00e1s, las fuerzas del orden son atacadas con regularidad por grupos yihadistas, que utilizan minas antipersonas y que tienden emboscadas. Evidentemente, la infamia y la violencia de estos actos violentos nos afectan mucho.<\/p>\n<p><strong>Pero estos ataques parecen organizados desde fuera del pa\u00eds, por grupos procedentes de N\u00edger o Mali. \u00bfAcaso sus compatriotas no se sienten tentados por el yihadismo? <\/strong><\/p>\n<p>No sabemos todos los detalles. Sin duda, hay casos aislados de nativos que participan en esas acciones, pero, en general, nuestra sociedad se resiste ante aquellos que quieren dividirla.<\/p>\n<p>Hace tres semanas, un grupo de individuos destruy\u00f3 la estatua de la Virgen de una iglesia, adem\u00e1s de otras cuatro im\u00e1genes. Dejaron un mensaje enigm\u00e1tico que suger\u00eda que los cristianos no deb\u00edan adorar estatuas. Durante la Misa de Reparaci\u00f3n, ped\u00ed a mis feligreses que no sacaran conclusiones precipitadas, y que dejaran que la Justicia hiciera su trabajo. Esta profanaci\u00f3n ha sido afortunadamente un acto aislado, y espero que siga si\u00e9ndolo.<\/p>\n<p>&nbsp;<\/p>\n<figure id=\"attachment_46491\" aria-describedby=\"caption-attachment-46491\" style=\"width: 700px\" class=\"wp-caption aligncenter\"><img loading=\"lazy\" decoding=\"async\" class=\"size-full wp-image-46491\" src=\"https:\/\/media.acninternational.org\/wp-content\/uploads\/2019\/11\/ACN-20170830-60642-post.jpg\" alt=\"A landscape in the Sahel : water, the most precious natural resource in the region.\" width=\"700\" height=\"383\" \/><figcaption id=\"caption-attachment-46491\" class=\"wp-caption-text\">Un paisaje en el Sahel: el agua, el recurso natural m\u00e1s preciado de la regi\u00f3n.<\/figcaption><\/figure>\n<p>&nbsp;<\/p>\n<p><strong>Burkina Faso es considerado uno de los pa\u00edses m\u00e1s pobres del mundo. \u00bfCree que esto est\u00e1 cambiando? <\/strong><\/p>\n<p>Tengo la sensaci\u00f3n de que la situaci\u00f3n econ\u00f3mica est\u00e1 estancada y me temo que, una vez m\u00e1s, los actos terroristas sean aqu\u00ed un factor de gran peso, pues desaniman a los inversores que se interesan por nuestro pa\u00eds. Otra importante cuesti\u00f3n muy preocupante es el desempleo entre los j\u00f3venes.<\/p>\n<p>Esta mala coyuntura econ\u00f3mica amenaza la estabilidad de todo el pa\u00eds. La oposici\u00f3n al actual presidente Kabor\u00e9, que es cat\u00f3lico y fue elegido en 2015, aprovecha esta inestabilidad para cuestionar al Gobierno. No obstante, hay que precisar que detr\u00e1s de este malestar pol\u00edtico no se esconde ning\u00fan conflicto religioso y que tambi\u00e9n hay cristianos en la oposici\u00f3n.<\/p>\n<p><strong>\u00bfC\u00f3mo evoluciona la Iglesia?<\/strong><\/p>\n<p>Contamos con una comunidad ferviente que llena las iglesias de s\u00e1bado a domingo por la tarde, y tenemos una liturgia llena de vida. Adem\u00e1s, no faltan vocaciones sacerdotales ni tampoco las solicitudes de bautizos. No obstante, debemos permanecer atentos y acompa\u00f1ar este fervor. Para ello necesitamos m\u00e1s catequistas y m\u00e1s medios tambi\u00e9n para los seminaristas.<\/p>\n<p>Este es un trabajo indispensable sin el cual la fe se vuelve fr\u00e1gil. As\u00ed, por ejemplo, en los poblados vemos a cristianos recurrir al paganismo cuando se enfrentan a una dificultad. Este es un reto que hay que afrontar con la formaci\u00f3n.<\/p>\n<p>&nbsp;<\/p>\n<figure id=\"attachment_46495\" aria-describedby=\"caption-attachment-46495\" style=\"width: 690px\" class=\"wp-caption aligncenter\"><img loading=\"lazy\" decoding=\"async\" class=\"size-full wp-image-46495\" src=\"https:\/\/media.acninternational.org\/wp-content\/uploads\/2019\/11\/ACN-20150624-26177-post.jpg\" alt=\"Seminarians formation diocese of Kaya\" width=\"690\" height=\"537\" \/><figcaption id=\"caption-attachment-46495\" class=\"wp-caption-text\">Formaci\u00f3n de seminaristas di\u00f3cesis de kaya.<\/figcaption><\/figure>\n<p>&nbsp;<\/p>\n<p><strong>\u00bfQu\u00e9 mensaje le gustar\u00eda transmitir a los benefactores de ACN?<\/strong><\/p>\n<p>El de una inmensa gratitud. Gracias al apoyo de vuestra Fundaci\u00f3n, precisamente estamos abordando la gran necesidad de educaci\u00f3n entre los j\u00f3venes cristianos. Adem\u00e1s, este apoyo nos permite construir infraestructuras indispensables como seminarios, oficinas parroquiales o espacios para la catequesis. Adem\u00e1s, tambi\u00e9n nos hab\u00e9is ayudado a adquirir medios de locomoci\u00f3n como bicicletas, motocicletas o coches, que son indispensables en muchas parroquias muy extensas, donde resulta crucial garantizar el desplazamiento de sacerdotes y catequistas.<\/p>\n<p>&nbsp;<\/p>\n<p><strong><em>Gracias a la generosidad de sus benefactores en 2017 la fundaci\u00f3n pontificia ACN apoy\u00f3 m\u00e1s de 60 proyectos en Burkina Faso por un total de casi 750.000 Euros. <\/em><\/strong><\/p>\n<p>&nbsp;<\/p>\n<figure id=\"attachment_46494\" aria-describedby=\"caption-attachment-46494\" style=\"width: 690px\" class=\"wp-caption aligncenter\"><img loading=\"lazy\" decoding=\"async\" class=\"size-full wp-image-46494\" src=\"https:\/\/media.acninternational.org\/wp-content\/uploads\/2019\/11\/ACN-20170913-61232-post.jpg\" alt=\"The pontifical foundation ACN supported more than 60 projects in Burkina Faso\" width=\"690\" height=\"460\" \/><figcaption id=\"caption-attachment-46494\" class=\"wp-caption-text\">La fundaci\u00f3n pontificia ACN apoy\u00f3 m\u00e1s de 60 proyectos en Burkina Faso<\/figcaption><\/figure>\n","protected":false},"excerpt":{"rendered":"<p>Entrevista con Mons. Rapha\u00ebl Dabir\u00e9, Presidente de la Comisi\u00f3n Episcopal para el Clero y obispo de Di\u00e9bougou, en el suroeste<\/p>\n","protected":false},"author":1,"featured_media":119418,"comment_status":"open","ping_status":"open","sticky":false,"template":"","format":"standard","meta":{"_acf_changed":false,"_acn_coauthor_ids":[],"footnotes":""},"categories":[745],"tags":[],"country":[378],"class_list":["post-119417","post","type-post","status-publish","format-standard","has-post-thumbnail","hentry","category-entrevistas","country-burkina-faso-es"],"acn_coauthors":[],"acf":[],"yoast_head":"<!-- This site is optimized with the Yoast SEO Premium plugin v27.3 (Yoast SEO v27.3) - https:\/\/yoast.com\/product\/yoast-seo-premium-wordpress\/ -->\n<title>BURKINA FASO: un fr\u00e1gil oasis de paz entre Mali y N\u00edger | ACN International<\/title>\n<meta name=\"robots\" content=\"index, follow, max-snippet:-1, max-image-preview:large, max-video-preview:-1\" \/>\n<link rel=\"canonical\" href=\"https:\/\/acninternational.org\/es\/burkina-faso-un-fragil-oasis-de-paz-entre-mali-y-niger\/\" \/>\n<meta property=\"og:locale\" content=\"es_ES\" \/>\n<meta property=\"og:type\" content=\"article\" \/>\n<meta property=\"og:title\" content=\"BURKINA FASO: un fr\u00e1gil oasis de paz entre Mali y N\u00edger\" \/>\n<meta property=\"og:description\" content=\"Entrevista con Mons. Rapha\u00ebl Dabir\u00e9, Presidente de la Comisi\u00f3n Episcopal para el Clero y obispo de Di\u00e9bougou, en el suroeste\" \/>\n<meta property=\"og:url\" content=\"https:\/\/acninternational.org\/es\/burkina-faso-un-fragil-oasis-de-paz-entre-mali-y-niger\/\" \/>\n<meta property=\"og:site_name\" content=\"ACN International\" \/>\n<meta property=\"article:publisher\" content=\"https:\/\/www.facebook.com\/acninternationalorg\" \/>\n<meta property=\"article:published_time\" content=\"2018-11-04T23:00:00+00:00\" \/>\n<meta property=\"og:image\" content=\"https:\/\/media.acninternational.org\/wp-content\/uploads\/2019\/11\/BURKINA-FASO-un-fr%C3%A1gil-oasis-de-paz-entre-Mali-y-N%C3%ADger-image.jpg\" \/>\n\t<meta property=\"og:image:width\" content=\"1200\" \/>\n\t<meta property=\"og:image:height\" content=\"628\" \/>\n\t<meta property=\"og:image:type\" content=\"image\/jpeg\" \/>\n<meta name=\"author\" content=\"admin_acn\" \/>\n<meta name=\"twitter:card\" content=\"summary_large_image\" \/>\n<meta name=\"twitter:creator\" content=\"@acn_int\" \/>\n<meta name=\"twitter:site\" content=\"@acn_int\" \/>\n<meta name=\"twitter:label1\" content=\"Escrito por\" \/>\n\t<meta name=\"twitter:data1\" content=\"admin_acn\" \/>\n\t<meta name=\"twitter:label2\" content=\"Tiempo de lectura\" \/>\n\t<meta name=\"twitter:data2\" content=\"5 minutos\" \/>\n<script type=\"application\/ld+json\" class=\"yoast-schema-graph\">{\"@context\":\"https:\\\/\\\/schema.org\",\"@graph\":[{\"@type\":\"Article\",\"@id\":\"https:\\\/\\\/acninternational.org\\\/es\\\/burkina-faso-un-fragil-oasis-de-paz-entre-mali-y-niger\\\/#article\",\"isPartOf\":{\"@id\":\"https:\\\/\\\/acninternational.org\\\/es\\\/burkina-faso-un-fragil-oasis-de-paz-entre-mali-y-niger\\\/\"},\"author\":{\"name\":\"admin_acn\",\"@id\":\"https:\\\/\\\/acninternational.org\\\/es\\\/#\\\/schema\\\/person\\\/5a7468d38fb12b1976b6eeda95c21ebc\"},\"headline\":\"BURKINA FASO: un fr\u00e1gil oasis de paz entre Mali y N\u00edger\",\"datePublished\":\"2018-11-04T23:00:00+00:00\",\"mainEntityOfPage\":{\"@id\":\"https:\\\/\\\/acninternational.org\\\/es\\\/burkina-faso-un-fragil-oasis-de-paz-entre-mali-y-niger\\\/\"},\"wordCount\":1077,\"commentCount\":0,\"publisher\":{\"@id\":\"https:\\\/\\\/acninternational.org\\\/es\\\/#organization\"},\"image\":{\"@id\":\"https:\\\/\\\/acninternational.org\\\/es\\\/burkina-faso-un-fragil-oasis-de-paz-entre-mali-y-niger\\\/#primaryimage\"},\"thumbnailUrl\":\"https:\\\/\\\/media.acninternational.org\\\/wp-content\\\/uploads\\\/2019\\\/11\\\/BURKINA-FASO-un-fr%C3%A1gil-oasis-de-paz-entre-Mali-y-N%C3%ADger-image.jpg\",\"articleSection\":[\"ENTREVISTAS\"],\"inLanguage\":\"es\",\"potentialAction\":[{\"@type\":\"CommentAction\",\"name\":\"Comment\",\"target\":[\"https:\\\/\\\/acninternational.org\\\/es\\\/burkina-faso-un-fragil-oasis-de-paz-entre-mali-y-niger\\\/#respond\"]}]},{\"@type\":\"WebPage\",\"@id\":\"https:\\\/\\\/acninternational.org\\\/es\\\/burkina-faso-un-fragil-oasis-de-paz-entre-mali-y-niger\\\/\",\"url\":\"https:\\\/\\\/acninternational.org\\\/es\\\/burkina-faso-un-fragil-oasis-de-paz-entre-mali-y-niger\\\/\",\"name\":\"BURKINA FASO: un fr\u00e1gil oasis de paz entre Mali y N\u00edger | ACN International\",\"isPartOf\":{\"@id\":\"https:\\\/\\\/acninternational.org\\\/es\\\/#website\"},\"primaryImageOfPage\":{\"@id\":\"https:\\\/\\\/acninternational.org\\\/es\\\/burkina-faso-un-fragil-oasis-de-paz-entre-mali-y-niger\\\/#primaryimage\"},\"image\":{\"@id\":\"https:\\\/\\\/acninternational.org\\\/es\\\/burkina-faso-un-fragil-oasis-de-paz-entre-mali-y-niger\\\/#primaryimage\"},\"thumbnailUrl\":\"https:\\\/\\\/media.acninternational.org\\\/wp-content\\\/uploads\\\/2019\\\/11\\\/BURKINA-FASO-un-fr%C3%A1gil-oasis-de-paz-entre-Mali-y-N%C3%ADger-image.jpg\",\"datePublished\":\"2018-11-04T23:00:00+00:00\",\"breadcrumb\":{\"@id\":\"https:\\\/\\\/acninternational.org\\\/es\\\/burkina-faso-un-fragil-oasis-de-paz-entre-mali-y-niger\\\/#breadcrumb\"},\"inLanguage\":\"es\",\"potentialAction\":[{\"@type\":\"ReadAction\",\"target\":[\"https:\\\/\\\/acninternational.org\\\/es\\\/burkina-faso-un-fragil-oasis-de-paz-entre-mali-y-niger\\\/\"]}]},{\"@type\":\"ImageObject\",\"inLanguage\":\"es\",\"@id\":\"https:\\\/\\\/acninternational.org\\\/es\\\/burkina-faso-un-fragil-oasis-de-paz-entre-mali-y-niger\\\/#primaryimage\",\"url\":\"https:\\\/\\\/media.acninternational.org\\\/wp-content\\\/uploads\\\/2019\\\/11\\\/BURKINA-FASO-un-fr%C3%A1gil-oasis-de-paz-entre-Mali-y-N%C3%ADger-image.jpg\",\"contentUrl\":\"https:\\\/\\\/media.acninternational.org\\\/wp-content\\\/uploads\\\/2019\\\/11\\\/BURKINA-FASO-un-fr%C3%A1gil-oasis-de-paz-entre-Mali-y-N%C3%ADger-image.jpg\",\"width\":1200,\"height\":628,\"caption\":\"BURKINA FASO: un fr\u00e1gil oasis de paz entre Mali y N\u00edger\"},{\"@type\":\"BreadcrumbList\",\"@id\":\"https:\\\/\\\/acninternational.org\\\/es\\\/burkina-faso-un-fragil-oasis-de-paz-entre-mali-y-niger\\\/#breadcrumb\",\"itemListElement\":[{\"@type\":\"ListItem\",\"position\":1,\"name\":\"Home\",\"item\":\"https:\\\/\\\/acninternational.org\\\/es\\\/\"},{\"@type\":\"ListItem\",\"position\":2,\"name\":\"ENTREVISTAS\",\"item\":\"https:\\\/\\\/acninternational.org\\\/es\\\/category\\\/entrevistas\\\/\"},{\"@type\":\"ListItem\",\"position\":3,\"name\":\"BURKINA FASO: un fr\u00e1gil oasis de paz entre Mali y N\u00edger\"}]},{\"@type\":\"WebSite\",\"@id\":\"https:\\\/\\\/acninternational.org\\\/es\\\/#website\",\"url\":\"https:\\\/\\\/acninternational.org\\\/es\\\/\",\"name\":\"ACN International\",\"description\":\"\",\"publisher\":{\"@id\":\"https:\\\/\\\/acninternational.org\\\/es\\\/#organization\"},\"potentialAction\":[{\"@type\":\"SearchAction\",\"target\":{\"@type\":\"EntryPoint\",\"urlTemplate\":\"https:\\\/\\\/acninternational.org\\\/es\\\/?s={search_term_string}\"},\"query-input\":{\"@type\":\"PropertyValueSpecification\",\"valueRequired\":true,\"valueName\":\"search_term_string\"}}],\"inLanguage\":\"es\"},{\"@type\":\"Organization\",\"@id\":\"https:\\\/\\\/acninternational.org\\\/es\\\/#organization\",\"name\":\"Aid to the Church in Need International\",\"url\":\"https:\\\/\\\/acninternational.org\\\/es\\\/\",\"logo\":{\"@type\":\"ImageObject\",\"inLanguage\":\"es\",\"@id\":\"https:\\\/\\\/acninternational.org\\\/es\\\/#\\\/schema\\\/logo\\\/image\\\/\",\"url\":\"https:\\\/\\\/media.acninternational.org\\\/wp-content\\\/uploads\\\/2019\\\/11\\\/acn_logo_blackvector.svg\",\"contentUrl\":\"https:\\\/\\\/media.acninternational.org\\\/wp-content\\\/uploads\\\/2019\\\/11\\\/acn_logo_blackvector.svg\",\"width\":232.6,\"height\":78,\"caption\":\"Aid to the Church in Need International\"},\"image\":{\"@id\":\"https:\\\/\\\/acninternational.org\\\/es\\\/#\\\/schema\\\/logo\\\/image\\\/\"},\"sameAs\":[\"https:\\\/\\\/www.facebook.com\\\/acninternationalorg\",\"https:\\\/\\\/x.com\\\/acn_int\",\"https:\\\/\\\/www.youtube.com\\\/channel\\\/UCQ-077gS0TnVzkhHmf1opZw\",\"https:\\\/\\\/www.instagram.com\\\/acn_international\\\/\"]},{\"@type\":\"Person\",\"@id\":\"https:\\\/\\\/acninternational.org\\\/es\\\/#\\\/schema\\\/person\\\/5a7468d38fb12b1976b6eeda95c21ebc\",\"name\":\"admin_acn\",\"url\":\"https:\\\/\\\/acninternational.org\\\/es\\\/author\\\/admin_acn\\\/\"}]}<\/script>\n<!-- \/ Yoast SEO Premium plugin. -->","yoast_head_json":{"title":"BURKINA FASO: un fr\u00e1gil oasis de paz entre Mali y N\u00edger | ACN International","robots":{"index":"index","follow":"follow","max-snippet":"max-snippet:-1","max-image-preview":"max-image-preview:large","max-video-preview":"max-video-preview:-1"},"canonical":"https:\/\/acninternational.org\/es\/burkina-faso-un-fragil-oasis-de-paz-entre-mali-y-niger\/","og_locale":"es_ES","og_type":"article","og_title":"BURKINA FASO: un fr\u00e1gil oasis de paz entre Mali y N\u00edger","og_description":"Entrevista con Mons. Rapha\u00ebl Dabir\u00e9, Presidente de la Comisi\u00f3n Episcopal para el Clero y obispo de Di\u00e9bougou, en el suroeste","og_url":"https:\/\/acninternational.org\/es\/burkina-faso-un-fragil-oasis-de-paz-entre-mali-y-niger\/","og_site_name":"ACN International","article_publisher":"https:\/\/www.facebook.com\/acninternationalorg","article_published_time":"2018-11-04T23:00:00+00:00","og_image":[{"width":1200,"height":628,"url":"https:\/\/media.acninternational.org\/wp-content\/uploads\/2019\/11\/BURKINA-FASO-un-fr%C3%A1gil-oasis-de-paz-entre-Mali-y-N%C3%ADger-image.jpg","type":"image\/jpeg"}],"author":"admin_acn","twitter_card":"summary_large_image","twitter_creator":"@acn_int","twitter_site":"@acn_int","twitter_misc":{"Escrito por":"admin_acn","Tiempo de lectura":"5 minutos"},"schema":{"@context":"https:\/\/schema.org","@graph":[{"@type":"Article","@id":"https:\/\/acninternational.org\/es\/burkina-faso-un-fragil-oasis-de-paz-entre-mali-y-niger\/#article","isPartOf":{"@id":"https:\/\/acninternational.org\/es\/burkina-faso-un-fragil-oasis-de-paz-entre-mali-y-niger\/"},"author":{"name":"admin_acn","@id":"https:\/\/acninternational.org\/es\/#\/schema\/person\/5a7468d38fb12b1976b6eeda95c21ebc"},"headline":"BURKINA FASO: un fr\u00e1gil oasis de paz entre Mali y N\u00edger","datePublished":"2018-11-04T23:00:00+00:00","mainEntityOfPage":{"@id":"https:\/\/acninternational.org\/es\/burkina-faso-un-fragil-oasis-de-paz-entre-mali-y-niger\/"},"wordCount":1077,"commentCount":0,"publisher":{"@id":"https:\/\/acninternational.org\/es\/#organization"},"image":{"@id":"https:\/\/acninternational.org\/es\/burkina-faso-un-fragil-oasis-de-paz-entre-mali-y-niger\/#primaryimage"},"thumbnailUrl":"https:\/\/media.acninternational.org\/wp-content\/uploads\/2019\/11\/BURKINA-FASO-un-fr%C3%A1gil-oasis-de-paz-entre-Mali-y-N%C3%ADger-image.jpg","articleSection":["ENTREVISTAS"],"inLanguage":"es","potentialAction":[{"@type":"CommentAction","name":"Comment","target":["https:\/\/acninternational.org\/es\/burkina-faso-un-fragil-oasis-de-paz-entre-mali-y-niger\/#respond"]}]},{"@type":"WebPage","@id":"https:\/\/acninternational.org\/es\/burkina-faso-un-fragil-oasis-de-paz-entre-mali-y-niger\/","url":"https:\/\/acninternational.org\/es\/burkina-faso-un-fragil-oasis-de-paz-entre-mali-y-niger\/","name":"BURKINA FASO: un fr\u00e1gil oasis de paz entre Mali y N\u00edger | ACN International","isPartOf":{"@id":"https:\/\/acninternational.org\/es\/#website"},"primaryImageOfPage":{"@id":"https:\/\/acninternational.org\/es\/burkina-faso-un-fragil-oasis-de-paz-entre-mali-y-niger\/#primaryimage"},"image":{"@id":"https:\/\/acninternational.org\/es\/burkina-faso-un-fragil-oasis-de-paz-entre-mali-y-niger\/#primaryimage"},"thumbnailUrl":"https:\/\/media.acninternational.org\/wp-content\/uploads\/2019\/11\/BURKINA-FASO-un-fr%C3%A1gil-oasis-de-paz-entre-Mali-y-N%C3%ADger-image.jpg","datePublished":"2018-11-04T23:00:00+00:00","breadcrumb":{"@id":"https:\/\/acninternational.org\/es\/burkina-faso-un-fragil-oasis-de-paz-entre-mali-y-niger\/#breadcrumb"},"inLanguage":"es","potentialAction":[{"@type":"ReadAction","target":["https:\/\/acninternational.org\/es\/burkina-faso-un-fragil-oasis-de-paz-entre-mali-y-niger\/"]}]},{"@type":"ImageObject","inLanguage":"es","@id":"https:\/\/acninternational.org\/es\/burkina-faso-un-fragil-oasis-de-paz-entre-mali-y-niger\/#primaryimage","url":"https:\/\/media.acninternational.org\/wp-content\/uploads\/2019\/11\/BURKINA-FASO-un-fr%C3%A1gil-oasis-de-paz-entre-Mali-y-N%C3%ADger-image.jpg","contentUrl":"https:\/\/media.acninternational.org\/wp-content\/uploads\/2019\/11\/BURKINA-FASO-un-fr%C3%A1gil-oasis-de-paz-entre-Mali-y-N%C3%ADger-image.jpg","width":1200,"height":628,"caption":"BURKINA FASO: un fr\u00e1gil oasis de paz entre Mali y N\u00edger"},{"@type":"BreadcrumbList","@id":"https:\/\/acninternational.org\/es\/burkina-faso-un-fragil-oasis-de-paz-entre-mali-y-niger\/#breadcrumb","itemListElement":[{"@type":"ListItem","position":1,"name":"Home","item":"https:\/\/acninternational.org\/es\/"},{"@type":"ListItem","position":2,"name":"ENTREVISTAS","item":"https:\/\/acninternational.org\/es\/category\/entrevistas\/"},{"@type":"ListItem","position":3,"name":"BURKINA FASO: un fr\u00e1gil oasis de paz entre Mali y N\u00edger"}]},{"@type":"WebSite","@id":"https:\/\/acninternational.org\/es\/#website","url":"https:\/\/acninternational.org\/es\/","name":"ACN International","description":"","publisher":{"@id":"https:\/\/acninternational.org\/es\/#organization"},"potentialAction":[{"@type":"SearchAction","target":{"@type":"EntryPoint","urlTemplate":"https:\/\/acninternational.org\/es\/?s={search_term_string}"},"query-input":{"@type":"PropertyValueSpecification","valueRequired":true,"valueName":"search_term_string"}}],"inLanguage":"es"},{"@type":"Organization","@id":"https:\/\/acninternational.org\/es\/#organization","name":"Aid to the Church in Need International","url":"https:\/\/acninternational.org\/es\/","logo":{"@type":"ImageObject","inLanguage":"es","@id":"https:\/\/acninternational.org\/es\/#\/schema\/logo\/image\/","url":"https:\/\/media.acninternational.org\/wp-content\/uploads\/2019\/11\/acn_logo_blackvector.svg","contentUrl":"https:\/\/media.acninternational.org\/wp-content\/uploads\/2019\/11\/acn_logo_blackvector.svg","width":232.6,"height":78,"caption":"Aid to the Church in Need International"},"image":{"@id":"https:\/\/acninternational.org\/es\/#\/schema\/logo\/image\/"},"sameAs":["https:\/\/www.facebook.com\/acninternationalorg","https:\/\/x.com\/acn_int","https:\/\/www.youtube.com\/channel\/UCQ-077gS0TnVzkhHmf1opZw","https:\/\/www.instagram.com\/acn_international\/"]},{"@type":"Person","@id":"https:\/\/acninternational.org\/es\/#\/schema\/person\/5a7468d38fb12b1976b6eeda95c21ebc","name":"admin_acn","url":"https:\/\/acninternational.org\/es\/author\/admin_acn\/"}]}},"_links":{"self":[{"href":"https:\/\/acninternational.org\/es\/wp-json\/wp\/v2\/posts\/119417","targetHints":{"allow":["GET"]}}],"collection":[{"href":"https:\/\/acninternational.org\/es\/wp-json\/wp\/v2\/posts"}],"about":[{"href":"https:\/\/acninternational.org\/es\/wp-json\/wp\/v2\/types\/post"}],"author":[{"embeddable":true,"href":"https:\/\/acninternational.org\/es\/wp-json\/wp\/v2\/users\/1"}],"replies":[{"embeddable":true,"href":"https:\/\/acninternational.org\/es\/wp-json\/wp\/v2\/comments?post=119417"}],"version-history":[{"count":0,"href":"https:\/\/acninternational.org\/es\/wp-json\/wp\/v2\/posts\/119417\/revisions"}],"wp:featuredmedia":[{"embeddable":true,"href":"https:\/\/acninternational.org\/es\/wp-json\/wp\/v2\/media\/119418"}],"wp:attachment":[{"href":"https:\/\/acninternational.org\/es\/wp-json\/wp\/v2\/media?parent=119417"}],"wp:term":[{"taxonomy":"category","embeddable":true,"href":"https:\/\/acninternational.org\/es\/wp-json\/wp\/v2\/categories?post=119417"},{"taxonomy":"post_tag","embeddable":true,"href":"https:\/\/acninternational.org\/es\/wp-json\/wp\/v2\/tags?post=119417"},{"taxonomy":"country","embeddable":true,"href":"https:\/\/acninternational.org\/es\/wp-json\/wp\/v2\/country?post=119417"}],"curies":[{"name":"wp","href":"https:\/\/api.w.org\/{rel}","templated":true}]}}