{"id":118896,"date":"2018-03-23T00:00:00","date_gmt":"2018-03-22T23:00:00","guid":{"rendered":"https:\/\/acninternational.org\/republica-democratica-del-congo-la-poblacion-esta-viviendo-un-calvario-2\/"},"modified":"2018-03-23T00:00:00","modified_gmt":"2018-03-22T23:00:00","slug":"republica-democratica-del-congo-la-poblacion-esta-viviendo-un-calvario-2","status":"publish","type":"post","link":"https:\/\/acninternational.org\/es\/republica-democratica-del-congo-la-poblacion-esta-viviendo-un-calvario-2\/","title":{"rendered":"Rep\u00fablica Democr\u00e1tica del Congo: \u00a1la poblaci\u00f3n est\u00e1 viviendo un calvario!"},"content":{"rendered":"<p><strong>Desde mediados de los a\u00f1os 90, regiones completas de la Rep\u00fablica Democr\u00e1tica del Congo (RDC), sobre todo al este del pa\u00eds, est\u00e1n sumidas en una pesadilla continua: \u00a1un aut\u00e9ntico calvario! Profundamente creyentes, los habitantes de la RDC tiene toda la raz\u00f3n para clamar ante Dios Padre, como Jes\u00fas en la Cruz: \u00abDios m\u00edo, Dios m\u00edo, \u00bfpor qu\u00e9 me has abandonado?\u00bb. <\/strong><br \/>\n\u00abS\u00ed, en el caso de la RDC podemos hablar de un calvario\u00bb, dice en una conversaci\u00f3n mantenida con Aid to the Church in Need (ACN) una fuente pr\u00f3xima a la di\u00f3cesis de Butembo-Beni, que desea permanecer an\u00f3nima para garantizar su seguridad. \u00abLa di\u00f3cesis vive en un clima de terror mantenido por grupos armados, presentes en la regi\u00f3n desde 1995\u00bb. Esta fuente subraya que la situaci\u00f3n todav\u00eda es peor para algunas parroquias que se encuentran en esta regi\u00f3n, denominada \u00abel tri\u00e1ngulo de la muerte\u00bb. Se trata de cuatro parroquias: \u00abEringeti, Mbau, Oicha y Buisegha en el territorio de Beni. En el de Lubero hablamos de las parroquias de Kipese, Kagheri, Bingi y Luofu. \u00a1Algunos de los habitantes de estas parroquias est\u00e1n siendo desplazados continuamente de un lugar a otro desde hace m\u00e1s de 20 a\u00f1os!\u00bb.<br \/>\nLa pesadilla sin fin que all\u00ed se vive est\u00e1 provocada por la presencia de grupos rebeldes que, desde 1995, est\u00e1n haciendo masacres en la poblaci\u00f3n. \u00abEstos se desarrollan en la parte norte de la di\u00f3cesis de Butembo-Beni y m\u00e1s precisamente en el territorio de Beni, as\u00ed como en los alrededores de la ciudad de Beni\u00bb, explica el contacto. \u00abEstas\u00a0 masacres se est\u00e1n ampliando ahora a la provincia llamada Ituri, que es vecina de la nuestra y que est\u00e1 situada al norte de nuestra provincia de Nord-Kivu\u00bb.<br \/>\nEntre los responsables se encuentra un grupo denominado ADF-Nalu (Allied Democratic Forces), una organizaci\u00f3n de rebeldes musulmanes procedente de Uganda. Se instalaron en la di\u00f3cesis en 1995. \u00abSeg\u00fan ciertos an\u00e1lisis \u2014sigue diciendo el interlocutor\u2014, la manera que tienen de matar se parece a la empleada en el genocidio en Ruanda de 1994\u00bb. Por\u00a0 esta raz\u00f3n, algunos observadores consideran que detr\u00e1s de las masacres que vive la poblaci\u00f3n del este de la RDC desde hace casi 25 a\u00f1os hay una \u00abmano ruandesa\u00bb.<br \/>\n\u00abEstos canallas utilizan machetes y hachas para matar a j\u00f3venes y viejos, a mujeres y ni\u00f1os sin piedad\u00bb, a\u00f1ade la fuente.<br \/>\nHabla tambi\u00e9n de un \u00abproyecto de balcanizaci\u00f3n\u00bb, que est\u00e1n impulsando fuerzas desconocidas para crear literalmente un \u00abTutsiland\u00bb, que se extender\u00eda sobre \u00abtoda nuestra provincia de Kivu del Norte y del Sur, as\u00ed como por la provincia de Ituri, que ser\u00edan anexionadas a Ruanda\u2026 Por eso quieren exterminar a la poblaci\u00f3n pac\u00edfica: para eliminar toda huella de la poblaci\u00f3n aut\u00f3ctona, que trabaja la tierra, lo que ocasiona los desplazamientos de la poblaci\u00f3n. No sabemos hasta qu\u00e9 punto hay complicidad [de las diferentes autoridades gubernamentales], a nivel regional, nacional o internacional\u00bb, dice la fuente.<br \/>\nLa extracci\u00f3n de recursos mineros y el control de sus riquezas, \u00abla codicia\u00bb, se encontrar\u00edan tambi\u00e9n en el origen de esas masacres y del desplazamiento de millares de personas. Desde diciembre de 2017, MSF (M\u00e9dicos sin fronteras), estima que 50.000 personas han cruzado el gran Lago Albert (provincia de Ituri) para huir de esas masacres, de la violaci\u00f3n de mujeres, ni\u00f1os y viejos y de la destrucci\u00f3n de sus pueblos. Han sido acogidos en la otra orilla, en Uganda.<br \/>\n<strong>\u00bfC\u00f3mo anunciar el Evangelio? <\/strong><br \/>\nLa Iglesia sigue siendo una fuerza moral y social de primera categor\u00eda en RDC. \u00abNuestra iglesia de Butembo-Beni trabaja para sensibilizar a las personas, a fin de que los desplazados sean acogidos por familias\u00bb, explica el interlocutor. \u00abLa di\u00f3cesis ha iniciado m\u00e1s de una vez colectas de dinero y de bienes (alimento, vestido, aparatos). Sin embargo, debido al empobrecimiento de la poblaci\u00f3n por las guerras que parecen no tener fin, esas colectas apenas recogen nada\u00bb.<br \/>\nA pesar de este ambiente de terror y de persecuci\u00f3n del que es v\u00edctima, la Iglesia se mantiene fuerte. Seg\u00fan la fuente hay un pasaje en el Evangelio que le permite continuar: \u00abAmad a vuestros enemigos y rogad por los que os persiguen\u00bb (Mt 5, 44). Remite asimismo a un personaje muy conocido de la Biblia: Job. \u00abLa perseverancia y el testimonio en el sufrimiento, as\u00ed como el aguante y la paciencia de Job nos sirven de modelo\u00bb.<\/p>\n","protected":false},"excerpt":{"rendered":"<p>Desde mediados de los a\u00f1os 90, regiones completas de la Rep\u00fablica Democr\u00e1tica del Congo (RDC), sobre todo al este del<\/p>\n","protected":false},"author":1,"featured_media":118805,"comment_status":"open","ping_status":"open","sticky":false,"template":"","format":"standard","meta":{"_acf_changed":false,"_acn_coauthor_ids":[],"footnotes":""},"categories":[713],"tags":[],"country":[],"class_list":["post-118896","post","type-post","status-publish","format-standard","has-post-thumbnail","hentry","category-historias"],"acn_coauthors":[],"acf":[],"yoast_head":"<!-- This site is optimized with the Yoast SEO Premium plugin v27.3 (Yoast SEO v27.3) - https:\/\/yoast.com\/product\/yoast-seo-premium-wordpress\/ -->\n<title>Rep\u00fablica Democr\u00e1tica del Congo: \u00a1la poblaci\u00f3n est\u00e1 viviendo un calvario! | ACN International<\/title>\n<meta name=\"robots\" content=\"index, follow, max-snippet:-1, max-image-preview:large, max-video-preview:-1\" \/>\n<link rel=\"canonical\" href=\"https:\/\/acninternational.org\/es\/republica-democratica-del-congo-la-poblacion-esta-viviendo-un-calvario-2\/\" \/>\n<meta property=\"og:locale\" content=\"es_ES\" \/>\n<meta property=\"og:type\" content=\"article\" \/>\n<meta property=\"og:title\" content=\"Rep\u00fablica Democr\u00e1tica del Congo: \u00a1la poblaci\u00f3n est\u00e1 viviendo un calvario!\" \/>\n<meta property=\"og:description\" content=\"Desde mediados de los a\u00f1os 90, regiones completas de la Rep\u00fablica Democr\u00e1tica del Congo (RDC), sobre todo al este del\" \/>\n<meta property=\"og:url\" content=\"https:\/\/acninternational.org\/es\/republica-democratica-del-congo-la-poblacion-esta-viviendo-un-calvario-2\/\" \/>\n<meta property=\"og:site_name\" content=\"ACN International\" \/>\n<meta property=\"article:publisher\" content=\"https:\/\/www.facebook.com\/acninternationalorg\" \/>\n<meta property=\"article:published_time\" content=\"2018-03-22T23:00:00+00:00\" \/>\n<meta property=\"og:image\" content=\"https:\/\/media.acninternational.org\/wp-content\/uploads\/2019\/11\/Rep%C3%BAblica-Democr%C3%A1tica-del-Congo-%C2%A1la-poblaci%C3%B3n-est%C3%A1-viviendo-un-calvario-image.jpg\" \/>\n\t<meta property=\"og:image:width\" content=\"1920\" \/>\n\t<meta property=\"og:image:height\" content=\"1080\" \/>\n\t<meta property=\"og:image:type\" content=\"image\/jpeg\" \/>\n<meta name=\"author\" content=\"admin_acn\" \/>\n<meta name=\"twitter:card\" content=\"summary_large_image\" \/>\n<meta name=\"twitter:creator\" content=\"@acn_int\" \/>\n<meta name=\"twitter:site\" content=\"@acn_int\" \/>\n<meta name=\"twitter:label1\" content=\"Escrito por\" \/>\n\t<meta name=\"twitter:data1\" content=\"admin_acn\" \/>\n\t<meta name=\"twitter:label2\" content=\"Tiempo de lectura\" \/>\n\t<meta name=\"twitter:data2\" content=\"4 minutos\" \/>\n<script type=\"application\/ld+json\" class=\"yoast-schema-graph\">{\"@context\":\"https:\\\/\\\/schema.org\",\"@graph\":[{\"@type\":\"Article\",\"@id\":\"https:\\\/\\\/acninternational.org\\\/es\\\/republica-democratica-del-congo-la-poblacion-esta-viviendo-un-calvario-2\\\/#article\",\"isPartOf\":{\"@id\":\"https:\\\/\\\/acninternational.org\\\/es\\\/republica-democratica-del-congo-la-poblacion-esta-viviendo-un-calvario-2\\\/\"},\"author\":{\"name\":\"admin_acn\",\"@id\":\"https:\\\/\\\/acninternational.org\\\/es\\\/#\\\/schema\\\/person\\\/5a7468d38fb12b1976b6eeda95c21ebc\"},\"headline\":\"Rep\u00fablica Democr\u00e1tica del Congo: \u00a1la poblaci\u00f3n est\u00e1 viviendo un calvario!\",\"datePublished\":\"2018-03-22T23:00:00+00:00\",\"mainEntityOfPage\":{\"@id\":\"https:\\\/\\\/acninternational.org\\\/es\\\/republica-democratica-del-congo-la-poblacion-esta-viviendo-un-calvario-2\\\/\"},\"wordCount\":776,\"commentCount\":0,\"publisher\":{\"@id\":\"https:\\\/\\\/acninternational.org\\\/es\\\/#organization\"},\"image\":{\"@id\":\"https:\\\/\\\/acninternational.org\\\/es\\\/republica-democratica-del-congo-la-poblacion-esta-viviendo-un-calvario-2\\\/#primaryimage\"},\"thumbnailUrl\":\"https:\\\/\\\/media.acninternational.org\\\/wp-content\\\/uploads\\\/2019\\\/11\\\/Rep%C3%BAblica-Democr%C3%A1tica-del-Congo-%C2%A1la-poblaci%C3%B3n-est%C3%A1-viviendo-un-calvario-image.jpg\",\"articleSection\":[\"HISTORIAS\"],\"inLanguage\":\"es\",\"potentialAction\":[{\"@type\":\"CommentAction\",\"name\":\"Comment\",\"target\":[\"https:\\\/\\\/acninternational.org\\\/es\\\/republica-democratica-del-congo-la-poblacion-esta-viviendo-un-calvario-2\\\/#respond\"]}]},{\"@type\":\"WebPage\",\"@id\":\"https:\\\/\\\/acninternational.org\\\/es\\\/republica-democratica-del-congo-la-poblacion-esta-viviendo-un-calvario-2\\\/\",\"url\":\"https:\\\/\\\/acninternational.org\\\/es\\\/republica-democratica-del-congo-la-poblacion-esta-viviendo-un-calvario-2\\\/\",\"name\":\"Rep\u00fablica Democr\u00e1tica del Congo: \u00a1la poblaci\u00f3n est\u00e1 viviendo un calvario! | ACN International\",\"isPartOf\":{\"@id\":\"https:\\\/\\\/acninternational.org\\\/es\\\/#website\"},\"primaryImageOfPage\":{\"@id\":\"https:\\\/\\\/acninternational.org\\\/es\\\/republica-democratica-del-congo-la-poblacion-esta-viviendo-un-calvario-2\\\/#primaryimage\"},\"image\":{\"@id\":\"https:\\\/\\\/acninternational.org\\\/es\\\/republica-democratica-del-congo-la-poblacion-esta-viviendo-un-calvario-2\\\/#primaryimage\"},\"thumbnailUrl\":\"https:\\\/\\\/media.acninternational.org\\\/wp-content\\\/uploads\\\/2019\\\/11\\\/Rep%C3%BAblica-Democr%C3%A1tica-del-Congo-%C2%A1la-poblaci%C3%B3n-est%C3%A1-viviendo-un-calvario-image.jpg\",\"datePublished\":\"2018-03-22T23:00:00+00:00\",\"breadcrumb\":{\"@id\":\"https:\\\/\\\/acninternational.org\\\/es\\\/republica-democratica-del-congo-la-poblacion-esta-viviendo-un-calvario-2\\\/#breadcrumb\"},\"inLanguage\":\"es\",\"potentialAction\":[{\"@type\":\"ReadAction\",\"target\":[\"https:\\\/\\\/acninternational.org\\\/es\\\/republica-democratica-del-congo-la-poblacion-esta-viviendo-un-calvario-2\\\/\"]}]},{\"@type\":\"ImageObject\",\"inLanguage\":\"es\",\"@id\":\"https:\\\/\\\/acninternational.org\\\/es\\\/republica-democratica-del-congo-la-poblacion-esta-viviendo-un-calvario-2\\\/#primaryimage\",\"url\":\"https:\\\/\\\/media.acninternational.org\\\/wp-content\\\/uploads\\\/2019\\\/11\\\/Rep%C3%BAblica-Democr%C3%A1tica-del-Congo-%C2%A1la-poblaci%C3%B3n-est%C3%A1-viviendo-un-calvario-image.jpg\",\"contentUrl\":\"https:\\\/\\\/media.acninternational.org\\\/wp-content\\\/uploads\\\/2019\\\/11\\\/Rep%C3%BAblica-Democr%C3%A1tica-del-Congo-%C2%A1la-poblaci%C3%B3n-est%C3%A1-viviendo-un-calvario-image.jpg\",\"width\":1920,\"height\":1080,\"caption\":\"Rep\u00fablica Democr\u00e1tica del Congo: \u00a1la poblaci\u00f3n est\u00e1 viviendo un calvario!\"},{\"@type\":\"BreadcrumbList\",\"@id\":\"https:\\\/\\\/acninternational.org\\\/es\\\/republica-democratica-del-congo-la-poblacion-esta-viviendo-un-calvario-2\\\/#breadcrumb\",\"itemListElement\":[{\"@type\":\"ListItem\",\"position\":1,\"name\":\"Home\",\"item\":\"https:\\\/\\\/acninternational.org\\\/es\\\/\"},{\"@type\":\"ListItem\",\"position\":2,\"name\":\"HISTORIAS\",\"item\":\"https:\\\/\\\/acninternational.org\\\/es\\\/category\\\/historias\\\/\"},{\"@type\":\"ListItem\",\"position\":3,\"name\":\"Rep\u00fablica Democr\u00e1tica del Congo: \u00a1la poblaci\u00f3n est\u00e1 viviendo un calvario!\"}]},{\"@type\":\"WebSite\",\"@id\":\"https:\\\/\\\/acninternational.org\\\/es\\\/#website\",\"url\":\"https:\\\/\\\/acninternational.org\\\/es\\\/\",\"name\":\"ACN International\",\"description\":\"\",\"publisher\":{\"@id\":\"https:\\\/\\\/acninternational.org\\\/es\\\/#organization\"},\"potentialAction\":[{\"@type\":\"SearchAction\",\"target\":{\"@type\":\"EntryPoint\",\"urlTemplate\":\"https:\\\/\\\/acninternational.org\\\/es\\\/?s={search_term_string}\"},\"query-input\":{\"@type\":\"PropertyValueSpecification\",\"valueRequired\":true,\"valueName\":\"search_term_string\"}}],\"inLanguage\":\"es\"},{\"@type\":\"Organization\",\"@id\":\"https:\\\/\\\/acninternational.org\\\/es\\\/#organization\",\"name\":\"Aid to the Church in Need International\",\"url\":\"https:\\\/\\\/acninternational.org\\\/es\\\/\",\"logo\":{\"@type\":\"ImageObject\",\"inLanguage\":\"es\",\"@id\":\"https:\\\/\\\/acninternational.org\\\/es\\\/#\\\/schema\\\/logo\\\/image\\\/\",\"url\":\"https:\\\/\\\/media.acninternational.org\\\/wp-content\\\/uploads\\\/2019\\\/11\\\/acn_logo_blackvector.svg\",\"contentUrl\":\"https:\\\/\\\/media.acninternational.org\\\/wp-content\\\/uploads\\\/2019\\\/11\\\/acn_logo_blackvector.svg\",\"width\":232.6,\"height\":78,\"caption\":\"Aid to the Church in Need International\"},\"image\":{\"@id\":\"https:\\\/\\\/acninternational.org\\\/es\\\/#\\\/schema\\\/logo\\\/image\\\/\"},\"sameAs\":[\"https:\\\/\\\/www.facebook.com\\\/acninternationalorg\",\"https:\\\/\\\/x.com\\\/acn_int\",\"https:\\\/\\\/www.youtube.com\\\/channel\\\/UCQ-077gS0TnVzkhHmf1opZw\",\"https:\\\/\\\/www.instagram.com\\\/acn_international\\\/\"]},{\"@type\":\"Person\",\"@id\":\"https:\\\/\\\/acninternational.org\\\/es\\\/#\\\/schema\\\/person\\\/5a7468d38fb12b1976b6eeda95c21ebc\",\"name\":\"admin_acn\",\"url\":\"https:\\\/\\\/acninternational.org\\\/es\\\/author\\\/admin_acn\\\/\"}]}<\/script>\n<!-- \/ Yoast SEO Premium plugin. -->","yoast_head_json":{"title":"Rep\u00fablica Democr\u00e1tica del Congo: \u00a1la poblaci\u00f3n est\u00e1 viviendo un calvario! | ACN International","robots":{"index":"index","follow":"follow","max-snippet":"max-snippet:-1","max-image-preview":"max-image-preview:large","max-video-preview":"max-video-preview:-1"},"canonical":"https:\/\/acninternational.org\/es\/republica-democratica-del-congo-la-poblacion-esta-viviendo-un-calvario-2\/","og_locale":"es_ES","og_type":"article","og_title":"Rep\u00fablica Democr\u00e1tica del Congo: \u00a1la poblaci\u00f3n est\u00e1 viviendo un calvario!","og_description":"Desde mediados de los a\u00f1os 90, regiones completas de la Rep\u00fablica Democr\u00e1tica del Congo (RDC), sobre todo al este del","og_url":"https:\/\/acninternational.org\/es\/republica-democratica-del-congo-la-poblacion-esta-viviendo-un-calvario-2\/","og_site_name":"ACN International","article_publisher":"https:\/\/www.facebook.com\/acninternationalorg","article_published_time":"2018-03-22T23:00:00+00:00","og_image":[{"width":1920,"height":1080,"url":"https:\/\/media.acninternational.org\/wp-content\/uploads\/2019\/11\/Rep%C3%BAblica-Democr%C3%A1tica-del-Congo-%C2%A1la-poblaci%C3%B3n-est%C3%A1-viviendo-un-calvario-image.jpg","type":"image\/jpeg"}],"author":"admin_acn","twitter_card":"summary_large_image","twitter_creator":"@acn_int","twitter_site":"@acn_int","twitter_misc":{"Escrito por":"admin_acn","Tiempo de lectura":"4 minutos"},"schema":{"@context":"https:\/\/schema.org","@graph":[{"@type":"Article","@id":"https:\/\/acninternational.org\/es\/republica-democratica-del-congo-la-poblacion-esta-viviendo-un-calvario-2\/#article","isPartOf":{"@id":"https:\/\/acninternational.org\/es\/republica-democratica-del-congo-la-poblacion-esta-viviendo-un-calvario-2\/"},"author":{"name":"admin_acn","@id":"https:\/\/acninternational.org\/es\/#\/schema\/person\/5a7468d38fb12b1976b6eeda95c21ebc"},"headline":"Rep\u00fablica Democr\u00e1tica del Congo: \u00a1la poblaci\u00f3n est\u00e1 viviendo un calvario!","datePublished":"2018-03-22T23:00:00+00:00","mainEntityOfPage":{"@id":"https:\/\/acninternational.org\/es\/republica-democratica-del-congo-la-poblacion-esta-viviendo-un-calvario-2\/"},"wordCount":776,"commentCount":0,"publisher":{"@id":"https:\/\/acninternational.org\/es\/#organization"},"image":{"@id":"https:\/\/acninternational.org\/es\/republica-democratica-del-congo-la-poblacion-esta-viviendo-un-calvario-2\/#primaryimage"},"thumbnailUrl":"https:\/\/media.acninternational.org\/wp-content\/uploads\/2019\/11\/Rep%C3%BAblica-Democr%C3%A1tica-del-Congo-%C2%A1la-poblaci%C3%B3n-est%C3%A1-viviendo-un-calvario-image.jpg","articleSection":["HISTORIAS"],"inLanguage":"es","potentialAction":[{"@type":"CommentAction","name":"Comment","target":["https:\/\/acninternational.org\/es\/republica-democratica-del-congo-la-poblacion-esta-viviendo-un-calvario-2\/#respond"]}]},{"@type":"WebPage","@id":"https:\/\/acninternational.org\/es\/republica-democratica-del-congo-la-poblacion-esta-viviendo-un-calvario-2\/","url":"https:\/\/acninternational.org\/es\/republica-democratica-del-congo-la-poblacion-esta-viviendo-un-calvario-2\/","name":"Rep\u00fablica Democr\u00e1tica del Congo: \u00a1la poblaci\u00f3n est\u00e1 viviendo un calvario! | ACN International","isPartOf":{"@id":"https:\/\/acninternational.org\/es\/#website"},"primaryImageOfPage":{"@id":"https:\/\/acninternational.org\/es\/republica-democratica-del-congo-la-poblacion-esta-viviendo-un-calvario-2\/#primaryimage"},"image":{"@id":"https:\/\/acninternational.org\/es\/republica-democratica-del-congo-la-poblacion-esta-viviendo-un-calvario-2\/#primaryimage"},"thumbnailUrl":"https:\/\/media.acninternational.org\/wp-content\/uploads\/2019\/11\/Rep%C3%BAblica-Democr%C3%A1tica-del-Congo-%C2%A1la-poblaci%C3%B3n-est%C3%A1-viviendo-un-calvario-image.jpg","datePublished":"2018-03-22T23:00:00+00:00","breadcrumb":{"@id":"https:\/\/acninternational.org\/es\/republica-democratica-del-congo-la-poblacion-esta-viviendo-un-calvario-2\/#breadcrumb"},"inLanguage":"es","potentialAction":[{"@type":"ReadAction","target":["https:\/\/acninternational.org\/es\/republica-democratica-del-congo-la-poblacion-esta-viviendo-un-calvario-2\/"]}]},{"@type":"ImageObject","inLanguage":"es","@id":"https:\/\/acninternational.org\/es\/republica-democratica-del-congo-la-poblacion-esta-viviendo-un-calvario-2\/#primaryimage","url":"https:\/\/media.acninternational.org\/wp-content\/uploads\/2019\/11\/Rep%C3%BAblica-Democr%C3%A1tica-del-Congo-%C2%A1la-poblaci%C3%B3n-est%C3%A1-viviendo-un-calvario-image.jpg","contentUrl":"https:\/\/media.acninternational.org\/wp-content\/uploads\/2019\/11\/Rep%C3%BAblica-Democr%C3%A1tica-del-Congo-%C2%A1la-poblaci%C3%B3n-est%C3%A1-viviendo-un-calvario-image.jpg","width":1920,"height":1080,"caption":"Rep\u00fablica Democr\u00e1tica del Congo: \u00a1la poblaci\u00f3n est\u00e1 viviendo un calvario!"},{"@type":"BreadcrumbList","@id":"https:\/\/acninternational.org\/es\/republica-democratica-del-congo-la-poblacion-esta-viviendo-un-calvario-2\/#breadcrumb","itemListElement":[{"@type":"ListItem","position":1,"name":"Home","item":"https:\/\/acninternational.org\/es\/"},{"@type":"ListItem","position":2,"name":"HISTORIAS","item":"https:\/\/acninternational.org\/es\/category\/historias\/"},{"@type":"ListItem","position":3,"name":"Rep\u00fablica Democr\u00e1tica del Congo: \u00a1la poblaci\u00f3n est\u00e1 viviendo un calvario!"}]},{"@type":"WebSite","@id":"https:\/\/acninternational.org\/es\/#website","url":"https:\/\/acninternational.org\/es\/","name":"ACN International","description":"","publisher":{"@id":"https:\/\/acninternational.org\/es\/#organization"},"potentialAction":[{"@type":"SearchAction","target":{"@type":"EntryPoint","urlTemplate":"https:\/\/acninternational.org\/es\/?s={search_term_string}"},"query-input":{"@type":"PropertyValueSpecification","valueRequired":true,"valueName":"search_term_string"}}],"inLanguage":"es"},{"@type":"Organization","@id":"https:\/\/acninternational.org\/es\/#organization","name":"Aid to the Church in Need International","url":"https:\/\/acninternational.org\/es\/","logo":{"@type":"ImageObject","inLanguage":"es","@id":"https:\/\/acninternational.org\/es\/#\/schema\/logo\/image\/","url":"https:\/\/media.acninternational.org\/wp-content\/uploads\/2019\/11\/acn_logo_blackvector.svg","contentUrl":"https:\/\/media.acninternational.org\/wp-content\/uploads\/2019\/11\/acn_logo_blackvector.svg","width":232.6,"height":78,"caption":"Aid to the Church in Need International"},"image":{"@id":"https:\/\/acninternational.org\/es\/#\/schema\/logo\/image\/"},"sameAs":["https:\/\/www.facebook.com\/acninternationalorg","https:\/\/x.com\/acn_int","https:\/\/www.youtube.com\/channel\/UCQ-077gS0TnVzkhHmf1opZw","https:\/\/www.instagram.com\/acn_international\/"]},{"@type":"Person","@id":"https:\/\/acninternational.org\/es\/#\/schema\/person\/5a7468d38fb12b1976b6eeda95c21ebc","name":"admin_acn","url":"https:\/\/acninternational.org\/es\/author\/admin_acn\/"}]}},"_links":{"self":[{"href":"https:\/\/acninternational.org\/es\/wp-json\/wp\/v2\/posts\/118896","targetHints":{"allow":["GET"]}}],"collection":[{"href":"https:\/\/acninternational.org\/es\/wp-json\/wp\/v2\/posts"}],"about":[{"href":"https:\/\/acninternational.org\/es\/wp-json\/wp\/v2\/types\/post"}],"author":[{"embeddable":true,"href":"https:\/\/acninternational.org\/es\/wp-json\/wp\/v2\/users\/1"}],"replies":[{"embeddable":true,"href":"https:\/\/acninternational.org\/es\/wp-json\/wp\/v2\/comments?post=118896"}],"version-history":[{"count":0,"href":"https:\/\/acninternational.org\/es\/wp-json\/wp\/v2\/posts\/118896\/revisions"}],"wp:featuredmedia":[{"embeddable":true,"href":"https:\/\/acninternational.org\/es\/wp-json\/wp\/v2\/media\/118805"}],"wp:attachment":[{"href":"https:\/\/acninternational.org\/es\/wp-json\/wp\/v2\/media?parent=118896"}],"wp:term":[{"taxonomy":"category","embeddable":true,"href":"https:\/\/acninternational.org\/es\/wp-json\/wp\/v2\/categories?post=118896"},{"taxonomy":"post_tag","embeddable":true,"href":"https:\/\/acninternational.org\/es\/wp-json\/wp\/v2\/tags?post=118896"},{"taxonomy":"country","embeddable":true,"href":"https:\/\/acninternational.org\/es\/wp-json\/wp\/v2\/country?post=118896"}],"curies":[{"name":"wp","href":"https:\/\/api.w.org\/{rel}","templated":true}]}}