{"id":118878,"date":"2018-03-02T00:00:00","date_gmt":"2018-03-01T23:00:00","guid":{"rendered":"https:\/\/acninternational.org\/corea-que-pasara-con-el-romance-olimpico-entre-las-dos-coreas-una-vez-que-se-haya-apagado-el-fuego-olimpico-2\/"},"modified":"2018-03-02T00:00:00","modified_gmt":"2018-03-01T23:00:00","slug":"corea-que-pasara-con-el-romance-olimpico-entre-las-dos-coreas-una-vez-que-se-haya-apagado-el-fuego-olimpico-2","status":"publish","type":"post","link":"https:\/\/acninternational.org\/es\/corea-que-pasara-con-el-romance-olimpico-entre-las-dos-coreas-una-vez-que-se-haya-apagado-el-fuego-olimpico-2\/","title":{"rendered":"COREA: \u00bfQu\u00e9 pasar\u00e1 con el romance ol\u00edmpico entre las dos Coreas, una vez que se haya apagado el fuego ol\u00edmpico?"},"content":{"rendered":"<p><em>Nunca antes, los Juegos Ol\u00edmpicos de invierno hab\u00edan estado bajo una dependencia tan grande de la pol\u00edtica actual como los reci\u00e9n celebrados en Pieongchang. Mar\u00eda Lozano ha hablado Johannes Klausa, Director de la oficina de Aid to the Church in Need de Corea del Sur en Se\u00fal, sobre el fr\u00e1gil acercamiento entre Corea del Sur y del Norte y sobre la situaci\u00f3n de los cristianos.\u00a0 <\/em><br \/>\n<strong>Los Juegos Ol\u00edmpicos acaban de terminar. Algunos han calificado Pieongchang como una muestra hist\u00f3rica de unidad. \u00bfQu\u00e9 resumen hace usted?\u00a0 <\/strong><br \/>\nA pesar de todas las tensiones y problemas sin resolver, el esp\u00edritu ol\u00edmpico ha unido un poco &#8211; y por un momento &#8211; a la Corea dividida. En la ceremonia de inauguraci\u00f3n desfilaron deportistas del norte y del sur bajo la misma bandera. Incluso particip\u00f3 un equipo femenino pancoreano de hockey sobre hielo, formado poco antes. Si bien deportivamente brill\u00f3 m\u00e1s bien poco \u2014recibi\u00f3 28 goles en contra en cinco partidos\u2014, conquist\u00f3 los titulares a nivel internacional: que se hubiera podido formar ese equipo el fue un gran \u00e9xito. Poco antes, se esperaba con ocasi\u00f3n de los Juegos Ol\u00edmpicos de Piongyang m\u00e1s bien bombas que deportistas.<br \/>\n<strong>\u00bfCree que este acercamiento ser\u00e1 duradero? <\/strong><br \/>\nHabr\u00e1 que ver si el acercamiento entre las dos Coreas observado en el campo de deportes durar\u00e1 despu\u00e9s de los Juegos Ol\u00edmpicos y Paral\u00edmpicos. Al menos, durante la inauguraci\u00f3n no solo se dieron la mano \u2014lo que tuvo un gran eco\u2014 el Presidente de Corea del Sur, Moon Jae-in, y la hermana del dictador norcoreano Kim Yo Jong, sino que asimismo hubo un apret\u00f3n de manos \u2014no menos notable\u2014 entre el Presidente surcoreano y el Presidente nominal de Corea del Norte, Kim Young Nam. Ahora bien, todo eso se produjo bajo la mirada esc\u00e9ptica del Vicepresidente de Estados Unidos, Mike Pence, que evit\u00f3 en la medida de lo posible asistir a tales muestras de reconciliaci\u00f3n. Tambi\u00e9n esto es notable y un motivo de preocupaci\u00f3n de que \u00abeste fr\u00e1gil inicio de un di\u00e1logo intercoreano\u00bb, como denomin\u00f3 recientemente ese precavido acercamiento Hartmut Koschyk, experto en Corea, pueda ser \u00abpisoteado\u00bb incluso antes de comenzar una aut\u00e9ntica primavera coreana.<br \/>\n<strong>\u00bfQu\u00e9 quiere decir con eso? \u00bfPiensa que pronto puedan producirse de nuevo maniobras militares y pruebas con misiles?<\/strong><br \/>\nDesgraciadamente no puede excluirse que ese intermedio p\u00fablico de un romance ol\u00edmpico entre las dos Coreas pueda finalizar r\u00e1pidamente. Es dudoso que, a corto plazo, vaya a producirse un di\u00e1logo digno de tomarse en serio y quiz\u00e1 incluso conversaciones directas entre Estados Unidos y Corea del Norte. Desgraciadamente no pueden obviarse los argumentos de los que se muestran favorables a actuar con dureza frente al norte. Sin embargo, si se quiere seriamente conseguir una soluci\u00f3n duradera y un aut\u00e9ntico cambio de la situaci\u00f3n en la pen\u00ednsula coreana, todos los caminos pasan \u2014en mi opini\u00f3n\u2014 por el di\u00e1logo, la creaci\u00f3n de confianza mutua y la firma de un tratado de paz. As\u00ed finalizar\u00eda tambi\u00e9n formalmente la Guerra de Corea, pues hasta ahora solo ha habido un armisticio. Una soluci\u00f3n militar habr\u00eda de rechazarse, ya solo por el n\u00famero de v\u00edctimas que ser\u00edan de esperan tanto en Corea del Norte como del Sur; no debe ser una opci\u00f3n a tomar en serio. Adem\u00e1s, espero que al menos se mantengan abiertos los canales intracoreanos de comunicaci\u00f3n que se han activado de nuevo ahora, una vez que se haya apagado el fuego ol\u00edmpico y quiz\u00e1 que, entre bastidores, se sienten con \u00e9xito las bases para un futuro mejor. En este caso, los Juegos Ol\u00edmpicos habr\u00edan ofrecido realmente una salida \u2014que se necesita con urgencia\u2014 de una situaci\u00f3n que se hallaba en un punto muerto.<br \/>\n<strong>\u00bfEn su opini\u00f3n, qu\u00e9 ha llegado hasta la poblaci\u00f3n norcoreana de todo lo acaecido en las \u00faltimas semanas en Pieongchang?<\/strong><br \/>\nDesde aqu\u00ed es muy dif\u00edcil de dilucidar si se han enterado de algo y, en caso positivo, de cu\u00e1nto. Del mismo modo, hay que tener mucho cuidado, en general, con afirmaciones sobre la situaci\u00f3n actual en Corea del Norte.<br \/>\n<strong>Aunque la informaci\u00f3n sea muy escasa, s\u00ed sabemos que en el pasado han sufrido cosas horribles no solo personas de ideas diferentes a las oficiales, sino tambi\u00e9n cristianos. \u00bfQu\u00e9 puede decir sobre la situaci\u00f3n de los cristianos en ese pa\u00eds?<\/strong><br \/>\nQue a comienzos de los a\u00f1os cincuenta el r\u00e9gimen norcoreano cometi\u00f3 cr\u00edmenes horrendos contra cristianos, por ejemplo los m\u00e1rtires de Tokwon, es algo suficientemente probado. Pienso que todos nosotros conocemos tambi\u00e9n historias desgarradoras de norcoreanos que han logrado huir y los informes y rankings sobre persecuciones de cristianos que elaboran prestigiosas ONGs. Pero lo que pudiera suceder actualmente en Corea del Norte es algo que no me atrevo a juzgar. Sin embargo, parto de la base de que la ideolog\u00eda estatal y la propaganda oficial desde hace ya tres generaciones han oprimido en gran parte la fe cristiana en el pa\u00eds, y la ha sustituido. Adem\u00e1s, temo que la doctrina y el simbolismo cristianos se han convertido en algo extra\u00f1o para la mayor\u00eda de los norcoreanos. Posiblemente se haya trasmitido en lo oculto, en el c\u00edrculo familiar, una peque\u00f1a llama de la fe y as\u00ed haya sobrevivido. Piongyang fue denominado en el pasado la Jerusal\u00e9n del Este. Hoy en d\u00eda solo hay ya cuatro iglesias oficiales, y sus directivos y fieles han de mostrar diariamente que son ciudadanos fieles y patriotas. De lo contrario no podr\u00edan vivir en la capital. Sin embargo, no podemos leer en sus corazones. \u00bfQui\u00e9nes somos nosotros para atrevernos a juzgar su fe? Por lo que s\u00e9, algunos miembros de las comunidades de Piongyang fueron bautizados antes de la divisi\u00f3n de Corea.<br \/>\n<strong>Usted ha estado con diferentes delegaciones de su organizaci\u00f3n, Aid to the Church in Need, tambi\u00e9n en la frontera intercoreana y en los barracones azules de \u00abPanmunjeom\u00bb, dentro de la denominada zona desmilitarizada (DMZ), donde se re\u00fanen para negociar el sur y el norte, y donde se encuentra la frontera entre los dos pa\u00edses. \u00bfQu\u00e9 sensaciones tuvo? <\/strong><br \/>\nPara m\u00ed, es algo muy emotivo cada vez. He tenido ocasi\u00f3n de visitar el mismo lugar por los dos lados, guiado tanto en uno como en el otro lado, por coreanos de uniformes diferentes, pero que en muchos puntos sustanciales se parec\u00edan mucho. Los j\u00f3venes soldados que se enfrentan d\u00eda a d\u00eda son hermanos que no se conocen y que han sido entrenados para odiarse mutuamente. En mis visitas en el \u00e1rea fronteriza, esto es algo que he podido apreciar dolorosamente.<br \/>\n<strong>Desde finales de \u00a02015, La Fundaci\u00f3n Pontificia ACN trabaja oficialmente en Corea del Sur. \u00bfC\u00f3mo est\u00e1 considerada la labor de ACN en el pa\u00eds? \u00bfA qu\u00e9 pa\u00edses prestan actualmente m\u00e1s su atenci\u00f3n? <\/strong><br \/>\nLa oficina de ACN en Corea es todav\u00eda bastante reciente, pero la historia com\u00fan entre la Fundaci\u00f3n y Corea se remonta a comienzos de los a\u00f1os sesenta. Nuestro Fundador, el padre Werenfried van Straaten, visit\u00f3 Corea del Sur en varias ocasiones cuando estaba completamente en ruinas tras la guerra. Recolect\u00f3 donativos en Europa tambi\u00e9n para Corea, y estos ayudaron al pa\u00eds y a la Iglesia a levantarse. Eso es lo que intento recordar a los coreanos. Conocen bien la pobreza, la guerra y la persecuci\u00f3n por su propia historia, por lo que pueden identificarse f\u00e1cilmente con la Iglesia que sufre hoy en d\u00eda. Adem\u00e1s est\u00e1n orgullosos, con raz\u00f3n, del desarrollo de su pa\u00eds y de que han conseguido dar el salto de receptores de ayudas a benefactores. El pasado a\u00f1o habl\u00e9 aqu\u00ed sobre todo de mis impresiones personales sobre los proyectos de ACN en Irak, L\u00edbano, Pakist\u00e1n y Nigeria. A estos pa\u00edses, pero naturalmente tambi\u00e9n a la insoportable situaci\u00f3n en Siria, nos referimos desde aqu\u00ed muchas veces. En esta cuaresma miramos muy especialmente a India. El Santo Padre ha encargado a los creyentes coreanos que se ocupen en particular de sus hermanos en la fe de Asia y que sean una luz para ellos. En eso, ACN puede ayudar a Corea.<\/p>\n","protected":false},"excerpt":{"rendered":"<p>Nunca antes, los Juegos Ol\u00edmpicos de invierno hab\u00edan estado bajo una dependencia tan grande de la pol\u00edtica actual como los<\/p>\n","protected":false},"author":1,"featured_media":118520,"comment_status":"open","ping_status":"open","sticky":false,"template":"","format":"standard","meta":{"_acf_changed":false,"_acn_coauthor_ids":[],"_acn_featured_article":false,"footnotes":""},"categories":[586],"tags":[],"country":[],"class_list":["post-118878","post","type-post","status-publish","format-standard","has-post-thumbnail","hentry","category-interviews"],"acn_coauthors":[],"acf":[],"yoast_head":"<!-- This site is optimized with the Yoast SEO Premium plugin v27.5 (Yoast SEO v27.5) - https:\/\/yoast.com\/product\/yoast-seo-premium-wordpress\/ -->\n<title>COREA: \u00bfQu\u00e9 pasar\u00e1 con el romance ol\u00edmpico entre las dos Coreas, una vez que se haya apagado el fuego ol\u00edmpico? | ACN International<\/title>\n<meta name=\"robots\" content=\"index, follow, max-snippet:-1, max-image-preview:large, max-video-preview:-1\" \/>\n<link rel=\"canonical\" href=\"https:\/\/acninternational.org\/es\/corea-que-pasara-con-el-romance-olimpico-entre-las-dos-coreas-una-vez-que-se-haya-apagado-el-fuego-olimpico-2\/\" \/>\n<meta property=\"og:locale\" content=\"es_ES\" \/>\n<meta property=\"og:type\" content=\"article\" \/>\n<meta property=\"og:title\" content=\"COREA: \u00bfQu\u00e9 pasar\u00e1 con el romance ol\u00edmpico entre las dos Coreas, una vez que se haya apagado el fuego ol\u00edmpico?\" \/>\n<meta property=\"og:description\" content=\"Nunca antes, los Juegos Ol\u00edmpicos de invierno hab\u00edan estado bajo una dependencia tan grande de la pol\u00edtica actual como los\" \/>\n<meta property=\"og:url\" content=\"https:\/\/acninternational.org\/es\/corea-que-pasara-con-el-romance-olimpico-entre-las-dos-coreas-una-vez-que-se-haya-apagado-el-fuego-olimpico-2\/\" \/>\n<meta property=\"og:site_name\" content=\"ACN International\" \/>\n<meta property=\"article:publisher\" content=\"https:\/\/www.facebook.com\/acninternationalorg\" \/>\n<meta property=\"article:published_time\" content=\"2018-03-01T23:00:00+00:00\" \/>\n<meta property=\"og:image\" content=\"https:\/\/media.acninternational.org\/wp-content\/uploads\/2019\/11\/COREA-%C2%BFQu%C3%A9-pasar%C3%A1-con-el-romance-ol%C3%ADmpico-entre-las-dos-Coreas-una-vez-que-se-haya-apagado-el-fuego-ol%C3%ADmpico-image.jpg\" \/>\n\t<meta property=\"og:image:width\" content=\"1920\" \/>\n\t<meta property=\"og:image:height\" content=\"1080\" \/>\n\t<meta property=\"og:image:type\" content=\"image\/jpeg\" \/>\n<meta name=\"author\" content=\"admin_acn\" \/>\n<meta name=\"twitter:card\" content=\"summary_large_image\" \/>\n<meta name=\"twitter:creator\" content=\"@acn_int\" \/>\n<meta name=\"twitter:site\" content=\"@acn_int\" \/>\n<meta name=\"twitter:label1\" content=\"Escrito por\" \/>\n\t<meta name=\"twitter:data1\" content=\"admin_acn\" \/>\n\t<meta name=\"twitter:label2\" content=\"Tiempo de lectura\" \/>\n\t<meta name=\"twitter:data2\" content=\"7 minutos\" \/>\n<script type=\"application\/ld+json\" class=\"yoast-schema-graph\">{\"@context\":\"https:\\\/\\\/schema.org\",\"@graph\":[{\"@type\":\"Article\",\"@id\":\"https:\\\/\\\/acninternational.org\\\/es\\\/corea-que-pasara-con-el-romance-olimpico-entre-las-dos-coreas-una-vez-que-se-haya-apagado-el-fuego-olimpico-2\\\/#article\",\"isPartOf\":{\"@id\":\"https:\\\/\\\/acninternational.org\\\/es\\\/corea-que-pasara-con-el-romance-olimpico-entre-las-dos-coreas-una-vez-que-se-haya-apagado-el-fuego-olimpico-2\\\/\"},\"author\":{\"name\":\"admin_acn\",\"@id\":\"https:\\\/\\\/acninternational.org\\\/es\\\/#\\\/schema\\\/person\\\/5a7468d38fb12b1976b6eeda95c21ebc\"},\"headline\":\"COREA: \u00bfQu\u00e9 pasar\u00e1 con el romance ol\u00edmpico entre las dos Coreas, una vez que se haya apagado el fuego ol\u00edmpico?\",\"datePublished\":\"2018-03-01T23:00:00+00:00\",\"mainEntityOfPage\":{\"@id\":\"https:\\\/\\\/acninternational.org\\\/es\\\/corea-que-pasara-con-el-romance-olimpico-entre-las-dos-coreas-una-vez-que-se-haya-apagado-el-fuego-olimpico-2\\\/\"},\"wordCount\":1440,\"commentCount\":0,\"publisher\":{\"@id\":\"https:\\\/\\\/acninternational.org\\\/es\\\/#organization\"},\"image\":{\"@id\":\"https:\\\/\\\/acninternational.org\\\/es\\\/corea-que-pasara-con-el-romance-olimpico-entre-las-dos-coreas-una-vez-que-se-haya-apagado-el-fuego-olimpico-2\\\/#primaryimage\"},\"thumbnailUrl\":\"https:\\\/\\\/media.acninternational.org\\\/wp-content\\\/uploads\\\/2019\\\/11\\\/COREA-%C2%BFQu%C3%A9-pasar%C3%A1-con-el-romance-ol%C3%ADmpico-entre-las-dos-Coreas-una-vez-que-se-haya-apagado-el-fuego-ol%C3%ADmpico-image.jpg\",\"articleSection\":[\"Interviews\"],\"inLanguage\":\"es\",\"potentialAction\":[{\"@type\":\"CommentAction\",\"name\":\"Comment\",\"target\":[\"https:\\\/\\\/acninternational.org\\\/es\\\/corea-que-pasara-con-el-romance-olimpico-entre-las-dos-coreas-una-vez-que-se-haya-apagado-el-fuego-olimpico-2\\\/#respond\"]}]},{\"@type\":\"WebPage\",\"@id\":\"https:\\\/\\\/acninternational.org\\\/es\\\/corea-que-pasara-con-el-romance-olimpico-entre-las-dos-coreas-una-vez-que-se-haya-apagado-el-fuego-olimpico-2\\\/\",\"url\":\"https:\\\/\\\/acninternational.org\\\/es\\\/corea-que-pasara-con-el-romance-olimpico-entre-las-dos-coreas-una-vez-que-se-haya-apagado-el-fuego-olimpico-2\\\/\",\"name\":\"COREA: \u00bfQu\u00e9 pasar\u00e1 con el romance ol\u00edmpico entre las dos Coreas, una vez que se haya apagado el fuego ol\u00edmpico? | ACN International\",\"isPartOf\":{\"@id\":\"https:\\\/\\\/acninternational.org\\\/es\\\/#website\"},\"primaryImageOfPage\":{\"@id\":\"https:\\\/\\\/acninternational.org\\\/es\\\/corea-que-pasara-con-el-romance-olimpico-entre-las-dos-coreas-una-vez-que-se-haya-apagado-el-fuego-olimpico-2\\\/#primaryimage\"},\"image\":{\"@id\":\"https:\\\/\\\/acninternational.org\\\/es\\\/corea-que-pasara-con-el-romance-olimpico-entre-las-dos-coreas-una-vez-que-se-haya-apagado-el-fuego-olimpico-2\\\/#primaryimage\"},\"thumbnailUrl\":\"https:\\\/\\\/media.acninternational.org\\\/wp-content\\\/uploads\\\/2019\\\/11\\\/COREA-%C2%BFQu%C3%A9-pasar%C3%A1-con-el-romance-ol%C3%ADmpico-entre-las-dos-Coreas-una-vez-que-se-haya-apagado-el-fuego-ol%C3%ADmpico-image.jpg\",\"datePublished\":\"2018-03-01T23:00:00+00:00\",\"breadcrumb\":{\"@id\":\"https:\\\/\\\/acninternational.org\\\/es\\\/corea-que-pasara-con-el-romance-olimpico-entre-las-dos-coreas-una-vez-que-se-haya-apagado-el-fuego-olimpico-2\\\/#breadcrumb\"},\"inLanguage\":\"es\",\"potentialAction\":[{\"@type\":\"ReadAction\",\"target\":[\"https:\\\/\\\/acninternational.org\\\/es\\\/corea-que-pasara-con-el-romance-olimpico-entre-las-dos-coreas-una-vez-que-se-haya-apagado-el-fuego-olimpico-2\\\/\"]}]},{\"@type\":\"ImageObject\",\"inLanguage\":\"es\",\"@id\":\"https:\\\/\\\/acninternational.org\\\/es\\\/corea-que-pasara-con-el-romance-olimpico-entre-las-dos-coreas-una-vez-que-se-haya-apagado-el-fuego-olimpico-2\\\/#primaryimage\",\"url\":\"https:\\\/\\\/media.acninternational.org\\\/wp-content\\\/uploads\\\/2019\\\/11\\\/COREA-%C2%BFQu%C3%A9-pasar%C3%A1-con-el-romance-ol%C3%ADmpico-entre-las-dos-Coreas-una-vez-que-se-haya-apagado-el-fuego-ol%C3%ADmpico-image.jpg\",\"contentUrl\":\"https:\\\/\\\/media.acninternational.org\\\/wp-content\\\/uploads\\\/2019\\\/11\\\/COREA-%C2%BFQu%C3%A9-pasar%C3%A1-con-el-romance-ol%C3%ADmpico-entre-las-dos-Coreas-una-vez-que-se-haya-apagado-el-fuego-ol%C3%ADmpico-image.jpg\",\"width\":1920,\"height\":1080,\"caption\":\"COREA: \u00bfQu\u00e9 pasar\u00e1 con el romance ol\u00edmpico entre las dos Coreas, una vez que se haya apagado el fuego ol\u00edmpico?\"},{\"@type\":\"BreadcrumbList\",\"@id\":\"https:\\\/\\\/acninternational.org\\\/es\\\/corea-que-pasara-con-el-romance-olimpico-entre-las-dos-coreas-una-vez-que-se-haya-apagado-el-fuego-olimpico-2\\\/#breadcrumb\",\"itemListElement\":[{\"@type\":\"ListItem\",\"position\":1,\"name\":\"Home\",\"item\":\"https:\\\/\\\/acninternational.org\\\/es\\\/\"},{\"@type\":\"ListItem\",\"position\":2,\"name\":\"INTERVIEWS\",\"item\":\"https:\\\/\\\/acninternational.org\\\/es\\\/category\\\/interviews-es\\\/\"},{\"@type\":\"ListItem\",\"position\":3,\"name\":\"COREA: \u00bfQu\u00e9 pasar\u00e1 con el romance ol\u00edmpico entre las dos Coreas, una vez que se haya apagado el fuego ol\u00edmpico?\"}]},{\"@type\":\"WebSite\",\"@id\":\"https:\\\/\\\/acninternational.org\\\/es\\\/#website\",\"url\":\"https:\\\/\\\/acninternational.org\\\/es\\\/\",\"name\":\"ACN International\",\"description\":\"\",\"publisher\":{\"@id\":\"https:\\\/\\\/acninternational.org\\\/es\\\/#organization\"},\"potentialAction\":[{\"@type\":\"SearchAction\",\"target\":{\"@type\":\"EntryPoint\",\"urlTemplate\":\"https:\\\/\\\/acninternational.org\\\/es\\\/?s={search_term_string}\"},\"query-input\":{\"@type\":\"PropertyValueSpecification\",\"valueRequired\":true,\"valueName\":\"search_term_string\"}}],\"inLanguage\":\"es\"},{\"@type\":\"Organization\",\"@id\":\"https:\\\/\\\/acninternational.org\\\/es\\\/#organization\",\"name\":\"Aid to the Church in Need International\",\"url\":\"https:\\\/\\\/acninternational.org\\\/es\\\/\",\"logo\":{\"@type\":\"ImageObject\",\"inLanguage\":\"es\",\"@id\":\"https:\\\/\\\/acninternational.org\\\/es\\\/#\\\/schema\\\/logo\\\/image\\\/\",\"url\":\"https:\\\/\\\/media.acninternational.org\\\/wp-content\\\/uploads\\\/2019\\\/11\\\/acn_logo_blackvector.svg\",\"contentUrl\":\"https:\\\/\\\/media.acninternational.org\\\/wp-content\\\/uploads\\\/2019\\\/11\\\/acn_logo_blackvector.svg\",\"width\":232.6,\"height\":78,\"caption\":\"Aid to the Church in Need International\"},\"image\":{\"@id\":\"https:\\\/\\\/acninternational.org\\\/es\\\/#\\\/schema\\\/logo\\\/image\\\/\"},\"sameAs\":[\"https:\\\/\\\/www.facebook.com\\\/acninternationalorg\",\"https:\\\/\\\/x.com\\\/acn_int\",\"https:\\\/\\\/www.youtube.com\\\/channel\\\/UCQ-077gS0TnVzkhHmf1opZw\",\"https:\\\/\\\/www.instagram.com\\\/acn_international\\\/\"]},{\"@type\":\"Person\",\"@id\":\"https:\\\/\\\/acninternational.org\\\/es\\\/#\\\/schema\\\/person\\\/5a7468d38fb12b1976b6eeda95c21ebc\",\"name\":\"admin_acn\",\"url\":\"https:\\\/\\\/acninternational.org\\\/es\\\/author\\\/admin_acn\\\/\"}]}<\/script>\n<!-- \/ Yoast SEO Premium plugin. -->","yoast_head_json":{"title":"COREA: \u00bfQu\u00e9 pasar\u00e1 con el romance ol\u00edmpico entre las dos Coreas, una vez que se haya apagado el fuego ol\u00edmpico? | ACN International","robots":{"index":"index","follow":"follow","max-snippet":"max-snippet:-1","max-image-preview":"max-image-preview:large","max-video-preview":"max-video-preview:-1"},"canonical":"https:\/\/acninternational.org\/es\/corea-que-pasara-con-el-romance-olimpico-entre-las-dos-coreas-una-vez-que-se-haya-apagado-el-fuego-olimpico-2\/","og_locale":"es_ES","og_type":"article","og_title":"COREA: \u00bfQu\u00e9 pasar\u00e1 con el romance ol\u00edmpico entre las dos Coreas, una vez que se haya apagado el fuego ol\u00edmpico?","og_description":"Nunca antes, los Juegos Ol\u00edmpicos de invierno hab\u00edan estado bajo una dependencia tan grande de la pol\u00edtica actual como los","og_url":"https:\/\/acninternational.org\/es\/corea-que-pasara-con-el-romance-olimpico-entre-las-dos-coreas-una-vez-que-se-haya-apagado-el-fuego-olimpico-2\/","og_site_name":"ACN International","article_publisher":"https:\/\/www.facebook.com\/acninternationalorg","article_published_time":"2018-03-01T23:00:00+00:00","og_image":[{"width":1920,"height":1080,"url":"https:\/\/media.acninternational.org\/wp-content\/uploads\/2019\/11\/COREA-%C2%BFQu%C3%A9-pasar%C3%A1-con-el-romance-ol%C3%ADmpico-entre-las-dos-Coreas-una-vez-que-se-haya-apagado-el-fuego-ol%C3%ADmpico-image.jpg","type":"image\/jpeg"}],"author":"admin_acn","twitter_card":"summary_large_image","twitter_creator":"@acn_int","twitter_site":"@acn_int","twitter_misc":{"Escrito por":"admin_acn","Tiempo de lectura":"7 minutos"},"schema":{"@context":"https:\/\/schema.org","@graph":[{"@type":"Article","@id":"https:\/\/acninternational.org\/es\/corea-que-pasara-con-el-romance-olimpico-entre-las-dos-coreas-una-vez-que-se-haya-apagado-el-fuego-olimpico-2\/#article","isPartOf":{"@id":"https:\/\/acninternational.org\/es\/corea-que-pasara-con-el-romance-olimpico-entre-las-dos-coreas-una-vez-que-se-haya-apagado-el-fuego-olimpico-2\/"},"author":{"name":"admin_acn","@id":"https:\/\/acninternational.org\/es\/#\/schema\/person\/5a7468d38fb12b1976b6eeda95c21ebc"},"headline":"COREA: \u00bfQu\u00e9 pasar\u00e1 con el romance ol\u00edmpico entre las dos Coreas, una vez que se haya apagado el fuego ol\u00edmpico?","datePublished":"2018-03-01T23:00:00+00:00","mainEntityOfPage":{"@id":"https:\/\/acninternational.org\/es\/corea-que-pasara-con-el-romance-olimpico-entre-las-dos-coreas-una-vez-que-se-haya-apagado-el-fuego-olimpico-2\/"},"wordCount":1440,"commentCount":0,"publisher":{"@id":"https:\/\/acninternational.org\/es\/#organization"},"image":{"@id":"https:\/\/acninternational.org\/es\/corea-que-pasara-con-el-romance-olimpico-entre-las-dos-coreas-una-vez-que-se-haya-apagado-el-fuego-olimpico-2\/#primaryimage"},"thumbnailUrl":"https:\/\/media.acninternational.org\/wp-content\/uploads\/2019\/11\/COREA-%C2%BFQu%C3%A9-pasar%C3%A1-con-el-romance-ol%C3%ADmpico-entre-las-dos-Coreas-una-vez-que-se-haya-apagado-el-fuego-ol%C3%ADmpico-image.jpg","articleSection":["Interviews"],"inLanguage":"es","potentialAction":[{"@type":"CommentAction","name":"Comment","target":["https:\/\/acninternational.org\/es\/corea-que-pasara-con-el-romance-olimpico-entre-las-dos-coreas-una-vez-que-se-haya-apagado-el-fuego-olimpico-2\/#respond"]}]},{"@type":"WebPage","@id":"https:\/\/acninternational.org\/es\/corea-que-pasara-con-el-romance-olimpico-entre-las-dos-coreas-una-vez-que-se-haya-apagado-el-fuego-olimpico-2\/","url":"https:\/\/acninternational.org\/es\/corea-que-pasara-con-el-romance-olimpico-entre-las-dos-coreas-una-vez-que-se-haya-apagado-el-fuego-olimpico-2\/","name":"COREA: \u00bfQu\u00e9 pasar\u00e1 con el romance ol\u00edmpico entre las dos Coreas, una vez que se haya apagado el fuego ol\u00edmpico? | ACN International","isPartOf":{"@id":"https:\/\/acninternational.org\/es\/#website"},"primaryImageOfPage":{"@id":"https:\/\/acninternational.org\/es\/corea-que-pasara-con-el-romance-olimpico-entre-las-dos-coreas-una-vez-que-se-haya-apagado-el-fuego-olimpico-2\/#primaryimage"},"image":{"@id":"https:\/\/acninternational.org\/es\/corea-que-pasara-con-el-romance-olimpico-entre-las-dos-coreas-una-vez-que-se-haya-apagado-el-fuego-olimpico-2\/#primaryimage"},"thumbnailUrl":"https:\/\/media.acninternational.org\/wp-content\/uploads\/2019\/11\/COREA-%C2%BFQu%C3%A9-pasar%C3%A1-con-el-romance-ol%C3%ADmpico-entre-las-dos-Coreas-una-vez-que-se-haya-apagado-el-fuego-ol%C3%ADmpico-image.jpg","datePublished":"2018-03-01T23:00:00+00:00","breadcrumb":{"@id":"https:\/\/acninternational.org\/es\/corea-que-pasara-con-el-romance-olimpico-entre-las-dos-coreas-una-vez-que-se-haya-apagado-el-fuego-olimpico-2\/#breadcrumb"},"inLanguage":"es","potentialAction":[{"@type":"ReadAction","target":["https:\/\/acninternational.org\/es\/corea-que-pasara-con-el-romance-olimpico-entre-las-dos-coreas-una-vez-que-se-haya-apagado-el-fuego-olimpico-2\/"]}]},{"@type":"ImageObject","inLanguage":"es","@id":"https:\/\/acninternational.org\/es\/corea-que-pasara-con-el-romance-olimpico-entre-las-dos-coreas-una-vez-que-se-haya-apagado-el-fuego-olimpico-2\/#primaryimage","url":"https:\/\/media.acninternational.org\/wp-content\/uploads\/2019\/11\/COREA-%C2%BFQu%C3%A9-pasar%C3%A1-con-el-romance-ol%C3%ADmpico-entre-las-dos-Coreas-una-vez-que-se-haya-apagado-el-fuego-ol%C3%ADmpico-image.jpg","contentUrl":"https:\/\/media.acninternational.org\/wp-content\/uploads\/2019\/11\/COREA-%C2%BFQu%C3%A9-pasar%C3%A1-con-el-romance-ol%C3%ADmpico-entre-las-dos-Coreas-una-vez-que-se-haya-apagado-el-fuego-ol%C3%ADmpico-image.jpg","width":1920,"height":1080,"caption":"COREA: \u00bfQu\u00e9 pasar\u00e1 con el romance ol\u00edmpico entre las dos Coreas, una vez que se haya apagado el fuego ol\u00edmpico?"},{"@type":"BreadcrumbList","@id":"https:\/\/acninternational.org\/es\/corea-que-pasara-con-el-romance-olimpico-entre-las-dos-coreas-una-vez-que-se-haya-apagado-el-fuego-olimpico-2\/#breadcrumb","itemListElement":[{"@type":"ListItem","position":1,"name":"Home","item":"https:\/\/acninternational.org\/es\/"},{"@type":"ListItem","position":2,"name":"INTERVIEWS","item":"https:\/\/acninternational.org\/es\/category\/interviews-es\/"},{"@type":"ListItem","position":3,"name":"COREA: \u00bfQu\u00e9 pasar\u00e1 con el romance ol\u00edmpico entre las dos Coreas, una vez que se haya apagado el fuego ol\u00edmpico?"}]},{"@type":"WebSite","@id":"https:\/\/acninternational.org\/es\/#website","url":"https:\/\/acninternational.org\/es\/","name":"ACN International","description":"","publisher":{"@id":"https:\/\/acninternational.org\/es\/#organization"},"potentialAction":[{"@type":"SearchAction","target":{"@type":"EntryPoint","urlTemplate":"https:\/\/acninternational.org\/es\/?s={search_term_string}"},"query-input":{"@type":"PropertyValueSpecification","valueRequired":true,"valueName":"search_term_string"}}],"inLanguage":"es"},{"@type":"Organization","@id":"https:\/\/acninternational.org\/es\/#organization","name":"Aid to the Church in Need International","url":"https:\/\/acninternational.org\/es\/","logo":{"@type":"ImageObject","inLanguage":"es","@id":"https:\/\/acninternational.org\/es\/#\/schema\/logo\/image\/","url":"https:\/\/media.acninternational.org\/wp-content\/uploads\/2019\/11\/acn_logo_blackvector.svg","contentUrl":"https:\/\/media.acninternational.org\/wp-content\/uploads\/2019\/11\/acn_logo_blackvector.svg","width":232.6,"height":78,"caption":"Aid to the Church in Need International"},"image":{"@id":"https:\/\/acninternational.org\/es\/#\/schema\/logo\/image\/"},"sameAs":["https:\/\/www.facebook.com\/acninternationalorg","https:\/\/x.com\/acn_int","https:\/\/www.youtube.com\/channel\/UCQ-077gS0TnVzkhHmf1opZw","https:\/\/www.instagram.com\/acn_international\/"]},{"@type":"Person","@id":"https:\/\/acninternational.org\/es\/#\/schema\/person\/5a7468d38fb12b1976b6eeda95c21ebc","name":"admin_acn","url":"https:\/\/acninternational.org\/es\/author\/admin_acn\/"}]}},"_links":{"self":[{"href":"https:\/\/acninternational.org\/es\/wp-json\/wp\/v2\/posts\/118878","targetHints":{"allow":["GET"]}}],"collection":[{"href":"https:\/\/acninternational.org\/es\/wp-json\/wp\/v2\/posts"}],"about":[{"href":"https:\/\/acninternational.org\/es\/wp-json\/wp\/v2\/types\/post"}],"author":[{"embeddable":true,"href":"https:\/\/acninternational.org\/es\/wp-json\/wp\/v2\/users\/1"}],"replies":[{"embeddable":true,"href":"https:\/\/acninternational.org\/es\/wp-json\/wp\/v2\/comments?post=118878"}],"version-history":[{"count":0,"href":"https:\/\/acninternational.org\/es\/wp-json\/wp\/v2\/posts\/118878\/revisions"}],"wp:featuredmedia":[{"embeddable":true,"href":"https:\/\/acninternational.org\/es\/wp-json\/wp\/v2\/media\/118520"}],"wp:attachment":[{"href":"https:\/\/acninternational.org\/es\/wp-json\/wp\/v2\/media?parent=118878"}],"wp:term":[{"taxonomy":"category","embeddable":true,"href":"https:\/\/acninternational.org\/es\/wp-json\/wp\/v2\/categories?post=118878"},{"taxonomy":"post_tag","embeddable":true,"href":"https:\/\/acninternational.org\/es\/wp-json\/wp\/v2\/tags?post=118878"},{"taxonomy":"country","embeddable":true,"href":"https:\/\/acninternational.org\/es\/wp-json\/wp\/v2\/country?post=118878"}],"curies":[{"name":"wp","href":"https:\/\/api.w.org\/{rel}","templated":true}]}}