{"id":118217,"date":"2018-09-04T00:00:00","date_gmt":"2018-09-03T22:00:00","guid":{"rendered":"https:\/\/acninternational.org\/croacia-ayuda-al-sustento-para-27-carmelitas-de-breznica-djakovacka\/"},"modified":"2018-09-04T00:00:00","modified_gmt":"2018-09-03T22:00:00","slug":"croacia-ayuda-al-sustento-para-27-carmelitas-de-breznica-djakovacka","status":"publish","type":"post","link":"https:\/\/acninternational.org\/es\/croacia-ayuda-al-sustento-para-27-carmelitas-de-breznica-djakovacka\/","title":{"rendered":"Croacia: Ayuda al sustento para 27 Carmelitas de Breznica Djakovacka"},"content":{"rendered":"<p>27 religiosas llevan en el Carmelo de San Jos\u00e9 en Breznica Djakovacka una vida oculta de oraci\u00f3n en el esp\u00edritu de Santa Teresa de \u00c1vila. Las Hermanas tienen entre 26 y 80 a\u00f1os de edad, y su vocaci\u00f3n reside en rezar por las necesidades y la salvaci\u00f3n de todo el mundo. Adem\u00e1s, el convento es un lugar al que acuden muchas personas que necesitan consuelo y consejo, y que piden a las religiosas que recen por ellas.<\/p>\n<p>Este a\u00f1o hubo un motivo especial de alegr\u00eda: el 15 de abril de 2018, la joven Hna. Marija Ana profes\u00f3 ante la Divina Providencia sus votos perpetuos.<\/p>\n<p>\u201cEn mi decisi\u00f3n permanecer\u00e9 hasta la muerte, siguiendo a Jesucristo, el Esposo, en esta familia teresiana de la Sant\u00edsima Virgen Mar\u00eda del Monte Carmelo\u201d, prometi\u00f3 cuando profes\u00f3 sus votos. Al frente de la celebraci\u00f3n de la Eucarist\u00eda estuvo el Arzobispo de Djakovo-Osijek, Mons. Djuro Hranic, acompa\u00f1ado por once sacerdotes, y los seminaristas del seminario mayor cantaron durante la emocionante celebraci\u00f3n. Cuando la joven religiosa sali\u00f3 del coro separado por una reja para abrazar a sus familiares, muchos lloraron.<\/p>\n<p>&nbsp;<\/p>\n<figure id=\"attachment_44088\" aria-describedby=\"caption-attachment-44088\" style=\"width: 690px\" class=\"wp-caption aligncenter\"><img loading=\"lazy\" decoding=\"async\" class=\"size-full wp-image-44088\" src=\"https:\/\/media.acninternational.org\/wp-content\/uploads\/2019\/11\/ACN-20151222-33894-post.jpg\" alt=\"Support for the life and apostolate of 27 Carmelite sisters in Breznica Djakovacka\" width=\"690\" height=\"518\" \/><figcaption id=\"caption-attachment-44088\" class=\"wp-caption-text\">Croacia: Ayuda al sustento para 27 Carmelitas de Breznica Djakovacka<\/figcaption><\/figure>\n<p>&nbsp;<\/p>\n<p>El Arzobispo dijo en su homil\u00eda que era Jes\u00fas el que tomaba la iniciativa en la vocaci\u00f3n. Jes\u00fas es el que llama, y el llamado o la llamada le siguen. Las Hermanas del Carmelo lo han dejado todo para seguir a Jes\u00fas. Sus manos est\u00e1n vac\u00edas y ellas conf\u00edan plenamente en la Divina Providencia. Desde hace ya casi 30 a\u00f1os, la Divina Providencia obra a trav\u00e9s de nuestros benefactores, pues estos apoyan fielmente a las Carmelitas. Croacia ingres\u00f3 en julio de 2013 en la UE, pero las religiosas no se han beneficiado en nada de ello, y pese a su humilde forma de vida, los gastos suben sin parar. Las religiosas contemplativas, que viven en clausura, tienen muy pocas formas de ganarse el sustento, y sobre todo cuando se necesitan medicinas o atenci\u00f3n m\u00e9dica, la situaci\u00f3n se vuelve dif\u00edcil. Por ello, nosotros queremos volver a apoyarlas este a\u00f1o con 8.100 euros para su sustento.<\/p>\n<p>&nbsp;<\/p>\n","protected":false},"excerpt":{"rendered":"<p>27 religiosas llevan en el Carmelo de San Jos\u00e9 en Breznica Djakovacka una vida oculta de oraci\u00f3n en el esp\u00edritu<\/p>\n","protected":false},"author":1,"featured_media":118218,"comment_status":"open","ping_status":"open","sticky":false,"template":"","format":"standard","meta":{"_acf_changed":false,"_acn_coauthor_ids":[],"footnotes":""},"categories":[715,714],"tags":[],"country":[],"class_list":["post-118217","post","type-post","status-publish","format-standard","has-post-thumbnail","hentry","category-ayuda-de-subsistencia","category-proyecto"],"acn_coauthors":[],"acf":[],"yoast_head":"<!-- This site is optimized with the Yoast SEO Premium plugin v27.3 (Yoast SEO v27.3) - https:\/\/yoast.com\/product\/yoast-seo-premium-wordpress\/ -->\n<title>Croacia: Ayuda al sustento para 27 Carmelitas de Breznica Djakovacka | ACN International<\/title>\n<meta name=\"robots\" content=\"index, follow, max-snippet:-1, max-image-preview:large, max-video-preview:-1\" \/>\n<link rel=\"canonical\" href=\"https:\/\/acninternational.org\/es\/croacia-ayuda-al-sustento-para-27-carmelitas-de-breznica-djakovacka\/\" \/>\n<meta property=\"og:locale\" content=\"es_ES\" \/>\n<meta property=\"og:type\" content=\"article\" \/>\n<meta property=\"og:title\" content=\"Croacia: Ayuda al sustento para 27 Carmelitas de Breznica Djakovacka\" \/>\n<meta property=\"og:description\" content=\"27 religiosas llevan en el Carmelo de San Jos\u00e9 en Breznica Djakovacka una vida oculta de oraci\u00f3n en el esp\u00edritu\" \/>\n<meta property=\"og:url\" content=\"https:\/\/acninternational.org\/es\/croacia-ayuda-al-sustento-para-27-carmelitas-de-breznica-djakovacka\/\" \/>\n<meta property=\"og:site_name\" content=\"ACN International\" \/>\n<meta property=\"article:publisher\" content=\"https:\/\/www.facebook.com\/acninternationalorg\" \/>\n<meta property=\"article:published_time\" content=\"2018-09-03T22:00:00+00:00\" \/>\n<meta property=\"og:image\" content=\"https:\/\/media.acninternational.org\/wp-content\/uploads\/2019\/11\/Croacia-Ayuda-al-sustento-para-27-Carmelitas-de-Breznica-Djakovacka-image.jpg\" \/>\n\t<meta property=\"og:image:width\" content=\"1200\" \/>\n\t<meta property=\"og:image:height\" content=\"628\" \/>\n\t<meta property=\"og:image:type\" content=\"image\/jpeg\" \/>\n<meta name=\"author\" content=\"admin_acn\" \/>\n<meta name=\"twitter:card\" content=\"summary_large_image\" \/>\n<meta name=\"twitter:creator\" content=\"@acn_int\" \/>\n<meta name=\"twitter:site\" content=\"@acn_int\" \/>\n<meta name=\"twitter:label1\" content=\"Escrito por\" \/>\n\t<meta name=\"twitter:data1\" content=\"admin_acn\" \/>\n\t<meta name=\"twitter:label2\" content=\"Tiempo de lectura\" \/>\n\t<meta name=\"twitter:data2\" content=\"2 minutos\" \/>\n<script type=\"application\/ld+json\" class=\"yoast-schema-graph\">{\"@context\":\"https:\\\/\\\/schema.org\",\"@graph\":[{\"@type\":\"Article\",\"@id\":\"https:\\\/\\\/acninternational.org\\\/es\\\/croacia-ayuda-al-sustento-para-27-carmelitas-de-breznica-djakovacka\\\/#article\",\"isPartOf\":{\"@id\":\"https:\\\/\\\/acninternational.org\\\/es\\\/croacia-ayuda-al-sustento-para-27-carmelitas-de-breznica-djakovacka\\\/\"},\"author\":{\"name\":\"admin_acn\",\"@id\":\"https:\\\/\\\/acninternational.org\\\/es\\\/#\\\/schema\\\/person\\\/5a7468d38fb12b1976b6eeda95c21ebc\"},\"headline\":\"Croacia: Ayuda al sustento para 27 Carmelitas de Breznica Djakovacka\",\"datePublished\":\"2018-09-03T22:00:00+00:00\",\"mainEntityOfPage\":{\"@id\":\"https:\\\/\\\/acninternational.org\\\/es\\\/croacia-ayuda-al-sustento-para-27-carmelitas-de-breznica-djakovacka\\\/\"},\"wordCount\":386,\"commentCount\":0,\"publisher\":{\"@id\":\"https:\\\/\\\/acninternational.org\\\/es\\\/#organization\"},\"image\":{\"@id\":\"https:\\\/\\\/acninternational.org\\\/es\\\/croacia-ayuda-al-sustento-para-27-carmelitas-de-breznica-djakovacka\\\/#primaryimage\"},\"thumbnailUrl\":\"https:\\\/\\\/media.acninternational.org\\\/wp-content\\\/uploads\\\/2019\\\/11\\\/Croacia-Ayuda-al-sustento-para-27-Carmelitas-de-Breznica-Djakovacka-image.jpg\",\"articleSection\":[\"AYUDA DE SUBSISTENCIA\",\"PROYECTO\"],\"inLanguage\":\"es\",\"potentialAction\":[{\"@type\":\"CommentAction\",\"name\":\"Comment\",\"target\":[\"https:\\\/\\\/acninternational.org\\\/es\\\/croacia-ayuda-al-sustento-para-27-carmelitas-de-breznica-djakovacka\\\/#respond\"]}]},{\"@type\":\"WebPage\",\"@id\":\"https:\\\/\\\/acninternational.org\\\/es\\\/croacia-ayuda-al-sustento-para-27-carmelitas-de-breznica-djakovacka\\\/\",\"url\":\"https:\\\/\\\/acninternational.org\\\/es\\\/croacia-ayuda-al-sustento-para-27-carmelitas-de-breznica-djakovacka\\\/\",\"name\":\"Croacia: Ayuda al sustento para 27 Carmelitas de Breznica Djakovacka | ACN International\",\"isPartOf\":{\"@id\":\"https:\\\/\\\/acninternational.org\\\/es\\\/#website\"},\"primaryImageOfPage\":{\"@id\":\"https:\\\/\\\/acninternational.org\\\/es\\\/croacia-ayuda-al-sustento-para-27-carmelitas-de-breznica-djakovacka\\\/#primaryimage\"},\"image\":{\"@id\":\"https:\\\/\\\/acninternational.org\\\/es\\\/croacia-ayuda-al-sustento-para-27-carmelitas-de-breznica-djakovacka\\\/#primaryimage\"},\"thumbnailUrl\":\"https:\\\/\\\/media.acninternational.org\\\/wp-content\\\/uploads\\\/2019\\\/11\\\/Croacia-Ayuda-al-sustento-para-27-Carmelitas-de-Breznica-Djakovacka-image.jpg\",\"datePublished\":\"2018-09-03T22:00:00+00:00\",\"breadcrumb\":{\"@id\":\"https:\\\/\\\/acninternational.org\\\/es\\\/croacia-ayuda-al-sustento-para-27-carmelitas-de-breznica-djakovacka\\\/#breadcrumb\"},\"inLanguage\":\"es\",\"potentialAction\":[{\"@type\":\"ReadAction\",\"target\":[\"https:\\\/\\\/acninternational.org\\\/es\\\/croacia-ayuda-al-sustento-para-27-carmelitas-de-breznica-djakovacka\\\/\"]}]},{\"@type\":\"ImageObject\",\"inLanguage\":\"es\",\"@id\":\"https:\\\/\\\/acninternational.org\\\/es\\\/croacia-ayuda-al-sustento-para-27-carmelitas-de-breznica-djakovacka\\\/#primaryimage\",\"url\":\"https:\\\/\\\/media.acninternational.org\\\/wp-content\\\/uploads\\\/2019\\\/11\\\/Croacia-Ayuda-al-sustento-para-27-Carmelitas-de-Breznica-Djakovacka-image.jpg\",\"contentUrl\":\"https:\\\/\\\/media.acninternational.org\\\/wp-content\\\/uploads\\\/2019\\\/11\\\/Croacia-Ayuda-al-sustento-para-27-Carmelitas-de-Breznica-Djakovacka-image.jpg\",\"width\":1200,\"height\":628,\"caption\":\"Support for the life and apostolate of 27 Carmelite sisters in Breznica Djakovacka\"},{\"@type\":\"BreadcrumbList\",\"@id\":\"https:\\\/\\\/acninternational.org\\\/es\\\/croacia-ayuda-al-sustento-para-27-carmelitas-de-breznica-djakovacka\\\/#breadcrumb\",\"itemListElement\":[{\"@type\":\"ListItem\",\"position\":1,\"name\":\"Home\",\"item\":\"https:\\\/\\\/acninternational.org\\\/es\\\/\"},{\"@type\":\"ListItem\",\"position\":2,\"name\":\"PROYECTO\",\"item\":\"https:\\\/\\\/acninternational.org\\\/es\\\/category\\\/proyecto\\\/\"},{\"@type\":\"ListItem\",\"position\":3,\"name\":\"AYUDA DE SUBSISTENCIA\",\"item\":\"https:\\\/\\\/acninternational.org\\\/es\\\/category\\\/proyecto\\\/ayuda-de-subsistencia\\\/\"},{\"@type\":\"ListItem\",\"position\":4,\"name\":\"Croacia: Ayuda al sustento para 27 Carmelitas de Breznica Djakovacka\"}]},{\"@type\":\"WebSite\",\"@id\":\"https:\\\/\\\/acninternational.org\\\/es\\\/#website\",\"url\":\"https:\\\/\\\/acninternational.org\\\/es\\\/\",\"name\":\"ACN International\",\"description\":\"\",\"publisher\":{\"@id\":\"https:\\\/\\\/acninternational.org\\\/es\\\/#organization\"},\"potentialAction\":[{\"@type\":\"SearchAction\",\"target\":{\"@type\":\"EntryPoint\",\"urlTemplate\":\"https:\\\/\\\/acninternational.org\\\/es\\\/?s={search_term_string}\"},\"query-input\":{\"@type\":\"PropertyValueSpecification\",\"valueRequired\":true,\"valueName\":\"search_term_string\"}}],\"inLanguage\":\"es\"},{\"@type\":\"Organization\",\"@id\":\"https:\\\/\\\/acninternational.org\\\/es\\\/#organization\",\"name\":\"Aid to the Church in Need International\",\"url\":\"https:\\\/\\\/acninternational.org\\\/es\\\/\",\"logo\":{\"@type\":\"ImageObject\",\"inLanguage\":\"es\",\"@id\":\"https:\\\/\\\/acninternational.org\\\/es\\\/#\\\/schema\\\/logo\\\/image\\\/\",\"url\":\"https:\\\/\\\/media.acninternational.org\\\/wp-content\\\/uploads\\\/2019\\\/11\\\/acn_logo_blackvector.svg\",\"contentUrl\":\"https:\\\/\\\/media.acninternational.org\\\/wp-content\\\/uploads\\\/2019\\\/11\\\/acn_logo_blackvector.svg\",\"width\":232.6,\"height\":78,\"caption\":\"Aid to the Church in Need International\"},\"image\":{\"@id\":\"https:\\\/\\\/acninternational.org\\\/es\\\/#\\\/schema\\\/logo\\\/image\\\/\"},\"sameAs\":[\"https:\\\/\\\/www.facebook.com\\\/acninternationalorg\",\"https:\\\/\\\/x.com\\\/acn_int\",\"https:\\\/\\\/www.youtube.com\\\/channel\\\/UCQ-077gS0TnVzkhHmf1opZw\",\"https:\\\/\\\/www.instagram.com\\\/acn_international\\\/\"]},{\"@type\":\"Person\",\"@id\":\"https:\\\/\\\/acninternational.org\\\/es\\\/#\\\/schema\\\/person\\\/5a7468d38fb12b1976b6eeda95c21ebc\",\"name\":\"admin_acn\",\"url\":\"https:\\\/\\\/acninternational.org\\\/es\\\/author\\\/admin_acn\\\/\"}]}<\/script>\n<!-- \/ Yoast SEO Premium plugin. -->","yoast_head_json":{"title":"Croacia: Ayuda al sustento para 27 Carmelitas de Breznica Djakovacka | ACN International","robots":{"index":"index","follow":"follow","max-snippet":"max-snippet:-1","max-image-preview":"max-image-preview:large","max-video-preview":"max-video-preview:-1"},"canonical":"https:\/\/acninternational.org\/es\/croacia-ayuda-al-sustento-para-27-carmelitas-de-breznica-djakovacka\/","og_locale":"es_ES","og_type":"article","og_title":"Croacia: Ayuda al sustento para 27 Carmelitas de Breznica Djakovacka","og_description":"27 religiosas llevan en el Carmelo de San Jos\u00e9 en Breznica Djakovacka una vida oculta de oraci\u00f3n en el esp\u00edritu","og_url":"https:\/\/acninternational.org\/es\/croacia-ayuda-al-sustento-para-27-carmelitas-de-breznica-djakovacka\/","og_site_name":"ACN International","article_publisher":"https:\/\/www.facebook.com\/acninternationalorg","article_published_time":"2018-09-03T22:00:00+00:00","og_image":[{"width":1200,"height":628,"url":"https:\/\/media.acninternational.org\/wp-content\/uploads\/2019\/11\/Croacia-Ayuda-al-sustento-para-27-Carmelitas-de-Breznica-Djakovacka-image.jpg","type":"image\/jpeg"}],"author":"admin_acn","twitter_card":"summary_large_image","twitter_creator":"@acn_int","twitter_site":"@acn_int","twitter_misc":{"Escrito por":"admin_acn","Tiempo de lectura":"2 minutos"},"schema":{"@context":"https:\/\/schema.org","@graph":[{"@type":"Article","@id":"https:\/\/acninternational.org\/es\/croacia-ayuda-al-sustento-para-27-carmelitas-de-breznica-djakovacka\/#article","isPartOf":{"@id":"https:\/\/acninternational.org\/es\/croacia-ayuda-al-sustento-para-27-carmelitas-de-breznica-djakovacka\/"},"author":{"name":"admin_acn","@id":"https:\/\/acninternational.org\/es\/#\/schema\/person\/5a7468d38fb12b1976b6eeda95c21ebc"},"headline":"Croacia: Ayuda al sustento para 27 Carmelitas de Breznica Djakovacka","datePublished":"2018-09-03T22:00:00+00:00","mainEntityOfPage":{"@id":"https:\/\/acninternational.org\/es\/croacia-ayuda-al-sustento-para-27-carmelitas-de-breznica-djakovacka\/"},"wordCount":386,"commentCount":0,"publisher":{"@id":"https:\/\/acninternational.org\/es\/#organization"},"image":{"@id":"https:\/\/acninternational.org\/es\/croacia-ayuda-al-sustento-para-27-carmelitas-de-breznica-djakovacka\/#primaryimage"},"thumbnailUrl":"https:\/\/media.acninternational.org\/wp-content\/uploads\/2019\/11\/Croacia-Ayuda-al-sustento-para-27-Carmelitas-de-Breznica-Djakovacka-image.jpg","articleSection":["AYUDA DE SUBSISTENCIA","PROYECTO"],"inLanguage":"es","potentialAction":[{"@type":"CommentAction","name":"Comment","target":["https:\/\/acninternational.org\/es\/croacia-ayuda-al-sustento-para-27-carmelitas-de-breznica-djakovacka\/#respond"]}]},{"@type":"WebPage","@id":"https:\/\/acninternational.org\/es\/croacia-ayuda-al-sustento-para-27-carmelitas-de-breznica-djakovacka\/","url":"https:\/\/acninternational.org\/es\/croacia-ayuda-al-sustento-para-27-carmelitas-de-breznica-djakovacka\/","name":"Croacia: Ayuda al sustento para 27 Carmelitas de Breznica Djakovacka | ACN International","isPartOf":{"@id":"https:\/\/acninternational.org\/es\/#website"},"primaryImageOfPage":{"@id":"https:\/\/acninternational.org\/es\/croacia-ayuda-al-sustento-para-27-carmelitas-de-breznica-djakovacka\/#primaryimage"},"image":{"@id":"https:\/\/acninternational.org\/es\/croacia-ayuda-al-sustento-para-27-carmelitas-de-breznica-djakovacka\/#primaryimage"},"thumbnailUrl":"https:\/\/media.acninternational.org\/wp-content\/uploads\/2019\/11\/Croacia-Ayuda-al-sustento-para-27-Carmelitas-de-Breznica-Djakovacka-image.jpg","datePublished":"2018-09-03T22:00:00+00:00","breadcrumb":{"@id":"https:\/\/acninternational.org\/es\/croacia-ayuda-al-sustento-para-27-carmelitas-de-breznica-djakovacka\/#breadcrumb"},"inLanguage":"es","potentialAction":[{"@type":"ReadAction","target":["https:\/\/acninternational.org\/es\/croacia-ayuda-al-sustento-para-27-carmelitas-de-breznica-djakovacka\/"]}]},{"@type":"ImageObject","inLanguage":"es","@id":"https:\/\/acninternational.org\/es\/croacia-ayuda-al-sustento-para-27-carmelitas-de-breznica-djakovacka\/#primaryimage","url":"https:\/\/media.acninternational.org\/wp-content\/uploads\/2019\/11\/Croacia-Ayuda-al-sustento-para-27-Carmelitas-de-Breznica-Djakovacka-image.jpg","contentUrl":"https:\/\/media.acninternational.org\/wp-content\/uploads\/2019\/11\/Croacia-Ayuda-al-sustento-para-27-Carmelitas-de-Breznica-Djakovacka-image.jpg","width":1200,"height":628,"caption":"Support for the life and apostolate of 27 Carmelite sisters in Breznica Djakovacka"},{"@type":"BreadcrumbList","@id":"https:\/\/acninternational.org\/es\/croacia-ayuda-al-sustento-para-27-carmelitas-de-breznica-djakovacka\/#breadcrumb","itemListElement":[{"@type":"ListItem","position":1,"name":"Home","item":"https:\/\/acninternational.org\/es\/"},{"@type":"ListItem","position":2,"name":"PROYECTO","item":"https:\/\/acninternational.org\/es\/category\/proyecto\/"},{"@type":"ListItem","position":3,"name":"AYUDA DE SUBSISTENCIA","item":"https:\/\/acninternational.org\/es\/category\/proyecto\/ayuda-de-subsistencia\/"},{"@type":"ListItem","position":4,"name":"Croacia: Ayuda al sustento para 27 Carmelitas de Breznica Djakovacka"}]},{"@type":"WebSite","@id":"https:\/\/acninternational.org\/es\/#website","url":"https:\/\/acninternational.org\/es\/","name":"ACN International","description":"","publisher":{"@id":"https:\/\/acninternational.org\/es\/#organization"},"potentialAction":[{"@type":"SearchAction","target":{"@type":"EntryPoint","urlTemplate":"https:\/\/acninternational.org\/es\/?s={search_term_string}"},"query-input":{"@type":"PropertyValueSpecification","valueRequired":true,"valueName":"search_term_string"}}],"inLanguage":"es"},{"@type":"Organization","@id":"https:\/\/acninternational.org\/es\/#organization","name":"Aid to the Church in Need International","url":"https:\/\/acninternational.org\/es\/","logo":{"@type":"ImageObject","inLanguage":"es","@id":"https:\/\/acninternational.org\/es\/#\/schema\/logo\/image\/","url":"https:\/\/media.acninternational.org\/wp-content\/uploads\/2019\/11\/acn_logo_blackvector.svg","contentUrl":"https:\/\/media.acninternational.org\/wp-content\/uploads\/2019\/11\/acn_logo_blackvector.svg","width":232.6,"height":78,"caption":"Aid to the Church in Need International"},"image":{"@id":"https:\/\/acninternational.org\/es\/#\/schema\/logo\/image\/"},"sameAs":["https:\/\/www.facebook.com\/acninternationalorg","https:\/\/x.com\/acn_int","https:\/\/www.youtube.com\/channel\/UCQ-077gS0TnVzkhHmf1opZw","https:\/\/www.instagram.com\/acn_international\/"]},{"@type":"Person","@id":"https:\/\/acninternational.org\/es\/#\/schema\/person\/5a7468d38fb12b1976b6eeda95c21ebc","name":"admin_acn","url":"https:\/\/acninternational.org\/es\/author\/admin_acn\/"}]}},"_links":{"self":[{"href":"https:\/\/acninternational.org\/es\/wp-json\/wp\/v2\/posts\/118217","targetHints":{"allow":["GET"]}}],"collection":[{"href":"https:\/\/acninternational.org\/es\/wp-json\/wp\/v2\/posts"}],"about":[{"href":"https:\/\/acninternational.org\/es\/wp-json\/wp\/v2\/types\/post"}],"author":[{"embeddable":true,"href":"https:\/\/acninternational.org\/es\/wp-json\/wp\/v2\/users\/1"}],"replies":[{"embeddable":true,"href":"https:\/\/acninternational.org\/es\/wp-json\/wp\/v2\/comments?post=118217"}],"version-history":[{"count":0,"href":"https:\/\/acninternational.org\/es\/wp-json\/wp\/v2\/posts\/118217\/revisions"}],"wp:featuredmedia":[{"embeddable":true,"href":"https:\/\/acninternational.org\/es\/wp-json\/wp\/v2\/media\/118218"}],"wp:attachment":[{"href":"https:\/\/acninternational.org\/es\/wp-json\/wp\/v2\/media?parent=118217"}],"wp:term":[{"taxonomy":"category","embeddable":true,"href":"https:\/\/acninternational.org\/es\/wp-json\/wp\/v2\/categories?post=118217"},{"taxonomy":"post_tag","embeddable":true,"href":"https:\/\/acninternational.org\/es\/wp-json\/wp\/v2\/tags?post=118217"},{"taxonomy":"country","embeddable":true,"href":"https:\/\/acninternational.org\/es\/wp-json\/wp\/v2\/country?post=118217"}],"curies":[{"name":"wp","href":"https:\/\/api.w.org\/{rel}","templated":true}]}}