{"id":118067,"date":"2018-08-17T00:00:00","date_gmt":"2018-08-16T22:00:00","guid":{"rendered":"https:\/\/acninternational.org\/arzobispo-en-las-islas-fiji-dios-escucha-el-llanto-de-mi-pueblo\/"},"modified":"2018-08-17T00:00:00","modified_gmt":"2018-08-16T22:00:00","slug":"arzobispo-en-las-islas-fiji-dios-escucha-el-llanto-de-mi-pueblo","status":"publish","type":"post","link":"https:\/\/acninternational.org\/es\/arzobispo-en-las-islas-fiji-dios-escucha-el-llanto-de-mi-pueblo\/","title":{"rendered":"Arzobispo en las Islas Fiji: \u201cDios escucha el llanto de mi pueblo\u201d"},"content":{"rendered":"<p><em>Con motivo del tercer aniversario de la enc\u00edclica de Papa Francisco sobre el cuidado de la creaci\u00f3n \u2018Laudato Si&#8217; [\u00abAlabado seas, mi Se\u00f1or\u00bb], el Vaticano organiz\u00f3 a principios de julio una conferencia con el t\u00edtulo Saving our Common Home and the Future of Life on Earth, (Salvar nuestra Casa Com\u00fan y el futuro de la vida en la Tierra).\u00a0 En su viaje de regreso del encuentro Mons. Peter Loy Chong,\u00a0 Arzobispo de Suva en las Islas Fiji, visit\u00f3 la sede central de la fundaci\u00f3n pontificia\u00a0 Aid to the Church in Need (ACN) en Alemania.\u00a0 <\/em><\/p>\n<p><em>El archipi\u00e9lago de Fiji en el Pac\u00edfico Sur, es un famoso destino para submarinistas y turistas, sobre todo de Australia, Nueva Zelanda o Estados Unidos. Su capital Suva es el centro comercial y pol\u00edtico de Fiji.\u00a0 Sin embargo pocos saben que este para\u00edso est\u00e1 en peligro de extinci\u00f3n. Maria Lozano de la fundaci\u00f3n ACN convers\u00f3 con Mons. Peter Loy Chong sobre las consecuencias del cambio clim\u00e1tico y el sufrimiento de los fijianos.<\/em><\/p>\n<p>&nbsp;<\/p>\n<figure id=\"attachment_43573\" aria-describedby=\"caption-attachment-43573\" style=\"width: 690px\" class=\"wp-caption aligncenter\"><img loading=\"lazy\" decoding=\"async\" class=\"size-full wp-image-43573\" src=\"https:\/\/media.acninternational.org\/wp-content\/uploads\/2019\/11\/ACN-20180810-74925-post.jpg\" alt=\"Irene Eschmann (project officer fro ASIA at ACN) with Archbishop Peter Loy Chong (Archbishop of Suva diocese in Fiji)during his visit at the during his visit at the ACN headquarters\" width=\"690\" height=\"518\" \/><figcaption id=\"caption-attachment-43573\" class=\"wp-caption-text\">Irene Eschmann (oficina de proyectos para ASIA en ACN) con el Arzobispo Peter Loy Chong (Arzobispo de la di\u00f3cesis de Suva en Fiji) durante su visita al durante su visita a la sede de ACN.<\/figcaption><\/figure>\n<p><em>\u00a0<\/em><\/p>\n<p><strong>Acaba de participar en Roma en los eventos relacionados con el tercer aniversario de la enc\u00edclica <em>Laudato Si\u2019<\/em> que, entre otros, trata del problema del cambio clim\u00e1tico. \u00bfPor qu\u00e9 ha sido invitado a participar en este encuentro? \u00bfEsta Suva afectada por este fen\u00f3meno?<\/strong><\/p>\n<p>Indiscutiblemente. El nivel del agua del Oc\u00e9ano aumenta cada a\u00f1o, por lo que la isla est\u00e1 desapareciendo. Muchos de nuestros hogares estar\u00e1n bajo agua en 50 a\u00f1os. Eso no dicen s\u00f3lo las estad\u00edsticas, eso lo vemos nosotros: Antes en nuestra isla todo el mundo trataba de construir su casa cerca del agua, era una muestra de desarrollo. La gente del mar se consideraba m\u00e1s civilizada que la gente proveniente de las monta\u00f1as. Mi abuelo mismo construy\u00f3 su casita a 50 metros de distancia del mar&#8230; El aire era bueno y era f\u00e1cil pescar. Pero ahora est\u00e1n casi en el mar, as\u00ed que actualmente ya no se puede construir ah\u00ed, \u00a0sino cerca de las colinas porque el mar se est\u00e1 acercando peligrosamente.<\/p>\n<p><strong>\u00a0<\/strong><\/p>\n<p><strong>Pero \u00bfson cambios espor\u00e1dicos que solo afectan a algunos, o los impactos del cambio clim\u00e1tico afectan a toda la isla Fiji?<\/strong><\/p>\n<p>No es un hecho puntual, sino al contrario. En los pr\u00f3ximos a\u00f1os los habitantes de 34 aldeas costeras de Fiji se enfrentan a trastornos que les obligar\u00e1n a reubicar sus hogares debido a la subida del nivel del mar. El gobierno de Fiji ha identificado esas aldeas como susceptibles de sufrir los efectos del cambio en los pr\u00f3ximos cinco a diez a\u00f1os. Ya hay ejemplos de esto, por ejemplo una aldea en la provincia de Bua &#8211; la segunda isla m\u00e1s grande del archipi\u00e9lago \u2013 que ha tenido que ser reubicada en Yadua, otra isla cercana. Y hay planes de trasladar pronto otra aldea, Tavea.<\/p>\n<p><strong>\u00a0<\/strong><\/p>\n<p><strong>Muchas personas no creen que la situaci\u00f3n sea tan grave, tambi\u00e9n incluso dentro de la Iglesia Cat\u00f3lica, a pesar de todo el empe\u00f1o del Santo Padre por este tema. \u00bfQu\u00e9 les dir\u00eda? <\/strong><\/p>\n<p>Hace poco estuve trabajando en una declaraci\u00f3n sobre este tema con personas de varias naciones del Pac\u00edfico. En el primer borrador se propon\u00eda escribir que \u2018el cambio clim\u00e1tico afectar\u00e1 nuestras posibilidades, nuestras capacidades\u2019 hablando del turismo, del\u00a0 desarrollo. Y \u00a1no es eso! Para nosotros no se trata de un peligro para el desarrollo o de que perdamos oportunidades; se trata de nuestras vidas, de nuestra sobrevivencia, nuestra comida&#8230; Es una cuesti\u00f3n de vida o muerte. En el borrador tambi\u00e9n se hablaba de \u2018aprender a vivir en esa situaci\u00f3n\u2019 pero estamos hablamos de sufrimiento, de extinci\u00f3n. \u00bfC\u00f3mo puedo decirle a mi gente que tiene que \u201caprender a vivir con eso\u201d?<\/p>\n<p>&nbsp;<\/p>\n<p>&nbsp;<\/p>\n<figure id=\"attachment_43580\" aria-describedby=\"caption-attachment-43580\" style=\"width: 1200px\" class=\"wp-caption aligncenter\"><img loading=\"lazy\" decoding=\"async\" class=\"size-full wp-image-43580\" src=\"https:\/\/media.acninternational.org\/wp-content\/uploads\/2019\/11\/ACN-20180706-73221-post.jpg\" alt=\"Nazareth Prayer Centre for Christian meditation in Fiji\" width=\"1200\" height=\"806\" \/><figcaption id=\"caption-attachment-43580\" class=\"wp-caption-text\">Centro de oraci\u00f3n de Nazaret para la meditaci\u00f3n cristiana en Fiyi<\/figcaption><\/figure>\n<p>&nbsp;<\/p>\n<p><strong>De todas maneras sigue siendo dif\u00edcil para algunos entender cu\u00e1l es el papel de la Iglesia en este \u00e1mbito. \u00bfNo es un problema m\u00e1s bien econ\u00f3mico y pol\u00edtico? <\/strong><\/p>\n<p>Creo que hay dos aspectos en los que la Iglesia juega un papel importante. El primero es que es un problema que afecta el n\u00facleo de nuestra vida y nuestra fe: la creaci\u00f3n, que es un regalo pero tambi\u00e9n una responsabilidad que Dios nos ha dado para que lo cuidemos.\u00a0 Y nos tenemos que preguntar si lo estamos haciendo bien, o no.<\/p>\n<p>Segundo, y esto me afecta a m\u00ed como pastor mucho m\u00e1s directamente. \u00bfC\u00f3mo consolar, c\u00f3mo acompa\u00f1ar el sufrimiento que yo veo en mi gente? Su llanto, su dolor me lleva a pensar en los salmos del antiguo testamento, y como apelaban a Dios a que escuchara el grito de su gente. Por ejemplo en el salmo 12, donde rezamos\u00a0\u201c\u00bfHasta cu\u00e1ndo, Se\u00f1or,\u00a0seguir\u00e1s olvid\u00e1ndome? \u00bfHasta cu\u00e1ndo me esconder\u00e1s tu rostro?\u201d La Fe nos lleva a transformar nuestro duelo y angustia en oraci\u00f3n, en plegarias para que Dios escuche el llanto de mi pueblo.<\/p>\n<p>Por eso, no se trata s\u00f3lo de algo externo, de econom\u00eda o pol\u00edtica; se trata de respeto a Dios y a la creaci\u00f3n y de paliar el dolor del que sufre.<\/p>\n<p>&nbsp;<\/p>\n<p>&nbsp;<\/p>\n<figure id=\"attachment_43578\" aria-describedby=\"caption-attachment-43578\" style=\"width: 640px\" class=\"wp-caption aligncenter\"><img loading=\"lazy\" decoding=\"async\" class=\"size-full wp-image-43578\" src=\"https:\/\/media.acninternational.org\/wp-content\/uploads\/2019\/11\/ACN-20180810-74926-post.jpg\" alt=\"Eucharistic Celebration\" width=\"640\" height=\"404\" \/><figcaption id=\"caption-attachment-43578\" class=\"wp-caption-text\">Celebraci\u00f3n Eucar\u00edstica<\/figcaption><\/figure>\n<p>&nbsp;<\/p>\n<p><strong>Papa Francisco habla de una \u201cconversi\u00f3n ecol\u00f3gica\u201d \u00bfC\u00f3mo aplica usted este t\u00e9rmino? Puede sonar algo abstracto&#8230;<\/strong><\/p>\n<p>El Santo Padre habla de conversi\u00f3n y creo que eso afecta a todos a nivel internacional, pero tambi\u00e9n a nivel nacional. Nuestras islas est\u00e1n siendo devastadas, los r\u00edos contaminados, los \u00e1rboles talados&#8230; La consecuencia es que la pesca desaparece de nuestras orillas, ahora los peces se alejan varios kil\u00f3metros y eso a su vez repercute en el <em>modus vivendi<\/em> de la poblaci\u00f3n humilde, pues se necesita una embarcaci\u00f3n para pescar y eso cuesta dinero. Todo eso hace que las mujeres, por ejemplo, no pueden como antes dedicarse a la pesca, antes iban a la orilla y pescaban ellas mismas, ahora ya no hay pescado en esas zonas. Es decir que esa conversi\u00f3n tambi\u00e9n tiene que darse a nivel local. Pero, adem\u00e1s, debe ser una conversi\u00f3n de los corazones. La conversi\u00f3n ecol\u00f3gica no se da aislada, la conversi\u00f3n tambi\u00e9n tiene que ser interior, de cada uno. Tiene que ser acercamiento a Dios, respeto a la creaci\u00f3n, sobriedad y generosidad con todos aquellos que &#8211; aunque est\u00e1n muy lejos geogr\u00e1ficamente &#8211; son hermanos y est\u00e1n sufriendo enormemente.\u00a0 Mi pueblo llora, \u00bfqui\u00e9n secar\u00e1 esas lagrimas?<\/p>\n<p><strong>\u00a0<\/strong><\/p>\n<p><strong>\u00bfCu\u00e1l fue personalmente el momento m\u00e1s impresionante del encuentro en Roma? <\/strong><\/p>\n<p>Uno de los momentos m\u00e1s impresionantes para m\u00ed fue cuando una chica joven, poeta, ley\u00f3 una poes\u00eda sobre c\u00f3mo transmitir a sus hijos lo que est\u00e1 pasando en su isla, \u00bfqu\u00e9 le vamos a decir a los que vienen despu\u00e9s, qu\u00e9 le va a decir esa madre a su hijo en\u00a0 50 a\u00f1os? Me impresion\u00f3 porque, leyendo el poema, se afect\u00f3 tanto que justo cuando comenz\u00f3 un verso con la frase \u201cmi fe&#8230;\u201d no pod\u00eda seguir, y repiti\u00f3 varias veces \u201cmi fe, mi fe\u201d para intentar continuar con el poema&#8230; pero\u00a0 no pudo. Yo pens\u00e9 que eso era algo providencial: nosotros tenemos que acabar ese poema, tenemos que poder acabar la frase \u201cmi fe&#8230;\u201d \u00bfCu\u00e1l es la respuesta que da mi fe a esa angustia, y a ese dolor?<\/p>\n<p>&nbsp;<\/p>\n<figure id=\"attachment_43577\" aria-describedby=\"caption-attachment-43577\" style=\"width: 1200px\" class=\"wp-caption aligncenter\"><img loading=\"lazy\" decoding=\"async\" class=\"size-full wp-image-43577\" src=\"https:\/\/media.acninternational.org\/wp-content\/uploads\/2019\/11\/ACN-20150415-22985-post.jpg\" alt=\"Papua New Guinea\" width=\"1200\" height=\"798\" \/><figcaption id=\"caption-attachment-43577\" class=\"wp-caption-text\">Pap\u00faa Nueva Guinea<\/figcaption><\/figure>\n<p>&nbsp;<\/p>\n<p><em>Ocean\u00eda, a la que pertenecen las Islas Fiji, comprende m\u00e1s de 7.500 islas escasamente pobladas o despobladas, distribuidas en una superficie de unos 70 millones de kil\u00f3metros cuadrados. La iglesia considera que la regi\u00f3n con su inusual variedad de pueblos ind\u00edgenas es \u00fanica. La proclamaci\u00f3n de la fe entre comunidades peque\u00f1as, j\u00f3venes, aisladas, cultural y ling\u00fc\u00edsticamente diversas es una tarea ardua y enriquecedora.\u00a0 La fundaci\u00f3n papal Ayuda a la Iglesia Necesitada ha apoyado proyectos en Ocean\u00eda por m\u00e1s de cinco millones de euros en los \u00faltimos diez a\u00f1os.<\/em><\/p>\n","protected":false},"excerpt":{"rendered":"<p>Con motivo del tercer aniversario de la enc\u00edclica de Papa Francisco sobre el cuidado de la creaci\u00f3n \u2018Laudato Si&#8217; [\u00abAlabado<\/p>\n","protected":false},"author":1,"featured_media":118068,"comment_status":"open","ping_status":"open","sticky":false,"template":"","format":"standard","meta":{"_acf_changed":false,"_acn_coauthor_ids":[],"footnotes":""},"categories":[745],"tags":[],"country":[],"class_list":["post-118067","post","type-post","status-publish","format-standard","has-post-thumbnail","hentry","category-entrevistas"],"acn_coauthors":[],"acf":[],"yoast_head":"<!-- This site is optimized with the Yoast SEO Premium plugin v27.3 (Yoast SEO v27.3) - https:\/\/yoast.com\/product\/yoast-seo-premium-wordpress\/ -->\n<title>Arzobispo en las Islas Fiji: \u201cDios escucha el llanto de mi pueblo\u201d | ACN International<\/title>\n<meta name=\"robots\" content=\"index, follow, max-snippet:-1, max-image-preview:large, max-video-preview:-1\" \/>\n<link rel=\"canonical\" href=\"https:\/\/acninternational.org\/es\/arzobispo-en-las-islas-fiji-dios-escucha-el-llanto-de-mi-pueblo\/\" \/>\n<meta property=\"og:locale\" content=\"es_ES\" \/>\n<meta property=\"og:type\" content=\"article\" \/>\n<meta property=\"og:title\" content=\"Arzobispo en las Islas Fiji: \u201cDios escucha el llanto de mi pueblo\u201d\" \/>\n<meta property=\"og:description\" content=\"Con motivo del tercer aniversario de la enc\u00edclica de Papa Francisco sobre el cuidado de la creaci\u00f3n \u2018Laudato Si&#039; [\u00abAlabado\" \/>\n<meta property=\"og:url\" content=\"https:\/\/acninternational.org\/es\/arzobispo-en-las-islas-fiji-dios-escucha-el-llanto-de-mi-pueblo\/\" \/>\n<meta property=\"og:site_name\" content=\"ACN International\" \/>\n<meta property=\"article:publisher\" content=\"https:\/\/www.facebook.com\/acninternationalorg\" \/>\n<meta property=\"article:published_time\" content=\"2018-08-16T22:00:00+00:00\" \/>\n<meta property=\"og:image\" content=\"https:\/\/media.acninternational.org\/wp-content\/uploads\/2019\/11\/Arzobispo-en-las-Islas-Fiji-%E2%80%9CDios-escucha-el-llanto-de-mi-pueblo%E2%80%9D-image.jpg\" \/>\n\t<meta property=\"og:image:width\" content=\"1200\" \/>\n\t<meta property=\"og:image:height\" content=\"628\" \/>\n\t<meta property=\"og:image:type\" content=\"image\/jpeg\" \/>\n<meta name=\"author\" content=\"admin_acn\" \/>\n<meta name=\"twitter:card\" content=\"summary_large_image\" \/>\n<meta name=\"twitter:creator\" content=\"@acn_int\" \/>\n<meta name=\"twitter:site\" content=\"@acn_int\" \/>\n<meta name=\"twitter:label1\" content=\"Escrito por\" \/>\n\t<meta name=\"twitter:data1\" content=\"admin_acn\" \/>\n\t<meta name=\"twitter:label2\" content=\"Tiempo de lectura\" \/>\n\t<meta name=\"twitter:data2\" content=\"7 minutos\" \/>\n<script type=\"application\/ld+json\" class=\"yoast-schema-graph\">{\"@context\":\"https:\\\/\\\/schema.org\",\"@graph\":[{\"@type\":\"Article\",\"@id\":\"https:\\\/\\\/acninternational.org\\\/es\\\/arzobispo-en-las-islas-fiji-dios-escucha-el-llanto-de-mi-pueblo\\\/#article\",\"isPartOf\":{\"@id\":\"https:\\\/\\\/acninternational.org\\\/es\\\/arzobispo-en-las-islas-fiji-dios-escucha-el-llanto-de-mi-pueblo\\\/\"},\"author\":{\"name\":\"admin_acn\",\"@id\":\"https:\\\/\\\/acninternational.org\\\/es\\\/#\\\/schema\\\/person\\\/5a7468d38fb12b1976b6eeda95c21ebc\"},\"headline\":\"Arzobispo en las Islas Fiji: \u201cDios escucha el llanto de mi pueblo\u201d\",\"datePublished\":\"2018-08-16T22:00:00+00:00\",\"mainEntityOfPage\":{\"@id\":\"https:\\\/\\\/acninternational.org\\\/es\\\/arzobispo-en-las-islas-fiji-dios-escucha-el-llanto-de-mi-pueblo\\\/\"},\"wordCount\":1453,\"commentCount\":0,\"publisher\":{\"@id\":\"https:\\\/\\\/acninternational.org\\\/es\\\/#organization\"},\"image\":{\"@id\":\"https:\\\/\\\/acninternational.org\\\/es\\\/arzobispo-en-las-islas-fiji-dios-escucha-el-llanto-de-mi-pueblo\\\/#primaryimage\"},\"thumbnailUrl\":\"https:\\\/\\\/media.acninternational.org\\\/wp-content\\\/uploads\\\/2019\\\/11\\\/Arzobispo-en-las-Islas-Fiji-%E2%80%9CDios-escucha-el-llanto-de-mi-pueblo%E2%80%9D-image.jpg\",\"articleSection\":[\"ENTREVISTAS\"],\"inLanguage\":\"es\",\"potentialAction\":[{\"@type\":\"CommentAction\",\"name\":\"Comment\",\"target\":[\"https:\\\/\\\/acninternational.org\\\/es\\\/arzobispo-en-las-islas-fiji-dios-escucha-el-llanto-de-mi-pueblo\\\/#respond\"]}]},{\"@type\":\"WebPage\",\"@id\":\"https:\\\/\\\/acninternational.org\\\/es\\\/arzobispo-en-las-islas-fiji-dios-escucha-el-llanto-de-mi-pueblo\\\/\",\"url\":\"https:\\\/\\\/acninternational.org\\\/es\\\/arzobispo-en-las-islas-fiji-dios-escucha-el-llanto-de-mi-pueblo\\\/\",\"name\":\"Arzobispo en las Islas Fiji: \u201cDios escucha el llanto de mi pueblo\u201d | ACN International\",\"isPartOf\":{\"@id\":\"https:\\\/\\\/acninternational.org\\\/es\\\/#website\"},\"primaryImageOfPage\":{\"@id\":\"https:\\\/\\\/acninternational.org\\\/es\\\/arzobispo-en-las-islas-fiji-dios-escucha-el-llanto-de-mi-pueblo\\\/#primaryimage\"},\"image\":{\"@id\":\"https:\\\/\\\/acninternational.org\\\/es\\\/arzobispo-en-las-islas-fiji-dios-escucha-el-llanto-de-mi-pueblo\\\/#primaryimage\"},\"thumbnailUrl\":\"https:\\\/\\\/media.acninternational.org\\\/wp-content\\\/uploads\\\/2019\\\/11\\\/Arzobispo-en-las-Islas-Fiji-%E2%80%9CDios-escucha-el-llanto-de-mi-pueblo%E2%80%9D-image.jpg\",\"datePublished\":\"2018-08-16T22:00:00+00:00\",\"breadcrumb\":{\"@id\":\"https:\\\/\\\/acninternational.org\\\/es\\\/arzobispo-en-las-islas-fiji-dios-escucha-el-llanto-de-mi-pueblo\\\/#breadcrumb\"},\"inLanguage\":\"es\",\"potentialAction\":[{\"@type\":\"ReadAction\",\"target\":[\"https:\\\/\\\/acninternational.org\\\/es\\\/arzobispo-en-las-islas-fiji-dios-escucha-el-llanto-de-mi-pueblo\\\/\"]}]},{\"@type\":\"ImageObject\",\"inLanguage\":\"es\",\"@id\":\"https:\\\/\\\/acninternational.org\\\/es\\\/arzobispo-en-las-islas-fiji-dios-escucha-el-llanto-de-mi-pueblo\\\/#primaryimage\",\"url\":\"https:\\\/\\\/media.acninternational.org\\\/wp-content\\\/uploads\\\/2019\\\/11\\\/Arzobispo-en-las-Islas-Fiji-%E2%80%9CDios-escucha-el-llanto-de-mi-pueblo%E2%80%9D-image.jpg\",\"contentUrl\":\"https:\\\/\\\/media.acninternational.org\\\/wp-content\\\/uploads\\\/2019\\\/11\\\/Arzobispo-en-las-Islas-Fiji-%E2%80%9CDios-escucha-el-llanto-de-mi-pueblo%E2%80%9D-image.jpg\",\"width\":1200,\"height\":628,\"caption\":\"Arzobispo en las Islas Fiji: \u201cDios escucha el llanto de mi pueblo\u201d\"},{\"@type\":\"BreadcrumbList\",\"@id\":\"https:\\\/\\\/acninternational.org\\\/es\\\/arzobispo-en-las-islas-fiji-dios-escucha-el-llanto-de-mi-pueblo\\\/#breadcrumb\",\"itemListElement\":[{\"@type\":\"ListItem\",\"position\":1,\"name\":\"Home\",\"item\":\"https:\\\/\\\/acninternational.org\\\/es\\\/\"},{\"@type\":\"ListItem\",\"position\":2,\"name\":\"ENTREVISTAS\",\"item\":\"https:\\\/\\\/acninternational.org\\\/es\\\/category\\\/entrevistas\\\/\"},{\"@type\":\"ListItem\",\"position\":3,\"name\":\"Arzobispo en las Islas Fiji: \u201cDios escucha el llanto de mi pueblo\u201d\"}]},{\"@type\":\"WebSite\",\"@id\":\"https:\\\/\\\/acninternational.org\\\/es\\\/#website\",\"url\":\"https:\\\/\\\/acninternational.org\\\/es\\\/\",\"name\":\"ACN International\",\"description\":\"\",\"publisher\":{\"@id\":\"https:\\\/\\\/acninternational.org\\\/es\\\/#organization\"},\"potentialAction\":[{\"@type\":\"SearchAction\",\"target\":{\"@type\":\"EntryPoint\",\"urlTemplate\":\"https:\\\/\\\/acninternational.org\\\/es\\\/?s={search_term_string}\"},\"query-input\":{\"@type\":\"PropertyValueSpecification\",\"valueRequired\":true,\"valueName\":\"search_term_string\"}}],\"inLanguage\":\"es\"},{\"@type\":\"Organization\",\"@id\":\"https:\\\/\\\/acninternational.org\\\/es\\\/#organization\",\"name\":\"Aid to the Church in Need International\",\"url\":\"https:\\\/\\\/acninternational.org\\\/es\\\/\",\"logo\":{\"@type\":\"ImageObject\",\"inLanguage\":\"es\",\"@id\":\"https:\\\/\\\/acninternational.org\\\/es\\\/#\\\/schema\\\/logo\\\/image\\\/\",\"url\":\"https:\\\/\\\/media.acninternational.org\\\/wp-content\\\/uploads\\\/2019\\\/11\\\/acn_logo_blackvector.svg\",\"contentUrl\":\"https:\\\/\\\/media.acninternational.org\\\/wp-content\\\/uploads\\\/2019\\\/11\\\/acn_logo_blackvector.svg\",\"width\":232.6,\"height\":78,\"caption\":\"Aid to the Church in Need International\"},\"image\":{\"@id\":\"https:\\\/\\\/acninternational.org\\\/es\\\/#\\\/schema\\\/logo\\\/image\\\/\"},\"sameAs\":[\"https:\\\/\\\/www.facebook.com\\\/acninternationalorg\",\"https:\\\/\\\/x.com\\\/acn_int\",\"https:\\\/\\\/www.youtube.com\\\/channel\\\/UCQ-077gS0TnVzkhHmf1opZw\",\"https:\\\/\\\/www.instagram.com\\\/acn_international\\\/\"]},{\"@type\":\"Person\",\"@id\":\"https:\\\/\\\/acninternational.org\\\/es\\\/#\\\/schema\\\/person\\\/5a7468d38fb12b1976b6eeda95c21ebc\",\"name\":\"admin_acn\",\"url\":\"https:\\\/\\\/acninternational.org\\\/es\\\/author\\\/admin_acn\\\/\"}]}<\/script>\n<!-- \/ Yoast SEO Premium plugin. -->","yoast_head_json":{"title":"Arzobispo en las Islas Fiji: \u201cDios escucha el llanto de mi pueblo\u201d | ACN International","robots":{"index":"index","follow":"follow","max-snippet":"max-snippet:-1","max-image-preview":"max-image-preview:large","max-video-preview":"max-video-preview:-1"},"canonical":"https:\/\/acninternational.org\/es\/arzobispo-en-las-islas-fiji-dios-escucha-el-llanto-de-mi-pueblo\/","og_locale":"es_ES","og_type":"article","og_title":"Arzobispo en las Islas Fiji: \u201cDios escucha el llanto de mi pueblo\u201d","og_description":"Con motivo del tercer aniversario de la enc\u00edclica de Papa Francisco sobre el cuidado de la creaci\u00f3n \u2018Laudato Si' [\u00abAlabado","og_url":"https:\/\/acninternational.org\/es\/arzobispo-en-las-islas-fiji-dios-escucha-el-llanto-de-mi-pueblo\/","og_site_name":"ACN International","article_publisher":"https:\/\/www.facebook.com\/acninternationalorg","article_published_time":"2018-08-16T22:00:00+00:00","og_image":[{"width":1200,"height":628,"url":"https:\/\/media.acninternational.org\/wp-content\/uploads\/2019\/11\/Arzobispo-en-las-Islas-Fiji-%E2%80%9CDios-escucha-el-llanto-de-mi-pueblo%E2%80%9D-image.jpg","type":"image\/jpeg"}],"author":"admin_acn","twitter_card":"summary_large_image","twitter_creator":"@acn_int","twitter_site":"@acn_int","twitter_misc":{"Escrito por":"admin_acn","Tiempo de lectura":"7 minutos"},"schema":{"@context":"https:\/\/schema.org","@graph":[{"@type":"Article","@id":"https:\/\/acninternational.org\/es\/arzobispo-en-las-islas-fiji-dios-escucha-el-llanto-de-mi-pueblo\/#article","isPartOf":{"@id":"https:\/\/acninternational.org\/es\/arzobispo-en-las-islas-fiji-dios-escucha-el-llanto-de-mi-pueblo\/"},"author":{"name":"admin_acn","@id":"https:\/\/acninternational.org\/es\/#\/schema\/person\/5a7468d38fb12b1976b6eeda95c21ebc"},"headline":"Arzobispo en las Islas Fiji: \u201cDios escucha el llanto de mi pueblo\u201d","datePublished":"2018-08-16T22:00:00+00:00","mainEntityOfPage":{"@id":"https:\/\/acninternational.org\/es\/arzobispo-en-las-islas-fiji-dios-escucha-el-llanto-de-mi-pueblo\/"},"wordCount":1453,"commentCount":0,"publisher":{"@id":"https:\/\/acninternational.org\/es\/#organization"},"image":{"@id":"https:\/\/acninternational.org\/es\/arzobispo-en-las-islas-fiji-dios-escucha-el-llanto-de-mi-pueblo\/#primaryimage"},"thumbnailUrl":"https:\/\/media.acninternational.org\/wp-content\/uploads\/2019\/11\/Arzobispo-en-las-Islas-Fiji-%E2%80%9CDios-escucha-el-llanto-de-mi-pueblo%E2%80%9D-image.jpg","articleSection":["ENTREVISTAS"],"inLanguage":"es","potentialAction":[{"@type":"CommentAction","name":"Comment","target":["https:\/\/acninternational.org\/es\/arzobispo-en-las-islas-fiji-dios-escucha-el-llanto-de-mi-pueblo\/#respond"]}]},{"@type":"WebPage","@id":"https:\/\/acninternational.org\/es\/arzobispo-en-las-islas-fiji-dios-escucha-el-llanto-de-mi-pueblo\/","url":"https:\/\/acninternational.org\/es\/arzobispo-en-las-islas-fiji-dios-escucha-el-llanto-de-mi-pueblo\/","name":"Arzobispo en las Islas Fiji: \u201cDios escucha el llanto de mi pueblo\u201d | ACN International","isPartOf":{"@id":"https:\/\/acninternational.org\/es\/#website"},"primaryImageOfPage":{"@id":"https:\/\/acninternational.org\/es\/arzobispo-en-las-islas-fiji-dios-escucha-el-llanto-de-mi-pueblo\/#primaryimage"},"image":{"@id":"https:\/\/acninternational.org\/es\/arzobispo-en-las-islas-fiji-dios-escucha-el-llanto-de-mi-pueblo\/#primaryimage"},"thumbnailUrl":"https:\/\/media.acninternational.org\/wp-content\/uploads\/2019\/11\/Arzobispo-en-las-Islas-Fiji-%E2%80%9CDios-escucha-el-llanto-de-mi-pueblo%E2%80%9D-image.jpg","datePublished":"2018-08-16T22:00:00+00:00","breadcrumb":{"@id":"https:\/\/acninternational.org\/es\/arzobispo-en-las-islas-fiji-dios-escucha-el-llanto-de-mi-pueblo\/#breadcrumb"},"inLanguage":"es","potentialAction":[{"@type":"ReadAction","target":["https:\/\/acninternational.org\/es\/arzobispo-en-las-islas-fiji-dios-escucha-el-llanto-de-mi-pueblo\/"]}]},{"@type":"ImageObject","inLanguage":"es","@id":"https:\/\/acninternational.org\/es\/arzobispo-en-las-islas-fiji-dios-escucha-el-llanto-de-mi-pueblo\/#primaryimage","url":"https:\/\/media.acninternational.org\/wp-content\/uploads\/2019\/11\/Arzobispo-en-las-Islas-Fiji-%E2%80%9CDios-escucha-el-llanto-de-mi-pueblo%E2%80%9D-image.jpg","contentUrl":"https:\/\/media.acninternational.org\/wp-content\/uploads\/2019\/11\/Arzobispo-en-las-Islas-Fiji-%E2%80%9CDios-escucha-el-llanto-de-mi-pueblo%E2%80%9D-image.jpg","width":1200,"height":628,"caption":"Arzobispo en las Islas Fiji: \u201cDios escucha el llanto de mi pueblo\u201d"},{"@type":"BreadcrumbList","@id":"https:\/\/acninternational.org\/es\/arzobispo-en-las-islas-fiji-dios-escucha-el-llanto-de-mi-pueblo\/#breadcrumb","itemListElement":[{"@type":"ListItem","position":1,"name":"Home","item":"https:\/\/acninternational.org\/es\/"},{"@type":"ListItem","position":2,"name":"ENTREVISTAS","item":"https:\/\/acninternational.org\/es\/category\/entrevistas\/"},{"@type":"ListItem","position":3,"name":"Arzobispo en las Islas Fiji: \u201cDios escucha el llanto de mi pueblo\u201d"}]},{"@type":"WebSite","@id":"https:\/\/acninternational.org\/es\/#website","url":"https:\/\/acninternational.org\/es\/","name":"ACN International","description":"","publisher":{"@id":"https:\/\/acninternational.org\/es\/#organization"},"potentialAction":[{"@type":"SearchAction","target":{"@type":"EntryPoint","urlTemplate":"https:\/\/acninternational.org\/es\/?s={search_term_string}"},"query-input":{"@type":"PropertyValueSpecification","valueRequired":true,"valueName":"search_term_string"}}],"inLanguage":"es"},{"@type":"Organization","@id":"https:\/\/acninternational.org\/es\/#organization","name":"Aid to the Church in Need International","url":"https:\/\/acninternational.org\/es\/","logo":{"@type":"ImageObject","inLanguage":"es","@id":"https:\/\/acninternational.org\/es\/#\/schema\/logo\/image\/","url":"https:\/\/media.acninternational.org\/wp-content\/uploads\/2019\/11\/acn_logo_blackvector.svg","contentUrl":"https:\/\/media.acninternational.org\/wp-content\/uploads\/2019\/11\/acn_logo_blackvector.svg","width":232.6,"height":78,"caption":"Aid to the Church in Need International"},"image":{"@id":"https:\/\/acninternational.org\/es\/#\/schema\/logo\/image\/"},"sameAs":["https:\/\/www.facebook.com\/acninternationalorg","https:\/\/x.com\/acn_int","https:\/\/www.youtube.com\/channel\/UCQ-077gS0TnVzkhHmf1opZw","https:\/\/www.instagram.com\/acn_international\/"]},{"@type":"Person","@id":"https:\/\/acninternational.org\/es\/#\/schema\/person\/5a7468d38fb12b1976b6eeda95c21ebc","name":"admin_acn","url":"https:\/\/acninternational.org\/es\/author\/admin_acn\/"}]}},"_links":{"self":[{"href":"https:\/\/acninternational.org\/es\/wp-json\/wp\/v2\/posts\/118067","targetHints":{"allow":["GET"]}}],"collection":[{"href":"https:\/\/acninternational.org\/es\/wp-json\/wp\/v2\/posts"}],"about":[{"href":"https:\/\/acninternational.org\/es\/wp-json\/wp\/v2\/types\/post"}],"author":[{"embeddable":true,"href":"https:\/\/acninternational.org\/es\/wp-json\/wp\/v2\/users\/1"}],"replies":[{"embeddable":true,"href":"https:\/\/acninternational.org\/es\/wp-json\/wp\/v2\/comments?post=118067"}],"version-history":[{"count":0,"href":"https:\/\/acninternational.org\/es\/wp-json\/wp\/v2\/posts\/118067\/revisions"}],"wp:featuredmedia":[{"embeddable":true,"href":"https:\/\/acninternational.org\/es\/wp-json\/wp\/v2\/media\/118068"}],"wp:attachment":[{"href":"https:\/\/acninternational.org\/es\/wp-json\/wp\/v2\/media?parent=118067"}],"wp:term":[{"taxonomy":"category","embeddable":true,"href":"https:\/\/acninternational.org\/es\/wp-json\/wp\/v2\/categories?post=118067"},{"taxonomy":"post_tag","embeddable":true,"href":"https:\/\/acninternational.org\/es\/wp-json\/wp\/v2\/tags?post=118067"},{"taxonomy":"country","embeddable":true,"href":"https:\/\/acninternational.org\/es\/wp-json\/wp\/v2\/country?post=118067"}],"curies":[{"name":"wp","href":"https:\/\/api.w.org\/{rel}","templated":true}]}}