{"id":117933,"date":"2018-08-07T00:00:00","date_gmt":"2018-08-06T22:00:00","guid":{"rendered":"https:\/\/acninternational.org\/nunca-olvidare-lo-que-nos-ha-hecho-el-estado-islamico\/"},"modified":"2018-08-07T00:00:00","modified_gmt":"2018-08-06T22:00:00","slug":"nunca-olvidare-lo-que-nos-ha-hecho-el-estado-islamico","status":"publish","type":"post","link":"https:\/\/acninternational.org\/es\/nunca-olvidare-lo-que-nos-ha-hecho-el-estado-islamico\/","title":{"rendered":"\u00abNunca olvidar\u00e9 lo que nos ha hecho el Estado Isl\u00e1mico\u00bb"},"content":{"rendered":"<h2>Despu\u00e9s<strong> de pasar a\u00f1os desplazados, una familia cristiana se aventura a comenzar de nuevo. \u00abAid to the Church in Need\u00bb les ayuda<\/strong><\/h2>\n<p>&nbsp;<\/p>\n<figure id=\"attachment_42889\" aria-describedby=\"caption-attachment-42889\" style=\"width: 690px\" class=\"wp-caption aligncenter\"><img loading=\"lazy\" decoding=\"async\" class=\"size-full wp-image-42889\" src=\"https:\/\/media.acninternational.org\/wp-content\/uploads\/2019\/11\/ACN-20180724-74147-post.jpg\" alt=\"\" width=\"690\" height=\"524\" \/><figcaption id=\"caption-attachment-42889\" class=\"wp-caption-text\">Musa y su hija Miray (25)<\/figcaption><\/figure>\n<p><strong>\u00a0<\/strong>\u00abNunca olvidar\u00e9 lo que nos ha hecho el Estado Isl\u00e1mico . Musa es un hombre pac\u00edfico y con buen humor, sin embargo, lo que tuvieron que sufrir su familia y los cristianos de Irak con los extremistas isl\u00e1micos sigue despertando la ira en este hombre de 63 a\u00f1os. La noche del 6 de agosto de 2014 tuvo que salir huyendo con su mujer y sus seis hijos de Qaraqosh, la que hasta entonces era la mayor ciudad cristiana de Irak. El p\u00e1nico ante el avance de los terroristas hizo que su familia tomara esta decisi\u00f3n. Dejaron todo atr\u00e1s y encontraron refugio en Erbil. All\u00ed, Musa y los suyos pasaron los primeros d\u00edas durmiendo en la calle. Se calcula un total de 120.000 cristianos que llegaron en esos d\u00edas de refugiados\u00a0. Despu\u00e9s compartieron una aula en un colegio con otros 25 refugiados. Los a\u00f1os siguientes los pasaron en una peque\u00f1a vivienda con otra familia. \u00abAid to the Church in Need\u00bb\u00a0se ocup\u00f3 de abonar el alquiler, como en el caso de otros miles de familias cristianas que no pod\u00edan haberlo hecho por s\u00ed mismos. Musa, mec\u00e1nico de profesi\u00f3n, no consigui\u00f3 encontrar trabajo en Ozal City, un barrio a las afueras de Erbil. \u00a0Pero su mujer trabajaba como profesora de arameo, la lengua de los cristianos por un peque\u00f1o sueldo. Hasta noviembre de 2017 no pudieron regresar a su casa. \u00abMe qued\u00e9 horrorizado cuando volv\u00ed a ver nuestra ciudad. \u00a1Tanta destrucci\u00f3n! Lo peor fue que nuestra casa estaba completamente vac\u00eda: nos hab\u00edan robado todo\u00bb, recuerda Musa. No sabe qui\u00e9n fue quien saque\u00f3 y destroz\u00f3 su casa. \u00bfFueron los combatientes del EI o vecinos de los pueblos musulmanes de los alrededores? \u00abMe da igual, el caso es que ha sucedido\u00bb.<\/p>\n<p>&nbsp;<\/p>\n<figure id=\"attachment_42890\" aria-describedby=\"caption-attachment-42890\" style=\"width: 690px\" class=\"wp-caption aligncenter\"><img loading=\"lazy\" decoding=\"async\" class=\"size-full wp-image-42890\" src=\"https:\/\/media.acninternational.org\/wp-content\/uploads\/2019\/11\/ACN-20180719-74088-post.jpg\" alt=\"An ACN delegation is visiting Musa and his family at their house: Aimery de Virac (ACN Iraq), Miray, Musa, Iban de la Soto (ACN Iraq), Father Georges Jahola, Oliver Maksan and the wife of Musa\" width=\"690\" height=\"491\" \/><figcaption id=\"caption-attachment-42890\" class=\"wp-caption-text\">Una delegaci\u00f3n de ACN visita a Musa y su familia en su casa:<br \/>Aimery de Virac (ACN Iraq), Miray, Musa, Iban de la Soto (ACN Iraq), el padre Georges Jahola, Oliver Maksan y la esposa de Musa<\/figcaption><\/figure>\n<h3><\/h3>\n<h3><\/h3>\n<h3>A miles de familias les pas\u00f3 lo mismo que a la de Musa<\/h3>\n<p>ACN ayud\u00f3 a aquellos cristianos iraqu\u00edes desplazados en Erbil y ahora les ayuda a volver a sus casas en la Llanura de Ninive. Musa siempre tuvo claro que volver\u00edan: \u00abPor muchas dificultades que haya aqu\u00ed, quien procede de Qaraqosh, como yo y mis antepasados, siempre querr\u00e1 regresar a esta ciudad\u00bb. La casa de Musa fue rehabilitada con la ayuda de \u00abAid to the Church in Need\u00bb. Afortunadamente, los desperfectos tampoco eran demasiado grandes: hubo que renovar las puertas y ventanas y pintar las habitaciones. Del mobiliario se tuvo que ocupar la familia. Ahora se sienten de nuevo en su hogar. \u00abEstoy muy agradecido de todo coraz\u00f3n a los benefactores. Sin su ayuda no habr\u00edamos podido regresar a nuestra casa\u00bb.<\/p>\n<p>&nbsp;<\/p>\n<figure id=\"attachment_42891\" aria-describedby=\"caption-attachment-42891\" style=\"width: 690px\" class=\"wp-caption aligncenter\"><img loading=\"lazy\" decoding=\"async\" class=\"size-full wp-image-42891\" src=\"https:\/\/media.acninternational.org\/wp-content\/uploads\/2019\/11\/ACN-20180608-72305-post.jpg\" alt=\"Qaraqosh (Baghdeda)\" width=\"690\" height=\"434\" \/><figcaption id=\"caption-attachment-42891\" class=\"wp-caption-text\">Qaraqosh (Baghdeda)<\/figcaption><\/figure>\n<p>&nbsp;<\/p>\n<p>La hija de Musa asiente a lo que dice su padre. Miray tiene 25 a\u00f1os y trabaja como enfermera en el hospital local. En 2014 tuvo que interrumpir sus estudios en Mosul debido al avance del Estado Isl\u00e1mico. M\u00e1s tarde pudo continuarlos en Erbil. Sin embargo, vivi\u00f3 el tiempo del exilio de manera fruct\u00edfera: \u00abPude ayudar a la gente desde mi condici\u00f3n de enfermera. Fue una experiencia muy buena para m\u00ed\u00bb. En general, esta joven ten\u00eda la sensaci\u00f3n de que las personas, a pesar de todas las desgracias, se acercaron m\u00e1s los unos a los otros. \u00abDi gracias a Dios por el hecho de que las personas se ayudaron las unas a las otras. Antes solo contaba lo material: casas m\u00e1s grandes, m\u00e1s dinero\u2026 Ahora hemos entendido que en la vida hay algo m\u00e1s\u00bb. Apela a los benefactores de \u00abAid to the Church in Need\u00bb a que no solo los apoyen en lo material, sino tambi\u00e9n espiritualmente: \u00abNecesitamos sus oraciones\u00bb. La fe de Miray sufri\u00f3 una dura prueba durante todos estos a\u00f1os de<span style=\"text-decoration: line-through;\">l<\/span> exilio, pero en definitiva sali\u00f3 fortalecida: \u00abnot\u00e9 claramente que Dios est\u00e1 con nosotros\u00bb. Esta joven ve su futuro en Irak, aunque le preocupe la seguridad all\u00ed. Le gustar\u00eda continuar los estudios para ser m\u00e9dico. \u00abLo mejor ser\u00eda estudiar en el extranjero; hay mejores condiciones. Estoy ahorrando ya para hacerlo. Pero en cualquier caso volver\u00e9 a Irak, para ayudar a mis compatriotas\u00bb.<\/p>\n<p>&nbsp;<\/p>\n<figure id=\"attachment_42893\" aria-describedby=\"caption-attachment-42893\" style=\"width: 690px\" class=\"wp-caption aligncenter\"><img loading=\"lazy\" decoding=\"async\" class=\"size-full wp-image-42893\" src=\"https:\/\/media.acninternational.org\/wp-content\/uploads\/2019\/11\/ACN-20171002-62007-post.jpg\" alt=\"Qaraqosh\" width=\"690\" height=\"458\" \/><figcaption id=\"caption-attachment-42893\" class=\"wp-caption-text\">La procesi\u00f3n de los cristianos en Qaraqosh que simb\u00f3licamente regresan a su pueblo<\/figcaption><\/figure>\n","protected":false},"excerpt":{"rendered":"<p>Despu\u00e9s de pasar a\u00f1os desplazados, una familia cristiana se aventura a comenzar de nuevo. \u00abAid to the Church in Need\u00bb<\/p>\n","protected":false},"author":1,"featured_media":117934,"comment_status":"open","ping_status":"open","sticky":false,"template":"","format":"standard","meta":{"_acf_changed":false,"_acn_coauthor_ids":[],"_acn_featured_article":false,"footnotes":""},"categories":[713],"tags":[],"country":[],"class_list":["post-117933","post","type-post","status-publish","format-standard","has-post-thumbnail","hentry","category-historias"],"acn_coauthors":[],"acf":[],"yoast_head":"<!-- This site is optimized with the Yoast SEO Premium plugin v27.5 (Yoast SEO v27.5) - https:\/\/yoast.com\/product\/yoast-seo-premium-wordpress\/ -->\n<title>\u00abNunca olvidar\u00e9 lo que nos ha hecho el Estado Isl\u00e1mico\u00bb | ACN International<\/title>\n<meta name=\"robots\" content=\"index, follow, max-snippet:-1, max-image-preview:large, max-video-preview:-1\" \/>\n<link rel=\"canonical\" href=\"https:\/\/acninternational.org\/es\/nunca-olvidare-lo-que-nos-ha-hecho-el-estado-islamico\/\" \/>\n<meta property=\"og:locale\" content=\"es_ES\" \/>\n<meta property=\"og:type\" content=\"article\" \/>\n<meta property=\"og:title\" content=\"\u00abNunca olvidar\u00e9 lo que nos ha hecho el Estado Isl\u00e1mico\u00bb\" \/>\n<meta property=\"og:description\" content=\"Despu\u00e9s de pasar a\u00f1os desplazados, una familia cristiana se aventura a comenzar de nuevo. \u00abAid to the Church in Need\u00bb\" \/>\n<meta property=\"og:url\" content=\"https:\/\/acninternational.org\/es\/nunca-olvidare-lo-que-nos-ha-hecho-el-estado-islamico\/\" \/>\n<meta property=\"og:site_name\" content=\"ACN International\" \/>\n<meta property=\"article:publisher\" content=\"https:\/\/www.facebook.com\/acninternationalorg\" \/>\n<meta property=\"article:published_time\" content=\"2018-08-06T22:00:00+00:00\" \/>\n<meta property=\"og:image\" content=\"https:\/\/media.acninternational.org\/wp-content\/uploads\/2019\/11\/%C2%ABNunca-olvidar%C3%A9-lo-que-nos-ha-hecho-el-Estado-Isl%C3%A1mico%C2%BB-image.jpg\" \/>\n\t<meta property=\"og:image:width\" content=\"1200\" \/>\n\t<meta property=\"og:image:height\" content=\"628\" \/>\n\t<meta property=\"og:image:type\" content=\"image\/jpeg\" \/>\n<meta name=\"author\" content=\"admin_acn\" \/>\n<meta name=\"twitter:card\" content=\"summary_large_image\" \/>\n<meta name=\"twitter:creator\" content=\"@acn_int\" \/>\n<meta name=\"twitter:site\" content=\"@acn_int\" \/>\n<meta name=\"twitter:label1\" content=\"Escrito por\" \/>\n\t<meta name=\"twitter:data1\" content=\"admin_acn\" \/>\n\t<meta name=\"twitter:label2\" content=\"Tiempo de lectura\" \/>\n\t<meta name=\"twitter:data2\" content=\"4 minutos\" \/>\n<script type=\"application\/ld+json\" class=\"yoast-schema-graph\">{\"@context\":\"https:\\\/\\\/schema.org\",\"@graph\":[{\"@type\":\"Article\",\"@id\":\"https:\\\/\\\/acninternational.org\\\/es\\\/nunca-olvidare-lo-que-nos-ha-hecho-el-estado-islamico\\\/#article\",\"isPartOf\":{\"@id\":\"https:\\\/\\\/acninternational.org\\\/es\\\/nunca-olvidare-lo-que-nos-ha-hecho-el-estado-islamico\\\/\"},\"author\":{\"name\":\"admin_acn\",\"@id\":\"https:\\\/\\\/acninternational.org\\\/es\\\/#\\\/schema\\\/person\\\/5a7468d38fb12b1976b6eeda95c21ebc\"},\"headline\":\"\u00abNunca olvidar\u00e9 lo que nos ha hecho el Estado Isl\u00e1mico\u00bb\",\"datePublished\":\"2018-08-06T22:00:00+00:00\",\"mainEntityOfPage\":{\"@id\":\"https:\\\/\\\/acninternational.org\\\/es\\\/nunca-olvidare-lo-que-nos-ha-hecho-el-estado-islamico\\\/\"},\"wordCount\":812,\"commentCount\":0,\"publisher\":{\"@id\":\"https:\\\/\\\/acninternational.org\\\/es\\\/#organization\"},\"image\":{\"@id\":\"https:\\\/\\\/acninternational.org\\\/es\\\/nunca-olvidare-lo-que-nos-ha-hecho-el-estado-islamico\\\/#primaryimage\"},\"thumbnailUrl\":\"https:\\\/\\\/media.acninternational.org\\\/wp-content\\\/uploads\\\/2019\\\/11\\\/%C2%ABNunca-olvidar%C3%A9-lo-que-nos-ha-hecho-el-Estado-Isl%C3%A1mico%C2%BB-image.jpg\",\"articleSection\":[\"HISTORIAS\"],\"inLanguage\":\"es\",\"potentialAction\":[{\"@type\":\"CommentAction\",\"name\":\"Comment\",\"target\":[\"https:\\\/\\\/acninternational.org\\\/es\\\/nunca-olvidare-lo-que-nos-ha-hecho-el-estado-islamico\\\/#respond\"]}]},{\"@type\":\"WebPage\",\"@id\":\"https:\\\/\\\/acninternational.org\\\/es\\\/nunca-olvidare-lo-que-nos-ha-hecho-el-estado-islamico\\\/\",\"url\":\"https:\\\/\\\/acninternational.org\\\/es\\\/nunca-olvidare-lo-que-nos-ha-hecho-el-estado-islamico\\\/\",\"name\":\"\u00abNunca olvidar\u00e9 lo que nos ha hecho el Estado Isl\u00e1mico\u00bb | ACN International\",\"isPartOf\":{\"@id\":\"https:\\\/\\\/acninternational.org\\\/es\\\/#website\"},\"primaryImageOfPage\":{\"@id\":\"https:\\\/\\\/acninternational.org\\\/es\\\/nunca-olvidare-lo-que-nos-ha-hecho-el-estado-islamico\\\/#primaryimage\"},\"image\":{\"@id\":\"https:\\\/\\\/acninternational.org\\\/es\\\/nunca-olvidare-lo-que-nos-ha-hecho-el-estado-islamico\\\/#primaryimage\"},\"thumbnailUrl\":\"https:\\\/\\\/media.acninternational.org\\\/wp-content\\\/uploads\\\/2019\\\/11\\\/%C2%ABNunca-olvidar%C3%A9-lo-que-nos-ha-hecho-el-Estado-Isl%C3%A1mico%C2%BB-image.jpg\",\"datePublished\":\"2018-08-06T22:00:00+00:00\",\"breadcrumb\":{\"@id\":\"https:\\\/\\\/acninternational.org\\\/es\\\/nunca-olvidare-lo-que-nos-ha-hecho-el-estado-islamico\\\/#breadcrumb\"},\"inLanguage\":\"es\",\"potentialAction\":[{\"@type\":\"ReadAction\",\"target\":[\"https:\\\/\\\/acninternational.org\\\/es\\\/nunca-olvidare-lo-que-nos-ha-hecho-el-estado-islamico\\\/\"]}]},{\"@type\":\"ImageObject\",\"inLanguage\":\"es\",\"@id\":\"https:\\\/\\\/acninternational.org\\\/es\\\/nunca-olvidare-lo-que-nos-ha-hecho-el-estado-islamico\\\/#primaryimage\",\"url\":\"https:\\\/\\\/media.acninternational.org\\\/wp-content\\\/uploads\\\/2019\\\/11\\\/%C2%ABNunca-olvidar%C3%A9-lo-que-nos-ha-hecho-el-Estado-Isl%C3%A1mico%C2%BB-image.jpg\",\"contentUrl\":\"https:\\\/\\\/media.acninternational.org\\\/wp-content\\\/uploads\\\/2019\\\/11\\\/%C2%ABNunca-olvidar%C3%A9-lo-que-nos-ha-hecho-el-Estado-Isl%C3%A1mico%C2%BB-image.jpg\",\"width\":1200,\"height\":628,\"caption\":\"\u00abNunca olvidar\u00e9 lo que nos ha hecho el Estado Isl\u00e1mico\u00bb\"},{\"@type\":\"BreadcrumbList\",\"@id\":\"https:\\\/\\\/acninternational.org\\\/es\\\/nunca-olvidare-lo-que-nos-ha-hecho-el-estado-islamico\\\/#breadcrumb\",\"itemListElement\":[{\"@type\":\"ListItem\",\"position\":1,\"name\":\"Home\",\"item\":\"https:\\\/\\\/acninternational.org\\\/es\\\/\"},{\"@type\":\"ListItem\",\"position\":2,\"name\":\"HISTORIAS\",\"item\":\"https:\\\/\\\/acninternational.org\\\/es\\\/category\\\/historias\\\/\"},{\"@type\":\"ListItem\",\"position\":3,\"name\":\"\u00abNunca olvidar\u00e9 lo que nos ha hecho el Estado Isl\u00e1mico\u00bb\"}]},{\"@type\":\"WebSite\",\"@id\":\"https:\\\/\\\/acninternational.org\\\/es\\\/#website\",\"url\":\"https:\\\/\\\/acninternational.org\\\/es\\\/\",\"name\":\"ACN International\",\"description\":\"\",\"publisher\":{\"@id\":\"https:\\\/\\\/acninternational.org\\\/es\\\/#organization\"},\"potentialAction\":[{\"@type\":\"SearchAction\",\"target\":{\"@type\":\"EntryPoint\",\"urlTemplate\":\"https:\\\/\\\/acninternational.org\\\/es\\\/?s={search_term_string}\"},\"query-input\":{\"@type\":\"PropertyValueSpecification\",\"valueRequired\":true,\"valueName\":\"search_term_string\"}}],\"inLanguage\":\"es\"},{\"@type\":\"Organization\",\"@id\":\"https:\\\/\\\/acninternational.org\\\/es\\\/#organization\",\"name\":\"Aid to the Church in Need International\",\"url\":\"https:\\\/\\\/acninternational.org\\\/es\\\/\",\"logo\":{\"@type\":\"ImageObject\",\"inLanguage\":\"es\",\"@id\":\"https:\\\/\\\/acninternational.org\\\/es\\\/#\\\/schema\\\/logo\\\/image\\\/\",\"url\":\"https:\\\/\\\/media.acninternational.org\\\/wp-content\\\/uploads\\\/2019\\\/11\\\/acn_logo_blackvector.svg\",\"contentUrl\":\"https:\\\/\\\/media.acninternational.org\\\/wp-content\\\/uploads\\\/2019\\\/11\\\/acn_logo_blackvector.svg\",\"width\":232.6,\"height\":78,\"caption\":\"Aid to the Church in Need International\"},\"image\":{\"@id\":\"https:\\\/\\\/acninternational.org\\\/es\\\/#\\\/schema\\\/logo\\\/image\\\/\"},\"sameAs\":[\"https:\\\/\\\/www.facebook.com\\\/acninternationalorg\",\"https:\\\/\\\/x.com\\\/acn_int\",\"https:\\\/\\\/www.youtube.com\\\/channel\\\/UCQ-077gS0TnVzkhHmf1opZw\",\"https:\\\/\\\/www.instagram.com\\\/acn_international\\\/\"]},{\"@type\":\"Person\",\"@id\":\"https:\\\/\\\/acninternational.org\\\/es\\\/#\\\/schema\\\/person\\\/5a7468d38fb12b1976b6eeda95c21ebc\",\"name\":\"admin_acn\",\"url\":\"https:\\\/\\\/acninternational.org\\\/es\\\/author\\\/admin_acn\\\/\"}]}<\/script>\n<!-- \/ Yoast SEO Premium plugin. -->","yoast_head_json":{"title":"\u00abNunca olvidar\u00e9 lo que nos ha hecho el Estado Isl\u00e1mico\u00bb | ACN International","robots":{"index":"index","follow":"follow","max-snippet":"max-snippet:-1","max-image-preview":"max-image-preview:large","max-video-preview":"max-video-preview:-1"},"canonical":"https:\/\/acninternational.org\/es\/nunca-olvidare-lo-que-nos-ha-hecho-el-estado-islamico\/","og_locale":"es_ES","og_type":"article","og_title":"\u00abNunca olvidar\u00e9 lo que nos ha hecho el Estado Isl\u00e1mico\u00bb","og_description":"Despu\u00e9s de pasar a\u00f1os desplazados, una familia cristiana se aventura a comenzar de nuevo. \u00abAid to the Church in Need\u00bb","og_url":"https:\/\/acninternational.org\/es\/nunca-olvidare-lo-que-nos-ha-hecho-el-estado-islamico\/","og_site_name":"ACN International","article_publisher":"https:\/\/www.facebook.com\/acninternationalorg","article_published_time":"2018-08-06T22:00:00+00:00","og_image":[{"width":1200,"height":628,"url":"https:\/\/media.acninternational.org\/wp-content\/uploads\/2019\/11\/%C2%ABNunca-olvidar%C3%A9-lo-que-nos-ha-hecho-el-Estado-Isl%C3%A1mico%C2%BB-image.jpg","type":"image\/jpeg"}],"author":"admin_acn","twitter_card":"summary_large_image","twitter_creator":"@acn_int","twitter_site":"@acn_int","twitter_misc":{"Escrito por":"admin_acn","Tiempo de lectura":"4 minutos"},"schema":{"@context":"https:\/\/schema.org","@graph":[{"@type":"Article","@id":"https:\/\/acninternational.org\/es\/nunca-olvidare-lo-que-nos-ha-hecho-el-estado-islamico\/#article","isPartOf":{"@id":"https:\/\/acninternational.org\/es\/nunca-olvidare-lo-que-nos-ha-hecho-el-estado-islamico\/"},"author":{"name":"admin_acn","@id":"https:\/\/acninternational.org\/es\/#\/schema\/person\/5a7468d38fb12b1976b6eeda95c21ebc"},"headline":"\u00abNunca olvidar\u00e9 lo que nos ha hecho el Estado Isl\u00e1mico\u00bb","datePublished":"2018-08-06T22:00:00+00:00","mainEntityOfPage":{"@id":"https:\/\/acninternational.org\/es\/nunca-olvidare-lo-que-nos-ha-hecho-el-estado-islamico\/"},"wordCount":812,"commentCount":0,"publisher":{"@id":"https:\/\/acninternational.org\/es\/#organization"},"image":{"@id":"https:\/\/acninternational.org\/es\/nunca-olvidare-lo-que-nos-ha-hecho-el-estado-islamico\/#primaryimage"},"thumbnailUrl":"https:\/\/media.acninternational.org\/wp-content\/uploads\/2019\/11\/%C2%ABNunca-olvidar%C3%A9-lo-que-nos-ha-hecho-el-Estado-Isl%C3%A1mico%C2%BB-image.jpg","articleSection":["HISTORIAS"],"inLanguage":"es","potentialAction":[{"@type":"CommentAction","name":"Comment","target":["https:\/\/acninternational.org\/es\/nunca-olvidare-lo-que-nos-ha-hecho-el-estado-islamico\/#respond"]}]},{"@type":"WebPage","@id":"https:\/\/acninternational.org\/es\/nunca-olvidare-lo-que-nos-ha-hecho-el-estado-islamico\/","url":"https:\/\/acninternational.org\/es\/nunca-olvidare-lo-que-nos-ha-hecho-el-estado-islamico\/","name":"\u00abNunca olvidar\u00e9 lo que nos ha hecho el Estado Isl\u00e1mico\u00bb | ACN International","isPartOf":{"@id":"https:\/\/acninternational.org\/es\/#website"},"primaryImageOfPage":{"@id":"https:\/\/acninternational.org\/es\/nunca-olvidare-lo-que-nos-ha-hecho-el-estado-islamico\/#primaryimage"},"image":{"@id":"https:\/\/acninternational.org\/es\/nunca-olvidare-lo-que-nos-ha-hecho-el-estado-islamico\/#primaryimage"},"thumbnailUrl":"https:\/\/media.acninternational.org\/wp-content\/uploads\/2019\/11\/%C2%ABNunca-olvidar%C3%A9-lo-que-nos-ha-hecho-el-Estado-Isl%C3%A1mico%C2%BB-image.jpg","datePublished":"2018-08-06T22:00:00+00:00","breadcrumb":{"@id":"https:\/\/acninternational.org\/es\/nunca-olvidare-lo-que-nos-ha-hecho-el-estado-islamico\/#breadcrumb"},"inLanguage":"es","potentialAction":[{"@type":"ReadAction","target":["https:\/\/acninternational.org\/es\/nunca-olvidare-lo-que-nos-ha-hecho-el-estado-islamico\/"]}]},{"@type":"ImageObject","inLanguage":"es","@id":"https:\/\/acninternational.org\/es\/nunca-olvidare-lo-que-nos-ha-hecho-el-estado-islamico\/#primaryimage","url":"https:\/\/media.acninternational.org\/wp-content\/uploads\/2019\/11\/%C2%ABNunca-olvidar%C3%A9-lo-que-nos-ha-hecho-el-Estado-Isl%C3%A1mico%C2%BB-image.jpg","contentUrl":"https:\/\/media.acninternational.org\/wp-content\/uploads\/2019\/11\/%C2%ABNunca-olvidar%C3%A9-lo-que-nos-ha-hecho-el-Estado-Isl%C3%A1mico%C2%BB-image.jpg","width":1200,"height":628,"caption":"\u00abNunca olvidar\u00e9 lo que nos ha hecho el Estado Isl\u00e1mico\u00bb"},{"@type":"BreadcrumbList","@id":"https:\/\/acninternational.org\/es\/nunca-olvidare-lo-que-nos-ha-hecho-el-estado-islamico\/#breadcrumb","itemListElement":[{"@type":"ListItem","position":1,"name":"Home","item":"https:\/\/acninternational.org\/es\/"},{"@type":"ListItem","position":2,"name":"HISTORIAS","item":"https:\/\/acninternational.org\/es\/category\/historias\/"},{"@type":"ListItem","position":3,"name":"\u00abNunca olvidar\u00e9 lo que nos ha hecho el Estado Isl\u00e1mico\u00bb"}]},{"@type":"WebSite","@id":"https:\/\/acninternational.org\/es\/#website","url":"https:\/\/acninternational.org\/es\/","name":"ACN International","description":"","publisher":{"@id":"https:\/\/acninternational.org\/es\/#organization"},"potentialAction":[{"@type":"SearchAction","target":{"@type":"EntryPoint","urlTemplate":"https:\/\/acninternational.org\/es\/?s={search_term_string}"},"query-input":{"@type":"PropertyValueSpecification","valueRequired":true,"valueName":"search_term_string"}}],"inLanguage":"es"},{"@type":"Organization","@id":"https:\/\/acninternational.org\/es\/#organization","name":"Aid to the Church in Need International","url":"https:\/\/acninternational.org\/es\/","logo":{"@type":"ImageObject","inLanguage":"es","@id":"https:\/\/acninternational.org\/es\/#\/schema\/logo\/image\/","url":"https:\/\/media.acninternational.org\/wp-content\/uploads\/2019\/11\/acn_logo_blackvector.svg","contentUrl":"https:\/\/media.acninternational.org\/wp-content\/uploads\/2019\/11\/acn_logo_blackvector.svg","width":232.6,"height":78,"caption":"Aid to the Church in Need International"},"image":{"@id":"https:\/\/acninternational.org\/es\/#\/schema\/logo\/image\/"},"sameAs":["https:\/\/www.facebook.com\/acninternationalorg","https:\/\/x.com\/acn_int","https:\/\/www.youtube.com\/channel\/UCQ-077gS0TnVzkhHmf1opZw","https:\/\/www.instagram.com\/acn_international\/"]},{"@type":"Person","@id":"https:\/\/acninternational.org\/es\/#\/schema\/person\/5a7468d38fb12b1976b6eeda95c21ebc","name":"admin_acn","url":"https:\/\/acninternational.org\/es\/author\/admin_acn\/"}]}},"_links":{"self":[{"href":"https:\/\/acninternational.org\/es\/wp-json\/wp\/v2\/posts\/117933","targetHints":{"allow":["GET"]}}],"collection":[{"href":"https:\/\/acninternational.org\/es\/wp-json\/wp\/v2\/posts"}],"about":[{"href":"https:\/\/acninternational.org\/es\/wp-json\/wp\/v2\/types\/post"}],"author":[{"embeddable":true,"href":"https:\/\/acninternational.org\/es\/wp-json\/wp\/v2\/users\/1"}],"replies":[{"embeddable":true,"href":"https:\/\/acninternational.org\/es\/wp-json\/wp\/v2\/comments?post=117933"}],"version-history":[{"count":0,"href":"https:\/\/acninternational.org\/es\/wp-json\/wp\/v2\/posts\/117933\/revisions"}],"wp:featuredmedia":[{"embeddable":true,"href":"https:\/\/acninternational.org\/es\/wp-json\/wp\/v2\/media\/117934"}],"wp:attachment":[{"href":"https:\/\/acninternational.org\/es\/wp-json\/wp\/v2\/media?parent=117933"}],"wp:term":[{"taxonomy":"category","embeddable":true,"href":"https:\/\/acninternational.org\/es\/wp-json\/wp\/v2\/categories?post=117933"},{"taxonomy":"post_tag","embeddable":true,"href":"https:\/\/acninternational.org\/es\/wp-json\/wp\/v2\/tags?post=117933"},{"taxonomy":"country","embeddable":true,"href":"https:\/\/acninternational.org\/es\/wp-json\/wp\/v2\/country?post=117933"}],"curies":[{"name":"wp","href":"https:\/\/api.w.org\/{rel}","templated":true}]}}