{"id":117493,"date":"2018-06-28T00:00:00","date_gmt":"2018-06-27T22:00:00","guid":{"rendered":"https:\/\/acninternational.org\/ucrania-la-iglesia-es-la-abogada-del-pueblo\/"},"modified":"2018-06-28T00:00:00","modified_gmt":"2018-06-27T22:00:00","slug":"ucrania-la-iglesia-es-la-abogada-del-pueblo","status":"publish","type":"post","link":"https:\/\/acninternational.org\/es\/ucrania-la-iglesia-es-la-abogada-del-pueblo\/","title":{"rendered":"Ucrania: \u00abLa Iglesia es la abogada del pueblo\u00bb"},"content":{"rendered":"<h2>Ucrania es un pa\u00eds en el punto de mira: el conflicto con Rusia en el este del pa\u00eds sigue produciendo muertos.<\/h2>\n<p><em>La Fundaci\u00f3n Pontificia Internacional \u00abAid to the Church in Need\u00bb viene ayudando a los cristianos de Ucrania desde hace cinco d\u00e9cadas. Tobias Lehner informa sobre las viejas heridas y los nuevos desaf\u00edos en el pa\u00eds, despu\u00e9s de regresar de un viaje de la fundaci\u00f3n pontificia \u00abAid to the Church in Need\u00bb. <\/em><\/p>\n<p><strong><em>ACN:<\/em><em> Hace poco m\u00e1s de cuatro a\u00f1os, la opini\u00f3n p\u00fablica mundial puso su mirada en Ucrania. Actualmente, la situaci\u00f3n parece haberse tranquilizado en el pa\u00eds. \u00bfEs una tranquilidad enga\u00f1osa?<\/em><\/strong><\/p>\n<figure id=\"attachment_40218\" aria-describedby=\"caption-attachment-40218\" style=\"width: 300px\" class=\"wp-caption alignleft\"><img loading=\"lazy\" decoding=\"async\" class=\"wp-image-40218\" src=\"https:\/\/media.acninternational.org\/wp-content\/uploads\/2019\/11\/ACN-20180622-72850-post.jpg\" alt=\"Tobias Lehner, head of public relations at ACN Germany\" width=\"300\" height=\"450\" \/><figcaption id=\"caption-attachment-40218\" class=\"wp-caption-text\">Tobias Lehner, jefe de relaciones p\u00fablicas de ACN Alemania<\/figcaption><\/figure>\n<p><strong>Tobias Lehner:<\/strong> Efectivamente; Ucrania es un pa\u00eds en guerra. Esta est\u00e1 omnipresente en los relatos de la gente, aunque vivan en una seguridad y paz relativas. A pesar de dos acuerdos de alto el fuego, en la regi\u00f3n de la Cuenca del Donets se siguen produciendo disparos. El n\u00famero de v\u00edctimas ha crecido hasta alcanzar m\u00e1s de 10.000. Me encontr\u00e9 con un sacerdote que viaja una y otra vez a la regi\u00f3n en guerra y que ayuda a la poblaci\u00f3n. Me refiri\u00f3 que justo el mismo d\u00eda en que est\u00e1bamos hablando hab\u00edan disparado al convoy de otro sacerdote, que result\u00f3 pasto de las llamas. Gracias a Dios, el sacerdote y los voluntarios pudieron bajarse del veh\u00edculo y ponerse a salvo. En J\u00e1rkov, cerca de la frontera rusa, me encontr\u00e9 con una mujer que, una semana antes, hab\u00eda abandonado su casa a toda prisa, con su marido y dos hijos peque\u00f1os; viv\u00edan en la regi\u00f3n en guerra. No ten\u00edan nada m\u00e1s que lo que llevaban puesto. Ahora les atienden en un centro de la di\u00f3cesis. Esos encuentros le llegan a uno al alma.<\/p>\n<p><strong><em>Otro foco de conflicto sigue siendo la pen\u00ednsula de Crimea, que fue anexionada por Rusia en marzo de 2014.\u00bfQu\u00e9 ha podido saber de la situaci\u00f3n de all\u00ed?<\/em><\/strong><\/p>\n<p>El Obispo auxiliar de la di\u00f3cesis de Odessa-Simf\u00e9ropol, Jacek Pyl, responsable de la minor\u00eda cat\u00f3lica en Crimea, me habl\u00f3 de una situaci\u00f3n ambivalente: por un lado, la poblaci\u00f3n vive en paz, aunque est\u00e1 sea fr\u00e1gil; la Iglesia puede trabajar tambi\u00e9n en una paz relativa. Por otro lado, la situaci\u00f3n humanitaria es muy tensa para muchas personas que viven all\u00ed. Los precios de los alimentos han crecido mucho y por eso sobre todo las familias con ni\u00f1os y las personas mayores no pueden conseguir lo m\u00e1s necesario para vivir. La di\u00f3cesis ayuda con paquetes de alimentos y cuenta para ello con el apoyo de \u00abAid to the Church in Need\u00bb. Mi impresi\u00f3n es que la herida de Crimea duele mucho; pero la Iglesia se ocupa de la situaci\u00f3n, tal como es, e intenta ayudar a la gente, independientemente de la pol\u00edtica.<\/p>\n<p>&nbsp;<\/p>\n<figure id=\"attachment_40222\" aria-describedby=\"caption-attachment-40222\" style=\"width: 400px\" class=\"wp-caption aligncenter\"><img loading=\"lazy\" decoding=\"async\" class=\"wp-image-40222\" src=\"https:\/\/media.acninternational.org\/wp-content\/uploads\/2019\/11\/ACN-20140324-06474-post.jpg\" alt=\"The auxiliary bishop of the diocese of Odessa-Simferopol, Jacek Pyl\" width=\"400\" height=\"384\" \/><figcaption id=\"caption-attachment-40222\" class=\"wp-caption-text\">El obispo auxiliar de la di\u00f3cesis de Odessa-Simferopol, Jacek Pyl<\/figcaption><\/figure>\n<p>&nbsp;<\/p>\n<figure id=\"attachment_40220\" aria-describedby=\"caption-attachment-40220\" style=\"width: 690px\" class=\"wp-caption aligncenter\"><img loading=\"lazy\" decoding=\"async\" class=\"size-full wp-image-40220\" src=\"https:\/\/media.acninternational.org\/wp-content\/uploads\/2019\/11\/ACN-20180619-72743-post.jpg\" alt=\"Eastern Ukraine - Burning Houses after missile attack in 2018\" width=\"690\" height=\"388\" \/><figcaption id=\"caption-attachment-40220\" class=\"wp-caption-text\">Ucrania Oriental &#8211; Quema de casas despu\u00e9s del ataque con misiles en mayo de 2018<\/figcaption><\/figure>\n<p>&nbsp;<\/p>\n<p><strong><em>Se ha referido a la compleja relaci\u00f3n entre las confesiones cristianas. \u00bfCu\u00e1l es la situaci\u00f3n del ecumenismo?<\/em><\/strong><\/p>\n<p>Para europeos occidentales, la situaci\u00f3n es realmente confusa: en principio, en Ucrania existen tres Iglesias ortodoxas, y tambi\u00e9n la Iglesia cat\u00f3lica se presenta en dos formas distintas: la cat\u00f3lica-romana, la que nos es familiar, y la greco-cat\u00f3lica. Esta \u00faltima sigue la liturgia y las costumbres orientales, pero tiene plena unidad con el Papa. Pero, debido a las influencias hist\u00f3ricas y pol\u00edticas, las relaciones entre las iglesias son bastantes tensas. Sin embargo, hay se\u00f1ales de un acercamiento; por ejemplo, a comienzos de junio tuvo lugar en Kiev una gran \u00abmarcha por la vida\u00bb, organizada por el Obispo cat\u00f3lico romano de Kiev. Cristianos de todas las confesiones, y tambi\u00e9n representantes de los musulmanes, se manifestaron contra la ideolog\u00eda de g\u00e9nero, por el derecho a la vida y por la protecci\u00f3n de la familia. \u00a1Eran unas 10.000 personas! Toda la sociedad ucraniana precisa urgentemente tales se\u00f1ales.<\/p>\n<p>&nbsp;<\/p>\n<figure id=\"attachment_40225\" aria-describedby=\"caption-attachment-40225\" style=\"width: 690px\" class=\"wp-caption aligncenter\"><img loading=\"lazy\" decoding=\"async\" class=\"size-full wp-image-40225\" src=\"https:\/\/media.acninternational.org\/wp-content\/uploads\/2019\/11\/ACN-20180619-72744-post.jpg\" alt=\"Catholic diocese of Kiev organizes a March of life through the capital. There also Muslims, Jews and other religions participating, June 2017.\" width=\"690\" height=\"461\" \/><figcaption id=\"caption-attachment-40225\" class=\"wp-caption-text\">La di\u00f3cesis cat\u00f3lica de Kiev organiza una marcha de la vida a trav\u00e9s de la capital. Tambi\u00e9n participan musulmanes, jud\u00edos y otras religiones, junio de 2017.<\/figcaption><\/figure>\n<p>&nbsp;<\/p>\n<p><strong><em>\u00bfQu\u00e9 quiere decir con esto?<\/em><\/strong><\/p>\n<p>Ucrania amenaza con desgarrarse no solo por la corrupci\u00f3n y la guerra, sino tambi\u00e9n por la pobreza y las drogas. Visit\u00e9 una casa para madres e hijos en J\u00e1rkov, dirigida por religiosas. All\u00ed encuentran alojamiento mujeres embarazadas, muchas de ellas procedentes de condiciones dif\u00edciles y frecuentemente drogadictas. Una, que a los 18 a\u00f1os ya tiene dos hijos, dec\u00eda: \u00absin las religiosas habr\u00eda abortado. La calle me habr\u00eda hundido\u00bb. En Ucrania he podido experimentar lo que significa una ayuda cat\u00f3lica, es decir \u00abuniversal\u00bb: ayuda sin acepci\u00f3n de personas y de religi\u00f3n. Esta es la gran diferencia respecto de las sectas, que cada vez tienen m\u00e1s adeptos en Ucrania. El Obispo de Kiev, Vitaliy Krivitskiy, me dec\u00eda: \u00abLa Iglesia es la \u00fanica instituci\u00f3n en que todav\u00eda conf\u00eda la gente\u00bb.<\/p>\n<p>&nbsp;<\/p>\n<figure id=\"attachment_40226\" aria-describedby=\"caption-attachment-40226\" style=\"width: 690px\" class=\"wp-caption aligncenter\"><img loading=\"lazy\" decoding=\"async\" class=\"size-full wp-image-40226\" src=\"https:\/\/media.acninternational.org\/wp-content\/uploads\/2019\/11\/ACN-20180619-72746-post.jpg\" alt=\"\" width=\"690\" height=\"518\" \/><figcaption id=\"caption-attachment-40226\" class=\"wp-caption-text\">La di\u00f3cesis proporciona paquetes de alimentos<\/figcaption><\/figure>\n<p>&nbsp;<\/p>\n<p><strong><em>Esto sorprende si uno tiene en cuenta que Ucrania tuvo una ocupaci\u00f3n comunista durante tres cuartos de siglo. En parte, a la Iglesia se la persegu\u00eda encarnizadamente. \u00bfC\u00f3mo es la vida eclesial hoy en d\u00eda?<\/em><\/strong><\/p>\n<p>Qued\u00e9 muy impresionado al ver una Iglesia cat\u00f3lica tan viva en Ucrania, a pesar de ser una minor\u00eda de unos cinco millones de personas, pues los ucranianos son en su mayor\u00eda ortodoxos rusos. A los servicios religiosos acuden muchas personas, muchos j\u00f3venes y ni\u00f1os. Para la difusi\u00f3n de la fe es tambi\u00e9n muy importante la labor con los medios de comunicaci\u00f3n, que \u00abAid to the Church in Need\u00bb tambi\u00e9n apoya. Hay muchas vocaciones. En Le\u00f3polis (L\u00b4viv), por ejemplo, se encuentra uno de los seminarios sacerdotales m\u00e1s grandes del mundo, perteneciente a la archi-eparqu\u00eda greco-cat\u00f3lica: \u00a1202 seminaristas y 40 candidatos del primer curso! Da alegr\u00eda ver c\u00f3mo las iglesias que hab\u00edan sido expropiadas son reconstruidas y c\u00f3mo vuelven a revivir monasterios que hab\u00edan sido cerrados. Al mismo tiempo se aprecian por todos lados las heridas de la persecuci\u00f3n: el recuerdo de los m\u00e1rtires durante el dominio comunista, edificios eclesiales que no han sido devueltos a\u00fan, la precaria situaci\u00f3n de muchos cl\u00e9rigos y fieles.<\/p>\n<p>Un p\u00e1rroco de Odessa me dec\u00eda: \u00abprefiero ahorrarme el dinero que iba a gastar para tratarme el c\u00e1ncer, para poder construir una capilla para la comunidad de mi pueblo\u00bb. Una entrega as\u00ed caracteriza lo que he visto en toda Ucrania.<\/p>\n<p>&nbsp;<\/p>\n<figure id=\"attachment_40227\" aria-describedby=\"caption-attachment-40227\" style=\"width: 690px\" class=\"wp-caption aligncenter\"><img loading=\"lazy\" decoding=\"async\" class=\"size-full wp-image-40227\" src=\"https:\/\/media.acninternational.org\/wp-content\/uploads\/2019\/11\/ACN-20131209-03508-post.jpg\" alt=\"Group of seminarians in front of the seminary building\" width=\"690\" height=\"299\" \/><figcaption id=\"caption-attachment-40227\" class=\"wp-caption-text\">Grupo de seminaristas frente al edificio del seminario<\/figcaption><\/figure>\n<p>&nbsp;<\/p>\n<p><strong><em>Es decir, que a\u00fan sigue habiendo muchas posibilidades de ayudar\u2026<\/em><\/strong><\/p>\n<p>Hace 55 a\u00f1os, el Fundador de \u00abAid to the Church in Need\u00bb, el padre Werenfried van Straaten, comenz\u00f3 con la ayuda a Ucrania. En el seminario sacerdotal de Le\u00f3polis y en otros lugares donde estuvimos nos dec\u00edan: \u00absin la ayuda de \u201cAid to the Church in Need\u201d, no hubi\u00e9ramos podido sobrevivir\u00bb. Y esto sigue siendo as\u00ed. Si bien la Iglesia en Ucrania no es ya perseguida, sigue sufriendo. Esto puede decirse tanto de las necesidades materiales como espirituales de las personas, que viven en las condiciones m\u00e1s precarias y no ve futuro en su tierra. El pa\u00eds corre el peligro de desangrarse. Tambi\u00e9n por esta raz\u00f3n, Ucrania sigue estando en el puesto n\u00famero 4 entre los m\u00e1s de 140 pa\u00edses en los que ayuda \u00abAid to the Church in Need\u00bb. Y los frutos de esta ayuda pueden verse por todos lados.<\/p>\n","protected":false},"excerpt":{"rendered":"<p>Ucrania es un pa\u00eds en el punto de mira: el conflicto con Rusia en el este del pa\u00eds sigue produciendo<\/p>\n","protected":false},"author":1,"featured_media":117494,"comment_status":"open","ping_status":"open","sticky":false,"template":"","format":"standard","meta":{"_acf_changed":false,"_acn_coauthor_ids":[],"_acn_featured_article":false,"footnotes":""},"categories":[745],"tags":[],"country":[],"class_list":["post-117493","post","type-post","status-publish","format-standard","has-post-thumbnail","hentry","category-entrevistas"],"acn_coauthors":[],"acf":[],"yoast_head":"<!-- This site is optimized with the Yoast SEO Premium plugin v27.5 (Yoast SEO v27.5) - https:\/\/yoast.com\/product\/yoast-seo-premium-wordpress\/ -->\n<title>Ucrania: \u00abLa Iglesia es la abogada del pueblo\u00bb | ACN International<\/title>\n<meta name=\"robots\" content=\"index, follow, max-snippet:-1, max-image-preview:large, max-video-preview:-1\" \/>\n<link rel=\"canonical\" href=\"https:\/\/acninternational.org\/es\/ucrania-la-iglesia-es-la-abogada-del-pueblo\/\" \/>\n<meta property=\"og:locale\" content=\"es_ES\" \/>\n<meta property=\"og:type\" content=\"article\" \/>\n<meta property=\"og:title\" content=\"Ucrania: \u00abLa Iglesia es la abogada del pueblo\u00bb\" \/>\n<meta property=\"og:description\" content=\"Ucrania es un pa\u00eds en el punto de mira: el conflicto con Rusia en el este del pa\u00eds sigue produciendo\" \/>\n<meta property=\"og:url\" content=\"https:\/\/acninternational.org\/es\/ucrania-la-iglesia-es-la-abogada-del-pueblo\/\" \/>\n<meta property=\"og:site_name\" content=\"ACN International\" \/>\n<meta property=\"article:publisher\" content=\"https:\/\/www.facebook.com\/acninternationalorg\" \/>\n<meta property=\"article:published_time\" content=\"2018-06-27T22:00:00+00:00\" \/>\n<meta property=\"og:image\" content=\"https:\/\/media.acninternational.org\/wp-content\/uploads\/2019\/11\/Ucrania-%C2%ABLa-Iglesia-es-la-abogada-del-pueblo%C2%BB-image.jpg\" \/>\n\t<meta property=\"og:image:width\" content=\"1440\" \/>\n\t<meta property=\"og:image:height\" content=\"900\" \/>\n\t<meta property=\"og:image:type\" content=\"image\/jpeg\" \/>\n<meta name=\"author\" content=\"admin_acn\" \/>\n<meta name=\"twitter:card\" content=\"summary_large_image\" \/>\n<meta name=\"twitter:creator\" content=\"@acn_int\" \/>\n<meta name=\"twitter:site\" content=\"@acn_int\" \/>\n<meta name=\"twitter:label1\" content=\"Escrito por\" \/>\n\t<meta name=\"twitter:data1\" content=\"admin_acn\" \/>\n\t<meta name=\"twitter:label2\" content=\"Tiempo de lectura\" \/>\n\t<meta name=\"twitter:data2\" content=\"7 minutos\" \/>\n<script type=\"application\/ld+json\" class=\"yoast-schema-graph\">{\"@context\":\"https:\\\/\\\/schema.org\",\"@graph\":[{\"@type\":\"Article\",\"@id\":\"https:\\\/\\\/acninternational.org\\\/es\\\/ucrania-la-iglesia-es-la-abogada-del-pueblo\\\/#article\",\"isPartOf\":{\"@id\":\"https:\\\/\\\/acninternational.org\\\/es\\\/ucrania-la-iglesia-es-la-abogada-del-pueblo\\\/\"},\"author\":{\"name\":\"admin_acn\",\"@id\":\"https:\\\/\\\/acninternational.org\\\/es\\\/#\\\/schema\\\/person\\\/5a7468d38fb12b1976b6eeda95c21ebc\"},\"headline\":\"Ucrania: \u00abLa Iglesia es la abogada del pueblo\u00bb\",\"datePublished\":\"2018-06-27T22:00:00+00:00\",\"mainEntityOfPage\":{\"@id\":\"https:\\\/\\\/acninternational.org\\\/es\\\/ucrania-la-iglesia-es-la-abogada-del-pueblo\\\/\"},\"wordCount\":1389,\"commentCount\":0,\"publisher\":{\"@id\":\"https:\\\/\\\/acninternational.org\\\/es\\\/#organization\"},\"image\":{\"@id\":\"https:\\\/\\\/acninternational.org\\\/es\\\/ucrania-la-iglesia-es-la-abogada-del-pueblo\\\/#primaryimage\"},\"thumbnailUrl\":\"https:\\\/\\\/media.acninternational.org\\\/wp-content\\\/uploads\\\/2019\\\/11\\\/Ucrania-%C2%ABLa-Iglesia-es-la-abogada-del-pueblo%C2%BB-image.jpg\",\"articleSection\":[\"ENTREVISTAS\"],\"inLanguage\":\"es\",\"potentialAction\":[{\"@type\":\"CommentAction\",\"name\":\"Comment\",\"target\":[\"https:\\\/\\\/acninternational.org\\\/es\\\/ucrania-la-iglesia-es-la-abogada-del-pueblo\\\/#respond\"]}]},{\"@type\":\"WebPage\",\"@id\":\"https:\\\/\\\/acninternational.org\\\/es\\\/ucrania-la-iglesia-es-la-abogada-del-pueblo\\\/\",\"url\":\"https:\\\/\\\/acninternational.org\\\/es\\\/ucrania-la-iglesia-es-la-abogada-del-pueblo\\\/\",\"name\":\"Ucrania: \u00abLa Iglesia es la abogada del pueblo\u00bb | ACN International\",\"isPartOf\":{\"@id\":\"https:\\\/\\\/acninternational.org\\\/es\\\/#website\"},\"primaryImageOfPage\":{\"@id\":\"https:\\\/\\\/acninternational.org\\\/es\\\/ucrania-la-iglesia-es-la-abogada-del-pueblo\\\/#primaryimage\"},\"image\":{\"@id\":\"https:\\\/\\\/acninternational.org\\\/es\\\/ucrania-la-iglesia-es-la-abogada-del-pueblo\\\/#primaryimage\"},\"thumbnailUrl\":\"https:\\\/\\\/media.acninternational.org\\\/wp-content\\\/uploads\\\/2019\\\/11\\\/Ucrania-%C2%ABLa-Iglesia-es-la-abogada-del-pueblo%C2%BB-image.jpg\",\"datePublished\":\"2018-06-27T22:00:00+00:00\",\"breadcrumb\":{\"@id\":\"https:\\\/\\\/acninternational.org\\\/es\\\/ucrania-la-iglesia-es-la-abogada-del-pueblo\\\/#breadcrumb\"},\"inLanguage\":\"es\",\"potentialAction\":[{\"@type\":\"ReadAction\",\"target\":[\"https:\\\/\\\/acninternational.org\\\/es\\\/ucrania-la-iglesia-es-la-abogada-del-pueblo\\\/\"]}]},{\"@type\":\"ImageObject\",\"inLanguage\":\"es\",\"@id\":\"https:\\\/\\\/acninternational.org\\\/es\\\/ucrania-la-iglesia-es-la-abogada-del-pueblo\\\/#primaryimage\",\"url\":\"https:\\\/\\\/media.acninternational.org\\\/wp-content\\\/uploads\\\/2019\\\/11\\\/Ucrania-%C2%ABLa-Iglesia-es-la-abogada-del-pueblo%C2%BB-image.jpg\",\"contentUrl\":\"https:\\\/\\\/media.acninternational.org\\\/wp-content\\\/uploads\\\/2019\\\/11\\\/Ucrania-%C2%ABLa-Iglesia-es-la-abogada-del-pueblo%C2%BB-image.jpg\",\"width\":1440,\"height\":900,\"caption\":\"Ucrania: \u00abLa Iglesia es la abogada del pueblo\u00bb\"},{\"@type\":\"BreadcrumbList\",\"@id\":\"https:\\\/\\\/acninternational.org\\\/es\\\/ucrania-la-iglesia-es-la-abogada-del-pueblo\\\/#breadcrumb\",\"itemListElement\":[{\"@type\":\"ListItem\",\"position\":1,\"name\":\"Home\",\"item\":\"https:\\\/\\\/acninternational.org\\\/es\\\/\"},{\"@type\":\"ListItem\",\"position\":2,\"name\":\"ENTREVISTAS\",\"item\":\"https:\\\/\\\/acninternational.org\\\/es\\\/category\\\/entrevistas\\\/\"},{\"@type\":\"ListItem\",\"position\":3,\"name\":\"Ucrania: \u00abLa Iglesia es la abogada del pueblo\u00bb\"}]},{\"@type\":\"WebSite\",\"@id\":\"https:\\\/\\\/acninternational.org\\\/es\\\/#website\",\"url\":\"https:\\\/\\\/acninternational.org\\\/es\\\/\",\"name\":\"ACN International\",\"description\":\"\",\"publisher\":{\"@id\":\"https:\\\/\\\/acninternational.org\\\/es\\\/#organization\"},\"potentialAction\":[{\"@type\":\"SearchAction\",\"target\":{\"@type\":\"EntryPoint\",\"urlTemplate\":\"https:\\\/\\\/acninternational.org\\\/es\\\/?s={search_term_string}\"},\"query-input\":{\"@type\":\"PropertyValueSpecification\",\"valueRequired\":true,\"valueName\":\"search_term_string\"}}],\"inLanguage\":\"es\"},{\"@type\":\"Organization\",\"@id\":\"https:\\\/\\\/acninternational.org\\\/es\\\/#organization\",\"name\":\"Aid to the Church in Need International\",\"url\":\"https:\\\/\\\/acninternational.org\\\/es\\\/\",\"logo\":{\"@type\":\"ImageObject\",\"inLanguage\":\"es\",\"@id\":\"https:\\\/\\\/acninternational.org\\\/es\\\/#\\\/schema\\\/logo\\\/image\\\/\",\"url\":\"https:\\\/\\\/media.acninternational.org\\\/wp-content\\\/uploads\\\/2019\\\/11\\\/acn_logo_blackvector.svg\",\"contentUrl\":\"https:\\\/\\\/media.acninternational.org\\\/wp-content\\\/uploads\\\/2019\\\/11\\\/acn_logo_blackvector.svg\",\"width\":232.6,\"height\":78,\"caption\":\"Aid to the Church in Need International\"},\"image\":{\"@id\":\"https:\\\/\\\/acninternational.org\\\/es\\\/#\\\/schema\\\/logo\\\/image\\\/\"},\"sameAs\":[\"https:\\\/\\\/www.facebook.com\\\/acninternationalorg\",\"https:\\\/\\\/x.com\\\/acn_int\",\"https:\\\/\\\/www.youtube.com\\\/channel\\\/UCQ-077gS0TnVzkhHmf1opZw\",\"https:\\\/\\\/www.instagram.com\\\/acn_international\\\/\"]},{\"@type\":\"Person\",\"@id\":\"https:\\\/\\\/acninternational.org\\\/es\\\/#\\\/schema\\\/person\\\/5a7468d38fb12b1976b6eeda95c21ebc\",\"name\":\"admin_acn\",\"url\":\"https:\\\/\\\/acninternational.org\\\/es\\\/author\\\/admin_acn\\\/\"}]}<\/script>\n<!-- \/ Yoast SEO Premium plugin. -->","yoast_head_json":{"title":"Ucrania: \u00abLa Iglesia es la abogada del pueblo\u00bb | ACN International","robots":{"index":"index","follow":"follow","max-snippet":"max-snippet:-1","max-image-preview":"max-image-preview:large","max-video-preview":"max-video-preview:-1"},"canonical":"https:\/\/acninternational.org\/es\/ucrania-la-iglesia-es-la-abogada-del-pueblo\/","og_locale":"es_ES","og_type":"article","og_title":"Ucrania: \u00abLa Iglesia es la abogada del pueblo\u00bb","og_description":"Ucrania es un pa\u00eds en el punto de mira: el conflicto con Rusia en el este del pa\u00eds sigue produciendo","og_url":"https:\/\/acninternational.org\/es\/ucrania-la-iglesia-es-la-abogada-del-pueblo\/","og_site_name":"ACN International","article_publisher":"https:\/\/www.facebook.com\/acninternationalorg","article_published_time":"2018-06-27T22:00:00+00:00","og_image":[{"width":1440,"height":900,"url":"https:\/\/media.acninternational.org\/wp-content\/uploads\/2019\/11\/Ucrania-%C2%ABLa-Iglesia-es-la-abogada-del-pueblo%C2%BB-image.jpg","type":"image\/jpeg"}],"author":"admin_acn","twitter_card":"summary_large_image","twitter_creator":"@acn_int","twitter_site":"@acn_int","twitter_misc":{"Escrito por":"admin_acn","Tiempo de lectura":"7 minutos"},"schema":{"@context":"https:\/\/schema.org","@graph":[{"@type":"Article","@id":"https:\/\/acninternational.org\/es\/ucrania-la-iglesia-es-la-abogada-del-pueblo\/#article","isPartOf":{"@id":"https:\/\/acninternational.org\/es\/ucrania-la-iglesia-es-la-abogada-del-pueblo\/"},"author":{"name":"admin_acn","@id":"https:\/\/acninternational.org\/es\/#\/schema\/person\/5a7468d38fb12b1976b6eeda95c21ebc"},"headline":"Ucrania: \u00abLa Iglesia es la abogada del pueblo\u00bb","datePublished":"2018-06-27T22:00:00+00:00","mainEntityOfPage":{"@id":"https:\/\/acninternational.org\/es\/ucrania-la-iglesia-es-la-abogada-del-pueblo\/"},"wordCount":1389,"commentCount":0,"publisher":{"@id":"https:\/\/acninternational.org\/es\/#organization"},"image":{"@id":"https:\/\/acninternational.org\/es\/ucrania-la-iglesia-es-la-abogada-del-pueblo\/#primaryimage"},"thumbnailUrl":"https:\/\/media.acninternational.org\/wp-content\/uploads\/2019\/11\/Ucrania-%C2%ABLa-Iglesia-es-la-abogada-del-pueblo%C2%BB-image.jpg","articleSection":["ENTREVISTAS"],"inLanguage":"es","potentialAction":[{"@type":"CommentAction","name":"Comment","target":["https:\/\/acninternational.org\/es\/ucrania-la-iglesia-es-la-abogada-del-pueblo\/#respond"]}]},{"@type":"WebPage","@id":"https:\/\/acninternational.org\/es\/ucrania-la-iglesia-es-la-abogada-del-pueblo\/","url":"https:\/\/acninternational.org\/es\/ucrania-la-iglesia-es-la-abogada-del-pueblo\/","name":"Ucrania: \u00abLa Iglesia es la abogada del pueblo\u00bb | ACN International","isPartOf":{"@id":"https:\/\/acninternational.org\/es\/#website"},"primaryImageOfPage":{"@id":"https:\/\/acninternational.org\/es\/ucrania-la-iglesia-es-la-abogada-del-pueblo\/#primaryimage"},"image":{"@id":"https:\/\/acninternational.org\/es\/ucrania-la-iglesia-es-la-abogada-del-pueblo\/#primaryimage"},"thumbnailUrl":"https:\/\/media.acninternational.org\/wp-content\/uploads\/2019\/11\/Ucrania-%C2%ABLa-Iglesia-es-la-abogada-del-pueblo%C2%BB-image.jpg","datePublished":"2018-06-27T22:00:00+00:00","breadcrumb":{"@id":"https:\/\/acninternational.org\/es\/ucrania-la-iglesia-es-la-abogada-del-pueblo\/#breadcrumb"},"inLanguage":"es","potentialAction":[{"@type":"ReadAction","target":["https:\/\/acninternational.org\/es\/ucrania-la-iglesia-es-la-abogada-del-pueblo\/"]}]},{"@type":"ImageObject","inLanguage":"es","@id":"https:\/\/acninternational.org\/es\/ucrania-la-iglesia-es-la-abogada-del-pueblo\/#primaryimage","url":"https:\/\/media.acninternational.org\/wp-content\/uploads\/2019\/11\/Ucrania-%C2%ABLa-Iglesia-es-la-abogada-del-pueblo%C2%BB-image.jpg","contentUrl":"https:\/\/media.acninternational.org\/wp-content\/uploads\/2019\/11\/Ucrania-%C2%ABLa-Iglesia-es-la-abogada-del-pueblo%C2%BB-image.jpg","width":1440,"height":900,"caption":"Ucrania: \u00abLa Iglesia es la abogada del pueblo\u00bb"},{"@type":"BreadcrumbList","@id":"https:\/\/acninternational.org\/es\/ucrania-la-iglesia-es-la-abogada-del-pueblo\/#breadcrumb","itemListElement":[{"@type":"ListItem","position":1,"name":"Home","item":"https:\/\/acninternational.org\/es\/"},{"@type":"ListItem","position":2,"name":"ENTREVISTAS","item":"https:\/\/acninternational.org\/es\/category\/entrevistas\/"},{"@type":"ListItem","position":3,"name":"Ucrania: \u00abLa Iglesia es la abogada del pueblo\u00bb"}]},{"@type":"WebSite","@id":"https:\/\/acninternational.org\/es\/#website","url":"https:\/\/acninternational.org\/es\/","name":"ACN International","description":"","publisher":{"@id":"https:\/\/acninternational.org\/es\/#organization"},"potentialAction":[{"@type":"SearchAction","target":{"@type":"EntryPoint","urlTemplate":"https:\/\/acninternational.org\/es\/?s={search_term_string}"},"query-input":{"@type":"PropertyValueSpecification","valueRequired":true,"valueName":"search_term_string"}}],"inLanguage":"es"},{"@type":"Organization","@id":"https:\/\/acninternational.org\/es\/#organization","name":"Aid to the Church in Need International","url":"https:\/\/acninternational.org\/es\/","logo":{"@type":"ImageObject","inLanguage":"es","@id":"https:\/\/acninternational.org\/es\/#\/schema\/logo\/image\/","url":"https:\/\/media.acninternational.org\/wp-content\/uploads\/2019\/11\/acn_logo_blackvector.svg","contentUrl":"https:\/\/media.acninternational.org\/wp-content\/uploads\/2019\/11\/acn_logo_blackvector.svg","width":232.6,"height":78,"caption":"Aid to the Church in Need International"},"image":{"@id":"https:\/\/acninternational.org\/es\/#\/schema\/logo\/image\/"},"sameAs":["https:\/\/www.facebook.com\/acninternationalorg","https:\/\/x.com\/acn_int","https:\/\/www.youtube.com\/channel\/UCQ-077gS0TnVzkhHmf1opZw","https:\/\/www.instagram.com\/acn_international\/"]},{"@type":"Person","@id":"https:\/\/acninternational.org\/es\/#\/schema\/person\/5a7468d38fb12b1976b6eeda95c21ebc","name":"admin_acn","url":"https:\/\/acninternational.org\/es\/author\/admin_acn\/"}]}},"_links":{"self":[{"href":"https:\/\/acninternational.org\/es\/wp-json\/wp\/v2\/posts\/117493","targetHints":{"allow":["GET"]}}],"collection":[{"href":"https:\/\/acninternational.org\/es\/wp-json\/wp\/v2\/posts"}],"about":[{"href":"https:\/\/acninternational.org\/es\/wp-json\/wp\/v2\/types\/post"}],"author":[{"embeddable":true,"href":"https:\/\/acninternational.org\/es\/wp-json\/wp\/v2\/users\/1"}],"replies":[{"embeddable":true,"href":"https:\/\/acninternational.org\/es\/wp-json\/wp\/v2\/comments?post=117493"}],"version-history":[{"count":0,"href":"https:\/\/acninternational.org\/es\/wp-json\/wp\/v2\/posts\/117493\/revisions"}],"wp:featuredmedia":[{"embeddable":true,"href":"https:\/\/acninternational.org\/es\/wp-json\/wp\/v2\/media\/117494"}],"wp:attachment":[{"href":"https:\/\/acninternational.org\/es\/wp-json\/wp\/v2\/media?parent=117493"}],"wp:term":[{"taxonomy":"category","embeddable":true,"href":"https:\/\/acninternational.org\/es\/wp-json\/wp\/v2\/categories?post=117493"},{"taxonomy":"post_tag","embeddable":true,"href":"https:\/\/acninternational.org\/es\/wp-json\/wp\/v2\/tags?post=117493"},{"taxonomy":"country","embeddable":true,"href":"https:\/\/acninternational.org\/es\/wp-json\/wp\/v2\/country?post=117493"}],"curies":[{"name":"wp","href":"https:\/\/api.w.org\/{rel}","templated":true}]}}