{"id":117418,"date":"2018-06-19T00:00:00","date_gmt":"2018-06-18T22:00:00","guid":{"rendered":"https:\/\/acninternational.org\/madagascar-la-islamizacion-en-marcha\/"},"modified":"2018-06-19T00:00:00","modified_gmt":"2018-06-18T22:00:00","slug":"madagascar-la-islamizacion-en-marcha","status":"publish","type":"post","link":"https:\/\/acninternational.org\/es\/madagascar-la-islamizacion-en-marcha\/","title":{"rendered":"MADAGASCAR: La islamizaci\u00f3n, en marcha"},"content":{"rendered":"<p><em>Mientras la isla atraviesa una grave crisis pol\u00edtica a pocos meses de las elecciones presidenciales, Mons. D\u00e9sir\u00e9 Tzarahazana, actualmente Arzobispo de Toamasina y presidente dela Conferencia Episcopal de Madagascar, acaba de ser nombrado Cardenal por el Papa. <\/em>Aunque es dif\u00edcil dar con estad\u00edsticas fiables,\u00a0 el \u00faltimo Informe sobre de Libertad Religiosa en el mundo calcula 56% de cristianos en la isla. <em>En una entrevista realizada por Am\u00e9lie de La Hougue;<\/em> <em>durante su visita a la sede central de la fundaci\u00f3n pontificia ACN, el prelado habla sobre la situaci\u00f3n de su pa\u00eds.<\/em><\/p>\n<figure id=\"attachment_38903\" aria-describedby=\"caption-attachment-38903\" style=\"width: 330px\" class=\"wp-caption alignright\"><img loading=\"lazy\" decoding=\"async\" class=\"wp-image-38903\" src=\"https:\/\/media.acninternational.org\/wp-content\/uploads\/2019\/11\/square-MADAGASCAR-lslamisation-on-the-march.jpg\" alt=\"\" width=\"330\" height=\"330\" \/><figcaption id=\"caption-attachment-38903\" class=\"wp-caption-text\">Mons. D\u00e9sir\u00e9 Tzarahazana<\/figcaption><\/figure>\n<p><strong>\u00bfCu\u00e1l es el principal desaf\u00edo de la Iglesia en su pa\u00eds?<\/strong><\/p>\n<p>La profundidad de la evangelizaci\u00f3n. Y es que yo me planteo la siguiente pregunta: \u00bfPor qu\u00e9 nos encontramos en esta situaci\u00f3n tan cr\u00edtica al tiempo que hay un aumento del n\u00famero de cristianos y siendo que nuestros dirigentes son, en su mayor\u00eda, cristianos? Si fu\u00e9ramos verdaderamente cristianos, no nos encontrar\u00edamos en esta tesitura. De ah\u00ed mi interpelaci\u00f3n: \u00bfCu\u00e1l es la profundidad de nuestra fe? La cantidad est\u00e1 bien, pero eso no es lo esencial. Si alguien profesa la fe, pero al d\u00eda siguiente roba al vecino o no se interesa por la vida de la gente, entonces se trata de una fe que no es plenamente vivida.<\/p>\n<p><strong>\u00bfCu\u00e1les son las fortalezas de la Iglesia Cat\u00f3lica?<\/strong><\/p>\n<p>Estamos dispuestos a denunciar lo que est\u00e1 mal. Nos atrevemos a hablar y a decir la verdad sin entrar en la \u201cpolitiquer\u00eda\u201d. No formamos parte interesada como otros grupos, por ejemplo hay pastores que quieren ser ministros del presidente. Puedo asegurar que en Madagascar la \u00fanica instituci\u00f3n cre\u00edble es la Iglesia Cat\u00f3lica.<\/p>\n<p><strong>\u00bfSe ven tambi\u00e9n afectados por el una islamizaci\u00f3n del pa\u00eds?<\/strong><\/p>\n<p>\u00a1S\u00ed, el incremento del islamismo es palpable! \u00a1Es visible! Es una invasi\u00f3n. Con el dinero de pa\u00edses del Golfo y de Pakist\u00e1n compran a la gente: hay j\u00f3venes que van a estudiar a Arabia Saud\u00ed y que cuando regresan a Madagascar ejercen de imanes. Nosotros hemos organizado un encuentro con los imanes para compartir nuestra preocupaci\u00f3n, y uno de los imanes era un antiguo seminarista. Ciertamente, no ha dicho que lo que lo atrajo era el dinero, pero esto ha ocurrido por la pobreza que reina aqu\u00ed. Hay una verdadera presi\u00f3n. Por ejemplo, en el norte, dan dinero a las mujeres para que lleven el velo integral, la burka, en la calle, con el fin de dar visibilidad a la expansi\u00f3n del Islam en el pa\u00eds. Y por la noche, las mujeres vuelven a ponerse su ropa normal.<\/p>\n<p>En mi di\u00f3cesis est\u00e1n construyendo mezquitas por doquier\u2026 aunque no haya suficientes musulmanes. Existe un <strong>proyecto consistente en construir m\u00e1s de 2.600 mezquitas en Madagascar (!). <\/strong>Tambi\u00e9n hacen que <strong>vengan musulmanes en masa de Turqu\u00eda<\/strong>, lo cual es un fen\u00f3meno que nos inquieta mucho: entre una y dos veces por semana, la compa\u00f1\u00eda a\u00e9rea Turkish Airlines trae grupos de musulmanes que se instalan en el pa\u00eds. Incluso en pleno campo, no se sabe bien qu\u00e9 hacen all\u00ed, pero se instalan y no regresan a su pa\u00eds. La poblaci\u00f3n es pobre, pero el pa\u00eds es rico e inmenso para 22 millones de habitantes, por lo que hay espacio para ellos.<\/p>\n<p>&nbsp;<\/p>\n<figure id=\"attachment_38910\" aria-describedby=\"caption-attachment-38910\" style=\"width: 690px\" class=\"wp-caption aligncenter\"><img loading=\"lazy\" decoding=\"async\" class=\"wp-image-38910 size-full\" src=\"https:\/\/media.acninternational.org\/wp-content\/uploads\/2019\/11\/ACN-20140312-05975-post.jpg\" alt=\"Diocesan Synod: Evangelisation\" width=\"690\" height=\"420\" \/><figcaption id=\"caption-attachment-38910\" class=\"wp-caption-text\">S\u00ednodo Diocesano: Evangelizaci\u00f3n<\/figcaption><\/figure>\n<p>&nbsp;<\/p>\n<p><strong>\u00bfVe usted concretamente el peligro de un Islam radical? <\/strong><\/p>\n<p>De momento, todav\u00eda no se nota gran cosa, pero no se sabe qu\u00e9 traer\u00e1 el futuro. Est\u00e1n empezando a instalarse, y a medida que el n\u00famero de fundamentalistas aumenta, uno se pregunta cu\u00e1ndo se mostrar\u00e1n realmente como son, y eso nos verdaderamente nos inquieta.<\/p>\n<p>En las Comoras, justo al lado, una gran parte de la poblaci\u00f3n vive un Islam extremista, y esta gente tambi\u00e9n desembarca en masa en Madagascar, sobre todo, en Mahajanga. All\u00ed se casan con mujeres malgaches y los hijos nacidos de estos matrimonios son educados en un Islam radical.<\/p>\n<p><strong>\u00bfC\u00f3mo reacciona el Gobierno ante ello? <\/strong><\/p>\n<p>Nos hemos reunido en numerosas ocasiones para alertarlos y explicarles la situaci\u00f3n, pero no hacen nada, no hay m\u00e1s que hipocres\u00eda, y nos preguntamos si no estamos clamando en el desierto\u2026 A menudo nos vemos con dirigentes, incluso de alto rango, para explicarles lo que no funciona, como, por ejemplo, el robo de tierras. Nuestra tierra nos la ha robado un forajido al que conoce todo el mundo, pero no solo no le han parado los pies, sino que, adem\u00e1s, ha ganado el juicio en los tribunales (!). Realmente, estamos gobernados por almas corruptas\u2026<\/p>\n<p>&nbsp;<\/p>\n<p><img loading=\"lazy\" decoding=\"async\" class=\"aligncenter size-full wp-image-38911\" src=\"https:\/\/media.acninternational.org\/wp-content\/uploads\/2019\/11\/ACN-20170623-56825-post.jpg\" alt=\"Madagascar\" width=\"690\" height=\"518\" \/><\/p>\n<p>&nbsp;<\/p>\n<p><strong>\u00bfSe celebrar\u00e1n elecciones presidenciales en noviembre de este a\u00f1o?<\/strong><\/p>\n<p>Todo eso es un poco complicado, todav\u00eda no se sabe qu\u00e9 va a pasar y a d\u00f3nde nos dirigimos, pero rezamos a Dios para que todo vaya bien y para que el Esp\u00edritu Santo nos gu\u00ede para evitar el caos.<\/p>\n<p><strong>El a\u00f1o pasado se registraron varios ataques contra conventos cat\u00f3licos. \u00bfEn qu\u00e9 ha quedado todo ello?<\/strong><\/p>\n<p>Tras esos ataques llega la calma, luego resurgen, lamentablemente; este fen\u00f3meno de inseguridad sigue presente y es penoso, tanto en las ciudades como en el campo. La gente tiene miedo de ir a trabajar a causa de la inseguridad. Y debido a la injusticia, la gente se toma la justicia por su mano. Lo que reina actualmente es la justicia popular\u2026 Como ven, realmente hay muchos desaf\u00edos que afrontar para poner en orden nuestro pa\u00eds.<\/p>\n<p><strong>\u00bfCuenta usted con suficientes sacerdotes que puedan ser misioneros de esa evangelizaci\u00f3n de la que hablaba antes?<\/strong><\/p>\n<p>En mi di\u00f3cesis (Toamasina) no tengo suficientes sacerdotes, por lo que pido ayuda a los misioneros e intento dar una buena formaci\u00f3n a todos, comenzando por los seminaristas. El n\u00famero de seminaristas va en aumento, pero debido a la extrema pobreza reinante, siempre tenemos que preguntarnos si se trata de aut\u00e9nticas vocaciones o si subyace el deseo de obtener una seguridad material. Por tanto, hay que discernir bien. Adem\u00e1s, y tambi\u00e9n debido a la pobreza, no hay carreteras ni medios de comunicaci\u00f3n para acceder a la poblaci\u00f3n de cada poblado, todo es muy dif\u00edcil. Nuestro reto es disponer de una emisora de radio que emita en cada rinc\u00f3n de la di\u00f3cesis para que la palabra de la Iglesia pueda ser escuchada por todas las familias. \u00a1Y, por qu\u00e9 no, un canal de televisi\u00f3n!<\/p>\n<p>&nbsp;<\/p>\n<figure id=\"attachment_38914\" aria-describedby=\"caption-attachment-38914\" style=\"width: 690px\" class=\"wp-caption aligncenter\"><img loading=\"lazy\" decoding=\"async\" class=\"size-full wp-image-38914\" src=\"https:\/\/media.acninternational.org\/wp-content\/uploads\/2019\/11\/ACN-20140228-05727-post.jpg\" alt=\"church in Toamasina, dedicated to Pope John XXIII\" width=\"690\" height=\"397\" \/><figcaption id=\"caption-attachment-38914\" class=\"wp-caption-text\">Iglesia en Toamasina, dedicada al Papa Juan XXIII<\/figcaption><\/figure>\n<p>&nbsp;<\/p>\n<p><strong>Monse\u00f1or, \u00bfpodr\u00eda decirnos algo acerca de los cursos de formaci\u00f3n continua de los formadores de los seminarios mayores que se dan en Roma cada verano, en el marco de un proyecto apoyado por ACN?<\/strong><\/p>\n<p>Esa es realmente una hermosa iniciativa, \u00a1gracias de coraz\u00f3n! Estamos muy contentos y convencidos del provecho de la formaci\u00f3n, y os damos las gracias y os felicitamos por esta iniciativa. Puedo dar testimonio de que es una hermosa iniciativa que merece continuaci\u00f3n.<\/p>\n<p><strong>\u00bfCree usted que el Papa Francisco visitar\u00e1 Madagascar, tal y como se sugiri\u00f3 en marzo pasado? \u00bfQu\u00e9 mensaje espera del Papa?<\/strong><\/p>\n<p>No puedo prometerlo al cien por cien, pero tengo esa esperanza. \u00c9l es muy consciente de que as\u00ed lo deseamos y existe una alta probabilidad de que nos visite el a\u00f1o que viene. Hay muchos mensajes que nos gustar\u00eda recibir, pero, sobre todo, que haga referencia a la importancia de ser justo, de frenar la corrupci\u00f3n, de dirigir bien el pa\u00eds\u2026 para que todo el mundo intente ser un buen ciudadano y un buen cristiano.<\/p>\n<p>&nbsp;<\/p>\n<figure id=\"attachment_38915\" aria-describedby=\"caption-attachment-38915\" style=\"width: 690px\" class=\"wp-caption aligncenter\"><img loading=\"lazy\" decoding=\"async\" class=\"size-full wp-image-38915\" src=\"https:\/\/media.acninternational.org\/wp-content\/uploads\/2019\/11\/ACN-20140522-09250-post.jpg\" alt=\"Children praying the Rosary in Malagasy\" width=\"690\" height=\"460\" \/><figcaption id=\"caption-attachment-38915\" class=\"wp-caption-text\">Ni\u00f1os rezando el Rosario en malgache<\/figcaption><\/figure>\n<p>&nbsp;<\/p>\n<p><strong>\u00bfLe gustar\u00eda transmitir un mensaje a nuestros benefactores?<\/strong><\/p>\n<p>La situaci\u00f3n en Madagascar es realmente cr\u00edtica y ahora entramos en una nueva crisis, por lo que es el momento de apoyarnos plenamente. Adem\u00e1s, doy las gracias a todos los benefactores por sus iniciativas y sus oraciones. Les ruego que recen por que se introduzcan cambios entre nosotros en consonancia con el Evangelio y tambi\u00e9n que recen por m\u00ed. Gracias infinitas.<\/p>\n<p>&nbsp;<\/p>\n<p><img loading=\"lazy\" decoding=\"async\" class=\"aligncenter size-full wp-image-38917\" src=\"https:\/\/media.acninternational.org\/wp-content\/uploads\/2019\/11\/ACN-20171026-63490-post.jpg\" alt=\"Madagascar\" width=\"690\" height=\"436\" \/><\/p>\n","protected":false},"excerpt":{"rendered":"<p>Mientras la isla atraviesa una grave crisis pol\u00edtica a pocos meses de las elecciones presidenciales, Mons. D\u00e9sir\u00e9 Tzarahazana, actualmente Arzobispo<\/p>\n","protected":false},"author":1,"featured_media":117419,"comment_status":"open","ping_status":"open","sticky":false,"template":"","format":"standard","meta":{"_acf_changed":false,"_acn_coauthor_ids":[],"footnotes":""},"categories":[745],"tags":[],"country":[],"class_list":["post-117418","post","type-post","status-publish","format-standard","has-post-thumbnail","hentry","category-entrevistas"],"acn_coauthors":[],"acf":[],"yoast_head":"<!-- This site is optimized with the Yoast SEO Premium plugin v27.3 (Yoast SEO v27.3) - https:\/\/yoast.com\/product\/yoast-seo-premium-wordpress\/ -->\n<title>MADAGASCAR: La islamizaci\u00f3n, en marcha | ACN International<\/title>\n<meta name=\"robots\" content=\"index, follow, max-snippet:-1, max-image-preview:large, max-video-preview:-1\" \/>\n<link rel=\"canonical\" href=\"https:\/\/acninternational.org\/es\/madagascar-la-islamizacion-en-marcha\/\" \/>\n<meta property=\"og:locale\" content=\"es_ES\" \/>\n<meta property=\"og:type\" content=\"article\" \/>\n<meta property=\"og:title\" content=\"MADAGASCAR: La islamizaci\u00f3n, en marcha\" \/>\n<meta property=\"og:description\" content=\"Mientras la isla atraviesa una grave crisis pol\u00edtica a pocos meses de las elecciones presidenciales, Mons. D\u00e9sir\u00e9 Tzarahazana, actualmente Arzobispo\" \/>\n<meta property=\"og:url\" content=\"https:\/\/acninternational.org\/es\/madagascar-la-islamizacion-en-marcha\/\" \/>\n<meta property=\"og:site_name\" content=\"ACN International\" \/>\n<meta property=\"article:publisher\" content=\"https:\/\/www.facebook.com\/acninternationalorg\" \/>\n<meta property=\"article:published_time\" content=\"2018-06-18T22:00:00+00:00\" \/>\n<meta property=\"og:image\" content=\"https:\/\/media.acninternational.org\/wp-content\/uploads\/2019\/11\/MADAGASCAR-La-islamizaci%C3%B3n-en-marcha-image.jpg\" \/>\n\t<meta property=\"og:image:width\" content=\"1440\" \/>\n\t<meta property=\"og:image:height\" content=\"900\" \/>\n\t<meta property=\"og:image:type\" content=\"image\/jpeg\" \/>\n<meta name=\"author\" content=\"admin_acn\" \/>\n<meta name=\"twitter:card\" content=\"summary_large_image\" \/>\n<meta name=\"twitter:creator\" content=\"@acn_int\" \/>\n<meta name=\"twitter:site\" content=\"@acn_int\" \/>\n<meta name=\"twitter:label1\" content=\"Escrito por\" \/>\n\t<meta name=\"twitter:data1\" content=\"admin_acn\" \/>\n\t<meta name=\"twitter:label2\" content=\"Tiempo de lectura\" \/>\n\t<meta name=\"twitter:data2\" content=\"7 minutos\" \/>\n<script type=\"application\/ld+json\" class=\"yoast-schema-graph\">{\"@context\":\"https:\\\/\\\/schema.org\",\"@graph\":[{\"@type\":\"Article\",\"@id\":\"https:\\\/\\\/acninternational.org\\\/es\\\/madagascar-la-islamizacion-en-marcha\\\/#article\",\"isPartOf\":{\"@id\":\"https:\\\/\\\/acninternational.org\\\/es\\\/madagascar-la-islamizacion-en-marcha\\\/\"},\"author\":{\"name\":\"admin_acn\",\"@id\":\"https:\\\/\\\/acninternational.org\\\/es\\\/#\\\/schema\\\/person\\\/5a7468d38fb12b1976b6eeda95c21ebc\"},\"headline\":\"MADAGASCAR: La islamizaci\u00f3n, en marcha\",\"datePublished\":\"2018-06-18T22:00:00+00:00\",\"mainEntityOfPage\":{\"@id\":\"https:\\\/\\\/acninternational.org\\\/es\\\/madagascar-la-islamizacion-en-marcha\\\/\"},\"wordCount\":1421,\"commentCount\":0,\"publisher\":{\"@id\":\"https:\\\/\\\/acninternational.org\\\/es\\\/#organization\"},\"image\":{\"@id\":\"https:\\\/\\\/acninternational.org\\\/es\\\/madagascar-la-islamizacion-en-marcha\\\/#primaryimage\"},\"thumbnailUrl\":\"https:\\\/\\\/media.acninternational.org\\\/wp-content\\\/uploads\\\/2019\\\/11\\\/MADAGASCAR-La-islamizaci%C3%B3n-en-marcha-image.jpg\",\"articleSection\":[\"ENTREVISTAS\"],\"inLanguage\":\"es\",\"potentialAction\":[{\"@type\":\"CommentAction\",\"name\":\"Comment\",\"target\":[\"https:\\\/\\\/acninternational.org\\\/es\\\/madagascar-la-islamizacion-en-marcha\\\/#respond\"]}]},{\"@type\":\"WebPage\",\"@id\":\"https:\\\/\\\/acninternational.org\\\/es\\\/madagascar-la-islamizacion-en-marcha\\\/\",\"url\":\"https:\\\/\\\/acninternational.org\\\/es\\\/madagascar-la-islamizacion-en-marcha\\\/\",\"name\":\"MADAGASCAR: La islamizaci\u00f3n, en marcha | ACN International\",\"isPartOf\":{\"@id\":\"https:\\\/\\\/acninternational.org\\\/es\\\/#website\"},\"primaryImageOfPage\":{\"@id\":\"https:\\\/\\\/acninternational.org\\\/es\\\/madagascar-la-islamizacion-en-marcha\\\/#primaryimage\"},\"image\":{\"@id\":\"https:\\\/\\\/acninternational.org\\\/es\\\/madagascar-la-islamizacion-en-marcha\\\/#primaryimage\"},\"thumbnailUrl\":\"https:\\\/\\\/media.acninternational.org\\\/wp-content\\\/uploads\\\/2019\\\/11\\\/MADAGASCAR-La-islamizaci%C3%B3n-en-marcha-image.jpg\",\"datePublished\":\"2018-06-18T22:00:00+00:00\",\"breadcrumb\":{\"@id\":\"https:\\\/\\\/acninternational.org\\\/es\\\/madagascar-la-islamizacion-en-marcha\\\/#breadcrumb\"},\"inLanguage\":\"es\",\"potentialAction\":[{\"@type\":\"ReadAction\",\"target\":[\"https:\\\/\\\/acninternational.org\\\/es\\\/madagascar-la-islamizacion-en-marcha\\\/\"]}]},{\"@type\":\"ImageObject\",\"inLanguage\":\"es\",\"@id\":\"https:\\\/\\\/acninternational.org\\\/es\\\/madagascar-la-islamizacion-en-marcha\\\/#primaryimage\",\"url\":\"https:\\\/\\\/media.acninternational.org\\\/wp-content\\\/uploads\\\/2019\\\/11\\\/MADAGASCAR-La-islamizaci%C3%B3n-en-marcha-image.jpg\",\"contentUrl\":\"https:\\\/\\\/media.acninternational.org\\\/wp-content\\\/uploads\\\/2019\\\/11\\\/MADAGASCAR-La-islamizaci%C3%B3n-en-marcha-image.jpg\",\"width\":1440,\"height\":900,\"caption\":\"MADAGASCAR: La islamizaci\u00f3n, en marcha\"},{\"@type\":\"BreadcrumbList\",\"@id\":\"https:\\\/\\\/acninternational.org\\\/es\\\/madagascar-la-islamizacion-en-marcha\\\/#breadcrumb\",\"itemListElement\":[{\"@type\":\"ListItem\",\"position\":1,\"name\":\"Home\",\"item\":\"https:\\\/\\\/acninternational.org\\\/es\\\/\"},{\"@type\":\"ListItem\",\"position\":2,\"name\":\"ENTREVISTAS\",\"item\":\"https:\\\/\\\/acninternational.org\\\/es\\\/category\\\/entrevistas\\\/\"},{\"@type\":\"ListItem\",\"position\":3,\"name\":\"MADAGASCAR: La islamizaci\u00f3n, en marcha\"}]},{\"@type\":\"WebSite\",\"@id\":\"https:\\\/\\\/acninternational.org\\\/es\\\/#website\",\"url\":\"https:\\\/\\\/acninternational.org\\\/es\\\/\",\"name\":\"ACN International\",\"description\":\"\",\"publisher\":{\"@id\":\"https:\\\/\\\/acninternational.org\\\/es\\\/#organization\"},\"potentialAction\":[{\"@type\":\"SearchAction\",\"target\":{\"@type\":\"EntryPoint\",\"urlTemplate\":\"https:\\\/\\\/acninternational.org\\\/es\\\/?s={search_term_string}\"},\"query-input\":{\"@type\":\"PropertyValueSpecification\",\"valueRequired\":true,\"valueName\":\"search_term_string\"}}],\"inLanguage\":\"es\"},{\"@type\":\"Organization\",\"@id\":\"https:\\\/\\\/acninternational.org\\\/es\\\/#organization\",\"name\":\"Aid to the Church in Need International\",\"url\":\"https:\\\/\\\/acninternational.org\\\/es\\\/\",\"logo\":{\"@type\":\"ImageObject\",\"inLanguage\":\"es\",\"@id\":\"https:\\\/\\\/acninternational.org\\\/es\\\/#\\\/schema\\\/logo\\\/image\\\/\",\"url\":\"https:\\\/\\\/media.acninternational.org\\\/wp-content\\\/uploads\\\/2019\\\/11\\\/acn_logo_blackvector.svg\",\"contentUrl\":\"https:\\\/\\\/media.acninternational.org\\\/wp-content\\\/uploads\\\/2019\\\/11\\\/acn_logo_blackvector.svg\",\"width\":232.6,\"height\":78,\"caption\":\"Aid to the Church in Need International\"},\"image\":{\"@id\":\"https:\\\/\\\/acninternational.org\\\/es\\\/#\\\/schema\\\/logo\\\/image\\\/\"},\"sameAs\":[\"https:\\\/\\\/www.facebook.com\\\/acninternationalorg\",\"https:\\\/\\\/x.com\\\/acn_int\",\"https:\\\/\\\/www.youtube.com\\\/channel\\\/UCQ-077gS0TnVzkhHmf1opZw\",\"https:\\\/\\\/www.instagram.com\\\/acn_international\\\/\"]},{\"@type\":\"Person\",\"@id\":\"https:\\\/\\\/acninternational.org\\\/es\\\/#\\\/schema\\\/person\\\/5a7468d38fb12b1976b6eeda95c21ebc\",\"name\":\"admin_acn\",\"url\":\"https:\\\/\\\/acninternational.org\\\/es\\\/author\\\/admin_acn\\\/\"}]}<\/script>\n<!-- \/ Yoast SEO Premium plugin. -->","yoast_head_json":{"title":"MADAGASCAR: La islamizaci\u00f3n, en marcha | ACN International","robots":{"index":"index","follow":"follow","max-snippet":"max-snippet:-1","max-image-preview":"max-image-preview:large","max-video-preview":"max-video-preview:-1"},"canonical":"https:\/\/acninternational.org\/es\/madagascar-la-islamizacion-en-marcha\/","og_locale":"es_ES","og_type":"article","og_title":"MADAGASCAR: La islamizaci\u00f3n, en marcha","og_description":"Mientras la isla atraviesa una grave crisis pol\u00edtica a pocos meses de las elecciones presidenciales, Mons. D\u00e9sir\u00e9 Tzarahazana, actualmente Arzobispo","og_url":"https:\/\/acninternational.org\/es\/madagascar-la-islamizacion-en-marcha\/","og_site_name":"ACN International","article_publisher":"https:\/\/www.facebook.com\/acninternationalorg","article_published_time":"2018-06-18T22:00:00+00:00","og_image":[{"width":1440,"height":900,"url":"https:\/\/media.acninternational.org\/wp-content\/uploads\/2019\/11\/MADAGASCAR-La-islamizaci%C3%B3n-en-marcha-image.jpg","type":"image\/jpeg"}],"author":"admin_acn","twitter_card":"summary_large_image","twitter_creator":"@acn_int","twitter_site":"@acn_int","twitter_misc":{"Escrito por":"admin_acn","Tiempo de lectura":"7 minutos"},"schema":{"@context":"https:\/\/schema.org","@graph":[{"@type":"Article","@id":"https:\/\/acninternational.org\/es\/madagascar-la-islamizacion-en-marcha\/#article","isPartOf":{"@id":"https:\/\/acninternational.org\/es\/madagascar-la-islamizacion-en-marcha\/"},"author":{"name":"admin_acn","@id":"https:\/\/acninternational.org\/es\/#\/schema\/person\/5a7468d38fb12b1976b6eeda95c21ebc"},"headline":"MADAGASCAR: La islamizaci\u00f3n, en marcha","datePublished":"2018-06-18T22:00:00+00:00","mainEntityOfPage":{"@id":"https:\/\/acninternational.org\/es\/madagascar-la-islamizacion-en-marcha\/"},"wordCount":1421,"commentCount":0,"publisher":{"@id":"https:\/\/acninternational.org\/es\/#organization"},"image":{"@id":"https:\/\/acninternational.org\/es\/madagascar-la-islamizacion-en-marcha\/#primaryimage"},"thumbnailUrl":"https:\/\/media.acninternational.org\/wp-content\/uploads\/2019\/11\/MADAGASCAR-La-islamizaci%C3%B3n-en-marcha-image.jpg","articleSection":["ENTREVISTAS"],"inLanguage":"es","potentialAction":[{"@type":"CommentAction","name":"Comment","target":["https:\/\/acninternational.org\/es\/madagascar-la-islamizacion-en-marcha\/#respond"]}]},{"@type":"WebPage","@id":"https:\/\/acninternational.org\/es\/madagascar-la-islamizacion-en-marcha\/","url":"https:\/\/acninternational.org\/es\/madagascar-la-islamizacion-en-marcha\/","name":"MADAGASCAR: La islamizaci\u00f3n, en marcha | ACN International","isPartOf":{"@id":"https:\/\/acninternational.org\/es\/#website"},"primaryImageOfPage":{"@id":"https:\/\/acninternational.org\/es\/madagascar-la-islamizacion-en-marcha\/#primaryimage"},"image":{"@id":"https:\/\/acninternational.org\/es\/madagascar-la-islamizacion-en-marcha\/#primaryimage"},"thumbnailUrl":"https:\/\/media.acninternational.org\/wp-content\/uploads\/2019\/11\/MADAGASCAR-La-islamizaci%C3%B3n-en-marcha-image.jpg","datePublished":"2018-06-18T22:00:00+00:00","breadcrumb":{"@id":"https:\/\/acninternational.org\/es\/madagascar-la-islamizacion-en-marcha\/#breadcrumb"},"inLanguage":"es","potentialAction":[{"@type":"ReadAction","target":["https:\/\/acninternational.org\/es\/madagascar-la-islamizacion-en-marcha\/"]}]},{"@type":"ImageObject","inLanguage":"es","@id":"https:\/\/acninternational.org\/es\/madagascar-la-islamizacion-en-marcha\/#primaryimage","url":"https:\/\/media.acninternational.org\/wp-content\/uploads\/2019\/11\/MADAGASCAR-La-islamizaci%C3%B3n-en-marcha-image.jpg","contentUrl":"https:\/\/media.acninternational.org\/wp-content\/uploads\/2019\/11\/MADAGASCAR-La-islamizaci%C3%B3n-en-marcha-image.jpg","width":1440,"height":900,"caption":"MADAGASCAR: La islamizaci\u00f3n, en marcha"},{"@type":"BreadcrumbList","@id":"https:\/\/acninternational.org\/es\/madagascar-la-islamizacion-en-marcha\/#breadcrumb","itemListElement":[{"@type":"ListItem","position":1,"name":"Home","item":"https:\/\/acninternational.org\/es\/"},{"@type":"ListItem","position":2,"name":"ENTREVISTAS","item":"https:\/\/acninternational.org\/es\/category\/entrevistas\/"},{"@type":"ListItem","position":3,"name":"MADAGASCAR: La islamizaci\u00f3n, en marcha"}]},{"@type":"WebSite","@id":"https:\/\/acninternational.org\/es\/#website","url":"https:\/\/acninternational.org\/es\/","name":"ACN International","description":"","publisher":{"@id":"https:\/\/acninternational.org\/es\/#organization"},"potentialAction":[{"@type":"SearchAction","target":{"@type":"EntryPoint","urlTemplate":"https:\/\/acninternational.org\/es\/?s={search_term_string}"},"query-input":{"@type":"PropertyValueSpecification","valueRequired":true,"valueName":"search_term_string"}}],"inLanguage":"es"},{"@type":"Organization","@id":"https:\/\/acninternational.org\/es\/#organization","name":"Aid to the Church in Need International","url":"https:\/\/acninternational.org\/es\/","logo":{"@type":"ImageObject","inLanguage":"es","@id":"https:\/\/acninternational.org\/es\/#\/schema\/logo\/image\/","url":"https:\/\/media.acninternational.org\/wp-content\/uploads\/2019\/11\/acn_logo_blackvector.svg","contentUrl":"https:\/\/media.acninternational.org\/wp-content\/uploads\/2019\/11\/acn_logo_blackvector.svg","width":232.6,"height":78,"caption":"Aid to the Church in Need International"},"image":{"@id":"https:\/\/acninternational.org\/es\/#\/schema\/logo\/image\/"},"sameAs":["https:\/\/www.facebook.com\/acninternationalorg","https:\/\/x.com\/acn_int","https:\/\/www.youtube.com\/channel\/UCQ-077gS0TnVzkhHmf1opZw","https:\/\/www.instagram.com\/acn_international\/"]},{"@type":"Person","@id":"https:\/\/acninternational.org\/es\/#\/schema\/person\/5a7468d38fb12b1976b6eeda95c21ebc","name":"admin_acn","url":"https:\/\/acninternational.org\/es\/author\/admin_acn\/"}]}},"_links":{"self":[{"href":"https:\/\/acninternational.org\/es\/wp-json\/wp\/v2\/posts\/117418","targetHints":{"allow":["GET"]}}],"collection":[{"href":"https:\/\/acninternational.org\/es\/wp-json\/wp\/v2\/posts"}],"about":[{"href":"https:\/\/acninternational.org\/es\/wp-json\/wp\/v2\/types\/post"}],"author":[{"embeddable":true,"href":"https:\/\/acninternational.org\/es\/wp-json\/wp\/v2\/users\/1"}],"replies":[{"embeddable":true,"href":"https:\/\/acninternational.org\/es\/wp-json\/wp\/v2\/comments?post=117418"}],"version-history":[{"count":0,"href":"https:\/\/acninternational.org\/es\/wp-json\/wp\/v2\/posts\/117418\/revisions"}],"wp:featuredmedia":[{"embeddable":true,"href":"https:\/\/acninternational.org\/es\/wp-json\/wp\/v2\/media\/117419"}],"wp:attachment":[{"href":"https:\/\/acninternational.org\/es\/wp-json\/wp\/v2\/media?parent=117418"}],"wp:term":[{"taxonomy":"category","embeddable":true,"href":"https:\/\/acninternational.org\/es\/wp-json\/wp\/v2\/categories?post=117418"},{"taxonomy":"post_tag","embeddable":true,"href":"https:\/\/acninternational.org\/es\/wp-json\/wp\/v2\/tags?post=117418"},{"taxonomy":"country","embeddable":true,"href":"https:\/\/acninternational.org\/es\/wp-json\/wp\/v2\/country?post=117418"}],"curies":[{"name":"wp","href":"https:\/\/api.w.org\/{rel}","templated":true}]}}