{"id":117403,"date":"2018-06-08T00:00:00","date_gmt":"2018-06-07T22:00:00","guid":{"rendered":"https:\/\/acninternational.org\/el-retrato-de-la-indefension-en-la-frontera-de-venezuela\/"},"modified":"2018-06-08T00:00:00","modified_gmt":"2018-06-07T22:00:00","slug":"el-retrato-de-la-indefension-en-la-frontera-de-venezuela","status":"publish","type":"post","link":"https:\/\/acninternational.org\/es\/el-retrato-de-la-indefension-en-la-frontera-de-venezuela\/","title":{"rendered":"El retrato de la indefensi\u00f3n en la frontera de Venezuela"},"content":{"rendered":"<p>Luego de las controvertidas elecciones presidenciales en Venezuela sigue en aumento el flujo de migrantes que buscan mejores posibilidades en otras naciones, y sigue gener\u00e1ndose una gran necesidad de atenci\u00f3n a miles de venezolanos que cotidianamente cruzan la frontera colombo-venezolana.<\/p>\n<p>En el Puente Internaci\u00f3n Sim\u00f3n Bol\u00edvar que une a las ciudades de San Antonio del T\u00e1chira (Venezuela) y San Jos\u00e9 de C\u00facuta (Colombia), los controles son arduos para quien desea salir del pa\u00eds que vive una grave crisis pol\u00edtica, econ\u00f3mica y social. Muchos no alcanzan a pasar la frontera, por lo cual deben deambular por la poblaci\u00f3n fronteriza en b\u00fasqueda de ayuda humanitaria.<\/p>\n<p>&nbsp;<\/p>\n<p><img loading=\"lazy\" decoding=\"async\" class=\"aligncenter size-full wp-image-38400\" src=\"https:\/\/media.acninternational.org\/wp-content\/uploads\/2019\/11\/ACN-20180607-72214-post.jpg\" alt=\"\" width=\"690\" height=\"430\" \/><\/p>\n<p>&nbsp;<\/p>\n<p>Es el caso de Fernando y Marisela junto a sus dos hijos: Luis y Camila, de 3 y 7 a\u00f1os de edad respectivamente, viajaron desde Caracas para cruzar la frontera con el objetivo de llegar hasta Ecuador, pero por dificultad con los documentos de los menores de edad no han podido salir del pa\u00eds.<\/p>\n<p>\u201cLa vida esta dif\u00edcil en la capital, es mejor emigrar\u201d, dice Fernando. Ahora con escasos recursos pernotan en la plaza de la comunidad junto a otros migrantes, y realizan trabajos de la econom\u00eda informal mientras solucionan su problema y contin\u00faan su viaje.<\/p>\n<p>&nbsp;<\/p>\n<p><img loading=\"lazy\" decoding=\"async\" class=\"aligncenter size-full wp-image-38401\" src=\"https:\/\/media.acninternational.org\/wp-content\/uploads\/2019\/11\/ACN-20180607-72212-post.jpg\" alt=\"A picture of helplessness on the Venezuelan frontier\" width=\"690\" height=\"434\" \/><\/p>\n<p>&nbsp;<\/p>\n<p>&nbsp;<\/p>\n<p>Un reporte de la organizaci\u00f3n Internacional de las Migraciones, publicado el pasado 14 de mayo, se\u00f1ala que la cifra de inmigrantes venezolanos en Am\u00e9rica Latina y el Caribe creci\u00f3 de 89.000\u00a0a 900.000 mil personas de 2015 a 2017, con un aumento superior a 900%.\u00a0 Sin tomar en cuenta a los ciudadanos que pasaron la frontera por caminos irregulares hacia Colombia o Brasil.<\/p>\n<p>Para el Obispo de la Di\u00f3cesis de San Crist\u00f3bal en Venezuela, monse\u00f1or Mario Moronta, la situaci\u00f3n en esta frontera \u201ces el retrato de la desamparo de tantos venezolanos que no consiguen lo suministros b\u00e1sicos y necesarios para la vida diaria: alimento, medicina y otras cosas\u201d, dijo.<\/p>\n<p>Ante tal situaci\u00f3n manifiesta el Obispo \u201cla Iglesia, impulsada y guiada por el Esp\u00edritu Santo,\u00a0 busca soluciones desde la caridad, con mucha humanidad para atender con lo que est\u00e1 a nuestro alcance a los migrantes\u201d.<\/p>\n<p>&nbsp;<\/p>\n<p><img loading=\"lazy\" decoding=\"async\" class=\"aligncenter size-full wp-image-38397\" src=\"https:\/\/media.acninternational.org\/wp-content\/uploads\/2019\/11\/square-A-picture-of-helplessness-on-the-Venezuelan-frontier.jpg\" alt=\"A picture of helplessness on the Venezuelan frontier\" width=\"630\" height=\"630\" \/><\/p>\n<p>&nbsp;<\/p>\n<p>Cientos de personas cruzan diariamente este puente caminando, ya que la circulaci\u00f3n de veh\u00edculos est\u00e1 cerrada desde agosto del a\u00f1o 2015. Algunos toman este cruce para ir a otras naciones de Suram\u00e9rica, otros van hasta la ciudad de C\u00facuta en busca de alimento o medicinas y luego regresan, y unos cuantos deciden quedarse en la frontera buscando improvisadas fuentes de trabajo.<\/p>\n<p>C\u00f3mo el joven Andr\u00e9s Vargas, de 18 a\u00f1os, que viaj\u00f3 desde Barquisimeto para ir hasta Chile, pero no le alcanz\u00f3 el dinero y decidi\u00f3 quedarse en la frontera. \u201cAqu\u00ed gano alguna comisi\u00f3n llevando a los viajeros hasta la venta de pasajes, y eso me alcanza para comer y algunas veces para pagar el albergue\u201d, dijo.<\/p>\n<p>&nbsp;<\/p>\n<p><img loading=\"lazy\" decoding=\"async\" class=\"aligncenter size-full wp-image-38402\" src=\"https:\/\/media.acninternational.org\/wp-content\/uploads\/2019\/11\/ACN-20180607-72211-post.jpg\" alt=\"A picture of helplessness on the Venezuelan frontier\" width=\"690\" height=\"417\" \/><\/p>\n<p>&nbsp;<\/p>\n<p>Otros, luego de un largo viajes no alcanzar a pasar la frontera, por llegar en horario restringido, ya que entre 8 pm a 6 am el paso est\u00e1 completando cerrado. Le sucedi\u00f3 a la familia Fonseca -padre, madre, y sus tres j\u00f3venes hijas- que viajaron 12 horas en autob\u00fas desde Valencia y al llegar a San Antonio la frontera estaba cerrada, pasaron la noche en la calle a la intemperie: \u201ces una aventura, esa mala noche no se compara a los que hemos vivido en los \u00faltimos a\u00f1os\u201d, expres\u00f3 el se\u00f1or Carlos Fonseca.<\/p>\n<p>El sacerdote Reinaldo Contreras, Rector de la Bas\u00edlica de San Antonio de Padua, ubicada a escasos metros de la frontera inform\u00f3 que la Iglesia responde a esta situaci\u00f3n a trav\u00e9s de la pastoral social, pero \u201ccon mucha dificultad, debido a la escases y altos precios de los alimentos, y la falta de infraestructura para la atenci\u00f3n adecuada del migrante\u201d.<\/p>\n<p>Sin embargo, a diario las parroquias del eje fronterizo realizan jornadas de alimentaci\u00f3n para ofrecer a los m\u00e1s vulnerables una raci\u00f3n de comida. Se\u00f1al\u00f3 el sacerdote que se est\u00e1n planteando la posibilidad de habilitar alg\u00fan espacio, como una Casa del Migrante, para ofrecerles una ayuda m\u00e1s completa.<\/p>\n<p>Muchos inmigrantes al cruzar la frontera tambi\u00e9n reciben el apoyo de \u201cCasa de Paso Divina Misericordia\u201d de la Di\u00f3cesis de C\u00facuta que ofrece a los inmigrantes servicio m\u00e9dico, atenci\u00f3n pastoral, y distribuyen m\u00e1s de mil comidas diarias.<\/p>\n<p>&nbsp;<\/p>\n<p>https:\/\/www.youtube.com\/watch?v=Pd0IeBk9jwg<\/p>\n<p>&nbsp;<\/p>\n<p>El Obispo de C\u00facuta, Mons. Victor Manuel Ochoa describ\u00eda en recientes declaraciones a la fundaci\u00f3n pontificia Aid to the Church in Need (ACN) la situaci\u00f3n como \u201cun drama de dolor\u201d y ped\u00eda oraciones: \u201cLa Iglesia est\u00e1 presente en la frontera, hemos querido ser la mano que acompa\u00f1a a los hermanos venezolanos que sufren. Me acuerdo del Padre Werenfried, fundador de ACN, que distribuy\u00f3 alimento a los refugiados en 1947. Queremos seguir las huellas. Les invito a que oren por Venezuela y por Colombia, para que encontremos caminos de paz y reconciliaci\u00f3n.\u201d<\/p>\n<p><em>Aid to the Church in Need visit\u00f3 recientemente la ciudad de San Antonio de Tachira (Colombia) para ofrecer apoyo y solidaridad a las di\u00f3cesis fronterizas de Venezuela y Colombia en esta dif\u00edcil situaci\u00f3n que est\u00e1 pasando y estudiar futuras ayudas para el proyecto de la Casa del Migrante. <\/em><\/p>\n","protected":false},"excerpt":{"rendered":"<p>Luego de las controvertidas elecciones presidenciales en Venezuela sigue en aumento el flujo de migrantes que buscan mejores posibilidades en<\/p>\n","protected":false},"author":1,"featured_media":117404,"comment_status":"open","ping_status":"open","sticky":false,"template":"","format":"standard","meta":{"_acf_changed":false,"_acn_coauthor_ids":[],"_acn_featured_article":false,"footnotes":""},"categories":[713],"tags":[],"country":[],"class_list":["post-117403","post","type-post","status-publish","format-standard","has-post-thumbnail","hentry","category-historias"],"acn_coauthors":[],"acf":[],"yoast_head":"<!-- This site is optimized with the Yoast SEO Premium plugin v27.5 (Yoast SEO v27.5) - https:\/\/yoast.com\/product\/yoast-seo-premium-wordpress\/ -->\n<title>El retrato de la indefensi\u00f3n en la frontera de Venezuela | ACN International<\/title>\n<meta name=\"robots\" content=\"index, follow, max-snippet:-1, max-image-preview:large, max-video-preview:-1\" \/>\n<link rel=\"canonical\" href=\"https:\/\/acninternational.org\/es\/el-retrato-de-la-indefension-en-la-frontera-de-venezuela\/\" \/>\n<meta property=\"og:locale\" content=\"es_ES\" \/>\n<meta property=\"og:type\" content=\"article\" \/>\n<meta property=\"og:title\" content=\"El retrato de la indefensi\u00f3n en la frontera de Venezuela\" \/>\n<meta property=\"og:description\" content=\"Luego de las controvertidas elecciones presidenciales en Venezuela sigue en aumento el flujo de migrantes que buscan mejores posibilidades en\" \/>\n<meta property=\"og:url\" content=\"https:\/\/acninternational.org\/es\/el-retrato-de-la-indefension-en-la-frontera-de-venezuela\/\" \/>\n<meta property=\"og:site_name\" content=\"ACN International\" \/>\n<meta property=\"article:publisher\" content=\"https:\/\/www.facebook.com\/acninternationalorg\" \/>\n<meta property=\"article:published_time\" content=\"2018-06-07T22:00:00+00:00\" \/>\n<meta property=\"og:image\" content=\"https:\/\/media.acninternational.org\/wp-content\/uploads\/2019\/11\/El-retrato-de-la-indefensi%C3%B3n-en-la-frontera-de-Venezuela-image.jpg\" \/>\n\t<meta property=\"og:image:width\" content=\"1440\" \/>\n\t<meta property=\"og:image:height\" content=\"900\" \/>\n\t<meta property=\"og:image:type\" content=\"image\/jpeg\" \/>\n<meta name=\"author\" content=\"admin_acn\" \/>\n<meta name=\"twitter:card\" content=\"summary_large_image\" \/>\n<meta name=\"twitter:creator\" content=\"@acn_int\" \/>\n<meta name=\"twitter:site\" content=\"@acn_int\" \/>\n<meta name=\"twitter:label1\" content=\"Escrito por\" \/>\n\t<meta name=\"twitter:data1\" content=\"admin_acn\" \/>\n\t<meta name=\"twitter:label2\" content=\"Tiempo de lectura\" \/>\n\t<meta name=\"twitter:data2\" content=\"5 minutos\" \/>\n<script type=\"application\/ld+json\" class=\"yoast-schema-graph\">{\"@context\":\"https:\\\/\\\/schema.org\",\"@graph\":[{\"@type\":\"Article\",\"@id\":\"https:\\\/\\\/acninternational.org\\\/es\\\/el-retrato-de-la-indefension-en-la-frontera-de-venezuela\\\/#article\",\"isPartOf\":{\"@id\":\"https:\\\/\\\/acninternational.org\\\/es\\\/el-retrato-de-la-indefension-en-la-frontera-de-venezuela\\\/\"},\"author\":{\"name\":\"admin_acn\",\"@id\":\"https:\\\/\\\/acninternational.org\\\/es\\\/#\\\/schema\\\/person\\\/5a7468d38fb12b1976b6eeda95c21ebc\"},\"headline\":\"El retrato de la indefensi\u00f3n en la frontera de Venezuela\",\"datePublished\":\"2018-06-07T22:00:00+00:00\",\"mainEntityOfPage\":{\"@id\":\"https:\\\/\\\/acninternational.org\\\/es\\\/el-retrato-de-la-indefension-en-la-frontera-de-venezuela\\\/\"},\"wordCount\":918,\"commentCount\":0,\"publisher\":{\"@id\":\"https:\\\/\\\/acninternational.org\\\/es\\\/#organization\"},\"image\":{\"@id\":\"https:\\\/\\\/acninternational.org\\\/es\\\/el-retrato-de-la-indefension-en-la-frontera-de-venezuela\\\/#primaryimage\"},\"thumbnailUrl\":\"https:\\\/\\\/media.acninternational.org\\\/wp-content\\\/uploads\\\/2019\\\/11\\\/El-retrato-de-la-indefensi%C3%B3n-en-la-frontera-de-Venezuela-image.jpg\",\"articleSection\":[\"HISTORIAS\"],\"inLanguage\":\"es\",\"potentialAction\":[{\"@type\":\"CommentAction\",\"name\":\"Comment\",\"target\":[\"https:\\\/\\\/acninternational.org\\\/es\\\/el-retrato-de-la-indefension-en-la-frontera-de-venezuela\\\/#respond\"]}]},{\"@type\":\"WebPage\",\"@id\":\"https:\\\/\\\/acninternational.org\\\/es\\\/el-retrato-de-la-indefension-en-la-frontera-de-venezuela\\\/\",\"url\":\"https:\\\/\\\/acninternational.org\\\/es\\\/el-retrato-de-la-indefension-en-la-frontera-de-venezuela\\\/\",\"name\":\"El retrato de la indefensi\u00f3n en la frontera de Venezuela | ACN International\",\"isPartOf\":{\"@id\":\"https:\\\/\\\/acninternational.org\\\/es\\\/#website\"},\"primaryImageOfPage\":{\"@id\":\"https:\\\/\\\/acninternational.org\\\/es\\\/el-retrato-de-la-indefension-en-la-frontera-de-venezuela\\\/#primaryimage\"},\"image\":{\"@id\":\"https:\\\/\\\/acninternational.org\\\/es\\\/el-retrato-de-la-indefension-en-la-frontera-de-venezuela\\\/#primaryimage\"},\"thumbnailUrl\":\"https:\\\/\\\/media.acninternational.org\\\/wp-content\\\/uploads\\\/2019\\\/11\\\/El-retrato-de-la-indefensi%C3%B3n-en-la-frontera-de-Venezuela-image.jpg\",\"datePublished\":\"2018-06-07T22:00:00+00:00\",\"breadcrumb\":{\"@id\":\"https:\\\/\\\/acninternational.org\\\/es\\\/el-retrato-de-la-indefension-en-la-frontera-de-venezuela\\\/#breadcrumb\"},\"inLanguage\":\"es\",\"potentialAction\":[{\"@type\":\"ReadAction\",\"target\":[\"https:\\\/\\\/acninternational.org\\\/es\\\/el-retrato-de-la-indefension-en-la-frontera-de-venezuela\\\/\"]}]},{\"@type\":\"ImageObject\",\"inLanguage\":\"es\",\"@id\":\"https:\\\/\\\/acninternational.org\\\/es\\\/el-retrato-de-la-indefension-en-la-frontera-de-venezuela\\\/#primaryimage\",\"url\":\"https:\\\/\\\/media.acninternational.org\\\/wp-content\\\/uploads\\\/2019\\\/11\\\/El-retrato-de-la-indefensi%C3%B3n-en-la-frontera-de-Venezuela-image.jpg\",\"contentUrl\":\"https:\\\/\\\/media.acninternational.org\\\/wp-content\\\/uploads\\\/2019\\\/11\\\/El-retrato-de-la-indefensi%C3%B3n-en-la-frontera-de-Venezuela-image.jpg\",\"width\":1440,\"height\":900,\"caption\":\"El retrato de la indefensi\u00f3n en la frontera de Venezuela\"},{\"@type\":\"BreadcrumbList\",\"@id\":\"https:\\\/\\\/acninternational.org\\\/es\\\/el-retrato-de-la-indefension-en-la-frontera-de-venezuela\\\/#breadcrumb\",\"itemListElement\":[{\"@type\":\"ListItem\",\"position\":1,\"name\":\"Home\",\"item\":\"https:\\\/\\\/acninternational.org\\\/es\\\/\"},{\"@type\":\"ListItem\",\"position\":2,\"name\":\"HISTORIAS\",\"item\":\"https:\\\/\\\/acninternational.org\\\/es\\\/category\\\/historias\\\/\"},{\"@type\":\"ListItem\",\"position\":3,\"name\":\"El retrato de la indefensi\u00f3n en la frontera de Venezuela\"}]},{\"@type\":\"WebSite\",\"@id\":\"https:\\\/\\\/acninternational.org\\\/es\\\/#website\",\"url\":\"https:\\\/\\\/acninternational.org\\\/es\\\/\",\"name\":\"ACN International\",\"description\":\"\",\"publisher\":{\"@id\":\"https:\\\/\\\/acninternational.org\\\/es\\\/#organization\"},\"potentialAction\":[{\"@type\":\"SearchAction\",\"target\":{\"@type\":\"EntryPoint\",\"urlTemplate\":\"https:\\\/\\\/acninternational.org\\\/es\\\/?s={search_term_string}\"},\"query-input\":{\"@type\":\"PropertyValueSpecification\",\"valueRequired\":true,\"valueName\":\"search_term_string\"}}],\"inLanguage\":\"es\"},{\"@type\":\"Organization\",\"@id\":\"https:\\\/\\\/acninternational.org\\\/es\\\/#organization\",\"name\":\"Aid to the Church in Need International\",\"url\":\"https:\\\/\\\/acninternational.org\\\/es\\\/\",\"logo\":{\"@type\":\"ImageObject\",\"inLanguage\":\"es\",\"@id\":\"https:\\\/\\\/acninternational.org\\\/es\\\/#\\\/schema\\\/logo\\\/image\\\/\",\"url\":\"https:\\\/\\\/media.acninternational.org\\\/wp-content\\\/uploads\\\/2019\\\/11\\\/acn_logo_blackvector.svg\",\"contentUrl\":\"https:\\\/\\\/media.acninternational.org\\\/wp-content\\\/uploads\\\/2019\\\/11\\\/acn_logo_blackvector.svg\",\"width\":232.6,\"height\":78,\"caption\":\"Aid to the Church in Need International\"},\"image\":{\"@id\":\"https:\\\/\\\/acninternational.org\\\/es\\\/#\\\/schema\\\/logo\\\/image\\\/\"},\"sameAs\":[\"https:\\\/\\\/www.facebook.com\\\/acninternationalorg\",\"https:\\\/\\\/x.com\\\/acn_int\",\"https:\\\/\\\/www.youtube.com\\\/channel\\\/UCQ-077gS0TnVzkhHmf1opZw\",\"https:\\\/\\\/www.instagram.com\\\/acn_international\\\/\"]},{\"@type\":\"Person\",\"@id\":\"https:\\\/\\\/acninternational.org\\\/es\\\/#\\\/schema\\\/person\\\/5a7468d38fb12b1976b6eeda95c21ebc\",\"name\":\"admin_acn\",\"url\":\"https:\\\/\\\/acninternational.org\\\/es\\\/author\\\/admin_acn\\\/\"}]}<\/script>\n<!-- \/ Yoast SEO Premium plugin. -->","yoast_head_json":{"title":"El retrato de la indefensi\u00f3n en la frontera de Venezuela | ACN International","robots":{"index":"index","follow":"follow","max-snippet":"max-snippet:-1","max-image-preview":"max-image-preview:large","max-video-preview":"max-video-preview:-1"},"canonical":"https:\/\/acninternational.org\/es\/el-retrato-de-la-indefension-en-la-frontera-de-venezuela\/","og_locale":"es_ES","og_type":"article","og_title":"El retrato de la indefensi\u00f3n en la frontera de Venezuela","og_description":"Luego de las controvertidas elecciones presidenciales en Venezuela sigue en aumento el flujo de migrantes que buscan mejores posibilidades en","og_url":"https:\/\/acninternational.org\/es\/el-retrato-de-la-indefension-en-la-frontera-de-venezuela\/","og_site_name":"ACN International","article_publisher":"https:\/\/www.facebook.com\/acninternationalorg","article_published_time":"2018-06-07T22:00:00+00:00","og_image":[{"width":1440,"height":900,"url":"https:\/\/media.acninternational.org\/wp-content\/uploads\/2019\/11\/El-retrato-de-la-indefensi%C3%B3n-en-la-frontera-de-Venezuela-image.jpg","type":"image\/jpeg"}],"author":"admin_acn","twitter_card":"summary_large_image","twitter_creator":"@acn_int","twitter_site":"@acn_int","twitter_misc":{"Escrito por":"admin_acn","Tiempo de lectura":"5 minutos"},"schema":{"@context":"https:\/\/schema.org","@graph":[{"@type":"Article","@id":"https:\/\/acninternational.org\/es\/el-retrato-de-la-indefension-en-la-frontera-de-venezuela\/#article","isPartOf":{"@id":"https:\/\/acninternational.org\/es\/el-retrato-de-la-indefension-en-la-frontera-de-venezuela\/"},"author":{"name":"admin_acn","@id":"https:\/\/acninternational.org\/es\/#\/schema\/person\/5a7468d38fb12b1976b6eeda95c21ebc"},"headline":"El retrato de la indefensi\u00f3n en la frontera de Venezuela","datePublished":"2018-06-07T22:00:00+00:00","mainEntityOfPage":{"@id":"https:\/\/acninternational.org\/es\/el-retrato-de-la-indefension-en-la-frontera-de-venezuela\/"},"wordCount":918,"commentCount":0,"publisher":{"@id":"https:\/\/acninternational.org\/es\/#organization"},"image":{"@id":"https:\/\/acninternational.org\/es\/el-retrato-de-la-indefension-en-la-frontera-de-venezuela\/#primaryimage"},"thumbnailUrl":"https:\/\/media.acninternational.org\/wp-content\/uploads\/2019\/11\/El-retrato-de-la-indefensi%C3%B3n-en-la-frontera-de-Venezuela-image.jpg","articleSection":["HISTORIAS"],"inLanguage":"es","potentialAction":[{"@type":"CommentAction","name":"Comment","target":["https:\/\/acninternational.org\/es\/el-retrato-de-la-indefension-en-la-frontera-de-venezuela\/#respond"]}]},{"@type":"WebPage","@id":"https:\/\/acninternational.org\/es\/el-retrato-de-la-indefension-en-la-frontera-de-venezuela\/","url":"https:\/\/acninternational.org\/es\/el-retrato-de-la-indefension-en-la-frontera-de-venezuela\/","name":"El retrato de la indefensi\u00f3n en la frontera de Venezuela | ACN International","isPartOf":{"@id":"https:\/\/acninternational.org\/es\/#website"},"primaryImageOfPage":{"@id":"https:\/\/acninternational.org\/es\/el-retrato-de-la-indefension-en-la-frontera-de-venezuela\/#primaryimage"},"image":{"@id":"https:\/\/acninternational.org\/es\/el-retrato-de-la-indefension-en-la-frontera-de-venezuela\/#primaryimage"},"thumbnailUrl":"https:\/\/media.acninternational.org\/wp-content\/uploads\/2019\/11\/El-retrato-de-la-indefensi%C3%B3n-en-la-frontera-de-Venezuela-image.jpg","datePublished":"2018-06-07T22:00:00+00:00","breadcrumb":{"@id":"https:\/\/acninternational.org\/es\/el-retrato-de-la-indefension-en-la-frontera-de-venezuela\/#breadcrumb"},"inLanguage":"es","potentialAction":[{"@type":"ReadAction","target":["https:\/\/acninternational.org\/es\/el-retrato-de-la-indefension-en-la-frontera-de-venezuela\/"]}]},{"@type":"ImageObject","inLanguage":"es","@id":"https:\/\/acninternational.org\/es\/el-retrato-de-la-indefension-en-la-frontera-de-venezuela\/#primaryimage","url":"https:\/\/media.acninternational.org\/wp-content\/uploads\/2019\/11\/El-retrato-de-la-indefensi%C3%B3n-en-la-frontera-de-Venezuela-image.jpg","contentUrl":"https:\/\/media.acninternational.org\/wp-content\/uploads\/2019\/11\/El-retrato-de-la-indefensi%C3%B3n-en-la-frontera-de-Venezuela-image.jpg","width":1440,"height":900,"caption":"El retrato de la indefensi\u00f3n en la frontera de Venezuela"},{"@type":"BreadcrumbList","@id":"https:\/\/acninternational.org\/es\/el-retrato-de-la-indefension-en-la-frontera-de-venezuela\/#breadcrumb","itemListElement":[{"@type":"ListItem","position":1,"name":"Home","item":"https:\/\/acninternational.org\/es\/"},{"@type":"ListItem","position":2,"name":"HISTORIAS","item":"https:\/\/acninternational.org\/es\/category\/historias\/"},{"@type":"ListItem","position":3,"name":"El retrato de la indefensi\u00f3n en la frontera de Venezuela"}]},{"@type":"WebSite","@id":"https:\/\/acninternational.org\/es\/#website","url":"https:\/\/acninternational.org\/es\/","name":"ACN International","description":"","publisher":{"@id":"https:\/\/acninternational.org\/es\/#organization"},"potentialAction":[{"@type":"SearchAction","target":{"@type":"EntryPoint","urlTemplate":"https:\/\/acninternational.org\/es\/?s={search_term_string}"},"query-input":{"@type":"PropertyValueSpecification","valueRequired":true,"valueName":"search_term_string"}}],"inLanguage":"es"},{"@type":"Organization","@id":"https:\/\/acninternational.org\/es\/#organization","name":"Aid to the Church in Need International","url":"https:\/\/acninternational.org\/es\/","logo":{"@type":"ImageObject","inLanguage":"es","@id":"https:\/\/acninternational.org\/es\/#\/schema\/logo\/image\/","url":"https:\/\/media.acninternational.org\/wp-content\/uploads\/2019\/11\/acn_logo_blackvector.svg","contentUrl":"https:\/\/media.acninternational.org\/wp-content\/uploads\/2019\/11\/acn_logo_blackvector.svg","width":232.6,"height":78,"caption":"Aid to the Church in Need International"},"image":{"@id":"https:\/\/acninternational.org\/es\/#\/schema\/logo\/image\/"},"sameAs":["https:\/\/www.facebook.com\/acninternationalorg","https:\/\/x.com\/acn_int","https:\/\/www.youtube.com\/channel\/UCQ-077gS0TnVzkhHmf1opZw","https:\/\/www.instagram.com\/acn_international\/"]},{"@type":"Person","@id":"https:\/\/acninternational.org\/es\/#\/schema\/person\/5a7468d38fb12b1976b6eeda95c21ebc","name":"admin_acn","url":"https:\/\/acninternational.org\/es\/author\/admin_acn\/"}]}},"_links":{"self":[{"href":"https:\/\/acninternational.org\/es\/wp-json\/wp\/v2\/posts\/117403","targetHints":{"allow":["GET"]}}],"collection":[{"href":"https:\/\/acninternational.org\/es\/wp-json\/wp\/v2\/posts"}],"about":[{"href":"https:\/\/acninternational.org\/es\/wp-json\/wp\/v2\/types\/post"}],"author":[{"embeddable":true,"href":"https:\/\/acninternational.org\/es\/wp-json\/wp\/v2\/users\/1"}],"replies":[{"embeddable":true,"href":"https:\/\/acninternational.org\/es\/wp-json\/wp\/v2\/comments?post=117403"}],"version-history":[{"count":0,"href":"https:\/\/acninternational.org\/es\/wp-json\/wp\/v2\/posts\/117403\/revisions"}],"wp:featuredmedia":[{"embeddable":true,"href":"https:\/\/acninternational.org\/es\/wp-json\/wp\/v2\/media\/117404"}],"wp:attachment":[{"href":"https:\/\/acninternational.org\/es\/wp-json\/wp\/v2\/media?parent=117403"}],"wp:term":[{"taxonomy":"category","embeddable":true,"href":"https:\/\/acninternational.org\/es\/wp-json\/wp\/v2\/categories?post=117403"},{"taxonomy":"post_tag","embeddable":true,"href":"https:\/\/acninternational.org\/es\/wp-json\/wp\/v2\/tags?post=117403"},{"taxonomy":"country","embeddable":true,"href":"https:\/\/acninternational.org\/es\/wp-json\/wp\/v2\/country?post=117403"}],"curies":[{"name":"wp","href":"https:\/\/api.w.org\/{rel}","templated":true}]}}