{"id":117283,"date":"2018-05-18T00:00:00","date_gmt":"2018-05-17T22:00:00","guid":{"rendered":"https:\/\/acninternational.org\/cardinal-urosa-las-elecciones-del-20-de-mayo-son-un-atropello-a-los-derechos-politicos-de-los-ciudadanos-venezolanos\/"},"modified":"2018-05-18T00:00:00","modified_gmt":"2018-05-17T22:00:00","slug":"cardinal-urosa-las-elecciones-del-20-de-mayo-son-un-atropello-a-los-derechos-politicos-de-los-ciudadanos-venezolanos","status":"publish","type":"post","link":"https:\/\/acninternational.org\/es\/cardinal-urosa-las-elecciones-del-20-de-mayo-son-un-atropello-a-los-derechos-politicos-de-los-ciudadanos-venezolanos\/","title":{"rendered":"Cardinal Urosa: \u201cLas elecciones del 20 de mayo son un atropello a los derechos pol\u00edticos de los ciudadanos venezolanos\u201d"},"content":{"rendered":"<p class=\"p1\"><span class=\"s1\"><i>Seg\u00fan el \u00faltimo informe de Caritas Venezuela la inflaci\u00f3n alimentaria super\u00f3 el 1.300% en el 2017. As\u00ed mismo el Fondo Monetario Internacional estima que la inflaci\u00f3n en el pa\u00eds ser\u00e1 de 13.000%, la m\u00e1s alta del mundo en 2018. El 1 de mayo el salario m\u00ednimo subi\u00f3 de 1,3 millones de bol\u00edvares a 2,5 millones; esto significa un 95% de aumento. Es el noveno aumento de sueldo desde enero de 2017 y el tercero en el transcurso de este a\u00f1o. A esta situaci\u00f3n econ\u00f3mica se suma la crisis pol\u00edtica: el Gobierno ha convocado elecciones presidenciales en el pa\u00eds para el 20 de Mayo. <\/i><\/span><\/p>\n<p class=\"p1\"><span class=\"s1\"><i>En su \u00faltimo comunicado la Conferencia de Obispos de Venezuela afirma que la realizaci\u00f3n de las elecciones est\u00e1 deslegitimada porque \u201ctal como est\u00e1n concebidas, sin las suficientes garant\u00edas que identifican todo proceso electoral libre, confiable, transparente, con innumerables inhabilitaciones de posibles candidatos, lejos de aportar una soluci\u00f3n a la crisis que vive el pa\u00eds, pueden agravarla y conducirlo a una cat\u00e1strofe humanitaria sin precedentes\u201d. <\/i><\/span><\/p>\n<p class=\"p1\"><span class=\"s1\"><i>La fundaci\u00f3n pontificia Aid to the Church in Need entrevista al Cardenal Jorge Urosa, arzobispo de Caracas con vistas a las pr\u00f3ximas elecciones.<\/i><\/span><\/p>\n<p>&nbsp;<\/p>\n<figure id=\"attachment_36426\" aria-describedby=\"caption-attachment-36426\" style=\"width: 509px\" class=\"wp-caption aligncenter\"><img loading=\"lazy\" decoding=\"async\" class=\"size-full wp-image-36426\" src=\"https:\/\/media.acninternational.org\/wp-content\/uploads\/2019\/11\/20130722_023-post.jpg\" alt=\"\" width=\"509\" height=\"700\" \/><figcaption id=\"caption-attachment-36426\" class=\"wp-caption-text\"><span class=\"s1\"><i>Cardenal Jorge Urosa, arzobispo de Caracas<\/i><\/span><\/figcaption><\/figure>\n<p>&nbsp;<\/p>\n<p class=\"p1\"><span class=\"s1\"><b>Las elecciones estaban previstas para Octubre o Diciembre del 2018 y fueron adelantadas para Mayo, la oposici\u00f3n todav\u00eda muy dispersa critic\u00f3 la falta de tiempo para organizar la campa\u00f1a y ha llamado a la abstenci\u00f3n.<br \/>\n<\/b>En mi opini\u00f3n \u2013 como ya he dicho varias veces en los \u00faltimos meses &#8211; el adelanto de las elecciones presidenciales para el 20 de mayo es un atropello a los derechos pol\u00edticos de los ciudadanos venezolanos. Nosotros tenemos derecho a elegir con libertad, con condiciones adecuadas. Con viabilidad y posibilidades democr\u00e1ticas. Es como jugar un partido de futbol y un equipo convoca el partido diez d\u00edas antes de lo previsto y no da tiempo a los mejores jugadores del otro equipo a acudir. Las elecciones deber\u00edan organizarse en el \u00faltimo trimestre del a\u00f1o como se prev\u00e9 en la Constituci\u00f3n. <\/span><\/p>\n<p class=\"p1\"><span class=\"s1\"><b>En estos momentos parece que la oposici\u00f3n no est\u00e1 muy activa. No hay una movilizaci\u00f3n real ante de las elecciones. Parece que Venezuela est\u00e1 en shock.<span class=\"Apple-converted-space\">\u00a0 <\/span>\u00bfEs as\u00ed?<br \/>\n<\/b>El a\u00f1o pasado 140 personas murieron durante la represi\u00f3n de las marchas. A veces victimas que no ten\u00edan siquiera que ver con las protestas. Yo vi un video de una mujer que iba por la calle, no estaba en las marchas, se alejaba de la multitud de hecho y \u2018pum\u2019 un disparo y cae fulminada. A m\u00ed eso me sacudi\u00f3. Siento que eso es terrible. Estamos en shock. Pareciera que el mal est\u00e1 campando\u2026 y que no importara ya que se mueran ni\u00f1os o que alguien se rinda y a pesar de todo sea asesinado. La gente ante tanto sufrimiento y sin una respuesta est\u00e1 descorazonada. <\/span><\/p>\n<p class=\"p1\"><span class=\"s1\"><b>El comunicado de prensa de la Conferencia Episcopal habla tambi\u00e9n de una deslegitimaci\u00f3n de las elecciones\u2026<br \/>\n<\/b>Estas elecciones no van a solucionar el problema de la emergencia social y por eso est\u00e1n deslegitimadas. Esas elecciones deber\u00edan posponerse, porque realmente no son legales ni son democr\u00e1ticas.<\/span><\/p>\n<p>&nbsp;<\/p>\n<p><img loading=\"lazy\" decoding=\"async\" class=\"aligncenter wp-image-36427\" src=\"https:\/\/media.acninternational.org\/wp-content\/uploads\/2019\/11\/ACN-20180511-71100-post.jpg\" alt=\"Venezuela\" width=\"690\" height=\"443\" \/><\/p>\n<p>&nbsp;<\/p>\n<p class=\"p1\"><span class=\"s1\"><b>\u00bfEs la Iglesia la \u00fanica entidad en Venezuela que levanta la voz?<br \/>\n<\/b>No. Hay muchos sectores de grupos que no est\u00e1n de acuerdo, que est\u00e1n tomando la palabra: los grupos pol\u00edticos la Asamblea Nacional\u2026 pero los primeros est\u00e1n muy fragmentados y debilitados y todos est\u00e1n muy amenazados. La Iglesia no es la \u00fanica, para nada, pero quiz\u00e1 tenemos m\u00e1s impacto porque la confianza en el episcopado en la sociedad venezolana es muy fuerte. No s\u00f3lo ahora, eso ya desde hace muchos a\u00f1os&#8230;\u00a0<\/span><\/p>\n<p class=\"p1\"><span class=\"s1\"><b>Tambi\u00e9n hay opiniones que dicen que las elecciones fueron adelantadas porque la situaci\u00f3n econ\u00f3mica del pa\u00eds no da para m\u00e1s\u2026 \u00bfEs esa una de las razones?<br \/>\n<\/b>Yo eso no lo s\u00e9; lo que s\u00e9 es que la realidad venezolana es deplorable: la escasez de medicamentos e insumos m\u00e9dicos es algo grav\u00edsimo, incluida la atenci\u00f3n en los hospitales, la falta de comida y el alto costo de los alimentos, el problema de transporte, la falta de dinero en efectivo\u2026 Un kilo de carne cuesta el salario m\u00ednimo. O un litro de leche en polvo\u2026<span class=\"Apple-converted-space\">\u00a0 <\/span>\u00bfqui\u00e9n se lo puede permitir?<span class=\"Apple-converted-space\">\u00a0 <\/span>\u00bfC\u00f3mo puede ser que en un pa\u00eds no haya dinero? Eso mata cualquier econom\u00eda. Desde la Conferencia Episcopal Venezolana<span class=\"Apple-converted-space\">\u00a0 <\/span>hemos levantado nuestra voz para denunciar esa emergencia social o crisis humanitaria que existe en el pa\u00eds. Falta de luz y agua. Nadie se ha preocupado por sostener las estructuras y la manutenci\u00f3n de los sistemas. Es la miseria. Es terrible ver el pa\u00eds en la ruina.<\/span><\/p>\n<p>&nbsp;<\/p>\n<figure id=\"attachment_36428\" aria-describedby=\"caption-attachment-36428\" style=\"width: 690px\" class=\"wp-caption aligncenter\"><img loading=\"lazy\" decoding=\"async\" class=\"wp-image-36428\" src=\"https:\/\/media.acninternational.org\/wp-content\/uploads\/2019\/11\/ACN-20180516-71189-post.jpg\" alt=\"Venezuela\" width=\"690\" height=\"462\" \/><figcaption id=\"caption-attachment-36428\" class=\"wp-caption-text\">La falta de transporte se convirti\u00f3 en un problema<\/figcaption><\/figure>\n<p>&nbsp;<\/p>\n<p class=\"p1\"><span class=\"s1\"><b>Venezuela se est\u00e1 desangrando. Caritas Internacional hablaba de m\u00e1s de cuatro millones que han salido del pa\u00eds\u2026 \u00a1Eso ser\u00eda m\u00e1s del 10% de la poblaci\u00f3n!<br \/>\n<\/b>Hay un \u00e9xodo porque no hay futuro. Hay gente que se va caminando, por la frontera con C\u00facuta. La situaci\u00f3n es dram\u00e1tica. En estos momentos pr\u00e1cticamente todas las familias venezolanas tienen a alguien fuera del pa\u00eds. El \u00e9xodo tambi\u00e9n afecta a la Iglesia, por ejemplo aqu\u00ed de la di\u00f3cesis de Caracas ya son cuatro di\u00e1conos permanentes tambi\u00e9n se han ido, por motivos familiares. Tambi\u00e9n hay muchas congregaciones que est\u00e1n sacando a sus religiosas del pa\u00eds por falta de medios para alimentarles o cuidados m\u00e9dicos. <\/span><\/p>\n<p class=\"p1\"><span class=\"s1\"><b>\u00bfQue ser\u00eda necesario para sacar a Venezuela de la estacada?<br \/>\n<\/b>La situaci\u00f3n es dif\u00edcil de cambiar: \u00bfc\u00f3mo puede haber cambio cuando el gobierno ha ocupado todos los espacios de los poderes p\u00fablicos? No hay a quien acudir. Est\u00e1 la Asamblea Nacional pero est\u00e1 pr\u00e1cticamente inhabilitada, as\u00ed como se han invalidado a los partidos pol\u00edticos. Por otra parte se podr\u00eda decir que existe una \u201chipoteca\u201d de Venezuela en el juego geo-pol\u00edtico internacional, el pa\u00eds fue eliminando la cooperaci\u00f3n con unos pa\u00edses y creando alianzas estrat\u00e9gicas con otros. Por ejemplo para la explotaci\u00f3n de la miner\u00eda y del petr\u00f3leo. En el sur de Venezuela hay minas de diamantes, oro y colt\u00e1n\u2026 Es el famoso Dorado. Por cierto la agresi\u00f3n al medioambiente y la explotaci\u00f3n incontrolada es otro tema preocupante. Hoy en d\u00eda se puede decir que cualquier conflicto en Venezuela no es un conflicto s\u00f3lo entre venezolanos. El pa\u00eds est\u00e1 dentro del juego geopol\u00edtico y econ\u00f3mico internacional. Eso lo hace todav\u00eda m\u00e1s dif\u00edcil. Pero no debemos dejar de orar por nuestro pa\u00eds y anhelar una soluci\u00f3n pac\u00edfica.<\/span><\/p>\n<p class=\"p1\"><span class=\"s1\"><b>La fundaci\u00f3n pontificia ACN propone una campa\u00f1a urgente de oraci\u00f3n y apoyo a Venezuela: \u201cOfrece una Misa por Venezuela\u201d<\/b><\/span><\/p>\n","protected":false},"excerpt":{"rendered":"<p>Seg\u00fan el \u00faltimo informe de Caritas Venezuela la inflaci\u00f3n alimentaria super\u00f3 el 1.300% en el 2017. As\u00ed mismo<\/p>\n","protected":false},"author":1,"featured_media":117284,"comment_status":"open","ping_status":"open","sticky":false,"template":"","format":"standard","meta":{"_acf_changed":false,"_acn_coauthor_ids":[],"_acn_featured_article":false,"footnotes":""},"categories":[745],"tags":[],"country":[],"class_list":["post-117283","post","type-post","status-publish","format-standard","has-post-thumbnail","hentry","category-entrevistas"],"acn_coauthors":[],"acf":[],"yoast_head":"<!-- This site is optimized with the Yoast SEO Premium plugin v27.5 (Yoast SEO v27.5) - https:\/\/yoast.com\/product\/yoast-seo-premium-wordpress\/ -->\n<title>Cardinal Urosa: \u201cLas elecciones del 20 de mayo son un atropello a los derechos pol\u00edticos de los ciudadanos venezolanos\u201d | ACN International<\/title>\n<meta name=\"robots\" content=\"index, follow, max-snippet:-1, max-image-preview:large, max-video-preview:-1\" \/>\n<link rel=\"canonical\" href=\"https:\/\/acninternational.org\/es\/cardinal-urosa-las-elecciones-del-20-de-mayo-son-un-atropello-a-los-derechos-politicos-de-los-ciudadanos-venezolanos\/\" \/>\n<meta property=\"og:locale\" content=\"es_ES\" \/>\n<meta property=\"og:type\" content=\"article\" \/>\n<meta property=\"og:title\" content=\"Cardinal Urosa: \u201cLas elecciones del 20 de mayo son un atropello a los derechos pol\u00edticos de los ciudadanos venezolanos\u201d\" \/>\n<meta property=\"og:description\" content=\"Seg\u00fan el \u00faltimo informe de Caritas Venezuela la inflaci\u00f3n alimentaria super\u00f3 el 1.300% en el 2017. As\u00ed mismo\" \/>\n<meta property=\"og:url\" content=\"https:\/\/acninternational.org\/es\/cardinal-urosa-las-elecciones-del-20-de-mayo-son-un-atropello-a-los-derechos-politicos-de-los-ciudadanos-venezolanos\/\" \/>\n<meta property=\"og:site_name\" content=\"ACN International\" \/>\n<meta property=\"article:publisher\" content=\"https:\/\/www.facebook.com\/acninternationalorg\" \/>\n<meta property=\"article:published_time\" content=\"2018-05-17T22:00:00+00:00\" \/>\n<meta property=\"og:image\" content=\"https:\/\/media.acninternational.org\/wp-content\/uploads\/2019\/11\/Cardinal-Urosa-%E2%80%9CLas-elecciones-del-20-de-mayo-son-un-atropello-a-los-derechos-pol%C3%ADticos-de-los-ciudadanos-venezolanos%E2%80%9D-image.jpg\" \/>\n\t<meta property=\"og:image:width\" content=\"1440\" \/>\n\t<meta property=\"og:image:height\" content=\"900\" \/>\n\t<meta property=\"og:image:type\" content=\"image\/jpeg\" \/>\n<meta name=\"author\" content=\"admin_acn\" \/>\n<meta name=\"twitter:card\" content=\"summary_large_image\" \/>\n<meta name=\"twitter:creator\" content=\"@acn_int\" \/>\n<meta name=\"twitter:site\" content=\"@acn_int\" \/>\n<meta name=\"twitter:label1\" content=\"Escrito por\" \/>\n\t<meta name=\"twitter:data1\" content=\"admin_acn\" \/>\n\t<meta name=\"twitter:label2\" content=\"Tiempo de lectura\" \/>\n\t<meta name=\"twitter:data2\" content=\"6 minutos\" \/>\n<script type=\"application\/ld+json\" class=\"yoast-schema-graph\">{\"@context\":\"https:\\\/\\\/schema.org\",\"@graph\":[{\"@type\":\"Article\",\"@id\":\"https:\\\/\\\/acninternational.org\\\/es\\\/cardinal-urosa-las-elecciones-del-20-de-mayo-son-un-atropello-a-los-derechos-politicos-de-los-ciudadanos-venezolanos\\\/#article\",\"isPartOf\":{\"@id\":\"https:\\\/\\\/acninternational.org\\\/es\\\/cardinal-urosa-las-elecciones-del-20-de-mayo-son-un-atropello-a-los-derechos-politicos-de-los-ciudadanos-venezolanos\\\/\"},\"author\":{\"name\":\"admin_acn\",\"@id\":\"https:\\\/\\\/acninternational.org\\\/es\\\/#\\\/schema\\\/person\\\/5a7468d38fb12b1976b6eeda95c21ebc\"},\"headline\":\"Cardinal Urosa: \u201cLas elecciones del 20 de mayo son un atropello a los derechos pol\u00edticos de los ciudadanos venezolanos\u201d\",\"datePublished\":\"2018-05-17T22:00:00+00:00\",\"mainEntityOfPage\":{\"@id\":\"https:\\\/\\\/acninternational.org\\\/es\\\/cardinal-urosa-las-elecciones-del-20-de-mayo-son-un-atropello-a-los-derechos-politicos-de-los-ciudadanos-venezolanos\\\/\"},\"wordCount\":1209,\"commentCount\":0,\"publisher\":{\"@id\":\"https:\\\/\\\/acninternational.org\\\/es\\\/#organization\"},\"image\":{\"@id\":\"https:\\\/\\\/acninternational.org\\\/es\\\/cardinal-urosa-las-elecciones-del-20-de-mayo-son-un-atropello-a-los-derechos-politicos-de-los-ciudadanos-venezolanos\\\/#primaryimage\"},\"thumbnailUrl\":\"https:\\\/\\\/media.acninternational.org\\\/wp-content\\\/uploads\\\/2019\\\/11\\\/Cardinal-Urosa-%E2%80%9CLas-elecciones-del-20-de-mayo-son-un-atropello-a-los-derechos-pol%C3%ADticos-de-los-ciudadanos-venezolanos%E2%80%9D-image.jpg\",\"articleSection\":[\"ENTREVISTAS\"],\"inLanguage\":\"es\",\"potentialAction\":[{\"@type\":\"CommentAction\",\"name\":\"Comment\",\"target\":[\"https:\\\/\\\/acninternational.org\\\/es\\\/cardinal-urosa-las-elecciones-del-20-de-mayo-son-un-atropello-a-los-derechos-politicos-de-los-ciudadanos-venezolanos\\\/#respond\"]}]},{\"@type\":\"WebPage\",\"@id\":\"https:\\\/\\\/acninternational.org\\\/es\\\/cardinal-urosa-las-elecciones-del-20-de-mayo-son-un-atropello-a-los-derechos-politicos-de-los-ciudadanos-venezolanos\\\/\",\"url\":\"https:\\\/\\\/acninternational.org\\\/es\\\/cardinal-urosa-las-elecciones-del-20-de-mayo-son-un-atropello-a-los-derechos-politicos-de-los-ciudadanos-venezolanos\\\/\",\"name\":\"Cardinal Urosa: \u201cLas elecciones del 20 de mayo son un atropello a los derechos pol\u00edticos de los ciudadanos venezolanos\u201d | ACN International\",\"isPartOf\":{\"@id\":\"https:\\\/\\\/acninternational.org\\\/es\\\/#website\"},\"primaryImageOfPage\":{\"@id\":\"https:\\\/\\\/acninternational.org\\\/es\\\/cardinal-urosa-las-elecciones-del-20-de-mayo-son-un-atropello-a-los-derechos-politicos-de-los-ciudadanos-venezolanos\\\/#primaryimage\"},\"image\":{\"@id\":\"https:\\\/\\\/acninternational.org\\\/es\\\/cardinal-urosa-las-elecciones-del-20-de-mayo-son-un-atropello-a-los-derechos-politicos-de-los-ciudadanos-venezolanos\\\/#primaryimage\"},\"thumbnailUrl\":\"https:\\\/\\\/media.acninternational.org\\\/wp-content\\\/uploads\\\/2019\\\/11\\\/Cardinal-Urosa-%E2%80%9CLas-elecciones-del-20-de-mayo-son-un-atropello-a-los-derechos-pol%C3%ADticos-de-los-ciudadanos-venezolanos%E2%80%9D-image.jpg\",\"datePublished\":\"2018-05-17T22:00:00+00:00\",\"breadcrumb\":{\"@id\":\"https:\\\/\\\/acninternational.org\\\/es\\\/cardinal-urosa-las-elecciones-del-20-de-mayo-son-un-atropello-a-los-derechos-politicos-de-los-ciudadanos-venezolanos\\\/#breadcrumb\"},\"inLanguage\":\"es\",\"potentialAction\":[{\"@type\":\"ReadAction\",\"target\":[\"https:\\\/\\\/acninternational.org\\\/es\\\/cardinal-urosa-las-elecciones-del-20-de-mayo-son-un-atropello-a-los-derechos-politicos-de-los-ciudadanos-venezolanos\\\/\"]}]},{\"@type\":\"ImageObject\",\"inLanguage\":\"es\",\"@id\":\"https:\\\/\\\/acninternational.org\\\/es\\\/cardinal-urosa-las-elecciones-del-20-de-mayo-son-un-atropello-a-los-derechos-politicos-de-los-ciudadanos-venezolanos\\\/#primaryimage\",\"url\":\"https:\\\/\\\/media.acninternational.org\\\/wp-content\\\/uploads\\\/2019\\\/11\\\/Cardinal-Urosa-%E2%80%9CLas-elecciones-del-20-de-mayo-son-un-atropello-a-los-derechos-pol%C3%ADticos-de-los-ciudadanos-venezolanos%E2%80%9D-image.jpg\",\"contentUrl\":\"https:\\\/\\\/media.acninternational.org\\\/wp-content\\\/uploads\\\/2019\\\/11\\\/Cardinal-Urosa-%E2%80%9CLas-elecciones-del-20-de-mayo-son-un-atropello-a-los-derechos-pol%C3%ADticos-de-los-ciudadanos-venezolanos%E2%80%9D-image.jpg\",\"width\":1440,\"height\":900,\"caption\":\"Cardinal Urosa: \u201cLas elecciones del 20 de mayo son un atropello a los derechos pol\u00edticos de los ciudadanos venezolanos\u201d\"},{\"@type\":\"BreadcrumbList\",\"@id\":\"https:\\\/\\\/acninternational.org\\\/es\\\/cardinal-urosa-las-elecciones-del-20-de-mayo-son-un-atropello-a-los-derechos-politicos-de-los-ciudadanos-venezolanos\\\/#breadcrumb\",\"itemListElement\":[{\"@type\":\"ListItem\",\"position\":1,\"name\":\"Home\",\"item\":\"https:\\\/\\\/acninternational.org\\\/es\\\/\"},{\"@type\":\"ListItem\",\"position\":2,\"name\":\"ENTREVISTAS\",\"item\":\"https:\\\/\\\/acninternational.org\\\/es\\\/category\\\/entrevistas\\\/\"},{\"@type\":\"ListItem\",\"position\":3,\"name\":\"Cardinal Urosa: \u201cLas elecciones del 20 de mayo son un atropello a los derechos pol\u00edticos de los ciudadanos venezolanos\u201d\"}]},{\"@type\":\"WebSite\",\"@id\":\"https:\\\/\\\/acninternational.org\\\/es\\\/#website\",\"url\":\"https:\\\/\\\/acninternational.org\\\/es\\\/\",\"name\":\"ACN International\",\"description\":\"\",\"publisher\":{\"@id\":\"https:\\\/\\\/acninternational.org\\\/es\\\/#organization\"},\"potentialAction\":[{\"@type\":\"SearchAction\",\"target\":{\"@type\":\"EntryPoint\",\"urlTemplate\":\"https:\\\/\\\/acninternational.org\\\/es\\\/?s={search_term_string}\"},\"query-input\":{\"@type\":\"PropertyValueSpecification\",\"valueRequired\":true,\"valueName\":\"search_term_string\"}}],\"inLanguage\":\"es\"},{\"@type\":\"Organization\",\"@id\":\"https:\\\/\\\/acninternational.org\\\/es\\\/#organization\",\"name\":\"Aid to the Church in Need International\",\"url\":\"https:\\\/\\\/acninternational.org\\\/es\\\/\",\"logo\":{\"@type\":\"ImageObject\",\"inLanguage\":\"es\",\"@id\":\"https:\\\/\\\/acninternational.org\\\/es\\\/#\\\/schema\\\/logo\\\/image\\\/\",\"url\":\"https:\\\/\\\/media.acninternational.org\\\/wp-content\\\/uploads\\\/2019\\\/11\\\/acn_logo_blackvector.svg\",\"contentUrl\":\"https:\\\/\\\/media.acninternational.org\\\/wp-content\\\/uploads\\\/2019\\\/11\\\/acn_logo_blackvector.svg\",\"width\":232.6,\"height\":78,\"caption\":\"Aid to the Church in Need International\"},\"image\":{\"@id\":\"https:\\\/\\\/acninternational.org\\\/es\\\/#\\\/schema\\\/logo\\\/image\\\/\"},\"sameAs\":[\"https:\\\/\\\/www.facebook.com\\\/acninternationalorg\",\"https:\\\/\\\/x.com\\\/acn_int\",\"https:\\\/\\\/www.youtube.com\\\/channel\\\/UCQ-077gS0TnVzkhHmf1opZw\",\"https:\\\/\\\/www.instagram.com\\\/acn_international\\\/\"]},{\"@type\":\"Person\",\"@id\":\"https:\\\/\\\/acninternational.org\\\/es\\\/#\\\/schema\\\/person\\\/5a7468d38fb12b1976b6eeda95c21ebc\",\"name\":\"admin_acn\",\"url\":\"https:\\\/\\\/acninternational.org\\\/es\\\/author\\\/admin_acn\\\/\"}]}<\/script>\n<!-- \/ Yoast SEO Premium plugin. -->","yoast_head_json":{"title":"Cardinal Urosa: \u201cLas elecciones del 20 de mayo son un atropello a los derechos pol\u00edticos de los ciudadanos venezolanos\u201d | ACN International","robots":{"index":"index","follow":"follow","max-snippet":"max-snippet:-1","max-image-preview":"max-image-preview:large","max-video-preview":"max-video-preview:-1"},"canonical":"https:\/\/acninternational.org\/es\/cardinal-urosa-las-elecciones-del-20-de-mayo-son-un-atropello-a-los-derechos-politicos-de-los-ciudadanos-venezolanos\/","og_locale":"es_ES","og_type":"article","og_title":"Cardinal Urosa: \u201cLas elecciones del 20 de mayo son un atropello a los derechos pol\u00edticos de los ciudadanos venezolanos\u201d","og_description":"Seg\u00fan el \u00faltimo informe de Caritas Venezuela la inflaci\u00f3n alimentaria super\u00f3 el 1.300% en el 2017. As\u00ed mismo","og_url":"https:\/\/acninternational.org\/es\/cardinal-urosa-las-elecciones-del-20-de-mayo-son-un-atropello-a-los-derechos-politicos-de-los-ciudadanos-venezolanos\/","og_site_name":"ACN International","article_publisher":"https:\/\/www.facebook.com\/acninternationalorg","article_published_time":"2018-05-17T22:00:00+00:00","og_image":[{"width":1440,"height":900,"url":"https:\/\/media.acninternational.org\/wp-content\/uploads\/2019\/11\/Cardinal-Urosa-%E2%80%9CLas-elecciones-del-20-de-mayo-son-un-atropello-a-los-derechos-pol%C3%ADticos-de-los-ciudadanos-venezolanos%E2%80%9D-image.jpg","type":"image\/jpeg"}],"author":"admin_acn","twitter_card":"summary_large_image","twitter_creator":"@acn_int","twitter_site":"@acn_int","twitter_misc":{"Escrito por":"admin_acn","Tiempo de lectura":"6 minutos"},"schema":{"@context":"https:\/\/schema.org","@graph":[{"@type":"Article","@id":"https:\/\/acninternational.org\/es\/cardinal-urosa-las-elecciones-del-20-de-mayo-son-un-atropello-a-los-derechos-politicos-de-los-ciudadanos-venezolanos\/#article","isPartOf":{"@id":"https:\/\/acninternational.org\/es\/cardinal-urosa-las-elecciones-del-20-de-mayo-son-un-atropello-a-los-derechos-politicos-de-los-ciudadanos-venezolanos\/"},"author":{"name":"admin_acn","@id":"https:\/\/acninternational.org\/es\/#\/schema\/person\/5a7468d38fb12b1976b6eeda95c21ebc"},"headline":"Cardinal Urosa: \u201cLas elecciones del 20 de mayo son un atropello a los derechos pol\u00edticos de los ciudadanos venezolanos\u201d","datePublished":"2018-05-17T22:00:00+00:00","mainEntityOfPage":{"@id":"https:\/\/acninternational.org\/es\/cardinal-urosa-las-elecciones-del-20-de-mayo-son-un-atropello-a-los-derechos-politicos-de-los-ciudadanos-venezolanos\/"},"wordCount":1209,"commentCount":0,"publisher":{"@id":"https:\/\/acninternational.org\/es\/#organization"},"image":{"@id":"https:\/\/acninternational.org\/es\/cardinal-urosa-las-elecciones-del-20-de-mayo-son-un-atropello-a-los-derechos-politicos-de-los-ciudadanos-venezolanos\/#primaryimage"},"thumbnailUrl":"https:\/\/media.acninternational.org\/wp-content\/uploads\/2019\/11\/Cardinal-Urosa-%E2%80%9CLas-elecciones-del-20-de-mayo-son-un-atropello-a-los-derechos-pol%C3%ADticos-de-los-ciudadanos-venezolanos%E2%80%9D-image.jpg","articleSection":["ENTREVISTAS"],"inLanguage":"es","potentialAction":[{"@type":"CommentAction","name":"Comment","target":["https:\/\/acninternational.org\/es\/cardinal-urosa-las-elecciones-del-20-de-mayo-son-un-atropello-a-los-derechos-politicos-de-los-ciudadanos-venezolanos\/#respond"]}]},{"@type":"WebPage","@id":"https:\/\/acninternational.org\/es\/cardinal-urosa-las-elecciones-del-20-de-mayo-son-un-atropello-a-los-derechos-politicos-de-los-ciudadanos-venezolanos\/","url":"https:\/\/acninternational.org\/es\/cardinal-urosa-las-elecciones-del-20-de-mayo-son-un-atropello-a-los-derechos-politicos-de-los-ciudadanos-venezolanos\/","name":"Cardinal Urosa: \u201cLas elecciones del 20 de mayo son un atropello a los derechos pol\u00edticos de los ciudadanos venezolanos\u201d | ACN International","isPartOf":{"@id":"https:\/\/acninternational.org\/es\/#website"},"primaryImageOfPage":{"@id":"https:\/\/acninternational.org\/es\/cardinal-urosa-las-elecciones-del-20-de-mayo-son-un-atropello-a-los-derechos-politicos-de-los-ciudadanos-venezolanos\/#primaryimage"},"image":{"@id":"https:\/\/acninternational.org\/es\/cardinal-urosa-las-elecciones-del-20-de-mayo-son-un-atropello-a-los-derechos-politicos-de-los-ciudadanos-venezolanos\/#primaryimage"},"thumbnailUrl":"https:\/\/media.acninternational.org\/wp-content\/uploads\/2019\/11\/Cardinal-Urosa-%E2%80%9CLas-elecciones-del-20-de-mayo-son-un-atropello-a-los-derechos-pol%C3%ADticos-de-los-ciudadanos-venezolanos%E2%80%9D-image.jpg","datePublished":"2018-05-17T22:00:00+00:00","breadcrumb":{"@id":"https:\/\/acninternational.org\/es\/cardinal-urosa-las-elecciones-del-20-de-mayo-son-un-atropello-a-los-derechos-politicos-de-los-ciudadanos-venezolanos\/#breadcrumb"},"inLanguage":"es","potentialAction":[{"@type":"ReadAction","target":["https:\/\/acninternational.org\/es\/cardinal-urosa-las-elecciones-del-20-de-mayo-son-un-atropello-a-los-derechos-politicos-de-los-ciudadanos-venezolanos\/"]}]},{"@type":"ImageObject","inLanguage":"es","@id":"https:\/\/acninternational.org\/es\/cardinal-urosa-las-elecciones-del-20-de-mayo-son-un-atropello-a-los-derechos-politicos-de-los-ciudadanos-venezolanos\/#primaryimage","url":"https:\/\/media.acninternational.org\/wp-content\/uploads\/2019\/11\/Cardinal-Urosa-%E2%80%9CLas-elecciones-del-20-de-mayo-son-un-atropello-a-los-derechos-pol%C3%ADticos-de-los-ciudadanos-venezolanos%E2%80%9D-image.jpg","contentUrl":"https:\/\/media.acninternational.org\/wp-content\/uploads\/2019\/11\/Cardinal-Urosa-%E2%80%9CLas-elecciones-del-20-de-mayo-son-un-atropello-a-los-derechos-pol%C3%ADticos-de-los-ciudadanos-venezolanos%E2%80%9D-image.jpg","width":1440,"height":900,"caption":"Cardinal Urosa: \u201cLas elecciones del 20 de mayo son un atropello a los derechos pol\u00edticos de los ciudadanos venezolanos\u201d"},{"@type":"BreadcrumbList","@id":"https:\/\/acninternational.org\/es\/cardinal-urosa-las-elecciones-del-20-de-mayo-son-un-atropello-a-los-derechos-politicos-de-los-ciudadanos-venezolanos\/#breadcrumb","itemListElement":[{"@type":"ListItem","position":1,"name":"Home","item":"https:\/\/acninternational.org\/es\/"},{"@type":"ListItem","position":2,"name":"ENTREVISTAS","item":"https:\/\/acninternational.org\/es\/category\/entrevistas\/"},{"@type":"ListItem","position":3,"name":"Cardinal Urosa: \u201cLas elecciones del 20 de mayo son un atropello a los derechos pol\u00edticos de los ciudadanos venezolanos\u201d"}]},{"@type":"WebSite","@id":"https:\/\/acninternational.org\/es\/#website","url":"https:\/\/acninternational.org\/es\/","name":"ACN International","description":"","publisher":{"@id":"https:\/\/acninternational.org\/es\/#organization"},"potentialAction":[{"@type":"SearchAction","target":{"@type":"EntryPoint","urlTemplate":"https:\/\/acninternational.org\/es\/?s={search_term_string}"},"query-input":{"@type":"PropertyValueSpecification","valueRequired":true,"valueName":"search_term_string"}}],"inLanguage":"es"},{"@type":"Organization","@id":"https:\/\/acninternational.org\/es\/#organization","name":"Aid to the Church in Need International","url":"https:\/\/acninternational.org\/es\/","logo":{"@type":"ImageObject","inLanguage":"es","@id":"https:\/\/acninternational.org\/es\/#\/schema\/logo\/image\/","url":"https:\/\/media.acninternational.org\/wp-content\/uploads\/2019\/11\/acn_logo_blackvector.svg","contentUrl":"https:\/\/media.acninternational.org\/wp-content\/uploads\/2019\/11\/acn_logo_blackvector.svg","width":232.6,"height":78,"caption":"Aid to the Church in Need International"},"image":{"@id":"https:\/\/acninternational.org\/es\/#\/schema\/logo\/image\/"},"sameAs":["https:\/\/www.facebook.com\/acninternationalorg","https:\/\/x.com\/acn_int","https:\/\/www.youtube.com\/channel\/UCQ-077gS0TnVzkhHmf1opZw","https:\/\/www.instagram.com\/acn_international\/"]},{"@type":"Person","@id":"https:\/\/acninternational.org\/es\/#\/schema\/person\/5a7468d38fb12b1976b6eeda95c21ebc","name":"admin_acn","url":"https:\/\/acninternational.org\/es\/author\/admin_acn\/"}]}},"_links":{"self":[{"href":"https:\/\/acninternational.org\/es\/wp-json\/wp\/v2\/posts\/117283","targetHints":{"allow":["GET"]}}],"collection":[{"href":"https:\/\/acninternational.org\/es\/wp-json\/wp\/v2\/posts"}],"about":[{"href":"https:\/\/acninternational.org\/es\/wp-json\/wp\/v2\/types\/post"}],"author":[{"embeddable":true,"href":"https:\/\/acninternational.org\/es\/wp-json\/wp\/v2\/users\/1"}],"replies":[{"embeddable":true,"href":"https:\/\/acninternational.org\/es\/wp-json\/wp\/v2\/comments?post=117283"}],"version-history":[{"count":0,"href":"https:\/\/acninternational.org\/es\/wp-json\/wp\/v2\/posts\/117283\/revisions"}],"wp:featuredmedia":[{"embeddable":true,"href":"https:\/\/acninternational.org\/es\/wp-json\/wp\/v2\/media\/117284"}],"wp:attachment":[{"href":"https:\/\/acninternational.org\/es\/wp-json\/wp\/v2\/media?parent=117283"}],"wp:term":[{"taxonomy":"category","embeddable":true,"href":"https:\/\/acninternational.org\/es\/wp-json\/wp\/v2\/categories?post=117283"},{"taxonomy":"post_tag","embeddable":true,"href":"https:\/\/acninternational.org\/es\/wp-json\/wp\/v2\/tags?post=117283"},{"taxonomy":"country","embeddable":true,"href":"https:\/\/acninternational.org\/es\/wp-json\/wp\/v2\/country?post=117283"}],"curies":[{"name":"wp","href":"https:\/\/api.w.org\/{rel}","templated":true}]}}