{"id":117193,"date":"2018-05-08T00:00:00","date_gmt":"2018-05-07T22:00:00","guid":{"rendered":"https:\/\/acninternational.org\/modi-quiere-un-estado-hindu\/"},"modified":"2018-05-08T00:00:00","modified_gmt":"2018-05-07T22:00:00","slug":"modi-quiere-un-estado-hindu","status":"publish","type":"post","link":"https:\/\/acninternational.org\/es\/modi-quiere-un-estado-hindu\/","title":{"rendered":"Modi quiere un Estado hind\u00fa"},"content":{"rendered":"<h2 class=\"p1\"><span class=\"s1\"><b><i>Los cristianos en India sufren discriminaci\u00f3n por parte de hind\u00faes fundamentalistas. <\/i><\/b><\/span><\/h2>\n<p class=\"p1\"><span class=\"s1\"><b><i>En una visita a la Fundaci\u00f3n Pontificia Internacional \u00abAid to the Church in Need\u00bb, el obispo de la di\u00f3cesis india de Dindigul, Mons. Thomas Paulsamy, se muestra muy preocupado por el crecimiento de los ataques violentos.<\/i><\/b><\/span><\/p>\n<p class=\"p1\"><span class=\"s1\">En el Estado Federal de Tamil Nadu, al sur de la India, los cristianos est\u00e1n sufriendo una creciente violencia y discriminaci\u00f3n por parte de hind\u00faes fundamentalistas. Durante las pasadas semana, unos 20.000 cristianos de diferentes confesiones salieron a la calle, en 16 ciudades, para manifestarse en contra de los resentimientos anticristianos. Desde comienzos del a\u00f1o se han producido m\u00e1s de 15 ataques en Tamil Nadu. Pero la represi\u00f3n de la minor\u00eda cristiana est\u00e1 aumentando tambi\u00e9n en otros lugares del pa\u00eds. Casi el 80 por ciento de la poblaci\u00f3n total son de creencias hind\u00faes. Los<span class=\"Apple-converted-space\">\u00a0 <\/span>cristianos son algo m\u00e1s del dos por ciento.<\/span><\/p>\n<p class=\"p1\"><span class=\"s1\">Los delitos van desde profanaciones de iglesias, como por ejemplo destrucci\u00f3n de estatuas de la Virgen, y la violaci\u00f3n de religiosas hasta el asesinato de un pastor. Sobre todo este \u00faltimo caso produjo considerables protestas de la poblaci\u00f3n cristiana; miles de personas se lanzaron a la calle. La v\u00edctima, un pastor de una iglesia cristiana independiente del Estado Federado de Tamil Nadu, fue encontrado ahorcado en enero, despu\u00e9s de que se hubiera quejado a la polic\u00eda por los abusos sufridos por hind\u00faes.<\/span><\/p>\n<figure id=\"attachment_35752\" aria-describedby=\"caption-attachment-35752\" style=\"width: 230px\" class=\"wp-caption alignleft\"><img loading=\"lazy\" decoding=\"async\" class=\"wp-image-35752\" src=\"https:\/\/media.acninternational.org\/wp-content\/uploads\/2019\/11\/square-Modi-wants-a-Hindu-state.jpg\" alt=\"\" width=\"230\" height=\"230\" \/><figcaption id=\"caption-attachment-35752\" class=\"wp-caption-text\">Monse\u00f1or. Thomas Paulsamy, el obispo de Dindigul, estado de Tamil Nadu en el sur de la India<\/figcaption><\/figure>\n<p class=\"p1\"><span class=\"s1\">Thomas Paulsamy tambi\u00e9n puede hablar de c\u00f3mo los cristianos se sienten cada vez m\u00e1s amenazados por hind\u00faes radicales y fundamentalistas. Este obispo de la di\u00f3cesis india de Dindigul se mostr\u00f3 muy preocupado durante su visita a la Fundaci\u00f3n Pontificia Internacional \u00abAid to the Church in Need\u00bb en la sede central de Alemania<b><i> <\/i><\/b>por el crecimiento de los ataques violentos. \u00abEn general, los cristianos mantenemos buenas relaciones con hind\u00faes, musulmanes y otros grupos religiosos \u2014dijo el obispo\u2014. Viajamos juntos, comemos juntos y vivimos juntos. Algunos incluso vienen a nuestras iglesias\u00bb. En Navidades, por ejemplo \u2014continu\u00f3 diciendo\u2014 miles de no cristianos asistieron a servicios lit\u00fargicos cat\u00f3licos, entre ellos muchos hind\u00faes. Por esta raz\u00f3n, es especialmente triste que una minor\u00eda nacionalista hind\u00fa perturbe de esta manera la convivencia. En su di\u00f3cesis vecina, recientemente fueron atacados sobre todo templos protestantes y se quemaron biblias.<\/span><\/p>\n<p class=\"p1\"><span class=\"s1\">Mons. Paulsamy es el Presidente del Comit\u00e9 de Castas y Etnias perjudicadas, dentro de la Conferencia Episcopal India. All\u00ed se est\u00e1 debatiendo actualmente c\u00f3mo proteger mejor a la minor\u00eda cristiana en India. Por ejemplo, se ha constituido un grupo de trabajo interreligioso en el que representantes de diferentes minor\u00edas religiosas, tambi\u00e9n musulmanes, buscan soluciones comunes. Adem\u00e1s, cada vez m\u00e1s obispos toman la palabra en p\u00fablico para protestar contra el odio religioso. \u00abPero lo hacemos siempre pac\u00edficamente, nunca con violencia\u00bb, subraya Paulsamy, pues los cristianos no quieren caer en el mismo error que la otra parte.<\/span><\/p>\n<p class=\"p1\"><span class=\"s1\">La principal raz\u00f3n de que hayan empeorado las relaciones entre hind\u00faes y cristianos radica, seg\u00fan Mons. Paulsamy, en el hecho de que haya llegado al poder Narendra Modi, del partido nacionalista hind\u00fa Bharatiya Janata (BJP). Antes de que el BJP accediera al poder, las relaciones eran mucho m\u00e1s pac\u00edficas y arm\u00f3nicas, dice Paulsamy. Desde que Modi es primer ministro, los grupos hinduistas fundamentalistas tienen cada vez m\u00e1s poder. \u00abEl BJP apoya a los fundamentalistas\u00bb, expone el obispo. A veces, la polic\u00eda incluso persigue a las v\u00edctimas de ataques violentos.<\/span><\/p>\n<p>&nbsp;<\/p>\n<figure id=\"attachment_35751\" aria-describedby=\"caption-attachment-35751\" style=\"width: 700px\" class=\"wp-caption aligncenter\"><img loading=\"lazy\" decoding=\"async\" class=\"wp-image-35751\" src=\"https:\/\/media.acninternational.org\/wp-content\/uploads\/2019\/11\/cover-Modi-wants-a-Hindu-state.jpg\" alt=\"\" width=\"700\" height=\"438\" \/><figcaption id=\"caption-attachment-35751\" class=\"wp-caption-text\">Los aldeanos cat\u00f3licos celebran la inauguraci\u00f3n de un nuevo edificio escolar con una Santa Misa.<\/figcaption><\/figure>\n<p>&nbsp;<\/p>\n<p class=\"p1\"><span class=\"s1\">Seg\u00fan la Constituci\u00f3n, India se define como una rep\u00fablica democr\u00e1tica socialista y secular. \u00abTodas las personas tienen el mismo derecho a la libertad religiosa, a confesar una religi\u00f3n, a practicarla y a propagarla\u00bb, se dice en el Art\u00edculo 25 de la Constituci\u00f3n. Pero el primer ministro Modi, seg\u00fan advierte Mons. Paulsamy, quiere transformar India en un pa\u00eds hinduista. \u00abNo quiere que tenga vigencia la Constituci\u00f3n, sino los principios y valores religiosos del hinduismo\u00bb. Hay diversos indicios de ello: repetidamente, los ministros de Modi prestan su apoyo a medidas para \u00abproteger\u00bb la religi\u00f3n hind\u00fa. Las minor\u00edas religiosas son vistas como una amenaza, sobre todo los musulmanes y los cristianos.<\/span><\/p>\n<p class=\"p1\"><span class=\"s1\">El nuevo gobierno del BJP quiso introducir de nuevo tambi\u00e9n la ley anti-conversi\u00f3n, con vigencia en todo el pa\u00eds, despu\u00e9s de su triunfo en las urnas en 2014; pero el Ministerio de Justicia la fren\u00f3. Los juristas lo justificaron indicando que toda legislaci\u00f3n por parte del gobierno central que limite la libertad religiosa atenta contra la Constituci\u00f3n. Sin embargo, hoy en d\u00eda, en 7 de los 29 Estados Federados indios est\u00e1n vigentes leyes anti-conversi\u00f3n. Durante un tiempo, tambi\u00e9n en Tamil Nadu \u2014un Estado con un porcentaje relativamente alto de cristianos, del 12 por ciento\u2014 estuvieron prohibidas las conversiones; sin embargo, la ley fue derogada. El Gobierno, sin embargo, sigue viendo cr\u00edticamente las conversiones. Modi probablemente no ha abandonado la idea de introducir una prohibici\u00f3n a la conversi\u00f3n en todo el pa\u00eds.<\/span><\/p>\n<p>&nbsp;<\/p>\n<figure id=\"attachment_35754\" aria-describedby=\"caption-attachment-35754\" style=\"width: 700px\" class=\"wp-caption aligncenter\"><img loading=\"lazy\" decoding=\"async\" class=\"wp-image-35754\" src=\"https:\/\/media.acninternational.org\/wp-content\/uploads\/2019\/11\/ACN-20170309-51726-post.jpg\" alt=\"\" width=\"700\" height=\"467\" \/><figcaption id=\"caption-attachment-35754\" class=\"wp-caption-text\">Santa Misa en la Iglesia de San Francisco Javier en Mangalpur.<\/figcaption><\/figure>\n<p>&nbsp;<\/p>\n<p class=\"p1\"><span class=\"s1\">En mayo de 2019 se celebrar\u00e1n nuevamente elecciones generales. La oposici\u00f3n est\u00e1 intentando formar un partido de coalici\u00f3n para presentarse a las elecciones conjuntamente contra el BJP. Sin embargo, es bastante dudoso que Madi pierda la mayor\u00eda: los cristianos en India pasar\u00edan en ese caso otros cinco a\u00f1os en peligro, pues Mons. Paulsamy est\u00e1 seguro de que si Modi y su BJP vuelven a ser elegidos la discriminaci\u00f3n de la minor\u00eda cristiana continuar\u00e1. \u00abMientras siga gobernando el BJP har\u00e1 la vida imposible a los cristianos de India\u00bb.<\/span><\/p>\n","protected":false},"excerpt":{"rendered":"<p>Los cristianos en India sufren discriminaci\u00f3n por parte de hind\u00faes fundamentalistas.  En una visita a<\/p>\n","protected":false},"author":1,"featured_media":117194,"comment_status":"open","ping_status":"open","sticky":false,"template":"","format":"standard","meta":{"_acf_changed":false,"_acn_coauthor_ids":[],"footnotes":""},"categories":[745],"tags":[],"country":[],"class_list":["post-117193","post","type-post","status-publish","format-standard","has-post-thumbnail","hentry","category-entrevistas"],"acn_coauthors":[],"acf":[],"yoast_head":"<!-- This site is optimized with the Yoast SEO Premium plugin v27.3 (Yoast SEO v27.3) - https:\/\/yoast.com\/product\/yoast-seo-premium-wordpress\/ -->\n<title>Modi quiere un Estado hind\u00fa | ACN International<\/title>\n<meta name=\"robots\" content=\"index, follow, max-snippet:-1, max-image-preview:large, max-video-preview:-1\" \/>\n<link rel=\"canonical\" href=\"https:\/\/acninternational.org\/es\/modi-quiere-un-estado-hindu\/\" \/>\n<meta property=\"og:locale\" content=\"es_ES\" \/>\n<meta property=\"og:type\" content=\"article\" \/>\n<meta property=\"og:title\" content=\"Modi quiere un Estado hind\u00fa\" \/>\n<meta property=\"og:description\" content=\"Los cristianos en India sufren discriminaci\u00f3n por parte de hind\u00faes fundamentalistas. En una visita a\" \/>\n<meta property=\"og:url\" content=\"https:\/\/acninternational.org\/es\/modi-quiere-un-estado-hindu\/\" \/>\n<meta property=\"og:site_name\" content=\"ACN International\" \/>\n<meta property=\"article:publisher\" content=\"https:\/\/www.facebook.com\/acninternationalorg\" \/>\n<meta property=\"article:published_time\" content=\"2018-05-07T22:00:00+00:00\" \/>\n<meta property=\"og:image\" content=\"https:\/\/media.acninternational.org\/wp-content\/uploads\/2019\/11\/Modi-quiere-un-Estado-hind%C3%BA-image.jpg\" \/>\n\t<meta property=\"og:image:width\" content=\"1440\" \/>\n\t<meta property=\"og:image:height\" content=\"900\" \/>\n\t<meta property=\"og:image:type\" content=\"image\/jpeg\" \/>\n<meta name=\"author\" content=\"admin_acn\" \/>\n<meta name=\"twitter:card\" content=\"summary_large_image\" \/>\n<meta name=\"twitter:creator\" content=\"@acn_int\" \/>\n<meta name=\"twitter:site\" content=\"@acn_int\" \/>\n<meta name=\"twitter:label1\" content=\"Escrito por\" \/>\n\t<meta name=\"twitter:data1\" content=\"admin_acn\" \/>\n\t<meta name=\"twitter:label2\" content=\"Tiempo de lectura\" \/>\n\t<meta name=\"twitter:data2\" content=\"5 minutos\" \/>\n<script type=\"application\/ld+json\" class=\"yoast-schema-graph\">{\"@context\":\"https:\\\/\\\/schema.org\",\"@graph\":[{\"@type\":\"Article\",\"@id\":\"https:\\\/\\\/acninternational.org\\\/es\\\/modi-quiere-un-estado-hindu\\\/#article\",\"isPartOf\":{\"@id\":\"https:\\\/\\\/acninternational.org\\\/es\\\/modi-quiere-un-estado-hindu\\\/\"},\"author\":{\"name\":\"admin_acn\",\"@id\":\"https:\\\/\\\/acninternational.org\\\/es\\\/#\\\/schema\\\/person\\\/5a7468d38fb12b1976b6eeda95c21ebc\"},\"headline\":\"Modi quiere un Estado hind\u00fa\",\"datePublished\":\"2018-05-07T22:00:00+00:00\",\"mainEntityOfPage\":{\"@id\":\"https:\\\/\\\/acninternational.org\\\/es\\\/modi-quiere-un-estado-hindu\\\/\"},\"wordCount\":1034,\"commentCount\":0,\"publisher\":{\"@id\":\"https:\\\/\\\/acninternational.org\\\/es\\\/#organization\"},\"image\":{\"@id\":\"https:\\\/\\\/acninternational.org\\\/es\\\/modi-quiere-un-estado-hindu\\\/#primaryimage\"},\"thumbnailUrl\":\"https:\\\/\\\/media.acninternational.org\\\/wp-content\\\/uploads\\\/2019\\\/11\\\/Modi-quiere-un-Estado-hind%C3%BA-image.jpg\",\"articleSection\":[\"ENTREVISTAS\"],\"inLanguage\":\"es\",\"potentialAction\":[{\"@type\":\"CommentAction\",\"name\":\"Comment\",\"target\":[\"https:\\\/\\\/acninternational.org\\\/es\\\/modi-quiere-un-estado-hindu\\\/#respond\"]}]},{\"@type\":\"WebPage\",\"@id\":\"https:\\\/\\\/acninternational.org\\\/es\\\/modi-quiere-un-estado-hindu\\\/\",\"url\":\"https:\\\/\\\/acninternational.org\\\/es\\\/modi-quiere-un-estado-hindu\\\/\",\"name\":\"Modi quiere un Estado hind\u00fa | ACN International\",\"isPartOf\":{\"@id\":\"https:\\\/\\\/acninternational.org\\\/es\\\/#website\"},\"primaryImageOfPage\":{\"@id\":\"https:\\\/\\\/acninternational.org\\\/es\\\/modi-quiere-un-estado-hindu\\\/#primaryimage\"},\"image\":{\"@id\":\"https:\\\/\\\/acninternational.org\\\/es\\\/modi-quiere-un-estado-hindu\\\/#primaryimage\"},\"thumbnailUrl\":\"https:\\\/\\\/media.acninternational.org\\\/wp-content\\\/uploads\\\/2019\\\/11\\\/Modi-quiere-un-Estado-hind%C3%BA-image.jpg\",\"datePublished\":\"2018-05-07T22:00:00+00:00\",\"breadcrumb\":{\"@id\":\"https:\\\/\\\/acninternational.org\\\/es\\\/modi-quiere-un-estado-hindu\\\/#breadcrumb\"},\"inLanguage\":\"es\",\"potentialAction\":[{\"@type\":\"ReadAction\",\"target\":[\"https:\\\/\\\/acninternational.org\\\/es\\\/modi-quiere-un-estado-hindu\\\/\"]}]},{\"@type\":\"ImageObject\",\"inLanguage\":\"es\",\"@id\":\"https:\\\/\\\/acninternational.org\\\/es\\\/modi-quiere-un-estado-hindu\\\/#primaryimage\",\"url\":\"https:\\\/\\\/media.acninternational.org\\\/wp-content\\\/uploads\\\/2019\\\/11\\\/Modi-quiere-un-Estado-hind%C3%BA-image.jpg\",\"contentUrl\":\"https:\\\/\\\/media.acninternational.org\\\/wp-content\\\/uploads\\\/2019\\\/11\\\/Modi-quiere-un-Estado-hind%C3%BA-image.jpg\",\"width\":1440,\"height\":900,\"caption\":\"Tribal Catholic villagers celebrate the inauguration of a new school building with a Holy Mass.\"},{\"@type\":\"BreadcrumbList\",\"@id\":\"https:\\\/\\\/acninternational.org\\\/es\\\/modi-quiere-un-estado-hindu\\\/#breadcrumb\",\"itemListElement\":[{\"@type\":\"ListItem\",\"position\":1,\"name\":\"Home\",\"item\":\"https:\\\/\\\/acninternational.org\\\/es\\\/\"},{\"@type\":\"ListItem\",\"position\":2,\"name\":\"ENTREVISTAS\",\"item\":\"https:\\\/\\\/acninternational.org\\\/es\\\/category\\\/entrevistas\\\/\"},{\"@type\":\"ListItem\",\"position\":3,\"name\":\"Modi quiere un Estado hind\u00fa\"}]},{\"@type\":\"WebSite\",\"@id\":\"https:\\\/\\\/acninternational.org\\\/es\\\/#website\",\"url\":\"https:\\\/\\\/acninternational.org\\\/es\\\/\",\"name\":\"ACN International\",\"description\":\"\",\"publisher\":{\"@id\":\"https:\\\/\\\/acninternational.org\\\/es\\\/#organization\"},\"potentialAction\":[{\"@type\":\"SearchAction\",\"target\":{\"@type\":\"EntryPoint\",\"urlTemplate\":\"https:\\\/\\\/acninternational.org\\\/es\\\/?s={search_term_string}\"},\"query-input\":{\"@type\":\"PropertyValueSpecification\",\"valueRequired\":true,\"valueName\":\"search_term_string\"}}],\"inLanguage\":\"es\"},{\"@type\":\"Organization\",\"@id\":\"https:\\\/\\\/acninternational.org\\\/es\\\/#organization\",\"name\":\"Aid to the Church in Need International\",\"url\":\"https:\\\/\\\/acninternational.org\\\/es\\\/\",\"logo\":{\"@type\":\"ImageObject\",\"inLanguage\":\"es\",\"@id\":\"https:\\\/\\\/acninternational.org\\\/es\\\/#\\\/schema\\\/logo\\\/image\\\/\",\"url\":\"https:\\\/\\\/media.acninternational.org\\\/wp-content\\\/uploads\\\/2019\\\/11\\\/acn_logo_blackvector.svg\",\"contentUrl\":\"https:\\\/\\\/media.acninternational.org\\\/wp-content\\\/uploads\\\/2019\\\/11\\\/acn_logo_blackvector.svg\",\"width\":232.6,\"height\":78,\"caption\":\"Aid to the Church in Need International\"},\"image\":{\"@id\":\"https:\\\/\\\/acninternational.org\\\/es\\\/#\\\/schema\\\/logo\\\/image\\\/\"},\"sameAs\":[\"https:\\\/\\\/www.facebook.com\\\/acninternationalorg\",\"https:\\\/\\\/x.com\\\/acn_int\",\"https:\\\/\\\/www.youtube.com\\\/channel\\\/UCQ-077gS0TnVzkhHmf1opZw\",\"https:\\\/\\\/www.instagram.com\\\/acn_international\\\/\"]},{\"@type\":\"Person\",\"@id\":\"https:\\\/\\\/acninternational.org\\\/es\\\/#\\\/schema\\\/person\\\/5a7468d38fb12b1976b6eeda95c21ebc\",\"name\":\"admin_acn\",\"url\":\"https:\\\/\\\/acninternational.org\\\/es\\\/author\\\/admin_acn\\\/\"}]}<\/script>\n<!-- \/ Yoast SEO Premium plugin. -->","yoast_head_json":{"title":"Modi quiere un Estado hind\u00fa | ACN International","robots":{"index":"index","follow":"follow","max-snippet":"max-snippet:-1","max-image-preview":"max-image-preview:large","max-video-preview":"max-video-preview:-1"},"canonical":"https:\/\/acninternational.org\/es\/modi-quiere-un-estado-hindu\/","og_locale":"es_ES","og_type":"article","og_title":"Modi quiere un Estado hind\u00fa","og_description":"Los cristianos en India sufren discriminaci\u00f3n por parte de hind\u00faes fundamentalistas. En una visita a","og_url":"https:\/\/acninternational.org\/es\/modi-quiere-un-estado-hindu\/","og_site_name":"ACN International","article_publisher":"https:\/\/www.facebook.com\/acninternationalorg","article_published_time":"2018-05-07T22:00:00+00:00","og_image":[{"width":1440,"height":900,"url":"https:\/\/media.acninternational.org\/wp-content\/uploads\/2019\/11\/Modi-quiere-un-Estado-hind%C3%BA-image.jpg","type":"image\/jpeg"}],"author":"admin_acn","twitter_card":"summary_large_image","twitter_creator":"@acn_int","twitter_site":"@acn_int","twitter_misc":{"Escrito por":"admin_acn","Tiempo de lectura":"5 minutos"},"schema":{"@context":"https:\/\/schema.org","@graph":[{"@type":"Article","@id":"https:\/\/acninternational.org\/es\/modi-quiere-un-estado-hindu\/#article","isPartOf":{"@id":"https:\/\/acninternational.org\/es\/modi-quiere-un-estado-hindu\/"},"author":{"name":"admin_acn","@id":"https:\/\/acninternational.org\/es\/#\/schema\/person\/5a7468d38fb12b1976b6eeda95c21ebc"},"headline":"Modi quiere un Estado hind\u00fa","datePublished":"2018-05-07T22:00:00+00:00","mainEntityOfPage":{"@id":"https:\/\/acninternational.org\/es\/modi-quiere-un-estado-hindu\/"},"wordCount":1034,"commentCount":0,"publisher":{"@id":"https:\/\/acninternational.org\/es\/#organization"},"image":{"@id":"https:\/\/acninternational.org\/es\/modi-quiere-un-estado-hindu\/#primaryimage"},"thumbnailUrl":"https:\/\/media.acninternational.org\/wp-content\/uploads\/2019\/11\/Modi-quiere-un-Estado-hind%C3%BA-image.jpg","articleSection":["ENTREVISTAS"],"inLanguage":"es","potentialAction":[{"@type":"CommentAction","name":"Comment","target":["https:\/\/acninternational.org\/es\/modi-quiere-un-estado-hindu\/#respond"]}]},{"@type":"WebPage","@id":"https:\/\/acninternational.org\/es\/modi-quiere-un-estado-hindu\/","url":"https:\/\/acninternational.org\/es\/modi-quiere-un-estado-hindu\/","name":"Modi quiere un Estado hind\u00fa | ACN International","isPartOf":{"@id":"https:\/\/acninternational.org\/es\/#website"},"primaryImageOfPage":{"@id":"https:\/\/acninternational.org\/es\/modi-quiere-un-estado-hindu\/#primaryimage"},"image":{"@id":"https:\/\/acninternational.org\/es\/modi-quiere-un-estado-hindu\/#primaryimage"},"thumbnailUrl":"https:\/\/media.acninternational.org\/wp-content\/uploads\/2019\/11\/Modi-quiere-un-Estado-hind%C3%BA-image.jpg","datePublished":"2018-05-07T22:00:00+00:00","breadcrumb":{"@id":"https:\/\/acninternational.org\/es\/modi-quiere-un-estado-hindu\/#breadcrumb"},"inLanguage":"es","potentialAction":[{"@type":"ReadAction","target":["https:\/\/acninternational.org\/es\/modi-quiere-un-estado-hindu\/"]}]},{"@type":"ImageObject","inLanguage":"es","@id":"https:\/\/acninternational.org\/es\/modi-quiere-un-estado-hindu\/#primaryimage","url":"https:\/\/media.acninternational.org\/wp-content\/uploads\/2019\/11\/Modi-quiere-un-Estado-hind%C3%BA-image.jpg","contentUrl":"https:\/\/media.acninternational.org\/wp-content\/uploads\/2019\/11\/Modi-quiere-un-Estado-hind%C3%BA-image.jpg","width":1440,"height":900,"caption":"Tribal Catholic villagers celebrate the inauguration of a new school building with a Holy Mass."},{"@type":"BreadcrumbList","@id":"https:\/\/acninternational.org\/es\/modi-quiere-un-estado-hindu\/#breadcrumb","itemListElement":[{"@type":"ListItem","position":1,"name":"Home","item":"https:\/\/acninternational.org\/es\/"},{"@type":"ListItem","position":2,"name":"ENTREVISTAS","item":"https:\/\/acninternational.org\/es\/category\/entrevistas\/"},{"@type":"ListItem","position":3,"name":"Modi quiere un Estado hind\u00fa"}]},{"@type":"WebSite","@id":"https:\/\/acninternational.org\/es\/#website","url":"https:\/\/acninternational.org\/es\/","name":"ACN International","description":"","publisher":{"@id":"https:\/\/acninternational.org\/es\/#organization"},"potentialAction":[{"@type":"SearchAction","target":{"@type":"EntryPoint","urlTemplate":"https:\/\/acninternational.org\/es\/?s={search_term_string}"},"query-input":{"@type":"PropertyValueSpecification","valueRequired":true,"valueName":"search_term_string"}}],"inLanguage":"es"},{"@type":"Organization","@id":"https:\/\/acninternational.org\/es\/#organization","name":"Aid to the Church in Need International","url":"https:\/\/acninternational.org\/es\/","logo":{"@type":"ImageObject","inLanguage":"es","@id":"https:\/\/acninternational.org\/es\/#\/schema\/logo\/image\/","url":"https:\/\/media.acninternational.org\/wp-content\/uploads\/2019\/11\/acn_logo_blackvector.svg","contentUrl":"https:\/\/media.acninternational.org\/wp-content\/uploads\/2019\/11\/acn_logo_blackvector.svg","width":232.6,"height":78,"caption":"Aid to the Church in Need International"},"image":{"@id":"https:\/\/acninternational.org\/es\/#\/schema\/logo\/image\/"},"sameAs":["https:\/\/www.facebook.com\/acninternationalorg","https:\/\/x.com\/acn_int","https:\/\/www.youtube.com\/channel\/UCQ-077gS0TnVzkhHmf1opZw","https:\/\/www.instagram.com\/acn_international\/"]},{"@type":"Person","@id":"https:\/\/acninternational.org\/es\/#\/schema\/person\/5a7468d38fb12b1976b6eeda95c21ebc","name":"admin_acn","url":"https:\/\/acninternational.org\/es\/author\/admin_acn\/"}]}},"_links":{"self":[{"href":"https:\/\/acninternational.org\/es\/wp-json\/wp\/v2\/posts\/117193","targetHints":{"allow":["GET"]}}],"collection":[{"href":"https:\/\/acninternational.org\/es\/wp-json\/wp\/v2\/posts"}],"about":[{"href":"https:\/\/acninternational.org\/es\/wp-json\/wp\/v2\/types\/post"}],"author":[{"embeddable":true,"href":"https:\/\/acninternational.org\/es\/wp-json\/wp\/v2\/users\/1"}],"replies":[{"embeddable":true,"href":"https:\/\/acninternational.org\/es\/wp-json\/wp\/v2\/comments?post=117193"}],"version-history":[{"count":0,"href":"https:\/\/acninternational.org\/es\/wp-json\/wp\/v2\/posts\/117193\/revisions"}],"wp:featuredmedia":[{"embeddable":true,"href":"https:\/\/acninternational.org\/es\/wp-json\/wp\/v2\/media\/117194"}],"wp:attachment":[{"href":"https:\/\/acninternational.org\/es\/wp-json\/wp\/v2\/media?parent=117193"}],"wp:term":[{"taxonomy":"category","embeddable":true,"href":"https:\/\/acninternational.org\/es\/wp-json\/wp\/v2\/categories?post=117193"},{"taxonomy":"post_tag","embeddable":true,"href":"https:\/\/acninternational.org\/es\/wp-json\/wp\/v2\/tags?post=117193"},{"taxonomy":"country","embeddable":true,"href":"https:\/\/acninternational.org\/es\/wp-json\/wp\/v2\/country?post=117193"}],"curies":[{"name":"wp","href":"https:\/\/api.w.org\/{rel}","templated":true}]}}