{"id":117133,"date":"2018-05-03T00:00:00","date_gmt":"2018-05-02T22:00:00","guid":{"rendered":"https:\/\/acninternational.org\/un-sacerdote-y-15-feligreses-fallecen-en-un-atentado-perpetrado-el-1-de-mayo-contra-una-iglesia-en-la-capital-de-la-republica-centroafricana\/"},"modified":"2018-05-03T00:00:00","modified_gmt":"2018-05-02T22:00:00","slug":"un-sacerdote-y-15-feligreses-fallecen-en-un-atentado-perpetrado-el-1-de-mayo-contra-una-iglesia-en-la-capital-de-la-republica-centroafricana","status":"publish","type":"post","link":"https:\/\/acninternational.org\/es\/un-sacerdote-y-15-feligreses-fallecen-en-un-atentado-perpetrado-el-1-de-mayo-contra-una-iglesia-en-la-capital-de-la-republica-centroafricana\/","title":{"rendered":"Un sacerdote y 15 feligreses fallecen en un atentado perpetrado el 1 de mayo contra una iglesia en la capital de la Rep\u00fablica Centroafricana"},"content":{"rendered":"<p><strong><em>COMUNICADO DE PRENSA:, ACN ha acogido con gran pesar la noticia de la muerte del P. Albert Toungoumal\u00e9-Baba y de 15 feligreses de la parroquia de Nuestra Se\u00f1ora de F\u00e1tima en Bangui (Rep\u00fablica Centroafricana), a ra\u00edz de un atentado perpetrado el martes 1 de mayo. Hace unos a\u00f1os, el P. Albert pidi\u00f3 a ACN durante una entrevista que rez\u00e1ramos sin cesar por la paz en su pa\u00eds.<\/em><\/strong><\/p>\n<p>El martes, uno de mayo, volvi\u00f3 a desatarse la violencia en la Rep\u00fablica Centroafricana. En Bangui, la capital, un grupo de hombres armados atac\u00f3 la parroquia de Nuestra Se\u00f1ora de F\u00e1tima, provocando la muerte de 16 personas, entre ellas, el P. Albert Toungoumal\u00e9-Baba, y un centenar de heridos. Los enfrentamientos, ocurridos por la tarde, se saldaron con la muerte de otros dos centroafricanos y el incendio de una mezquita.<\/p>\n<p>El Cardenal Nzapalainga, Arzobispo de Bangui, ha regresado inmediatamente al pa\u00eds para hacer una declaraci\u00f3n sobre este ataque. La poblaci\u00f3n, que todav\u00eda presenta cicatrices de los \u00faltimos a\u00f1os de conflictos, teme que se desate un nuevo ciclo de violencia.<\/p>\n<p>&nbsp;<\/p>\n<figure id=\"attachment_35120\" aria-describedby=\"caption-attachment-35120\" style=\"width: 690px\" class=\"wp-caption aligncenter\"><img loading=\"lazy\" decoding=\"async\" class=\"wp-image-35120\" src=\"https:\/\/media.acninternational.org\/wp-content\/uploads\/2019\/11\/ACN-20180503-70736-post.jpg\" alt=\"\" width=\"690\" height=\"440\" \/><figcaption id=\"caption-attachment-35120\" class=\"wp-caption-text\">El P. Albert en su parroquia Saint Joseph Mukasa junto con el cardenal Dieudonn\u00e9 Nzapalainga (arzobispo de la di\u00f3cesis de Bangui)<\/figcaption><\/figure>\n<p>En un <a href=\"https:\/\/minusca.unmissions.org\/communiqu%C3%A9-des-membres-du-g5\">comunicado<\/a> publicado este 1 de mayo por la MINUSCA (Misi\u00f3n Unidimensional Integrada de las Naciones Unidas para la Estabilizaci\u00f3n en la Rep\u00fablica Centroafricana, por sus siglas en ingl\u00e9s), los miembros del G5 (Naciones Unidas, Uni\u00f3n Africana, CEEAC, Uni\u00f3n Europea y Estados Unidos) \u201c<em>condenan sin reserva los ataques contra la iglesia de F\u00e1tima y la mezquita de Lakounga\u201d<\/em> y recuerdan que \u201c<em>la manipulaci\u00f3n de la religi\u00f3n para servir a los intereses<\/em> <em>de grupos criminales es inaceptable\u201d. <\/em>Por ello, invitan a los centroafricanos \u201c<em>a resistir a las manipulaciones que pretenden hundir de nuevo el pa\u00eds en la trampa de la violencia y de la venganza\u201d.<\/em><\/p>\n<p><strong>Homenaje al P. Albert, un hombre de paz<\/strong><\/p>\n<p>ACN quiere rendir homenaje al P. Albert Toungoumal\u00e9-Baba, p\u00e1rroco de la parroquia de San Jos\u00e9 Mukasa en Bangui. Este sacerdote luch\u00f3 incansablemente por la paz en su pa\u00eds y acogi\u00f3 a miles de refugiados en su parroquia. <em>\u201cNuestro pa\u00eds es un pa\u00eds herido y necesitado desde diciembre de 2012. Las armas no han logrado detener la guerra, pero, no obstante, siguen en activo\u201d<\/em>, declar\u00f3 en una entrevista con ACN en 2016, recogida en este breve v\u00eddeo.\u00a0\u201c<em>Nadie ha logrado traer la paz. Pero rezad, rezad sin parar por nosotros como Jes\u00fas nos ha ense\u00f1ado. No desesperemos. Ojal\u00e1 que este mensaje sea escuchado por todos los que aman la paz\u201d.<\/em><\/p>\n<p>&nbsp;<\/p>\n<p>https:\/\/www.youtube.com\/watch?v=e2jecjfFIzM&#038;cc_load_policy=1&#038;hl=es<\/p>\n","protected":false},"excerpt":{"rendered":"<p>COMUNICADO DE PRENSA:, ACN ha acogido con gran pesar la noticia de la muerte del P. Albert Toungoumal\u00e9-Baba y de<\/p>\n","protected":false},"author":1,"featured_media":117134,"comment_status":"open","ping_status":"open","sticky":false,"template":"","format":"standard","meta":{"_acf_changed":false,"_acn_coauthor_ids":[],"footnotes":""},"categories":[746],"tags":[],"country":[],"class_list":["post-117133","post","type-post","status-publish","format-standard","has-post-thumbnail","hentry","category-noticias"],"acn_coauthors":[],"acf":[],"yoast_head":"<!-- This site is optimized with the Yoast SEO Premium plugin v27.3 (Yoast SEO v27.3) - https:\/\/yoast.com\/product\/yoast-seo-premium-wordpress\/ -->\n<title>Un sacerdote y 15 feligreses fallecen en un atentado perpetrado el 1 de mayo contra una iglesia en la capital de la Rep\u00fablica Centroafricana | ACN International<\/title>\n<meta name=\"robots\" content=\"index, follow, max-snippet:-1, max-image-preview:large, max-video-preview:-1\" \/>\n<link rel=\"canonical\" href=\"https:\/\/acninternational.org\/es\/un-sacerdote-y-15-feligreses-fallecen-en-un-atentado-perpetrado-el-1-de-mayo-contra-una-iglesia-en-la-capital-de-la-republica-centroafricana\/\" \/>\n<meta property=\"og:locale\" content=\"es_ES\" \/>\n<meta property=\"og:type\" content=\"article\" \/>\n<meta property=\"og:title\" content=\"Un sacerdote y 15 feligreses fallecen en un atentado perpetrado el 1 de mayo contra una iglesia en la capital de la Rep\u00fablica Centroafricana\" \/>\n<meta property=\"og:description\" content=\"COMUNICADO DE PRENSA:, ACN ha acogido con gran pesar la noticia de la muerte del P. Albert Toungoumal\u00e9-Baba y de\" \/>\n<meta property=\"og:url\" content=\"https:\/\/acninternational.org\/es\/un-sacerdote-y-15-feligreses-fallecen-en-un-atentado-perpetrado-el-1-de-mayo-contra-una-iglesia-en-la-capital-de-la-republica-centroafricana\/\" \/>\n<meta property=\"og:site_name\" content=\"ACN International\" \/>\n<meta property=\"article:publisher\" content=\"https:\/\/www.facebook.com\/acninternationalorg\" \/>\n<meta property=\"article:published_time\" content=\"2018-05-02T22:00:00+00:00\" \/>\n<meta property=\"og:image\" content=\"https:\/\/media.acninternational.org\/wp-content\/uploads\/2019\/11\/Un-sacerdote-y-15-feligreses-fallecen-en-un-atentado-perpetrado-el-1-de-mayo-contra-una-iglesia-en-la-capital-de-la-Rep%C3%BAblica-Centroafricana-image.jpg\" \/>\n\t<meta property=\"og:image:width\" content=\"1440\" \/>\n\t<meta property=\"og:image:height\" content=\"900\" \/>\n\t<meta property=\"og:image:type\" content=\"image\/jpeg\" \/>\n<meta name=\"author\" content=\"admin_acn\" \/>\n<meta name=\"twitter:card\" content=\"summary_large_image\" \/>\n<meta name=\"twitter:creator\" content=\"@acn_int\" \/>\n<meta name=\"twitter:site\" content=\"@acn_int\" \/>\n<meta name=\"twitter:label1\" content=\"Escrito por\" \/>\n\t<meta name=\"twitter:data1\" content=\"admin_acn\" \/>\n\t<meta name=\"twitter:label2\" content=\"Tiempo de lectura\" \/>\n\t<meta name=\"twitter:data2\" content=\"2 minutos\" \/>\n<script type=\"application\/ld+json\" class=\"yoast-schema-graph\">{\"@context\":\"https:\\\/\\\/schema.org\",\"@graph\":[{\"@type\":\"Article\",\"@id\":\"https:\\\/\\\/acninternational.org\\\/es\\\/un-sacerdote-y-15-feligreses-fallecen-en-un-atentado-perpetrado-el-1-de-mayo-contra-una-iglesia-en-la-capital-de-la-republica-centroafricana\\\/#article\",\"isPartOf\":{\"@id\":\"https:\\\/\\\/acninternational.org\\\/es\\\/un-sacerdote-y-15-feligreses-fallecen-en-un-atentado-perpetrado-el-1-de-mayo-contra-una-iglesia-en-la-capital-de-la-republica-centroafricana\\\/\"},\"author\":{\"name\":\"admin_acn\",\"@id\":\"https:\\\/\\\/acninternational.org\\\/es\\\/#\\\/schema\\\/person\\\/5a7468d38fb12b1976b6eeda95c21ebc\"},\"headline\":\"Un sacerdote y 15 feligreses fallecen en un atentado perpetrado el 1 de mayo contra una iglesia en la capital de la Rep\u00fablica Centroafricana\",\"datePublished\":\"2018-05-02T22:00:00+00:00\",\"mainEntityOfPage\":{\"@id\":\"https:\\\/\\\/acninternational.org\\\/es\\\/un-sacerdote-y-15-feligreses-fallecen-en-un-atentado-perpetrado-el-1-de-mayo-contra-una-iglesia-en-la-capital-de-la-republica-centroafricana\\\/\"},\"wordCount\":495,\"commentCount\":0,\"publisher\":{\"@id\":\"https:\\\/\\\/acninternational.org\\\/es\\\/#organization\"},\"image\":{\"@id\":\"https:\\\/\\\/acninternational.org\\\/es\\\/un-sacerdote-y-15-feligreses-fallecen-en-un-atentado-perpetrado-el-1-de-mayo-contra-una-iglesia-en-la-capital-de-la-republica-centroafricana\\\/#primaryimage\"},\"thumbnailUrl\":\"https:\\\/\\\/media.acninternational.org\\\/wp-content\\\/uploads\\\/2019\\\/11\\\/Un-sacerdote-y-15-feligreses-fallecen-en-un-atentado-perpetrado-el-1-de-mayo-contra-una-iglesia-en-la-capital-de-la-Rep%C3%BAblica-Centroafricana-image.jpg\",\"articleSection\":[\"NOTICIAS\"],\"inLanguage\":\"es\",\"potentialAction\":[{\"@type\":\"CommentAction\",\"name\":\"Comment\",\"target\":[\"https:\\\/\\\/acninternational.org\\\/es\\\/un-sacerdote-y-15-feligreses-fallecen-en-un-atentado-perpetrado-el-1-de-mayo-contra-una-iglesia-en-la-capital-de-la-republica-centroafricana\\\/#respond\"]}]},{\"@type\":\"WebPage\",\"@id\":\"https:\\\/\\\/acninternational.org\\\/es\\\/un-sacerdote-y-15-feligreses-fallecen-en-un-atentado-perpetrado-el-1-de-mayo-contra-una-iglesia-en-la-capital-de-la-republica-centroafricana\\\/\",\"url\":\"https:\\\/\\\/acninternational.org\\\/es\\\/un-sacerdote-y-15-feligreses-fallecen-en-un-atentado-perpetrado-el-1-de-mayo-contra-una-iglesia-en-la-capital-de-la-republica-centroafricana\\\/\",\"name\":\"Un sacerdote y 15 feligreses fallecen en un atentado perpetrado el 1 de mayo contra una iglesia en la capital de la Rep\u00fablica Centroafricana | ACN International\",\"isPartOf\":{\"@id\":\"https:\\\/\\\/acninternational.org\\\/es\\\/#website\"},\"primaryImageOfPage\":{\"@id\":\"https:\\\/\\\/acninternational.org\\\/es\\\/un-sacerdote-y-15-feligreses-fallecen-en-un-atentado-perpetrado-el-1-de-mayo-contra-una-iglesia-en-la-capital-de-la-republica-centroafricana\\\/#primaryimage\"},\"image\":{\"@id\":\"https:\\\/\\\/acninternational.org\\\/es\\\/un-sacerdote-y-15-feligreses-fallecen-en-un-atentado-perpetrado-el-1-de-mayo-contra-una-iglesia-en-la-capital-de-la-republica-centroafricana\\\/#primaryimage\"},\"thumbnailUrl\":\"https:\\\/\\\/media.acninternational.org\\\/wp-content\\\/uploads\\\/2019\\\/11\\\/Un-sacerdote-y-15-feligreses-fallecen-en-un-atentado-perpetrado-el-1-de-mayo-contra-una-iglesia-en-la-capital-de-la-Rep%C3%BAblica-Centroafricana-image.jpg\",\"datePublished\":\"2018-05-02T22:00:00+00:00\",\"breadcrumb\":{\"@id\":\"https:\\\/\\\/acninternational.org\\\/es\\\/un-sacerdote-y-15-feligreses-fallecen-en-un-atentado-perpetrado-el-1-de-mayo-contra-una-iglesia-en-la-capital-de-la-republica-centroafricana\\\/#breadcrumb\"},\"inLanguage\":\"es\",\"potentialAction\":[{\"@type\":\"ReadAction\",\"target\":[\"https:\\\/\\\/acninternational.org\\\/es\\\/un-sacerdote-y-15-feligreses-fallecen-en-un-atentado-perpetrado-el-1-de-mayo-contra-una-iglesia-en-la-capital-de-la-republica-centroafricana\\\/\"]}]},{\"@type\":\"ImageObject\",\"inLanguage\":\"es\",\"@id\":\"https:\\\/\\\/acninternational.org\\\/es\\\/un-sacerdote-y-15-feligreses-fallecen-en-un-atentado-perpetrado-el-1-de-mayo-contra-una-iglesia-en-la-capital-de-la-republica-centroafricana\\\/#primaryimage\",\"url\":\"https:\\\/\\\/media.acninternational.org\\\/wp-content\\\/uploads\\\/2019\\\/11\\\/Un-sacerdote-y-15-feligreses-fallecen-en-un-atentado-perpetrado-el-1-de-mayo-contra-una-iglesia-en-la-capital-de-la-Rep%C3%BAblica-Centroafricana-image.jpg\",\"contentUrl\":\"https:\\\/\\\/media.acninternational.org\\\/wp-content\\\/uploads\\\/2019\\\/11\\\/Un-sacerdote-y-15-feligreses-fallecen-en-un-atentado-perpetrado-el-1-de-mayo-contra-una-iglesia-en-la-capital-de-la-Rep%C3%BAblica-Centroafricana-image.jpg\",\"width\":1440,\"height\":900,\"caption\":\"Un sacerdote y 15 feligreses fallecen en un atentado perpetrado el 1 de mayo contra una iglesia en la capital de la Rep\u00fablica Centroafricana\"},{\"@type\":\"BreadcrumbList\",\"@id\":\"https:\\\/\\\/acninternational.org\\\/es\\\/un-sacerdote-y-15-feligreses-fallecen-en-un-atentado-perpetrado-el-1-de-mayo-contra-una-iglesia-en-la-capital-de-la-republica-centroafricana\\\/#breadcrumb\",\"itemListElement\":[{\"@type\":\"ListItem\",\"position\":1,\"name\":\"Home\",\"item\":\"https:\\\/\\\/acninternational.org\\\/es\\\/\"},{\"@type\":\"ListItem\",\"position\":2,\"name\":\"NOTICIAS\",\"item\":\"https:\\\/\\\/acninternational.org\\\/es\\\/category\\\/noticias\\\/\"},{\"@type\":\"ListItem\",\"position\":3,\"name\":\"Un sacerdote y 15 feligreses fallecen en un atentado perpetrado el 1 de mayo contra una iglesia en la capital de la Rep\u00fablica Centroafricana\"}]},{\"@type\":\"WebSite\",\"@id\":\"https:\\\/\\\/acninternational.org\\\/es\\\/#website\",\"url\":\"https:\\\/\\\/acninternational.org\\\/es\\\/\",\"name\":\"ACN International\",\"description\":\"\",\"publisher\":{\"@id\":\"https:\\\/\\\/acninternational.org\\\/es\\\/#organization\"},\"potentialAction\":[{\"@type\":\"SearchAction\",\"target\":{\"@type\":\"EntryPoint\",\"urlTemplate\":\"https:\\\/\\\/acninternational.org\\\/es\\\/?s={search_term_string}\"},\"query-input\":{\"@type\":\"PropertyValueSpecification\",\"valueRequired\":true,\"valueName\":\"search_term_string\"}}],\"inLanguage\":\"es\"},{\"@type\":\"Organization\",\"@id\":\"https:\\\/\\\/acninternational.org\\\/es\\\/#organization\",\"name\":\"Aid to the Church in Need International\",\"url\":\"https:\\\/\\\/acninternational.org\\\/es\\\/\",\"logo\":{\"@type\":\"ImageObject\",\"inLanguage\":\"es\",\"@id\":\"https:\\\/\\\/acninternational.org\\\/es\\\/#\\\/schema\\\/logo\\\/image\\\/\",\"url\":\"https:\\\/\\\/media.acninternational.org\\\/wp-content\\\/uploads\\\/2019\\\/11\\\/acn_logo_blackvector.svg\",\"contentUrl\":\"https:\\\/\\\/media.acninternational.org\\\/wp-content\\\/uploads\\\/2019\\\/11\\\/acn_logo_blackvector.svg\",\"width\":232.6,\"height\":78,\"caption\":\"Aid to the Church in Need International\"},\"image\":{\"@id\":\"https:\\\/\\\/acninternational.org\\\/es\\\/#\\\/schema\\\/logo\\\/image\\\/\"},\"sameAs\":[\"https:\\\/\\\/www.facebook.com\\\/acninternationalorg\",\"https:\\\/\\\/x.com\\\/acn_int\",\"https:\\\/\\\/www.youtube.com\\\/channel\\\/UCQ-077gS0TnVzkhHmf1opZw\",\"https:\\\/\\\/www.instagram.com\\\/acn_international\\\/\"]},{\"@type\":\"Person\",\"@id\":\"https:\\\/\\\/acninternational.org\\\/es\\\/#\\\/schema\\\/person\\\/5a7468d38fb12b1976b6eeda95c21ebc\",\"name\":\"admin_acn\",\"url\":\"https:\\\/\\\/acninternational.org\\\/es\\\/author\\\/admin_acn\\\/\"}]}<\/script>\n<!-- \/ Yoast SEO Premium plugin. -->","yoast_head_json":{"title":"Un sacerdote y 15 feligreses fallecen en un atentado perpetrado el 1 de mayo contra una iglesia en la capital de la Rep\u00fablica Centroafricana | ACN International","robots":{"index":"index","follow":"follow","max-snippet":"max-snippet:-1","max-image-preview":"max-image-preview:large","max-video-preview":"max-video-preview:-1"},"canonical":"https:\/\/acninternational.org\/es\/un-sacerdote-y-15-feligreses-fallecen-en-un-atentado-perpetrado-el-1-de-mayo-contra-una-iglesia-en-la-capital-de-la-republica-centroafricana\/","og_locale":"es_ES","og_type":"article","og_title":"Un sacerdote y 15 feligreses fallecen en un atentado perpetrado el 1 de mayo contra una iglesia en la capital de la Rep\u00fablica Centroafricana","og_description":"COMUNICADO DE PRENSA:, ACN ha acogido con gran pesar la noticia de la muerte del P. Albert Toungoumal\u00e9-Baba y de","og_url":"https:\/\/acninternational.org\/es\/un-sacerdote-y-15-feligreses-fallecen-en-un-atentado-perpetrado-el-1-de-mayo-contra-una-iglesia-en-la-capital-de-la-republica-centroafricana\/","og_site_name":"ACN International","article_publisher":"https:\/\/www.facebook.com\/acninternationalorg","article_published_time":"2018-05-02T22:00:00+00:00","og_image":[{"width":1440,"height":900,"url":"https:\/\/media.acninternational.org\/wp-content\/uploads\/2019\/11\/Un-sacerdote-y-15-feligreses-fallecen-en-un-atentado-perpetrado-el-1-de-mayo-contra-una-iglesia-en-la-capital-de-la-Rep%C3%BAblica-Centroafricana-image.jpg","type":"image\/jpeg"}],"author":"admin_acn","twitter_card":"summary_large_image","twitter_creator":"@acn_int","twitter_site":"@acn_int","twitter_misc":{"Escrito por":"admin_acn","Tiempo de lectura":"2 minutos"},"schema":{"@context":"https:\/\/schema.org","@graph":[{"@type":"Article","@id":"https:\/\/acninternational.org\/es\/un-sacerdote-y-15-feligreses-fallecen-en-un-atentado-perpetrado-el-1-de-mayo-contra-una-iglesia-en-la-capital-de-la-republica-centroafricana\/#article","isPartOf":{"@id":"https:\/\/acninternational.org\/es\/un-sacerdote-y-15-feligreses-fallecen-en-un-atentado-perpetrado-el-1-de-mayo-contra-una-iglesia-en-la-capital-de-la-republica-centroafricana\/"},"author":{"name":"admin_acn","@id":"https:\/\/acninternational.org\/es\/#\/schema\/person\/5a7468d38fb12b1976b6eeda95c21ebc"},"headline":"Un sacerdote y 15 feligreses fallecen en un atentado perpetrado el 1 de mayo contra una iglesia en la capital de la Rep\u00fablica Centroafricana","datePublished":"2018-05-02T22:00:00+00:00","mainEntityOfPage":{"@id":"https:\/\/acninternational.org\/es\/un-sacerdote-y-15-feligreses-fallecen-en-un-atentado-perpetrado-el-1-de-mayo-contra-una-iglesia-en-la-capital-de-la-republica-centroafricana\/"},"wordCount":495,"commentCount":0,"publisher":{"@id":"https:\/\/acninternational.org\/es\/#organization"},"image":{"@id":"https:\/\/acninternational.org\/es\/un-sacerdote-y-15-feligreses-fallecen-en-un-atentado-perpetrado-el-1-de-mayo-contra-una-iglesia-en-la-capital-de-la-republica-centroafricana\/#primaryimage"},"thumbnailUrl":"https:\/\/media.acninternational.org\/wp-content\/uploads\/2019\/11\/Un-sacerdote-y-15-feligreses-fallecen-en-un-atentado-perpetrado-el-1-de-mayo-contra-una-iglesia-en-la-capital-de-la-Rep%C3%BAblica-Centroafricana-image.jpg","articleSection":["NOTICIAS"],"inLanguage":"es","potentialAction":[{"@type":"CommentAction","name":"Comment","target":["https:\/\/acninternational.org\/es\/un-sacerdote-y-15-feligreses-fallecen-en-un-atentado-perpetrado-el-1-de-mayo-contra-una-iglesia-en-la-capital-de-la-republica-centroafricana\/#respond"]}]},{"@type":"WebPage","@id":"https:\/\/acninternational.org\/es\/un-sacerdote-y-15-feligreses-fallecen-en-un-atentado-perpetrado-el-1-de-mayo-contra-una-iglesia-en-la-capital-de-la-republica-centroafricana\/","url":"https:\/\/acninternational.org\/es\/un-sacerdote-y-15-feligreses-fallecen-en-un-atentado-perpetrado-el-1-de-mayo-contra-una-iglesia-en-la-capital-de-la-republica-centroafricana\/","name":"Un sacerdote y 15 feligreses fallecen en un atentado perpetrado el 1 de mayo contra una iglesia en la capital de la Rep\u00fablica Centroafricana | ACN International","isPartOf":{"@id":"https:\/\/acninternational.org\/es\/#website"},"primaryImageOfPage":{"@id":"https:\/\/acninternational.org\/es\/un-sacerdote-y-15-feligreses-fallecen-en-un-atentado-perpetrado-el-1-de-mayo-contra-una-iglesia-en-la-capital-de-la-republica-centroafricana\/#primaryimage"},"image":{"@id":"https:\/\/acninternational.org\/es\/un-sacerdote-y-15-feligreses-fallecen-en-un-atentado-perpetrado-el-1-de-mayo-contra-una-iglesia-en-la-capital-de-la-republica-centroafricana\/#primaryimage"},"thumbnailUrl":"https:\/\/media.acninternational.org\/wp-content\/uploads\/2019\/11\/Un-sacerdote-y-15-feligreses-fallecen-en-un-atentado-perpetrado-el-1-de-mayo-contra-una-iglesia-en-la-capital-de-la-Rep%C3%BAblica-Centroafricana-image.jpg","datePublished":"2018-05-02T22:00:00+00:00","breadcrumb":{"@id":"https:\/\/acninternational.org\/es\/un-sacerdote-y-15-feligreses-fallecen-en-un-atentado-perpetrado-el-1-de-mayo-contra-una-iglesia-en-la-capital-de-la-republica-centroafricana\/#breadcrumb"},"inLanguage":"es","potentialAction":[{"@type":"ReadAction","target":["https:\/\/acninternational.org\/es\/un-sacerdote-y-15-feligreses-fallecen-en-un-atentado-perpetrado-el-1-de-mayo-contra-una-iglesia-en-la-capital-de-la-republica-centroafricana\/"]}]},{"@type":"ImageObject","inLanguage":"es","@id":"https:\/\/acninternational.org\/es\/un-sacerdote-y-15-feligreses-fallecen-en-un-atentado-perpetrado-el-1-de-mayo-contra-una-iglesia-en-la-capital-de-la-republica-centroafricana\/#primaryimage","url":"https:\/\/media.acninternational.org\/wp-content\/uploads\/2019\/11\/Un-sacerdote-y-15-feligreses-fallecen-en-un-atentado-perpetrado-el-1-de-mayo-contra-una-iglesia-en-la-capital-de-la-Rep%C3%BAblica-Centroafricana-image.jpg","contentUrl":"https:\/\/media.acninternational.org\/wp-content\/uploads\/2019\/11\/Un-sacerdote-y-15-feligreses-fallecen-en-un-atentado-perpetrado-el-1-de-mayo-contra-una-iglesia-en-la-capital-de-la-Rep%C3%BAblica-Centroafricana-image.jpg","width":1440,"height":900,"caption":"Un sacerdote y 15 feligreses fallecen en un atentado perpetrado el 1 de mayo contra una iglesia en la capital de la Rep\u00fablica Centroafricana"},{"@type":"BreadcrumbList","@id":"https:\/\/acninternational.org\/es\/un-sacerdote-y-15-feligreses-fallecen-en-un-atentado-perpetrado-el-1-de-mayo-contra-una-iglesia-en-la-capital-de-la-republica-centroafricana\/#breadcrumb","itemListElement":[{"@type":"ListItem","position":1,"name":"Home","item":"https:\/\/acninternational.org\/es\/"},{"@type":"ListItem","position":2,"name":"NOTICIAS","item":"https:\/\/acninternational.org\/es\/category\/noticias\/"},{"@type":"ListItem","position":3,"name":"Un sacerdote y 15 feligreses fallecen en un atentado perpetrado el 1 de mayo contra una iglesia en la capital de la Rep\u00fablica Centroafricana"}]},{"@type":"WebSite","@id":"https:\/\/acninternational.org\/es\/#website","url":"https:\/\/acninternational.org\/es\/","name":"ACN International","description":"","publisher":{"@id":"https:\/\/acninternational.org\/es\/#organization"},"potentialAction":[{"@type":"SearchAction","target":{"@type":"EntryPoint","urlTemplate":"https:\/\/acninternational.org\/es\/?s={search_term_string}"},"query-input":{"@type":"PropertyValueSpecification","valueRequired":true,"valueName":"search_term_string"}}],"inLanguage":"es"},{"@type":"Organization","@id":"https:\/\/acninternational.org\/es\/#organization","name":"Aid to the Church in Need International","url":"https:\/\/acninternational.org\/es\/","logo":{"@type":"ImageObject","inLanguage":"es","@id":"https:\/\/acninternational.org\/es\/#\/schema\/logo\/image\/","url":"https:\/\/media.acninternational.org\/wp-content\/uploads\/2019\/11\/acn_logo_blackvector.svg","contentUrl":"https:\/\/media.acninternational.org\/wp-content\/uploads\/2019\/11\/acn_logo_blackvector.svg","width":232.6,"height":78,"caption":"Aid to the Church in Need International"},"image":{"@id":"https:\/\/acninternational.org\/es\/#\/schema\/logo\/image\/"},"sameAs":["https:\/\/www.facebook.com\/acninternationalorg","https:\/\/x.com\/acn_int","https:\/\/www.youtube.com\/channel\/UCQ-077gS0TnVzkhHmf1opZw","https:\/\/www.instagram.com\/acn_international\/"]},{"@type":"Person","@id":"https:\/\/acninternational.org\/es\/#\/schema\/person\/5a7468d38fb12b1976b6eeda95c21ebc","name":"admin_acn","url":"https:\/\/acninternational.org\/es\/author\/admin_acn\/"}]}},"_links":{"self":[{"href":"https:\/\/acninternational.org\/es\/wp-json\/wp\/v2\/posts\/117133","targetHints":{"allow":["GET"]}}],"collection":[{"href":"https:\/\/acninternational.org\/es\/wp-json\/wp\/v2\/posts"}],"about":[{"href":"https:\/\/acninternational.org\/es\/wp-json\/wp\/v2\/types\/post"}],"author":[{"embeddable":true,"href":"https:\/\/acninternational.org\/es\/wp-json\/wp\/v2\/users\/1"}],"replies":[{"embeddable":true,"href":"https:\/\/acninternational.org\/es\/wp-json\/wp\/v2\/comments?post=117133"}],"version-history":[{"count":0,"href":"https:\/\/acninternational.org\/es\/wp-json\/wp\/v2\/posts\/117133\/revisions"}],"wp:featuredmedia":[{"embeddable":true,"href":"https:\/\/acninternational.org\/es\/wp-json\/wp\/v2\/media\/117134"}],"wp:attachment":[{"href":"https:\/\/acninternational.org\/es\/wp-json\/wp\/v2\/media?parent=117133"}],"wp:term":[{"taxonomy":"category","embeddable":true,"href":"https:\/\/acninternational.org\/es\/wp-json\/wp\/v2\/categories?post=117133"},{"taxonomy":"post_tag","embeddable":true,"href":"https:\/\/acninternational.org\/es\/wp-json\/wp\/v2\/tags?post=117133"},{"taxonomy":"country","embeddable":true,"href":"https:\/\/acninternational.org\/es\/wp-json\/wp\/v2\/country?post=117133"}],"curies":[{"name":"wp","href":"https:\/\/api.w.org\/{rel}","templated":true}]}}