{"id":117073,"date":"2018-04-25T00:00:00","date_gmt":"2018-04-24T22:00:00","guid":{"rendered":"https:\/\/acninternational.org\/bosnia-y-herzegovina-una-lucha-abierta-contra-la-iglesia-catolica-nuestros-contrincantes-ganaran-si-nos-callamos\/"},"modified":"2018-04-25T00:00:00","modified_gmt":"2018-04-24T22:00:00","slug":"bosnia-y-herzegovina-una-lucha-abierta-contra-la-iglesia-catolica-nuestros-contrincantes-ganaran-si-nos-callamos","status":"publish","type":"post","link":"https:\/\/acninternational.org\/es\/bosnia-y-herzegovina-una-lucha-abierta-contra-la-iglesia-catolica-nuestros-contrincantes-ganaran-si-nos-callamos\/","title":{"rendered":"Bosnia y Herzegovina: \u00abUna lucha abierta contra la Iglesia cat\u00f3lica. Nuestros contrincantes ganar\u00e1n si nos callamos\u00bb"},"content":{"rendered":"<p><em>Desde hace 23 a\u00f1os las armas en Bosnia y Herzegovina han enmudecido. Sin embargo, \u201cel pa\u00eds parece un polvor\u00edn\u201d, dice Mons. Franjo Komarica. Este obispo de 72 a\u00f1os est\u00e1 al frente de la di\u00f3cesis de Banja Luka, situada al norte del pa\u00eds; le gusta hablar claro, sobre todo cuando se trata de la minor\u00eda cat\u00f3lica, pues considera que se le impide regresar y que es excluida desde el punto de vista econ\u00f3mico, social y religioso. Dirige tambi\u00e9n graves acusaciones a los gobiernos de Europa, culpables de cerrar los ojos a la discriminaci\u00f3n religiosa.<\/em><\/p>\n<figure id=\"attachment_34456\" aria-describedby=\"caption-attachment-34456\" style=\"width: 300px\" class=\"wp-caption alignleft\"><img loading=\"lazy\" decoding=\"async\" class=\"wp-image-34456\" src=\"https:\/\/media.acninternational.org\/wp-content\/uploads\/2019\/11\/ACN-20180418-70194-post.jpg\" alt=\"\" width=\"300\" height=\"450\" \/><figcaption id=\"caption-attachment-34456\" class=\"wp-caption-text\">Mons. Franjo Komarica de la di\u00f3cesis de Banja Luka<\/figcaption><\/figure>\n<p><em>En una conversaci\u00f3n mantenida con Tobias Lehner, con ocasi\u00f3n de su visita a la sede central de la Fundaci\u00f3n Pontificia Internacional Aid to the Church in Need en Alemania, Mons. Komarica explica por qu\u00e9 cada vez m\u00e1s cat\u00f3licos abandonan el pa\u00eds y c\u00f3mo, a pesar de ello, la Iglesia trabaja por la reconciliaci\u00f3n.<\/em><\/p>\n<p><strong>Tobias Lehner: Mons. Komarica, la guerra de Bosnia finaliz\u00f3 oficialmente con los Acuerdos de Dayton en 1995. Pero, \u00bfc\u00f3mo es la realidad?<\/strong><\/p>\n<p>Mons. Franjo Komarica: Si bien las armas callan, la guerra contin\u00faa con otros medios. En Bosnia y Herzegovina reina un \u00abcaos controlado\u00bb. Mi impresi\u00f3n es que ni el Gobierno ni la comunidad internacional est\u00e1n interesados en construir un Estado de Derecho en el que se garantice la igualdad de derechos entre los grupos \u00e9tnicos y los Derechos Humanos, tambi\u00e9n para las minor\u00edas. Bosnia y Herzegovina sigue estando <em>de facto<\/em>, todav\u00eda hoy, bajo el semiprotectorado de las Naciones Unidas. Una parte del poder p\u00fablico lo ejerce un \u00abAlto Comisario\u00bb (desde 2009, el austriaco Valentin Inzko; N. d. Red.); pero dice que tiene las manos atadas en relaci\u00f3n con el desarrollo pol\u00edtico. El pa\u00eds sigue estando dividido en tres grupos \u00e9tnicos: croatas, serbios y bosniacos. Los croatas son mayoritariamente cat\u00f3licos y el grupo m\u00e1s peque\u00f1o; est\u00e1n orientados hacia Europa. Los serbios, en su mayor\u00eda ortodoxos, se encuentran bajo la influencia de Rusia. Y los bosniacos, musulmanes, se orientan cada vez m\u00e1s hacia Turqu\u00eda y el mundo isl\u00e1mico. De este modo surgen fuerzas centr\u00edfugas peligrosas, y esto no solo perjudica al pa\u00eds, sino tambi\u00e9n a Europa.<\/p>\n<p><strong>\u00bfQu\u00e9 quiere decir?<\/strong><\/p>\n<p>El pueblo serbio y el bosnio siguen manteni\u00e9ndose enemistados, premeditadamente, por la influencia extranjera. \u00a1El pa\u00eds sigue siendo un polvor\u00edn! Y los croatas se encuentran en medio. Cientos de miles de ellos fueron expulsados durante la guerra, y veinte a\u00f1os m\u00e1s tarde siguen sin poder regresar, a pesar de que en los Acuerdos de Dayton se les asegur\u00f3 el derecho a volver. Pero ha sucedido lo contrario: todav\u00eda hoy siguen march\u00e1ndose muchos al extranjero. Por parte de la Conferencia Episcopal hemos exigido una y otra vez que se complementara los Acuerdos de \u00a0Dayton, para proporcionar m\u00e1s seguridad a la minor\u00eda croata, que sigue sin tener una igualdad de derechos.<\/p>\n<p><strong>\u00bfCu\u00e1les son las razones para que la minor\u00eda cat\u00f3lica no tenga igualdad de derechos?<\/strong><\/p>\n<p>Los croatas no est\u00e1n considerados como un grupo \u00e9tnico constitutivo de Bosnia y Herzegovina. Tambi\u00e9n hay muchos gobiernos extranjeros que dicen que para ellos, Bosnia y Herzegovina consta tan solo de dos pueblos: los serbios y los bosniacos. Esto tiene consecuencias graves, como muestra un ejemplo de la Rep\u00fablica de Srpska (la\u00a0 Rep\u00fablica de Srpska fue creada en los Acuerdos de Dayton como \u00absegunda entidad\u00bb de la Federaci\u00f3n de Bosnia y Herzegovina y comprende amplias regiones del norte y este del pa\u00eds; N. d. Red.). Solo el cinco por ciento de los cat\u00f3licos ha regresado a las 69 parroquias que exist\u00edan antes de la guerra. Y de otras partes del pa\u00eds los cat\u00f3licos emigran incluso. Los croatas no tienen apoyo pol\u00edtico, legal ni econ\u00f3mico. Les es pr\u00e1cticamente imposible reconstruir sus casas o encontrar trabajo; est\u00e1n sistem\u00e1ticamente discriminados. Esto supone un grave da\u00f1o para rodo el pa\u00eds; as\u00ed lo ven tambi\u00e9n las otras religiones: habl\u00e9 recientemente con el Gran Muft\u00ed bosnio, que me dijo: \u00abes imprescindible que los croatas permanezcan aqu\u00ed\u00bb.<\/p>\n<p>&nbsp;<\/p>\n<p><img loading=\"lazy\" decoding=\"async\" class=\"size-full wp-image-34459 aligncenter\" src=\"https:\/\/media.acninternational.org\/wp-content\/uploads\/2019\/11\/ACN-20180227-68573-post.jpg\" alt=\"\" width=\"700\" height=\"466\" \/><\/p>\n<p>&nbsp;<\/p>\n<p><strong>El musulm\u00e1n de mayor rango en el pa\u00eds ha reconocido el problema. \u00bfLo hacen tambi\u00e9n los otros miembros de la comunidad musulmana? \u00daltimamente se ha o\u00eddo decir que se est\u00e1n radicalizando tambi\u00e9n en Bosnia y Herzegovina\u2026. <\/strong><\/p>\n<p>S\u00ed, esto est\u00e1 sucediendo; pero peor que la discriminaci\u00f3n religiosa es la existencial. Para decirlo claramente: podemos conservar nuestra fe tambi\u00e9n cuando hay persecuci\u00f3n, y as\u00ed lo hemos hecho. Pero cuando los cat\u00f3licos no tienen derecho a su patria y a sus propiedades, esto es m\u00e1s destructivo. Un ejemplo: el alcalde de una poblaci\u00f3n situada en mi di\u00f3cesis me dec\u00eda: \u00abno pod\u00e9is construir iglesias aqu\u00ed\u00bb: \u00a1Si all\u00ed hab\u00eda habido una parroquia cat\u00f3lica antes de la guerra! No tiene derecho a decirlo, pues la Constituci\u00f3n de Bosnia y Herzegovina garantiza la libertad religiosa. Por eso lo impugn\u00e9; pero tambi\u00e9n la siguiente instancia lo neg\u00f3. Por \u00faltimo, me dirig\u00ed al representante de la OCDE (Organizaci\u00f3n para la Cooperaci\u00f3n y el Desarrollo Econ\u00f3mico en Europa, responsable de la coordinaci\u00f3n de la reconstrucci\u00f3n del pa\u00eds; N. d. Red.). Me dijo: \u00abse\u00f1or obispo, le proh\u00edbo construir una iglesia\u00bb. Le mostr\u00e9 fotos de la antigua iglesia parroquial, y tambi\u00e9n del p\u00e1rroco, que fue asesinado en la guerra. Ni pidi\u00f3 perd\u00f3n ni permiti\u00f3 la construcci\u00f3n de la iglesia. Esto es una lucha abierta contra la Iglesia cat\u00f3lica. Me han dicho repetidamente: \u00ablos cat\u00f3licos ten\u00e9is que desaparecer del pa\u00eds\u00bb.<\/p>\n<p><strong>Esta dram\u00e1tica situaci\u00f3n de los cat\u00f3licos en Bosnia y Herzegovina es poco conocida en el extranjero. \u00bfQu\u00e9 pide a la comunidad internacional?<\/strong><\/p>\n<p>Los pol\u00edticos han de comprometerse por fin y condenar una grave discriminaci\u00f3n en plena Europa. Esto puede decirse especialmente de los cristianos. De aquellos que se tomen en serio la fe espero que se comprometan por los que est\u00e1n privados de derechos en mi pa\u00eds\u2026 de palabra y con hechos. Hasta ahora no ha habido respuesta a nuestras llamadas. \u00a1Y ha habido tantas! \u00bfQuo vadis, Europa? \u00bfQuo vadis, cristianismo en Europa? \u00bfC\u00f3mo vamos a ense\u00f1ar nuestros valores cristianos a otros pueblos si permitimos que suceda esto en nuestra propia casa y miramos hacia otro lado?<\/p>\n<p>&nbsp;<\/p>\n<figure id=\"attachment_34458\" aria-describedby=\"caption-attachment-34458\" style=\"width: 800px\" class=\"wp-caption aligncenter\"><img loading=\"lazy\" decoding=\"async\" class=\"wp-image-34458 size-full\" src=\"https:\/\/media.acninternational.org\/wp-content\/uploads\/2019\/11\/ACN-20160824-45283-post.jpg\" alt=\"\" width=\"800\" height=\"533\" \/><figcaption id=\"caption-attachment-34458\" class=\"wp-caption-text\">EGIPAT casa de chiquillos en Sarajevo. Es el provincial superior de la orden de los Servants del Infant Jes\u00fas, que ejecutan un orphanage y un kindergarten en su convent in the Bosnian city of Sarajevo.<\/figcaption><\/figure>\n<p>&nbsp;<\/p>\n<p><strong>En Bosnia y Herzegovina se ha sembrado mucho odio. \u00bfQu\u00e9 puede hacer la Iglesia cat\u00f3lica para unir de nuevo a la sociedad?<\/strong><\/p>\n<p>Los cat\u00f3licos somos la religi\u00f3n m\u00e1s antigua del pa\u00eds. Nos sentimos obligados a conseguir una paz justa y duradera para nuestra patria. Hacemos labor de reconciliaci\u00f3n sobre todo con nuestras ofertas sociales y la labor de educaci\u00f3n, por ejemplo en las escuelas cat\u00f3licas, aunque la pol\u00edtica nos penalice por ese compromiso. Por esto estoy muy agradecido a instituciones de ayuda como Aid to the Church in Need, porque llaman la atenci\u00f3n sobre lo que est\u00e1 sucediendo y nos apoyan. Seguir\u00e9 defendiendo la verdad, a pesar de que me han atacado incluso f\u00edsicamente por ello. Nuestros contrincantes ganar\u00e1n si nos callamos.<\/p>\n<p><em>La Fundaci\u00f3n Pontificia Internacional Aid to the Church in Need viene ayudando a los cat\u00f3licos de Bosnia y Herzegovina desde hace decenios. La ayuda se destina sobre todo a la reconstrucci\u00f3n de iglesias destruidas en la guerra y de conventos, y a la reforma de un seminario sacerdotal. Adem\u00e1s, Aid to the Church in Need ayuda tambi\u00e9n a comprar veh\u00edculos para la labor pastoral, a la construcci\u00f3n de centros pastorales, la formaci\u00f3n de sacerdotes y religiosos, y proporciona ayuda a la subsistencia de conventos contemplativos. Entre los proyectos que se promocionan se encuentra tambi\u00e9n la labor con la juventud y con los medios de comunicaci\u00f3n.<\/em><\/p>\n","protected":false},"excerpt":{"rendered":"<p>Desde hace 23 a\u00f1os las armas en Bosnia y Herzegovina han enmudecido. Sin embargo, \u201cel pa\u00eds parece un polvor\u00edn\u201d, dice<\/p>\n","protected":false},"author":1,"featured_media":117074,"comment_status":"open","ping_status":"open","sticky":false,"template":"","format":"standard","meta":{"_acf_changed":false,"_acn_coauthor_ids":[],"footnotes":""},"categories":[745],"tags":[],"country":[],"class_list":["post-117073","post","type-post","status-publish","format-standard","has-post-thumbnail","hentry","category-entrevistas"],"acn_coauthors":[],"acf":[],"yoast_head":"<!-- This site is optimized with the Yoast SEO Premium plugin v27.3 (Yoast SEO v27.3) - https:\/\/yoast.com\/product\/yoast-seo-premium-wordpress\/ -->\n<title>Bosnia y Herzegovina: \u00abUna lucha abierta contra la Iglesia cat\u00f3lica. Nuestros contrincantes ganar\u00e1n si nos callamos\u00bb | ACN International<\/title>\n<meta name=\"robots\" content=\"index, follow, max-snippet:-1, max-image-preview:large, max-video-preview:-1\" \/>\n<link rel=\"canonical\" href=\"https:\/\/acninternational.org\/es\/bosnia-y-herzegovina-una-lucha-abierta-contra-la-iglesia-catolica-nuestros-contrincantes-ganaran-si-nos-callamos\/\" \/>\n<meta property=\"og:locale\" content=\"es_ES\" \/>\n<meta property=\"og:type\" content=\"article\" \/>\n<meta property=\"og:title\" content=\"Bosnia y Herzegovina: \u00abUna lucha abierta contra la Iglesia cat\u00f3lica. Nuestros contrincantes ganar\u00e1n si nos callamos\u00bb\" \/>\n<meta property=\"og:description\" content=\"Desde hace 23 a\u00f1os las armas en Bosnia y Herzegovina han enmudecido. Sin embargo, \u201cel pa\u00eds parece un polvor\u00edn\u201d, dice\" \/>\n<meta property=\"og:url\" content=\"https:\/\/acninternational.org\/es\/bosnia-y-herzegovina-una-lucha-abierta-contra-la-iglesia-catolica-nuestros-contrincantes-ganaran-si-nos-callamos\/\" \/>\n<meta property=\"og:site_name\" content=\"ACN International\" \/>\n<meta property=\"article:publisher\" content=\"https:\/\/www.facebook.com\/acninternationalorg\" \/>\n<meta property=\"article:published_time\" content=\"2018-04-24T22:00:00+00:00\" \/>\n<meta property=\"og:image\" content=\"https:\/\/media.acninternational.org\/wp-content\/uploads\/2019\/11\/Bosnia-y-Herzegovina-%C2%ABUna-lucha-abierta-contra-la-Iglesia-cat%C3%B3lica.-Nuestros-contrincantes-ganar%C3%A1n-si-nos-callamos%C2%BB-image.jpg\" \/>\n\t<meta property=\"og:image:width\" content=\"1440\" \/>\n\t<meta property=\"og:image:height\" content=\"900\" \/>\n\t<meta property=\"og:image:type\" content=\"image\/jpeg\" \/>\n<meta name=\"author\" content=\"admin_acn\" \/>\n<meta name=\"twitter:card\" content=\"summary_large_image\" \/>\n<meta name=\"twitter:creator\" content=\"@acn_int\" \/>\n<meta name=\"twitter:site\" content=\"@acn_int\" \/>\n<meta name=\"twitter:label1\" content=\"Escrito por\" \/>\n\t<meta name=\"twitter:data1\" content=\"admin_acn\" \/>\n\t<meta name=\"twitter:label2\" content=\"Tiempo de lectura\" \/>\n\t<meta name=\"twitter:data2\" content=\"7 minutos\" \/>\n<script type=\"application\/ld+json\" class=\"yoast-schema-graph\">{\"@context\":\"https:\\\/\\\/schema.org\",\"@graph\":[{\"@type\":\"Article\",\"@id\":\"https:\\\/\\\/acninternational.org\\\/es\\\/bosnia-y-herzegovina-una-lucha-abierta-contra-la-iglesia-catolica-nuestros-contrincantes-ganaran-si-nos-callamos\\\/#article\",\"isPartOf\":{\"@id\":\"https:\\\/\\\/acninternational.org\\\/es\\\/bosnia-y-herzegovina-una-lucha-abierta-contra-la-iglesia-catolica-nuestros-contrincantes-ganaran-si-nos-callamos\\\/\"},\"author\":{\"name\":\"admin_acn\",\"@id\":\"https:\\\/\\\/acninternational.org\\\/es\\\/#\\\/schema\\\/person\\\/5a7468d38fb12b1976b6eeda95c21ebc\"},\"headline\":\"Bosnia y Herzegovina: \u00abUna lucha abierta contra la Iglesia cat\u00f3lica. Nuestros contrincantes ganar\u00e1n si nos callamos\u00bb\",\"datePublished\":\"2018-04-24T22:00:00+00:00\",\"mainEntityOfPage\":{\"@id\":\"https:\\\/\\\/acninternational.org\\\/es\\\/bosnia-y-herzegovina-una-lucha-abierta-contra-la-iglesia-catolica-nuestros-contrincantes-ganaran-si-nos-callamos\\\/\"},\"wordCount\":1432,\"commentCount\":0,\"publisher\":{\"@id\":\"https:\\\/\\\/acninternational.org\\\/es\\\/#organization\"},\"image\":{\"@id\":\"https:\\\/\\\/acninternational.org\\\/es\\\/bosnia-y-herzegovina-una-lucha-abierta-contra-la-iglesia-catolica-nuestros-contrincantes-ganaran-si-nos-callamos\\\/#primaryimage\"},\"thumbnailUrl\":\"https:\\\/\\\/media.acninternational.org\\\/wp-content\\\/uploads\\\/2019\\\/11\\\/Bosnia-y-Herzegovina-%C2%ABUna-lucha-abierta-contra-la-Iglesia-cat%C3%B3lica.-Nuestros-contrincantes-ganar%C3%A1n-si-nos-callamos%C2%BB-image.jpg\",\"articleSection\":[\"ENTREVISTAS\"],\"inLanguage\":\"es\",\"potentialAction\":[{\"@type\":\"CommentAction\",\"name\":\"Comment\",\"target\":[\"https:\\\/\\\/acninternational.org\\\/es\\\/bosnia-y-herzegovina-una-lucha-abierta-contra-la-iglesia-catolica-nuestros-contrincantes-ganaran-si-nos-callamos\\\/#respond\"]}]},{\"@type\":\"WebPage\",\"@id\":\"https:\\\/\\\/acninternational.org\\\/es\\\/bosnia-y-herzegovina-una-lucha-abierta-contra-la-iglesia-catolica-nuestros-contrincantes-ganaran-si-nos-callamos\\\/\",\"url\":\"https:\\\/\\\/acninternational.org\\\/es\\\/bosnia-y-herzegovina-una-lucha-abierta-contra-la-iglesia-catolica-nuestros-contrincantes-ganaran-si-nos-callamos\\\/\",\"name\":\"Bosnia y Herzegovina: \u00abUna lucha abierta contra la Iglesia cat\u00f3lica. Nuestros contrincantes ganar\u00e1n si nos callamos\u00bb | ACN International\",\"isPartOf\":{\"@id\":\"https:\\\/\\\/acninternational.org\\\/es\\\/#website\"},\"primaryImageOfPage\":{\"@id\":\"https:\\\/\\\/acninternational.org\\\/es\\\/bosnia-y-herzegovina-una-lucha-abierta-contra-la-iglesia-catolica-nuestros-contrincantes-ganaran-si-nos-callamos\\\/#primaryimage\"},\"image\":{\"@id\":\"https:\\\/\\\/acninternational.org\\\/es\\\/bosnia-y-herzegovina-una-lucha-abierta-contra-la-iglesia-catolica-nuestros-contrincantes-ganaran-si-nos-callamos\\\/#primaryimage\"},\"thumbnailUrl\":\"https:\\\/\\\/media.acninternational.org\\\/wp-content\\\/uploads\\\/2019\\\/11\\\/Bosnia-y-Herzegovina-%C2%ABUna-lucha-abierta-contra-la-Iglesia-cat%C3%B3lica.-Nuestros-contrincantes-ganar%C3%A1n-si-nos-callamos%C2%BB-image.jpg\",\"datePublished\":\"2018-04-24T22:00:00+00:00\",\"breadcrumb\":{\"@id\":\"https:\\\/\\\/acninternational.org\\\/es\\\/bosnia-y-herzegovina-una-lucha-abierta-contra-la-iglesia-catolica-nuestros-contrincantes-ganaran-si-nos-callamos\\\/#breadcrumb\"},\"inLanguage\":\"es\",\"potentialAction\":[{\"@type\":\"ReadAction\",\"target\":[\"https:\\\/\\\/acninternational.org\\\/es\\\/bosnia-y-herzegovina-una-lucha-abierta-contra-la-iglesia-catolica-nuestros-contrincantes-ganaran-si-nos-callamos\\\/\"]}]},{\"@type\":\"ImageObject\",\"inLanguage\":\"es\",\"@id\":\"https:\\\/\\\/acninternational.org\\\/es\\\/bosnia-y-herzegovina-una-lucha-abierta-contra-la-iglesia-catolica-nuestros-contrincantes-ganaran-si-nos-callamos\\\/#primaryimage\",\"url\":\"https:\\\/\\\/media.acninternational.org\\\/wp-content\\\/uploads\\\/2019\\\/11\\\/Bosnia-y-Herzegovina-%C2%ABUna-lucha-abierta-contra-la-Iglesia-cat%C3%B3lica.-Nuestros-contrincantes-ganar%C3%A1n-si-nos-callamos%C2%BB-image.jpg\",\"contentUrl\":\"https:\\\/\\\/media.acninternational.org\\\/wp-content\\\/uploads\\\/2019\\\/11\\\/Bosnia-y-Herzegovina-%C2%ABUna-lucha-abierta-contra-la-Iglesia-cat%C3%B3lica.-Nuestros-contrincantes-ganar%C3%A1n-si-nos-callamos%C2%BB-image.jpg\",\"width\":1440,\"height\":900,\"caption\":\"Bosnia y Herzegovina: \u00abUna lucha abierta contra la Iglesia cat\u00f3lica. Nuestros contrincantes ganar\u00e1n si nos callamos\u00bb\"},{\"@type\":\"BreadcrumbList\",\"@id\":\"https:\\\/\\\/acninternational.org\\\/es\\\/bosnia-y-herzegovina-una-lucha-abierta-contra-la-iglesia-catolica-nuestros-contrincantes-ganaran-si-nos-callamos\\\/#breadcrumb\",\"itemListElement\":[{\"@type\":\"ListItem\",\"position\":1,\"name\":\"Home\",\"item\":\"https:\\\/\\\/acninternational.org\\\/es\\\/\"},{\"@type\":\"ListItem\",\"position\":2,\"name\":\"ENTREVISTAS\",\"item\":\"https:\\\/\\\/acninternational.org\\\/es\\\/category\\\/entrevistas\\\/\"},{\"@type\":\"ListItem\",\"position\":3,\"name\":\"Bosnia y Herzegovina: \u00abUna lucha abierta contra la Iglesia cat\u00f3lica. Nuestros contrincantes ganar\u00e1n si nos callamos\u00bb\"}]},{\"@type\":\"WebSite\",\"@id\":\"https:\\\/\\\/acninternational.org\\\/es\\\/#website\",\"url\":\"https:\\\/\\\/acninternational.org\\\/es\\\/\",\"name\":\"ACN International\",\"description\":\"\",\"publisher\":{\"@id\":\"https:\\\/\\\/acninternational.org\\\/es\\\/#organization\"},\"potentialAction\":[{\"@type\":\"SearchAction\",\"target\":{\"@type\":\"EntryPoint\",\"urlTemplate\":\"https:\\\/\\\/acninternational.org\\\/es\\\/?s={search_term_string}\"},\"query-input\":{\"@type\":\"PropertyValueSpecification\",\"valueRequired\":true,\"valueName\":\"search_term_string\"}}],\"inLanguage\":\"es\"},{\"@type\":\"Organization\",\"@id\":\"https:\\\/\\\/acninternational.org\\\/es\\\/#organization\",\"name\":\"Aid to the Church in Need International\",\"url\":\"https:\\\/\\\/acninternational.org\\\/es\\\/\",\"logo\":{\"@type\":\"ImageObject\",\"inLanguage\":\"es\",\"@id\":\"https:\\\/\\\/acninternational.org\\\/es\\\/#\\\/schema\\\/logo\\\/image\\\/\",\"url\":\"https:\\\/\\\/media.acninternational.org\\\/wp-content\\\/uploads\\\/2019\\\/11\\\/acn_logo_blackvector.svg\",\"contentUrl\":\"https:\\\/\\\/media.acninternational.org\\\/wp-content\\\/uploads\\\/2019\\\/11\\\/acn_logo_blackvector.svg\",\"width\":232.6,\"height\":78,\"caption\":\"Aid to the Church in Need International\"},\"image\":{\"@id\":\"https:\\\/\\\/acninternational.org\\\/es\\\/#\\\/schema\\\/logo\\\/image\\\/\"},\"sameAs\":[\"https:\\\/\\\/www.facebook.com\\\/acninternationalorg\",\"https:\\\/\\\/x.com\\\/acn_int\",\"https:\\\/\\\/www.youtube.com\\\/channel\\\/UCQ-077gS0TnVzkhHmf1opZw\",\"https:\\\/\\\/www.instagram.com\\\/acn_international\\\/\"]},{\"@type\":\"Person\",\"@id\":\"https:\\\/\\\/acninternational.org\\\/es\\\/#\\\/schema\\\/person\\\/5a7468d38fb12b1976b6eeda95c21ebc\",\"name\":\"admin_acn\",\"url\":\"https:\\\/\\\/acninternational.org\\\/es\\\/author\\\/admin_acn\\\/\"}]}<\/script>\n<!-- \/ Yoast SEO Premium plugin. -->","yoast_head_json":{"title":"Bosnia y Herzegovina: \u00abUna lucha abierta contra la Iglesia cat\u00f3lica. Nuestros contrincantes ganar\u00e1n si nos callamos\u00bb | ACN International","robots":{"index":"index","follow":"follow","max-snippet":"max-snippet:-1","max-image-preview":"max-image-preview:large","max-video-preview":"max-video-preview:-1"},"canonical":"https:\/\/acninternational.org\/es\/bosnia-y-herzegovina-una-lucha-abierta-contra-la-iglesia-catolica-nuestros-contrincantes-ganaran-si-nos-callamos\/","og_locale":"es_ES","og_type":"article","og_title":"Bosnia y Herzegovina: \u00abUna lucha abierta contra la Iglesia cat\u00f3lica. Nuestros contrincantes ganar\u00e1n si nos callamos\u00bb","og_description":"Desde hace 23 a\u00f1os las armas en Bosnia y Herzegovina han enmudecido. Sin embargo, \u201cel pa\u00eds parece un polvor\u00edn\u201d, dice","og_url":"https:\/\/acninternational.org\/es\/bosnia-y-herzegovina-una-lucha-abierta-contra-la-iglesia-catolica-nuestros-contrincantes-ganaran-si-nos-callamos\/","og_site_name":"ACN International","article_publisher":"https:\/\/www.facebook.com\/acninternationalorg","article_published_time":"2018-04-24T22:00:00+00:00","og_image":[{"width":1440,"height":900,"url":"https:\/\/media.acninternational.org\/wp-content\/uploads\/2019\/11\/Bosnia-y-Herzegovina-%C2%ABUna-lucha-abierta-contra-la-Iglesia-cat%C3%B3lica.-Nuestros-contrincantes-ganar%C3%A1n-si-nos-callamos%C2%BB-image.jpg","type":"image\/jpeg"}],"author":"admin_acn","twitter_card":"summary_large_image","twitter_creator":"@acn_int","twitter_site":"@acn_int","twitter_misc":{"Escrito por":"admin_acn","Tiempo de lectura":"7 minutos"},"schema":{"@context":"https:\/\/schema.org","@graph":[{"@type":"Article","@id":"https:\/\/acninternational.org\/es\/bosnia-y-herzegovina-una-lucha-abierta-contra-la-iglesia-catolica-nuestros-contrincantes-ganaran-si-nos-callamos\/#article","isPartOf":{"@id":"https:\/\/acninternational.org\/es\/bosnia-y-herzegovina-una-lucha-abierta-contra-la-iglesia-catolica-nuestros-contrincantes-ganaran-si-nos-callamos\/"},"author":{"name":"admin_acn","@id":"https:\/\/acninternational.org\/es\/#\/schema\/person\/5a7468d38fb12b1976b6eeda95c21ebc"},"headline":"Bosnia y Herzegovina: \u00abUna lucha abierta contra la Iglesia cat\u00f3lica. Nuestros contrincantes ganar\u00e1n si nos callamos\u00bb","datePublished":"2018-04-24T22:00:00+00:00","mainEntityOfPage":{"@id":"https:\/\/acninternational.org\/es\/bosnia-y-herzegovina-una-lucha-abierta-contra-la-iglesia-catolica-nuestros-contrincantes-ganaran-si-nos-callamos\/"},"wordCount":1432,"commentCount":0,"publisher":{"@id":"https:\/\/acninternational.org\/es\/#organization"},"image":{"@id":"https:\/\/acninternational.org\/es\/bosnia-y-herzegovina-una-lucha-abierta-contra-la-iglesia-catolica-nuestros-contrincantes-ganaran-si-nos-callamos\/#primaryimage"},"thumbnailUrl":"https:\/\/media.acninternational.org\/wp-content\/uploads\/2019\/11\/Bosnia-y-Herzegovina-%C2%ABUna-lucha-abierta-contra-la-Iglesia-cat%C3%B3lica.-Nuestros-contrincantes-ganar%C3%A1n-si-nos-callamos%C2%BB-image.jpg","articleSection":["ENTREVISTAS"],"inLanguage":"es","potentialAction":[{"@type":"CommentAction","name":"Comment","target":["https:\/\/acninternational.org\/es\/bosnia-y-herzegovina-una-lucha-abierta-contra-la-iglesia-catolica-nuestros-contrincantes-ganaran-si-nos-callamos\/#respond"]}]},{"@type":"WebPage","@id":"https:\/\/acninternational.org\/es\/bosnia-y-herzegovina-una-lucha-abierta-contra-la-iglesia-catolica-nuestros-contrincantes-ganaran-si-nos-callamos\/","url":"https:\/\/acninternational.org\/es\/bosnia-y-herzegovina-una-lucha-abierta-contra-la-iglesia-catolica-nuestros-contrincantes-ganaran-si-nos-callamos\/","name":"Bosnia y Herzegovina: \u00abUna lucha abierta contra la Iglesia cat\u00f3lica. Nuestros contrincantes ganar\u00e1n si nos callamos\u00bb | ACN International","isPartOf":{"@id":"https:\/\/acninternational.org\/es\/#website"},"primaryImageOfPage":{"@id":"https:\/\/acninternational.org\/es\/bosnia-y-herzegovina-una-lucha-abierta-contra-la-iglesia-catolica-nuestros-contrincantes-ganaran-si-nos-callamos\/#primaryimage"},"image":{"@id":"https:\/\/acninternational.org\/es\/bosnia-y-herzegovina-una-lucha-abierta-contra-la-iglesia-catolica-nuestros-contrincantes-ganaran-si-nos-callamos\/#primaryimage"},"thumbnailUrl":"https:\/\/media.acninternational.org\/wp-content\/uploads\/2019\/11\/Bosnia-y-Herzegovina-%C2%ABUna-lucha-abierta-contra-la-Iglesia-cat%C3%B3lica.-Nuestros-contrincantes-ganar%C3%A1n-si-nos-callamos%C2%BB-image.jpg","datePublished":"2018-04-24T22:00:00+00:00","breadcrumb":{"@id":"https:\/\/acninternational.org\/es\/bosnia-y-herzegovina-una-lucha-abierta-contra-la-iglesia-catolica-nuestros-contrincantes-ganaran-si-nos-callamos\/#breadcrumb"},"inLanguage":"es","potentialAction":[{"@type":"ReadAction","target":["https:\/\/acninternational.org\/es\/bosnia-y-herzegovina-una-lucha-abierta-contra-la-iglesia-catolica-nuestros-contrincantes-ganaran-si-nos-callamos\/"]}]},{"@type":"ImageObject","inLanguage":"es","@id":"https:\/\/acninternational.org\/es\/bosnia-y-herzegovina-una-lucha-abierta-contra-la-iglesia-catolica-nuestros-contrincantes-ganaran-si-nos-callamos\/#primaryimage","url":"https:\/\/media.acninternational.org\/wp-content\/uploads\/2019\/11\/Bosnia-y-Herzegovina-%C2%ABUna-lucha-abierta-contra-la-Iglesia-cat%C3%B3lica.-Nuestros-contrincantes-ganar%C3%A1n-si-nos-callamos%C2%BB-image.jpg","contentUrl":"https:\/\/media.acninternational.org\/wp-content\/uploads\/2019\/11\/Bosnia-y-Herzegovina-%C2%ABUna-lucha-abierta-contra-la-Iglesia-cat%C3%B3lica.-Nuestros-contrincantes-ganar%C3%A1n-si-nos-callamos%C2%BB-image.jpg","width":1440,"height":900,"caption":"Bosnia y Herzegovina: \u00abUna lucha abierta contra la Iglesia cat\u00f3lica. Nuestros contrincantes ganar\u00e1n si nos callamos\u00bb"},{"@type":"BreadcrumbList","@id":"https:\/\/acninternational.org\/es\/bosnia-y-herzegovina-una-lucha-abierta-contra-la-iglesia-catolica-nuestros-contrincantes-ganaran-si-nos-callamos\/#breadcrumb","itemListElement":[{"@type":"ListItem","position":1,"name":"Home","item":"https:\/\/acninternational.org\/es\/"},{"@type":"ListItem","position":2,"name":"ENTREVISTAS","item":"https:\/\/acninternational.org\/es\/category\/entrevistas\/"},{"@type":"ListItem","position":3,"name":"Bosnia y Herzegovina: \u00abUna lucha abierta contra la Iglesia cat\u00f3lica. Nuestros contrincantes ganar\u00e1n si nos callamos\u00bb"}]},{"@type":"WebSite","@id":"https:\/\/acninternational.org\/es\/#website","url":"https:\/\/acninternational.org\/es\/","name":"ACN International","description":"","publisher":{"@id":"https:\/\/acninternational.org\/es\/#organization"},"potentialAction":[{"@type":"SearchAction","target":{"@type":"EntryPoint","urlTemplate":"https:\/\/acninternational.org\/es\/?s={search_term_string}"},"query-input":{"@type":"PropertyValueSpecification","valueRequired":true,"valueName":"search_term_string"}}],"inLanguage":"es"},{"@type":"Organization","@id":"https:\/\/acninternational.org\/es\/#organization","name":"Aid to the Church in Need International","url":"https:\/\/acninternational.org\/es\/","logo":{"@type":"ImageObject","inLanguage":"es","@id":"https:\/\/acninternational.org\/es\/#\/schema\/logo\/image\/","url":"https:\/\/media.acninternational.org\/wp-content\/uploads\/2019\/11\/acn_logo_blackvector.svg","contentUrl":"https:\/\/media.acninternational.org\/wp-content\/uploads\/2019\/11\/acn_logo_blackvector.svg","width":232.6,"height":78,"caption":"Aid to the Church in Need International"},"image":{"@id":"https:\/\/acninternational.org\/es\/#\/schema\/logo\/image\/"},"sameAs":["https:\/\/www.facebook.com\/acninternationalorg","https:\/\/x.com\/acn_int","https:\/\/www.youtube.com\/channel\/UCQ-077gS0TnVzkhHmf1opZw","https:\/\/www.instagram.com\/acn_international\/"]},{"@type":"Person","@id":"https:\/\/acninternational.org\/es\/#\/schema\/person\/5a7468d38fb12b1976b6eeda95c21ebc","name":"admin_acn","url":"https:\/\/acninternational.org\/es\/author\/admin_acn\/"}]}},"_links":{"self":[{"href":"https:\/\/acninternational.org\/es\/wp-json\/wp\/v2\/posts\/117073","targetHints":{"allow":["GET"]}}],"collection":[{"href":"https:\/\/acninternational.org\/es\/wp-json\/wp\/v2\/posts"}],"about":[{"href":"https:\/\/acninternational.org\/es\/wp-json\/wp\/v2\/types\/post"}],"author":[{"embeddable":true,"href":"https:\/\/acninternational.org\/es\/wp-json\/wp\/v2\/users\/1"}],"replies":[{"embeddable":true,"href":"https:\/\/acninternational.org\/es\/wp-json\/wp\/v2\/comments?post=117073"}],"version-history":[{"count":0,"href":"https:\/\/acninternational.org\/es\/wp-json\/wp\/v2\/posts\/117073\/revisions"}],"wp:featuredmedia":[{"embeddable":true,"href":"https:\/\/acninternational.org\/es\/wp-json\/wp\/v2\/media\/117074"}],"wp:attachment":[{"href":"https:\/\/acninternational.org\/es\/wp-json\/wp\/v2\/media?parent=117073"}],"wp:term":[{"taxonomy":"category","embeddable":true,"href":"https:\/\/acninternational.org\/es\/wp-json\/wp\/v2\/categories?post=117073"},{"taxonomy":"post_tag","embeddable":true,"href":"https:\/\/acninternational.org\/es\/wp-json\/wp\/v2\/tags?post=117073"},{"taxonomy":"country","embeddable":true,"href":"https:\/\/acninternational.org\/es\/wp-json\/wp\/v2\/country?post=117073"}],"curies":[{"name":"wp","href":"https:\/\/api.w.org\/{rel}","templated":true}]}}