{"id":117013,"date":"2018-04-18T00:00:00","date_gmt":"2018-04-17T22:00:00","guid":{"rendered":"https:\/\/acninternational.org\/obispo-de-congo-brazzaville-voy-siete-dias-de-la-semana-al-mercado\/"},"modified":"2018-04-18T00:00:00","modified_gmt":"2018-04-17T22:00:00","slug":"obispo-de-congo-brazzaville-voy-siete-dias-de-la-semana-al-mercado","status":"publish","type":"post","link":"https:\/\/acninternational.org\/es\/obispo-de-congo-brazzaville-voy-siete-dias-de-la-semana-al-mercado\/","title":{"rendered":"Obispo de Congo-Brazzaville: \u201cVoy siete d\u00edas de la semana al mercado\u201d"},"content":{"rendered":"<p><em>A pesar de la funesta influencia del marxismo hasta 1992 y a la reciente proliferaci\u00f3n de sectas protestantes, la Iglesia de Congo-Brazzaville recupera fuerzas. Durante la visita de una delegaci\u00f3n de la fundaci\u00f3n Aid to the Church in Need a la di\u00f3cesis de Dolisie, creada en 2013, Mons. Bienvenu Manamika Bafouakouahou informa sobre la situaci\u00f3n del pa\u00eds y su manera de acercar a los fieles al mensaje del Evangelio a pesar de la seducci\u00f3n del Islam. Mons. Bafouakouahou, el obispo de la di\u00f3cesis m\u00e1s joven del pa\u00eds \u00a0recibi\u00f3 una beca de estudios de la fundaci\u00f3n ACN y est\u00e1 ahora a cargo de la formaci\u00f3n de los seminaristas.<\/em><\/p>\n<p><em><strong>\u00bf<\/strong><\/em><strong>C\u00f3mo se encuentra su di\u00f3cesis, la m\u00e1s joven de todas en el pa\u00eds?<\/strong><\/p>\n<p>Hemos aprendido a andar, pero todav\u00eda no distinguimos la derecha de la izquierda. A\u00fan afrontamos numerosos desaf\u00edos: el sincretismo, las sectas protestantes, incluso el Islam\u2026, pero, ante todo, las enfermedades. Aqu\u00ed no hay agua potable. Muchos adultos mueren por beber agua sucia, y tambi\u00e9n los ni\u00f1os de nuestra escuela cat\u00f3lica de San Pablo.<\/p>\n<p>&nbsp;<\/p>\n<p><img loading=\"lazy\" decoding=\"async\" class=\"aligncenter wp-image-33609\" src=\"https:\/\/media.acninternational.org\/wp-content\/uploads\/2019\/11\/ACN-20180309-68910-post.jpg\" alt=\"\" width=\"400\" height=\"600\" \/><\/p>\n<p>Tras la ca\u00edda del precio del barril de petr\u00f3leo, la pobreza ha ido en aumento. Se entierran centenares de muertos casi todos los d\u00edas porque la situaci\u00f3n se ha degradado mucho. El congole\u00f1o es un pobre que vive en un pa\u00eds rico donde abunda el petr\u00f3leo, pero la riqueza se la reparten un pu\u00f1ado de poderosos. La crisis social empeora la situaci\u00f3n: los hospitales p\u00fablicos est\u00e1n en huelga desde hace meses porque el Estado ya no concede subvenciones para financiar los medicamentos b\u00e1sicos.<\/p>\n<p><strong>Si un sacerdote enferma gravemente, <\/strong><em><strong>\u00bfno recibe cuidados?<\/strong><\/em><\/p>\n<p>Solo las di\u00f3cesis de Brazzaville y Pointe-Noire pueden pagarles un seguro a sus sacerdotes. Los dem\u00e1s\u2026 se las arreglan como pueden. En mi di\u00f3cesis, mis sacerdotes intentan, ante todo, comer bien. Si un sacerdote tuviera un grave problema de salud, no sabr\u00eda qu\u00e9 hacer.<\/p>\n<p><strong>Uno de ellos fue atacado hace algunos meses\u2026<\/strong><\/p>\n<p>S\u00ed, a causa del sincretismo. Antes de las elecciones municipales de 2017, un diputado en campa\u00f1a hizo pasear un \u00eddolo por las calles por la noche con el fin de atraer la benevolencia de un dios animista y asegurarse as\u00ed la victoria. Dos semanas m\u00e1s tarde, en la fiesta del Corpus Christi, el sacerdote organiz\u00f3 la procesi\u00f3n del Sant\u00edsimo Sacramento en el mismo barrio. Cuando el diputado perdi\u00f3 las elecciones, acus\u00f3 al Dios del sacerdote de haber anulado el poder de su dios-\u00eddolo y el sacerdote recibi\u00f3 una violenta paliza.<\/p>\n<p><em><strong>\u00bfQu\u00e9 ha pasado con este sacerdote<\/strong><\/em><strong>?<\/strong><\/p>\n<p>Ahora est\u00e1 en Francia, en la Di\u00f3cesis de Niza.<\/p>\n<p><strong>Un sacerdote menos para trabajar en la di\u00f3cesis\u2026 <\/strong><em><strong>\u00bfCu\u00e1l es la situaci\u00f3n de las vocaciones<\/strong><\/em><strong>?<\/strong><\/p>\n<p>Nunca se han agotado, y es maravilloso comprobar c\u00f3mo hoy ya no proceden solo del sur \u2013all\u00ed es donde han obrado los misioneros\u2013, sino tambi\u00e9n del norte.<\/p>\n<p><strong>Un gran n\u00famero de vocaciones es un signo de vitalidad de la Iglesia, \u00bfpero existen vocaciones simuladas y solo motivadas para encontrar una salida econ\u00f3mica?<\/strong><\/p>\n<p>El discernimiento desempe\u00f1a un papel capital. A la hora de hacer la selecci\u00f3n, en mi di\u00f3cesis no reclutamos a personas mayores de 22 a\u00f1os. A partir de esa edad he podido constatar que un joven que no ha encontrado una salida profesional satisfactoria puede caer en la tentaci\u00f3n de optar por el sacerdocio sin tener vocaci\u00f3n. Adem\u00e1s, antes de ingresar en el seminario, organizamos retiros con los candidatos\u2026 aunque algunos logran enga\u00f1arnos durante toda su formaci\u00f3n. Por tanto, lo que tenemos que hacer sobre todo es anclar profundamente la fe de los creyentes.<\/p>\n<p><em><strong>\u00bfC\u00f3mo evangelizar en profundidad<\/strong><\/em><strong>?<\/strong><\/p>\n<p>\u00a1Saliendo de la sede episcopal! Al principio, incluso los dem\u00e1s Obispos se preguntaban que qu\u00e9 estaba haciendo yo. Voy al mercado los siete d\u00edas de la semana, acompa\u00f1ado de un laico y una religiosa, y all\u00ed predicamos, explicamos los sacramentos, etc. Tambi\u00e9n nos apoyamos en nuestra radio cat\u00f3lica local, que tiene muchos oyentes, y organizamos en mayo una gran procesi\u00f3n mariana, que en 2015 reuni\u00f3 a 300 personas y en 2017, a 8.100.<\/p>\n<p><strong>De hecho, usted suelta predicas\u2026 <\/strong><em><strong>\u00bf<\/strong><\/em><strong>como las Iglesias del Despertar, esas sectas evang\u00e9licas tan extendidas?<\/strong><\/p>\n<p>S\u00ed, tenemos una faceta folcl\u00f3rica, pero nosotros tambi\u00e9n nos apoyamos en la adoraci\u00f3n. Durante la campa\u00f1a de evangelizaci\u00f3n, el primer d\u00eda bailo con la gente, y, a partir del segundo, les cito a Mateo 6,6: \u201cCuando ores, ret\u00edrate a tu habitaci\u00f3n, cierra la puerta y ora a tu Padre que est\u00e1 en lo secreto; y tu Padre, que ve en lo secreto, te recompensar\u00e1\u201d.<\/p>\n<p><em><strong>\u00bfEso basta para mantener a raya a las Iglesias del Despertar<\/strong><\/em><strong>? <\/strong><\/p>\n<p>No. Adem\u00e1s, la Iglesia Cat\u00f3lica, aunque todav\u00eda muy escuchada, ya no es LA referencia. Entre 1995 y 2005 hemos pasado de un 60% de cat\u00f3licos a un 40%. Ha sido una aut\u00e9ntica sangr\u00eda.<\/p>\n<p><em><strong>\u00bfPor qu\u00e9 esta sangr\u00eda<\/strong><\/em><strong>?<\/strong><\/p>\n<p>Los pol\u00edticos han notado que la Iglesia Cat\u00f3lica es la \u00fanica instituci\u00f3n en condiciones de hacerles sombra, por eso han querido debilitarla alimentando econ\u00f3micamente a las Iglesias del Despertar y les han creado una federaci\u00f3n. Han puesto a la Iglesia Cat\u00f3lica en la picota. \u00a1Ya era hora de que saliera a la calle!<\/p>\n<p><em><strong>\u00bfY ahora ha mejorado la situaci\u00f3n<\/strong><\/em><strong>?<\/strong><\/p>\n<p>S\u00ed, algunos regresan con nosotros, los cat\u00f3licos; pero aparecen nuevas amenazas: la masoner\u00eda \u2013una verdadera calamidad\u2013 y tambi\u00e9n el Islam. Ante la pobreza del pa\u00eds, el Islam y su dinero seducen a los j\u00f3venes. \u00a1Y esta seducci\u00f3n alcanza hasta al rango de mis ac\u00f3litos!<\/p>\n<p><em><strong>\u00bf<\/strong><\/em><strong>Un ejemplo concreto?<\/strong><\/p>\n<p>Alain. Era monaguillo y de pronto desapareci\u00f3 y no volvi\u00f3 a dar signos de vida durante dos a\u00f1os. Fue entonces cuando un feligr\u00e9s se lo encontr\u00f3 haciendo sus abluciones en una tienda. Alain llevaba una gran barba. Le pregunt\u00e9 desde cu\u00e1ndo era musulm\u00e1n, y \u00e9l me respondi\u00f3: <em>\u201cPadre, cuando yo era vuestro ayudante, \u00bfme disteis un trabajo? Con el Islam he conseguido una beca, una mujer y mi tienda\u201d.<\/em> Lo hab\u00edan enviado al extranjero a estudiar el Cor\u00e1n. En contrapartida, \u00e9l consigui\u00f3 un trabajo. \u00a1En la actualidad, se encarga de reclutar a otros j\u00f3venes! Esta historia realmente me sobrecogi\u00f3.<\/p>\n<p><em><strong>\u00bfC\u00f3mo ha logrado el Islam esta visibilidad<\/strong><\/em><strong>?<\/strong><\/p>\n<p>Cuando los musulmanes todav\u00eda eran percibidos como extra\u00f1os procedentes de \u00c1frica Occidental, se casaron con mujeres congole\u00f1as que, con el matrimonio, se convert\u00edan en musulmanas\u2026, pero segu\u00edan siendo congole\u00f1as. Tambi\u00e9n hay musulmanes que aparecen en medio de ninguna parte y construyen una mezquita vac\u00eda\u2026 a la espera del regreso de los j\u00f3venes becados para estudiar, por ejemplo, en Arabia Saud\u00ed. En mi di\u00f3cesis hay al menos tres mezquitas recientemente construidas\u2026 y cierto n\u00famero de futuros yihadistas.<\/p>\n<p><em>ACN ha financiado a la Rep\u00fablica del Congo, tambi\u00e9n conocida por Congo-Brazzaville, casi 250 proyectos en los \u00faltimos diez a\u00f1os. Cerca de 2,5 millones de Euros se destinaron a ayudar sobre todo proyectos de formaci\u00f3n religiosa y el mantenimiento de los sacerdotes por medio de estipendios de misa. As\u00ed mismo gracias a la ayuda de los benefactores de ACN se han llevado a cabo proyectos de construcci\u00f3n y adquisici\u00f3n de medios de transportes para la pastoral. <\/em><\/p>\n","protected":false},"excerpt":{"rendered":"<p>A pesar de la funesta influencia del marxismo hasta 1992 y a la reciente proliferaci\u00f3n de sectas protestantes, la Iglesia<\/p>\n","protected":false},"author":1,"featured_media":117014,"comment_status":"open","ping_status":"open","sticky":false,"template":"","format":"standard","meta":{"_acf_changed":false,"_acn_coauthor_ids":[],"_acn_featured_article":false,"footnotes":""},"categories":[745],"tags":[],"country":[],"class_list":["post-117013","post","type-post","status-publish","format-standard","has-post-thumbnail","hentry","category-entrevistas"],"acn_coauthors":[],"acf":[],"yoast_head":"<!-- This site is optimized with the Yoast SEO Premium plugin v27.5 (Yoast SEO v27.5) - https:\/\/yoast.com\/product\/yoast-seo-premium-wordpress\/ -->\n<title>Obispo de Congo-Brazzaville: \u201cVoy siete d\u00edas de la semana al mercado\u201d | ACN International<\/title>\n<meta name=\"robots\" content=\"index, follow, max-snippet:-1, max-image-preview:large, max-video-preview:-1\" \/>\n<link rel=\"canonical\" href=\"https:\/\/acninternational.org\/es\/obispo-de-congo-brazzaville-voy-siete-dias-de-la-semana-al-mercado\/\" \/>\n<meta property=\"og:locale\" content=\"es_ES\" \/>\n<meta property=\"og:type\" content=\"article\" \/>\n<meta property=\"og:title\" content=\"Obispo de Congo-Brazzaville: \u201cVoy siete d\u00edas de la semana al mercado\u201d\" \/>\n<meta property=\"og:description\" content=\"A pesar de la funesta influencia del marxismo hasta 1992 y a la reciente proliferaci\u00f3n de sectas protestantes, la Iglesia\" \/>\n<meta property=\"og:url\" content=\"https:\/\/acninternational.org\/es\/obispo-de-congo-brazzaville-voy-siete-dias-de-la-semana-al-mercado\/\" \/>\n<meta property=\"og:site_name\" content=\"ACN International\" \/>\n<meta property=\"article:publisher\" content=\"https:\/\/www.facebook.com\/acninternationalorg\" \/>\n<meta property=\"article:published_time\" content=\"2018-04-17T22:00:00+00:00\" \/>\n<meta property=\"og:image\" content=\"https:\/\/media.acninternational.org\/wp-content\/uploads\/2019\/11\/Obispo-de-Congo-Brazzaville-%E2%80%9CVoy-siete-d%C3%ADas-de-la-semana-al-mercado%E2%80%9D-image.jpg\" \/>\n\t<meta property=\"og:image:width\" content=\"1440\" \/>\n\t<meta property=\"og:image:height\" content=\"900\" \/>\n\t<meta property=\"og:image:type\" content=\"image\/jpeg\" \/>\n<meta name=\"author\" content=\"admin_acn\" \/>\n<meta name=\"twitter:card\" content=\"summary_large_image\" \/>\n<meta name=\"twitter:creator\" content=\"@acn_int\" \/>\n<meta name=\"twitter:site\" content=\"@acn_int\" \/>\n<meta name=\"twitter:label1\" content=\"Escrito por\" \/>\n\t<meta name=\"twitter:data1\" content=\"admin_acn\" \/>\n\t<meta name=\"twitter:label2\" content=\"Tiempo de lectura\" \/>\n\t<meta name=\"twitter:data2\" content=\"6 minutos\" \/>\n<script type=\"application\/ld+json\" class=\"yoast-schema-graph\">{\"@context\":\"https:\\\/\\\/schema.org\",\"@graph\":[{\"@type\":\"Article\",\"@id\":\"https:\\\/\\\/acninternational.org\\\/es\\\/obispo-de-congo-brazzaville-voy-siete-dias-de-la-semana-al-mercado\\\/#article\",\"isPartOf\":{\"@id\":\"https:\\\/\\\/acninternational.org\\\/es\\\/obispo-de-congo-brazzaville-voy-siete-dias-de-la-semana-al-mercado\\\/\"},\"author\":{\"name\":\"admin_acn\",\"@id\":\"https:\\\/\\\/acninternational.org\\\/es\\\/#\\\/schema\\\/person\\\/5a7468d38fb12b1976b6eeda95c21ebc\"},\"headline\":\"Obispo de Congo-Brazzaville: \u201cVoy siete d\u00edas de la semana al mercado\u201d\",\"datePublished\":\"2018-04-17T22:00:00+00:00\",\"mainEntityOfPage\":{\"@id\":\"https:\\\/\\\/acninternational.org\\\/es\\\/obispo-de-congo-brazzaville-voy-siete-dias-de-la-semana-al-mercado\\\/\"},\"wordCount\":1269,\"commentCount\":0,\"publisher\":{\"@id\":\"https:\\\/\\\/acninternational.org\\\/es\\\/#organization\"},\"image\":{\"@id\":\"https:\\\/\\\/acninternational.org\\\/es\\\/obispo-de-congo-brazzaville-voy-siete-dias-de-la-semana-al-mercado\\\/#primaryimage\"},\"thumbnailUrl\":\"https:\\\/\\\/media.acninternational.org\\\/wp-content\\\/uploads\\\/2019\\\/11\\\/Obispo-de-Congo-Brazzaville-%E2%80%9CVoy-siete-d%C3%ADas-de-la-semana-al-mercado%E2%80%9D-image.jpg\",\"articleSection\":[\"ENTREVISTAS\"],\"inLanguage\":\"es\",\"potentialAction\":[{\"@type\":\"CommentAction\",\"name\":\"Comment\",\"target\":[\"https:\\\/\\\/acninternational.org\\\/es\\\/obispo-de-congo-brazzaville-voy-siete-dias-de-la-semana-al-mercado\\\/#respond\"]}]},{\"@type\":\"WebPage\",\"@id\":\"https:\\\/\\\/acninternational.org\\\/es\\\/obispo-de-congo-brazzaville-voy-siete-dias-de-la-semana-al-mercado\\\/\",\"url\":\"https:\\\/\\\/acninternational.org\\\/es\\\/obispo-de-congo-brazzaville-voy-siete-dias-de-la-semana-al-mercado\\\/\",\"name\":\"Obispo de Congo-Brazzaville: \u201cVoy siete d\u00edas de la semana al mercado\u201d | ACN International\",\"isPartOf\":{\"@id\":\"https:\\\/\\\/acninternational.org\\\/es\\\/#website\"},\"primaryImageOfPage\":{\"@id\":\"https:\\\/\\\/acninternational.org\\\/es\\\/obispo-de-congo-brazzaville-voy-siete-dias-de-la-semana-al-mercado\\\/#primaryimage\"},\"image\":{\"@id\":\"https:\\\/\\\/acninternational.org\\\/es\\\/obispo-de-congo-brazzaville-voy-siete-dias-de-la-semana-al-mercado\\\/#primaryimage\"},\"thumbnailUrl\":\"https:\\\/\\\/media.acninternational.org\\\/wp-content\\\/uploads\\\/2019\\\/11\\\/Obispo-de-Congo-Brazzaville-%E2%80%9CVoy-siete-d%C3%ADas-de-la-semana-al-mercado%E2%80%9D-image.jpg\",\"datePublished\":\"2018-04-17T22:00:00+00:00\",\"breadcrumb\":{\"@id\":\"https:\\\/\\\/acninternational.org\\\/es\\\/obispo-de-congo-brazzaville-voy-siete-dias-de-la-semana-al-mercado\\\/#breadcrumb\"},\"inLanguage\":\"es\",\"potentialAction\":[{\"@type\":\"ReadAction\",\"target\":[\"https:\\\/\\\/acninternational.org\\\/es\\\/obispo-de-congo-brazzaville-voy-siete-dias-de-la-semana-al-mercado\\\/\"]}]},{\"@type\":\"ImageObject\",\"inLanguage\":\"es\",\"@id\":\"https:\\\/\\\/acninternational.org\\\/es\\\/obispo-de-congo-brazzaville-voy-siete-dias-de-la-semana-al-mercado\\\/#primaryimage\",\"url\":\"https:\\\/\\\/media.acninternational.org\\\/wp-content\\\/uploads\\\/2019\\\/11\\\/Obispo-de-Congo-Brazzaville-%E2%80%9CVoy-siete-d%C3%ADas-de-la-semana-al-mercado%E2%80%9D-image.jpg\",\"contentUrl\":\"https:\\\/\\\/media.acninternational.org\\\/wp-content\\\/uploads\\\/2019\\\/11\\\/Obispo-de-Congo-Brazzaville-%E2%80%9CVoy-siete-d%C3%ADas-de-la-semana-al-mercado%E2%80%9D-image.jpg\",\"width\":1440,\"height\":900,\"caption\":\"Obispo de Congo-Brazzaville: \u201cVoy siete d\u00edas de la semana al mercado\u201d\"},{\"@type\":\"BreadcrumbList\",\"@id\":\"https:\\\/\\\/acninternational.org\\\/es\\\/obispo-de-congo-brazzaville-voy-siete-dias-de-la-semana-al-mercado\\\/#breadcrumb\",\"itemListElement\":[{\"@type\":\"ListItem\",\"position\":1,\"name\":\"Home\",\"item\":\"https:\\\/\\\/acninternational.org\\\/es\\\/\"},{\"@type\":\"ListItem\",\"position\":2,\"name\":\"ENTREVISTAS\",\"item\":\"https:\\\/\\\/acninternational.org\\\/es\\\/category\\\/entrevistas\\\/\"},{\"@type\":\"ListItem\",\"position\":3,\"name\":\"Obispo de Congo-Brazzaville: \u201cVoy siete d\u00edas de la semana al mercado\u201d\"}]},{\"@type\":\"WebSite\",\"@id\":\"https:\\\/\\\/acninternational.org\\\/es\\\/#website\",\"url\":\"https:\\\/\\\/acninternational.org\\\/es\\\/\",\"name\":\"ACN International\",\"description\":\"\",\"publisher\":{\"@id\":\"https:\\\/\\\/acninternational.org\\\/es\\\/#organization\"},\"potentialAction\":[{\"@type\":\"SearchAction\",\"target\":{\"@type\":\"EntryPoint\",\"urlTemplate\":\"https:\\\/\\\/acninternational.org\\\/es\\\/?s={search_term_string}\"},\"query-input\":{\"@type\":\"PropertyValueSpecification\",\"valueRequired\":true,\"valueName\":\"search_term_string\"}}],\"inLanguage\":\"es\"},{\"@type\":\"Organization\",\"@id\":\"https:\\\/\\\/acninternational.org\\\/es\\\/#organization\",\"name\":\"Aid to the Church in Need International\",\"url\":\"https:\\\/\\\/acninternational.org\\\/es\\\/\",\"logo\":{\"@type\":\"ImageObject\",\"inLanguage\":\"es\",\"@id\":\"https:\\\/\\\/acninternational.org\\\/es\\\/#\\\/schema\\\/logo\\\/image\\\/\",\"url\":\"https:\\\/\\\/media.acninternational.org\\\/wp-content\\\/uploads\\\/2019\\\/11\\\/acn_logo_blackvector.svg\",\"contentUrl\":\"https:\\\/\\\/media.acninternational.org\\\/wp-content\\\/uploads\\\/2019\\\/11\\\/acn_logo_blackvector.svg\",\"width\":232.6,\"height\":78,\"caption\":\"Aid to the Church in Need International\"},\"image\":{\"@id\":\"https:\\\/\\\/acninternational.org\\\/es\\\/#\\\/schema\\\/logo\\\/image\\\/\"},\"sameAs\":[\"https:\\\/\\\/www.facebook.com\\\/acninternationalorg\",\"https:\\\/\\\/x.com\\\/acn_int\",\"https:\\\/\\\/www.youtube.com\\\/channel\\\/UCQ-077gS0TnVzkhHmf1opZw\",\"https:\\\/\\\/www.instagram.com\\\/acn_international\\\/\"]},{\"@type\":\"Person\",\"@id\":\"https:\\\/\\\/acninternational.org\\\/es\\\/#\\\/schema\\\/person\\\/5a7468d38fb12b1976b6eeda95c21ebc\",\"name\":\"admin_acn\",\"url\":\"https:\\\/\\\/acninternational.org\\\/es\\\/author\\\/admin_acn\\\/\"}]}<\/script>\n<!-- \/ Yoast SEO Premium plugin. -->","yoast_head_json":{"title":"Obispo de Congo-Brazzaville: \u201cVoy siete d\u00edas de la semana al mercado\u201d | ACN International","robots":{"index":"index","follow":"follow","max-snippet":"max-snippet:-1","max-image-preview":"max-image-preview:large","max-video-preview":"max-video-preview:-1"},"canonical":"https:\/\/acninternational.org\/es\/obispo-de-congo-brazzaville-voy-siete-dias-de-la-semana-al-mercado\/","og_locale":"es_ES","og_type":"article","og_title":"Obispo de Congo-Brazzaville: \u201cVoy siete d\u00edas de la semana al mercado\u201d","og_description":"A pesar de la funesta influencia del marxismo hasta 1992 y a la reciente proliferaci\u00f3n de sectas protestantes, la Iglesia","og_url":"https:\/\/acninternational.org\/es\/obispo-de-congo-brazzaville-voy-siete-dias-de-la-semana-al-mercado\/","og_site_name":"ACN International","article_publisher":"https:\/\/www.facebook.com\/acninternationalorg","article_published_time":"2018-04-17T22:00:00+00:00","og_image":[{"width":1440,"height":900,"url":"https:\/\/media.acninternational.org\/wp-content\/uploads\/2019\/11\/Obispo-de-Congo-Brazzaville-%E2%80%9CVoy-siete-d%C3%ADas-de-la-semana-al-mercado%E2%80%9D-image.jpg","type":"image\/jpeg"}],"author":"admin_acn","twitter_card":"summary_large_image","twitter_creator":"@acn_int","twitter_site":"@acn_int","twitter_misc":{"Escrito por":"admin_acn","Tiempo de lectura":"6 minutos"},"schema":{"@context":"https:\/\/schema.org","@graph":[{"@type":"Article","@id":"https:\/\/acninternational.org\/es\/obispo-de-congo-brazzaville-voy-siete-dias-de-la-semana-al-mercado\/#article","isPartOf":{"@id":"https:\/\/acninternational.org\/es\/obispo-de-congo-brazzaville-voy-siete-dias-de-la-semana-al-mercado\/"},"author":{"name":"admin_acn","@id":"https:\/\/acninternational.org\/es\/#\/schema\/person\/5a7468d38fb12b1976b6eeda95c21ebc"},"headline":"Obispo de Congo-Brazzaville: \u201cVoy siete d\u00edas de la semana al mercado\u201d","datePublished":"2018-04-17T22:00:00+00:00","mainEntityOfPage":{"@id":"https:\/\/acninternational.org\/es\/obispo-de-congo-brazzaville-voy-siete-dias-de-la-semana-al-mercado\/"},"wordCount":1269,"commentCount":0,"publisher":{"@id":"https:\/\/acninternational.org\/es\/#organization"},"image":{"@id":"https:\/\/acninternational.org\/es\/obispo-de-congo-brazzaville-voy-siete-dias-de-la-semana-al-mercado\/#primaryimage"},"thumbnailUrl":"https:\/\/media.acninternational.org\/wp-content\/uploads\/2019\/11\/Obispo-de-Congo-Brazzaville-%E2%80%9CVoy-siete-d%C3%ADas-de-la-semana-al-mercado%E2%80%9D-image.jpg","articleSection":["ENTREVISTAS"],"inLanguage":"es","potentialAction":[{"@type":"CommentAction","name":"Comment","target":["https:\/\/acninternational.org\/es\/obispo-de-congo-brazzaville-voy-siete-dias-de-la-semana-al-mercado\/#respond"]}]},{"@type":"WebPage","@id":"https:\/\/acninternational.org\/es\/obispo-de-congo-brazzaville-voy-siete-dias-de-la-semana-al-mercado\/","url":"https:\/\/acninternational.org\/es\/obispo-de-congo-brazzaville-voy-siete-dias-de-la-semana-al-mercado\/","name":"Obispo de Congo-Brazzaville: \u201cVoy siete d\u00edas de la semana al mercado\u201d | ACN International","isPartOf":{"@id":"https:\/\/acninternational.org\/es\/#website"},"primaryImageOfPage":{"@id":"https:\/\/acninternational.org\/es\/obispo-de-congo-brazzaville-voy-siete-dias-de-la-semana-al-mercado\/#primaryimage"},"image":{"@id":"https:\/\/acninternational.org\/es\/obispo-de-congo-brazzaville-voy-siete-dias-de-la-semana-al-mercado\/#primaryimage"},"thumbnailUrl":"https:\/\/media.acninternational.org\/wp-content\/uploads\/2019\/11\/Obispo-de-Congo-Brazzaville-%E2%80%9CVoy-siete-d%C3%ADas-de-la-semana-al-mercado%E2%80%9D-image.jpg","datePublished":"2018-04-17T22:00:00+00:00","breadcrumb":{"@id":"https:\/\/acninternational.org\/es\/obispo-de-congo-brazzaville-voy-siete-dias-de-la-semana-al-mercado\/#breadcrumb"},"inLanguage":"es","potentialAction":[{"@type":"ReadAction","target":["https:\/\/acninternational.org\/es\/obispo-de-congo-brazzaville-voy-siete-dias-de-la-semana-al-mercado\/"]}]},{"@type":"ImageObject","inLanguage":"es","@id":"https:\/\/acninternational.org\/es\/obispo-de-congo-brazzaville-voy-siete-dias-de-la-semana-al-mercado\/#primaryimage","url":"https:\/\/media.acninternational.org\/wp-content\/uploads\/2019\/11\/Obispo-de-Congo-Brazzaville-%E2%80%9CVoy-siete-d%C3%ADas-de-la-semana-al-mercado%E2%80%9D-image.jpg","contentUrl":"https:\/\/media.acninternational.org\/wp-content\/uploads\/2019\/11\/Obispo-de-Congo-Brazzaville-%E2%80%9CVoy-siete-d%C3%ADas-de-la-semana-al-mercado%E2%80%9D-image.jpg","width":1440,"height":900,"caption":"Obispo de Congo-Brazzaville: \u201cVoy siete d\u00edas de la semana al mercado\u201d"},{"@type":"BreadcrumbList","@id":"https:\/\/acninternational.org\/es\/obispo-de-congo-brazzaville-voy-siete-dias-de-la-semana-al-mercado\/#breadcrumb","itemListElement":[{"@type":"ListItem","position":1,"name":"Home","item":"https:\/\/acninternational.org\/es\/"},{"@type":"ListItem","position":2,"name":"ENTREVISTAS","item":"https:\/\/acninternational.org\/es\/category\/entrevistas\/"},{"@type":"ListItem","position":3,"name":"Obispo de Congo-Brazzaville: \u201cVoy siete d\u00edas de la semana al mercado\u201d"}]},{"@type":"WebSite","@id":"https:\/\/acninternational.org\/es\/#website","url":"https:\/\/acninternational.org\/es\/","name":"ACN International","description":"","publisher":{"@id":"https:\/\/acninternational.org\/es\/#organization"},"potentialAction":[{"@type":"SearchAction","target":{"@type":"EntryPoint","urlTemplate":"https:\/\/acninternational.org\/es\/?s={search_term_string}"},"query-input":{"@type":"PropertyValueSpecification","valueRequired":true,"valueName":"search_term_string"}}],"inLanguage":"es"},{"@type":"Organization","@id":"https:\/\/acninternational.org\/es\/#organization","name":"Aid to the Church in Need International","url":"https:\/\/acninternational.org\/es\/","logo":{"@type":"ImageObject","inLanguage":"es","@id":"https:\/\/acninternational.org\/es\/#\/schema\/logo\/image\/","url":"https:\/\/media.acninternational.org\/wp-content\/uploads\/2019\/11\/acn_logo_blackvector.svg","contentUrl":"https:\/\/media.acninternational.org\/wp-content\/uploads\/2019\/11\/acn_logo_blackvector.svg","width":232.6,"height":78,"caption":"Aid to the Church in Need International"},"image":{"@id":"https:\/\/acninternational.org\/es\/#\/schema\/logo\/image\/"},"sameAs":["https:\/\/www.facebook.com\/acninternationalorg","https:\/\/x.com\/acn_int","https:\/\/www.youtube.com\/channel\/UCQ-077gS0TnVzkhHmf1opZw","https:\/\/www.instagram.com\/acn_international\/"]},{"@type":"Person","@id":"https:\/\/acninternational.org\/es\/#\/schema\/person\/5a7468d38fb12b1976b6eeda95c21ebc","name":"admin_acn","url":"https:\/\/acninternational.org\/es\/author\/admin_acn\/"}]}},"_links":{"self":[{"href":"https:\/\/acninternational.org\/es\/wp-json\/wp\/v2\/posts\/117013","targetHints":{"allow":["GET"]}}],"collection":[{"href":"https:\/\/acninternational.org\/es\/wp-json\/wp\/v2\/posts"}],"about":[{"href":"https:\/\/acninternational.org\/es\/wp-json\/wp\/v2\/types\/post"}],"author":[{"embeddable":true,"href":"https:\/\/acninternational.org\/es\/wp-json\/wp\/v2\/users\/1"}],"replies":[{"embeddable":true,"href":"https:\/\/acninternational.org\/es\/wp-json\/wp\/v2\/comments?post=117013"}],"version-history":[{"count":0,"href":"https:\/\/acninternational.org\/es\/wp-json\/wp\/v2\/posts\/117013\/revisions"}],"wp:featuredmedia":[{"embeddable":true,"href":"https:\/\/acninternational.org\/es\/wp-json\/wp\/v2\/media\/117014"}],"wp:attachment":[{"href":"https:\/\/acninternational.org\/es\/wp-json\/wp\/v2\/media?parent=117013"}],"wp:term":[{"taxonomy":"category","embeddable":true,"href":"https:\/\/acninternational.org\/es\/wp-json\/wp\/v2\/categories?post=117013"},{"taxonomy":"post_tag","embeddable":true,"href":"https:\/\/acninternational.org\/es\/wp-json\/wp\/v2\/tags?post=117013"},{"taxonomy":"country","embeddable":true,"href":"https:\/\/acninternational.org\/es\/wp-json\/wp\/v2\/country?post=117013"}],"curies":[{"name":"wp","href":"https:\/\/api.w.org\/{rel}","templated":true}]}}